{"id":5776,"date":"2017-11-06T13:55:45","date_gmt":"2017-11-06T16:55:45","guid":{"rendered":"http:\/\/caririemdestaque.com\/cd\/?p=5776"},"modified":"2017-11-06T13:55:45","modified_gmt":"2017-11-06T16:55:45","slug":"prefeituras-atrasam-salarios-e-podem-nao-pagar-13o-de-servidores","status":"publish","type":"post","link":"https:\/\/noticiasemdestaque.com\/cd\/?p=5776","title":{"rendered":"Prefeituras atrasam sal\u00e1rios e podem n\u00e3o pagar 13\u00ba de servidores"},"content":{"rendered":"<p><a href=\"http:\/\/caririemdestaque.com\/cd\/wp-content\/uploads\/2017\/11\/dinheiro-1-300x180.jpg\"><img decoding=\"async\" class=\"size-thumbnail wp-image-5777 alignleft\" src=\"http:\/\/caririemdestaque.com\/cd\/wp-content\/uploads\/2017\/11\/dinheiro-1-300x180-150x150.jpg\" alt=\"\" width=\"150\" height=\"150\" \/><\/a>Parte das prefeituras paraibanas j\u00e1 come\u00e7am a se preocupar com a chegada do final de ano e a obrigatoriedade de pagar o 13\u00ba sal\u00e1rio aos servidores. A crise financeira instaurada em algumas administra\u00e7\u00f5es j\u00e1 deixou, inclusive, funcion\u00e1rios com sal\u00e1rios atrasados.<\/p>\n<p>O presidente da\u00a0Federa\u00e7\u00e3o das Associa\u00e7\u00f5es dos Munic\u00edpios da Para\u00edba, Tota Guedes, informou que algumas gest\u00f5es, que mant\u00e9m a folha equilibrada, conseguiram efetuar o pagamento da primeira parcela em julho.<\/p>\n<p>Na pr\u00f3xima semana, a a Famup vai fechar o levantamento de quantas prefeituras n\u00e3o conseguir\u00e3o quitar o pagamento. Ele servir\u00e1 como um panorama, que ser\u00e1 enviado ao Governo Federal.<\/p>\n<p>A expectativa \u00e9 de que o presidente Michel Temer (PMDB) possa liberar recursos atrav\u00e9s de uma medida provis\u00f3ria para que os munic\u00edpios possam sanar a crise.<\/p>\n<p>Em setembro, o senador Raimundo Lira (PMDB) chegou a articular um encontro dos gestores com o presidente, mas a reuni\u00e3o teve que ser cancelada. Na \u00e9poca, uma marcha com cerca 100 prefeitos se preparou para pedir a Temer a libera\u00e7\u00e3o de recursos.<\/p>\n<p>Fonte: MaisPB<\/p>\n","protected":false},"excerpt":{"rendered":"<p>Parte das prefeituras paraibanas j\u00e1 come\u00e7am a se preocupar com a chegada do final de ano e a obrigatoriedade de pagar o 13\u00ba sal\u00e1rio aos servidores. A crise financeira instaurada em algumas administra\u00e7\u00f5es j\u00e1 deixou, inclusive, funcion\u00e1rios com sal\u00e1rios atrasados. O presidente da\u00a0Federa\u00e7\u00e3o das Associa\u00e7\u00f5es dos Munic\u00edpios da Para\u00edba, Tota Guedes, informou que algumas gest\u00f5es, que mant\u00e9m a folha equilibrada, conseguiram efetuar o pagamento da primeira parcela em julho. Na pr\u00f3xima semana, a a Famup vai fechar o levantamento de quantas prefeituras n\u00e3o conseguir\u00e3o quitar o pagamento. Ele servir\u00e1 como um panorama, que ser\u00e1 enviado ao Governo Federal. A expectativa \u00e9 de que o presidente Michel Temer (PMDB) possa liberar recursos atrav\u00e9s de uma medida provis\u00f3ria para que os munic\u00edpios possam sanar a crise. Em setembro, o senador Raimundo Lira (PMDB) chegou a articular um encontro dos gestores com o presidente, mas a reuni\u00e3o teve que ser cancelada. Na \u00e9poca, uma marcha com cerca 100 prefeitos se preparou para pedir a Temer a libera\u00e7\u00e3o de recursos. Fonte: MaisPB<\/p>\n","protected":false},"author":2,"featured_media":0,"comment_status":"closed","ping_status":"open","sticky":false,"template":"","format":"standard","meta":{"_eb_attr":"","_jetpack_memberships_contains_paid_content":false,"footnotes":""},"categories":[3],"tags":[],"class_list":["post-5776","post","type-post","status-publish","format-standard","hentry","category-cidades"],"yoast_head":"<!-- This site is optimized with the Yoast SEO plugin v26.5 - https:\/\/yoast.com\/wordpress\/plugins\/seo\/ -->\n<title>Prefeituras atrasam sal\u00e1rios e podem n\u00e3o pagar 13\u00ba de servidores - Not&iacute;cias em Destaque<\/title>\n<meta name=\"robots\" content=\"index, follow, max-snippet:-1, max-image-preview:large, max-video-preview:-1\" \/>\n<link rel=\"canonical\" href=\"https:\/\/noticiasemdestaque.com\/cd\/?p=5776\" \/>\n<meta property=\"og:locale\" content=\"pt_BR\" \/>\n<meta property=\"og:type\" content=\"article\" \/>\n<meta property=\"og:title\" content=\"Prefeituras atrasam sal\u00e1rios e podem n\u00e3o pagar 13\u00ba de servidores - Not&iacute;cias em Destaque\" \/>\n<meta property=\"og:description\" content=\"Parte das prefeituras paraibanas j\u00e1 come\u00e7am a se preocupar com a chegada do final de ano e a obrigatoriedade de pagar o 13\u00ba sal\u00e1rio aos servidores. A crise financeira instaurada em algumas administra\u00e7\u00f5es j\u00e1 deixou, inclusive, funcion\u00e1rios com sal\u00e1rios atrasados. O presidente da\u00a0Federa\u00e7\u00e3o das Associa\u00e7\u00f5es dos Munic\u00edpios da Para\u00edba, Tota Guedes, informou que algumas gest\u00f5es, que mant\u00e9m a folha equilibrada, conseguiram efetuar o pagamento da primeira parcela em julho. Na pr\u00f3xima semana, a a Famup vai fechar o levantamento de quantas prefeituras n\u00e3o conseguir\u00e3o quitar o pagamento. Ele servir\u00e1 como um panorama, que ser\u00e1 enviado ao Governo Federal. A expectativa \u00e9 de que o presidente Michel Temer (PMDB) possa liberar recursos atrav\u00e9s de uma medida provis\u00f3ria para que os munic\u00edpios possam sanar a crise. Em setembro, o senador Raimundo Lira (PMDB) chegou a articular um encontro dos gestores com o presidente, mas a reuni\u00e3o teve que ser cancelada. Na \u00e9poca, uma marcha com cerca 100 prefeitos se preparou para pedir a Temer a libera\u00e7\u00e3o de recursos. Fonte: MaisPB\" \/>\n<meta property=\"og:url\" content=\"https:\/\/noticiasemdestaque.com\/cd\/?p=5776\" \/>\n<meta property=\"og:site_name\" content=\"Not&iacute;cias em Destaque\" \/>\n<meta property=\"article:published_time\" content=\"2017-11-06T16:55:45+00:00\" \/>\n<meta property=\"og:image\" content=\"http:\/\/caririemdestaque.com\/cd\/wp-content\/uploads\/2017\/11\/dinheiro-1-300x180-150x150.jpg\" \/>\n<meta name=\"author\" content=\"Not\u00edcias em Destaque\" \/>\n<meta name=\"twitter:card\" content=\"summary_large_image\" \/>\n<meta name=\"twitter:label1\" content=\"Escrito por\" \/>\n\t<meta name=\"twitter:data1\" content=\"Not\u00edcias em Destaque\" \/>\n\t<meta name=\"twitter:label2\" content=\"Est. tempo de leitura\" \/>\n\t<meta name=\"twitter:data2\" content=\"1 minuto\" \/>\n<script type=\"application\/ld+json\" class=\"yoast-schema-graph\">{\"@context\":\"https:\/\/schema.org\",\"@graph\":[{\"@type\":\"Article\",\"@id\":\"https:\/\/noticiasemdestaque.com\/cd\/?p=5776#article\",\"isPartOf\":{\"@id\":\"https:\/\/noticiasemdestaque.com\/cd\/?p=5776\"},\"author\":{\"name\":\"Not\u00edcias em Destaque\",\"@id\":\"https:\/\/noticiasemdestaque.com\/cd\/#\/schema\/person\/21320b03a7e8bb90128938dafc9b908a\"},\"headline\":\"Prefeituras atrasam sal\u00e1rios e podem n\u00e3o pagar 13\u00ba de servidores\",\"datePublished\":\"2017-11-06T16:55:45+00:00\",\"mainEntityOfPage\":{\"@id\":\"https:\/\/noticiasemdestaque.com\/cd\/?p=5776\"},\"wordCount\":196,\"publisher\":{\"@id\":\"https:\/\/noticiasemdestaque.com\/cd\/#organization\"},\"image\":{\"@id\":\"https:\/\/noticiasemdestaque.com\/cd\/?p=5776#primaryimage\"},\"thumbnailUrl\":\"http:\/\/caririemdestaque.com\/cd\/wp-content\/uploads\/2017\/11\/dinheiro-1-300x180-150x150.jpg\",\"articleSection\":[\"Cidades\"],\"inLanguage\":\"pt-BR\"},{\"@type\":\"WebPage\",\"@id\":\"https:\/\/noticiasemdestaque.com\/cd\/?p=5776\",\"url\":\"https:\/\/noticiasemdestaque.com\/cd\/?p=5776\",\"name\":\"Prefeituras atrasam sal\u00e1rios e podem n\u00e3o pagar 13\u00ba de servidores - Not&iacute;cias em Destaque\",\"isPartOf\":{\"@id\":\"https:\/\/noticiasemdestaque.com\/cd\/#website\"},\"primaryImageOfPage\":{\"@id\":\"https:\/\/noticiasemdestaque.com\/cd\/?p=5776#primaryimage\"},\"image\":{\"@id\":\"https:\/\/noticiasemdestaque.com\/cd\/?p=5776#primaryimage\"},\"thumbnailUrl\":\"http:\/\/caririemdestaque.com\/cd\/wp-content\/uploads\/2017\/11\/dinheiro-1-300x180-150x150.jpg\",\"datePublished\":\"2017-11-06T16:55:45+00:00\",\"breadcrumb\":{\"@id\":\"https:\/\/noticiasemdestaque.com\/cd\/?p=5776#breadcrumb\"},\"inLanguage\":\"pt-BR\",\"potentialAction\":[{\"@type\":\"ReadAction\",\"target\":[\"https:\/\/noticiasemdestaque.com\/cd\/?p=5776\"]}]},{\"@type\":\"ImageObject\",\"inLanguage\":\"pt-BR\",\"@id\":\"https:\/\/noticiasemdestaque.com\/cd\/?p=5776#primaryimage\",\"url\":\"http:\/\/caririemdestaque.com\/cd\/wp-content\/uploads\/2017\/11\/dinheiro-1-300x180-150x150.jpg\",\"contentUrl\":\"http:\/\/caririemdestaque.com\/cd\/wp-content\/uploads\/2017\/11\/dinheiro-1-300x180-150x150.jpg\"},{\"@type\":\"BreadcrumbList\",\"@id\":\"https:\/\/noticiasemdestaque.com\/cd\/?p=5776#breadcrumb\",\"itemListElement\":[{\"@type\":\"ListItem\",\"position\":1,\"name\":\"In\u00edcio\",\"item\":\"https:\/\/noticiasemdestaque.com\/cd\/\"},{\"@type\":\"ListItem\",\"position\":2,\"name\":\"Prefeituras atrasam sal\u00e1rios e podem n\u00e3o pagar 13\u00ba de servidores\"}]},{\"@type\":\"WebSite\",\"@id\":\"https:\/\/noticiasemdestaque.com\/cd\/#website\",\"url\":\"https:\/\/noticiasemdestaque.com\/cd\/\",\"name\":\"Not&iacute;cias em Destaque\",\"description\":\"\",\"publisher\":{\"@id\":\"https:\/\/noticiasemdestaque.com\/cd\/#organization\"},\"potentialAction\":[{\"@type\":\"SearchAction\",\"target\":{\"@type\":\"EntryPoint\",\"urlTemplate\":\"https:\/\/noticiasemdestaque.com\/cd\/?s={search_term_string}\"},\"query-input\":{\"@type\":\"PropertyValueSpecification\",\"valueRequired\":true,\"valueName\":\"search_term_string\"}}],\"inLanguage\":\"pt-BR\"},{\"@type\":\"Organization\",\"@id\":\"https:\/\/noticiasemdestaque.com\/cd\/#organization\",\"name\":\"Not\u00edcias em Destaque\",\"url\":\"https:\/\/noticiasemdestaque.com\/cd\/\",\"logo\":{\"@type\":\"ImageObject\",\"inLanguage\":\"pt-BR\",\"@id\":\"https:\/\/noticiasemdestaque.com\/cd\/#\/schema\/logo\/image\/\",\"url\":\"https:\/\/noticiasemdestaque.com\/cd\/wp-content\/uploads\/2022\/05\/imagem-base-noticiasemdestaque.png\",\"contentUrl\":\"https:\/\/noticiasemdestaque.com\/cd\/wp-content\/uploads\/2022\/05\/imagem-base-noticiasemdestaque.png\",\"width\":1200,\"height\":630,\"caption\":\"Not\u00edcias em Destaque\"},\"image\":{\"@id\":\"https:\/\/noticiasemdestaque.com\/cd\/#\/schema\/logo\/image\/\"}},{\"@type\":\"Person\",\"@id\":\"https:\/\/noticiasemdestaque.com\/cd\/#\/schema\/person\/21320b03a7e8bb90128938dafc9b908a\",\"name\":\"Not\u00edcias em Destaque\",\"url\":\"https:\/\/noticiasemdestaque.com\/cd\/?author=2\"}]}<\/script>\n<!-- \/ Yoast SEO plugin. -->","yoast_head_json":{"title":"Prefeituras atrasam sal\u00e1rios e podem n\u00e3o pagar 13\u00ba de servidores - Not&iacute;cias em Destaque","robots":{"index":"index","follow":"follow","max-snippet":"max-snippet:-1","max-image-preview":"max-image-preview:large","max-video-preview":"max-video-preview:-1"},"canonical":"https:\/\/noticiasemdestaque.com\/cd\/?p=5776","og_locale":"pt_BR","og_type":"article","og_title":"Prefeituras atrasam sal\u00e1rios e podem n\u00e3o pagar 13\u00ba de servidores - Not&iacute;cias em Destaque","og_description":"Parte das prefeituras paraibanas j\u00e1 come\u00e7am a se preocupar com a chegada do final de ano e a obrigatoriedade de pagar o 13\u00ba sal\u00e1rio aos servidores. A crise financeira instaurada em algumas administra\u00e7\u00f5es j\u00e1 deixou, inclusive, funcion\u00e1rios com sal\u00e1rios atrasados. O presidente da\u00a0Federa\u00e7\u00e3o das Associa\u00e7\u00f5es dos Munic\u00edpios da Para\u00edba, Tota Guedes, informou que algumas gest\u00f5es, que mant\u00e9m a folha equilibrada, conseguiram efetuar o pagamento da primeira parcela em julho. Na pr\u00f3xima semana, a a Famup vai fechar o levantamento de quantas prefeituras n\u00e3o conseguir\u00e3o quitar o pagamento. Ele servir\u00e1 como um panorama, que ser\u00e1 enviado ao Governo Federal. A expectativa \u00e9 de que o presidente Michel Temer (PMDB) possa liberar recursos atrav\u00e9s de uma medida provis\u00f3ria para que os munic\u00edpios possam sanar a crise. Em setembro, o senador Raimundo Lira (PMDB) chegou a articular um encontro dos gestores com o presidente, mas a reuni\u00e3o teve que ser cancelada. Na \u00e9poca, uma marcha com cerca 100 prefeitos se preparou para pedir a Temer a libera\u00e7\u00e3o de recursos. Fonte: MaisPB","og_url":"https:\/\/noticiasemdestaque.com\/cd\/?p=5776","og_site_name":"Not&iacute;cias em Destaque","article_published_time":"2017-11-06T16:55:45+00:00","og_image":[{"url":"http:\/\/caririemdestaque.com\/cd\/wp-content\/uploads\/2017\/11\/dinheiro-1-300x180-150x150.jpg","type":"","width":"","height":""}],"author":"Not\u00edcias em Destaque","twitter_card":"summary_large_image","twitter_misc":{"Escrito por":"Not\u00edcias em Destaque","Est. tempo de leitura":"1 minuto"},"schema":{"@context":"https:\/\/schema.org","@graph":[{"@type":"Article","@id":"https:\/\/noticiasemdestaque.com\/cd\/?p=5776#article","isPartOf":{"@id":"https:\/\/noticiasemdestaque.com\/cd\/?p=5776"},"author":{"name":"Not\u00edcias em Destaque","@id":"https:\/\/noticiasemdestaque.com\/cd\/#\/schema\/person\/21320b03a7e8bb90128938dafc9b908a"},"headline":"Prefeituras atrasam sal\u00e1rios e podem n\u00e3o pagar 13\u00ba de servidores","datePublished":"2017-11-06T16:55:45+00:00","mainEntityOfPage":{"@id":"https:\/\/noticiasemdestaque.com\/cd\/?p=5776"},"wordCount":196,"publisher":{"@id":"https:\/\/noticiasemdestaque.com\/cd\/#organization"},"image":{"@id":"https:\/\/noticiasemdestaque.com\/cd\/?p=5776#primaryimage"},"thumbnailUrl":"http:\/\/caririemdestaque.com\/cd\/wp-content\/uploads\/2017\/11\/dinheiro-1-300x180-150x150.jpg","articleSection":["Cidades"],"inLanguage":"pt-BR"},{"@type":"WebPage","@id":"https:\/\/noticiasemdestaque.com\/cd\/?p=5776","url":"https:\/\/noticiasemdestaque.com\/cd\/?p=5776","name":"Prefeituras atrasam sal\u00e1rios e podem n\u00e3o pagar 13\u00ba de servidores - Not&iacute;cias em Destaque","isPartOf":{"@id":"https:\/\/noticiasemdestaque.com\/cd\/#website"},"primaryImageOfPage":{"@id":"https:\/\/noticiasemdestaque.com\/cd\/?p=5776#primaryimage"},"image":{"@id":"https:\/\/noticiasemdestaque.com\/cd\/?p=5776#primaryimage"},"thumbnailUrl":"http:\/\/caririemdestaque.com\/cd\/wp-content\/uploads\/2017\/11\/dinheiro-1-300x180-150x150.jpg","datePublished":"2017-11-06T16:55:45+00:00","breadcrumb":{"@id":"https:\/\/noticiasemdestaque.com\/cd\/?p=5776#breadcrumb"},"inLanguage":"pt-BR","potentialAction":[{"@type":"ReadAction","target":["https:\/\/noticiasemdestaque.com\/cd\/?p=5776"]}]},{"@type":"ImageObject","inLanguage":"pt-BR","@id":"https:\/\/noticiasemdestaque.com\/cd\/?p=5776#primaryimage","url":"http:\/\/caririemdestaque.com\/cd\/wp-content\/uploads\/2017\/11\/dinheiro-1-300x180-150x150.jpg","contentUrl":"http:\/\/caririemdestaque.com\/cd\/wp-content\/uploads\/2017\/11\/dinheiro-1-300x180-150x150.jpg"},{"@type":"BreadcrumbList","@id":"https:\/\/noticiasemdestaque.com\/cd\/?p=5776#breadcrumb","itemListElement":[{"@type":"ListItem","position":1,"name":"In\u00edcio","item":"https:\/\/noticiasemdestaque.com\/cd\/"},{"@type":"ListItem","position":2,"name":"Prefeituras atrasam sal\u00e1rios e podem n\u00e3o pagar 13\u00ba de servidores"}]},{"@type":"WebSite","@id":"https:\/\/noticiasemdestaque.com\/cd\/#website","url":"https:\/\/noticiasemdestaque.com\/cd\/","name":"Not&iacute;cias em Destaque","description":"","publisher":{"@id":"https:\/\/noticiasemdestaque.com\/cd\/#organization"},"potentialAction":[{"@type":"SearchAction","target":{"@type":"EntryPoint","urlTemplate":"https:\/\/noticiasemdestaque.com\/cd\/?s={search_term_string}"},"query-input":{"@type":"PropertyValueSpecification","valueRequired":true,"valueName":"search_term_string"}}],"inLanguage":"pt-BR"},{"@type":"Organization","@id":"https:\/\/noticiasemdestaque.com\/cd\/#organization","name":"Not\u00edcias em Destaque","url":"https:\/\/noticiasemdestaque.com\/cd\/","logo":{"@type":"ImageObject","inLanguage":"pt-BR","@id":"https:\/\/noticiasemdestaque.com\/cd\/#\/schema\/logo\/image\/","url":"https:\/\/noticiasemdestaque.com\/cd\/wp-content\/uploads\/2022\/05\/imagem-base-noticiasemdestaque.png","contentUrl":"https:\/\/noticiasemdestaque.com\/cd\/wp-content\/uploads\/2022\/05\/imagem-base-noticiasemdestaque.png","width":1200,"height":630,"caption":"Not\u00edcias em Destaque"},"image":{"@id":"https:\/\/noticiasemdestaque.com\/cd\/#\/schema\/logo\/image\/"}},{"@type":"Person","@id":"https:\/\/noticiasemdestaque.com\/cd\/#\/schema\/person\/21320b03a7e8bb90128938dafc9b908a","name":"Not\u00edcias em Destaque","url":"https:\/\/noticiasemdestaque.com\/cd\/?author=2"}]}},"jetpack_featured_media_url":"","jetpack_sharing_enabled":true,"_links":{"self":[{"href":"https:\/\/noticiasemdestaque.com\/cd\/index.php?rest_route=\/wp\/v2\/posts\/5776","targetHints":{"allow":["GET"]}}],"collection":[{"href":"https:\/\/noticiasemdestaque.com\/cd\/index.php?rest_route=\/wp\/v2\/posts"}],"about":[{"href":"https:\/\/noticiasemdestaque.com\/cd\/index.php?rest_route=\/wp\/v2\/types\/post"}],"author":[{"embeddable":true,"href":"https:\/\/noticiasemdestaque.com\/cd\/index.php?rest_route=\/wp\/v2\/users\/2"}],"replies":[{"embeddable":true,"href":"https:\/\/noticiasemdestaque.com\/cd\/index.php?rest_route=%2Fwp%2Fv2%2Fcomments&post=5776"}],"version-history":[{"count":1,"href":"https:\/\/noticiasemdestaque.com\/cd\/index.php?rest_route=\/wp\/v2\/posts\/5776\/revisions"}],"predecessor-version":[{"id":5778,"href":"https:\/\/noticiasemdestaque.com\/cd\/index.php?rest_route=\/wp\/v2\/posts\/5776\/revisions\/5778"}],"wp:attachment":[{"href":"https:\/\/noticiasemdestaque.com\/cd\/index.php?rest_route=%2Fwp%2Fv2%2Fmedia&parent=5776"}],"wp:term":[{"taxonomy":"category","embeddable":true,"href":"https:\/\/noticiasemdestaque.com\/cd\/index.php?rest_route=%2Fwp%2Fv2%2Fcategories&post=5776"},{"taxonomy":"post_tag","embeddable":true,"href":"https:\/\/noticiasemdestaque.com\/cd\/index.php?rest_route=%2Fwp%2Fv2%2Ftags&post=5776"}],"curies":[{"name":"wp","href":"https:\/\/api.w.org\/{rel}","templated":true}]}}