{"id":5770,"date":"2017-11-06T13:51:56","date_gmt":"2017-11-06T16:51:56","guid":{"rendered":"http:\/\/caririemdestaque.com\/cd\/?p=5770"},"modified":"2017-11-06T13:51:56","modified_gmt":"2017-11-06T16:51:56","slug":"paraiba-tera-mais-760-unidades-habitacionais-pelo-programa-minha-casa-minha-vida","status":"publish","type":"post","link":"https:\/\/noticiasemdestaque.com\/cd\/?p=5770","title":{"rendered":"Para\u00edba ter\u00e1 mais 760 unidades habitacionais pelo Programa Minha Casa Minha Vida"},"content":{"rendered":"<p><a href=\"http:\/\/caririemdestaque.com\/cd\/wp-content\/uploads\/2017\/11\/Minha-Casa-Minha-Vida-300x200.jpeg\"><img decoding=\"async\" class=\"size-thumbnail wp-image-5771 alignleft\" src=\"http:\/\/caririemdestaque.com\/cd\/wp-content\/uploads\/2017\/11\/Minha-Casa-Minha-Vida-300x200-150x150.jpeg\" alt=\"\" width=\"150\" height=\"150\" \/><\/a>O Di\u00e1rio Oficial da Uni\u00e3o desta segunda-feira (6) trouxe a publica\u00e7\u00e3o das propostas habilitadas para a constru\u00e7\u00e3o de 760 unidades habitacionais na Para\u00edba, divididas em tr\u00eas residenciais nos munic\u00edpios de Jo\u00e3o Pessoa, Cajazeiras e Guarabira, dentro do Programa Minha Casa Minha Vida.<\/p>\n<p>De acordo com a publica\u00e7\u00e3o, ser\u00e3o constru\u00eddas 160 casas no Residencial Vista Amada I, em Jo\u00e3o Pessoa. Nas cidades de Cajazeiras, no Sert\u00e3o paraibano, e Guarabira, no Brejo paraibano, tamb\u00e9m ser\u00e3o contempladas com 300 unidades, cada.<\/p>\n<p>Os projetos contemplados fazem parte do programa Minha Casa Minha Vida Faixa 1, que \u00e9 destinado a fam\u00edlias com renda de at\u00e9 R$ 1,8 mil por m\u00eas. Nesta linha, o Governo Federal custeia at\u00e9 90% do valor do im\u00f3vel. O restante \u00e9 dividido em at\u00e9 120 meses (10 anos), com parcela m\u00ednima de R$ 80 e m\u00e1xima de R$ 270.<\/p>\n<p>Fonte: Portal Correio<\/p>\n","protected":false},"excerpt":{"rendered":"<p>O Di\u00e1rio Oficial da Uni\u00e3o desta segunda-feira (6) trouxe a publica\u00e7\u00e3o das propostas habilitadas para a constru\u00e7\u00e3o de 760 unidades habitacionais na Para\u00edba, divididas em tr\u00eas residenciais nos munic\u00edpios de Jo\u00e3o Pessoa, Cajazeiras e Guarabira, dentro do Programa Minha Casa Minha Vida. De acordo com a publica\u00e7\u00e3o, ser\u00e3o constru\u00eddas 160 casas no Residencial Vista Amada I, em Jo\u00e3o Pessoa. Nas cidades de Cajazeiras, no Sert\u00e3o paraibano, e Guarabira, no Brejo paraibano, tamb\u00e9m ser\u00e3o contempladas com 300 unidades, cada. Os projetos contemplados fazem parte do programa Minha Casa Minha Vida Faixa 1, que \u00e9 destinado a fam\u00edlias com renda de at\u00e9 R$ 1,8 mil por m\u00eas. Nesta linha, o Governo Federal custeia at\u00e9 90% do valor do im\u00f3vel. O restante \u00e9 dividido em at\u00e9 120 meses (10 anos), com parcela m\u00ednima de R$ 80 e m\u00e1xima de R$ 270. Fonte: Portal Correio<\/p>\n","protected":false},"author":2,"featured_media":5771,"comment_status":"closed","ping_status":"open","sticky":false,"template":"","format":"standard","meta":{"_eb_attr":"","_jetpack_memberships_contains_paid_content":false,"footnotes":""},"categories":[3],"tags":[],"class_list":["post-5770","post","type-post","status-publish","format-standard","has-post-thumbnail","hentry","category-cidades"],"yoast_head":"<!-- This site is optimized with the Yoast SEO plugin v26.5 - https:\/\/yoast.com\/wordpress\/plugins\/seo\/ -->\n<title>Para\u00edba ter\u00e1 mais 760 unidades habitacionais pelo Programa Minha Casa Minha Vida - Not&iacute;cias em Destaque<\/title>\n<meta name=\"robots\" content=\"index, follow, max-snippet:-1, max-image-preview:large, max-video-preview:-1\" \/>\n<link rel=\"canonical\" href=\"https:\/\/noticiasemdestaque.com\/cd\/?p=5770\" \/>\n<meta property=\"og:locale\" content=\"pt_BR\" \/>\n<meta property=\"og:type\" content=\"article\" \/>\n<meta property=\"og:title\" content=\"Para\u00edba ter\u00e1 mais 760 unidades habitacionais pelo Programa Minha Casa Minha Vida - Not&iacute;cias em Destaque\" \/>\n<meta property=\"og:description\" content=\"O Di\u00e1rio Oficial da Uni\u00e3o desta segunda-feira (6) trouxe a publica\u00e7\u00e3o das propostas habilitadas para a constru\u00e7\u00e3o de 760 unidades habitacionais na Para\u00edba, divididas em tr\u00eas residenciais nos munic\u00edpios de Jo\u00e3o Pessoa, Cajazeiras e Guarabira, dentro do Programa Minha Casa Minha Vida. De acordo com a publica\u00e7\u00e3o, ser\u00e3o constru\u00eddas 160 casas no Residencial Vista Amada I, em Jo\u00e3o Pessoa. Nas cidades de Cajazeiras, no Sert\u00e3o paraibano, e Guarabira, no Brejo paraibano, tamb\u00e9m ser\u00e3o contempladas com 300 unidades, cada. Os projetos contemplados fazem parte do programa Minha Casa Minha Vida Faixa 1, que \u00e9 destinado a fam\u00edlias com renda de at\u00e9 R$ 1,8 mil por m\u00eas. Nesta linha, o Governo Federal custeia at\u00e9 90% do valor do im\u00f3vel. O restante \u00e9 dividido em at\u00e9 120 meses (10 anos), com parcela m\u00ednima de R$ 80 e m\u00e1xima de R$ 270. Fonte: Portal Correio\" \/>\n<meta property=\"og:url\" content=\"https:\/\/noticiasemdestaque.com\/cd\/?p=5770\" \/>\n<meta property=\"og:site_name\" content=\"Not&iacute;cias em Destaque\" \/>\n<meta property=\"article:published_time\" content=\"2017-11-06T16:51:56+00:00\" \/>\n<meta property=\"og:image\" content=\"https:\/\/noticiasemdestaque.com\/cd\/wp-content\/uploads\/2017\/11\/Minha-Casa-Minha-Vida-300x200.jpeg\" \/>\n\t<meta property=\"og:image:width\" content=\"300\" \/>\n\t<meta property=\"og:image:height\" content=\"200\" \/>\n\t<meta property=\"og:image:type\" content=\"image\/jpeg\" \/>\n<meta name=\"author\" content=\"Not\u00edcias em Destaque\" \/>\n<meta name=\"twitter:card\" content=\"summary_large_image\" \/>\n<meta name=\"twitter:label1\" content=\"Escrito por\" \/>\n\t<meta name=\"twitter:data1\" content=\"Not\u00edcias em Destaque\" \/>\n\t<meta name=\"twitter:label2\" content=\"Est. tempo de leitura\" \/>\n\t<meta name=\"twitter:data2\" content=\"1 minuto\" \/>\n<script type=\"application\/ld+json\" class=\"yoast-schema-graph\">{\"@context\":\"https:\/\/schema.org\",\"@graph\":[{\"@type\":\"Article\",\"@id\":\"https:\/\/noticiasemdestaque.com\/cd\/?p=5770#article\",\"isPartOf\":{\"@id\":\"https:\/\/noticiasemdestaque.com\/cd\/?p=5770\"},\"author\":{\"name\":\"Not\u00edcias em Destaque\",\"@id\":\"https:\/\/noticiasemdestaque.com\/cd\/#\/schema\/person\/21320b03a7e8bb90128938dafc9b908a\"},\"headline\":\"Para\u00edba ter\u00e1 mais 760 unidades habitacionais pelo Programa Minha Casa Minha Vida\",\"datePublished\":\"2017-11-06T16:51:56+00:00\",\"mainEntityOfPage\":{\"@id\":\"https:\/\/noticiasemdestaque.com\/cd\/?p=5770\"},\"wordCount\":160,\"publisher\":{\"@id\":\"https:\/\/noticiasemdestaque.com\/cd\/#organization\"},\"image\":{\"@id\":\"https:\/\/noticiasemdestaque.com\/cd\/?p=5770#primaryimage\"},\"thumbnailUrl\":\"https:\/\/noticiasemdestaque.com\/cd\/wp-content\/uploads\/2017\/11\/Minha-Casa-Minha-Vida-300x200.jpeg\",\"articleSection\":[\"Cidades\"],\"inLanguage\":\"pt-BR\"},{\"@type\":\"WebPage\",\"@id\":\"https:\/\/noticiasemdestaque.com\/cd\/?p=5770\",\"url\":\"https:\/\/noticiasemdestaque.com\/cd\/?p=5770\",\"name\":\"Para\u00edba ter\u00e1 mais 760 unidades habitacionais pelo Programa Minha Casa Minha Vida - Not&iacute;cias em Destaque\",\"isPartOf\":{\"@id\":\"https:\/\/noticiasemdestaque.com\/cd\/#website\"},\"primaryImageOfPage\":{\"@id\":\"https:\/\/noticiasemdestaque.com\/cd\/?p=5770#primaryimage\"},\"image\":{\"@id\":\"https:\/\/noticiasemdestaque.com\/cd\/?p=5770#primaryimage\"},\"thumbnailUrl\":\"https:\/\/noticiasemdestaque.com\/cd\/wp-content\/uploads\/2017\/11\/Minha-Casa-Minha-Vida-300x200.jpeg\",\"datePublished\":\"2017-11-06T16:51:56+00:00\",\"breadcrumb\":{\"@id\":\"https:\/\/noticiasemdestaque.com\/cd\/?p=5770#breadcrumb\"},\"inLanguage\":\"pt-BR\",\"potentialAction\":[{\"@type\":\"ReadAction\",\"target\":[\"https:\/\/noticiasemdestaque.com\/cd\/?p=5770\"]}]},{\"@type\":\"ImageObject\",\"inLanguage\":\"pt-BR\",\"@id\":\"https:\/\/noticiasemdestaque.com\/cd\/?p=5770#primaryimage\",\"url\":\"https:\/\/noticiasemdestaque.com\/cd\/wp-content\/uploads\/2017\/11\/Minha-Casa-Minha-Vida-300x200.jpeg\",\"contentUrl\":\"https:\/\/noticiasemdestaque.com\/cd\/wp-content\/uploads\/2017\/11\/Minha-Casa-Minha-Vida-300x200.jpeg\",\"width\":300,\"height\":200},{\"@type\":\"BreadcrumbList\",\"@id\":\"https:\/\/noticiasemdestaque.com\/cd\/?p=5770#breadcrumb\",\"itemListElement\":[{\"@type\":\"ListItem\",\"position\":1,\"name\":\"In\u00edcio\",\"item\":\"https:\/\/noticiasemdestaque.com\/cd\/\"},{\"@type\":\"ListItem\",\"position\":2,\"name\":\"Para\u00edba ter\u00e1 mais 760 unidades habitacionais pelo Programa Minha Casa Minha Vida\"}]},{\"@type\":\"WebSite\",\"@id\":\"https:\/\/noticiasemdestaque.com\/cd\/#website\",\"url\":\"https:\/\/noticiasemdestaque.com\/cd\/\",\"name\":\"Not&iacute;cias em Destaque\",\"description\":\"\",\"publisher\":{\"@id\":\"https:\/\/noticiasemdestaque.com\/cd\/#organization\"},\"potentialAction\":[{\"@type\":\"SearchAction\",\"target\":{\"@type\":\"EntryPoint\",\"urlTemplate\":\"https:\/\/noticiasemdestaque.com\/cd\/?s={search_term_string}\"},\"query-input\":{\"@type\":\"PropertyValueSpecification\",\"valueRequired\":true,\"valueName\":\"search_term_string\"}}],\"inLanguage\":\"pt-BR\"},{\"@type\":\"Organization\",\"@id\":\"https:\/\/noticiasemdestaque.com\/cd\/#organization\",\"name\":\"Not\u00edcias em Destaque\",\"url\":\"https:\/\/noticiasemdestaque.com\/cd\/\",\"logo\":{\"@type\":\"ImageObject\",\"inLanguage\":\"pt-BR\",\"@id\":\"https:\/\/noticiasemdestaque.com\/cd\/#\/schema\/logo\/image\/\",\"url\":\"https:\/\/noticiasemdestaque.com\/cd\/wp-content\/uploads\/2022\/05\/imagem-base-noticiasemdestaque.png\",\"contentUrl\":\"https:\/\/noticiasemdestaque.com\/cd\/wp-content\/uploads\/2022\/05\/imagem-base-noticiasemdestaque.png\",\"width\":1200,\"height\":630,\"caption\":\"Not\u00edcias em Destaque\"},\"image\":{\"@id\":\"https:\/\/noticiasemdestaque.com\/cd\/#\/schema\/logo\/image\/\"}},{\"@type\":\"Person\",\"@id\":\"https:\/\/noticiasemdestaque.com\/cd\/#\/schema\/person\/21320b03a7e8bb90128938dafc9b908a\",\"name\":\"Not\u00edcias em Destaque\",\"url\":\"https:\/\/noticiasemdestaque.com\/cd\/?author=2\"}]}<\/script>\n<!-- \/ Yoast SEO plugin. -->","yoast_head_json":{"title":"Para\u00edba ter\u00e1 mais 760 unidades habitacionais pelo Programa Minha Casa Minha Vida - Not&iacute;cias em Destaque","robots":{"index":"index","follow":"follow","max-snippet":"max-snippet:-1","max-image-preview":"max-image-preview:large","max-video-preview":"max-video-preview:-1"},"canonical":"https:\/\/noticiasemdestaque.com\/cd\/?p=5770","og_locale":"pt_BR","og_type":"article","og_title":"Para\u00edba ter\u00e1 mais 760 unidades habitacionais pelo Programa Minha Casa Minha Vida - Not&iacute;cias em Destaque","og_description":"O Di\u00e1rio Oficial da Uni\u00e3o desta segunda-feira (6) trouxe a publica\u00e7\u00e3o das propostas habilitadas para a constru\u00e7\u00e3o de 760 unidades habitacionais na Para\u00edba, divididas em tr\u00eas residenciais nos munic\u00edpios de Jo\u00e3o Pessoa, Cajazeiras e Guarabira, dentro do Programa Minha Casa Minha Vida. De acordo com a publica\u00e7\u00e3o, ser\u00e3o constru\u00eddas 160 casas no Residencial Vista Amada I, em Jo\u00e3o Pessoa. Nas cidades de Cajazeiras, no Sert\u00e3o paraibano, e Guarabira, no Brejo paraibano, tamb\u00e9m ser\u00e3o contempladas com 300 unidades, cada. Os projetos contemplados fazem parte do programa Minha Casa Minha Vida Faixa 1, que \u00e9 destinado a fam\u00edlias com renda de at\u00e9 R$ 1,8 mil por m\u00eas. Nesta linha, o Governo Federal custeia at\u00e9 90% do valor do im\u00f3vel. O restante \u00e9 dividido em at\u00e9 120 meses (10 anos), com parcela m\u00ednima de R$ 80 e m\u00e1xima de R$ 270. Fonte: Portal Correio","og_url":"https:\/\/noticiasemdestaque.com\/cd\/?p=5770","og_site_name":"Not&iacute;cias em Destaque","article_published_time":"2017-11-06T16:51:56+00:00","og_image":[{"width":300,"height":200,"url":"https:\/\/noticiasemdestaque.com\/cd\/wp-content\/uploads\/2017\/11\/Minha-Casa-Minha-Vida-300x200.jpeg","type":"image\/jpeg"}],"author":"Not\u00edcias em Destaque","twitter_card":"summary_large_image","twitter_misc":{"Escrito por":"Not\u00edcias em Destaque","Est. tempo de leitura":"1 minuto"},"schema":{"@context":"https:\/\/schema.org","@graph":[{"@type":"Article","@id":"https:\/\/noticiasemdestaque.com\/cd\/?p=5770#article","isPartOf":{"@id":"https:\/\/noticiasemdestaque.com\/cd\/?p=5770"},"author":{"name":"Not\u00edcias em Destaque","@id":"https:\/\/noticiasemdestaque.com\/cd\/#\/schema\/person\/21320b03a7e8bb90128938dafc9b908a"},"headline":"Para\u00edba ter\u00e1 mais 760 unidades habitacionais pelo Programa Minha Casa Minha Vida","datePublished":"2017-11-06T16:51:56+00:00","mainEntityOfPage":{"@id":"https:\/\/noticiasemdestaque.com\/cd\/?p=5770"},"wordCount":160,"publisher":{"@id":"https:\/\/noticiasemdestaque.com\/cd\/#organization"},"image":{"@id":"https:\/\/noticiasemdestaque.com\/cd\/?p=5770#primaryimage"},"thumbnailUrl":"https:\/\/noticiasemdestaque.com\/cd\/wp-content\/uploads\/2017\/11\/Minha-Casa-Minha-Vida-300x200.jpeg","articleSection":["Cidades"],"inLanguage":"pt-BR"},{"@type":"WebPage","@id":"https:\/\/noticiasemdestaque.com\/cd\/?p=5770","url":"https:\/\/noticiasemdestaque.com\/cd\/?p=5770","name":"Para\u00edba ter\u00e1 mais 760 unidades habitacionais pelo Programa Minha Casa Minha Vida - Not&iacute;cias em Destaque","isPartOf":{"@id":"https:\/\/noticiasemdestaque.com\/cd\/#website"},"primaryImageOfPage":{"@id":"https:\/\/noticiasemdestaque.com\/cd\/?p=5770#primaryimage"},"image":{"@id":"https:\/\/noticiasemdestaque.com\/cd\/?p=5770#primaryimage"},"thumbnailUrl":"https:\/\/noticiasemdestaque.com\/cd\/wp-content\/uploads\/2017\/11\/Minha-Casa-Minha-Vida-300x200.jpeg","datePublished":"2017-11-06T16:51:56+00:00","breadcrumb":{"@id":"https:\/\/noticiasemdestaque.com\/cd\/?p=5770#breadcrumb"},"inLanguage":"pt-BR","potentialAction":[{"@type":"ReadAction","target":["https:\/\/noticiasemdestaque.com\/cd\/?p=5770"]}]},{"@type":"ImageObject","inLanguage":"pt-BR","@id":"https:\/\/noticiasemdestaque.com\/cd\/?p=5770#primaryimage","url":"https:\/\/noticiasemdestaque.com\/cd\/wp-content\/uploads\/2017\/11\/Minha-Casa-Minha-Vida-300x200.jpeg","contentUrl":"https:\/\/noticiasemdestaque.com\/cd\/wp-content\/uploads\/2017\/11\/Minha-Casa-Minha-Vida-300x200.jpeg","width":300,"height":200},{"@type":"BreadcrumbList","@id":"https:\/\/noticiasemdestaque.com\/cd\/?p=5770#breadcrumb","itemListElement":[{"@type":"ListItem","position":1,"name":"In\u00edcio","item":"https:\/\/noticiasemdestaque.com\/cd\/"},{"@type":"ListItem","position":2,"name":"Para\u00edba ter\u00e1 mais 760 unidades habitacionais pelo Programa Minha Casa Minha Vida"}]},{"@type":"WebSite","@id":"https:\/\/noticiasemdestaque.com\/cd\/#website","url":"https:\/\/noticiasemdestaque.com\/cd\/","name":"Not&iacute;cias em Destaque","description":"","publisher":{"@id":"https:\/\/noticiasemdestaque.com\/cd\/#organization"},"potentialAction":[{"@type":"SearchAction","target":{"@type":"EntryPoint","urlTemplate":"https:\/\/noticiasemdestaque.com\/cd\/?s={search_term_string}"},"query-input":{"@type":"PropertyValueSpecification","valueRequired":true,"valueName":"search_term_string"}}],"inLanguage":"pt-BR"},{"@type":"Organization","@id":"https:\/\/noticiasemdestaque.com\/cd\/#organization","name":"Not\u00edcias em Destaque","url":"https:\/\/noticiasemdestaque.com\/cd\/","logo":{"@type":"ImageObject","inLanguage":"pt-BR","@id":"https:\/\/noticiasemdestaque.com\/cd\/#\/schema\/logo\/image\/","url":"https:\/\/noticiasemdestaque.com\/cd\/wp-content\/uploads\/2022\/05\/imagem-base-noticiasemdestaque.png","contentUrl":"https:\/\/noticiasemdestaque.com\/cd\/wp-content\/uploads\/2022\/05\/imagem-base-noticiasemdestaque.png","width":1200,"height":630,"caption":"Not\u00edcias em Destaque"},"image":{"@id":"https:\/\/noticiasemdestaque.com\/cd\/#\/schema\/logo\/image\/"}},{"@type":"Person","@id":"https:\/\/noticiasemdestaque.com\/cd\/#\/schema\/person\/21320b03a7e8bb90128938dafc9b908a","name":"Not\u00edcias em Destaque","url":"https:\/\/noticiasemdestaque.com\/cd\/?author=2"}]}},"jetpack_featured_media_url":"https:\/\/noticiasemdestaque.com\/cd\/wp-content\/uploads\/2017\/11\/Minha-Casa-Minha-Vida-300x200.jpeg","jetpack_sharing_enabled":true,"_links":{"self":[{"href":"https:\/\/noticiasemdestaque.com\/cd\/index.php?rest_route=\/wp\/v2\/posts\/5770","targetHints":{"allow":["GET"]}}],"collection":[{"href":"https:\/\/noticiasemdestaque.com\/cd\/index.php?rest_route=\/wp\/v2\/posts"}],"about":[{"href":"https:\/\/noticiasemdestaque.com\/cd\/index.php?rest_route=\/wp\/v2\/types\/post"}],"author":[{"embeddable":true,"href":"https:\/\/noticiasemdestaque.com\/cd\/index.php?rest_route=\/wp\/v2\/users\/2"}],"replies":[{"embeddable":true,"href":"https:\/\/noticiasemdestaque.com\/cd\/index.php?rest_route=%2Fwp%2Fv2%2Fcomments&post=5770"}],"version-history":[{"count":1,"href":"https:\/\/noticiasemdestaque.com\/cd\/index.php?rest_route=\/wp\/v2\/posts\/5770\/revisions"}],"predecessor-version":[{"id":5772,"href":"https:\/\/noticiasemdestaque.com\/cd\/index.php?rest_route=\/wp\/v2\/posts\/5770\/revisions\/5772"}],"wp:featuredmedia":[{"embeddable":true,"href":"https:\/\/noticiasemdestaque.com\/cd\/index.php?rest_route=\/wp\/v2\/media\/5771"}],"wp:attachment":[{"href":"https:\/\/noticiasemdestaque.com\/cd\/index.php?rest_route=%2Fwp%2Fv2%2Fmedia&parent=5770"}],"wp:term":[{"taxonomy":"category","embeddable":true,"href":"https:\/\/noticiasemdestaque.com\/cd\/index.php?rest_route=%2Fwp%2Fv2%2Fcategories&post=5770"},{"taxonomy":"post_tag","embeddable":true,"href":"https:\/\/noticiasemdestaque.com\/cd\/index.php?rest_route=%2Fwp%2Fv2%2Ftags&post=5770"}],"curies":[{"name":"wp","href":"https:\/\/api.w.org\/{rel}","templated":true}]}}