{"id":57555,"date":"2024-05-15T10:11:08","date_gmt":"2024-05-15T13:11:08","guid":{"rendered":"https:\/\/noticiasemdestaque.com\/cd\/?p=57555"},"modified":"2024-05-15T10:11:08","modified_gmt":"2024-05-15T13:11:08","slug":"lula-vai-anunciar-no-rs-vale-reconstrucao-de-cerca-de-r-5-mil-para-familias-desabrigadas","status":"publish","type":"post","link":"https:\/\/noticiasemdestaque.com\/cd\/?p=57555","title":{"rendered":"Lula vai anunciar no RS &#8216;Vale Reconstru\u00e7\u00e3o&#8217; de cerca de R$ 5 mil para fam\u00edlias desabrigadas"},"content":{"rendered":"<div id=\"chunk-3aip4\">\n<div class=\"mc-column content-text active-extra-styles \" data-block-type=\"unstyled\" data-block-weight=\"34\" data-block-id=\"2\">\n<p data-track-category=\"Link no Texto\" data-track-links=\"\" data-mrf-recirculation=\"Article links\"><a href=\"https:\/\/noticiasemdestaque.com\/cd\/wp-content\/uploads\/2024\/05\/53693950248-ccb1c33e98-4k.png\"><img fetchpriority=\"high\" decoding=\"async\" class=\" wp-image-57556 aligncenter\" src=\"https:\/\/noticiasemdestaque.com\/cd\/wp-content\/uploads\/2024\/05\/53693950248-ccb1c33e98-4k-300x200.png\" alt=\"\" width=\"647\" height=\"431\" srcset=\"https:\/\/noticiasemdestaque.com\/cd\/wp-content\/uploads\/2024\/05\/53693950248-ccb1c33e98-4k-300x200.png 300w, https:\/\/noticiasemdestaque.com\/cd\/wp-content\/uploads\/2024\/05\/53693950248-ccb1c33e98-4k-768x512.png 768w, https:\/\/noticiasemdestaque.com\/cd\/wp-content\/uploads\/2024\/05\/53693950248-ccb1c33e98-4k-18x12.png 18w, https:\/\/noticiasemdestaque.com\/cd\/wp-content\/uploads\/2024\/05\/53693950248-ccb1c33e98-4k.png 1000w\" sizes=\"(max-width: 647px) 100vw, 647px\" \/><\/a><\/p>\n<p class=\" content-text__container \" data-track-category=\"Link no Texto\" data-track-links=\"\" data-mrf-recirculation=\"Article links\">O presidente\u00a0<a class=\"\" href=\"https:\/\/g1.globo.com\/politica\/politico\/lula\/\" data-mrf-link=\"https:\/\/g1.globo.com\/politica\/politico\/lula\/\">Lula<\/a>\u00a0vai anunciar nesta quarta-feira (15) o \u201cVale Reconstru\u00e7\u00e3o\u201d, de cerca de R$ 5 mil para fam\u00edlias desabrigadas no Rio Grande do Sul, v\u00edtimas das chuvas intensas que atingiram a regi\u00e3o.<\/p>\n<\/div>\n<\/div>\n<div class=\"wall protected-content\">\n<div id=\"chunk-7cqbh\">\n<div class=\"mc-column content-text active-extra-styles \" data-block-type=\"unstyled\" data-block-weight=\"31\" data-block-id=\"4\">\n<p class=\" content-text__container \" data-track-category=\"Link no Texto\" data-track-links=\"\" data-mrf-recirculation=\"Article links\">O vale ser\u00e1 um aux\u00edlio da Secretaria Nacional da Defesa Civil e ser\u00e1 executado com o apoio da rede do Sistema \u00danico de Assist\u00eancia Social (Suas), do Minist\u00e9rio do Desenvolvimento Social.<\/p>\n<\/div>\n<\/div>\n<div id=\"chunk-jsot\">\n<div class=\"mc-column content-text active-extra-styles \" data-block-type=\"unstyled\" data-block-weight=\"37\" data-block-id=\"5\">\n<p class=\" content-text__container \" data-track-category=\"Link no Texto\" data-track-links=\"\" data-mrf-recirculation=\"Article links\">O formato do vale foi elaborado pelas equipes dos ministros Waldez Goes (Integra\u00e7\u00e3o e Desenvolvimento Regional),\u00a0<a class=\"\" href=\"https:\/\/g1.globo.com\/politica\/politico\/wellington-dias\/\" data-mrf-link=\"https:\/\/g1.globo.com\/politica\/politico\/wellington-dias\/\">Wellington Dias<\/a>\u00a0(Desenvolvimento Social) e\u00a0<a class=\"\" href=\"https:\/\/g1.globo.com\/politica\/politico\/fernando-haddad\/\" data-mrf-link=\"https:\/\/g1.globo.com\/politica\/politico\/fernando-haddad\/\">Fernando Haddad<\/a>\u00a0(Fazenda). Ser\u00e3o atendidas as fam\u00edlias de baixa renda e as que perderam suas resid\u00eancias.<\/p>\n<div id=\"chunk-17oh6\">\n<div class=\"mc-column content-text active-extra-styles \" data-block-type=\"unstyled\" data-block-weight=\"36\" data-block-id=\"7\">\n<p class=\" content-text__container \" data-track-category=\"Link no Texto\" data-track-links=\"\" data-mrf-recirculation=\"Article links\">Ser\u00e1 anunciado ainda que fam\u00edlias em estado de vulnerabilidade no Rio Grande do Sul ser\u00e3o inclu\u00eddas na folha de pagamento do Bolsa Fam\u00edlia, garantindo uma renda durante o per\u00edodo da calamidade p\u00fablica e reconstru\u00e7\u00e3o do Estado.<\/p>\n<\/div>\n<\/div>\n<div id=\"chunk-5q9oe\">\n<div class=\"mc-column content-text active-extra-styles \" data-block-type=\"unstyled\" data-block-weight=\"25\" data-block-id=\"8\">\n<p class=\" content-text__container \" data-track-category=\"Link no Texto\" data-track-links=\"\" data-mrf-recirculation=\"Article links\">Lula tamb\u00e9m vai oficializar a cria\u00e7\u00e3o do Minist\u00e9rio Extraordin\u00e1rio de Apoio \u00e0 Reconstru\u00e7\u00e3o do Rio Grande do Sul, que ser\u00e1 comandado pelo ministro Paulo Pimenta.<\/p>\n<\/div>\n<\/div>\n<div id=\"chunk-e7v1\">\n<div class=\"mc-column content-text active-extra-styles \" data-block-type=\"unstyled\" data-block-weight=\"26\" data-block-id=\"9\">\n<p class=\" content-text__container \" data-track-category=\"Link no Texto\" data-track-links=\"\" data-mrf-recirculation=\"Article links\">Paulo Pimenta ser\u00e1 o representante do governo federal no Estado para coordenar toda a atua\u00e7\u00e3o federal nas obras de reconstru\u00e7\u00e3o do Rio Grande do Sul.<\/p>\n<\/div>\n<\/div>\n<div id=\"chunk-85k91\">\n<div class=\"mc-column content-text active-extra-styles \" data-block-type=\"unstyled\" data-block-weight=\"40\" data-block-id=\"10\">\n<p class=\" content-text__container \" data-track-category=\"Link no Texto\" data-track-links=\"\" data-mrf-recirculation=\"Article links\">Em defesa da indica\u00e7\u00e3o, criticada por aliados do governador\u00a0<a class=\"\" href=\"https:\/\/g1.globo.com\/politica\/politico\/eduardo-leite\/\" data-mrf-link=\"https:\/\/g1.globo.com\/politica\/politico\/eduardo-leite\/\">Eduardo Leite<\/a>, assessores de Lula destacam que Paulo Pimenta \u00e9 muito pr\u00f3ximo ao presidente e ser\u00e1 um elemento facilitador na libera\u00e7\u00e3o de verbas e montagem de projetos da reconstru\u00e7\u00e3o do Estado.<\/p>\n<\/div>\n<\/div>\n<div id=\"chunk-7gv5b\">\n<div class=\"mc-column content-text active-extra-styles \" data-block-type=\"unstyled\" data-block-weight=\"30\" data-block-id=\"11\">\n<p class=\" content-text__container \" data-track-category=\"Link no Texto\" data-track-links=\"\" data-mrf-recirculation=\"Article links\">A escolha desagradou aliados do governador Eduardo Leite. O deputado federal\u00a0<a class=\"\" href=\"https:\/\/g1.globo.com\/politica\/politico\/aecio-neves\/\" data-mrf-link=\"https:\/\/g1.globo.com\/politica\/politico\/aecio-neves\/\">A\u00e9cio Neves<\/a>\u00a0(<a class=\"\" href=\"https:\/\/g1.globo.com\/politica\/partido\/psdb\/\" data-mrf-link=\"https:\/\/g1.globo.com\/politica\/partido\/psdb\/\">PSDB<\/a>-MG) disse que a escolha foi um desrespeito ao governador do PSDB, que n\u00e3o foi consultado.<\/p>\n<\/div>\n<\/div>\n<div id=\"chunk-91v90\">\n<div class=\"mc-column content-text active-extra-styles \" data-block-type=\"unstyled\" data-block-weight=\"28\" data-block-id=\"12\">\n<p class=\" content-text__container \" data-track-category=\"Link no Texto\" data-track-links=\"\" data-mrf-recirculation=\"Article links\">Al\u00e9m disso, A\u00e9cio acusa o presidente Lula de politizar com a escolha de Paulo Pimenta, por ser um agente com interesses eleitorais no Rio Grande do Sul.<\/p>\n<\/div>\n<\/div>\n<div id=\"chunk-8pe7i\">\n<div class=\"mc-column content-text active-extra-styles \" data-block-type=\"unstyled\" data-block-weight=\"31\" data-block-id=\"13\">\n<p class=\" content-text__container \" data-track-category=\"Link no Texto\" data-track-links=\"\" data-mrf-recirculation=\"Article links\">&#8220;Uma falta de respeito, o governador n\u00e3o foi avisado, ficou sabendo pela imprensa, e escolheram um advers\u00e1rio pol\u00edtico dele. Tinha de ser um t\u00e9cnico, n\u00e3o um pol\u00edtico&#8221;, disse o deputado federal.<\/p>\n<p data-track-category=\"Link no Texto\" data-track-links=\"\" data-mrf-recirculation=\"Article links\"><strong>Noticias em Destaque<\/strong><\/p>\n<p style=\"text-align: right;\" data-track-category=\"Link no Texto\" data-track-links=\"\" data-mrf-recirculation=\"Article links\"><em>Fonte: G1<\/em><\/p>\n<\/div>\n<\/div>\n<\/div>\n<\/div>\n<\/div>\n","protected":false},"excerpt":{"rendered":"<p>O presidente\u00a0Lula\u00a0vai anunciar nesta quarta-feira (15) o \u201cVale Reconstru\u00e7\u00e3o\u201d, de cerca de R$ 5 mil para fam\u00edlias desabrigadas no Rio Grande do Sul, v\u00edtimas das chuvas intensas que atingiram a regi\u00e3o. O vale ser\u00e1 um aux\u00edlio da Secretaria Nacional da Defesa Civil e ser\u00e1 executado com o apoio da rede do Sistema \u00danico de Assist\u00eancia Social (Suas), do Minist\u00e9rio do Desenvolvimento Social. O formato do vale foi elaborado pelas equipes dos ministros Waldez Goes (Integra\u00e7\u00e3o e Desenvolvimento Regional),\u00a0Wellington Dias\u00a0(Desenvolvimento Social) e\u00a0Fernando Haddad\u00a0(Fazenda). Ser\u00e3o atendidas as fam\u00edlias de baixa renda e as que perderam suas resid\u00eancias. Ser\u00e1 anunciado ainda que fam\u00edlias em estado de vulnerabilidade no Rio Grande do Sul ser\u00e3o inclu\u00eddas na folha de pagamento do Bolsa Fam\u00edlia, garantindo uma renda durante o per\u00edodo da calamidade p\u00fablica e reconstru\u00e7\u00e3o do Estado. Lula tamb\u00e9m vai oficializar a cria\u00e7\u00e3o do Minist\u00e9rio Extraordin\u00e1rio de Apoio \u00e0 Reconstru\u00e7\u00e3o do Rio Grande do Sul, que ser\u00e1 comandado pelo ministro Paulo Pimenta. Paulo Pimenta ser\u00e1 o representante do governo federal no Estado para coordenar toda a atua\u00e7\u00e3o federal nas obras de reconstru\u00e7\u00e3o do Rio Grande do Sul. Em defesa da indica\u00e7\u00e3o, criticada por aliados do governador\u00a0Eduardo Leite, assessores de Lula destacam que Paulo Pimenta \u00e9 muito pr\u00f3ximo ao presidente e ser\u00e1 um elemento facilitador na libera\u00e7\u00e3o de verbas e montagem de projetos da reconstru\u00e7\u00e3o do Estado. A escolha desagradou aliados do governador Eduardo Leite. O deputado federal\u00a0A\u00e9cio Neves\u00a0(PSDB-MG) disse que a escolha foi um desrespeito ao governador do PSDB, que n\u00e3o foi consultado. Al\u00e9m disso, A\u00e9cio acusa o presidente Lula de politizar com a escolha de Paulo Pimenta, por ser um agente com interesses eleitorais no Rio Grande do Sul. &#8220;Uma falta de respeito, o governador n\u00e3o foi avisado, ficou sabendo pela imprensa, e escolheram um advers\u00e1rio pol\u00edtico dele. Tinha de ser um t\u00e9cnico, n\u00e3o um pol\u00edtico&#8221;, disse o deputado federal. Noticias em Destaque Fonte: G1<\/p>\n","protected":false},"author":2,"featured_media":57556,"comment_status":"closed","ping_status":"open","sticky":false,"template":"","format":"standard","meta":{"_eb_attr":"","_jetpack_memberships_contains_paid_content":false,"footnotes":""},"categories":[11,4],"tags":[],"class_list":["post-57555","post","type-post","status-publish","format-standard","has-post-thumbnail","hentry","category-economia","category-politica"],"yoast_head":"<!-- This site is optimized with the Yoast SEO plugin v26.5 - https:\/\/yoast.com\/wordpress\/plugins\/seo\/ -->\n<title>Lula vai anunciar no RS &#039;Vale Reconstru\u00e7\u00e3o&#039; de cerca de R$ 5 mil para fam\u00edlias desabrigadas - Not&iacute;cias em Destaque<\/title>\n<meta name=\"robots\" content=\"index, follow, max-snippet:-1, max-image-preview:large, max-video-preview:-1\" \/>\n<link rel=\"canonical\" href=\"https:\/\/noticiasemdestaque.com\/cd\/?p=57555\" \/>\n<meta property=\"og:locale\" content=\"pt_BR\" \/>\n<meta property=\"og:type\" content=\"article\" \/>\n<meta property=\"og:title\" content=\"Lula vai anunciar no RS &#039;Vale Reconstru\u00e7\u00e3o&#039; de cerca de R$ 5 mil para fam\u00edlias desabrigadas - Not&iacute;cias em Destaque\" \/>\n<meta property=\"og:description\" content=\"O presidente\u00a0Lula\u00a0vai anunciar nesta quarta-feira (15) o \u201cVale Reconstru\u00e7\u00e3o\u201d, de cerca de R$ 5 mil para fam\u00edlias desabrigadas no Rio Grande do Sul, v\u00edtimas das chuvas intensas que atingiram a regi\u00e3o. O vale ser\u00e1 um aux\u00edlio da Secretaria Nacional da Defesa Civil e ser\u00e1 executado com o apoio da rede do Sistema \u00danico de Assist\u00eancia Social (Suas), do Minist\u00e9rio do Desenvolvimento Social. O formato do vale foi elaborado pelas equipes dos ministros Waldez Goes (Integra\u00e7\u00e3o e Desenvolvimento Regional),\u00a0Wellington Dias\u00a0(Desenvolvimento Social) e\u00a0Fernando Haddad\u00a0(Fazenda). Ser\u00e3o atendidas as fam\u00edlias de baixa renda e as que perderam suas resid\u00eancias. Ser\u00e1 anunciado ainda que fam\u00edlias em estado de vulnerabilidade no Rio Grande do Sul ser\u00e3o inclu\u00eddas na folha de pagamento do Bolsa Fam\u00edlia, garantindo uma renda durante o per\u00edodo da calamidade p\u00fablica e reconstru\u00e7\u00e3o do Estado. Lula tamb\u00e9m vai oficializar a cria\u00e7\u00e3o do Minist\u00e9rio Extraordin\u00e1rio de Apoio \u00e0 Reconstru\u00e7\u00e3o do Rio Grande do Sul, que ser\u00e1 comandado pelo ministro Paulo Pimenta. Paulo Pimenta ser\u00e1 o representante do governo federal no Estado para coordenar toda a atua\u00e7\u00e3o federal nas obras de reconstru\u00e7\u00e3o do Rio Grande do Sul. Em defesa da indica\u00e7\u00e3o, criticada por aliados do governador\u00a0Eduardo Leite, assessores de Lula destacam que Paulo Pimenta \u00e9 muito pr\u00f3ximo ao presidente e ser\u00e1 um elemento facilitador na libera\u00e7\u00e3o de verbas e montagem de projetos da reconstru\u00e7\u00e3o do Estado. A escolha desagradou aliados do governador Eduardo Leite. O deputado federal\u00a0A\u00e9cio Neves\u00a0(PSDB-MG) disse que a escolha foi um desrespeito ao governador do PSDB, que n\u00e3o foi consultado. Al\u00e9m disso, A\u00e9cio acusa o presidente Lula de politizar com a escolha de Paulo Pimenta, por ser um agente com interesses eleitorais no Rio Grande do Sul. &#8220;Uma falta de respeito, o governador n\u00e3o foi avisado, ficou sabendo pela imprensa, e escolheram um advers\u00e1rio pol\u00edtico dele. Tinha de ser um t\u00e9cnico, n\u00e3o um pol\u00edtico&#8221;, disse o deputado federal. Noticias em Destaque Fonte: G1\" \/>\n<meta property=\"og:url\" content=\"https:\/\/noticiasemdestaque.com\/cd\/?p=57555\" \/>\n<meta property=\"og:site_name\" content=\"Not&iacute;cias em Destaque\" \/>\n<meta property=\"article:published_time\" content=\"2024-05-15T13:11:08+00:00\" \/>\n<meta property=\"og:image\" content=\"https:\/\/noticiasemdestaque.com\/cd\/wp-content\/uploads\/2024\/05\/53693950248-ccb1c33e98-4k.png\" \/>\n\t<meta property=\"og:image:width\" content=\"1000\" \/>\n\t<meta property=\"og:image:height\" content=\"667\" \/>\n\t<meta property=\"og:image:type\" content=\"image\/png\" \/>\n<meta name=\"author\" content=\"Not\u00edcias em Destaque\" \/>\n<meta name=\"twitter:card\" content=\"summary_large_image\" \/>\n<meta name=\"twitter:label1\" content=\"Escrito por\" \/>\n\t<meta name=\"twitter:data1\" content=\"Not\u00edcias em Destaque\" \/>\n\t<meta name=\"twitter:label2\" content=\"Est. tempo de leitura\" \/>\n\t<meta name=\"twitter:data2\" content=\"3 minutos\" \/>\n<script type=\"application\/ld+json\" class=\"yoast-schema-graph\">{\"@context\":\"https:\/\/schema.org\",\"@graph\":[{\"@type\":\"Article\",\"@id\":\"https:\/\/noticiasemdestaque.com\/cd\/?p=57555#article\",\"isPartOf\":{\"@id\":\"https:\/\/noticiasemdestaque.com\/cd\/?p=57555\"},\"author\":{\"name\":\"Not\u00edcias em Destaque\",\"@id\":\"https:\/\/noticiasemdestaque.com\/cd\/#\/schema\/person\/21320b03a7e8bb90128938dafc9b908a\"},\"headline\":\"Lula vai anunciar no RS &#8216;Vale Reconstru\u00e7\u00e3o&#8217; de cerca de R$ 5 mil para fam\u00edlias desabrigadas\",\"datePublished\":\"2024-05-15T13:11:08+00:00\",\"mainEntityOfPage\":{\"@id\":\"https:\/\/noticiasemdestaque.com\/cd\/?p=57555\"},\"wordCount\":371,\"publisher\":{\"@id\":\"https:\/\/noticiasemdestaque.com\/cd\/#organization\"},\"image\":{\"@id\":\"https:\/\/noticiasemdestaque.com\/cd\/?p=57555#primaryimage\"},\"thumbnailUrl\":\"https:\/\/noticiasemdestaque.com\/cd\/wp-content\/uploads\/2024\/05\/53693950248-ccb1c33e98-4k.png\",\"articleSection\":[\"Economia\",\"Pol\u00edtica\"],\"inLanguage\":\"pt-BR\"},{\"@type\":\"WebPage\",\"@id\":\"https:\/\/noticiasemdestaque.com\/cd\/?p=57555\",\"url\":\"https:\/\/noticiasemdestaque.com\/cd\/?p=57555\",\"name\":\"Lula vai anunciar no RS 'Vale Reconstru\u00e7\u00e3o' de cerca de R$ 5 mil para fam\u00edlias desabrigadas - Not&iacute;cias em Destaque\",\"isPartOf\":{\"@id\":\"https:\/\/noticiasemdestaque.com\/cd\/#website\"},\"primaryImageOfPage\":{\"@id\":\"https:\/\/noticiasemdestaque.com\/cd\/?p=57555#primaryimage\"},\"image\":{\"@id\":\"https:\/\/noticiasemdestaque.com\/cd\/?p=57555#primaryimage\"},\"thumbnailUrl\":\"https:\/\/noticiasemdestaque.com\/cd\/wp-content\/uploads\/2024\/05\/53693950248-ccb1c33e98-4k.png\",\"datePublished\":\"2024-05-15T13:11:08+00:00\",\"breadcrumb\":{\"@id\":\"https:\/\/noticiasemdestaque.com\/cd\/?p=57555#breadcrumb\"},\"inLanguage\":\"pt-BR\",\"potentialAction\":[{\"@type\":\"ReadAction\",\"target\":[\"https:\/\/noticiasemdestaque.com\/cd\/?p=57555\"]}]},{\"@type\":\"ImageObject\",\"inLanguage\":\"pt-BR\",\"@id\":\"https:\/\/noticiasemdestaque.com\/cd\/?p=57555#primaryimage\",\"url\":\"https:\/\/noticiasemdestaque.com\/cd\/wp-content\/uploads\/2024\/05\/53693950248-ccb1c33e98-4k.png\",\"contentUrl\":\"https:\/\/noticiasemdestaque.com\/cd\/wp-content\/uploads\/2024\/05\/53693950248-ccb1c33e98-4k.png\",\"width\":1000,\"height\":667},{\"@type\":\"BreadcrumbList\",\"@id\":\"https:\/\/noticiasemdestaque.com\/cd\/?p=57555#breadcrumb\",\"itemListElement\":[{\"@type\":\"ListItem\",\"position\":1,\"name\":\"In\u00edcio\",\"item\":\"https:\/\/noticiasemdestaque.com\/cd\/\"},{\"@type\":\"ListItem\",\"position\":2,\"name\":\"Lula vai anunciar no RS &#8216;Vale Reconstru\u00e7\u00e3o&#8217; de cerca de R$ 5 mil para fam\u00edlias desabrigadas\"}]},{\"@type\":\"WebSite\",\"@id\":\"https:\/\/noticiasemdestaque.com\/cd\/#website\",\"url\":\"https:\/\/noticiasemdestaque.com\/cd\/\",\"name\":\"Not&iacute;cias em Destaque\",\"description\":\"\",\"publisher\":{\"@id\":\"https:\/\/noticiasemdestaque.com\/cd\/#organization\"},\"potentialAction\":[{\"@type\":\"SearchAction\",\"target\":{\"@type\":\"EntryPoint\",\"urlTemplate\":\"https:\/\/noticiasemdestaque.com\/cd\/?s={search_term_string}\"},\"query-input\":{\"@type\":\"PropertyValueSpecification\",\"valueRequired\":true,\"valueName\":\"search_term_string\"}}],\"inLanguage\":\"pt-BR\"},{\"@type\":\"Organization\",\"@id\":\"https:\/\/noticiasemdestaque.com\/cd\/#organization\",\"name\":\"Not\u00edcias em Destaque\",\"url\":\"https:\/\/noticiasemdestaque.com\/cd\/\",\"logo\":{\"@type\":\"ImageObject\",\"inLanguage\":\"pt-BR\",\"@id\":\"https:\/\/noticiasemdestaque.com\/cd\/#\/schema\/logo\/image\/\",\"url\":\"https:\/\/noticiasemdestaque.com\/cd\/wp-content\/uploads\/2022\/05\/imagem-base-noticiasemdestaque.png\",\"contentUrl\":\"https:\/\/noticiasemdestaque.com\/cd\/wp-content\/uploads\/2022\/05\/imagem-base-noticiasemdestaque.png\",\"width\":1200,\"height\":630,\"caption\":\"Not\u00edcias em Destaque\"},\"image\":{\"@id\":\"https:\/\/noticiasemdestaque.com\/cd\/#\/schema\/logo\/image\/\"}},{\"@type\":\"Person\",\"@id\":\"https:\/\/noticiasemdestaque.com\/cd\/#\/schema\/person\/21320b03a7e8bb90128938dafc9b908a\",\"name\":\"Not\u00edcias em Destaque\",\"url\":\"https:\/\/noticiasemdestaque.com\/cd\/?author=2\"}]}<\/script>\n<!-- \/ Yoast SEO plugin. -->","yoast_head_json":{"title":"Lula vai anunciar no RS 'Vale Reconstru\u00e7\u00e3o' de cerca de R$ 5 mil para fam\u00edlias desabrigadas - Not&iacute;cias em Destaque","robots":{"index":"index","follow":"follow","max-snippet":"max-snippet:-1","max-image-preview":"max-image-preview:large","max-video-preview":"max-video-preview:-1"},"canonical":"https:\/\/noticiasemdestaque.com\/cd\/?p=57555","og_locale":"pt_BR","og_type":"article","og_title":"Lula vai anunciar no RS 'Vale Reconstru\u00e7\u00e3o' de cerca de R$ 5 mil para fam\u00edlias desabrigadas - Not&iacute;cias em Destaque","og_description":"O presidente\u00a0Lula\u00a0vai anunciar nesta quarta-feira (15) o \u201cVale Reconstru\u00e7\u00e3o\u201d, de cerca de R$ 5 mil para fam\u00edlias desabrigadas no Rio Grande do Sul, v\u00edtimas das chuvas intensas que atingiram a regi\u00e3o. O vale ser\u00e1 um aux\u00edlio da Secretaria Nacional da Defesa Civil e ser\u00e1 executado com o apoio da rede do Sistema \u00danico de Assist\u00eancia Social (Suas), do Minist\u00e9rio do Desenvolvimento Social. O formato do vale foi elaborado pelas equipes dos ministros Waldez Goes (Integra\u00e7\u00e3o e Desenvolvimento Regional),\u00a0Wellington Dias\u00a0(Desenvolvimento Social) e\u00a0Fernando Haddad\u00a0(Fazenda). Ser\u00e3o atendidas as fam\u00edlias de baixa renda e as que perderam suas resid\u00eancias. Ser\u00e1 anunciado ainda que fam\u00edlias em estado de vulnerabilidade no Rio Grande do Sul ser\u00e3o inclu\u00eddas na folha de pagamento do Bolsa Fam\u00edlia, garantindo uma renda durante o per\u00edodo da calamidade p\u00fablica e reconstru\u00e7\u00e3o do Estado. Lula tamb\u00e9m vai oficializar a cria\u00e7\u00e3o do Minist\u00e9rio Extraordin\u00e1rio de Apoio \u00e0 Reconstru\u00e7\u00e3o do Rio Grande do Sul, que ser\u00e1 comandado pelo ministro Paulo Pimenta. Paulo Pimenta ser\u00e1 o representante do governo federal no Estado para coordenar toda a atua\u00e7\u00e3o federal nas obras de reconstru\u00e7\u00e3o do Rio Grande do Sul. Em defesa da indica\u00e7\u00e3o, criticada por aliados do governador\u00a0Eduardo Leite, assessores de Lula destacam que Paulo Pimenta \u00e9 muito pr\u00f3ximo ao presidente e ser\u00e1 um elemento facilitador na libera\u00e7\u00e3o de verbas e montagem de projetos da reconstru\u00e7\u00e3o do Estado. A escolha desagradou aliados do governador Eduardo Leite. O deputado federal\u00a0A\u00e9cio Neves\u00a0(PSDB-MG) disse que a escolha foi um desrespeito ao governador do PSDB, que n\u00e3o foi consultado. Al\u00e9m disso, A\u00e9cio acusa o presidente Lula de politizar com a escolha de Paulo Pimenta, por ser um agente com interesses eleitorais no Rio Grande do Sul. &#8220;Uma falta de respeito, o governador n\u00e3o foi avisado, ficou sabendo pela imprensa, e escolheram um advers\u00e1rio pol\u00edtico dele. Tinha de ser um t\u00e9cnico, n\u00e3o um pol\u00edtico&#8221;, disse o deputado federal. Noticias em Destaque Fonte: G1","og_url":"https:\/\/noticiasemdestaque.com\/cd\/?p=57555","og_site_name":"Not&iacute;cias em Destaque","article_published_time":"2024-05-15T13:11:08+00:00","og_image":[{"width":1000,"height":667,"url":"https:\/\/noticiasemdestaque.com\/cd\/wp-content\/uploads\/2024\/05\/53693950248-ccb1c33e98-4k.png","type":"image\/png"}],"author":"Not\u00edcias em Destaque","twitter_card":"summary_large_image","twitter_misc":{"Escrito por":"Not\u00edcias em Destaque","Est. tempo de leitura":"3 minutos"},"schema":{"@context":"https:\/\/schema.org","@graph":[{"@type":"Article","@id":"https:\/\/noticiasemdestaque.com\/cd\/?p=57555#article","isPartOf":{"@id":"https:\/\/noticiasemdestaque.com\/cd\/?p=57555"},"author":{"name":"Not\u00edcias em Destaque","@id":"https:\/\/noticiasemdestaque.com\/cd\/#\/schema\/person\/21320b03a7e8bb90128938dafc9b908a"},"headline":"Lula vai anunciar no RS &#8216;Vale Reconstru\u00e7\u00e3o&#8217; de cerca de R$ 5 mil para fam\u00edlias desabrigadas","datePublished":"2024-05-15T13:11:08+00:00","mainEntityOfPage":{"@id":"https:\/\/noticiasemdestaque.com\/cd\/?p=57555"},"wordCount":371,"publisher":{"@id":"https:\/\/noticiasemdestaque.com\/cd\/#organization"},"image":{"@id":"https:\/\/noticiasemdestaque.com\/cd\/?p=57555#primaryimage"},"thumbnailUrl":"https:\/\/noticiasemdestaque.com\/cd\/wp-content\/uploads\/2024\/05\/53693950248-ccb1c33e98-4k.png","articleSection":["Economia","Pol\u00edtica"],"inLanguage":"pt-BR"},{"@type":"WebPage","@id":"https:\/\/noticiasemdestaque.com\/cd\/?p=57555","url":"https:\/\/noticiasemdestaque.com\/cd\/?p=57555","name":"Lula vai anunciar no RS 'Vale Reconstru\u00e7\u00e3o' de cerca de R$ 5 mil para fam\u00edlias desabrigadas - Not&iacute;cias em Destaque","isPartOf":{"@id":"https:\/\/noticiasemdestaque.com\/cd\/#website"},"primaryImageOfPage":{"@id":"https:\/\/noticiasemdestaque.com\/cd\/?p=57555#primaryimage"},"image":{"@id":"https:\/\/noticiasemdestaque.com\/cd\/?p=57555#primaryimage"},"thumbnailUrl":"https:\/\/noticiasemdestaque.com\/cd\/wp-content\/uploads\/2024\/05\/53693950248-ccb1c33e98-4k.png","datePublished":"2024-05-15T13:11:08+00:00","breadcrumb":{"@id":"https:\/\/noticiasemdestaque.com\/cd\/?p=57555#breadcrumb"},"inLanguage":"pt-BR","potentialAction":[{"@type":"ReadAction","target":["https:\/\/noticiasemdestaque.com\/cd\/?p=57555"]}]},{"@type":"ImageObject","inLanguage":"pt-BR","@id":"https:\/\/noticiasemdestaque.com\/cd\/?p=57555#primaryimage","url":"https:\/\/noticiasemdestaque.com\/cd\/wp-content\/uploads\/2024\/05\/53693950248-ccb1c33e98-4k.png","contentUrl":"https:\/\/noticiasemdestaque.com\/cd\/wp-content\/uploads\/2024\/05\/53693950248-ccb1c33e98-4k.png","width":1000,"height":667},{"@type":"BreadcrumbList","@id":"https:\/\/noticiasemdestaque.com\/cd\/?p=57555#breadcrumb","itemListElement":[{"@type":"ListItem","position":1,"name":"In\u00edcio","item":"https:\/\/noticiasemdestaque.com\/cd\/"},{"@type":"ListItem","position":2,"name":"Lula vai anunciar no RS &#8216;Vale Reconstru\u00e7\u00e3o&#8217; de cerca de R$ 5 mil para fam\u00edlias desabrigadas"}]},{"@type":"WebSite","@id":"https:\/\/noticiasemdestaque.com\/cd\/#website","url":"https:\/\/noticiasemdestaque.com\/cd\/","name":"Not&iacute;cias em Destaque","description":"","publisher":{"@id":"https:\/\/noticiasemdestaque.com\/cd\/#organization"},"potentialAction":[{"@type":"SearchAction","target":{"@type":"EntryPoint","urlTemplate":"https:\/\/noticiasemdestaque.com\/cd\/?s={search_term_string}"},"query-input":{"@type":"PropertyValueSpecification","valueRequired":true,"valueName":"search_term_string"}}],"inLanguage":"pt-BR"},{"@type":"Organization","@id":"https:\/\/noticiasemdestaque.com\/cd\/#organization","name":"Not\u00edcias em Destaque","url":"https:\/\/noticiasemdestaque.com\/cd\/","logo":{"@type":"ImageObject","inLanguage":"pt-BR","@id":"https:\/\/noticiasemdestaque.com\/cd\/#\/schema\/logo\/image\/","url":"https:\/\/noticiasemdestaque.com\/cd\/wp-content\/uploads\/2022\/05\/imagem-base-noticiasemdestaque.png","contentUrl":"https:\/\/noticiasemdestaque.com\/cd\/wp-content\/uploads\/2022\/05\/imagem-base-noticiasemdestaque.png","width":1200,"height":630,"caption":"Not\u00edcias em Destaque"},"image":{"@id":"https:\/\/noticiasemdestaque.com\/cd\/#\/schema\/logo\/image\/"}},{"@type":"Person","@id":"https:\/\/noticiasemdestaque.com\/cd\/#\/schema\/person\/21320b03a7e8bb90128938dafc9b908a","name":"Not\u00edcias em Destaque","url":"https:\/\/noticiasemdestaque.com\/cd\/?author=2"}]}},"jetpack_featured_media_url":"https:\/\/noticiasemdestaque.com\/cd\/wp-content\/uploads\/2024\/05\/53693950248-ccb1c33e98-4k.png","jetpack_sharing_enabled":true,"_links":{"self":[{"href":"https:\/\/noticiasemdestaque.com\/cd\/index.php?rest_route=\/wp\/v2\/posts\/57555","targetHints":{"allow":["GET"]}}],"collection":[{"href":"https:\/\/noticiasemdestaque.com\/cd\/index.php?rest_route=\/wp\/v2\/posts"}],"about":[{"href":"https:\/\/noticiasemdestaque.com\/cd\/index.php?rest_route=\/wp\/v2\/types\/post"}],"author":[{"embeddable":true,"href":"https:\/\/noticiasemdestaque.com\/cd\/index.php?rest_route=\/wp\/v2\/users\/2"}],"replies":[{"embeddable":true,"href":"https:\/\/noticiasemdestaque.com\/cd\/index.php?rest_route=%2Fwp%2Fv2%2Fcomments&post=57555"}],"version-history":[{"count":1,"href":"https:\/\/noticiasemdestaque.com\/cd\/index.php?rest_route=\/wp\/v2\/posts\/57555\/revisions"}],"predecessor-version":[{"id":57557,"href":"https:\/\/noticiasemdestaque.com\/cd\/index.php?rest_route=\/wp\/v2\/posts\/57555\/revisions\/57557"}],"wp:featuredmedia":[{"embeddable":true,"href":"https:\/\/noticiasemdestaque.com\/cd\/index.php?rest_route=\/wp\/v2\/media\/57556"}],"wp:attachment":[{"href":"https:\/\/noticiasemdestaque.com\/cd\/index.php?rest_route=%2Fwp%2Fv2%2Fmedia&parent=57555"}],"wp:term":[{"taxonomy":"category","embeddable":true,"href":"https:\/\/noticiasemdestaque.com\/cd\/index.php?rest_route=%2Fwp%2Fv2%2Fcategories&post=57555"},{"taxonomy":"post_tag","embeddable":true,"href":"https:\/\/noticiasemdestaque.com\/cd\/index.php?rest_route=%2Fwp%2Fv2%2Ftags&post=57555"}],"curies":[{"name":"wp","href":"https:\/\/api.w.org\/{rel}","templated":true}]}}