{"id":5748,"date":"2017-11-05T09:30:56","date_gmt":"2017-11-05T12:30:56","guid":{"rendered":"http:\/\/caririemdestaque.com\/cd\/?p=5748"},"modified":"2017-11-05T09:30:56","modified_gmt":"2017-11-05T12:30:56","slug":"toplessaco-recebe-apoio-de-banhistas-na-praia-de-ipanema","status":"publish","type":"post","link":"https:\/\/noticiasemdestaque.com\/cd\/?p=5748","title":{"rendered":"\u2018Toplessa\u00e7o\u2019 recebe apoio de banhistas na praia de Ipanema"},"content":{"rendered":"<figure id=\"attachment_5749\" aria-describedby=\"caption-attachment-5749\" style=\"width: 217px\" class=\"wp-caption alignleft\"><a href=\"http:\/\/caririemdestaque.com\/cd\/wp-content\/uploads\/2017\/11\/toplessaco.jpg\"><img decoding=\"async\" class=\"wp-image-5749 \" src=\"http:\/\/caririemdestaque.com\/cd\/wp-content\/uploads\/2017\/11\/toplessaco-300x180.jpg\" alt=\"\" width=\"217\" height=\"130\" srcset=\"https:\/\/noticiasemdestaque.com\/cd\/wp-content\/uploads\/2017\/11\/toplessaco-300x180.jpg 300w, https:\/\/noticiasemdestaque.com\/cd\/wp-content\/uploads\/2017\/11\/toplessaco.jpg 699w\" sizes=\"(max-width: 217px) 100vw, 217px\" \/><\/a><figcaption id=\"caption-attachment-5749\" class=\"wp-caption-text\">Hermes de Paula \/ Ag\u00eancia O Globo<\/figcaption><\/figure>\n<p>Um ato de mulheres pela liberdade roubou a cena na tarde deste s\u00e1bado na praia de Ipanema, na Zona Sul do Rio. Quatro mulheres realizaram um\u00a0<em>toplessa\u00e7o<\/em>\u00a0em frente ao Posto 9, como antecipou a coluna \u201cGente Boa\u201d, de O GLOBO, na \u00faltima quarta-feira. Entre olhares e coment\u00e1rios \u2013 a maioria de apoio -, Ana Paula Nogueira, de 38 anos; Mary Kleinman, de 69; Laura Macedo, de 30; e Hannah Linhares, de 25; retiraram a parte de cima do biquini como forma de protestar contra a onda conservadora crescente no pa\u00eds e na cidade, como no epis\u00f3dio do cancelamento das negocia\u00e7\u00f5es para a exposi\u00e7\u00e3o \u201cQueermuseu\u201d no Museu de Arte do Rio (MAR). Elas foram aplaudidas por grande parte dos banhistas pr\u00f3ximos ao mar.<\/p>\n<p>\u2013 O Rio est\u00e1 ficando cada vez mais conservador. Se n\u00e3o colocarmos a cara na rua seremos cada vez mais massacrados: mulher, gay, a galera das artes. \u00c9 importante marcar presen\u00e7a. A gente queria mostrar que o Rio n\u00e3o \u00e9 uma cidade conservadora, n\u00e3o vamos deixar que se torne uma cidade conservadora. Fala pro Crivella que vai ter topless no fundo do mar tamb\u00e9m ! \u2013 ironiza a jornalista e produtora de cinema Ana Paula Nogueira, organizadora do movimento, se referindo ao v\u00eddeo em que o prefeito do Rio aparece dizendo que a exposi\u00e7\u00e3o \u201cQueermuseu\u201d s\u00f3 se apresentaria se fosse \u201cno fundo do mar\u201d.<\/p>\n<p>A manifesta\u00e7\u00e3o \u201cTopless in Rio\u201d, que tradicionalmente aconrtece no dia 20 de fevereiro (Dia de S\u00e3o Sebasti\u00e3o), chegou a sua quarta edi\u00e7\u00e3o desde 2013. A professora de biologia Hannah Linhares participou pela primeira vez. Ela diz que n\u00e3o esperava experimentar uma sensa\u00e7\u00e3o de liberdade t\u00e3o grande:<\/p>\n<p>\u2013 Esse \u00e9 meu primeiro toplees. Sempre tive muito h\u00e1bito de ficar pelada em casa. Foi a primeira vez e foi interessante pra ver como as pessoas se aglomeram a sua volta. \u00c9 uma sensa\u00e7\u00e3o de liberdade muito grande. N\u00e3o imaginei que eu fosse me sentir t\u00e3o \u00e0 vontade de ficar com peitos de fora at\u00e9 agora, mesmo ap\u00f3s o ato. Acho que as rea\u00e7\u00f5es de homens mostra como somos incubados. Isso sempre foi um tabu. Mulheres me disseram que querem ter essa coragem.<\/p>\n<div class=\"foto\">\n<figure><img fetchpriority=\"high\" decoding=\"async\" class=\"\" src=\"https:\/\/ogimg.infoglobo.com.br\/rio\/22030551-59c-4da\/FT1086A\/420\/xTopleesaco-2-em-Ipanema.jpg.pagespeed.ic.FYo3syyByR.jpg\" width=\"515\" height=\"310\" \/><figcaption>Hanna Linhares e Ana Paula Nogueira participaram da quarta edi\u00e7\u00e3o do \u201cTopless in Rio\u201d<b>\u00a0<\/b>\u2013 Hermes de Paula \/ Ag\u00eancia O Globo<\/figcaption><\/figure>\n<\/div>\n<p>A aposentada Marize Andrade, de 59 anos, acompanhou a cena pr\u00f3xima do neto Paulo V\u00edtor, de tr\u00eas anos. Enquanto a manifesta\u00e7\u00e3o ocorria, ela ensinava ao pequeno a import\u00e2ncia de respeitar o corpo da mulher, e ressaltava a import\u00e2ncia de reagir com naturalidade ao ato:<\/p>\n<p>\u2013 Ele n\u00e3o ligou para o fato de elas estarem sem suti\u00e3. \u00c9 natural. O que interessa \u00e9 ser feliz, e n\u00e3o como. Desde que n\u00e3o machuque o pr\u00f3ximo, n\u00e3o importa. Quero que ele saiba desde cedo que o que interessa \u00e9 ser feliz. E respeitar o corpo da mulher.<\/p>\n<p>Cenas da manifesta\u00e7\u00e3o foram foram filmadas para um document\u00e1rio que deve ser exibido no \u201cCanal Brasil\u201d em 2018.<\/p>\n<p>\u2013 Criamos o movimento\u00a0<em>Topless in Rio<\/em>\u00a0que bolou uma s\u00e9rie \u201cRio de Topless\u201d, que entrar\u00e1 no ar no Canal Brasil no pr\u00f3ximo ano. J\u00e1 entregamos quatro epis\u00f3dios e hoje gravamos cenas para o \u00faltimo epis\u00f3dio \u00e9 sobre toplessa\u00e7o. Vamos falar sobre todas as edi\u00e7\u00f5es que j\u00e1 existiram \u2013 explica Ana Paula Nogueira.<\/p>\n<p>Fonte: O Globo<\/p>\n","protected":false},"excerpt":{"rendered":"<p>Um ato de mulheres pela liberdade roubou a cena na tarde deste s\u00e1bado na praia de Ipanema, na Zona Sul do Rio. Quatro mulheres realizaram um\u00a0toplessa\u00e7o\u00a0em frente ao Posto 9, como antecipou a coluna \u201cGente Boa\u201d, de O GLOBO, na \u00faltima quarta-feira. Entre olhares e coment\u00e1rios \u2013 a maioria de apoio -, Ana Paula Nogueira, de 38 anos; Mary Kleinman, de 69; Laura Macedo, de 30; e Hannah Linhares, de 25; retiraram a parte de cima do biquini como forma de protestar contra a onda conservadora crescente no pa\u00eds e na cidade, como no epis\u00f3dio do cancelamento das negocia\u00e7\u00f5es para a exposi\u00e7\u00e3o \u201cQueermuseu\u201d no Museu de Arte do Rio (MAR). Elas foram aplaudidas por grande parte dos banhistas pr\u00f3ximos ao mar. \u2013 O Rio est\u00e1 ficando cada vez mais conservador. Se n\u00e3o colocarmos a cara na rua seremos cada vez mais massacrados: mulher, gay, a galera das artes. \u00c9 importante marcar presen\u00e7a. A gente queria mostrar que o Rio n\u00e3o \u00e9 uma cidade conservadora, n\u00e3o vamos deixar que se torne uma cidade conservadora. Fala pro Crivella que vai ter topless no fundo do mar tamb\u00e9m ! \u2013 ironiza a jornalista e produtora de cinema Ana Paula Nogueira, organizadora do movimento, se referindo ao v\u00eddeo em que o prefeito do Rio aparece dizendo que a exposi\u00e7\u00e3o \u201cQueermuseu\u201d s\u00f3 se apresentaria se fosse \u201cno fundo do mar\u201d. A manifesta\u00e7\u00e3o \u201cTopless in Rio\u201d, que tradicionalmente aconrtece no dia 20 de fevereiro (Dia de S\u00e3o Sebasti\u00e3o), chegou a sua quarta edi\u00e7\u00e3o desde 2013. A professora de biologia Hannah Linhares participou pela primeira vez. Ela diz que n\u00e3o esperava experimentar uma sensa\u00e7\u00e3o de liberdade t\u00e3o grande: \u2013 Esse \u00e9 meu primeiro toplees. Sempre tive muito h\u00e1bito de ficar pelada em casa. Foi a primeira vez e foi interessante pra ver como as pessoas se aglomeram a sua volta. \u00c9 uma sensa\u00e7\u00e3o de liberdade muito grande. N\u00e3o imaginei que eu fosse me sentir t\u00e3o \u00e0 vontade de ficar com peitos de fora at\u00e9 agora, mesmo ap\u00f3s o ato. Acho que as rea\u00e7\u00f5es de homens mostra como somos incubados. Isso sempre foi um tabu. Mulheres me disseram que querem ter essa coragem. Hanna Linhares e Ana Paula Nogueira participaram da quarta edi\u00e7\u00e3o do \u201cTopless in Rio\u201d\u00a0\u2013 Hermes de Paula \/ Ag\u00eancia O Globo A aposentada Marize Andrade, de 59 anos, acompanhou a cena pr\u00f3xima do neto Paulo V\u00edtor, de tr\u00eas anos. Enquanto a manifesta\u00e7\u00e3o ocorria, ela ensinava ao pequeno a import\u00e2ncia de respeitar o corpo da mulher, e ressaltava a import\u00e2ncia de reagir com naturalidade ao ato: \u2013 Ele n\u00e3o ligou para o fato de elas estarem sem suti\u00e3. \u00c9 natural. O que interessa \u00e9 ser feliz, e n\u00e3o como. Desde que n\u00e3o machuque o pr\u00f3ximo, n\u00e3o importa. Quero que ele saiba desde cedo que o que interessa \u00e9 ser feliz. E respeitar o corpo da mulher. Cenas da manifesta\u00e7\u00e3o foram foram filmadas para um document\u00e1rio que deve ser exibido no \u201cCanal Brasil\u201d em 2018. \u2013 Criamos o movimento\u00a0Topless in Rio\u00a0que bolou uma s\u00e9rie \u201cRio de Topless\u201d, que entrar\u00e1 no ar no Canal Brasil no pr\u00f3ximo ano. J\u00e1 entregamos quatro epis\u00f3dios e hoje gravamos cenas para o \u00faltimo epis\u00f3dio \u00e9 sobre toplessa\u00e7o. Vamos falar sobre todas as edi\u00e7\u00f5es que j\u00e1 existiram \u2013 explica Ana Paula Nogueira. Fonte: O Globo<\/p>\n","protected":false},"author":2,"featured_media":5749,"comment_status":"closed","ping_status":"open","sticky":false,"template":"","format":"standard","meta":{"_eb_attr":"","_jetpack_memberships_contains_paid_content":false,"footnotes":""},"categories":[3],"tags":[],"class_list":["post-5748","post","type-post","status-publish","format-standard","has-post-thumbnail","hentry","category-cidades"],"yoast_head":"<!-- This site is optimized with the Yoast SEO plugin v26.5 - https:\/\/yoast.com\/wordpress\/plugins\/seo\/ -->\n<title>\u2018Toplessa\u00e7o\u2019 recebe apoio de banhistas na praia de Ipanema - Not&iacute;cias em Destaque<\/title>\n<meta name=\"robots\" content=\"index, follow, max-snippet:-1, max-image-preview:large, max-video-preview:-1\" \/>\n<link rel=\"canonical\" href=\"https:\/\/noticiasemdestaque.com\/cd\/?p=5748\" \/>\n<meta property=\"og:locale\" content=\"pt_BR\" \/>\n<meta property=\"og:type\" content=\"article\" \/>\n<meta property=\"og:title\" content=\"\u2018Toplessa\u00e7o\u2019 recebe apoio de banhistas na praia de Ipanema - Not&iacute;cias em Destaque\" \/>\n<meta property=\"og:description\" content=\"Um ato de mulheres pela liberdade roubou a cena na tarde deste s\u00e1bado na praia de Ipanema, na Zona Sul do Rio. Quatro mulheres realizaram um\u00a0toplessa\u00e7o\u00a0em frente ao Posto 9, como antecipou a coluna \u201cGente Boa\u201d, de O GLOBO, na \u00faltima quarta-feira. Entre olhares e coment\u00e1rios \u2013 a maioria de apoio -, Ana Paula Nogueira, de 38 anos; Mary Kleinman, de 69; Laura Macedo, de 30; e Hannah Linhares, de 25; retiraram a parte de cima do biquini como forma de protestar contra a onda conservadora crescente no pa\u00eds e na cidade, como no epis\u00f3dio do cancelamento das negocia\u00e7\u00f5es para a exposi\u00e7\u00e3o \u201cQueermuseu\u201d no Museu de Arte do Rio (MAR). Elas foram aplaudidas por grande parte dos banhistas pr\u00f3ximos ao mar. \u2013 O Rio est\u00e1 ficando cada vez mais conservador. Se n\u00e3o colocarmos a cara na rua seremos cada vez mais massacrados: mulher, gay, a galera das artes. \u00c9 importante marcar presen\u00e7a. A gente queria mostrar que o Rio n\u00e3o \u00e9 uma cidade conservadora, n\u00e3o vamos deixar que se torne uma cidade conservadora. Fala pro Crivella que vai ter topless no fundo do mar tamb\u00e9m ! \u2013 ironiza a jornalista e produtora de cinema Ana Paula Nogueira, organizadora do movimento, se referindo ao v\u00eddeo em que o prefeito do Rio aparece dizendo que a exposi\u00e7\u00e3o \u201cQueermuseu\u201d s\u00f3 se apresentaria se fosse \u201cno fundo do mar\u201d. A manifesta\u00e7\u00e3o \u201cTopless in Rio\u201d, que tradicionalmente aconrtece no dia 20 de fevereiro (Dia de S\u00e3o Sebasti\u00e3o), chegou a sua quarta edi\u00e7\u00e3o desde 2013. A professora de biologia Hannah Linhares participou pela primeira vez. Ela diz que n\u00e3o esperava experimentar uma sensa\u00e7\u00e3o de liberdade t\u00e3o grande: \u2013 Esse \u00e9 meu primeiro toplees. Sempre tive muito h\u00e1bito de ficar pelada em casa. Foi a primeira vez e foi interessante pra ver como as pessoas se aglomeram a sua volta. \u00c9 uma sensa\u00e7\u00e3o de liberdade muito grande. N\u00e3o imaginei que eu fosse me sentir t\u00e3o \u00e0 vontade de ficar com peitos de fora at\u00e9 agora, mesmo ap\u00f3s o ato. Acho que as rea\u00e7\u00f5es de homens mostra como somos incubados. Isso sempre foi um tabu. Mulheres me disseram que querem ter essa coragem. Hanna Linhares e Ana Paula Nogueira participaram da quarta edi\u00e7\u00e3o do \u201cTopless in Rio\u201d\u00a0\u2013 Hermes de Paula \/ Ag\u00eancia O Globo A aposentada Marize Andrade, de 59 anos, acompanhou a cena pr\u00f3xima do neto Paulo V\u00edtor, de tr\u00eas anos. Enquanto a manifesta\u00e7\u00e3o ocorria, ela ensinava ao pequeno a import\u00e2ncia de respeitar o corpo da mulher, e ressaltava a import\u00e2ncia de reagir com naturalidade ao ato: \u2013 Ele n\u00e3o ligou para o fato de elas estarem sem suti\u00e3. \u00c9 natural. O que interessa \u00e9 ser feliz, e n\u00e3o como. Desde que n\u00e3o machuque o pr\u00f3ximo, n\u00e3o importa. Quero que ele saiba desde cedo que o que interessa \u00e9 ser feliz. E respeitar o corpo da mulher. Cenas da manifesta\u00e7\u00e3o foram foram filmadas para um document\u00e1rio que deve ser exibido no \u201cCanal Brasil\u201d em 2018. \u2013 Criamos o movimento\u00a0Topless in Rio\u00a0que bolou uma s\u00e9rie \u201cRio de Topless\u201d, que entrar\u00e1 no ar no Canal Brasil no pr\u00f3ximo ano. J\u00e1 entregamos quatro epis\u00f3dios e hoje gravamos cenas para o \u00faltimo epis\u00f3dio \u00e9 sobre toplessa\u00e7o. Vamos falar sobre todas as edi\u00e7\u00f5es que j\u00e1 existiram \u2013 explica Ana Paula Nogueira. Fonte: O Globo\" \/>\n<meta property=\"og:url\" content=\"https:\/\/noticiasemdestaque.com\/cd\/?p=5748\" \/>\n<meta property=\"og:site_name\" content=\"Not&iacute;cias em Destaque\" \/>\n<meta property=\"article:published_time\" content=\"2017-11-05T12:30:56+00:00\" \/>\n<meta property=\"og:image\" content=\"https:\/\/noticiasemdestaque.com\/cd\/wp-content\/uploads\/2017\/11\/toplessaco.jpg\" \/>\n\t<meta property=\"og:image:width\" content=\"699\" \/>\n\t<meta property=\"og:image:height\" content=\"420\" \/>\n\t<meta property=\"og:image:type\" content=\"image\/jpeg\" \/>\n<meta name=\"author\" content=\"Not\u00edcias em Destaque\" \/>\n<meta name=\"twitter:card\" content=\"summary_large_image\" \/>\n<meta name=\"twitter:label1\" content=\"Escrito por\" \/>\n\t<meta name=\"twitter:data1\" content=\"Not\u00edcias em Destaque\" \/>\n\t<meta name=\"twitter:label2\" content=\"Est. tempo de leitura\" \/>\n\t<meta name=\"twitter:data2\" content=\"3 minutos\" \/>\n<script type=\"application\/ld+json\" class=\"yoast-schema-graph\">{\"@context\":\"https:\/\/schema.org\",\"@graph\":[{\"@type\":\"Article\",\"@id\":\"https:\/\/noticiasemdestaque.com\/cd\/?p=5748#article\",\"isPartOf\":{\"@id\":\"https:\/\/noticiasemdestaque.com\/cd\/?p=5748\"},\"author\":{\"name\":\"Not\u00edcias em Destaque\",\"@id\":\"https:\/\/noticiasemdestaque.com\/cd\/#\/schema\/person\/21320b03a7e8bb90128938dafc9b908a\"},\"headline\":\"\u2018Toplessa\u00e7o\u2019 recebe apoio de banhistas na praia de Ipanema\",\"datePublished\":\"2017-11-05T12:30:56+00:00\",\"mainEntityOfPage\":{\"@id\":\"https:\/\/noticiasemdestaque.com\/cd\/?p=5748\"},\"wordCount\":592,\"publisher\":{\"@id\":\"https:\/\/noticiasemdestaque.com\/cd\/#organization\"},\"image\":{\"@id\":\"https:\/\/noticiasemdestaque.com\/cd\/?p=5748#primaryimage\"},\"thumbnailUrl\":\"https:\/\/noticiasemdestaque.com\/cd\/wp-content\/uploads\/2017\/11\/toplessaco.jpg\",\"articleSection\":[\"Cidades\"],\"inLanguage\":\"pt-BR\"},{\"@type\":\"WebPage\",\"@id\":\"https:\/\/noticiasemdestaque.com\/cd\/?p=5748\",\"url\":\"https:\/\/noticiasemdestaque.com\/cd\/?p=5748\",\"name\":\"\u2018Toplessa\u00e7o\u2019 recebe apoio de banhistas na praia de Ipanema - Not&iacute;cias em Destaque\",\"isPartOf\":{\"@id\":\"https:\/\/noticiasemdestaque.com\/cd\/#website\"},\"primaryImageOfPage\":{\"@id\":\"https:\/\/noticiasemdestaque.com\/cd\/?p=5748#primaryimage\"},\"image\":{\"@id\":\"https:\/\/noticiasemdestaque.com\/cd\/?p=5748#primaryimage\"},\"thumbnailUrl\":\"https:\/\/noticiasemdestaque.com\/cd\/wp-content\/uploads\/2017\/11\/toplessaco.jpg\",\"datePublished\":\"2017-11-05T12:30:56+00:00\",\"breadcrumb\":{\"@id\":\"https:\/\/noticiasemdestaque.com\/cd\/?p=5748#breadcrumb\"},\"inLanguage\":\"pt-BR\",\"potentialAction\":[{\"@type\":\"ReadAction\",\"target\":[\"https:\/\/noticiasemdestaque.com\/cd\/?p=5748\"]}]},{\"@type\":\"ImageObject\",\"inLanguage\":\"pt-BR\",\"@id\":\"https:\/\/noticiasemdestaque.com\/cd\/?p=5748#primaryimage\",\"url\":\"https:\/\/noticiasemdestaque.com\/cd\/wp-content\/uploads\/2017\/11\/toplessaco.jpg\",\"contentUrl\":\"https:\/\/noticiasemdestaque.com\/cd\/wp-content\/uploads\/2017\/11\/toplessaco.jpg\",\"width\":699,\"height\":420},{\"@type\":\"BreadcrumbList\",\"@id\":\"https:\/\/noticiasemdestaque.com\/cd\/?p=5748#breadcrumb\",\"itemListElement\":[{\"@type\":\"ListItem\",\"position\":1,\"name\":\"In\u00edcio\",\"item\":\"https:\/\/noticiasemdestaque.com\/cd\/\"},{\"@type\":\"ListItem\",\"position\":2,\"name\":\"\u2018Toplessa\u00e7o\u2019 recebe apoio de banhistas na praia de Ipanema\"}]},{\"@type\":\"WebSite\",\"@id\":\"https:\/\/noticiasemdestaque.com\/cd\/#website\",\"url\":\"https:\/\/noticiasemdestaque.com\/cd\/\",\"name\":\"Not&iacute;cias em Destaque\",\"description\":\"\",\"publisher\":{\"@id\":\"https:\/\/noticiasemdestaque.com\/cd\/#organization\"},\"potentialAction\":[{\"@type\":\"SearchAction\",\"target\":{\"@type\":\"EntryPoint\",\"urlTemplate\":\"https:\/\/noticiasemdestaque.com\/cd\/?s={search_term_string}\"},\"query-input\":{\"@type\":\"PropertyValueSpecification\",\"valueRequired\":true,\"valueName\":\"search_term_string\"}}],\"inLanguage\":\"pt-BR\"},{\"@type\":\"Organization\",\"@id\":\"https:\/\/noticiasemdestaque.com\/cd\/#organization\",\"name\":\"Not\u00edcias em Destaque\",\"url\":\"https:\/\/noticiasemdestaque.com\/cd\/\",\"logo\":{\"@type\":\"ImageObject\",\"inLanguage\":\"pt-BR\",\"@id\":\"https:\/\/noticiasemdestaque.com\/cd\/#\/schema\/logo\/image\/\",\"url\":\"https:\/\/noticiasemdestaque.com\/cd\/wp-content\/uploads\/2022\/05\/imagem-base-noticiasemdestaque.png\",\"contentUrl\":\"https:\/\/noticiasemdestaque.com\/cd\/wp-content\/uploads\/2022\/05\/imagem-base-noticiasemdestaque.png\",\"width\":1200,\"height\":630,\"caption\":\"Not\u00edcias em Destaque\"},\"image\":{\"@id\":\"https:\/\/noticiasemdestaque.com\/cd\/#\/schema\/logo\/image\/\"}},{\"@type\":\"Person\",\"@id\":\"https:\/\/noticiasemdestaque.com\/cd\/#\/schema\/person\/21320b03a7e8bb90128938dafc9b908a\",\"name\":\"Not\u00edcias em Destaque\",\"url\":\"https:\/\/noticiasemdestaque.com\/cd\/?author=2\"}]}<\/script>\n<!-- \/ Yoast SEO plugin. -->","yoast_head_json":{"title":"\u2018Toplessa\u00e7o\u2019 recebe apoio de banhistas na praia de Ipanema - Not&iacute;cias em Destaque","robots":{"index":"index","follow":"follow","max-snippet":"max-snippet:-1","max-image-preview":"max-image-preview:large","max-video-preview":"max-video-preview:-1"},"canonical":"https:\/\/noticiasemdestaque.com\/cd\/?p=5748","og_locale":"pt_BR","og_type":"article","og_title":"\u2018Toplessa\u00e7o\u2019 recebe apoio de banhistas na praia de Ipanema - Not&iacute;cias em Destaque","og_description":"Um ato de mulheres pela liberdade roubou a cena na tarde deste s\u00e1bado na praia de Ipanema, na Zona Sul do Rio. Quatro mulheres realizaram um\u00a0toplessa\u00e7o\u00a0em frente ao Posto 9, como antecipou a coluna \u201cGente Boa\u201d, de O GLOBO, na \u00faltima quarta-feira. Entre olhares e coment\u00e1rios \u2013 a maioria de apoio -, Ana Paula Nogueira, de 38 anos; Mary Kleinman, de 69; Laura Macedo, de 30; e Hannah Linhares, de 25; retiraram a parte de cima do biquini como forma de protestar contra a onda conservadora crescente no pa\u00eds e na cidade, como no epis\u00f3dio do cancelamento das negocia\u00e7\u00f5es para a exposi\u00e7\u00e3o \u201cQueermuseu\u201d no Museu de Arte do Rio (MAR). Elas foram aplaudidas por grande parte dos banhistas pr\u00f3ximos ao mar. \u2013 O Rio est\u00e1 ficando cada vez mais conservador. Se n\u00e3o colocarmos a cara na rua seremos cada vez mais massacrados: mulher, gay, a galera das artes. \u00c9 importante marcar presen\u00e7a. A gente queria mostrar que o Rio n\u00e3o \u00e9 uma cidade conservadora, n\u00e3o vamos deixar que se torne uma cidade conservadora. Fala pro Crivella que vai ter topless no fundo do mar tamb\u00e9m ! \u2013 ironiza a jornalista e produtora de cinema Ana Paula Nogueira, organizadora do movimento, se referindo ao v\u00eddeo em que o prefeito do Rio aparece dizendo que a exposi\u00e7\u00e3o \u201cQueermuseu\u201d s\u00f3 se apresentaria se fosse \u201cno fundo do mar\u201d. A manifesta\u00e7\u00e3o \u201cTopless in Rio\u201d, que tradicionalmente aconrtece no dia 20 de fevereiro (Dia de S\u00e3o Sebasti\u00e3o), chegou a sua quarta edi\u00e7\u00e3o desde 2013. A professora de biologia Hannah Linhares participou pela primeira vez. Ela diz que n\u00e3o esperava experimentar uma sensa\u00e7\u00e3o de liberdade t\u00e3o grande: \u2013 Esse \u00e9 meu primeiro toplees. Sempre tive muito h\u00e1bito de ficar pelada em casa. Foi a primeira vez e foi interessante pra ver como as pessoas se aglomeram a sua volta. \u00c9 uma sensa\u00e7\u00e3o de liberdade muito grande. N\u00e3o imaginei que eu fosse me sentir t\u00e3o \u00e0 vontade de ficar com peitos de fora at\u00e9 agora, mesmo ap\u00f3s o ato. Acho que as rea\u00e7\u00f5es de homens mostra como somos incubados. Isso sempre foi um tabu. Mulheres me disseram que querem ter essa coragem. Hanna Linhares e Ana Paula Nogueira participaram da quarta edi\u00e7\u00e3o do \u201cTopless in Rio\u201d\u00a0\u2013 Hermes de Paula \/ Ag\u00eancia O Globo A aposentada Marize Andrade, de 59 anos, acompanhou a cena pr\u00f3xima do neto Paulo V\u00edtor, de tr\u00eas anos. Enquanto a manifesta\u00e7\u00e3o ocorria, ela ensinava ao pequeno a import\u00e2ncia de respeitar o corpo da mulher, e ressaltava a import\u00e2ncia de reagir com naturalidade ao ato: \u2013 Ele n\u00e3o ligou para o fato de elas estarem sem suti\u00e3. \u00c9 natural. O que interessa \u00e9 ser feliz, e n\u00e3o como. Desde que n\u00e3o machuque o pr\u00f3ximo, n\u00e3o importa. Quero que ele saiba desde cedo que o que interessa \u00e9 ser feliz. E respeitar o corpo da mulher. Cenas da manifesta\u00e7\u00e3o foram foram filmadas para um document\u00e1rio que deve ser exibido no \u201cCanal Brasil\u201d em 2018. \u2013 Criamos o movimento\u00a0Topless in Rio\u00a0que bolou uma s\u00e9rie \u201cRio de Topless\u201d, que entrar\u00e1 no ar no Canal Brasil no pr\u00f3ximo ano. J\u00e1 entregamos quatro epis\u00f3dios e hoje gravamos cenas para o \u00faltimo epis\u00f3dio \u00e9 sobre toplessa\u00e7o. Vamos falar sobre todas as edi\u00e7\u00f5es que j\u00e1 existiram \u2013 explica Ana Paula Nogueira. Fonte: O Globo","og_url":"https:\/\/noticiasemdestaque.com\/cd\/?p=5748","og_site_name":"Not&iacute;cias em Destaque","article_published_time":"2017-11-05T12:30:56+00:00","og_image":[{"width":699,"height":420,"url":"https:\/\/noticiasemdestaque.com\/cd\/wp-content\/uploads\/2017\/11\/toplessaco.jpg","type":"image\/jpeg"}],"author":"Not\u00edcias em Destaque","twitter_card":"summary_large_image","twitter_misc":{"Escrito por":"Not\u00edcias em Destaque","Est. tempo de leitura":"3 minutos"},"schema":{"@context":"https:\/\/schema.org","@graph":[{"@type":"Article","@id":"https:\/\/noticiasemdestaque.com\/cd\/?p=5748#article","isPartOf":{"@id":"https:\/\/noticiasemdestaque.com\/cd\/?p=5748"},"author":{"name":"Not\u00edcias em Destaque","@id":"https:\/\/noticiasemdestaque.com\/cd\/#\/schema\/person\/21320b03a7e8bb90128938dafc9b908a"},"headline":"\u2018Toplessa\u00e7o\u2019 recebe apoio de banhistas na praia de Ipanema","datePublished":"2017-11-05T12:30:56+00:00","mainEntityOfPage":{"@id":"https:\/\/noticiasemdestaque.com\/cd\/?p=5748"},"wordCount":592,"publisher":{"@id":"https:\/\/noticiasemdestaque.com\/cd\/#organization"},"image":{"@id":"https:\/\/noticiasemdestaque.com\/cd\/?p=5748#primaryimage"},"thumbnailUrl":"https:\/\/noticiasemdestaque.com\/cd\/wp-content\/uploads\/2017\/11\/toplessaco.jpg","articleSection":["Cidades"],"inLanguage":"pt-BR"},{"@type":"WebPage","@id":"https:\/\/noticiasemdestaque.com\/cd\/?p=5748","url":"https:\/\/noticiasemdestaque.com\/cd\/?p=5748","name":"\u2018Toplessa\u00e7o\u2019 recebe apoio de banhistas na praia de Ipanema - Not&iacute;cias em Destaque","isPartOf":{"@id":"https:\/\/noticiasemdestaque.com\/cd\/#website"},"primaryImageOfPage":{"@id":"https:\/\/noticiasemdestaque.com\/cd\/?p=5748#primaryimage"},"image":{"@id":"https:\/\/noticiasemdestaque.com\/cd\/?p=5748#primaryimage"},"thumbnailUrl":"https:\/\/noticiasemdestaque.com\/cd\/wp-content\/uploads\/2017\/11\/toplessaco.jpg","datePublished":"2017-11-05T12:30:56+00:00","breadcrumb":{"@id":"https:\/\/noticiasemdestaque.com\/cd\/?p=5748#breadcrumb"},"inLanguage":"pt-BR","potentialAction":[{"@type":"ReadAction","target":["https:\/\/noticiasemdestaque.com\/cd\/?p=5748"]}]},{"@type":"ImageObject","inLanguage":"pt-BR","@id":"https:\/\/noticiasemdestaque.com\/cd\/?p=5748#primaryimage","url":"https:\/\/noticiasemdestaque.com\/cd\/wp-content\/uploads\/2017\/11\/toplessaco.jpg","contentUrl":"https:\/\/noticiasemdestaque.com\/cd\/wp-content\/uploads\/2017\/11\/toplessaco.jpg","width":699,"height":420},{"@type":"BreadcrumbList","@id":"https:\/\/noticiasemdestaque.com\/cd\/?p=5748#breadcrumb","itemListElement":[{"@type":"ListItem","position":1,"name":"In\u00edcio","item":"https:\/\/noticiasemdestaque.com\/cd\/"},{"@type":"ListItem","position":2,"name":"\u2018Toplessa\u00e7o\u2019 recebe apoio de banhistas na praia de Ipanema"}]},{"@type":"WebSite","@id":"https:\/\/noticiasemdestaque.com\/cd\/#website","url":"https:\/\/noticiasemdestaque.com\/cd\/","name":"Not&iacute;cias em Destaque","description":"","publisher":{"@id":"https:\/\/noticiasemdestaque.com\/cd\/#organization"},"potentialAction":[{"@type":"SearchAction","target":{"@type":"EntryPoint","urlTemplate":"https:\/\/noticiasemdestaque.com\/cd\/?s={search_term_string}"},"query-input":{"@type":"PropertyValueSpecification","valueRequired":true,"valueName":"search_term_string"}}],"inLanguage":"pt-BR"},{"@type":"Organization","@id":"https:\/\/noticiasemdestaque.com\/cd\/#organization","name":"Not\u00edcias em Destaque","url":"https:\/\/noticiasemdestaque.com\/cd\/","logo":{"@type":"ImageObject","inLanguage":"pt-BR","@id":"https:\/\/noticiasemdestaque.com\/cd\/#\/schema\/logo\/image\/","url":"https:\/\/noticiasemdestaque.com\/cd\/wp-content\/uploads\/2022\/05\/imagem-base-noticiasemdestaque.png","contentUrl":"https:\/\/noticiasemdestaque.com\/cd\/wp-content\/uploads\/2022\/05\/imagem-base-noticiasemdestaque.png","width":1200,"height":630,"caption":"Not\u00edcias em Destaque"},"image":{"@id":"https:\/\/noticiasemdestaque.com\/cd\/#\/schema\/logo\/image\/"}},{"@type":"Person","@id":"https:\/\/noticiasemdestaque.com\/cd\/#\/schema\/person\/21320b03a7e8bb90128938dafc9b908a","name":"Not\u00edcias em Destaque","url":"https:\/\/noticiasemdestaque.com\/cd\/?author=2"}]}},"jetpack_featured_media_url":"https:\/\/noticiasemdestaque.com\/cd\/wp-content\/uploads\/2017\/11\/toplessaco.jpg","jetpack_sharing_enabled":true,"_links":{"self":[{"href":"https:\/\/noticiasemdestaque.com\/cd\/index.php?rest_route=\/wp\/v2\/posts\/5748","targetHints":{"allow":["GET"]}}],"collection":[{"href":"https:\/\/noticiasemdestaque.com\/cd\/index.php?rest_route=\/wp\/v2\/posts"}],"about":[{"href":"https:\/\/noticiasemdestaque.com\/cd\/index.php?rest_route=\/wp\/v2\/types\/post"}],"author":[{"embeddable":true,"href":"https:\/\/noticiasemdestaque.com\/cd\/index.php?rest_route=\/wp\/v2\/users\/2"}],"replies":[{"embeddable":true,"href":"https:\/\/noticiasemdestaque.com\/cd\/index.php?rest_route=%2Fwp%2Fv2%2Fcomments&post=5748"}],"version-history":[{"count":1,"href":"https:\/\/noticiasemdestaque.com\/cd\/index.php?rest_route=\/wp\/v2\/posts\/5748\/revisions"}],"predecessor-version":[{"id":5750,"href":"https:\/\/noticiasemdestaque.com\/cd\/index.php?rest_route=\/wp\/v2\/posts\/5748\/revisions\/5750"}],"wp:featuredmedia":[{"embeddable":true,"href":"https:\/\/noticiasemdestaque.com\/cd\/index.php?rest_route=\/wp\/v2\/media\/5749"}],"wp:attachment":[{"href":"https:\/\/noticiasemdestaque.com\/cd\/index.php?rest_route=%2Fwp%2Fv2%2Fmedia&parent=5748"}],"wp:term":[{"taxonomy":"category","embeddable":true,"href":"https:\/\/noticiasemdestaque.com\/cd\/index.php?rest_route=%2Fwp%2Fv2%2Fcategories&post=5748"},{"taxonomy":"post_tag","embeddable":true,"href":"https:\/\/noticiasemdestaque.com\/cd\/index.php?rest_route=%2Fwp%2Fv2%2Ftags&post=5748"}],"curies":[{"name":"wp","href":"https:\/\/api.w.org\/{rel}","templated":true}]}}