{"id":57301,"date":"2024-05-07T10:26:29","date_gmt":"2024-05-07T13:26:29","guid":{"rendered":"https:\/\/noticiasemdestaque.com\/cd\/?p=57301"},"modified":"2024-05-07T10:26:29","modified_gmt":"2024-05-07T13:26:29","slug":"prefeitura-anuncia-iguinho-e-lulinha-como-segunda-atracao-do-sao-joao-de-ouro-velho","status":"publish","type":"post","link":"https:\/\/noticiasemdestaque.com\/cd\/?p=57301","title":{"rendered":"Prefeitura anuncia Iguinho e Lulinha como segunda atra\u00e7\u00e3o do S\u00e3o Jo\u00e3o de Ouro Velho"},"content":{"rendered":"<p><a href=\"https:\/\/noticiasemdestaque.com\/cd\/wp-content\/uploads\/2023\/08\/iguinho.webp\"><img fetchpriority=\"high\" decoding=\"async\" class=\"size-medium wp-image-50882 aligncenter\" src=\"https:\/\/noticiasemdestaque.com\/cd\/wp-content\/uploads\/2023\/08\/iguinho-300x190.webp\" alt=\"\" width=\"300\" height=\"190\" srcset=\"https:\/\/noticiasemdestaque.com\/cd\/wp-content\/uploads\/2023\/08\/iguinho-300x190.webp 300w, https:\/\/noticiasemdestaque.com\/cd\/wp-content\/uploads\/2023\/08\/iguinho-768x488.webp 768w, https:\/\/noticiasemdestaque.com\/cd\/wp-content\/uploads\/2023\/08\/iguinho-18x12.webp 18w, https:\/\/noticiasemdestaque.com\/cd\/wp-content\/uploads\/2023\/08\/iguinho-410x260.webp 410w, https:\/\/noticiasemdestaque.com\/cd\/wp-content\/uploads\/2023\/08\/iguinho.webp 1024w\" sizes=\"(max-width: 300px) 100vw, 300px\" \/><\/a><\/p>\n<p>A Prefeitura de Ouro Velho confirmou na noite desta segunda-feira (06), a segunda atra\u00e7\u00e3o do S\u00e3o Jo\u00e3o de Ouro 2024. A dupla forrozeira, Iguinho e Lulinha, \u00e9 a segunda atra\u00e7\u00e3o, que se apresentar\u00e1 no dia 3de junho.<\/p>\n<p>O evento ocorrer\u00e1 nos dias 3 e 4 de junho, no P\u00e1tio de Eventos que ser\u00e1 inaugurado em breve. Mais atra\u00e7\u00f5es ser\u00e3o anunciadas nos pr\u00f3ximos dias, neste que promete ser o maior S\u00e3o Jo\u00e3o da hist\u00f3ria.<\/p>\n<p>Em entrevista, o prefeito Dr. Augusto Valadares, falou sobre o an\u00fancio da atra\u00e7\u00e3o, e afirmou que esta ser\u00e1 a maior festa junina da hist\u00f3ria de Ouro Velho.<\/p>\n<p>\u201c\u00c9 uma grande atra\u00e7\u00e3o, pela segunda vez em Ouro Velho. Tenho dito que esta ser\u00e1 a maior festa junina da hist\u00f3ria de Ouro Velho,\u201d disse.<\/p>\n<p>Anteriormente, a gest\u00e3o municipal j\u00e1 havia anunciado o cantor Z\u00e9 Vaqueiro.<\/p>\n<p>&nbsp;<\/p>\n","protected":false},"excerpt":{"rendered":"<p>A Prefeitura de Ouro Velho confirmou na noite desta segunda-feira (06), a segunda atra\u00e7\u00e3o do S\u00e3o Jo\u00e3o de Ouro 2024. A dupla forrozeira, Iguinho e Lulinha, \u00e9 a segunda atra\u00e7\u00e3o, que se apresentar\u00e1 no dia 3de junho. O evento ocorrer\u00e1 nos dias 3 e 4 de junho, no P\u00e1tio de Eventos que ser\u00e1 inaugurado em breve. Mais atra\u00e7\u00f5es ser\u00e3o anunciadas nos pr\u00f3ximos dias, neste que promete ser o maior S\u00e3o Jo\u00e3o da hist\u00f3ria. Em entrevista, o prefeito Dr. Augusto Valadares, falou sobre o an\u00fancio da atra\u00e7\u00e3o, e afirmou que esta ser\u00e1 a maior festa junina da hist\u00f3ria de Ouro Velho. \u201c\u00c9 uma grande atra\u00e7\u00e3o, pela segunda vez em Ouro Velho. Tenho dito que esta ser\u00e1 a maior festa junina da hist\u00f3ria de Ouro Velho,\u201d disse. Anteriormente, a gest\u00e3o municipal j\u00e1 havia anunciado o cantor Z\u00e9 Vaqueiro. &nbsp;<\/p>\n","protected":false},"author":2,"featured_media":50882,"comment_status":"closed","ping_status":"open","sticky":false,"template":"","format":"standard","meta":{"_eb_attr":"","_jetpack_memberships_contains_paid_content":false,"footnotes":""},"categories":[12],"tags":[],"class_list":["post-57301","post","type-post","status-publish","format-standard","has-post-thumbnail","hentry","category-geral"],"yoast_head":"<!-- This site is optimized with the Yoast SEO plugin v26.5 - https:\/\/yoast.com\/wordpress\/plugins\/seo\/ -->\n<title>Prefeitura anuncia Iguinho e Lulinha como segunda atra\u00e7\u00e3o do S\u00e3o Jo\u00e3o de Ouro Velho - Not&iacute;cias em Destaque<\/title>\n<meta name=\"robots\" content=\"index, follow, max-snippet:-1, max-image-preview:large, max-video-preview:-1\" \/>\n<link rel=\"canonical\" href=\"https:\/\/noticiasemdestaque.com\/cd\/?p=57301\" \/>\n<meta property=\"og:locale\" content=\"pt_BR\" \/>\n<meta property=\"og:type\" content=\"article\" \/>\n<meta property=\"og:title\" content=\"Prefeitura anuncia Iguinho e Lulinha como segunda atra\u00e7\u00e3o do S\u00e3o Jo\u00e3o de Ouro Velho - Not&iacute;cias em Destaque\" \/>\n<meta property=\"og:description\" content=\"A Prefeitura de Ouro Velho confirmou na noite desta segunda-feira (06), a segunda atra\u00e7\u00e3o do S\u00e3o Jo\u00e3o de Ouro 2024. A dupla forrozeira, Iguinho e Lulinha, \u00e9 a segunda atra\u00e7\u00e3o, que se apresentar\u00e1 no dia 3de junho. O evento ocorrer\u00e1 nos dias 3 e 4 de junho, no P\u00e1tio de Eventos que ser\u00e1 inaugurado em breve. Mais atra\u00e7\u00f5es ser\u00e3o anunciadas nos pr\u00f3ximos dias, neste que promete ser o maior S\u00e3o Jo\u00e3o da hist\u00f3ria. Em entrevista, o prefeito Dr. Augusto Valadares, falou sobre o an\u00fancio da atra\u00e7\u00e3o, e afirmou que esta ser\u00e1 a maior festa junina da hist\u00f3ria de Ouro Velho. \u201c\u00c9 uma grande atra\u00e7\u00e3o, pela segunda vez em Ouro Velho. Tenho dito que esta ser\u00e1 a maior festa junina da hist\u00f3ria de Ouro Velho,\u201d disse. Anteriormente, a gest\u00e3o municipal j\u00e1 havia anunciado o cantor Z\u00e9 Vaqueiro. &nbsp;\" \/>\n<meta property=\"og:url\" content=\"https:\/\/noticiasemdestaque.com\/cd\/?p=57301\" \/>\n<meta property=\"og:site_name\" content=\"Not&iacute;cias em Destaque\" \/>\n<meta property=\"article:published_time\" content=\"2024-05-07T13:26:29+00:00\" \/>\n<meta property=\"og:image\" content=\"https:\/\/noticiasemdestaque.com\/cd\/wp-content\/uploads\/2023\/08\/iguinho.webp\" \/>\n\t<meta property=\"og:image:width\" content=\"1024\" \/>\n\t<meta property=\"og:image:height\" content=\"650\" \/>\n\t<meta property=\"og:image:type\" content=\"image\/webp\" \/>\n<meta name=\"author\" content=\"Not\u00edcias em Destaque\" \/>\n<meta name=\"twitter:card\" content=\"summary_large_image\" \/>\n<meta name=\"twitter:label1\" content=\"Escrito por\" \/>\n\t<meta name=\"twitter:data1\" content=\"Not\u00edcias em Destaque\" \/>\n\t<meta name=\"twitter:label2\" content=\"Est. tempo de leitura\" \/>\n\t<meta name=\"twitter:data2\" content=\"1 minuto\" \/>\n<script type=\"application\/ld+json\" class=\"yoast-schema-graph\">{\"@context\":\"https:\/\/schema.org\",\"@graph\":[{\"@type\":\"Article\",\"@id\":\"https:\/\/noticiasemdestaque.com\/cd\/?p=57301#article\",\"isPartOf\":{\"@id\":\"https:\/\/noticiasemdestaque.com\/cd\/?p=57301\"},\"author\":{\"name\":\"Not\u00edcias em Destaque\",\"@id\":\"https:\/\/noticiasemdestaque.com\/cd\/#\/schema\/person\/21320b03a7e8bb90128938dafc9b908a\"},\"headline\":\"Prefeitura anuncia Iguinho e Lulinha como segunda atra\u00e7\u00e3o do S\u00e3o Jo\u00e3o de Ouro Velho\",\"datePublished\":\"2024-05-07T13:26:29+00:00\",\"mainEntityOfPage\":{\"@id\":\"https:\/\/noticiasemdestaque.com\/cd\/?p=57301\"},\"wordCount\":165,\"publisher\":{\"@id\":\"https:\/\/noticiasemdestaque.com\/cd\/#organization\"},\"image\":{\"@id\":\"https:\/\/noticiasemdestaque.com\/cd\/?p=57301#primaryimage\"},\"thumbnailUrl\":\"https:\/\/noticiasemdestaque.com\/cd\/wp-content\/uploads\/2023\/08\/iguinho.webp\",\"articleSection\":[\"Geral\"],\"inLanguage\":\"pt-BR\"},{\"@type\":\"WebPage\",\"@id\":\"https:\/\/noticiasemdestaque.com\/cd\/?p=57301\",\"url\":\"https:\/\/noticiasemdestaque.com\/cd\/?p=57301\",\"name\":\"Prefeitura anuncia Iguinho e Lulinha como segunda atra\u00e7\u00e3o do S\u00e3o Jo\u00e3o de Ouro Velho - Not&iacute;cias em Destaque\",\"isPartOf\":{\"@id\":\"https:\/\/noticiasemdestaque.com\/cd\/#website\"},\"primaryImageOfPage\":{\"@id\":\"https:\/\/noticiasemdestaque.com\/cd\/?p=57301#primaryimage\"},\"image\":{\"@id\":\"https:\/\/noticiasemdestaque.com\/cd\/?p=57301#primaryimage\"},\"thumbnailUrl\":\"https:\/\/noticiasemdestaque.com\/cd\/wp-content\/uploads\/2023\/08\/iguinho.webp\",\"datePublished\":\"2024-05-07T13:26:29+00:00\",\"breadcrumb\":{\"@id\":\"https:\/\/noticiasemdestaque.com\/cd\/?p=57301#breadcrumb\"},\"inLanguage\":\"pt-BR\",\"potentialAction\":[{\"@type\":\"ReadAction\",\"target\":[\"https:\/\/noticiasemdestaque.com\/cd\/?p=57301\"]}]},{\"@type\":\"ImageObject\",\"inLanguage\":\"pt-BR\",\"@id\":\"https:\/\/noticiasemdestaque.com\/cd\/?p=57301#primaryimage\",\"url\":\"https:\/\/noticiasemdestaque.com\/cd\/wp-content\/uploads\/2023\/08\/iguinho.webp\",\"contentUrl\":\"https:\/\/noticiasemdestaque.com\/cd\/wp-content\/uploads\/2023\/08\/iguinho.webp\",\"width\":1024,\"height\":650},{\"@type\":\"BreadcrumbList\",\"@id\":\"https:\/\/noticiasemdestaque.com\/cd\/?p=57301#breadcrumb\",\"itemListElement\":[{\"@type\":\"ListItem\",\"position\":1,\"name\":\"In\u00edcio\",\"item\":\"https:\/\/noticiasemdestaque.com\/cd\/\"},{\"@type\":\"ListItem\",\"position\":2,\"name\":\"Prefeitura anuncia Iguinho e Lulinha como segunda atra\u00e7\u00e3o do S\u00e3o Jo\u00e3o de Ouro Velho\"}]},{\"@type\":\"WebSite\",\"@id\":\"https:\/\/noticiasemdestaque.com\/cd\/#website\",\"url\":\"https:\/\/noticiasemdestaque.com\/cd\/\",\"name\":\"Not&iacute;cias em Destaque\",\"description\":\"\",\"publisher\":{\"@id\":\"https:\/\/noticiasemdestaque.com\/cd\/#organization\"},\"potentialAction\":[{\"@type\":\"SearchAction\",\"target\":{\"@type\":\"EntryPoint\",\"urlTemplate\":\"https:\/\/noticiasemdestaque.com\/cd\/?s={search_term_string}\"},\"query-input\":{\"@type\":\"PropertyValueSpecification\",\"valueRequired\":true,\"valueName\":\"search_term_string\"}}],\"inLanguage\":\"pt-BR\"},{\"@type\":\"Organization\",\"@id\":\"https:\/\/noticiasemdestaque.com\/cd\/#organization\",\"name\":\"Not\u00edcias em Destaque\",\"url\":\"https:\/\/noticiasemdestaque.com\/cd\/\",\"logo\":{\"@type\":\"ImageObject\",\"inLanguage\":\"pt-BR\",\"@id\":\"https:\/\/noticiasemdestaque.com\/cd\/#\/schema\/logo\/image\/\",\"url\":\"https:\/\/noticiasemdestaque.com\/cd\/wp-content\/uploads\/2022\/05\/imagem-base-noticiasemdestaque.png\",\"contentUrl\":\"https:\/\/noticiasemdestaque.com\/cd\/wp-content\/uploads\/2022\/05\/imagem-base-noticiasemdestaque.png\",\"width\":1200,\"height\":630,\"caption\":\"Not\u00edcias em Destaque\"},\"image\":{\"@id\":\"https:\/\/noticiasemdestaque.com\/cd\/#\/schema\/logo\/image\/\"}},{\"@type\":\"Person\",\"@id\":\"https:\/\/noticiasemdestaque.com\/cd\/#\/schema\/person\/21320b03a7e8bb90128938dafc9b908a\",\"name\":\"Not\u00edcias em Destaque\",\"url\":\"https:\/\/noticiasemdestaque.com\/cd\/?author=2\"}]}<\/script>\n<!-- \/ Yoast SEO plugin. -->","yoast_head_json":{"title":"Prefeitura anuncia Iguinho e Lulinha como segunda atra\u00e7\u00e3o do S\u00e3o Jo\u00e3o de Ouro Velho - Not&iacute;cias em Destaque","robots":{"index":"index","follow":"follow","max-snippet":"max-snippet:-1","max-image-preview":"max-image-preview:large","max-video-preview":"max-video-preview:-1"},"canonical":"https:\/\/noticiasemdestaque.com\/cd\/?p=57301","og_locale":"pt_BR","og_type":"article","og_title":"Prefeitura anuncia Iguinho e Lulinha como segunda atra\u00e7\u00e3o do S\u00e3o Jo\u00e3o de Ouro Velho - Not&iacute;cias em Destaque","og_description":"A Prefeitura de Ouro Velho confirmou na noite desta segunda-feira (06), a segunda atra\u00e7\u00e3o do S\u00e3o Jo\u00e3o de Ouro 2024. A dupla forrozeira, Iguinho e Lulinha, \u00e9 a segunda atra\u00e7\u00e3o, que se apresentar\u00e1 no dia 3de junho. O evento ocorrer\u00e1 nos dias 3 e 4 de junho, no P\u00e1tio de Eventos que ser\u00e1 inaugurado em breve. Mais atra\u00e7\u00f5es ser\u00e3o anunciadas nos pr\u00f3ximos dias, neste que promete ser o maior S\u00e3o Jo\u00e3o da hist\u00f3ria. Em entrevista, o prefeito Dr. Augusto Valadares, falou sobre o an\u00fancio da atra\u00e7\u00e3o, e afirmou que esta ser\u00e1 a maior festa junina da hist\u00f3ria de Ouro Velho. \u201c\u00c9 uma grande atra\u00e7\u00e3o, pela segunda vez em Ouro Velho. Tenho dito que esta ser\u00e1 a maior festa junina da hist\u00f3ria de Ouro Velho,\u201d disse. Anteriormente, a gest\u00e3o municipal j\u00e1 havia anunciado o cantor Z\u00e9 Vaqueiro. &nbsp;","og_url":"https:\/\/noticiasemdestaque.com\/cd\/?p=57301","og_site_name":"Not&iacute;cias em Destaque","article_published_time":"2024-05-07T13:26:29+00:00","og_image":[{"width":1024,"height":650,"url":"https:\/\/noticiasemdestaque.com\/cd\/wp-content\/uploads\/2023\/08\/iguinho.webp","type":"image\/webp"}],"author":"Not\u00edcias em Destaque","twitter_card":"summary_large_image","twitter_misc":{"Escrito por":"Not\u00edcias em Destaque","Est. tempo de leitura":"1 minuto"},"schema":{"@context":"https:\/\/schema.org","@graph":[{"@type":"Article","@id":"https:\/\/noticiasemdestaque.com\/cd\/?p=57301#article","isPartOf":{"@id":"https:\/\/noticiasemdestaque.com\/cd\/?p=57301"},"author":{"name":"Not\u00edcias em Destaque","@id":"https:\/\/noticiasemdestaque.com\/cd\/#\/schema\/person\/21320b03a7e8bb90128938dafc9b908a"},"headline":"Prefeitura anuncia Iguinho e Lulinha como segunda atra\u00e7\u00e3o do S\u00e3o Jo\u00e3o de Ouro Velho","datePublished":"2024-05-07T13:26:29+00:00","mainEntityOfPage":{"@id":"https:\/\/noticiasemdestaque.com\/cd\/?p=57301"},"wordCount":165,"publisher":{"@id":"https:\/\/noticiasemdestaque.com\/cd\/#organization"},"image":{"@id":"https:\/\/noticiasemdestaque.com\/cd\/?p=57301#primaryimage"},"thumbnailUrl":"https:\/\/noticiasemdestaque.com\/cd\/wp-content\/uploads\/2023\/08\/iguinho.webp","articleSection":["Geral"],"inLanguage":"pt-BR"},{"@type":"WebPage","@id":"https:\/\/noticiasemdestaque.com\/cd\/?p=57301","url":"https:\/\/noticiasemdestaque.com\/cd\/?p=57301","name":"Prefeitura anuncia Iguinho e Lulinha como segunda atra\u00e7\u00e3o do S\u00e3o Jo\u00e3o de Ouro Velho - Not&iacute;cias em Destaque","isPartOf":{"@id":"https:\/\/noticiasemdestaque.com\/cd\/#website"},"primaryImageOfPage":{"@id":"https:\/\/noticiasemdestaque.com\/cd\/?p=57301#primaryimage"},"image":{"@id":"https:\/\/noticiasemdestaque.com\/cd\/?p=57301#primaryimage"},"thumbnailUrl":"https:\/\/noticiasemdestaque.com\/cd\/wp-content\/uploads\/2023\/08\/iguinho.webp","datePublished":"2024-05-07T13:26:29+00:00","breadcrumb":{"@id":"https:\/\/noticiasemdestaque.com\/cd\/?p=57301#breadcrumb"},"inLanguage":"pt-BR","potentialAction":[{"@type":"ReadAction","target":["https:\/\/noticiasemdestaque.com\/cd\/?p=57301"]}]},{"@type":"ImageObject","inLanguage":"pt-BR","@id":"https:\/\/noticiasemdestaque.com\/cd\/?p=57301#primaryimage","url":"https:\/\/noticiasemdestaque.com\/cd\/wp-content\/uploads\/2023\/08\/iguinho.webp","contentUrl":"https:\/\/noticiasemdestaque.com\/cd\/wp-content\/uploads\/2023\/08\/iguinho.webp","width":1024,"height":650},{"@type":"BreadcrumbList","@id":"https:\/\/noticiasemdestaque.com\/cd\/?p=57301#breadcrumb","itemListElement":[{"@type":"ListItem","position":1,"name":"In\u00edcio","item":"https:\/\/noticiasemdestaque.com\/cd\/"},{"@type":"ListItem","position":2,"name":"Prefeitura anuncia Iguinho e Lulinha como segunda atra\u00e7\u00e3o do S\u00e3o Jo\u00e3o de Ouro Velho"}]},{"@type":"WebSite","@id":"https:\/\/noticiasemdestaque.com\/cd\/#website","url":"https:\/\/noticiasemdestaque.com\/cd\/","name":"Not&iacute;cias em Destaque","description":"","publisher":{"@id":"https:\/\/noticiasemdestaque.com\/cd\/#organization"},"potentialAction":[{"@type":"SearchAction","target":{"@type":"EntryPoint","urlTemplate":"https:\/\/noticiasemdestaque.com\/cd\/?s={search_term_string}"},"query-input":{"@type":"PropertyValueSpecification","valueRequired":true,"valueName":"search_term_string"}}],"inLanguage":"pt-BR"},{"@type":"Organization","@id":"https:\/\/noticiasemdestaque.com\/cd\/#organization","name":"Not\u00edcias em Destaque","url":"https:\/\/noticiasemdestaque.com\/cd\/","logo":{"@type":"ImageObject","inLanguage":"pt-BR","@id":"https:\/\/noticiasemdestaque.com\/cd\/#\/schema\/logo\/image\/","url":"https:\/\/noticiasemdestaque.com\/cd\/wp-content\/uploads\/2022\/05\/imagem-base-noticiasemdestaque.png","contentUrl":"https:\/\/noticiasemdestaque.com\/cd\/wp-content\/uploads\/2022\/05\/imagem-base-noticiasemdestaque.png","width":1200,"height":630,"caption":"Not\u00edcias em Destaque"},"image":{"@id":"https:\/\/noticiasemdestaque.com\/cd\/#\/schema\/logo\/image\/"}},{"@type":"Person","@id":"https:\/\/noticiasemdestaque.com\/cd\/#\/schema\/person\/21320b03a7e8bb90128938dafc9b908a","name":"Not\u00edcias em Destaque","url":"https:\/\/noticiasemdestaque.com\/cd\/?author=2"}]}},"jetpack_featured_media_url":"https:\/\/noticiasemdestaque.com\/cd\/wp-content\/uploads\/2023\/08\/iguinho.webp","jetpack_sharing_enabled":true,"_links":{"self":[{"href":"https:\/\/noticiasemdestaque.com\/cd\/index.php?rest_route=\/wp\/v2\/posts\/57301","targetHints":{"allow":["GET"]}}],"collection":[{"href":"https:\/\/noticiasemdestaque.com\/cd\/index.php?rest_route=\/wp\/v2\/posts"}],"about":[{"href":"https:\/\/noticiasemdestaque.com\/cd\/index.php?rest_route=\/wp\/v2\/types\/post"}],"author":[{"embeddable":true,"href":"https:\/\/noticiasemdestaque.com\/cd\/index.php?rest_route=\/wp\/v2\/users\/2"}],"replies":[{"embeddable":true,"href":"https:\/\/noticiasemdestaque.com\/cd\/index.php?rest_route=%2Fwp%2Fv2%2Fcomments&post=57301"}],"version-history":[{"count":1,"href":"https:\/\/noticiasemdestaque.com\/cd\/index.php?rest_route=\/wp\/v2\/posts\/57301\/revisions"}],"predecessor-version":[{"id":57302,"href":"https:\/\/noticiasemdestaque.com\/cd\/index.php?rest_route=\/wp\/v2\/posts\/57301\/revisions\/57302"}],"wp:featuredmedia":[{"embeddable":true,"href":"https:\/\/noticiasemdestaque.com\/cd\/index.php?rest_route=\/wp\/v2\/media\/50882"}],"wp:attachment":[{"href":"https:\/\/noticiasemdestaque.com\/cd\/index.php?rest_route=%2Fwp%2Fv2%2Fmedia&parent=57301"}],"wp:term":[{"taxonomy":"category","embeddable":true,"href":"https:\/\/noticiasemdestaque.com\/cd\/index.php?rest_route=%2Fwp%2Fv2%2Fcategories&post=57301"},{"taxonomy":"post_tag","embeddable":true,"href":"https:\/\/noticiasemdestaque.com\/cd\/index.php?rest_route=%2Fwp%2Fv2%2Ftags&post=57301"}],"curies":[{"name":"wp","href":"https:\/\/api.w.org\/{rel}","templated":true}]}}