{"id":57194,"date":"2024-05-01T14:08:27","date_gmt":"2024-05-01T17:08:27","guid":{"rendered":"https:\/\/noticiasemdestaque.com\/cd\/?p=57194"},"modified":"2024-05-01T14:08:27","modified_gmt":"2024-05-01T17:08:27","slug":"informe-publicitario-deputado-caio-roberto-destina-mais-de-1-milhao-de-reais-para-saude-de-sume","status":"publish","type":"post","link":"https:\/\/noticiasemdestaque.com\/cd\/?p=57194","title":{"rendered":"INFORME PUBLICIT\u00c1RIO: Deputado Caio Roberto destina mais de 1 milh\u00e3o de reais para sa\u00fade de Sum\u00e9"},"content":{"rendered":"<p><a href=\"https:\/\/noticiasemdestaque.com\/cd\/wp-content\/uploads\/2022\/05\/PREFEITURA-DE-SUME-1.jpg\"><img fetchpriority=\"high\" decoding=\"async\" class=\" wp-image-39340 aligncenter\" src=\"https:\/\/noticiasemdestaque.com\/cd\/wp-content\/uploads\/2022\/05\/PREFEITURA-DE-SUME-1-300x200.jpg\" alt=\"\" width=\"633\" height=\"422\" srcset=\"https:\/\/noticiasemdestaque.com\/cd\/wp-content\/uploads\/2022\/05\/PREFEITURA-DE-SUME-1-300x200.jpg 300w, https:\/\/noticiasemdestaque.com\/cd\/wp-content\/uploads\/2022\/05\/PREFEITURA-DE-SUME-1.jpg 600w\" sizes=\"(max-width: 633px) 100vw, 633px\" \/><\/a><\/p>\n<p>O deputado estadual Caio Roberto continua investindo nas v\u00e1rias frentes no munic\u00edpio de Sum\u00e9.<\/p>\n<p>Al\u00e9m das emendas destinadas a Educa\u00e7\u00e3o (R$ 500 mil creche Anitta Garibaldi, R$ 500 mil creche Rita Cipriano), o deputado j\u00e1 destinou R$ 500 mil para constru\u00e7\u00e3o do Centro de Especialidades M\u00e9dicas, localizado no Conjunto Habitacional, e j\u00e1 se comprometeu a mais R$ 500 mil para ajudar a equipar este espa\u00e7o.<\/p>\n<p>Ainda na sa\u00fade, Caio destinou R$ 100 mil para aquisi\u00e7\u00e3o de mais um ve\u00edculo para sa\u00fade e R$ 200 mil para ajuda de custeio da sa\u00fade.<\/p>\n<p>Somente nessas duas \u00e1reas ele j\u00e1 destinou, R$ 1 milh\u00e3o para educa\u00e7\u00e3o e mais R$ 1 milh\u00e3o e 300 mil para a sa\u00fade, totalizando R$ 2 milh\u00f5es e 300 mil.<\/p>\n<blockquote><p>\u201cSem a ajuda dos nossos deputados, federal (Wellington Roberto) e estadual (Caio Roberto), as dificuldades seriam bem maiores. Somos gratos \u00e0 todas as emendas destinadas ao munic\u00edpio de Sum\u00e9\u201d, disse o prefeito \u00c9den Duarte.<\/p><\/blockquote>\n<p><strong>Noticias em Destaque<\/strong><\/p>\n<p style=\"text-align: right;\"><em>Fonte: Ascom\/PMS<\/em><\/p>\n","protected":false},"excerpt":{"rendered":"<p>O deputado estadual Caio Roberto continua investindo nas v\u00e1rias frentes no munic\u00edpio de Sum\u00e9. Al\u00e9m das emendas destinadas a Educa\u00e7\u00e3o (R$ 500 mil creche Anitta Garibaldi, R$ 500 mil creche Rita Cipriano), o deputado j\u00e1 destinou R$ 500 mil para constru\u00e7\u00e3o do Centro de Especialidades M\u00e9dicas, localizado no Conjunto Habitacional, e j\u00e1 se comprometeu a mais R$ 500 mil para ajudar a equipar este espa\u00e7o. Ainda na sa\u00fade, Caio destinou R$ 100 mil para aquisi\u00e7\u00e3o de mais um ve\u00edculo para sa\u00fade e R$ 200 mil para ajuda de custeio da sa\u00fade. Somente nessas duas \u00e1reas ele j\u00e1 destinou, R$ 1 milh\u00e3o para educa\u00e7\u00e3o e mais R$ 1 milh\u00e3o e 300 mil para a sa\u00fade, totalizando R$ 2 milh\u00f5es e 300 mil. \u201cSem a ajuda dos nossos deputados, federal (Wellington Roberto) e estadual (Caio Roberto), as dificuldades seriam bem maiores. Somos gratos \u00e0 todas as emendas destinadas ao munic\u00edpio de Sum\u00e9\u201d, disse o prefeito \u00c9den Duarte. Noticias em Destaque Fonte: Ascom\/PMS<\/p>\n","protected":false},"author":2,"featured_media":49651,"comment_status":"closed","ping_status":"open","sticky":false,"template":"","format":"standard","meta":{"_eb_attr":"","_jetpack_memberships_contains_paid_content":false,"footnotes":""},"categories":[3],"tags":[],"class_list":["post-57194","post","type-post","status-publish","format-standard","has-post-thumbnail","hentry","category-cidades"],"yoast_head":"<!-- This site is optimized with the Yoast SEO plugin v26.5 - https:\/\/yoast.com\/wordpress\/plugins\/seo\/ -->\n<title>INFORME PUBLICIT\u00c1RIO: Deputado Caio Roberto destina mais de 1 milh\u00e3o de reais para sa\u00fade de Sum\u00e9 - Not&iacute;cias em Destaque<\/title>\n<meta name=\"robots\" content=\"index, follow, max-snippet:-1, max-image-preview:large, max-video-preview:-1\" \/>\n<link rel=\"canonical\" href=\"https:\/\/noticiasemdestaque.com\/cd\/?p=57194\" \/>\n<meta property=\"og:locale\" content=\"pt_BR\" \/>\n<meta property=\"og:type\" content=\"article\" \/>\n<meta property=\"og:title\" content=\"INFORME PUBLICIT\u00c1RIO: Deputado Caio Roberto destina mais de 1 milh\u00e3o de reais para sa\u00fade de Sum\u00e9 - Not&iacute;cias em Destaque\" \/>\n<meta property=\"og:description\" content=\"O deputado estadual Caio Roberto continua investindo nas v\u00e1rias frentes no munic\u00edpio de Sum\u00e9. Al\u00e9m das emendas destinadas a Educa\u00e7\u00e3o (R$ 500 mil creche Anitta Garibaldi, R$ 500 mil creche Rita Cipriano), o deputado j\u00e1 destinou R$ 500 mil para constru\u00e7\u00e3o do Centro de Especialidades M\u00e9dicas, localizado no Conjunto Habitacional, e j\u00e1 se comprometeu a mais R$ 500 mil para ajudar a equipar este espa\u00e7o. Ainda na sa\u00fade, Caio destinou R$ 100 mil para aquisi\u00e7\u00e3o de mais um ve\u00edculo para sa\u00fade e R$ 200 mil para ajuda de custeio da sa\u00fade. Somente nessas duas \u00e1reas ele j\u00e1 destinou, R$ 1 milh\u00e3o para educa\u00e7\u00e3o e mais R$ 1 milh\u00e3o e 300 mil para a sa\u00fade, totalizando R$ 2 milh\u00f5es e 300 mil. \u201cSem a ajuda dos nossos deputados, federal (Wellington Roberto) e estadual (Caio Roberto), as dificuldades seriam bem maiores. Somos gratos \u00e0 todas as emendas destinadas ao munic\u00edpio de Sum\u00e9\u201d, disse o prefeito \u00c9den Duarte. Noticias em Destaque Fonte: Ascom\/PMS\" \/>\n<meta property=\"og:url\" content=\"https:\/\/noticiasemdestaque.com\/cd\/?p=57194\" \/>\n<meta property=\"og:site_name\" content=\"Not&iacute;cias em Destaque\" \/>\n<meta property=\"article:published_time\" content=\"2024-05-01T17:08:27+00:00\" \/>\n<meta property=\"og:image\" content=\"https:\/\/noticiasemdestaque.com\/cd\/wp-content\/uploads\/2023\/07\/SUME.png\" \/>\n\t<meta property=\"og:image:width\" content=\"774\" \/>\n\t<meta property=\"og:image:height\" content=\"357\" \/>\n\t<meta property=\"og:image:type\" content=\"image\/png\" \/>\n<meta name=\"author\" content=\"Not\u00edcias em Destaque\" \/>\n<meta name=\"twitter:card\" content=\"summary_large_image\" \/>\n<meta name=\"twitter:label1\" content=\"Escrito por\" \/>\n\t<meta name=\"twitter:data1\" content=\"Not\u00edcias em Destaque\" \/>\n\t<meta name=\"twitter:label2\" content=\"Est. tempo de leitura\" \/>\n\t<meta name=\"twitter:data2\" content=\"2 minutos\" \/>\n<script type=\"application\/ld+json\" class=\"yoast-schema-graph\">{\"@context\":\"https:\/\/schema.org\",\"@graph\":[{\"@type\":\"Article\",\"@id\":\"https:\/\/noticiasemdestaque.com\/cd\/?p=57194#article\",\"isPartOf\":{\"@id\":\"https:\/\/noticiasemdestaque.com\/cd\/?p=57194\"},\"author\":{\"name\":\"Not\u00edcias em Destaque\",\"@id\":\"https:\/\/noticiasemdestaque.com\/cd\/#\/schema\/person\/21320b03a7e8bb90128938dafc9b908a\"},\"headline\":\"INFORME PUBLICIT\u00c1RIO: Deputado Caio Roberto destina mais de 1 milh\u00e3o de reais para sa\u00fade de Sum\u00e9\",\"datePublished\":\"2024-05-01T17:08:27+00:00\",\"mainEntityOfPage\":{\"@id\":\"https:\/\/noticiasemdestaque.com\/cd\/?p=57194\"},\"wordCount\":185,\"publisher\":{\"@id\":\"https:\/\/noticiasemdestaque.com\/cd\/#organization\"},\"image\":{\"@id\":\"https:\/\/noticiasemdestaque.com\/cd\/?p=57194#primaryimage\"},\"thumbnailUrl\":\"https:\/\/noticiasemdestaque.com\/cd\/wp-content\/uploads\/2023\/07\/SUME.png\",\"articleSection\":[\"Cidades\"],\"inLanguage\":\"pt-BR\"},{\"@type\":\"WebPage\",\"@id\":\"https:\/\/noticiasemdestaque.com\/cd\/?p=57194\",\"url\":\"https:\/\/noticiasemdestaque.com\/cd\/?p=57194\",\"name\":\"INFORME PUBLICIT\u00c1RIO: Deputado Caio Roberto destina mais de 1 milh\u00e3o de reais para sa\u00fade de Sum\u00e9 - Not&iacute;cias em Destaque\",\"isPartOf\":{\"@id\":\"https:\/\/noticiasemdestaque.com\/cd\/#website\"},\"primaryImageOfPage\":{\"@id\":\"https:\/\/noticiasemdestaque.com\/cd\/?p=57194#primaryimage\"},\"image\":{\"@id\":\"https:\/\/noticiasemdestaque.com\/cd\/?p=57194#primaryimage\"},\"thumbnailUrl\":\"https:\/\/noticiasemdestaque.com\/cd\/wp-content\/uploads\/2023\/07\/SUME.png\",\"datePublished\":\"2024-05-01T17:08:27+00:00\",\"breadcrumb\":{\"@id\":\"https:\/\/noticiasemdestaque.com\/cd\/?p=57194#breadcrumb\"},\"inLanguage\":\"pt-BR\",\"potentialAction\":[{\"@type\":\"ReadAction\",\"target\":[\"https:\/\/noticiasemdestaque.com\/cd\/?p=57194\"]}]},{\"@type\":\"ImageObject\",\"inLanguage\":\"pt-BR\",\"@id\":\"https:\/\/noticiasemdestaque.com\/cd\/?p=57194#primaryimage\",\"url\":\"https:\/\/noticiasemdestaque.com\/cd\/wp-content\/uploads\/2023\/07\/SUME.png\",\"contentUrl\":\"https:\/\/noticiasemdestaque.com\/cd\/wp-content\/uploads\/2023\/07\/SUME.png\",\"width\":774,\"height\":357},{\"@type\":\"BreadcrumbList\",\"@id\":\"https:\/\/noticiasemdestaque.com\/cd\/?p=57194#breadcrumb\",\"itemListElement\":[{\"@type\":\"ListItem\",\"position\":1,\"name\":\"In\u00edcio\",\"item\":\"https:\/\/noticiasemdestaque.com\/cd\/\"},{\"@type\":\"ListItem\",\"position\":2,\"name\":\"INFORME PUBLICIT\u00c1RIO: Deputado Caio Roberto destina mais de 1 milh\u00e3o de reais para sa\u00fade de Sum\u00e9\"}]},{\"@type\":\"WebSite\",\"@id\":\"https:\/\/noticiasemdestaque.com\/cd\/#website\",\"url\":\"https:\/\/noticiasemdestaque.com\/cd\/\",\"name\":\"Not&iacute;cias em Destaque\",\"description\":\"\",\"publisher\":{\"@id\":\"https:\/\/noticiasemdestaque.com\/cd\/#organization\"},\"potentialAction\":[{\"@type\":\"SearchAction\",\"target\":{\"@type\":\"EntryPoint\",\"urlTemplate\":\"https:\/\/noticiasemdestaque.com\/cd\/?s={search_term_string}\"},\"query-input\":{\"@type\":\"PropertyValueSpecification\",\"valueRequired\":true,\"valueName\":\"search_term_string\"}}],\"inLanguage\":\"pt-BR\"},{\"@type\":\"Organization\",\"@id\":\"https:\/\/noticiasemdestaque.com\/cd\/#organization\",\"name\":\"Not\u00edcias em Destaque\",\"url\":\"https:\/\/noticiasemdestaque.com\/cd\/\",\"logo\":{\"@type\":\"ImageObject\",\"inLanguage\":\"pt-BR\",\"@id\":\"https:\/\/noticiasemdestaque.com\/cd\/#\/schema\/logo\/image\/\",\"url\":\"https:\/\/noticiasemdestaque.com\/cd\/wp-content\/uploads\/2022\/05\/imagem-base-noticiasemdestaque.png\",\"contentUrl\":\"https:\/\/noticiasemdestaque.com\/cd\/wp-content\/uploads\/2022\/05\/imagem-base-noticiasemdestaque.png\",\"width\":1200,\"height\":630,\"caption\":\"Not\u00edcias em Destaque\"},\"image\":{\"@id\":\"https:\/\/noticiasemdestaque.com\/cd\/#\/schema\/logo\/image\/\"}},{\"@type\":\"Person\",\"@id\":\"https:\/\/noticiasemdestaque.com\/cd\/#\/schema\/person\/21320b03a7e8bb90128938dafc9b908a\",\"name\":\"Not\u00edcias em Destaque\",\"url\":\"https:\/\/noticiasemdestaque.com\/cd\/?author=2\"}]}<\/script>\n<!-- \/ Yoast SEO plugin. -->","yoast_head_json":{"title":"INFORME PUBLICIT\u00c1RIO: Deputado Caio Roberto destina mais de 1 milh\u00e3o de reais para sa\u00fade de Sum\u00e9 - Not&iacute;cias em Destaque","robots":{"index":"index","follow":"follow","max-snippet":"max-snippet:-1","max-image-preview":"max-image-preview:large","max-video-preview":"max-video-preview:-1"},"canonical":"https:\/\/noticiasemdestaque.com\/cd\/?p=57194","og_locale":"pt_BR","og_type":"article","og_title":"INFORME PUBLICIT\u00c1RIO: Deputado Caio Roberto destina mais de 1 milh\u00e3o de reais para sa\u00fade de Sum\u00e9 - Not&iacute;cias em Destaque","og_description":"O deputado estadual Caio Roberto continua investindo nas v\u00e1rias frentes no munic\u00edpio de Sum\u00e9. Al\u00e9m das emendas destinadas a Educa\u00e7\u00e3o (R$ 500 mil creche Anitta Garibaldi, R$ 500 mil creche Rita Cipriano), o deputado j\u00e1 destinou R$ 500 mil para constru\u00e7\u00e3o do Centro de Especialidades M\u00e9dicas, localizado no Conjunto Habitacional, e j\u00e1 se comprometeu a mais R$ 500 mil para ajudar a equipar este espa\u00e7o. Ainda na sa\u00fade, Caio destinou R$ 100 mil para aquisi\u00e7\u00e3o de mais um ve\u00edculo para sa\u00fade e R$ 200 mil para ajuda de custeio da sa\u00fade. Somente nessas duas \u00e1reas ele j\u00e1 destinou, R$ 1 milh\u00e3o para educa\u00e7\u00e3o e mais R$ 1 milh\u00e3o e 300 mil para a sa\u00fade, totalizando R$ 2 milh\u00f5es e 300 mil. \u201cSem a ajuda dos nossos deputados, federal (Wellington Roberto) e estadual (Caio Roberto), as dificuldades seriam bem maiores. Somos gratos \u00e0 todas as emendas destinadas ao munic\u00edpio de Sum\u00e9\u201d, disse o prefeito \u00c9den Duarte. Noticias em Destaque Fonte: Ascom\/PMS","og_url":"https:\/\/noticiasemdestaque.com\/cd\/?p=57194","og_site_name":"Not&iacute;cias em Destaque","article_published_time":"2024-05-01T17:08:27+00:00","og_image":[{"width":774,"height":357,"url":"https:\/\/noticiasemdestaque.com\/cd\/wp-content\/uploads\/2023\/07\/SUME.png","type":"image\/png"}],"author":"Not\u00edcias em Destaque","twitter_card":"summary_large_image","twitter_misc":{"Escrito por":"Not\u00edcias em Destaque","Est. tempo de leitura":"2 minutos"},"schema":{"@context":"https:\/\/schema.org","@graph":[{"@type":"Article","@id":"https:\/\/noticiasemdestaque.com\/cd\/?p=57194#article","isPartOf":{"@id":"https:\/\/noticiasemdestaque.com\/cd\/?p=57194"},"author":{"name":"Not\u00edcias em Destaque","@id":"https:\/\/noticiasemdestaque.com\/cd\/#\/schema\/person\/21320b03a7e8bb90128938dafc9b908a"},"headline":"INFORME PUBLICIT\u00c1RIO: Deputado Caio Roberto destina mais de 1 milh\u00e3o de reais para sa\u00fade de Sum\u00e9","datePublished":"2024-05-01T17:08:27+00:00","mainEntityOfPage":{"@id":"https:\/\/noticiasemdestaque.com\/cd\/?p=57194"},"wordCount":185,"publisher":{"@id":"https:\/\/noticiasemdestaque.com\/cd\/#organization"},"image":{"@id":"https:\/\/noticiasemdestaque.com\/cd\/?p=57194#primaryimage"},"thumbnailUrl":"https:\/\/noticiasemdestaque.com\/cd\/wp-content\/uploads\/2023\/07\/SUME.png","articleSection":["Cidades"],"inLanguage":"pt-BR"},{"@type":"WebPage","@id":"https:\/\/noticiasemdestaque.com\/cd\/?p=57194","url":"https:\/\/noticiasemdestaque.com\/cd\/?p=57194","name":"INFORME PUBLICIT\u00c1RIO: Deputado Caio Roberto destina mais de 1 milh\u00e3o de reais para sa\u00fade de Sum\u00e9 - Not&iacute;cias em Destaque","isPartOf":{"@id":"https:\/\/noticiasemdestaque.com\/cd\/#website"},"primaryImageOfPage":{"@id":"https:\/\/noticiasemdestaque.com\/cd\/?p=57194#primaryimage"},"image":{"@id":"https:\/\/noticiasemdestaque.com\/cd\/?p=57194#primaryimage"},"thumbnailUrl":"https:\/\/noticiasemdestaque.com\/cd\/wp-content\/uploads\/2023\/07\/SUME.png","datePublished":"2024-05-01T17:08:27+00:00","breadcrumb":{"@id":"https:\/\/noticiasemdestaque.com\/cd\/?p=57194#breadcrumb"},"inLanguage":"pt-BR","potentialAction":[{"@type":"ReadAction","target":["https:\/\/noticiasemdestaque.com\/cd\/?p=57194"]}]},{"@type":"ImageObject","inLanguage":"pt-BR","@id":"https:\/\/noticiasemdestaque.com\/cd\/?p=57194#primaryimage","url":"https:\/\/noticiasemdestaque.com\/cd\/wp-content\/uploads\/2023\/07\/SUME.png","contentUrl":"https:\/\/noticiasemdestaque.com\/cd\/wp-content\/uploads\/2023\/07\/SUME.png","width":774,"height":357},{"@type":"BreadcrumbList","@id":"https:\/\/noticiasemdestaque.com\/cd\/?p=57194#breadcrumb","itemListElement":[{"@type":"ListItem","position":1,"name":"In\u00edcio","item":"https:\/\/noticiasemdestaque.com\/cd\/"},{"@type":"ListItem","position":2,"name":"INFORME PUBLICIT\u00c1RIO: Deputado Caio Roberto destina mais de 1 milh\u00e3o de reais para sa\u00fade de Sum\u00e9"}]},{"@type":"WebSite","@id":"https:\/\/noticiasemdestaque.com\/cd\/#website","url":"https:\/\/noticiasemdestaque.com\/cd\/","name":"Not&iacute;cias em Destaque","description":"","publisher":{"@id":"https:\/\/noticiasemdestaque.com\/cd\/#organization"},"potentialAction":[{"@type":"SearchAction","target":{"@type":"EntryPoint","urlTemplate":"https:\/\/noticiasemdestaque.com\/cd\/?s={search_term_string}"},"query-input":{"@type":"PropertyValueSpecification","valueRequired":true,"valueName":"search_term_string"}}],"inLanguage":"pt-BR"},{"@type":"Organization","@id":"https:\/\/noticiasemdestaque.com\/cd\/#organization","name":"Not\u00edcias em Destaque","url":"https:\/\/noticiasemdestaque.com\/cd\/","logo":{"@type":"ImageObject","inLanguage":"pt-BR","@id":"https:\/\/noticiasemdestaque.com\/cd\/#\/schema\/logo\/image\/","url":"https:\/\/noticiasemdestaque.com\/cd\/wp-content\/uploads\/2022\/05\/imagem-base-noticiasemdestaque.png","contentUrl":"https:\/\/noticiasemdestaque.com\/cd\/wp-content\/uploads\/2022\/05\/imagem-base-noticiasemdestaque.png","width":1200,"height":630,"caption":"Not\u00edcias em Destaque"},"image":{"@id":"https:\/\/noticiasemdestaque.com\/cd\/#\/schema\/logo\/image\/"}},{"@type":"Person","@id":"https:\/\/noticiasemdestaque.com\/cd\/#\/schema\/person\/21320b03a7e8bb90128938dafc9b908a","name":"Not\u00edcias em Destaque","url":"https:\/\/noticiasemdestaque.com\/cd\/?author=2"}]}},"jetpack_featured_media_url":"https:\/\/noticiasemdestaque.com\/cd\/wp-content\/uploads\/2023\/07\/SUME.png","jetpack_sharing_enabled":true,"_links":{"self":[{"href":"https:\/\/noticiasemdestaque.com\/cd\/index.php?rest_route=\/wp\/v2\/posts\/57194","targetHints":{"allow":["GET"]}}],"collection":[{"href":"https:\/\/noticiasemdestaque.com\/cd\/index.php?rest_route=\/wp\/v2\/posts"}],"about":[{"href":"https:\/\/noticiasemdestaque.com\/cd\/index.php?rest_route=\/wp\/v2\/types\/post"}],"author":[{"embeddable":true,"href":"https:\/\/noticiasemdestaque.com\/cd\/index.php?rest_route=\/wp\/v2\/users\/2"}],"replies":[{"embeddable":true,"href":"https:\/\/noticiasemdestaque.com\/cd\/index.php?rest_route=%2Fwp%2Fv2%2Fcomments&post=57194"}],"version-history":[{"count":1,"href":"https:\/\/noticiasemdestaque.com\/cd\/index.php?rest_route=\/wp\/v2\/posts\/57194\/revisions"}],"predecessor-version":[{"id":57195,"href":"https:\/\/noticiasemdestaque.com\/cd\/index.php?rest_route=\/wp\/v2\/posts\/57194\/revisions\/57195"}],"wp:featuredmedia":[{"embeddable":true,"href":"https:\/\/noticiasemdestaque.com\/cd\/index.php?rest_route=\/wp\/v2\/media\/49651"}],"wp:attachment":[{"href":"https:\/\/noticiasemdestaque.com\/cd\/index.php?rest_route=%2Fwp%2Fv2%2Fmedia&parent=57194"}],"wp:term":[{"taxonomy":"category","embeddable":true,"href":"https:\/\/noticiasemdestaque.com\/cd\/index.php?rest_route=%2Fwp%2Fv2%2Fcategories&post=57194"},{"taxonomy":"post_tag","embeddable":true,"href":"https:\/\/noticiasemdestaque.com\/cd\/index.php?rest_route=%2Fwp%2Fv2%2Ftags&post=57194"}],"curies":[{"name":"wp","href":"https:\/\/api.w.org\/{rel}","templated":true}]}}