{"id":5714,"date":"2017-11-03T08:32:52","date_gmt":"2017-11-03T11:32:52","guid":{"rendered":"http:\/\/caririemdestaque.com\/cd\/?p=5714"},"modified":"2017-11-03T08:32:52","modified_gmt":"2017-11-03T11:32:52","slug":"procuradora-do-mpf-em-monteiro-debate-revitalizacao-do-rio-paraiba","status":"publish","type":"post","link":"https:\/\/noticiasemdestaque.com\/cd\/?p=5714","title":{"rendered":"Procuradora do MPF em Monteiro debate revitaliza\u00e7\u00e3o do Rio Para\u00edba"},"content":{"rendered":"<p><a href=\"http:\/\/caririemdestaque.com\/cd\/wp-content\/uploads\/2017\/11\/02112017225101.jpg\"><img decoding=\"async\" class=\"wp-image-5715  alignleft\" src=\"http:\/\/caririemdestaque.com\/cd\/wp-content\/uploads\/2017\/11\/02112017225101-300x200.jpg\" alt=\"\" width=\"258\" height=\"172\" srcset=\"https:\/\/noticiasemdestaque.com\/cd\/wp-content\/uploads\/2017\/11\/02112017225101-300x200.jpg 300w, https:\/\/noticiasemdestaque.com\/cd\/wp-content\/uploads\/2017\/11\/02112017225101-480x320.jpg 480w, https:\/\/noticiasemdestaque.com\/cd\/wp-content\/uploads\/2017\/11\/02112017225101.jpg 720w\" sizes=\"(max-width: 258px) 100vw, 258px\" \/><\/a>O presidente da Assembleia Legislativa (ALPB), deputado Gerv\u00e1sio Maia, recebeu, nessa quarta-feira (1\u00ba), o procurador-chefe do Minist\u00e9rio P\u00fablico Federal, Marcos Queiroga, e a procuradora do Minist\u00e9rio P\u00fablico Federal em Monteiro, Jana\u00edna Andrade, para debater iniciativas de revitaliza\u00e7\u00e3o do Rio Para\u00edba.<\/p>\n<p>O presidente Gerv\u00e1sio Maia levar\u00e1 ao parlamento estadual a proposta de debater o assunto em Audi\u00eancia P\u00fablica, com a presen\u00e7a de autoridades e \u00f3rg\u00e3os que possam discutir uma solu\u00e7\u00e3o para o tema. \u201cVamos encaminhar para o plen\u00e1rio a vota\u00e7\u00e3o de uma audi\u00eancia p\u00fablica para que possamos tratar o tema junto com prefeitos, autoridades ambientais e debater com profundidade, buscar recursos que ser\u00e3o solicitados ao fim do debate para que cada um possa fazer a sua parte e dar a sua parcela de contribui\u00e7\u00e3o\u201d, garantiu o presidente.<\/p>\n<p>O procurador Queiroga ressaltou a import\u00e2ncia de inserir o Poder Legislativo na busca de solu\u00e7\u00f5es que possam resolver as problem\u00e1ticas eu afligem atualmente as regi\u00f5es que recebem e que ainda receber\u00e3o as \u00e1guas do Rio S\u00e3o Francisco, a exemplo da qualidade da \u00e1gua, saneamento b\u00e1sico e seguran\u00e7a das barragens. \u201cN\u00e3o adianta apenas recebermos as \u00e1guas do Rio S\u00e3o Francisco. \u00c9 preciso que haja tratamento, \u00e9 preciso que se observe a quest\u00e3o do saneamento b\u00e1sico. Ent\u00e3o \u00e9 um conjunto de coisas que tem preocupado o Minist\u00e9rio P\u00fablico e, \u00e9 claro, que essa \u00e9 uma preocupa\u00e7\u00e3o nossa, enquanto representantes do povo paraibano\u201d, declarou Marcos.<\/p>\n<p>A procuradora do Minist\u00e9rio P\u00fablico Federal em Monteiro, Jana\u00edna Andrade, ressaltou a urg\u00eancia de se revitalizar o Rio Para\u00edba. Segundo ela, o rio que receber\u00e1 as \u00e1guas do Rio S\u00e3o Francisco precisa ser revitalizado para que a transposi\u00e7\u00e3o seja concretizada. \u201cO Rio Para\u00edba foi o diagnosticado pelos t\u00e9cnicos como um rio exaurido, ou seja, um rio sem vida. Como o Rio Para\u00edba \u00e9 um afluente do Rio S\u00e3o Francisco, para que a transposi\u00e7\u00e3o tenha efetividade na Para\u00edba \u00e9 preciso que esse rio seja revitalizado\u201d, afirmou a procuradora. Jana\u00edna Andrade argumentou que no processo de revitaliza\u00e7\u00e3o, t\u00e9cnicas simples de plantio poder\u00e3o ser utilizadas em parceria com institui\u00e7\u00f5es de ensino e pesquisas. \u201cA gente pode tamb\u00e9m buscar alternativas como, por exemplo, envolver as universidades como a Universidade Estadual da Para\u00edba, que possui laborat\u00f3rio com plantas que se ad\u00e9quam ao bioma da caatinga e que podem ser dispostas na regi\u00e3o do leito do Rio Para\u00edba, especialmente na Regi\u00e3o do Cariri\u201d, explicou.<\/p>\n","protected":false},"excerpt":{"rendered":"<p>O presidente da Assembleia Legislativa (ALPB), deputado Gerv\u00e1sio Maia, recebeu, nessa quarta-feira (1\u00ba), o procurador-chefe do Minist\u00e9rio P\u00fablico Federal, Marcos Queiroga, e a procuradora do Minist\u00e9rio P\u00fablico Federal em Monteiro, Jana\u00edna Andrade, para debater iniciativas de revitaliza\u00e7\u00e3o do Rio Para\u00edba. O presidente Gerv\u00e1sio Maia levar\u00e1 ao parlamento estadual a proposta de debater o assunto em Audi\u00eancia P\u00fablica, com a presen\u00e7a de autoridades e \u00f3rg\u00e3os que possam discutir uma solu\u00e7\u00e3o para o tema. \u201cVamos encaminhar para o plen\u00e1rio a vota\u00e7\u00e3o de uma audi\u00eancia p\u00fablica para que possamos tratar o tema junto com prefeitos, autoridades ambientais e debater com profundidade, buscar recursos que ser\u00e3o solicitados ao fim do debate para que cada um possa fazer a sua parte e dar a sua parcela de contribui\u00e7\u00e3o\u201d, garantiu o presidente. O procurador Queiroga ressaltou a import\u00e2ncia de inserir o Poder Legislativo na busca de solu\u00e7\u00f5es que possam resolver as problem\u00e1ticas eu afligem atualmente as regi\u00f5es que recebem e que ainda receber\u00e3o as \u00e1guas do Rio S\u00e3o Francisco, a exemplo da qualidade da \u00e1gua, saneamento b\u00e1sico e seguran\u00e7a das barragens. \u201cN\u00e3o adianta apenas recebermos as \u00e1guas do Rio S\u00e3o Francisco. \u00c9 preciso que haja tratamento, \u00e9 preciso que se observe a quest\u00e3o do saneamento b\u00e1sico. Ent\u00e3o \u00e9 um conjunto de coisas que tem preocupado o Minist\u00e9rio P\u00fablico e, \u00e9 claro, que essa \u00e9 uma preocupa\u00e7\u00e3o nossa, enquanto representantes do povo paraibano\u201d, declarou Marcos. A procuradora do Minist\u00e9rio P\u00fablico Federal em Monteiro, Jana\u00edna Andrade, ressaltou a urg\u00eancia de se revitalizar o Rio Para\u00edba. Segundo ela, o rio que receber\u00e1 as \u00e1guas do Rio S\u00e3o Francisco precisa ser revitalizado para que a transposi\u00e7\u00e3o seja concretizada. \u201cO Rio Para\u00edba foi o diagnosticado pelos t\u00e9cnicos como um rio exaurido, ou seja, um rio sem vida. Como o Rio Para\u00edba \u00e9 um afluente do Rio S\u00e3o Francisco, para que a transposi\u00e7\u00e3o tenha efetividade na Para\u00edba \u00e9 preciso que esse rio seja revitalizado\u201d, afirmou a procuradora. Jana\u00edna Andrade argumentou que no processo de revitaliza\u00e7\u00e3o, t\u00e9cnicas simples de plantio poder\u00e3o ser utilizadas em parceria com institui\u00e7\u00f5es de ensino e pesquisas. \u201cA gente pode tamb\u00e9m buscar alternativas como, por exemplo, envolver as universidades como a Universidade Estadual da Para\u00edba, que possui laborat\u00f3rio com plantas que se ad\u00e9quam ao bioma da caatinga e que podem ser dispostas na regi\u00e3o do leito do Rio Para\u00edba, especialmente na Regi\u00e3o do Cariri\u201d, explicou.<\/p>\n","protected":false},"author":2,"featured_media":5715,"comment_status":"closed","ping_status":"open","sticky":false,"template":"","format":"standard","meta":{"_eb_attr":"","_jetpack_memberships_contains_paid_content":false,"footnotes":""},"categories":[3],"tags":[],"class_list":["post-5714","post","type-post","status-publish","format-standard","has-post-thumbnail","hentry","category-cidades"],"yoast_head":"<!-- This site is optimized with the Yoast SEO plugin v26.5 - https:\/\/yoast.com\/wordpress\/plugins\/seo\/ -->\n<title>Procuradora do MPF em Monteiro debate revitaliza\u00e7\u00e3o do Rio Para\u00edba - Not&iacute;cias em Destaque<\/title>\n<meta name=\"robots\" content=\"index, follow, max-snippet:-1, max-image-preview:large, max-video-preview:-1\" \/>\n<link rel=\"canonical\" href=\"https:\/\/noticiasemdestaque.com\/cd\/?p=5714\" \/>\n<meta property=\"og:locale\" content=\"pt_BR\" \/>\n<meta property=\"og:type\" content=\"article\" \/>\n<meta property=\"og:title\" content=\"Procuradora do MPF em Monteiro debate revitaliza\u00e7\u00e3o do Rio Para\u00edba - Not&iacute;cias em Destaque\" \/>\n<meta property=\"og:description\" content=\"O presidente da Assembleia Legislativa (ALPB), deputado Gerv\u00e1sio Maia, recebeu, nessa quarta-feira (1\u00ba), o procurador-chefe do Minist\u00e9rio P\u00fablico Federal, Marcos Queiroga, e a procuradora do Minist\u00e9rio P\u00fablico Federal em Monteiro, Jana\u00edna Andrade, para debater iniciativas de revitaliza\u00e7\u00e3o do Rio Para\u00edba. O presidente Gerv\u00e1sio Maia levar\u00e1 ao parlamento estadual a proposta de debater o assunto em Audi\u00eancia P\u00fablica, com a presen\u00e7a de autoridades e \u00f3rg\u00e3os que possam discutir uma solu\u00e7\u00e3o para o tema. \u201cVamos encaminhar para o plen\u00e1rio a vota\u00e7\u00e3o de uma audi\u00eancia p\u00fablica para que possamos tratar o tema junto com prefeitos, autoridades ambientais e debater com profundidade, buscar recursos que ser\u00e3o solicitados ao fim do debate para que cada um possa fazer a sua parte e dar a sua parcela de contribui\u00e7\u00e3o\u201d, garantiu o presidente. O procurador Queiroga ressaltou a import\u00e2ncia de inserir o Poder Legislativo na busca de solu\u00e7\u00f5es que possam resolver as problem\u00e1ticas eu afligem atualmente as regi\u00f5es que recebem e que ainda receber\u00e3o as \u00e1guas do Rio S\u00e3o Francisco, a exemplo da qualidade da \u00e1gua, saneamento b\u00e1sico e seguran\u00e7a das barragens. \u201cN\u00e3o adianta apenas recebermos as \u00e1guas do Rio S\u00e3o Francisco. \u00c9 preciso que haja tratamento, \u00e9 preciso que se observe a quest\u00e3o do saneamento b\u00e1sico. Ent\u00e3o \u00e9 um conjunto de coisas que tem preocupado o Minist\u00e9rio P\u00fablico e, \u00e9 claro, que essa \u00e9 uma preocupa\u00e7\u00e3o nossa, enquanto representantes do povo paraibano\u201d, declarou Marcos. A procuradora do Minist\u00e9rio P\u00fablico Federal em Monteiro, Jana\u00edna Andrade, ressaltou a urg\u00eancia de se revitalizar o Rio Para\u00edba. Segundo ela, o rio que receber\u00e1 as \u00e1guas do Rio S\u00e3o Francisco precisa ser revitalizado para que a transposi\u00e7\u00e3o seja concretizada. \u201cO Rio Para\u00edba foi o diagnosticado pelos t\u00e9cnicos como um rio exaurido, ou seja, um rio sem vida. Como o Rio Para\u00edba \u00e9 um afluente do Rio S\u00e3o Francisco, para que a transposi\u00e7\u00e3o tenha efetividade na Para\u00edba \u00e9 preciso que esse rio seja revitalizado\u201d, afirmou a procuradora. Jana\u00edna Andrade argumentou que no processo de revitaliza\u00e7\u00e3o, t\u00e9cnicas simples de plantio poder\u00e3o ser utilizadas em parceria com institui\u00e7\u00f5es de ensino e pesquisas. \u201cA gente pode tamb\u00e9m buscar alternativas como, por exemplo, envolver as universidades como a Universidade Estadual da Para\u00edba, que possui laborat\u00f3rio com plantas que se ad\u00e9quam ao bioma da caatinga e que podem ser dispostas na regi\u00e3o do leito do Rio Para\u00edba, especialmente na Regi\u00e3o do Cariri\u201d, explicou.\" \/>\n<meta property=\"og:url\" content=\"https:\/\/noticiasemdestaque.com\/cd\/?p=5714\" \/>\n<meta property=\"og:site_name\" content=\"Not&iacute;cias em Destaque\" \/>\n<meta property=\"article:published_time\" content=\"2017-11-03T11:32:52+00:00\" \/>\n<meta property=\"og:image\" content=\"https:\/\/noticiasemdestaque.com\/cd\/wp-content\/uploads\/2017\/11\/02112017225101.jpg\" \/>\n\t<meta property=\"og:image:width\" content=\"720\" \/>\n\t<meta property=\"og:image:height\" content=\"479\" \/>\n\t<meta property=\"og:image:type\" content=\"image\/jpeg\" \/>\n<meta name=\"author\" content=\"Not\u00edcias em Destaque\" \/>\n<meta name=\"twitter:card\" content=\"summary_large_image\" \/>\n<meta name=\"twitter:label1\" content=\"Escrito por\" \/>\n\t<meta name=\"twitter:data1\" content=\"Not\u00edcias em Destaque\" \/>\n\t<meta name=\"twitter:label2\" content=\"Est. tempo de leitura\" \/>\n\t<meta name=\"twitter:data2\" content=\"2 minutos\" \/>\n<script type=\"application\/ld+json\" class=\"yoast-schema-graph\">{\"@context\":\"https:\/\/schema.org\",\"@graph\":[{\"@type\":\"Article\",\"@id\":\"https:\/\/noticiasemdestaque.com\/cd\/?p=5714#article\",\"isPartOf\":{\"@id\":\"https:\/\/noticiasemdestaque.com\/cd\/?p=5714\"},\"author\":{\"name\":\"Not\u00edcias em Destaque\",\"@id\":\"https:\/\/noticiasemdestaque.com\/cd\/#\/schema\/person\/21320b03a7e8bb90128938dafc9b908a\"},\"headline\":\"Procuradora do MPF em Monteiro debate revitaliza\u00e7\u00e3o do Rio Para\u00edba\",\"datePublished\":\"2017-11-03T11:32:52+00:00\",\"mainEntityOfPage\":{\"@id\":\"https:\/\/noticiasemdestaque.com\/cd\/?p=5714\"},\"wordCount\":451,\"publisher\":{\"@id\":\"https:\/\/noticiasemdestaque.com\/cd\/#organization\"},\"image\":{\"@id\":\"https:\/\/noticiasemdestaque.com\/cd\/?p=5714#primaryimage\"},\"thumbnailUrl\":\"https:\/\/noticiasemdestaque.com\/cd\/wp-content\/uploads\/2017\/11\/02112017225101.jpg\",\"articleSection\":[\"Cidades\"],\"inLanguage\":\"pt-BR\"},{\"@type\":\"WebPage\",\"@id\":\"https:\/\/noticiasemdestaque.com\/cd\/?p=5714\",\"url\":\"https:\/\/noticiasemdestaque.com\/cd\/?p=5714\",\"name\":\"Procuradora do MPF em Monteiro debate revitaliza\u00e7\u00e3o do Rio Para\u00edba - Not&iacute;cias em Destaque\",\"isPartOf\":{\"@id\":\"https:\/\/noticiasemdestaque.com\/cd\/#website\"},\"primaryImageOfPage\":{\"@id\":\"https:\/\/noticiasemdestaque.com\/cd\/?p=5714#primaryimage\"},\"image\":{\"@id\":\"https:\/\/noticiasemdestaque.com\/cd\/?p=5714#primaryimage\"},\"thumbnailUrl\":\"https:\/\/noticiasemdestaque.com\/cd\/wp-content\/uploads\/2017\/11\/02112017225101.jpg\",\"datePublished\":\"2017-11-03T11:32:52+00:00\",\"breadcrumb\":{\"@id\":\"https:\/\/noticiasemdestaque.com\/cd\/?p=5714#breadcrumb\"},\"inLanguage\":\"pt-BR\",\"potentialAction\":[{\"@type\":\"ReadAction\",\"target\":[\"https:\/\/noticiasemdestaque.com\/cd\/?p=5714\"]}]},{\"@type\":\"ImageObject\",\"inLanguage\":\"pt-BR\",\"@id\":\"https:\/\/noticiasemdestaque.com\/cd\/?p=5714#primaryimage\",\"url\":\"https:\/\/noticiasemdestaque.com\/cd\/wp-content\/uploads\/2017\/11\/02112017225101.jpg\",\"contentUrl\":\"https:\/\/noticiasemdestaque.com\/cd\/wp-content\/uploads\/2017\/11\/02112017225101.jpg\",\"width\":720,\"height\":479},{\"@type\":\"BreadcrumbList\",\"@id\":\"https:\/\/noticiasemdestaque.com\/cd\/?p=5714#breadcrumb\",\"itemListElement\":[{\"@type\":\"ListItem\",\"position\":1,\"name\":\"In\u00edcio\",\"item\":\"https:\/\/noticiasemdestaque.com\/cd\/\"},{\"@type\":\"ListItem\",\"position\":2,\"name\":\"Procuradora do MPF em Monteiro debate revitaliza\u00e7\u00e3o do Rio Para\u00edba\"}]},{\"@type\":\"WebSite\",\"@id\":\"https:\/\/noticiasemdestaque.com\/cd\/#website\",\"url\":\"https:\/\/noticiasemdestaque.com\/cd\/\",\"name\":\"Not&iacute;cias em Destaque\",\"description\":\"\",\"publisher\":{\"@id\":\"https:\/\/noticiasemdestaque.com\/cd\/#organization\"},\"potentialAction\":[{\"@type\":\"SearchAction\",\"target\":{\"@type\":\"EntryPoint\",\"urlTemplate\":\"https:\/\/noticiasemdestaque.com\/cd\/?s={search_term_string}\"},\"query-input\":{\"@type\":\"PropertyValueSpecification\",\"valueRequired\":true,\"valueName\":\"search_term_string\"}}],\"inLanguage\":\"pt-BR\"},{\"@type\":\"Organization\",\"@id\":\"https:\/\/noticiasemdestaque.com\/cd\/#organization\",\"name\":\"Not\u00edcias em Destaque\",\"url\":\"https:\/\/noticiasemdestaque.com\/cd\/\",\"logo\":{\"@type\":\"ImageObject\",\"inLanguage\":\"pt-BR\",\"@id\":\"https:\/\/noticiasemdestaque.com\/cd\/#\/schema\/logo\/image\/\",\"url\":\"https:\/\/noticiasemdestaque.com\/cd\/wp-content\/uploads\/2022\/05\/imagem-base-noticiasemdestaque.png\",\"contentUrl\":\"https:\/\/noticiasemdestaque.com\/cd\/wp-content\/uploads\/2022\/05\/imagem-base-noticiasemdestaque.png\",\"width\":1200,\"height\":630,\"caption\":\"Not\u00edcias em Destaque\"},\"image\":{\"@id\":\"https:\/\/noticiasemdestaque.com\/cd\/#\/schema\/logo\/image\/\"}},{\"@type\":\"Person\",\"@id\":\"https:\/\/noticiasemdestaque.com\/cd\/#\/schema\/person\/21320b03a7e8bb90128938dafc9b908a\",\"name\":\"Not\u00edcias em Destaque\",\"url\":\"https:\/\/noticiasemdestaque.com\/cd\/?author=2\"}]}<\/script>\n<!-- \/ Yoast SEO plugin. -->","yoast_head_json":{"title":"Procuradora do MPF em Monteiro debate revitaliza\u00e7\u00e3o do Rio Para\u00edba - Not&iacute;cias em Destaque","robots":{"index":"index","follow":"follow","max-snippet":"max-snippet:-1","max-image-preview":"max-image-preview:large","max-video-preview":"max-video-preview:-1"},"canonical":"https:\/\/noticiasemdestaque.com\/cd\/?p=5714","og_locale":"pt_BR","og_type":"article","og_title":"Procuradora do MPF em Monteiro debate revitaliza\u00e7\u00e3o do Rio Para\u00edba - Not&iacute;cias em Destaque","og_description":"O presidente da Assembleia Legislativa (ALPB), deputado Gerv\u00e1sio Maia, recebeu, nessa quarta-feira (1\u00ba), o procurador-chefe do Minist\u00e9rio P\u00fablico Federal, Marcos Queiroga, e a procuradora do Minist\u00e9rio P\u00fablico Federal em Monteiro, Jana\u00edna Andrade, para debater iniciativas de revitaliza\u00e7\u00e3o do Rio Para\u00edba. O presidente Gerv\u00e1sio Maia levar\u00e1 ao parlamento estadual a proposta de debater o assunto em Audi\u00eancia P\u00fablica, com a presen\u00e7a de autoridades e \u00f3rg\u00e3os que possam discutir uma solu\u00e7\u00e3o para o tema. \u201cVamos encaminhar para o plen\u00e1rio a vota\u00e7\u00e3o de uma audi\u00eancia p\u00fablica para que possamos tratar o tema junto com prefeitos, autoridades ambientais e debater com profundidade, buscar recursos que ser\u00e3o solicitados ao fim do debate para que cada um possa fazer a sua parte e dar a sua parcela de contribui\u00e7\u00e3o\u201d, garantiu o presidente. O procurador Queiroga ressaltou a import\u00e2ncia de inserir o Poder Legislativo na busca de solu\u00e7\u00f5es que possam resolver as problem\u00e1ticas eu afligem atualmente as regi\u00f5es que recebem e que ainda receber\u00e3o as \u00e1guas do Rio S\u00e3o Francisco, a exemplo da qualidade da \u00e1gua, saneamento b\u00e1sico e seguran\u00e7a das barragens. \u201cN\u00e3o adianta apenas recebermos as \u00e1guas do Rio S\u00e3o Francisco. \u00c9 preciso que haja tratamento, \u00e9 preciso que se observe a quest\u00e3o do saneamento b\u00e1sico. Ent\u00e3o \u00e9 um conjunto de coisas que tem preocupado o Minist\u00e9rio P\u00fablico e, \u00e9 claro, que essa \u00e9 uma preocupa\u00e7\u00e3o nossa, enquanto representantes do povo paraibano\u201d, declarou Marcos. A procuradora do Minist\u00e9rio P\u00fablico Federal em Monteiro, Jana\u00edna Andrade, ressaltou a urg\u00eancia de se revitalizar o Rio Para\u00edba. Segundo ela, o rio que receber\u00e1 as \u00e1guas do Rio S\u00e3o Francisco precisa ser revitalizado para que a transposi\u00e7\u00e3o seja concretizada. \u201cO Rio Para\u00edba foi o diagnosticado pelos t\u00e9cnicos como um rio exaurido, ou seja, um rio sem vida. Como o Rio Para\u00edba \u00e9 um afluente do Rio S\u00e3o Francisco, para que a transposi\u00e7\u00e3o tenha efetividade na Para\u00edba \u00e9 preciso que esse rio seja revitalizado\u201d, afirmou a procuradora. Jana\u00edna Andrade argumentou que no processo de revitaliza\u00e7\u00e3o, t\u00e9cnicas simples de plantio poder\u00e3o ser utilizadas em parceria com institui\u00e7\u00f5es de ensino e pesquisas. \u201cA gente pode tamb\u00e9m buscar alternativas como, por exemplo, envolver as universidades como a Universidade Estadual da Para\u00edba, que possui laborat\u00f3rio com plantas que se ad\u00e9quam ao bioma da caatinga e que podem ser dispostas na regi\u00e3o do leito do Rio Para\u00edba, especialmente na Regi\u00e3o do Cariri\u201d, explicou.","og_url":"https:\/\/noticiasemdestaque.com\/cd\/?p=5714","og_site_name":"Not&iacute;cias em Destaque","article_published_time":"2017-11-03T11:32:52+00:00","og_image":[{"width":720,"height":479,"url":"https:\/\/noticiasemdestaque.com\/cd\/wp-content\/uploads\/2017\/11\/02112017225101.jpg","type":"image\/jpeg"}],"author":"Not\u00edcias em Destaque","twitter_card":"summary_large_image","twitter_misc":{"Escrito por":"Not\u00edcias em Destaque","Est. tempo de leitura":"2 minutos"},"schema":{"@context":"https:\/\/schema.org","@graph":[{"@type":"Article","@id":"https:\/\/noticiasemdestaque.com\/cd\/?p=5714#article","isPartOf":{"@id":"https:\/\/noticiasemdestaque.com\/cd\/?p=5714"},"author":{"name":"Not\u00edcias em Destaque","@id":"https:\/\/noticiasemdestaque.com\/cd\/#\/schema\/person\/21320b03a7e8bb90128938dafc9b908a"},"headline":"Procuradora do MPF em Monteiro debate revitaliza\u00e7\u00e3o do Rio Para\u00edba","datePublished":"2017-11-03T11:32:52+00:00","mainEntityOfPage":{"@id":"https:\/\/noticiasemdestaque.com\/cd\/?p=5714"},"wordCount":451,"publisher":{"@id":"https:\/\/noticiasemdestaque.com\/cd\/#organization"},"image":{"@id":"https:\/\/noticiasemdestaque.com\/cd\/?p=5714#primaryimage"},"thumbnailUrl":"https:\/\/noticiasemdestaque.com\/cd\/wp-content\/uploads\/2017\/11\/02112017225101.jpg","articleSection":["Cidades"],"inLanguage":"pt-BR"},{"@type":"WebPage","@id":"https:\/\/noticiasemdestaque.com\/cd\/?p=5714","url":"https:\/\/noticiasemdestaque.com\/cd\/?p=5714","name":"Procuradora do MPF em Monteiro debate revitaliza\u00e7\u00e3o do Rio Para\u00edba - Not&iacute;cias em Destaque","isPartOf":{"@id":"https:\/\/noticiasemdestaque.com\/cd\/#website"},"primaryImageOfPage":{"@id":"https:\/\/noticiasemdestaque.com\/cd\/?p=5714#primaryimage"},"image":{"@id":"https:\/\/noticiasemdestaque.com\/cd\/?p=5714#primaryimage"},"thumbnailUrl":"https:\/\/noticiasemdestaque.com\/cd\/wp-content\/uploads\/2017\/11\/02112017225101.jpg","datePublished":"2017-11-03T11:32:52+00:00","breadcrumb":{"@id":"https:\/\/noticiasemdestaque.com\/cd\/?p=5714#breadcrumb"},"inLanguage":"pt-BR","potentialAction":[{"@type":"ReadAction","target":["https:\/\/noticiasemdestaque.com\/cd\/?p=5714"]}]},{"@type":"ImageObject","inLanguage":"pt-BR","@id":"https:\/\/noticiasemdestaque.com\/cd\/?p=5714#primaryimage","url":"https:\/\/noticiasemdestaque.com\/cd\/wp-content\/uploads\/2017\/11\/02112017225101.jpg","contentUrl":"https:\/\/noticiasemdestaque.com\/cd\/wp-content\/uploads\/2017\/11\/02112017225101.jpg","width":720,"height":479},{"@type":"BreadcrumbList","@id":"https:\/\/noticiasemdestaque.com\/cd\/?p=5714#breadcrumb","itemListElement":[{"@type":"ListItem","position":1,"name":"In\u00edcio","item":"https:\/\/noticiasemdestaque.com\/cd\/"},{"@type":"ListItem","position":2,"name":"Procuradora do MPF em Monteiro debate revitaliza\u00e7\u00e3o do Rio Para\u00edba"}]},{"@type":"WebSite","@id":"https:\/\/noticiasemdestaque.com\/cd\/#website","url":"https:\/\/noticiasemdestaque.com\/cd\/","name":"Not&iacute;cias em Destaque","description":"","publisher":{"@id":"https:\/\/noticiasemdestaque.com\/cd\/#organization"},"potentialAction":[{"@type":"SearchAction","target":{"@type":"EntryPoint","urlTemplate":"https:\/\/noticiasemdestaque.com\/cd\/?s={search_term_string}"},"query-input":{"@type":"PropertyValueSpecification","valueRequired":true,"valueName":"search_term_string"}}],"inLanguage":"pt-BR"},{"@type":"Organization","@id":"https:\/\/noticiasemdestaque.com\/cd\/#organization","name":"Not\u00edcias em Destaque","url":"https:\/\/noticiasemdestaque.com\/cd\/","logo":{"@type":"ImageObject","inLanguage":"pt-BR","@id":"https:\/\/noticiasemdestaque.com\/cd\/#\/schema\/logo\/image\/","url":"https:\/\/noticiasemdestaque.com\/cd\/wp-content\/uploads\/2022\/05\/imagem-base-noticiasemdestaque.png","contentUrl":"https:\/\/noticiasemdestaque.com\/cd\/wp-content\/uploads\/2022\/05\/imagem-base-noticiasemdestaque.png","width":1200,"height":630,"caption":"Not\u00edcias em Destaque"},"image":{"@id":"https:\/\/noticiasemdestaque.com\/cd\/#\/schema\/logo\/image\/"}},{"@type":"Person","@id":"https:\/\/noticiasemdestaque.com\/cd\/#\/schema\/person\/21320b03a7e8bb90128938dafc9b908a","name":"Not\u00edcias em Destaque","url":"https:\/\/noticiasemdestaque.com\/cd\/?author=2"}]}},"jetpack_featured_media_url":"https:\/\/noticiasemdestaque.com\/cd\/wp-content\/uploads\/2017\/11\/02112017225101.jpg","jetpack_sharing_enabled":true,"_links":{"self":[{"href":"https:\/\/noticiasemdestaque.com\/cd\/index.php?rest_route=\/wp\/v2\/posts\/5714","targetHints":{"allow":["GET"]}}],"collection":[{"href":"https:\/\/noticiasemdestaque.com\/cd\/index.php?rest_route=\/wp\/v2\/posts"}],"about":[{"href":"https:\/\/noticiasemdestaque.com\/cd\/index.php?rest_route=\/wp\/v2\/types\/post"}],"author":[{"embeddable":true,"href":"https:\/\/noticiasemdestaque.com\/cd\/index.php?rest_route=\/wp\/v2\/users\/2"}],"replies":[{"embeddable":true,"href":"https:\/\/noticiasemdestaque.com\/cd\/index.php?rest_route=%2Fwp%2Fv2%2Fcomments&post=5714"}],"version-history":[{"count":1,"href":"https:\/\/noticiasemdestaque.com\/cd\/index.php?rest_route=\/wp\/v2\/posts\/5714\/revisions"}],"predecessor-version":[{"id":5716,"href":"https:\/\/noticiasemdestaque.com\/cd\/index.php?rest_route=\/wp\/v2\/posts\/5714\/revisions\/5716"}],"wp:featuredmedia":[{"embeddable":true,"href":"https:\/\/noticiasemdestaque.com\/cd\/index.php?rest_route=\/wp\/v2\/media\/5715"}],"wp:attachment":[{"href":"https:\/\/noticiasemdestaque.com\/cd\/index.php?rest_route=%2Fwp%2Fv2%2Fmedia&parent=5714"}],"wp:term":[{"taxonomy":"category","embeddable":true,"href":"https:\/\/noticiasemdestaque.com\/cd\/index.php?rest_route=%2Fwp%2Fv2%2Fcategories&post=5714"},{"taxonomy":"post_tag","embeddable":true,"href":"https:\/\/noticiasemdestaque.com\/cd\/index.php?rest_route=%2Fwp%2Fv2%2Ftags&post=5714"}],"curies":[{"name":"wp","href":"https:\/\/api.w.org\/{rel}","templated":true}]}}