{"id":5711,"date":"2017-11-03T08:28:37","date_gmt":"2017-11-03T11:28:37","guid":{"rendered":"http:\/\/caririemdestaque.com\/cd\/?p=5711"},"modified":"2017-11-03T08:28:37","modified_gmt":"2017-11-03T11:28:37","slug":"mais-de-39-mil-inscritos-da-pb-no-enem-ainda-nao-sabem-onde-vao-fazer-provas","status":"publish","type":"post","link":"https:\/\/noticiasemdestaque.com\/cd\/?p=5711","title":{"rendered":"Mais de 39 mil inscritos da PB no Enem ainda n\u00e3o sabem onde v\u00e3o fazer provas"},"content":{"rendered":"<p><a href=\"http:\/\/caririemdestaque.com\/cd\/wp-content\/uploads\/2017\/11\/enem-300x169.jpg\"><img decoding=\"async\" class=\"size-thumbnail wp-image-5712 alignleft\" src=\"http:\/\/caririemdestaque.com\/cd\/wp-content\/uploads\/2017\/11\/enem-300x169-150x150.jpg\" alt=\"\" width=\"150\" height=\"150\" \/><\/a>Mais de 39 mil inscritos da Para\u00edba no Exame Nacional do Ensino M\u00e9dio (Enem) 2017 ainda n\u00e3o sabem onde v\u00e3o fazer as provas este ano. Segundo o Instituto Nacional de Estudos e Pesquisas Educacionais An\u00edsio Teixeira (Inep), at\u00e9 as 15h41 desta quarta-feira (1\u00ba), haviam sido computadas 149.287 visualiza\u00e7\u00f5es do Cart\u00e3o de Confirma\u00e7\u00e3o da Inscri\u00e7\u00e3o.<\/p>\n<p data-track-category=\"Link no Texto\" data-track-links=\"\">Ao todo, 189.149 candidatos v\u00e3o fazer provas na Para\u00edba, o que representa 2,81% do total de candidatos do Brasil, que \u00e9 de 6.731.203.\u00a0As cidades com mais inscritos s\u00e3o Jo\u00e3o Pessoa e Campina Grande, com 51.645 e 31.736 candidatos, respectivamente.\u00a0As provas do Enem 2017 v\u00e3o ser aplicadas em dois fins de semana distintos, em 5 e 12 de novembro.<\/p>\n<p data-track-category=\"Link no Texto\" data-track-links=\"\">Para acessar o cart\u00e3o \u00e9 necess\u00e1rio informar o n\u00famero do CPF e a senha cadastrada na inscri\u00e7\u00e3o\u00a0na P\u00e1gina do Participante. Um passo a passo para recupera\u00e7\u00e3o da senha est\u00e1 dispon\u00edvel para aquela que a esqueceram. N\u00e3o \u00e9 obrigat\u00f3rio levar o Cart\u00e3o de Confirma\u00e7\u00e3o impresso no dia das provas.<\/p>\n<p data-track-category=\"Link no Texto\" data-track-links=\"\">O cart\u00e3o tamb\u00e9m pode ser consultado pelo Aplicativo do Enem, desde que o app seja atualizado lojas Google Play (para Android) ou App Store (para IOS). O cart\u00e3o informa o n\u00famero de inscri\u00e7\u00e3o; a data, hora e local das provas; a op\u00e7\u00e3o de l\u00edngua estrangeira escolhida e os atendimentos espec\u00edficos e\/ou especializados, caso tenham sido solicitados.<\/p>\n<p data-track-category=\"Link no Texto\" data-track-links=\"\">O Inep sugere que todos os participantes confiram esses dados com anteced\u00eancia. Outra dica \u00e9 fazerem o trajeto antes do dia do Exame, para verificar a dist\u00e2ncia, o tempo gasto e a melhor forma de chegar ao local de prova, evitando atrasos no dia da aplica\u00e7\u00e3o. O Enem 2017 ser\u00e1 aplicado em 12.416 locais de prova, distribu\u00eddos em 1.725 cidades brasileiras.<\/p>\n<p data-track-category=\"Link no Texto\" data-track-links=\"\">Com G1<\/p>\n<p>&nbsp;<\/p>\n","protected":false},"excerpt":{"rendered":"<p>Mais de 39 mil inscritos da Para\u00edba no Exame Nacional do Ensino M\u00e9dio (Enem) 2017 ainda n\u00e3o sabem onde v\u00e3o fazer as provas este ano. Segundo o Instituto Nacional de Estudos e Pesquisas Educacionais An\u00edsio Teixeira (Inep), at\u00e9 as 15h41 desta quarta-feira (1\u00ba), haviam sido computadas 149.287 visualiza\u00e7\u00f5es do Cart\u00e3o de Confirma\u00e7\u00e3o da Inscri\u00e7\u00e3o. Ao todo, 189.149 candidatos v\u00e3o fazer provas na Para\u00edba, o que representa 2,81% do total de candidatos do Brasil, que \u00e9 de 6.731.203.\u00a0As cidades com mais inscritos s\u00e3o Jo\u00e3o Pessoa e Campina Grande, com 51.645 e 31.736 candidatos, respectivamente.\u00a0As provas do Enem 2017 v\u00e3o ser aplicadas em dois fins de semana distintos, em 5 e 12 de novembro. Para acessar o cart\u00e3o \u00e9 necess\u00e1rio informar o n\u00famero do CPF e a senha cadastrada na inscri\u00e7\u00e3o\u00a0na P\u00e1gina do Participante. Um passo a passo para recupera\u00e7\u00e3o da senha est\u00e1 dispon\u00edvel para aquela que a esqueceram. N\u00e3o \u00e9 obrigat\u00f3rio levar o Cart\u00e3o de Confirma\u00e7\u00e3o impresso no dia das provas. O cart\u00e3o tamb\u00e9m pode ser consultado pelo Aplicativo do Enem, desde que o app seja atualizado lojas Google Play (para Android) ou App Store (para IOS). O cart\u00e3o informa o n\u00famero de inscri\u00e7\u00e3o; a data, hora e local das provas; a op\u00e7\u00e3o de l\u00edngua estrangeira escolhida e os atendimentos espec\u00edficos e\/ou especializados, caso tenham sido solicitados. O Inep sugere que todos os participantes confiram esses dados com anteced\u00eancia. Outra dica \u00e9 fazerem o trajeto antes do dia do Exame, para verificar a dist\u00e2ncia, o tempo gasto e a melhor forma de chegar ao local de prova, evitando atrasos no dia da aplica\u00e7\u00e3o. O Enem 2017 ser\u00e1 aplicado em 12.416 locais de prova, distribu\u00eddos em 1.725 cidades brasileiras. Com G1 &nbsp;<\/p>\n","protected":false},"author":2,"featured_media":5712,"comment_status":"closed","ping_status":"open","sticky":false,"template":"","format":"standard","meta":{"_eb_attr":"","_jetpack_memberships_contains_paid_content":false,"footnotes":""},"categories":[6],"tags":[],"class_list":["post-5711","post","type-post","status-publish","format-standard","has-post-thumbnail","hentry","category-educacao"],"yoast_head":"<!-- This site is optimized with the Yoast SEO plugin v26.5 - https:\/\/yoast.com\/wordpress\/plugins\/seo\/ -->\n<title>Mais de 39 mil inscritos da PB no Enem ainda n\u00e3o sabem onde v\u00e3o fazer provas - Not&iacute;cias em Destaque<\/title>\n<meta name=\"robots\" content=\"index, follow, max-snippet:-1, max-image-preview:large, max-video-preview:-1\" \/>\n<link rel=\"canonical\" href=\"https:\/\/noticiasemdestaque.com\/cd\/?p=5711\" \/>\n<meta property=\"og:locale\" content=\"pt_BR\" \/>\n<meta property=\"og:type\" content=\"article\" \/>\n<meta property=\"og:title\" content=\"Mais de 39 mil inscritos da PB no Enem ainda n\u00e3o sabem onde v\u00e3o fazer provas - Not&iacute;cias em Destaque\" \/>\n<meta property=\"og:description\" content=\"Mais de 39 mil inscritos da Para\u00edba no Exame Nacional do Ensino M\u00e9dio (Enem) 2017 ainda n\u00e3o sabem onde v\u00e3o fazer as provas este ano. Segundo o Instituto Nacional de Estudos e Pesquisas Educacionais An\u00edsio Teixeira (Inep), at\u00e9 as 15h41 desta quarta-feira (1\u00ba), haviam sido computadas 149.287 visualiza\u00e7\u00f5es do Cart\u00e3o de Confirma\u00e7\u00e3o da Inscri\u00e7\u00e3o. Ao todo, 189.149 candidatos v\u00e3o fazer provas na Para\u00edba, o que representa 2,81% do total de candidatos do Brasil, que \u00e9 de 6.731.203.\u00a0As cidades com mais inscritos s\u00e3o Jo\u00e3o Pessoa e Campina Grande, com 51.645 e 31.736 candidatos, respectivamente.\u00a0As provas do Enem 2017 v\u00e3o ser aplicadas em dois fins de semana distintos, em 5 e 12 de novembro. Para acessar o cart\u00e3o \u00e9 necess\u00e1rio informar o n\u00famero do CPF e a senha cadastrada na inscri\u00e7\u00e3o\u00a0na P\u00e1gina do Participante. Um passo a passo para recupera\u00e7\u00e3o da senha est\u00e1 dispon\u00edvel para aquela que a esqueceram. N\u00e3o \u00e9 obrigat\u00f3rio levar o Cart\u00e3o de Confirma\u00e7\u00e3o impresso no dia das provas. O cart\u00e3o tamb\u00e9m pode ser consultado pelo Aplicativo do Enem, desde que o app seja atualizado lojas Google Play (para Android) ou App Store (para IOS). O cart\u00e3o informa o n\u00famero de inscri\u00e7\u00e3o; a data, hora e local das provas; a op\u00e7\u00e3o de l\u00edngua estrangeira escolhida e os atendimentos espec\u00edficos e\/ou especializados, caso tenham sido solicitados. O Inep sugere que todos os participantes confiram esses dados com anteced\u00eancia. Outra dica \u00e9 fazerem o trajeto antes do dia do Exame, para verificar a dist\u00e2ncia, o tempo gasto e a melhor forma de chegar ao local de prova, evitando atrasos no dia da aplica\u00e7\u00e3o. O Enem 2017 ser\u00e1 aplicado em 12.416 locais de prova, distribu\u00eddos em 1.725 cidades brasileiras. Com G1 &nbsp;\" \/>\n<meta property=\"og:url\" content=\"https:\/\/noticiasemdestaque.com\/cd\/?p=5711\" \/>\n<meta property=\"og:site_name\" content=\"Not&iacute;cias em Destaque\" \/>\n<meta property=\"article:published_time\" content=\"2017-11-03T11:28:37+00:00\" \/>\n<meta property=\"og:image\" content=\"https:\/\/noticiasemdestaque.com\/cd\/wp-content\/uploads\/2017\/11\/enem-300x169.jpg\" \/>\n\t<meta property=\"og:image:width\" content=\"300\" \/>\n\t<meta property=\"og:image:height\" content=\"169\" \/>\n\t<meta property=\"og:image:type\" content=\"image\/jpeg\" \/>\n<meta name=\"author\" content=\"Not\u00edcias em Destaque\" \/>\n<meta name=\"twitter:card\" content=\"summary_large_image\" \/>\n<meta name=\"twitter:label1\" content=\"Escrito por\" \/>\n\t<meta name=\"twitter:data1\" content=\"Not\u00edcias em Destaque\" \/>\n\t<meta name=\"twitter:label2\" content=\"Est. tempo de leitura\" \/>\n\t<meta name=\"twitter:data2\" content=\"2 minutos\" \/>\n<script type=\"application\/ld+json\" class=\"yoast-schema-graph\">{\"@context\":\"https:\/\/schema.org\",\"@graph\":[{\"@type\":\"Article\",\"@id\":\"https:\/\/noticiasemdestaque.com\/cd\/?p=5711#article\",\"isPartOf\":{\"@id\":\"https:\/\/noticiasemdestaque.com\/cd\/?p=5711\"},\"author\":{\"name\":\"Not\u00edcias em Destaque\",\"@id\":\"https:\/\/noticiasemdestaque.com\/cd\/#\/schema\/person\/21320b03a7e8bb90128938dafc9b908a\"},\"headline\":\"Mais de 39 mil inscritos da PB no Enem ainda n\u00e3o sabem onde v\u00e3o fazer provas\",\"datePublished\":\"2017-11-03T11:28:37+00:00\",\"mainEntityOfPage\":{\"@id\":\"https:\/\/noticiasemdestaque.com\/cd\/?p=5711\"},\"wordCount\":319,\"publisher\":{\"@id\":\"https:\/\/noticiasemdestaque.com\/cd\/#organization\"},\"image\":{\"@id\":\"https:\/\/noticiasemdestaque.com\/cd\/?p=5711#primaryimage\"},\"thumbnailUrl\":\"https:\/\/noticiasemdestaque.com\/cd\/wp-content\/uploads\/2017\/11\/enem-300x169.jpg\",\"articleSection\":[\"Educa\u00e7\u00e3o\"],\"inLanguage\":\"pt-BR\"},{\"@type\":\"WebPage\",\"@id\":\"https:\/\/noticiasemdestaque.com\/cd\/?p=5711\",\"url\":\"https:\/\/noticiasemdestaque.com\/cd\/?p=5711\",\"name\":\"Mais de 39 mil inscritos da PB no Enem ainda n\u00e3o sabem onde v\u00e3o fazer provas - Not&iacute;cias em Destaque\",\"isPartOf\":{\"@id\":\"https:\/\/noticiasemdestaque.com\/cd\/#website\"},\"primaryImageOfPage\":{\"@id\":\"https:\/\/noticiasemdestaque.com\/cd\/?p=5711#primaryimage\"},\"image\":{\"@id\":\"https:\/\/noticiasemdestaque.com\/cd\/?p=5711#primaryimage\"},\"thumbnailUrl\":\"https:\/\/noticiasemdestaque.com\/cd\/wp-content\/uploads\/2017\/11\/enem-300x169.jpg\",\"datePublished\":\"2017-11-03T11:28:37+00:00\",\"breadcrumb\":{\"@id\":\"https:\/\/noticiasemdestaque.com\/cd\/?p=5711#breadcrumb\"},\"inLanguage\":\"pt-BR\",\"potentialAction\":[{\"@type\":\"ReadAction\",\"target\":[\"https:\/\/noticiasemdestaque.com\/cd\/?p=5711\"]}]},{\"@type\":\"ImageObject\",\"inLanguage\":\"pt-BR\",\"@id\":\"https:\/\/noticiasemdestaque.com\/cd\/?p=5711#primaryimage\",\"url\":\"https:\/\/noticiasemdestaque.com\/cd\/wp-content\/uploads\/2017\/11\/enem-300x169.jpg\",\"contentUrl\":\"https:\/\/noticiasemdestaque.com\/cd\/wp-content\/uploads\/2017\/11\/enem-300x169.jpg\",\"width\":300,\"height\":169},{\"@type\":\"BreadcrumbList\",\"@id\":\"https:\/\/noticiasemdestaque.com\/cd\/?p=5711#breadcrumb\",\"itemListElement\":[{\"@type\":\"ListItem\",\"position\":1,\"name\":\"In\u00edcio\",\"item\":\"https:\/\/noticiasemdestaque.com\/cd\/\"},{\"@type\":\"ListItem\",\"position\":2,\"name\":\"Mais de 39 mil inscritos da PB no Enem ainda n\u00e3o sabem onde v\u00e3o fazer provas\"}]},{\"@type\":\"WebSite\",\"@id\":\"https:\/\/noticiasemdestaque.com\/cd\/#website\",\"url\":\"https:\/\/noticiasemdestaque.com\/cd\/\",\"name\":\"Not&iacute;cias em Destaque\",\"description\":\"\",\"publisher\":{\"@id\":\"https:\/\/noticiasemdestaque.com\/cd\/#organization\"},\"potentialAction\":[{\"@type\":\"SearchAction\",\"target\":{\"@type\":\"EntryPoint\",\"urlTemplate\":\"https:\/\/noticiasemdestaque.com\/cd\/?s={search_term_string}\"},\"query-input\":{\"@type\":\"PropertyValueSpecification\",\"valueRequired\":true,\"valueName\":\"search_term_string\"}}],\"inLanguage\":\"pt-BR\"},{\"@type\":\"Organization\",\"@id\":\"https:\/\/noticiasemdestaque.com\/cd\/#organization\",\"name\":\"Not\u00edcias em Destaque\",\"url\":\"https:\/\/noticiasemdestaque.com\/cd\/\",\"logo\":{\"@type\":\"ImageObject\",\"inLanguage\":\"pt-BR\",\"@id\":\"https:\/\/noticiasemdestaque.com\/cd\/#\/schema\/logo\/image\/\",\"url\":\"https:\/\/noticiasemdestaque.com\/cd\/wp-content\/uploads\/2022\/05\/imagem-base-noticiasemdestaque.png\",\"contentUrl\":\"https:\/\/noticiasemdestaque.com\/cd\/wp-content\/uploads\/2022\/05\/imagem-base-noticiasemdestaque.png\",\"width\":1200,\"height\":630,\"caption\":\"Not\u00edcias em Destaque\"},\"image\":{\"@id\":\"https:\/\/noticiasemdestaque.com\/cd\/#\/schema\/logo\/image\/\"}},{\"@type\":\"Person\",\"@id\":\"https:\/\/noticiasemdestaque.com\/cd\/#\/schema\/person\/21320b03a7e8bb90128938dafc9b908a\",\"name\":\"Not\u00edcias em Destaque\",\"url\":\"https:\/\/noticiasemdestaque.com\/cd\/?author=2\"}]}<\/script>\n<!-- \/ Yoast SEO plugin. -->","yoast_head_json":{"title":"Mais de 39 mil inscritos da PB no Enem ainda n\u00e3o sabem onde v\u00e3o fazer provas - Not&iacute;cias em Destaque","robots":{"index":"index","follow":"follow","max-snippet":"max-snippet:-1","max-image-preview":"max-image-preview:large","max-video-preview":"max-video-preview:-1"},"canonical":"https:\/\/noticiasemdestaque.com\/cd\/?p=5711","og_locale":"pt_BR","og_type":"article","og_title":"Mais de 39 mil inscritos da PB no Enem ainda n\u00e3o sabem onde v\u00e3o fazer provas - Not&iacute;cias em Destaque","og_description":"Mais de 39 mil inscritos da Para\u00edba no Exame Nacional do Ensino M\u00e9dio (Enem) 2017 ainda n\u00e3o sabem onde v\u00e3o fazer as provas este ano. Segundo o Instituto Nacional de Estudos e Pesquisas Educacionais An\u00edsio Teixeira (Inep), at\u00e9 as 15h41 desta quarta-feira (1\u00ba), haviam sido computadas 149.287 visualiza\u00e7\u00f5es do Cart\u00e3o de Confirma\u00e7\u00e3o da Inscri\u00e7\u00e3o. Ao todo, 189.149 candidatos v\u00e3o fazer provas na Para\u00edba, o que representa 2,81% do total de candidatos do Brasil, que \u00e9 de 6.731.203.\u00a0As cidades com mais inscritos s\u00e3o Jo\u00e3o Pessoa e Campina Grande, com 51.645 e 31.736 candidatos, respectivamente.\u00a0As provas do Enem 2017 v\u00e3o ser aplicadas em dois fins de semana distintos, em 5 e 12 de novembro. Para acessar o cart\u00e3o \u00e9 necess\u00e1rio informar o n\u00famero do CPF e a senha cadastrada na inscri\u00e7\u00e3o\u00a0na P\u00e1gina do Participante. Um passo a passo para recupera\u00e7\u00e3o da senha est\u00e1 dispon\u00edvel para aquela que a esqueceram. N\u00e3o \u00e9 obrigat\u00f3rio levar o Cart\u00e3o de Confirma\u00e7\u00e3o impresso no dia das provas. O cart\u00e3o tamb\u00e9m pode ser consultado pelo Aplicativo do Enem, desde que o app seja atualizado lojas Google Play (para Android) ou App Store (para IOS). O cart\u00e3o informa o n\u00famero de inscri\u00e7\u00e3o; a data, hora e local das provas; a op\u00e7\u00e3o de l\u00edngua estrangeira escolhida e os atendimentos espec\u00edficos e\/ou especializados, caso tenham sido solicitados. O Inep sugere que todos os participantes confiram esses dados com anteced\u00eancia. Outra dica \u00e9 fazerem o trajeto antes do dia do Exame, para verificar a dist\u00e2ncia, o tempo gasto e a melhor forma de chegar ao local de prova, evitando atrasos no dia da aplica\u00e7\u00e3o. O Enem 2017 ser\u00e1 aplicado em 12.416 locais de prova, distribu\u00eddos em 1.725 cidades brasileiras. Com G1 &nbsp;","og_url":"https:\/\/noticiasemdestaque.com\/cd\/?p=5711","og_site_name":"Not&iacute;cias em Destaque","article_published_time":"2017-11-03T11:28:37+00:00","og_image":[{"width":300,"height":169,"url":"https:\/\/noticiasemdestaque.com\/cd\/wp-content\/uploads\/2017\/11\/enem-300x169.jpg","type":"image\/jpeg"}],"author":"Not\u00edcias em Destaque","twitter_card":"summary_large_image","twitter_misc":{"Escrito por":"Not\u00edcias em Destaque","Est. tempo de leitura":"2 minutos"},"schema":{"@context":"https:\/\/schema.org","@graph":[{"@type":"Article","@id":"https:\/\/noticiasemdestaque.com\/cd\/?p=5711#article","isPartOf":{"@id":"https:\/\/noticiasemdestaque.com\/cd\/?p=5711"},"author":{"name":"Not\u00edcias em Destaque","@id":"https:\/\/noticiasemdestaque.com\/cd\/#\/schema\/person\/21320b03a7e8bb90128938dafc9b908a"},"headline":"Mais de 39 mil inscritos da PB no Enem ainda n\u00e3o sabem onde v\u00e3o fazer provas","datePublished":"2017-11-03T11:28:37+00:00","mainEntityOfPage":{"@id":"https:\/\/noticiasemdestaque.com\/cd\/?p=5711"},"wordCount":319,"publisher":{"@id":"https:\/\/noticiasemdestaque.com\/cd\/#organization"},"image":{"@id":"https:\/\/noticiasemdestaque.com\/cd\/?p=5711#primaryimage"},"thumbnailUrl":"https:\/\/noticiasemdestaque.com\/cd\/wp-content\/uploads\/2017\/11\/enem-300x169.jpg","articleSection":["Educa\u00e7\u00e3o"],"inLanguage":"pt-BR"},{"@type":"WebPage","@id":"https:\/\/noticiasemdestaque.com\/cd\/?p=5711","url":"https:\/\/noticiasemdestaque.com\/cd\/?p=5711","name":"Mais de 39 mil inscritos da PB no Enem ainda n\u00e3o sabem onde v\u00e3o fazer provas - Not&iacute;cias em Destaque","isPartOf":{"@id":"https:\/\/noticiasemdestaque.com\/cd\/#website"},"primaryImageOfPage":{"@id":"https:\/\/noticiasemdestaque.com\/cd\/?p=5711#primaryimage"},"image":{"@id":"https:\/\/noticiasemdestaque.com\/cd\/?p=5711#primaryimage"},"thumbnailUrl":"https:\/\/noticiasemdestaque.com\/cd\/wp-content\/uploads\/2017\/11\/enem-300x169.jpg","datePublished":"2017-11-03T11:28:37+00:00","breadcrumb":{"@id":"https:\/\/noticiasemdestaque.com\/cd\/?p=5711#breadcrumb"},"inLanguage":"pt-BR","potentialAction":[{"@type":"ReadAction","target":["https:\/\/noticiasemdestaque.com\/cd\/?p=5711"]}]},{"@type":"ImageObject","inLanguage":"pt-BR","@id":"https:\/\/noticiasemdestaque.com\/cd\/?p=5711#primaryimage","url":"https:\/\/noticiasemdestaque.com\/cd\/wp-content\/uploads\/2017\/11\/enem-300x169.jpg","contentUrl":"https:\/\/noticiasemdestaque.com\/cd\/wp-content\/uploads\/2017\/11\/enem-300x169.jpg","width":300,"height":169},{"@type":"BreadcrumbList","@id":"https:\/\/noticiasemdestaque.com\/cd\/?p=5711#breadcrumb","itemListElement":[{"@type":"ListItem","position":1,"name":"In\u00edcio","item":"https:\/\/noticiasemdestaque.com\/cd\/"},{"@type":"ListItem","position":2,"name":"Mais de 39 mil inscritos da PB no Enem ainda n\u00e3o sabem onde v\u00e3o fazer provas"}]},{"@type":"WebSite","@id":"https:\/\/noticiasemdestaque.com\/cd\/#website","url":"https:\/\/noticiasemdestaque.com\/cd\/","name":"Not&iacute;cias em Destaque","description":"","publisher":{"@id":"https:\/\/noticiasemdestaque.com\/cd\/#organization"},"potentialAction":[{"@type":"SearchAction","target":{"@type":"EntryPoint","urlTemplate":"https:\/\/noticiasemdestaque.com\/cd\/?s={search_term_string}"},"query-input":{"@type":"PropertyValueSpecification","valueRequired":true,"valueName":"search_term_string"}}],"inLanguage":"pt-BR"},{"@type":"Organization","@id":"https:\/\/noticiasemdestaque.com\/cd\/#organization","name":"Not\u00edcias em Destaque","url":"https:\/\/noticiasemdestaque.com\/cd\/","logo":{"@type":"ImageObject","inLanguage":"pt-BR","@id":"https:\/\/noticiasemdestaque.com\/cd\/#\/schema\/logo\/image\/","url":"https:\/\/noticiasemdestaque.com\/cd\/wp-content\/uploads\/2022\/05\/imagem-base-noticiasemdestaque.png","contentUrl":"https:\/\/noticiasemdestaque.com\/cd\/wp-content\/uploads\/2022\/05\/imagem-base-noticiasemdestaque.png","width":1200,"height":630,"caption":"Not\u00edcias em Destaque"},"image":{"@id":"https:\/\/noticiasemdestaque.com\/cd\/#\/schema\/logo\/image\/"}},{"@type":"Person","@id":"https:\/\/noticiasemdestaque.com\/cd\/#\/schema\/person\/21320b03a7e8bb90128938dafc9b908a","name":"Not\u00edcias em Destaque","url":"https:\/\/noticiasemdestaque.com\/cd\/?author=2"}]}},"jetpack_featured_media_url":"https:\/\/noticiasemdestaque.com\/cd\/wp-content\/uploads\/2017\/11\/enem-300x169.jpg","jetpack_sharing_enabled":true,"_links":{"self":[{"href":"https:\/\/noticiasemdestaque.com\/cd\/index.php?rest_route=\/wp\/v2\/posts\/5711","targetHints":{"allow":["GET"]}}],"collection":[{"href":"https:\/\/noticiasemdestaque.com\/cd\/index.php?rest_route=\/wp\/v2\/posts"}],"about":[{"href":"https:\/\/noticiasemdestaque.com\/cd\/index.php?rest_route=\/wp\/v2\/types\/post"}],"author":[{"embeddable":true,"href":"https:\/\/noticiasemdestaque.com\/cd\/index.php?rest_route=\/wp\/v2\/users\/2"}],"replies":[{"embeddable":true,"href":"https:\/\/noticiasemdestaque.com\/cd\/index.php?rest_route=%2Fwp%2Fv2%2Fcomments&post=5711"}],"version-history":[{"count":1,"href":"https:\/\/noticiasemdestaque.com\/cd\/index.php?rest_route=\/wp\/v2\/posts\/5711\/revisions"}],"predecessor-version":[{"id":5713,"href":"https:\/\/noticiasemdestaque.com\/cd\/index.php?rest_route=\/wp\/v2\/posts\/5711\/revisions\/5713"}],"wp:featuredmedia":[{"embeddable":true,"href":"https:\/\/noticiasemdestaque.com\/cd\/index.php?rest_route=\/wp\/v2\/media\/5712"}],"wp:attachment":[{"href":"https:\/\/noticiasemdestaque.com\/cd\/index.php?rest_route=%2Fwp%2Fv2%2Fmedia&parent=5711"}],"wp:term":[{"taxonomy":"category","embeddable":true,"href":"https:\/\/noticiasemdestaque.com\/cd\/index.php?rest_route=%2Fwp%2Fv2%2Fcategories&post=5711"},{"taxonomy":"post_tag","embeddable":true,"href":"https:\/\/noticiasemdestaque.com\/cd\/index.php?rest_route=%2Fwp%2Fv2%2Ftags&post=5711"}],"curies":[{"name":"wp","href":"https:\/\/api.w.org\/{rel}","templated":true}]}}