{"id":569,"date":"2017-06-15T13:01:10","date_gmt":"2017-06-15T16:01:10","guid":{"rendered":"http:\/\/caririemdestaque.com\/cd\/?p=569"},"modified":"2017-06-15T13:01:10","modified_gmt":"2017-06-15T16:01:10","slug":"reitor-considera-renovar-contrato-de-substitutos-que-voltarem-a-uepb-mesmo-durante-greve","status":"publish","type":"post","link":"https:\/\/noticiasemdestaque.com\/cd\/?p=569","title":{"rendered":"Reitor considera renovar contrato de substitutos que voltarem \u00e0 UEPB mesmo durante greve"},"content":{"rendered":"<p><a href=\"http:\/\/caririemdestaque.com\/cd\/wp-content\/uploads\/2017\/06\/uepb.jpg\"><img fetchpriority=\"high\" decoding=\"async\" class=\"size-medium wp-image-570 alignleft\" src=\"http:\/\/caririemdestaque.com\/cd\/wp-content\/uploads\/2017\/06\/uepb-300x225.jpg\" alt=\"\" width=\"300\" height=\"225\" srcset=\"https:\/\/noticiasemdestaque.com\/cd\/wp-content\/uploads\/2017\/06\/uepb-300x225.jpg 300w, https:\/\/noticiasemdestaque.com\/cd\/wp-content\/uploads\/2017\/06\/uepb-200x150.jpg 200w, https:\/\/noticiasemdestaque.com\/cd\/wp-content\/uploads\/2017\/06\/uepb.jpg 362w\" sizes=\"(max-width: 300px) 100vw, 300px\" \/><\/a>O reitor da Universidade Estadual da Para\u00edba (UEPB), Rangel J\u00fanior, admitiu, ao Portal Correio, a possibilidade renovar contratos de professores substitutos at\u00e9 o fim do per\u00edodo letivo, caso eles retornem \u00e0s atividades, mesmo se isso acontecer enquanto a greve permanecer em curso.\u00a0 O presidente da associa\u00e7\u00e3o dos docentes (Aduepb), Nelson J\u00fanior, estranhou o posicionamento do reitor e a classificou como \u201ccontradit\u00f3ria\u201d. A greve dos professores da institui\u00e7\u00e3o j\u00e1 dura dois meses. Comente no fim da mat\u00e9ria.<\/p>\n<p>&nbsp;<\/p>\n<p>Rangel J\u00fanior contou que tomou conhecimento de que um \u201cgrupo grande\u201d de professores substitutos teriam se reunido e chegado \u00e0 decis\u00e3o de voltar \u00e0s atividades. A categoria teve contrato vencido em maio, quando recebeu a \u00faltima remunera\u00e7\u00e3o.<\/p>\n<p>Segundo o reitor, caso haja confirma\u00e7\u00e3o por parte de departamentos que professores voltaram \u00e0s salas de aula, estes ter\u00e3o os contratos renovados. A renova\u00e7\u00e3o ser\u00e1 por aproximadamente 30 dias, tempo que falta para o t\u00e9rmino do semestre letivo.<\/p>\n<p>Passado este per\u00edodo, dever\u00e1 ser lan\u00e7ado edital para nova sele\u00e7\u00e3o de professores. De acordo com Rangel J\u00fanior, n\u00e3o h\u00e1 impedimento para que estes mesmos professores concorram \u00e0s vagas, mas tamb\u00e9m n\u00e3o existe garantia de que eles sejam novamente selecionados para as fun\u00e7\u00f5es.<\/p>\n<p>Procurada pela reportagem, a associa\u00e7\u00e3o dos docentes da UEPB classificou a proposta de Rangel J\u00fanior como \u201ccontradit\u00f3ria\u201d, cuja inten\u00e7\u00e3o seria apenas enfraquecer o movimento grevista. Nelson J\u00fanior tamb\u00e9m negou que a movimenta\u00e7\u00e3o em quest\u00e3o atinja um \u201cgrupo grande\u201d de professores substitutos. Segundo ele, apenas cerca de 15 profissionais t\u00eam inten\u00e7\u00e3o de voltar ao trabalho.<\/p>\n<p>\u201cEstranhamos esse posicionamento do reitor porque j\u00e1 hav\u00edamos pedido que os contratos fossem renovados e ele alegou que n\u00e3o poderia porque a universidade est\u00e1 em greve. A greve n\u00e3o vai acabar com o retorno desses 15 professores que manifesta\u00e7\u00e3o essa inten\u00e7\u00e3o. Ent\u00e3o, por que o discurso mudou agora?\u201d, questionou Nelson J\u00fanior.<\/p>\n<p>O presidente da Aduepb ainda falou que, mesmo que alguns professores voltem \u00e0s salas, a entidade vai se empenhar para garantir que n\u00e3o haja aulas. \u201cSe for necess\u00e1rio, vamos armar piquetes em frente \u00e0s salas para impedir a entrada de pessoas. N\u00e3o vamos deixar os alunos se iludirem. Muitos viajaram ou est\u00e3o fazendo cursos curtos em outras cidades e n\u00e3o podemos deixar que eles voltem achando que vai estar tudo normal. N\u00e3o seria justo. E se o reitor renovar o contrato do pequeno grupo de professores, vamos exigir que ele renove de todos, pois isso demonstrar\u00e1 a fragilidade do discurso apresentado por ele anteriormente\u201d, completou Nelson J\u00fanior. Atualmente, existem 433 professores substitutos na UEPB.<\/p>\n<p><strong>Negocia\u00e7\u00f5es avan\u00e7am<\/strong><\/p>\n<p>Apesar desse conflito, Nelson J\u00fanior admite que as negocia\u00e7\u00f5es com Estado e reitoria t\u00eam avan\u00e7ado e calcula que o fim da greve pode ser acertado no m\u00eas que vem. \u201cNos \u00faltimos 15 dias, eles t\u00eam manifestado interesse no di\u00e1logo visando propostas de solu\u00e7\u00f5es em parte imediatas e em parte a curto ou m\u00e9dio prazo. Se continuar assim, acredito que caminhamos sim para uma resolu\u00e7\u00e3o da greve em julho\u201d, informou.<\/p>\n<p>Os professores da UEPB pedem reposi\u00e7\u00e3o de sal\u00e1rios em 23,61%, discuss\u00e3o do Plano de Cargos, Carreiras e Remunera\u00e7\u00f5es, garantia de que n\u00e3o haver\u00e1 fechamento de campus e redu\u00e7\u00e3o em vagas ofertadas, realiza\u00e7\u00e3o de concurso p\u00fablico para a categoria, cria\u00e7\u00e3o de uma resid\u00eancia universit\u00e1ria em Campina Grande, continua\u00e7\u00e3o das obras no campus de Monteiro e cess\u00e3o definitiva do Col\u00e9gio Jos\u00e9 Lins do R\u00eago como sede da UEPB em Jo\u00e3o Pessoa.<\/p>\n<p>Com Portal Correio<\/p>\n","protected":false},"excerpt":{"rendered":"<p>O reitor da Universidade Estadual da Para\u00edba (UEPB), Rangel J\u00fanior, admitiu, ao Portal Correio, a possibilidade renovar contratos de professores substitutos at\u00e9 o fim do per\u00edodo letivo, caso eles retornem \u00e0s atividades, mesmo se isso acontecer enquanto a greve permanecer em curso.\u00a0 O presidente da associa\u00e7\u00e3o dos docentes (Aduepb), Nelson J\u00fanior, estranhou o posicionamento do reitor e a classificou como \u201ccontradit\u00f3ria\u201d. A greve dos professores da institui\u00e7\u00e3o j\u00e1 dura dois meses. Comente no fim da mat\u00e9ria. &nbsp; Rangel J\u00fanior contou que tomou conhecimento de que um \u201cgrupo grande\u201d de professores substitutos teriam se reunido e chegado \u00e0 decis\u00e3o de voltar \u00e0s atividades. A categoria teve contrato vencido em maio, quando recebeu a \u00faltima remunera\u00e7\u00e3o. Segundo o reitor, caso haja confirma\u00e7\u00e3o por parte de departamentos que professores voltaram \u00e0s salas de aula, estes ter\u00e3o os contratos renovados. A renova\u00e7\u00e3o ser\u00e1 por aproximadamente 30 dias, tempo que falta para o t\u00e9rmino do semestre letivo. Passado este per\u00edodo, dever\u00e1 ser lan\u00e7ado edital para nova sele\u00e7\u00e3o de professores. De acordo com Rangel J\u00fanior, n\u00e3o h\u00e1 impedimento para que estes mesmos professores concorram \u00e0s vagas, mas tamb\u00e9m n\u00e3o existe garantia de que eles sejam novamente selecionados para as fun\u00e7\u00f5es. Procurada pela reportagem, a associa\u00e7\u00e3o dos docentes da UEPB classificou a proposta de Rangel J\u00fanior como \u201ccontradit\u00f3ria\u201d, cuja inten\u00e7\u00e3o seria apenas enfraquecer o movimento grevista. Nelson J\u00fanior tamb\u00e9m negou que a movimenta\u00e7\u00e3o em quest\u00e3o atinja um \u201cgrupo grande\u201d de professores substitutos. Segundo ele, apenas cerca de 15 profissionais t\u00eam inten\u00e7\u00e3o de voltar ao trabalho. \u201cEstranhamos esse posicionamento do reitor porque j\u00e1 hav\u00edamos pedido que os contratos fossem renovados e ele alegou que n\u00e3o poderia porque a universidade est\u00e1 em greve. A greve n\u00e3o vai acabar com o retorno desses 15 professores que manifesta\u00e7\u00e3o essa inten\u00e7\u00e3o. Ent\u00e3o, por que o discurso mudou agora?\u201d, questionou Nelson J\u00fanior. O presidente da Aduepb ainda falou que, mesmo que alguns professores voltem \u00e0s salas, a entidade vai se empenhar para garantir que n\u00e3o haja aulas. \u201cSe for necess\u00e1rio, vamos armar piquetes em frente \u00e0s salas para impedir a entrada de pessoas. N\u00e3o vamos deixar os alunos se iludirem. Muitos viajaram ou est\u00e3o fazendo cursos curtos em outras cidades e n\u00e3o podemos deixar que eles voltem achando que vai estar tudo normal. N\u00e3o seria justo. E se o reitor renovar o contrato do pequeno grupo de professores, vamos exigir que ele renove de todos, pois isso demonstrar\u00e1 a fragilidade do discurso apresentado por ele anteriormente\u201d, completou Nelson J\u00fanior. Atualmente, existem 433 professores substitutos na UEPB. Negocia\u00e7\u00f5es avan\u00e7am Apesar desse conflito, Nelson J\u00fanior admite que as negocia\u00e7\u00f5es com Estado e reitoria t\u00eam avan\u00e7ado e calcula que o fim da greve pode ser acertado no m\u00eas que vem. \u201cNos \u00faltimos 15 dias, eles t\u00eam manifestado interesse no di\u00e1logo visando propostas de solu\u00e7\u00f5es em parte imediatas e em parte a curto ou m\u00e9dio prazo. Se continuar assim, acredito que caminhamos sim para uma resolu\u00e7\u00e3o da greve em julho\u201d, informou. Os professores da UEPB pedem reposi\u00e7\u00e3o de sal\u00e1rios em 23,61%, discuss\u00e3o do Plano de Cargos, Carreiras e Remunera\u00e7\u00f5es, garantia de que n\u00e3o haver\u00e1 fechamento de campus e redu\u00e7\u00e3o em vagas ofertadas, realiza\u00e7\u00e3o de concurso p\u00fablico para a categoria, cria\u00e7\u00e3o de uma resid\u00eancia universit\u00e1ria em Campina Grande, continua\u00e7\u00e3o das obras no campus de Monteiro e cess\u00e3o definitiva do Col\u00e9gio Jos\u00e9 Lins do R\u00eago como sede da UEPB em Jo\u00e3o Pessoa. Com Portal Correio<\/p>\n","protected":false},"author":2,"featured_media":570,"comment_status":"closed","ping_status":"open","sticky":false,"template":"","format":"standard","meta":{"_eb_attr":"","_jetpack_memberships_contains_paid_content":false,"footnotes":""},"categories":[6],"tags":[],"class_list":["post-569","post","type-post","status-publish","format-standard","has-post-thumbnail","hentry","category-educacao"],"yoast_head":"<!-- This site is optimized with the Yoast SEO plugin v26.5 - https:\/\/yoast.com\/wordpress\/plugins\/seo\/ -->\n<title>Reitor considera renovar contrato de substitutos que voltarem \u00e0 UEPB mesmo durante greve - Not&iacute;cias em Destaque<\/title>\n<meta name=\"robots\" content=\"index, follow, max-snippet:-1, max-image-preview:large, max-video-preview:-1\" \/>\n<link rel=\"canonical\" href=\"https:\/\/noticiasemdestaque.com\/cd\/?p=569\" \/>\n<meta property=\"og:locale\" content=\"pt_BR\" \/>\n<meta property=\"og:type\" content=\"article\" \/>\n<meta property=\"og:title\" content=\"Reitor considera renovar contrato de substitutos que voltarem \u00e0 UEPB mesmo durante greve - Not&iacute;cias em Destaque\" \/>\n<meta property=\"og:description\" content=\"O reitor da Universidade Estadual da Para\u00edba (UEPB), Rangel J\u00fanior, admitiu, ao Portal Correio, a possibilidade renovar contratos de professores substitutos at\u00e9 o fim do per\u00edodo letivo, caso eles retornem \u00e0s atividades, mesmo se isso acontecer enquanto a greve permanecer em curso.\u00a0 O presidente da associa\u00e7\u00e3o dos docentes (Aduepb), Nelson J\u00fanior, estranhou o posicionamento do reitor e a classificou como \u201ccontradit\u00f3ria\u201d. A greve dos professores da institui\u00e7\u00e3o j\u00e1 dura dois meses. Comente no fim da mat\u00e9ria. &nbsp; Rangel J\u00fanior contou que tomou conhecimento de que um \u201cgrupo grande\u201d de professores substitutos teriam se reunido e chegado \u00e0 decis\u00e3o de voltar \u00e0s atividades. A categoria teve contrato vencido em maio, quando recebeu a \u00faltima remunera\u00e7\u00e3o. Segundo o reitor, caso haja confirma\u00e7\u00e3o por parte de departamentos que professores voltaram \u00e0s salas de aula, estes ter\u00e3o os contratos renovados. A renova\u00e7\u00e3o ser\u00e1 por aproximadamente 30 dias, tempo que falta para o t\u00e9rmino do semestre letivo. Passado este per\u00edodo, dever\u00e1 ser lan\u00e7ado edital para nova sele\u00e7\u00e3o de professores. De acordo com Rangel J\u00fanior, n\u00e3o h\u00e1 impedimento para que estes mesmos professores concorram \u00e0s vagas, mas tamb\u00e9m n\u00e3o existe garantia de que eles sejam novamente selecionados para as fun\u00e7\u00f5es. Procurada pela reportagem, a associa\u00e7\u00e3o dos docentes da UEPB classificou a proposta de Rangel J\u00fanior como \u201ccontradit\u00f3ria\u201d, cuja inten\u00e7\u00e3o seria apenas enfraquecer o movimento grevista. Nelson J\u00fanior tamb\u00e9m negou que a movimenta\u00e7\u00e3o em quest\u00e3o atinja um \u201cgrupo grande\u201d de professores substitutos. Segundo ele, apenas cerca de 15 profissionais t\u00eam inten\u00e7\u00e3o de voltar ao trabalho. \u201cEstranhamos esse posicionamento do reitor porque j\u00e1 hav\u00edamos pedido que os contratos fossem renovados e ele alegou que n\u00e3o poderia porque a universidade est\u00e1 em greve. A greve n\u00e3o vai acabar com o retorno desses 15 professores que manifesta\u00e7\u00e3o essa inten\u00e7\u00e3o. Ent\u00e3o, por que o discurso mudou agora?\u201d, questionou Nelson J\u00fanior. O presidente da Aduepb ainda falou que, mesmo que alguns professores voltem \u00e0s salas, a entidade vai se empenhar para garantir que n\u00e3o haja aulas. \u201cSe for necess\u00e1rio, vamos armar piquetes em frente \u00e0s salas para impedir a entrada de pessoas. N\u00e3o vamos deixar os alunos se iludirem. Muitos viajaram ou est\u00e3o fazendo cursos curtos em outras cidades e n\u00e3o podemos deixar que eles voltem achando que vai estar tudo normal. N\u00e3o seria justo. E se o reitor renovar o contrato do pequeno grupo de professores, vamos exigir que ele renove de todos, pois isso demonstrar\u00e1 a fragilidade do discurso apresentado por ele anteriormente\u201d, completou Nelson J\u00fanior. Atualmente, existem 433 professores substitutos na UEPB. Negocia\u00e7\u00f5es avan\u00e7am Apesar desse conflito, Nelson J\u00fanior admite que as negocia\u00e7\u00f5es com Estado e reitoria t\u00eam avan\u00e7ado e calcula que o fim da greve pode ser acertado no m\u00eas que vem. \u201cNos \u00faltimos 15 dias, eles t\u00eam manifestado interesse no di\u00e1logo visando propostas de solu\u00e7\u00f5es em parte imediatas e em parte a curto ou m\u00e9dio prazo. Se continuar assim, acredito que caminhamos sim para uma resolu\u00e7\u00e3o da greve em julho\u201d, informou. Os professores da UEPB pedem reposi\u00e7\u00e3o de sal\u00e1rios em 23,61%, discuss\u00e3o do Plano de Cargos, Carreiras e Remunera\u00e7\u00f5es, garantia de que n\u00e3o haver\u00e1 fechamento de campus e redu\u00e7\u00e3o em vagas ofertadas, realiza\u00e7\u00e3o de concurso p\u00fablico para a categoria, cria\u00e7\u00e3o de uma resid\u00eancia universit\u00e1ria em Campina Grande, continua\u00e7\u00e3o das obras no campus de Monteiro e cess\u00e3o definitiva do Col\u00e9gio Jos\u00e9 Lins do R\u00eago como sede da UEPB em Jo\u00e3o Pessoa. Com Portal Correio\" \/>\n<meta property=\"og:url\" content=\"https:\/\/noticiasemdestaque.com\/cd\/?p=569\" \/>\n<meta property=\"og:site_name\" content=\"Not&iacute;cias em Destaque\" \/>\n<meta property=\"article:published_time\" content=\"2017-06-15T16:01:10+00:00\" \/>\n<meta property=\"og:image\" content=\"https:\/\/noticiasemdestaque.com\/cd\/wp-content\/uploads\/2017\/06\/uepb.jpg\" \/>\n\t<meta property=\"og:image:width\" content=\"362\" \/>\n\t<meta property=\"og:image:height\" content=\"271\" \/>\n\t<meta property=\"og:image:type\" content=\"image\/jpeg\" \/>\n<meta name=\"author\" content=\"Not\u00edcias em Destaque\" \/>\n<meta name=\"twitter:card\" content=\"summary_large_image\" \/>\n<meta name=\"twitter:label1\" content=\"Escrito por\" \/>\n\t<meta name=\"twitter:data1\" content=\"Not\u00edcias em Destaque\" \/>\n\t<meta name=\"twitter:label2\" content=\"Est. tempo de leitura\" \/>\n\t<meta name=\"twitter:data2\" content=\"3 minutos\" \/>\n<script type=\"application\/ld+json\" class=\"yoast-schema-graph\">{\"@context\":\"https:\/\/schema.org\",\"@graph\":[{\"@type\":\"Article\",\"@id\":\"https:\/\/noticiasemdestaque.com\/cd\/?p=569#article\",\"isPartOf\":{\"@id\":\"https:\/\/noticiasemdestaque.com\/cd\/?p=569\"},\"author\":{\"name\":\"Not\u00edcias em Destaque\",\"@id\":\"https:\/\/noticiasemdestaque.com\/cd\/#\/schema\/person\/47f7d4f55eec17c6b2ca036c5500f6ce\"},\"headline\":\"Reitor considera renovar contrato de substitutos que voltarem \u00e0 UEPB mesmo durante greve\",\"datePublished\":\"2017-06-15T16:01:10+00:00\",\"mainEntityOfPage\":{\"@id\":\"https:\/\/noticiasemdestaque.com\/cd\/?p=569\"},\"wordCount\":636,\"publisher\":{\"@id\":\"https:\/\/noticiasemdestaque.com\/cd\/#organization\"},\"image\":{\"@id\":\"https:\/\/noticiasemdestaque.com\/cd\/?p=569#primaryimage\"},\"thumbnailUrl\":\"https:\/\/noticiasemdestaque.com\/cd\/wp-content\/uploads\/2017\/06\/uepb.jpg\",\"articleSection\":[\"Educa\u00e7\u00e3o\"],\"inLanguage\":\"pt-BR\"},{\"@type\":\"WebPage\",\"@id\":\"https:\/\/noticiasemdestaque.com\/cd\/?p=569\",\"url\":\"https:\/\/noticiasemdestaque.com\/cd\/?p=569\",\"name\":\"Reitor considera renovar contrato de substitutos que voltarem \u00e0 UEPB mesmo durante greve - Not&iacute;cias em Destaque\",\"isPartOf\":{\"@id\":\"https:\/\/noticiasemdestaque.com\/cd\/#website\"},\"primaryImageOfPage\":{\"@id\":\"https:\/\/noticiasemdestaque.com\/cd\/?p=569#primaryimage\"},\"image\":{\"@id\":\"https:\/\/noticiasemdestaque.com\/cd\/?p=569#primaryimage\"},\"thumbnailUrl\":\"https:\/\/noticiasemdestaque.com\/cd\/wp-content\/uploads\/2017\/06\/uepb.jpg\",\"datePublished\":\"2017-06-15T16:01:10+00:00\",\"breadcrumb\":{\"@id\":\"https:\/\/noticiasemdestaque.com\/cd\/?p=569#breadcrumb\"},\"inLanguage\":\"pt-BR\",\"potentialAction\":[{\"@type\":\"ReadAction\",\"target\":[\"https:\/\/noticiasemdestaque.com\/cd\/?p=569\"]}]},{\"@type\":\"ImageObject\",\"inLanguage\":\"pt-BR\",\"@id\":\"https:\/\/noticiasemdestaque.com\/cd\/?p=569#primaryimage\",\"url\":\"https:\/\/noticiasemdestaque.com\/cd\/wp-content\/uploads\/2017\/06\/uepb.jpg\",\"contentUrl\":\"https:\/\/noticiasemdestaque.com\/cd\/wp-content\/uploads\/2017\/06\/uepb.jpg\",\"width\":362,\"height\":271},{\"@type\":\"BreadcrumbList\",\"@id\":\"https:\/\/noticiasemdestaque.com\/cd\/?p=569#breadcrumb\",\"itemListElement\":[{\"@type\":\"ListItem\",\"position\":1,\"name\":\"In\u00edcio\",\"item\":\"https:\/\/noticiasemdestaque.com\/cd\/\"},{\"@type\":\"ListItem\",\"position\":2,\"name\":\"Reitor considera renovar contrato de substitutos que voltarem \u00e0 UEPB mesmo durante greve\"}]},{\"@type\":\"WebSite\",\"@id\":\"https:\/\/noticiasemdestaque.com\/cd\/#website\",\"url\":\"https:\/\/noticiasemdestaque.com\/cd\/\",\"name\":\"Not&iacute;cias em Destaque\",\"description\":\"\",\"publisher\":{\"@id\":\"https:\/\/noticiasemdestaque.com\/cd\/#organization\"},\"potentialAction\":[{\"@type\":\"SearchAction\",\"target\":{\"@type\":\"EntryPoint\",\"urlTemplate\":\"https:\/\/noticiasemdestaque.com\/cd\/?s={search_term_string}\"},\"query-input\":{\"@type\":\"PropertyValueSpecification\",\"valueRequired\":true,\"valueName\":\"search_term_string\"}}],\"inLanguage\":\"pt-BR\"},{\"@type\":\"Organization\",\"@id\":\"https:\/\/noticiasemdestaque.com\/cd\/#organization\",\"name\":\"Not\u00edcias em Destaque\",\"url\":\"https:\/\/noticiasemdestaque.com\/cd\/\",\"logo\":{\"@type\":\"ImageObject\",\"inLanguage\":\"pt-BR\",\"@id\":\"https:\/\/noticiasemdestaque.com\/cd\/#\/schema\/logo\/image\/\",\"url\":\"https:\/\/noticiasemdestaque.com\/cd\/wp-content\/uploads\/2022\/05\/imagem-base-noticiasemdestaque.png\",\"contentUrl\":\"https:\/\/noticiasemdestaque.com\/cd\/wp-content\/uploads\/2022\/05\/imagem-base-noticiasemdestaque.png\",\"width\":1200,\"height\":630,\"caption\":\"Not\u00edcias em Destaque\"},\"image\":{\"@id\":\"https:\/\/noticiasemdestaque.com\/cd\/#\/schema\/logo\/image\/\"}},{\"@type\":\"Person\",\"@id\":\"https:\/\/noticiasemdestaque.com\/cd\/#\/schema\/person\/47f7d4f55eec17c6b2ca036c5500f6ce\",\"name\":\"Not\u00edcias em Destaque\",\"url\":\"https:\/\/noticiasemdestaque.com\/cd\/?author=2\"}]}<\/script>\n<!-- \/ Yoast SEO plugin. -->","yoast_head_json":{"title":"Reitor considera renovar contrato de substitutos que voltarem \u00e0 UEPB mesmo durante greve - Not&iacute;cias em Destaque","robots":{"index":"index","follow":"follow","max-snippet":"max-snippet:-1","max-image-preview":"max-image-preview:large","max-video-preview":"max-video-preview:-1"},"canonical":"https:\/\/noticiasemdestaque.com\/cd\/?p=569","og_locale":"pt_BR","og_type":"article","og_title":"Reitor considera renovar contrato de substitutos que voltarem \u00e0 UEPB mesmo durante greve - Not&iacute;cias em Destaque","og_description":"O reitor da Universidade Estadual da Para\u00edba (UEPB), Rangel J\u00fanior, admitiu, ao Portal Correio, a possibilidade renovar contratos de professores substitutos at\u00e9 o fim do per\u00edodo letivo, caso eles retornem \u00e0s atividades, mesmo se isso acontecer enquanto a greve permanecer em curso.\u00a0 O presidente da associa\u00e7\u00e3o dos docentes (Aduepb), Nelson J\u00fanior, estranhou o posicionamento do reitor e a classificou como \u201ccontradit\u00f3ria\u201d. A greve dos professores da institui\u00e7\u00e3o j\u00e1 dura dois meses. Comente no fim da mat\u00e9ria. &nbsp; Rangel J\u00fanior contou que tomou conhecimento de que um \u201cgrupo grande\u201d de professores substitutos teriam se reunido e chegado \u00e0 decis\u00e3o de voltar \u00e0s atividades. A categoria teve contrato vencido em maio, quando recebeu a \u00faltima remunera\u00e7\u00e3o. Segundo o reitor, caso haja confirma\u00e7\u00e3o por parte de departamentos que professores voltaram \u00e0s salas de aula, estes ter\u00e3o os contratos renovados. A renova\u00e7\u00e3o ser\u00e1 por aproximadamente 30 dias, tempo que falta para o t\u00e9rmino do semestre letivo. Passado este per\u00edodo, dever\u00e1 ser lan\u00e7ado edital para nova sele\u00e7\u00e3o de professores. De acordo com Rangel J\u00fanior, n\u00e3o h\u00e1 impedimento para que estes mesmos professores concorram \u00e0s vagas, mas tamb\u00e9m n\u00e3o existe garantia de que eles sejam novamente selecionados para as fun\u00e7\u00f5es. Procurada pela reportagem, a associa\u00e7\u00e3o dos docentes da UEPB classificou a proposta de Rangel J\u00fanior como \u201ccontradit\u00f3ria\u201d, cuja inten\u00e7\u00e3o seria apenas enfraquecer o movimento grevista. Nelson J\u00fanior tamb\u00e9m negou que a movimenta\u00e7\u00e3o em quest\u00e3o atinja um \u201cgrupo grande\u201d de professores substitutos. Segundo ele, apenas cerca de 15 profissionais t\u00eam inten\u00e7\u00e3o de voltar ao trabalho. \u201cEstranhamos esse posicionamento do reitor porque j\u00e1 hav\u00edamos pedido que os contratos fossem renovados e ele alegou que n\u00e3o poderia porque a universidade est\u00e1 em greve. A greve n\u00e3o vai acabar com o retorno desses 15 professores que manifesta\u00e7\u00e3o essa inten\u00e7\u00e3o. Ent\u00e3o, por que o discurso mudou agora?\u201d, questionou Nelson J\u00fanior. O presidente da Aduepb ainda falou que, mesmo que alguns professores voltem \u00e0s salas, a entidade vai se empenhar para garantir que n\u00e3o haja aulas. \u201cSe for necess\u00e1rio, vamos armar piquetes em frente \u00e0s salas para impedir a entrada de pessoas. N\u00e3o vamos deixar os alunos se iludirem. Muitos viajaram ou est\u00e3o fazendo cursos curtos em outras cidades e n\u00e3o podemos deixar que eles voltem achando que vai estar tudo normal. N\u00e3o seria justo. E se o reitor renovar o contrato do pequeno grupo de professores, vamos exigir que ele renove de todos, pois isso demonstrar\u00e1 a fragilidade do discurso apresentado por ele anteriormente\u201d, completou Nelson J\u00fanior. Atualmente, existem 433 professores substitutos na UEPB. Negocia\u00e7\u00f5es avan\u00e7am Apesar desse conflito, Nelson J\u00fanior admite que as negocia\u00e7\u00f5es com Estado e reitoria t\u00eam avan\u00e7ado e calcula que o fim da greve pode ser acertado no m\u00eas que vem. \u201cNos \u00faltimos 15 dias, eles t\u00eam manifestado interesse no di\u00e1logo visando propostas de solu\u00e7\u00f5es em parte imediatas e em parte a curto ou m\u00e9dio prazo. Se continuar assim, acredito que caminhamos sim para uma resolu\u00e7\u00e3o da greve em julho\u201d, informou. Os professores da UEPB pedem reposi\u00e7\u00e3o de sal\u00e1rios em 23,61%, discuss\u00e3o do Plano de Cargos, Carreiras e Remunera\u00e7\u00f5es, garantia de que n\u00e3o haver\u00e1 fechamento de campus e redu\u00e7\u00e3o em vagas ofertadas, realiza\u00e7\u00e3o de concurso p\u00fablico para a categoria, cria\u00e7\u00e3o de uma resid\u00eancia universit\u00e1ria em Campina Grande, continua\u00e7\u00e3o das obras no campus de Monteiro e cess\u00e3o definitiva do Col\u00e9gio Jos\u00e9 Lins do R\u00eago como sede da UEPB em Jo\u00e3o Pessoa. Com Portal Correio","og_url":"https:\/\/noticiasemdestaque.com\/cd\/?p=569","og_site_name":"Not&iacute;cias em Destaque","article_published_time":"2017-06-15T16:01:10+00:00","og_image":[{"width":362,"height":271,"url":"https:\/\/noticiasemdestaque.com\/cd\/wp-content\/uploads\/2017\/06\/uepb.jpg","type":"image\/jpeg"}],"author":"Not\u00edcias em Destaque","twitter_card":"summary_large_image","twitter_misc":{"Escrito por":"Not\u00edcias em Destaque","Est. tempo de leitura":"3 minutos"},"schema":{"@context":"https:\/\/schema.org","@graph":[{"@type":"Article","@id":"https:\/\/noticiasemdestaque.com\/cd\/?p=569#article","isPartOf":{"@id":"https:\/\/noticiasemdestaque.com\/cd\/?p=569"},"author":{"name":"Not\u00edcias em Destaque","@id":"https:\/\/noticiasemdestaque.com\/cd\/#\/schema\/person\/47f7d4f55eec17c6b2ca036c5500f6ce"},"headline":"Reitor considera renovar contrato de substitutos que voltarem \u00e0 UEPB mesmo durante greve","datePublished":"2017-06-15T16:01:10+00:00","mainEntityOfPage":{"@id":"https:\/\/noticiasemdestaque.com\/cd\/?p=569"},"wordCount":636,"publisher":{"@id":"https:\/\/noticiasemdestaque.com\/cd\/#organization"},"image":{"@id":"https:\/\/noticiasemdestaque.com\/cd\/?p=569#primaryimage"},"thumbnailUrl":"https:\/\/noticiasemdestaque.com\/cd\/wp-content\/uploads\/2017\/06\/uepb.jpg","articleSection":["Educa\u00e7\u00e3o"],"inLanguage":"pt-BR"},{"@type":"WebPage","@id":"https:\/\/noticiasemdestaque.com\/cd\/?p=569","url":"https:\/\/noticiasemdestaque.com\/cd\/?p=569","name":"Reitor considera renovar contrato de substitutos que voltarem \u00e0 UEPB mesmo durante greve - Not&iacute;cias em Destaque","isPartOf":{"@id":"https:\/\/noticiasemdestaque.com\/cd\/#website"},"primaryImageOfPage":{"@id":"https:\/\/noticiasemdestaque.com\/cd\/?p=569#primaryimage"},"image":{"@id":"https:\/\/noticiasemdestaque.com\/cd\/?p=569#primaryimage"},"thumbnailUrl":"https:\/\/noticiasemdestaque.com\/cd\/wp-content\/uploads\/2017\/06\/uepb.jpg","datePublished":"2017-06-15T16:01:10+00:00","breadcrumb":{"@id":"https:\/\/noticiasemdestaque.com\/cd\/?p=569#breadcrumb"},"inLanguage":"pt-BR","potentialAction":[{"@type":"ReadAction","target":["https:\/\/noticiasemdestaque.com\/cd\/?p=569"]}]},{"@type":"ImageObject","inLanguage":"pt-BR","@id":"https:\/\/noticiasemdestaque.com\/cd\/?p=569#primaryimage","url":"https:\/\/noticiasemdestaque.com\/cd\/wp-content\/uploads\/2017\/06\/uepb.jpg","contentUrl":"https:\/\/noticiasemdestaque.com\/cd\/wp-content\/uploads\/2017\/06\/uepb.jpg","width":362,"height":271},{"@type":"BreadcrumbList","@id":"https:\/\/noticiasemdestaque.com\/cd\/?p=569#breadcrumb","itemListElement":[{"@type":"ListItem","position":1,"name":"In\u00edcio","item":"https:\/\/noticiasemdestaque.com\/cd\/"},{"@type":"ListItem","position":2,"name":"Reitor considera renovar contrato de substitutos que voltarem \u00e0 UEPB mesmo durante greve"}]},{"@type":"WebSite","@id":"https:\/\/noticiasemdestaque.com\/cd\/#website","url":"https:\/\/noticiasemdestaque.com\/cd\/","name":"Not&iacute;cias em Destaque","description":"","publisher":{"@id":"https:\/\/noticiasemdestaque.com\/cd\/#organization"},"potentialAction":[{"@type":"SearchAction","target":{"@type":"EntryPoint","urlTemplate":"https:\/\/noticiasemdestaque.com\/cd\/?s={search_term_string}"},"query-input":{"@type":"PropertyValueSpecification","valueRequired":true,"valueName":"search_term_string"}}],"inLanguage":"pt-BR"},{"@type":"Organization","@id":"https:\/\/noticiasemdestaque.com\/cd\/#organization","name":"Not\u00edcias em Destaque","url":"https:\/\/noticiasemdestaque.com\/cd\/","logo":{"@type":"ImageObject","inLanguage":"pt-BR","@id":"https:\/\/noticiasemdestaque.com\/cd\/#\/schema\/logo\/image\/","url":"https:\/\/noticiasemdestaque.com\/cd\/wp-content\/uploads\/2022\/05\/imagem-base-noticiasemdestaque.png","contentUrl":"https:\/\/noticiasemdestaque.com\/cd\/wp-content\/uploads\/2022\/05\/imagem-base-noticiasemdestaque.png","width":1200,"height":630,"caption":"Not\u00edcias em Destaque"},"image":{"@id":"https:\/\/noticiasemdestaque.com\/cd\/#\/schema\/logo\/image\/"}},{"@type":"Person","@id":"https:\/\/noticiasemdestaque.com\/cd\/#\/schema\/person\/47f7d4f55eec17c6b2ca036c5500f6ce","name":"Not\u00edcias em Destaque","url":"https:\/\/noticiasemdestaque.com\/cd\/?author=2"}]}},"jetpack_featured_media_url":"https:\/\/noticiasemdestaque.com\/cd\/wp-content\/uploads\/2017\/06\/uepb.jpg","jetpack_sharing_enabled":true,"_links":{"self":[{"href":"https:\/\/noticiasemdestaque.com\/cd\/index.php?rest_route=\/wp\/v2\/posts\/569","targetHints":{"allow":["GET"]}}],"collection":[{"href":"https:\/\/noticiasemdestaque.com\/cd\/index.php?rest_route=\/wp\/v2\/posts"}],"about":[{"href":"https:\/\/noticiasemdestaque.com\/cd\/index.php?rest_route=\/wp\/v2\/types\/post"}],"author":[{"embeddable":true,"href":"https:\/\/noticiasemdestaque.com\/cd\/index.php?rest_route=\/wp\/v2\/users\/2"}],"replies":[{"embeddable":true,"href":"https:\/\/noticiasemdestaque.com\/cd\/index.php?rest_route=%2Fwp%2Fv2%2Fcomments&post=569"}],"version-history":[{"count":1,"href":"https:\/\/noticiasemdestaque.com\/cd\/index.php?rest_route=\/wp\/v2\/posts\/569\/revisions"}],"predecessor-version":[{"id":571,"href":"https:\/\/noticiasemdestaque.com\/cd\/index.php?rest_route=\/wp\/v2\/posts\/569\/revisions\/571"}],"wp:featuredmedia":[{"embeddable":true,"href":"https:\/\/noticiasemdestaque.com\/cd\/index.php?rest_route=\/wp\/v2\/media\/570"}],"wp:attachment":[{"href":"https:\/\/noticiasemdestaque.com\/cd\/index.php?rest_route=%2Fwp%2Fv2%2Fmedia&parent=569"}],"wp:term":[{"taxonomy":"category","embeddable":true,"href":"https:\/\/noticiasemdestaque.com\/cd\/index.php?rest_route=%2Fwp%2Fv2%2Fcategories&post=569"},{"taxonomy":"post_tag","embeddable":true,"href":"https:\/\/noticiasemdestaque.com\/cd\/index.php?rest_route=%2Fwp%2Fv2%2Ftags&post=569"}],"curies":[{"name":"wp","href":"https:\/\/api.w.org\/{rel}","templated":true}]}}