{"id":5681,"date":"2017-10-31T21:02:52","date_gmt":"2017-11-01T00:02:52","guid":{"rendered":"http:\/\/caririemdestaque.com\/cd\/?p=5681"},"modified":"2017-10-31T21:02:52","modified_gmt":"2017-11-01T00:02:52","slug":"em-nota-prefeitura-de-sume-apresenta-escritura-publica-do-terreno-do-parque-de-exposicoes-joao-albino-pedrosa","status":"publish","type":"post","link":"https:\/\/noticiasemdestaque.com\/cd\/?p=5681","title":{"rendered":"Em nota, Prefeitura de Sum\u00e9 apresenta escritura p\u00fablica do terreno do Parque de Exposi\u00e7\u00f5es Jo\u00e3o Albino Pedrosa"},"content":{"rendered":"<p><a href=\"http:\/\/caririemdestaque.com\/cd\/wp-content\/uploads\/2017\/10\/IMG-20171031-WA0087.jpg\"><img fetchpriority=\"high\" decoding=\"async\" class=\"alignleft wp-image-5686 size-medium\" src=\"http:\/\/caririemdestaque.com\/cd\/wp-content\/uploads\/2017\/10\/IMG-20171031-WA0087-300x225.jpg\" alt=\"\" width=\"300\" height=\"225\" srcset=\"https:\/\/noticiasemdestaque.com\/cd\/wp-content\/uploads\/2017\/10\/IMG-20171031-WA0087-300x225.jpg 300w, https:\/\/noticiasemdestaque.com\/cd\/wp-content\/uploads\/2017\/10\/IMG-20171031-WA0087-768x576.jpg 768w, https:\/\/noticiasemdestaque.com\/cd\/wp-content\/uploads\/2017\/10\/IMG-20171031-WA0087-1024x768.jpg 1024w, https:\/\/noticiasemdestaque.com\/cd\/wp-content\/uploads\/2017\/10\/IMG-20171031-WA0087-640x480.jpg 640w, https:\/\/noticiasemdestaque.com\/cd\/wp-content\/uploads\/2017\/10\/IMG-20171031-WA0087.jpg 1032w\" sizes=\"(max-width: 300px) 100vw, 300px\" \/><\/a>NOTA DE ESCLARECIMENTO: A Prefeitura Municipal de Sum\u00e9 vem \u00e0 publico emitir a presente Nota para contestar e, ao mesmo tempo repudiar, a nota emitida em 31.10.2017 pelo Centro de Desenvolvimento Sustent\u00e1vel do Semi\u00e1rido (CDSA) dando conta que a edilidade municipal teria invadido terreno pertencente ao referido Centro.<\/p>\n<p>A dire\u00e7\u00e3o do Campus distorce a verdade dos fatos quando alega que o local onde ser\u00e1 reinaugurado o Parque de Exposi\u00e7\u00f5es Jo\u00e3o Albino Pedrosa pertence ao patrim\u00f4nio da UFCG.<\/p>\n<p>Na realidade, aquela \u00e1rea pertence hoje ao Munic\u00edpio de Sum\u00e9 vez que foi doado ao patrim\u00f4nio municipal pela Companhia de Desenvolvimento da Para\u00edba (CINEP) conforme escritura (<a href=\"https:\/\/drive.google.com\/file\/d\/0Bx6vlaBzT-ccTzhyeHhaN1Nfb0k\/view?usp=sharing\"><strong>CLIQUE AQUI<\/strong><\/a>).<\/p>\n<p>A UFCG, inconformada com o fato da ocorr\u00eancia da doa\u00e7\u00e3o, ajuizou a\u00e7\u00e3o na Justi\u00e7a Federal em Monteiro com pedido de liminar para tentar impedir que a Prefeitura adotasse provid\u00eancias para recuperar o parque.<a href=\"http:\/\/caririemdestaque.com\/cd\/wp-content\/uploads\/2017\/10\/IMG-20171031-WA0067.jpg\"><img decoding=\"async\" class=\"alignright wp-image-5685 size-medium\" src=\"http:\/\/caririemdestaque.com\/cd\/wp-content\/uploads\/2017\/10\/IMG-20171031-WA0067-300x225.jpg\" alt=\"\" width=\"300\" height=\"225\" srcset=\"https:\/\/noticiasemdestaque.com\/cd\/wp-content\/uploads\/2017\/10\/IMG-20171031-WA0067-300x225.jpg 300w, https:\/\/noticiasemdestaque.com\/cd\/wp-content\/uploads\/2017\/10\/IMG-20171031-WA0067-768x576.jpg 768w, https:\/\/noticiasemdestaque.com\/cd\/wp-content\/uploads\/2017\/10\/IMG-20171031-WA0067-1024x768.jpg 1024w, https:\/\/noticiasemdestaque.com\/cd\/wp-content\/uploads\/2017\/10\/IMG-20171031-WA0067-640x480.jpg 640w, https:\/\/noticiasemdestaque.com\/cd\/wp-content\/uploads\/2017\/10\/IMG-20171031-WA0067.jpg 1032w\" sizes=\"(max-width: 300px) 100vw, 300px\" \/><\/a><\/p>\n<p>A liminar foi negada pela Justi\u00e7a em primeira inst\u00e2ncia. Insatisfeita, a Universidade agravou da decis\u00e3o para o Tribunal Regional Federal da 5\u00aa Regi\u00e3o, sendo que, mais uma vez, n\u00e3o logrou \u00eaxito, pois o Tribunal manteve a denega\u00e7\u00e3o da liminar, ou seja, em favor da Prefeitura de Sum\u00e9.<\/p>\n<p>No \u00faltimo dia 10 de outubro, a Justi\u00e7a Federal em Monteiro julgou o m\u00e9rito da quest\u00e3o e decidiu que a UFCG n\u00e3o era propriet\u00e1ria e muito menos tinha a posse do referido parque, pelo contr\u00e1rio, ficou demonstrado o total abandono do local, depreda\u00e7\u00e3o e transforma\u00e7\u00e3o em um verdadeiro lix\u00e3o, conforme demonstram as fotos.<\/p>\n<p>Justamente por respeitar as institui\u00e7\u00f5es, a Prefeitura aguardou o julgamento do m\u00e9rito da a\u00e7\u00e3o para finalmente adotar as provid\u00eancias para salvaguardar o patrim\u00f4nio municipal, e em consequ\u00eancia, do povo de Sum\u00e9, tendo em vista que o parque ser\u00e1 um grande indutor de desenvolvimento para o munic\u00edpio e para a regi\u00e3o do Cariri.<\/p>\n<p><a href=\"http:\/\/caririemdestaque.com\/cd\/wp-content\/uploads\/2017\/10\/IMG-20171031-WA0065.jpg\"><img decoding=\"async\" class=\"alignleft wp-image-5684 size-medium\" src=\"http:\/\/caririemdestaque.com\/cd\/wp-content\/uploads\/2017\/10\/IMG-20171031-WA0065-300x225.jpg\" alt=\"\" width=\"300\" height=\"225\" srcset=\"https:\/\/noticiasemdestaque.com\/cd\/wp-content\/uploads\/2017\/10\/IMG-20171031-WA0065-300x225.jpg 300w, https:\/\/noticiasemdestaque.com\/cd\/wp-content\/uploads\/2017\/10\/IMG-20171031-WA0065-768x576.jpg 768w, https:\/\/noticiasemdestaque.com\/cd\/wp-content\/uploads\/2017\/10\/IMG-20171031-WA0065-1024x768.jpg 1024w, https:\/\/noticiasemdestaque.com\/cd\/wp-content\/uploads\/2017\/10\/IMG-20171031-WA0065-640x480.jpg 640w, https:\/\/noticiasemdestaque.com\/cd\/wp-content\/uploads\/2017\/10\/IMG-20171031-WA0065.jpg 1032w\" sizes=\"(max-width: 300px) 100vw, 300px\" \/><\/a>Se a dire\u00e7\u00e3o do Campus entende que a decis\u00e3o judicial \u00e9 equivocada, deveria recorrer para modific\u00e1-la, mas n\u00e3o querer distorcer a realidade dos fatos com o prop\u00f3sito de atribuir inverdades contra o munic\u00edpio e contra a gest\u00e3o.<\/p>\n<p>Somos sabedores da import\u00e2ncia que o Campus do CDSA tem para o Cariri, tanto \u00e9 que lutamos por sua implanta\u00e7\u00e3o em Sum\u00e9 e mantemos uma s\u00e9rie de parcerias entre as institui\u00e7\u00f5es, entretanto, no caso espec\u00edfico do parque, o que t\u00ednhamos era uma \u00e1rea totalmente abandonada na qual a Prefeitura dar\u00e1 destina\u00e7\u00e3o adequada sem haver qualquer preju\u00edzo para o CDSA, principalmente porque o Campus possui atualmente mais de 27 hectares \u00e0 sua disposi\u00e7\u00e3o e a Prefeitura de Sum\u00e9 j\u00e1 se prop\u00f4s para que possam ser desenvolvidas no parque atividades de pesquisa e extens\u00e3o, proposta esta que foi, inicialmente, amplamente debatida com a dire\u00e7\u00e3o do Campus Universit\u00e1rio.<\/p>\n<p><em>Prefeitura Municipal de Sum\u00e9<\/em><\/p>\n","protected":false},"excerpt":{"rendered":"<p>NOTA DE ESCLARECIMENTO: A Prefeitura Municipal de Sum\u00e9 vem \u00e0 publico emitir a presente Nota para contestar e, ao mesmo tempo repudiar, a nota emitida em 31.10.2017 pelo Centro de Desenvolvimento Sustent\u00e1vel do Semi\u00e1rido (CDSA) dando conta que a edilidade municipal teria invadido terreno pertencente ao referido Centro. A dire\u00e7\u00e3o do Campus distorce a verdade dos fatos quando alega que o local onde ser\u00e1 reinaugurado o Parque de Exposi\u00e7\u00f5es Jo\u00e3o Albino Pedrosa pertence ao patrim\u00f4nio da UFCG. Na realidade, aquela \u00e1rea pertence hoje ao Munic\u00edpio de Sum\u00e9 vez que foi doado ao patrim\u00f4nio municipal pela Companhia de Desenvolvimento da Para\u00edba (CINEP) conforme escritura (CLIQUE AQUI). A UFCG, inconformada com o fato da ocorr\u00eancia da doa\u00e7\u00e3o, ajuizou a\u00e7\u00e3o na Justi\u00e7a Federal em Monteiro com pedido de liminar para tentar impedir que a Prefeitura adotasse provid\u00eancias para recuperar o parque. A liminar foi negada pela Justi\u00e7a em primeira inst\u00e2ncia. Insatisfeita, a Universidade agravou da decis\u00e3o para o Tribunal Regional Federal da 5\u00aa Regi\u00e3o, sendo que, mais uma vez, n\u00e3o logrou \u00eaxito, pois o Tribunal manteve a denega\u00e7\u00e3o da liminar, ou seja, em favor da Prefeitura de Sum\u00e9. No \u00faltimo dia 10 de outubro, a Justi\u00e7a Federal em Monteiro julgou o m\u00e9rito da quest\u00e3o e decidiu que a UFCG n\u00e3o era propriet\u00e1ria e muito menos tinha a posse do referido parque, pelo contr\u00e1rio, ficou demonstrado o total abandono do local, depreda\u00e7\u00e3o e transforma\u00e7\u00e3o em um verdadeiro lix\u00e3o, conforme demonstram as fotos. Justamente por respeitar as institui\u00e7\u00f5es, a Prefeitura aguardou o julgamento do m\u00e9rito da a\u00e7\u00e3o para finalmente adotar as provid\u00eancias para salvaguardar o patrim\u00f4nio municipal, e em consequ\u00eancia, do povo de Sum\u00e9, tendo em vista que o parque ser\u00e1 um grande indutor de desenvolvimento para o munic\u00edpio e para a regi\u00e3o do Cariri. Se a dire\u00e7\u00e3o do Campus entende que a decis\u00e3o judicial \u00e9 equivocada, deveria recorrer para modific\u00e1-la, mas n\u00e3o querer distorcer a realidade dos fatos com o prop\u00f3sito de atribuir inverdades contra o munic\u00edpio e contra a gest\u00e3o. Somos sabedores da import\u00e2ncia que o Campus do CDSA tem para o Cariri, tanto \u00e9 que lutamos por sua implanta\u00e7\u00e3o em Sum\u00e9 e mantemos uma s\u00e9rie de parcerias entre as institui\u00e7\u00f5es, entretanto, no caso espec\u00edfico do parque, o que t\u00ednhamos era uma \u00e1rea totalmente abandonada na qual a Prefeitura dar\u00e1 destina\u00e7\u00e3o adequada sem haver qualquer preju\u00edzo para o CDSA, principalmente porque o Campus possui atualmente mais de 27 hectares \u00e0 sua disposi\u00e7\u00e3o e a Prefeitura de Sum\u00e9 j\u00e1 se prop\u00f4s para que possam ser desenvolvidas no parque atividades de pesquisa e extens\u00e3o, proposta esta que foi, inicialmente, amplamente debatida com a dire\u00e7\u00e3o do Campus Universit\u00e1rio. Prefeitura Municipal de Sum\u00e9<\/p>\n","protected":false},"author":2,"featured_media":5687,"comment_status":"closed","ping_status":"open","sticky":false,"template":"","format":"standard","meta":{"_eb_attr":"","_jetpack_memberships_contains_paid_content":false,"footnotes":""},"categories":[6],"tags":[],"class_list":["post-5681","post","type-post","status-publish","format-standard","has-post-thumbnail","hentry","category-educacao"],"yoast_head":"<!-- This site is optimized with the Yoast SEO plugin v26.5 - https:\/\/yoast.com\/wordpress\/plugins\/seo\/ -->\n<title>Em nota, Prefeitura de Sum\u00e9 apresenta escritura p\u00fablica do terreno do Parque de Exposi\u00e7\u00f5es Jo\u00e3o Albino Pedrosa - Not&iacute;cias em Destaque<\/title>\n<meta name=\"robots\" content=\"index, follow, max-snippet:-1, max-image-preview:large, max-video-preview:-1\" \/>\n<link rel=\"canonical\" href=\"https:\/\/noticiasemdestaque.com\/cd\/?p=5681\" \/>\n<meta property=\"og:locale\" content=\"pt_BR\" \/>\n<meta property=\"og:type\" content=\"article\" \/>\n<meta property=\"og:title\" content=\"Em nota, Prefeitura de Sum\u00e9 apresenta escritura p\u00fablica do terreno do Parque de Exposi\u00e7\u00f5es Jo\u00e3o Albino Pedrosa - Not&iacute;cias em Destaque\" \/>\n<meta property=\"og:description\" content=\"NOTA DE ESCLARECIMENTO: A Prefeitura Municipal de Sum\u00e9 vem \u00e0 publico emitir a presente Nota para contestar e, ao mesmo tempo repudiar, a nota emitida em 31.10.2017 pelo Centro de Desenvolvimento Sustent\u00e1vel do Semi\u00e1rido (CDSA) dando conta que a edilidade municipal teria invadido terreno pertencente ao referido Centro. A dire\u00e7\u00e3o do Campus distorce a verdade dos fatos quando alega que o local onde ser\u00e1 reinaugurado o Parque de Exposi\u00e7\u00f5es Jo\u00e3o Albino Pedrosa pertence ao patrim\u00f4nio da UFCG. Na realidade, aquela \u00e1rea pertence hoje ao Munic\u00edpio de Sum\u00e9 vez que foi doado ao patrim\u00f4nio municipal pela Companhia de Desenvolvimento da Para\u00edba (CINEP) conforme escritura (CLIQUE AQUI). A UFCG, inconformada com o fato da ocorr\u00eancia da doa\u00e7\u00e3o, ajuizou a\u00e7\u00e3o na Justi\u00e7a Federal em Monteiro com pedido de liminar para tentar impedir que a Prefeitura adotasse provid\u00eancias para recuperar o parque. A liminar foi negada pela Justi\u00e7a em primeira inst\u00e2ncia. Insatisfeita, a Universidade agravou da decis\u00e3o para o Tribunal Regional Federal da 5\u00aa Regi\u00e3o, sendo que, mais uma vez, n\u00e3o logrou \u00eaxito, pois o Tribunal manteve a denega\u00e7\u00e3o da liminar, ou seja, em favor da Prefeitura de Sum\u00e9. No \u00faltimo dia 10 de outubro, a Justi\u00e7a Federal em Monteiro julgou o m\u00e9rito da quest\u00e3o e decidiu que a UFCG n\u00e3o era propriet\u00e1ria e muito menos tinha a posse do referido parque, pelo contr\u00e1rio, ficou demonstrado o total abandono do local, depreda\u00e7\u00e3o e transforma\u00e7\u00e3o em um verdadeiro lix\u00e3o, conforme demonstram as fotos. Justamente por respeitar as institui\u00e7\u00f5es, a Prefeitura aguardou o julgamento do m\u00e9rito da a\u00e7\u00e3o para finalmente adotar as provid\u00eancias para salvaguardar o patrim\u00f4nio municipal, e em consequ\u00eancia, do povo de Sum\u00e9, tendo em vista que o parque ser\u00e1 um grande indutor de desenvolvimento para o munic\u00edpio e para a regi\u00e3o do Cariri. Se a dire\u00e7\u00e3o do Campus entende que a decis\u00e3o judicial \u00e9 equivocada, deveria recorrer para modific\u00e1-la, mas n\u00e3o querer distorcer a realidade dos fatos com o prop\u00f3sito de atribuir inverdades contra o munic\u00edpio e contra a gest\u00e3o. Somos sabedores da import\u00e2ncia que o Campus do CDSA tem para o Cariri, tanto \u00e9 que lutamos por sua implanta\u00e7\u00e3o em Sum\u00e9 e mantemos uma s\u00e9rie de parcerias entre as institui\u00e7\u00f5es, entretanto, no caso espec\u00edfico do parque, o que t\u00ednhamos era uma \u00e1rea totalmente abandonada na qual a Prefeitura dar\u00e1 destina\u00e7\u00e3o adequada sem haver qualquer preju\u00edzo para o CDSA, principalmente porque o Campus possui atualmente mais de 27 hectares \u00e0 sua disposi\u00e7\u00e3o e a Prefeitura de Sum\u00e9 j\u00e1 se prop\u00f4s para que possam ser desenvolvidas no parque atividades de pesquisa e extens\u00e3o, proposta esta que foi, inicialmente, amplamente debatida com a dire\u00e7\u00e3o do Campus Universit\u00e1rio. Prefeitura Municipal de Sum\u00e9\" \/>\n<meta property=\"og:url\" content=\"https:\/\/noticiasemdestaque.com\/cd\/?p=5681\" \/>\n<meta property=\"og:site_name\" content=\"Not&iacute;cias em Destaque\" \/>\n<meta property=\"article:published_time\" content=\"2017-11-01T00:02:52+00:00\" \/>\n<meta property=\"og:image\" content=\"https:\/\/noticiasemdestaque.com\/cd\/wp-content\/uploads\/2017\/10\/IMG-20171031-WA0152.jpg\" \/>\n\t<meta property=\"og:image:width\" content=\"1032\" \/>\n\t<meta property=\"og:image:height\" content=\"774\" \/>\n\t<meta property=\"og:image:type\" content=\"image\/jpeg\" \/>\n<meta name=\"author\" content=\"Not\u00edcias em Destaque\" \/>\n<meta name=\"twitter:card\" content=\"summary_large_image\" \/>\n<meta name=\"twitter:label1\" content=\"Escrito por\" \/>\n\t<meta name=\"twitter:data1\" content=\"Not\u00edcias em Destaque\" \/>\n\t<meta name=\"twitter:label2\" content=\"Est. tempo de leitura\" \/>\n\t<meta name=\"twitter:data2\" content=\"2 minutos\" \/>\n<script type=\"application\/ld+json\" class=\"yoast-schema-graph\">{\"@context\":\"https:\/\/schema.org\",\"@graph\":[{\"@type\":\"Article\",\"@id\":\"https:\/\/noticiasemdestaque.com\/cd\/?p=5681#article\",\"isPartOf\":{\"@id\":\"https:\/\/noticiasemdestaque.com\/cd\/?p=5681\"},\"author\":{\"name\":\"Not\u00edcias em Destaque\",\"@id\":\"https:\/\/noticiasemdestaque.com\/cd\/#\/schema\/person\/21320b03a7e8bb90128938dafc9b908a\"},\"headline\":\"Em nota, Prefeitura de Sum\u00e9 apresenta escritura p\u00fablica do terreno do Parque de Exposi\u00e7\u00f5es Jo\u00e3o Albino Pedrosa\",\"datePublished\":\"2017-11-01T00:02:52+00:00\",\"mainEntityOfPage\":{\"@id\":\"https:\/\/noticiasemdestaque.com\/cd\/?p=5681\"},\"wordCount\":505,\"publisher\":{\"@id\":\"https:\/\/noticiasemdestaque.com\/cd\/#organization\"},\"image\":{\"@id\":\"https:\/\/noticiasemdestaque.com\/cd\/?p=5681#primaryimage\"},\"thumbnailUrl\":\"https:\/\/noticiasemdestaque.com\/cd\/wp-content\/uploads\/2017\/10\/IMG-20171031-WA0152.jpg\",\"articleSection\":[\"Educa\u00e7\u00e3o\"],\"inLanguage\":\"pt-BR\"},{\"@type\":\"WebPage\",\"@id\":\"https:\/\/noticiasemdestaque.com\/cd\/?p=5681\",\"url\":\"https:\/\/noticiasemdestaque.com\/cd\/?p=5681\",\"name\":\"Em nota, Prefeitura de Sum\u00e9 apresenta escritura p\u00fablica do terreno do Parque de Exposi\u00e7\u00f5es Jo\u00e3o Albino Pedrosa - Not&iacute;cias em Destaque\",\"isPartOf\":{\"@id\":\"https:\/\/noticiasemdestaque.com\/cd\/#website\"},\"primaryImageOfPage\":{\"@id\":\"https:\/\/noticiasemdestaque.com\/cd\/?p=5681#primaryimage\"},\"image\":{\"@id\":\"https:\/\/noticiasemdestaque.com\/cd\/?p=5681#primaryimage\"},\"thumbnailUrl\":\"https:\/\/noticiasemdestaque.com\/cd\/wp-content\/uploads\/2017\/10\/IMG-20171031-WA0152.jpg\",\"datePublished\":\"2017-11-01T00:02:52+00:00\",\"breadcrumb\":{\"@id\":\"https:\/\/noticiasemdestaque.com\/cd\/?p=5681#breadcrumb\"},\"inLanguage\":\"pt-BR\",\"potentialAction\":[{\"@type\":\"ReadAction\",\"target\":[\"https:\/\/noticiasemdestaque.com\/cd\/?p=5681\"]}]},{\"@type\":\"ImageObject\",\"inLanguage\":\"pt-BR\",\"@id\":\"https:\/\/noticiasemdestaque.com\/cd\/?p=5681#primaryimage\",\"url\":\"https:\/\/noticiasemdestaque.com\/cd\/wp-content\/uploads\/2017\/10\/IMG-20171031-WA0152.jpg\",\"contentUrl\":\"https:\/\/noticiasemdestaque.com\/cd\/wp-content\/uploads\/2017\/10\/IMG-20171031-WA0152.jpg\",\"width\":1032,\"height\":774},{\"@type\":\"BreadcrumbList\",\"@id\":\"https:\/\/noticiasemdestaque.com\/cd\/?p=5681#breadcrumb\",\"itemListElement\":[{\"@type\":\"ListItem\",\"position\":1,\"name\":\"In\u00edcio\",\"item\":\"https:\/\/noticiasemdestaque.com\/cd\/\"},{\"@type\":\"ListItem\",\"position\":2,\"name\":\"Em nota, Prefeitura de Sum\u00e9 apresenta escritura p\u00fablica do terreno do Parque de Exposi\u00e7\u00f5es Jo\u00e3o Albino Pedrosa\"}]},{\"@type\":\"WebSite\",\"@id\":\"https:\/\/noticiasemdestaque.com\/cd\/#website\",\"url\":\"https:\/\/noticiasemdestaque.com\/cd\/\",\"name\":\"Not&iacute;cias em Destaque\",\"description\":\"\",\"publisher\":{\"@id\":\"https:\/\/noticiasemdestaque.com\/cd\/#organization\"},\"potentialAction\":[{\"@type\":\"SearchAction\",\"target\":{\"@type\":\"EntryPoint\",\"urlTemplate\":\"https:\/\/noticiasemdestaque.com\/cd\/?s={search_term_string}\"},\"query-input\":{\"@type\":\"PropertyValueSpecification\",\"valueRequired\":true,\"valueName\":\"search_term_string\"}}],\"inLanguage\":\"pt-BR\"},{\"@type\":\"Organization\",\"@id\":\"https:\/\/noticiasemdestaque.com\/cd\/#organization\",\"name\":\"Not\u00edcias em Destaque\",\"url\":\"https:\/\/noticiasemdestaque.com\/cd\/\",\"logo\":{\"@type\":\"ImageObject\",\"inLanguage\":\"pt-BR\",\"@id\":\"https:\/\/noticiasemdestaque.com\/cd\/#\/schema\/logo\/image\/\",\"url\":\"https:\/\/noticiasemdestaque.com\/cd\/wp-content\/uploads\/2022\/05\/imagem-base-noticiasemdestaque.png\",\"contentUrl\":\"https:\/\/noticiasemdestaque.com\/cd\/wp-content\/uploads\/2022\/05\/imagem-base-noticiasemdestaque.png\",\"width\":1200,\"height\":630,\"caption\":\"Not\u00edcias em Destaque\"},\"image\":{\"@id\":\"https:\/\/noticiasemdestaque.com\/cd\/#\/schema\/logo\/image\/\"}},{\"@type\":\"Person\",\"@id\":\"https:\/\/noticiasemdestaque.com\/cd\/#\/schema\/person\/21320b03a7e8bb90128938dafc9b908a\",\"name\":\"Not\u00edcias em Destaque\",\"url\":\"https:\/\/noticiasemdestaque.com\/cd\/?author=2\"}]}<\/script>\n<!-- \/ Yoast SEO plugin. -->","yoast_head_json":{"title":"Em nota, Prefeitura de Sum\u00e9 apresenta escritura p\u00fablica do terreno do Parque de Exposi\u00e7\u00f5es Jo\u00e3o Albino Pedrosa - Not&iacute;cias em Destaque","robots":{"index":"index","follow":"follow","max-snippet":"max-snippet:-1","max-image-preview":"max-image-preview:large","max-video-preview":"max-video-preview:-1"},"canonical":"https:\/\/noticiasemdestaque.com\/cd\/?p=5681","og_locale":"pt_BR","og_type":"article","og_title":"Em nota, Prefeitura de Sum\u00e9 apresenta escritura p\u00fablica do terreno do Parque de Exposi\u00e7\u00f5es Jo\u00e3o Albino Pedrosa - Not&iacute;cias em Destaque","og_description":"NOTA DE ESCLARECIMENTO: A Prefeitura Municipal de Sum\u00e9 vem \u00e0 publico emitir a presente Nota para contestar e, ao mesmo tempo repudiar, a nota emitida em 31.10.2017 pelo Centro de Desenvolvimento Sustent\u00e1vel do Semi\u00e1rido (CDSA) dando conta que a edilidade municipal teria invadido terreno pertencente ao referido Centro. A dire\u00e7\u00e3o do Campus distorce a verdade dos fatos quando alega que o local onde ser\u00e1 reinaugurado o Parque de Exposi\u00e7\u00f5es Jo\u00e3o Albino Pedrosa pertence ao patrim\u00f4nio da UFCG. Na realidade, aquela \u00e1rea pertence hoje ao Munic\u00edpio de Sum\u00e9 vez que foi doado ao patrim\u00f4nio municipal pela Companhia de Desenvolvimento da Para\u00edba (CINEP) conforme escritura (CLIQUE AQUI). A UFCG, inconformada com o fato da ocorr\u00eancia da doa\u00e7\u00e3o, ajuizou a\u00e7\u00e3o na Justi\u00e7a Federal em Monteiro com pedido de liminar para tentar impedir que a Prefeitura adotasse provid\u00eancias para recuperar o parque. A liminar foi negada pela Justi\u00e7a em primeira inst\u00e2ncia. Insatisfeita, a Universidade agravou da decis\u00e3o para o Tribunal Regional Federal da 5\u00aa Regi\u00e3o, sendo que, mais uma vez, n\u00e3o logrou \u00eaxito, pois o Tribunal manteve a denega\u00e7\u00e3o da liminar, ou seja, em favor da Prefeitura de Sum\u00e9. No \u00faltimo dia 10 de outubro, a Justi\u00e7a Federal em Monteiro julgou o m\u00e9rito da quest\u00e3o e decidiu que a UFCG n\u00e3o era propriet\u00e1ria e muito menos tinha a posse do referido parque, pelo contr\u00e1rio, ficou demonstrado o total abandono do local, depreda\u00e7\u00e3o e transforma\u00e7\u00e3o em um verdadeiro lix\u00e3o, conforme demonstram as fotos. Justamente por respeitar as institui\u00e7\u00f5es, a Prefeitura aguardou o julgamento do m\u00e9rito da a\u00e7\u00e3o para finalmente adotar as provid\u00eancias para salvaguardar o patrim\u00f4nio municipal, e em consequ\u00eancia, do povo de Sum\u00e9, tendo em vista que o parque ser\u00e1 um grande indutor de desenvolvimento para o munic\u00edpio e para a regi\u00e3o do Cariri. Se a dire\u00e7\u00e3o do Campus entende que a decis\u00e3o judicial \u00e9 equivocada, deveria recorrer para modific\u00e1-la, mas n\u00e3o querer distorcer a realidade dos fatos com o prop\u00f3sito de atribuir inverdades contra o munic\u00edpio e contra a gest\u00e3o. Somos sabedores da import\u00e2ncia que o Campus do CDSA tem para o Cariri, tanto \u00e9 que lutamos por sua implanta\u00e7\u00e3o em Sum\u00e9 e mantemos uma s\u00e9rie de parcerias entre as institui\u00e7\u00f5es, entretanto, no caso espec\u00edfico do parque, o que t\u00ednhamos era uma \u00e1rea totalmente abandonada na qual a Prefeitura dar\u00e1 destina\u00e7\u00e3o adequada sem haver qualquer preju\u00edzo para o CDSA, principalmente porque o Campus possui atualmente mais de 27 hectares \u00e0 sua disposi\u00e7\u00e3o e a Prefeitura de Sum\u00e9 j\u00e1 se prop\u00f4s para que possam ser desenvolvidas no parque atividades de pesquisa e extens\u00e3o, proposta esta que foi, inicialmente, amplamente debatida com a dire\u00e7\u00e3o do Campus Universit\u00e1rio. Prefeitura Municipal de Sum\u00e9","og_url":"https:\/\/noticiasemdestaque.com\/cd\/?p=5681","og_site_name":"Not&iacute;cias em Destaque","article_published_time":"2017-11-01T00:02:52+00:00","og_image":[{"width":1032,"height":774,"url":"https:\/\/noticiasemdestaque.com\/cd\/wp-content\/uploads\/2017\/10\/IMG-20171031-WA0152.jpg","type":"image\/jpeg"}],"author":"Not\u00edcias em Destaque","twitter_card":"summary_large_image","twitter_misc":{"Escrito por":"Not\u00edcias em Destaque","Est. tempo de leitura":"2 minutos"},"schema":{"@context":"https:\/\/schema.org","@graph":[{"@type":"Article","@id":"https:\/\/noticiasemdestaque.com\/cd\/?p=5681#article","isPartOf":{"@id":"https:\/\/noticiasemdestaque.com\/cd\/?p=5681"},"author":{"name":"Not\u00edcias em Destaque","@id":"https:\/\/noticiasemdestaque.com\/cd\/#\/schema\/person\/21320b03a7e8bb90128938dafc9b908a"},"headline":"Em nota, Prefeitura de Sum\u00e9 apresenta escritura p\u00fablica do terreno do Parque de Exposi\u00e7\u00f5es Jo\u00e3o Albino Pedrosa","datePublished":"2017-11-01T00:02:52+00:00","mainEntityOfPage":{"@id":"https:\/\/noticiasemdestaque.com\/cd\/?p=5681"},"wordCount":505,"publisher":{"@id":"https:\/\/noticiasemdestaque.com\/cd\/#organization"},"image":{"@id":"https:\/\/noticiasemdestaque.com\/cd\/?p=5681#primaryimage"},"thumbnailUrl":"https:\/\/noticiasemdestaque.com\/cd\/wp-content\/uploads\/2017\/10\/IMG-20171031-WA0152.jpg","articleSection":["Educa\u00e7\u00e3o"],"inLanguage":"pt-BR"},{"@type":"WebPage","@id":"https:\/\/noticiasemdestaque.com\/cd\/?p=5681","url":"https:\/\/noticiasemdestaque.com\/cd\/?p=5681","name":"Em nota, Prefeitura de Sum\u00e9 apresenta escritura p\u00fablica do terreno do Parque de Exposi\u00e7\u00f5es Jo\u00e3o Albino Pedrosa - Not&iacute;cias em Destaque","isPartOf":{"@id":"https:\/\/noticiasemdestaque.com\/cd\/#website"},"primaryImageOfPage":{"@id":"https:\/\/noticiasemdestaque.com\/cd\/?p=5681#primaryimage"},"image":{"@id":"https:\/\/noticiasemdestaque.com\/cd\/?p=5681#primaryimage"},"thumbnailUrl":"https:\/\/noticiasemdestaque.com\/cd\/wp-content\/uploads\/2017\/10\/IMG-20171031-WA0152.jpg","datePublished":"2017-11-01T00:02:52+00:00","breadcrumb":{"@id":"https:\/\/noticiasemdestaque.com\/cd\/?p=5681#breadcrumb"},"inLanguage":"pt-BR","potentialAction":[{"@type":"ReadAction","target":["https:\/\/noticiasemdestaque.com\/cd\/?p=5681"]}]},{"@type":"ImageObject","inLanguage":"pt-BR","@id":"https:\/\/noticiasemdestaque.com\/cd\/?p=5681#primaryimage","url":"https:\/\/noticiasemdestaque.com\/cd\/wp-content\/uploads\/2017\/10\/IMG-20171031-WA0152.jpg","contentUrl":"https:\/\/noticiasemdestaque.com\/cd\/wp-content\/uploads\/2017\/10\/IMG-20171031-WA0152.jpg","width":1032,"height":774},{"@type":"BreadcrumbList","@id":"https:\/\/noticiasemdestaque.com\/cd\/?p=5681#breadcrumb","itemListElement":[{"@type":"ListItem","position":1,"name":"In\u00edcio","item":"https:\/\/noticiasemdestaque.com\/cd\/"},{"@type":"ListItem","position":2,"name":"Em nota, Prefeitura de Sum\u00e9 apresenta escritura p\u00fablica do terreno do Parque de Exposi\u00e7\u00f5es Jo\u00e3o Albino Pedrosa"}]},{"@type":"WebSite","@id":"https:\/\/noticiasemdestaque.com\/cd\/#website","url":"https:\/\/noticiasemdestaque.com\/cd\/","name":"Not&iacute;cias em Destaque","description":"","publisher":{"@id":"https:\/\/noticiasemdestaque.com\/cd\/#organization"},"potentialAction":[{"@type":"SearchAction","target":{"@type":"EntryPoint","urlTemplate":"https:\/\/noticiasemdestaque.com\/cd\/?s={search_term_string}"},"query-input":{"@type":"PropertyValueSpecification","valueRequired":true,"valueName":"search_term_string"}}],"inLanguage":"pt-BR"},{"@type":"Organization","@id":"https:\/\/noticiasemdestaque.com\/cd\/#organization","name":"Not\u00edcias em Destaque","url":"https:\/\/noticiasemdestaque.com\/cd\/","logo":{"@type":"ImageObject","inLanguage":"pt-BR","@id":"https:\/\/noticiasemdestaque.com\/cd\/#\/schema\/logo\/image\/","url":"https:\/\/noticiasemdestaque.com\/cd\/wp-content\/uploads\/2022\/05\/imagem-base-noticiasemdestaque.png","contentUrl":"https:\/\/noticiasemdestaque.com\/cd\/wp-content\/uploads\/2022\/05\/imagem-base-noticiasemdestaque.png","width":1200,"height":630,"caption":"Not\u00edcias em Destaque"},"image":{"@id":"https:\/\/noticiasemdestaque.com\/cd\/#\/schema\/logo\/image\/"}},{"@type":"Person","@id":"https:\/\/noticiasemdestaque.com\/cd\/#\/schema\/person\/21320b03a7e8bb90128938dafc9b908a","name":"Not\u00edcias em Destaque","url":"https:\/\/noticiasemdestaque.com\/cd\/?author=2"}]}},"jetpack_featured_media_url":"https:\/\/noticiasemdestaque.com\/cd\/wp-content\/uploads\/2017\/10\/IMG-20171031-WA0152.jpg","jetpack_sharing_enabled":true,"_links":{"self":[{"href":"https:\/\/noticiasemdestaque.com\/cd\/index.php?rest_route=\/wp\/v2\/posts\/5681","targetHints":{"allow":["GET"]}}],"collection":[{"href":"https:\/\/noticiasemdestaque.com\/cd\/index.php?rest_route=\/wp\/v2\/posts"}],"about":[{"href":"https:\/\/noticiasemdestaque.com\/cd\/index.php?rest_route=\/wp\/v2\/types\/post"}],"author":[{"embeddable":true,"href":"https:\/\/noticiasemdestaque.com\/cd\/index.php?rest_route=\/wp\/v2\/users\/2"}],"replies":[{"embeddable":true,"href":"https:\/\/noticiasemdestaque.com\/cd\/index.php?rest_route=%2Fwp%2Fv2%2Fcomments&post=5681"}],"version-history":[{"count":1,"href":"https:\/\/noticiasemdestaque.com\/cd\/index.php?rest_route=\/wp\/v2\/posts\/5681\/revisions"}],"predecessor-version":[{"id":5689,"href":"https:\/\/noticiasemdestaque.com\/cd\/index.php?rest_route=\/wp\/v2\/posts\/5681\/revisions\/5689"}],"wp:featuredmedia":[{"embeddable":true,"href":"https:\/\/noticiasemdestaque.com\/cd\/index.php?rest_route=\/wp\/v2\/media\/5687"}],"wp:attachment":[{"href":"https:\/\/noticiasemdestaque.com\/cd\/index.php?rest_route=%2Fwp%2Fv2%2Fmedia&parent=5681"}],"wp:term":[{"taxonomy":"category","embeddable":true,"href":"https:\/\/noticiasemdestaque.com\/cd\/index.php?rest_route=%2Fwp%2Fv2%2Fcategories&post=5681"},{"taxonomy":"post_tag","embeddable":true,"href":"https:\/\/noticiasemdestaque.com\/cd\/index.php?rest_route=%2Fwp%2Fv2%2Ftags&post=5681"}],"curies":[{"name":"wp","href":"https:\/\/api.w.org\/{rel}","templated":true}]}}