{"id":56734,"date":"2024-04-09T18:59:54","date_gmt":"2024-04-09T21:59:54","guid":{"rendered":"https:\/\/noticiasemdestaque.com\/cd\/?p=56734"},"modified":"2024-04-09T18:59:54","modified_gmt":"2024-04-09T21:59:54","slug":"prefeito-de-ouro-velho-anuncia-novas-emendas-parlamentares-para-o-municipio","status":"publish","type":"post","link":"https:\/\/noticiasemdestaque.com\/cd\/?p=56734","title":{"rendered":"Prefeito de Ouro Velho anuncia novas emendas parlamentares para o munic\u00edpio"},"content":{"rendered":"<p><a href=\"https:\/\/noticiasemdestaque.com\/cd\/wp-content\/uploads\/2024\/04\/AugustoValadares-OuroVelho.webp\"><img fetchpriority=\"high\" decoding=\"async\" class=\" wp-image-56735 aligncenter\" src=\"https:\/\/noticiasemdestaque.com\/cd\/wp-content\/uploads\/2024\/04\/AugustoValadares-OuroVelho-300x190.webp\" alt=\"\" width=\"726\" height=\"460\" srcset=\"https:\/\/noticiasemdestaque.com\/cd\/wp-content\/uploads\/2024\/04\/AugustoValadares-OuroVelho-300x190.webp 300w, https:\/\/noticiasemdestaque.com\/cd\/wp-content\/uploads\/2024\/04\/AugustoValadares-OuroVelho-18x12.webp 18w, https:\/\/noticiasemdestaque.com\/cd\/wp-content\/uploads\/2024\/04\/AugustoValadares-OuroVelho-410x260.webp 410w, https:\/\/noticiasemdestaque.com\/cd\/wp-content\/uploads\/2024\/04\/AugustoValadares-OuroVelho.webp 600w\" sizes=\"(max-width: 726px) 100vw, 726px\" \/><\/a><\/p>\n<p>O prefeito Augusto Valadares, da cidade de Ouro Velho, no Cariri Paraibano, utilizou suas redes sociais para anunciar a destina\u00e7\u00e3o de novas emendas parlamentares que totalizam R$ 2,5 milh\u00f5es.<\/p>\n<p>Em sua publica\u00e7\u00e3o, o prefeito expressou sua gratid\u00e3o ao Deputado Federal Wilson Santiago, respons\u00e1vel pela destina\u00e7\u00e3o de R$ 1,5 milh\u00e3o para novas obras atrav\u00e9s da 7\u00aa emenda parlamentar deste ano.<\/p>\n<p>Valadares ressaltou a import\u00e2ncia desses recursos para a realiza\u00e7\u00e3o de melhorias que beneficiar\u00e3o diretamente a popula\u00e7\u00e3o de Ouro Velho.<\/p>\n<p>Al\u00e9m disso, o prefeito tamb\u00e9m agradeceu ao Senador Efraim Filho pela destina\u00e7\u00e3o de R$ 1 milh\u00e3o, referentes \u00e0 8\u00aa emenda parlamentar deste ano, para investimentos em novas obras no munic\u00edpio.<\/p>\n<blockquote><p>\u201cEsses recursos ser\u00e3o fundamentais para impulsionar o desenvolvimento local e proporcionar uma melhor qualidade de vida para os cidad\u00e3os\u201d, afirmou Augusto.<\/p><\/blockquote>\n<p>As emendas parlamentares representam um importante instrumento de repasse de recursos para os munic\u00edpios, permitindo que prefeitos como Augusto Valadares possam viabilizar projetos e iniciativas que atendam \u00e0s necessidades da comunidade.<\/p>\n<p><strong>Noticias em Destaque<\/strong><\/p>\n<p style=\"text-align: right;\"><em>Fonte: De Olho no Cariri<\/em><\/p>\n","protected":false},"excerpt":{"rendered":"<p>O prefeito Augusto Valadares, da cidade de Ouro Velho, no Cariri Paraibano, utilizou suas redes sociais para anunciar a destina\u00e7\u00e3o de novas emendas parlamentares que totalizam R$ 2,5 milh\u00f5es. Em sua publica\u00e7\u00e3o, o prefeito expressou sua gratid\u00e3o ao Deputado Federal Wilson Santiago, respons\u00e1vel pela destina\u00e7\u00e3o de R$ 1,5 milh\u00e3o para novas obras atrav\u00e9s da 7\u00aa emenda parlamentar deste ano. Valadares ressaltou a import\u00e2ncia desses recursos para a realiza\u00e7\u00e3o de melhorias que beneficiar\u00e3o diretamente a popula\u00e7\u00e3o de Ouro Velho. Al\u00e9m disso, o prefeito tamb\u00e9m agradeceu ao Senador Efraim Filho pela destina\u00e7\u00e3o de R$ 1 milh\u00e3o, referentes \u00e0 8\u00aa emenda parlamentar deste ano, para investimentos em novas obras no munic\u00edpio. \u201cEsses recursos ser\u00e3o fundamentais para impulsionar o desenvolvimento local e proporcionar uma melhor qualidade de vida para os cidad\u00e3os\u201d, afirmou Augusto. As emendas parlamentares representam um importante instrumento de repasse de recursos para os munic\u00edpios, permitindo que prefeitos como Augusto Valadares possam viabilizar projetos e iniciativas que atendam \u00e0s necessidades da comunidade. Noticias em Destaque Fonte: De Olho no Cariri<\/p>\n","protected":false},"author":2,"featured_media":56735,"comment_status":"closed","ping_status":"open","sticky":false,"template":"","format":"standard","meta":{"_eb_attr":"","_jetpack_memberships_contains_paid_content":false,"footnotes":""},"categories":[3],"tags":[],"class_list":["post-56734","post","type-post","status-publish","format-standard","has-post-thumbnail","hentry","category-cidades"],"yoast_head":"<!-- This site is optimized with the Yoast SEO plugin v26.5 - https:\/\/yoast.com\/wordpress\/plugins\/seo\/ -->\n<title>Prefeito de Ouro Velho anuncia novas emendas parlamentares para o munic\u00edpio - Not&iacute;cias em Destaque<\/title>\n<meta name=\"robots\" content=\"index, follow, max-snippet:-1, max-image-preview:large, max-video-preview:-1\" \/>\n<link rel=\"canonical\" href=\"https:\/\/noticiasemdestaque.com\/cd\/?p=56734\" \/>\n<meta property=\"og:locale\" content=\"pt_BR\" \/>\n<meta property=\"og:type\" content=\"article\" \/>\n<meta property=\"og:title\" content=\"Prefeito de Ouro Velho anuncia novas emendas parlamentares para o munic\u00edpio - Not&iacute;cias em Destaque\" \/>\n<meta property=\"og:description\" content=\"O prefeito Augusto Valadares, da cidade de Ouro Velho, no Cariri Paraibano, utilizou suas redes sociais para anunciar a destina\u00e7\u00e3o de novas emendas parlamentares que totalizam R$ 2,5 milh\u00f5es. Em sua publica\u00e7\u00e3o, o prefeito expressou sua gratid\u00e3o ao Deputado Federal Wilson Santiago, respons\u00e1vel pela destina\u00e7\u00e3o de R$ 1,5 milh\u00e3o para novas obras atrav\u00e9s da 7\u00aa emenda parlamentar deste ano. Valadares ressaltou a import\u00e2ncia desses recursos para a realiza\u00e7\u00e3o de melhorias que beneficiar\u00e3o diretamente a popula\u00e7\u00e3o de Ouro Velho. Al\u00e9m disso, o prefeito tamb\u00e9m agradeceu ao Senador Efraim Filho pela destina\u00e7\u00e3o de R$ 1 milh\u00e3o, referentes \u00e0 8\u00aa emenda parlamentar deste ano, para investimentos em novas obras no munic\u00edpio. \u201cEsses recursos ser\u00e3o fundamentais para impulsionar o desenvolvimento local e proporcionar uma melhor qualidade de vida para os cidad\u00e3os\u201d, afirmou Augusto. As emendas parlamentares representam um importante instrumento de repasse de recursos para os munic\u00edpios, permitindo que prefeitos como Augusto Valadares possam viabilizar projetos e iniciativas que atendam \u00e0s necessidades da comunidade. Noticias em Destaque Fonte: De Olho no Cariri\" \/>\n<meta property=\"og:url\" content=\"https:\/\/noticiasemdestaque.com\/cd\/?p=56734\" \/>\n<meta property=\"og:site_name\" content=\"Not&iacute;cias em Destaque\" \/>\n<meta property=\"article:published_time\" content=\"2024-04-09T21:59:54+00:00\" \/>\n<meta property=\"og:image\" content=\"https:\/\/noticiasemdestaque.com\/cd\/wp-content\/uploads\/2024\/04\/AugustoValadares-OuroVelho.webp\" \/>\n\t<meta property=\"og:image:width\" content=\"600\" \/>\n\t<meta property=\"og:image:height\" content=\"380\" \/>\n\t<meta property=\"og:image:type\" content=\"image\/webp\" \/>\n<meta name=\"author\" content=\"Not\u00edcias em Destaque\" \/>\n<meta name=\"twitter:card\" content=\"summary_large_image\" \/>\n<meta name=\"twitter:label1\" content=\"Escrito por\" \/>\n\t<meta name=\"twitter:data1\" content=\"Not\u00edcias em Destaque\" \/>\n\t<meta name=\"twitter:label2\" content=\"Est. tempo de leitura\" \/>\n\t<meta name=\"twitter:data2\" content=\"2 minutos\" \/>\n<script type=\"application\/ld+json\" class=\"yoast-schema-graph\">{\"@context\":\"https:\/\/schema.org\",\"@graph\":[{\"@type\":\"Article\",\"@id\":\"https:\/\/noticiasemdestaque.com\/cd\/?p=56734#article\",\"isPartOf\":{\"@id\":\"https:\/\/noticiasemdestaque.com\/cd\/?p=56734\"},\"author\":{\"name\":\"Not\u00edcias em Destaque\",\"@id\":\"https:\/\/noticiasemdestaque.com\/cd\/#\/schema\/person\/21320b03a7e8bb90128938dafc9b908a\"},\"headline\":\"Prefeito de Ouro Velho anuncia novas emendas parlamentares para o munic\u00edpio\",\"datePublished\":\"2024-04-09T21:59:54+00:00\",\"mainEntityOfPage\":{\"@id\":\"https:\/\/noticiasemdestaque.com\/cd\/?p=56734\"},\"wordCount\":194,\"publisher\":{\"@id\":\"https:\/\/noticiasemdestaque.com\/cd\/#organization\"},\"image\":{\"@id\":\"https:\/\/noticiasemdestaque.com\/cd\/?p=56734#primaryimage\"},\"thumbnailUrl\":\"https:\/\/noticiasemdestaque.com\/cd\/wp-content\/uploads\/2024\/04\/AugustoValadares-OuroVelho.webp\",\"articleSection\":[\"Cidades\"],\"inLanguage\":\"pt-BR\"},{\"@type\":\"WebPage\",\"@id\":\"https:\/\/noticiasemdestaque.com\/cd\/?p=56734\",\"url\":\"https:\/\/noticiasemdestaque.com\/cd\/?p=56734\",\"name\":\"Prefeito de Ouro Velho anuncia novas emendas parlamentares para o munic\u00edpio - Not&iacute;cias em Destaque\",\"isPartOf\":{\"@id\":\"https:\/\/noticiasemdestaque.com\/cd\/#website\"},\"primaryImageOfPage\":{\"@id\":\"https:\/\/noticiasemdestaque.com\/cd\/?p=56734#primaryimage\"},\"image\":{\"@id\":\"https:\/\/noticiasemdestaque.com\/cd\/?p=56734#primaryimage\"},\"thumbnailUrl\":\"https:\/\/noticiasemdestaque.com\/cd\/wp-content\/uploads\/2024\/04\/AugustoValadares-OuroVelho.webp\",\"datePublished\":\"2024-04-09T21:59:54+00:00\",\"breadcrumb\":{\"@id\":\"https:\/\/noticiasemdestaque.com\/cd\/?p=56734#breadcrumb\"},\"inLanguage\":\"pt-BR\",\"potentialAction\":[{\"@type\":\"ReadAction\",\"target\":[\"https:\/\/noticiasemdestaque.com\/cd\/?p=56734\"]}]},{\"@type\":\"ImageObject\",\"inLanguage\":\"pt-BR\",\"@id\":\"https:\/\/noticiasemdestaque.com\/cd\/?p=56734#primaryimage\",\"url\":\"https:\/\/noticiasemdestaque.com\/cd\/wp-content\/uploads\/2024\/04\/AugustoValadares-OuroVelho.webp\",\"contentUrl\":\"https:\/\/noticiasemdestaque.com\/cd\/wp-content\/uploads\/2024\/04\/AugustoValadares-OuroVelho.webp\",\"width\":600,\"height\":380},{\"@type\":\"BreadcrumbList\",\"@id\":\"https:\/\/noticiasemdestaque.com\/cd\/?p=56734#breadcrumb\",\"itemListElement\":[{\"@type\":\"ListItem\",\"position\":1,\"name\":\"In\u00edcio\",\"item\":\"https:\/\/noticiasemdestaque.com\/cd\/\"},{\"@type\":\"ListItem\",\"position\":2,\"name\":\"Prefeito de Ouro Velho anuncia novas emendas parlamentares para o munic\u00edpio\"}]},{\"@type\":\"WebSite\",\"@id\":\"https:\/\/noticiasemdestaque.com\/cd\/#website\",\"url\":\"https:\/\/noticiasemdestaque.com\/cd\/\",\"name\":\"Not&iacute;cias em Destaque\",\"description\":\"\",\"publisher\":{\"@id\":\"https:\/\/noticiasemdestaque.com\/cd\/#organization\"},\"potentialAction\":[{\"@type\":\"SearchAction\",\"target\":{\"@type\":\"EntryPoint\",\"urlTemplate\":\"https:\/\/noticiasemdestaque.com\/cd\/?s={search_term_string}\"},\"query-input\":{\"@type\":\"PropertyValueSpecification\",\"valueRequired\":true,\"valueName\":\"search_term_string\"}}],\"inLanguage\":\"pt-BR\"},{\"@type\":\"Organization\",\"@id\":\"https:\/\/noticiasemdestaque.com\/cd\/#organization\",\"name\":\"Not\u00edcias em Destaque\",\"url\":\"https:\/\/noticiasemdestaque.com\/cd\/\",\"logo\":{\"@type\":\"ImageObject\",\"inLanguage\":\"pt-BR\",\"@id\":\"https:\/\/noticiasemdestaque.com\/cd\/#\/schema\/logo\/image\/\",\"url\":\"https:\/\/noticiasemdestaque.com\/cd\/wp-content\/uploads\/2022\/05\/imagem-base-noticiasemdestaque.png\",\"contentUrl\":\"https:\/\/noticiasemdestaque.com\/cd\/wp-content\/uploads\/2022\/05\/imagem-base-noticiasemdestaque.png\",\"width\":1200,\"height\":630,\"caption\":\"Not\u00edcias em Destaque\"},\"image\":{\"@id\":\"https:\/\/noticiasemdestaque.com\/cd\/#\/schema\/logo\/image\/\"}},{\"@type\":\"Person\",\"@id\":\"https:\/\/noticiasemdestaque.com\/cd\/#\/schema\/person\/21320b03a7e8bb90128938dafc9b908a\",\"name\":\"Not\u00edcias em Destaque\",\"url\":\"https:\/\/noticiasemdestaque.com\/cd\/?author=2\"}]}<\/script>\n<!-- \/ Yoast SEO plugin. -->","yoast_head_json":{"title":"Prefeito de Ouro Velho anuncia novas emendas parlamentares para o munic\u00edpio - Not&iacute;cias em Destaque","robots":{"index":"index","follow":"follow","max-snippet":"max-snippet:-1","max-image-preview":"max-image-preview:large","max-video-preview":"max-video-preview:-1"},"canonical":"https:\/\/noticiasemdestaque.com\/cd\/?p=56734","og_locale":"pt_BR","og_type":"article","og_title":"Prefeito de Ouro Velho anuncia novas emendas parlamentares para o munic\u00edpio - Not&iacute;cias em Destaque","og_description":"O prefeito Augusto Valadares, da cidade de Ouro Velho, no Cariri Paraibano, utilizou suas redes sociais para anunciar a destina\u00e7\u00e3o de novas emendas parlamentares que totalizam R$ 2,5 milh\u00f5es. Em sua publica\u00e7\u00e3o, o prefeito expressou sua gratid\u00e3o ao Deputado Federal Wilson Santiago, respons\u00e1vel pela destina\u00e7\u00e3o de R$ 1,5 milh\u00e3o para novas obras atrav\u00e9s da 7\u00aa emenda parlamentar deste ano. Valadares ressaltou a import\u00e2ncia desses recursos para a realiza\u00e7\u00e3o de melhorias que beneficiar\u00e3o diretamente a popula\u00e7\u00e3o de Ouro Velho. Al\u00e9m disso, o prefeito tamb\u00e9m agradeceu ao Senador Efraim Filho pela destina\u00e7\u00e3o de R$ 1 milh\u00e3o, referentes \u00e0 8\u00aa emenda parlamentar deste ano, para investimentos em novas obras no munic\u00edpio. \u201cEsses recursos ser\u00e3o fundamentais para impulsionar o desenvolvimento local e proporcionar uma melhor qualidade de vida para os cidad\u00e3os\u201d, afirmou Augusto. As emendas parlamentares representam um importante instrumento de repasse de recursos para os munic\u00edpios, permitindo que prefeitos como Augusto Valadares possam viabilizar projetos e iniciativas que atendam \u00e0s necessidades da comunidade. Noticias em Destaque Fonte: De Olho no Cariri","og_url":"https:\/\/noticiasemdestaque.com\/cd\/?p=56734","og_site_name":"Not&iacute;cias em Destaque","article_published_time":"2024-04-09T21:59:54+00:00","og_image":[{"width":600,"height":380,"url":"https:\/\/noticiasemdestaque.com\/cd\/wp-content\/uploads\/2024\/04\/AugustoValadares-OuroVelho.webp","type":"image\/webp"}],"author":"Not\u00edcias em Destaque","twitter_card":"summary_large_image","twitter_misc":{"Escrito por":"Not\u00edcias em Destaque","Est. tempo de leitura":"2 minutos"},"schema":{"@context":"https:\/\/schema.org","@graph":[{"@type":"Article","@id":"https:\/\/noticiasemdestaque.com\/cd\/?p=56734#article","isPartOf":{"@id":"https:\/\/noticiasemdestaque.com\/cd\/?p=56734"},"author":{"name":"Not\u00edcias em Destaque","@id":"https:\/\/noticiasemdestaque.com\/cd\/#\/schema\/person\/21320b03a7e8bb90128938dafc9b908a"},"headline":"Prefeito de Ouro Velho anuncia novas emendas parlamentares para o munic\u00edpio","datePublished":"2024-04-09T21:59:54+00:00","mainEntityOfPage":{"@id":"https:\/\/noticiasemdestaque.com\/cd\/?p=56734"},"wordCount":194,"publisher":{"@id":"https:\/\/noticiasemdestaque.com\/cd\/#organization"},"image":{"@id":"https:\/\/noticiasemdestaque.com\/cd\/?p=56734#primaryimage"},"thumbnailUrl":"https:\/\/noticiasemdestaque.com\/cd\/wp-content\/uploads\/2024\/04\/AugustoValadares-OuroVelho.webp","articleSection":["Cidades"],"inLanguage":"pt-BR"},{"@type":"WebPage","@id":"https:\/\/noticiasemdestaque.com\/cd\/?p=56734","url":"https:\/\/noticiasemdestaque.com\/cd\/?p=56734","name":"Prefeito de Ouro Velho anuncia novas emendas parlamentares para o munic\u00edpio - Not&iacute;cias em Destaque","isPartOf":{"@id":"https:\/\/noticiasemdestaque.com\/cd\/#website"},"primaryImageOfPage":{"@id":"https:\/\/noticiasemdestaque.com\/cd\/?p=56734#primaryimage"},"image":{"@id":"https:\/\/noticiasemdestaque.com\/cd\/?p=56734#primaryimage"},"thumbnailUrl":"https:\/\/noticiasemdestaque.com\/cd\/wp-content\/uploads\/2024\/04\/AugustoValadares-OuroVelho.webp","datePublished":"2024-04-09T21:59:54+00:00","breadcrumb":{"@id":"https:\/\/noticiasemdestaque.com\/cd\/?p=56734#breadcrumb"},"inLanguage":"pt-BR","potentialAction":[{"@type":"ReadAction","target":["https:\/\/noticiasemdestaque.com\/cd\/?p=56734"]}]},{"@type":"ImageObject","inLanguage":"pt-BR","@id":"https:\/\/noticiasemdestaque.com\/cd\/?p=56734#primaryimage","url":"https:\/\/noticiasemdestaque.com\/cd\/wp-content\/uploads\/2024\/04\/AugustoValadares-OuroVelho.webp","contentUrl":"https:\/\/noticiasemdestaque.com\/cd\/wp-content\/uploads\/2024\/04\/AugustoValadares-OuroVelho.webp","width":600,"height":380},{"@type":"BreadcrumbList","@id":"https:\/\/noticiasemdestaque.com\/cd\/?p=56734#breadcrumb","itemListElement":[{"@type":"ListItem","position":1,"name":"In\u00edcio","item":"https:\/\/noticiasemdestaque.com\/cd\/"},{"@type":"ListItem","position":2,"name":"Prefeito de Ouro Velho anuncia novas emendas parlamentares para o munic\u00edpio"}]},{"@type":"WebSite","@id":"https:\/\/noticiasemdestaque.com\/cd\/#website","url":"https:\/\/noticiasemdestaque.com\/cd\/","name":"Not&iacute;cias em Destaque","description":"","publisher":{"@id":"https:\/\/noticiasemdestaque.com\/cd\/#organization"},"potentialAction":[{"@type":"SearchAction","target":{"@type":"EntryPoint","urlTemplate":"https:\/\/noticiasemdestaque.com\/cd\/?s={search_term_string}"},"query-input":{"@type":"PropertyValueSpecification","valueRequired":true,"valueName":"search_term_string"}}],"inLanguage":"pt-BR"},{"@type":"Organization","@id":"https:\/\/noticiasemdestaque.com\/cd\/#organization","name":"Not\u00edcias em Destaque","url":"https:\/\/noticiasemdestaque.com\/cd\/","logo":{"@type":"ImageObject","inLanguage":"pt-BR","@id":"https:\/\/noticiasemdestaque.com\/cd\/#\/schema\/logo\/image\/","url":"https:\/\/noticiasemdestaque.com\/cd\/wp-content\/uploads\/2022\/05\/imagem-base-noticiasemdestaque.png","contentUrl":"https:\/\/noticiasemdestaque.com\/cd\/wp-content\/uploads\/2022\/05\/imagem-base-noticiasemdestaque.png","width":1200,"height":630,"caption":"Not\u00edcias em Destaque"},"image":{"@id":"https:\/\/noticiasemdestaque.com\/cd\/#\/schema\/logo\/image\/"}},{"@type":"Person","@id":"https:\/\/noticiasemdestaque.com\/cd\/#\/schema\/person\/21320b03a7e8bb90128938dafc9b908a","name":"Not\u00edcias em Destaque","url":"https:\/\/noticiasemdestaque.com\/cd\/?author=2"}]}},"jetpack_featured_media_url":"https:\/\/noticiasemdestaque.com\/cd\/wp-content\/uploads\/2024\/04\/AugustoValadares-OuroVelho.webp","jetpack_sharing_enabled":true,"_links":{"self":[{"href":"https:\/\/noticiasemdestaque.com\/cd\/index.php?rest_route=\/wp\/v2\/posts\/56734","targetHints":{"allow":["GET"]}}],"collection":[{"href":"https:\/\/noticiasemdestaque.com\/cd\/index.php?rest_route=\/wp\/v2\/posts"}],"about":[{"href":"https:\/\/noticiasemdestaque.com\/cd\/index.php?rest_route=\/wp\/v2\/types\/post"}],"author":[{"embeddable":true,"href":"https:\/\/noticiasemdestaque.com\/cd\/index.php?rest_route=\/wp\/v2\/users\/2"}],"replies":[{"embeddable":true,"href":"https:\/\/noticiasemdestaque.com\/cd\/index.php?rest_route=%2Fwp%2Fv2%2Fcomments&post=56734"}],"version-history":[{"count":1,"href":"https:\/\/noticiasemdestaque.com\/cd\/index.php?rest_route=\/wp\/v2\/posts\/56734\/revisions"}],"predecessor-version":[{"id":56736,"href":"https:\/\/noticiasemdestaque.com\/cd\/index.php?rest_route=\/wp\/v2\/posts\/56734\/revisions\/56736"}],"wp:featuredmedia":[{"embeddable":true,"href":"https:\/\/noticiasemdestaque.com\/cd\/index.php?rest_route=\/wp\/v2\/media\/56735"}],"wp:attachment":[{"href":"https:\/\/noticiasemdestaque.com\/cd\/index.php?rest_route=%2Fwp%2Fv2%2Fmedia&parent=56734"}],"wp:term":[{"taxonomy":"category","embeddable":true,"href":"https:\/\/noticiasemdestaque.com\/cd\/index.php?rest_route=%2Fwp%2Fv2%2Fcategories&post=56734"},{"taxonomy":"post_tag","embeddable":true,"href":"https:\/\/noticiasemdestaque.com\/cd\/index.php?rest_route=%2Fwp%2Fv2%2Ftags&post=56734"}],"curies":[{"name":"wp","href":"https:\/\/api.w.org\/{rel}","templated":true}]}}