{"id":5662,"date":"2017-10-31T08:48:11","date_gmt":"2017-10-31T11:48:11","guid":{"rendered":"http:\/\/caririemdestaque.com\/cd\/?p=5662"},"modified":"2017-10-31T08:48:11","modified_gmt":"2017-10-31T11:48:11","slug":"governo-do-estado-inicia-campanha-novembro-azul-nesta-quarta-feira","status":"publish","type":"post","link":"https:\/\/noticiasemdestaque.com\/cd\/?p=5662","title":{"rendered":"Governo do Estado inicia campanha Novembro Azul nesta quarta-feira"},"content":{"rendered":"<p><a href=\"http:\/\/caririemdestaque.com\/cd\/wp-content\/uploads\/2017\/10\/195551_blue_november-600x372.jpg\"><img fetchpriority=\"high\" decoding=\"async\" class=\"wp-image-5663 size-medium alignleft\" src=\"http:\/\/caririemdestaque.com\/cd\/wp-content\/uploads\/2017\/10\/195551_blue_november-600x372-300x186.jpg\" alt=\"\" width=\"300\" height=\"186\" srcset=\"https:\/\/noticiasemdestaque.com\/cd\/wp-content\/uploads\/2017\/10\/195551_blue_november-600x372-300x186.jpg 300w, https:\/\/noticiasemdestaque.com\/cd\/wp-content\/uploads\/2017\/10\/195551_blue_november-600x372.jpg 600w\" sizes=\"(max-width: 300px) 100vw, 300px\" \/><\/a>O Governo do Estado, por meio da Secretaria de Estado da Sa\u00fade (SES), inicia nesta quarta-feira (1\u00ba), as atividades do Novembro Azul. A abertura do m\u00eas dedicado \u00e0 sa\u00fade da popula\u00e7\u00e3o masculina ser\u00e1 \u00e0s 9h, na sede da Secretaria de Estado da Sa\u00fade (SES), com um coffee break e uma apresenta\u00e7\u00e3o cultural com o grupo Charlie Brown e os batuqueiros do Centro de Aten\u00e7\u00e3o Psicossocial (Caps AD III \u2013 \u00e1lcool e drogas). Durante todo o m\u00eas ser\u00e3o realizadas a\u00e7\u00f5es \u2013 articuladas com as Ger\u00eancias Regionais de Sa\u00fade, servi\u00e7os de sa\u00fade e munic\u00edpios \u2013 que buscam estimular o autocuidado da popula\u00e7\u00e3o masculina e ado\u00e7\u00e3o de h\u00e1bitos saud\u00e1veis.<\/p>\n<p>&nbsp;<\/p>\n<p>O Novembro Azul \u00e9 um movimento que teve origem em 2003, na Austr\u00e1lia e, desde ent\u00e3o, s\u00e3o realizadas diferentes estrat\u00e9gias de conscientiza\u00e7\u00e3o sobre a import\u00e2ncia da preven\u00e7\u00e3o e diagn\u00f3stico precoce de doen\u00e7as que atingem a popula\u00e7\u00e3o masculina. \u201cA aten\u00e7\u00e3o e cuidado com a popula\u00e7\u00e3o masculina deve ser transversal \u00e0s a\u00e7\u00f5es de Aten\u00e7\u00e3o B\u00e1sica em Sa\u00fade, que deve potencializar a busca ativa \u00e0 popula\u00e7\u00e3o masculina e aproximar os homens das Unidades de Sa\u00fade da Fam\u00edlia, uma vez que, considerando os padr\u00f5es sociais e culturais do nosso pa\u00eds e Estado, o homem n\u00e3o tem aproxima\u00e7\u00e3o com o cuidado e autocuidado\u201d, explicou o coordenador da \u00c1rea T\u00e9cnica da Sa\u00fade do Homem na SES, H\u00e9lio Soares.<\/p>\n<p>H\u00e9lio disse tamb\u00e9m que os servi\u00e7os especializados\/hospitalares entram de acordo com a necessidade individual, nos quais o Estado da Para\u00edba tem diversos servi\u00e7os, seja de reabilita\u00e7\u00e3o, urg\u00eancia e emerg\u00eancia, sa\u00fade mental ou diagn\u00f3stico\/laboratorial. \u201cOs encaminhamentos seguem o fluxo preconizado nos munic\u00edpios, e geralmente s\u00e3o referenciados a partir da Aten\u00e7\u00e3o B\u00e1sica. Assim, \u00e9 importante que os homens procurem a unidade de sa\u00fade da fam\u00edlia mais pr\u00f3xima \u00e0 sua resid\u00eancia ao menos duas vezes ao ano, ou sempre que apresentar necessidade, para fazer exames de rotina e acompanhamento\u201d, disse.<\/p>\n<p>Segundo dados da Ger\u00eancia Operacional de Resposta R\u00e1pida, as doen\u00e7as que mais afetam os homens s\u00e3o: Infarto agudo do mioc\u00e1rdio, diabetes mellitus, pneumonia, acidente vascular cerebral hemorr\u00e1gico, c\u00e2ncer de pr\u00f3stata, seguido do dos br\u00f4nquios, dos pulm\u00f5es, do est\u00f4mago, do f\u00edgado, das vias biliares intra-hep\u00e1ticas, da cavidade oral\/traqu\u00e9ia, br\u00f4nquio e pulm\u00e3o.<\/p>\n<p>De acordo com estimativas da incid\u00eancia do c\u00e2ncer do Minist\u00e9rio da Sa\u00fade, por meio do Instituto Nacional de C\u00e2ncer Jos\u00e9 Alencar Gomes da Silva (Inca), os principais tipos de c\u00e2ncer que incidem na popula\u00e7\u00e3o masculina em todo o estado e em Jo\u00e3o Pessoa s\u00e3o: Pr\u00f3stata (1.040 casos), est\u00f4mago (230), traqu\u00e9ia, br\u00f4nquio e pulm\u00e3o (180), cavidade oral (150), laringe (130), reto (120), es\u00f4fago (100) e bexiga (70).<\/p>\n<p>No Brasil, o c\u00e2ncer de pr\u00f3stata \u00e9 o segundo mais comum entre os homens (atr\u00e1s apenas do c\u00e2ncer de pele n\u00e3o-melanoma). Em valores absolutos, \u00e9 o sexto tipo mais comum no mundo e o mais prevalente em homens, representando cerca de 10% do total de c\u00e2nceres. Sua taxa de incid\u00eancia \u00e9 cerca de seis vezes maior nos pa\u00edses desenvolvidos em compara\u00e7\u00e3o aos pa\u00edses em desenvolvimento. Mais do que qualquer outro tipo, \u00e9 considerado um c\u00e2ncer da terceira idade, j\u00e1 que cerca de tr\u00eas quartos dos casos no mundo ocorrem a partir dos 65 anos. \u201cPara que ocorra a diminui\u00e7\u00e3o da mortalidade do homem, \u00e9 primordial o incentivo \u00e0 ado\u00e7\u00e3o de h\u00e1bitos de vida saud\u00e1veis, bem como o autocuidado. Neste sentido, a popula\u00e7\u00e3o deve procurar as Unidades de Sa\u00fade da Fam\u00edlia dos seus munic\u00edpios para a realiza\u00e7\u00e3o dos exames preventivos\u201d, concluiu H\u00e9lio Soares.<\/p>\n<p>&nbsp;<\/p>\n","protected":false},"excerpt":{"rendered":"<p>O Governo do Estado, por meio da Secretaria de Estado da Sa\u00fade (SES), inicia nesta quarta-feira (1\u00ba), as atividades do Novembro Azul. A abertura do m\u00eas dedicado \u00e0 sa\u00fade da popula\u00e7\u00e3o masculina ser\u00e1 \u00e0s 9h, na sede da Secretaria de Estado da Sa\u00fade (SES), com um coffee break e uma apresenta\u00e7\u00e3o cultural com o grupo Charlie Brown e os batuqueiros do Centro de Aten\u00e7\u00e3o Psicossocial (Caps AD III \u2013 \u00e1lcool e drogas). Durante todo o m\u00eas ser\u00e3o realizadas a\u00e7\u00f5es \u2013 articuladas com as Ger\u00eancias Regionais de Sa\u00fade, servi\u00e7os de sa\u00fade e munic\u00edpios \u2013 que buscam estimular o autocuidado da popula\u00e7\u00e3o masculina e ado\u00e7\u00e3o de h\u00e1bitos saud\u00e1veis. &nbsp; O Novembro Azul \u00e9 um movimento que teve origem em 2003, na Austr\u00e1lia e, desde ent\u00e3o, s\u00e3o realizadas diferentes estrat\u00e9gias de conscientiza\u00e7\u00e3o sobre a import\u00e2ncia da preven\u00e7\u00e3o e diagn\u00f3stico precoce de doen\u00e7as que atingem a popula\u00e7\u00e3o masculina. \u201cA aten\u00e7\u00e3o e cuidado com a popula\u00e7\u00e3o masculina deve ser transversal \u00e0s a\u00e7\u00f5es de Aten\u00e7\u00e3o B\u00e1sica em Sa\u00fade, que deve potencializar a busca ativa \u00e0 popula\u00e7\u00e3o masculina e aproximar os homens das Unidades de Sa\u00fade da Fam\u00edlia, uma vez que, considerando os padr\u00f5es sociais e culturais do nosso pa\u00eds e Estado, o homem n\u00e3o tem aproxima\u00e7\u00e3o com o cuidado e autocuidado\u201d, explicou o coordenador da \u00c1rea T\u00e9cnica da Sa\u00fade do Homem na SES, H\u00e9lio Soares. H\u00e9lio disse tamb\u00e9m que os servi\u00e7os especializados\/hospitalares entram de acordo com a necessidade individual, nos quais o Estado da Para\u00edba tem diversos servi\u00e7os, seja de reabilita\u00e7\u00e3o, urg\u00eancia e emerg\u00eancia, sa\u00fade mental ou diagn\u00f3stico\/laboratorial. \u201cOs encaminhamentos seguem o fluxo preconizado nos munic\u00edpios, e geralmente s\u00e3o referenciados a partir da Aten\u00e7\u00e3o B\u00e1sica. Assim, \u00e9 importante que os homens procurem a unidade de sa\u00fade da fam\u00edlia mais pr\u00f3xima \u00e0 sua resid\u00eancia ao menos duas vezes ao ano, ou sempre que apresentar necessidade, para fazer exames de rotina e acompanhamento\u201d, disse. Segundo dados da Ger\u00eancia Operacional de Resposta R\u00e1pida, as doen\u00e7as que mais afetam os homens s\u00e3o: Infarto agudo do mioc\u00e1rdio, diabetes mellitus, pneumonia, acidente vascular cerebral hemorr\u00e1gico, c\u00e2ncer de pr\u00f3stata, seguido do dos br\u00f4nquios, dos pulm\u00f5es, do est\u00f4mago, do f\u00edgado, das vias biliares intra-hep\u00e1ticas, da cavidade oral\/traqu\u00e9ia, br\u00f4nquio e pulm\u00e3o. De acordo com estimativas da incid\u00eancia do c\u00e2ncer do Minist\u00e9rio da Sa\u00fade, por meio do Instituto Nacional de C\u00e2ncer Jos\u00e9 Alencar Gomes da Silva (Inca), os principais tipos de c\u00e2ncer que incidem na popula\u00e7\u00e3o masculina em todo o estado e em Jo\u00e3o Pessoa s\u00e3o: Pr\u00f3stata (1.040 casos), est\u00f4mago (230), traqu\u00e9ia, br\u00f4nquio e pulm\u00e3o (180), cavidade oral (150), laringe (130), reto (120), es\u00f4fago (100) e bexiga (70). No Brasil, o c\u00e2ncer de pr\u00f3stata \u00e9 o segundo mais comum entre os homens (atr\u00e1s apenas do c\u00e2ncer de pele n\u00e3o-melanoma). Em valores absolutos, \u00e9 o sexto tipo mais comum no mundo e o mais prevalente em homens, representando cerca de 10% do total de c\u00e2nceres. Sua taxa de incid\u00eancia \u00e9 cerca de seis vezes maior nos pa\u00edses desenvolvidos em compara\u00e7\u00e3o aos pa\u00edses em desenvolvimento. Mais do que qualquer outro tipo, \u00e9 considerado um c\u00e2ncer da terceira idade, j\u00e1 que cerca de tr\u00eas quartos dos casos no mundo ocorrem a partir dos 65 anos. \u201cPara que ocorra a diminui\u00e7\u00e3o da mortalidade do homem, \u00e9 primordial o incentivo \u00e0 ado\u00e7\u00e3o de h\u00e1bitos de vida saud\u00e1veis, bem como o autocuidado. Neste sentido, a popula\u00e7\u00e3o deve procurar as Unidades de Sa\u00fade da Fam\u00edlia dos seus munic\u00edpios para a realiza\u00e7\u00e3o dos exames preventivos\u201d, concluiu H\u00e9lio Soares. &nbsp;<\/p>\n","protected":false},"author":2,"featured_media":5663,"comment_status":"closed","ping_status":"open","sticky":false,"template":"","format":"standard","meta":{"_eb_attr":"","_jetpack_memberships_contains_paid_content":false,"footnotes":""},"categories":[8],"tags":[],"class_list":["post-5662","post","type-post","status-publish","format-standard","has-post-thumbnail","hentry","category-saude"],"yoast_head":"<!-- This site is optimized with the Yoast SEO plugin v26.5 - https:\/\/yoast.com\/wordpress\/plugins\/seo\/ -->\n<title>Governo do Estado inicia campanha Novembro Azul nesta quarta-feira - Not&iacute;cias em Destaque<\/title>\n<meta name=\"robots\" content=\"index, follow, max-snippet:-1, max-image-preview:large, max-video-preview:-1\" \/>\n<link rel=\"canonical\" href=\"https:\/\/noticiasemdestaque.com\/cd\/?p=5662\" \/>\n<meta property=\"og:locale\" content=\"pt_BR\" \/>\n<meta property=\"og:type\" content=\"article\" \/>\n<meta property=\"og:title\" content=\"Governo do Estado inicia campanha Novembro Azul nesta quarta-feira - Not&iacute;cias em Destaque\" \/>\n<meta property=\"og:description\" content=\"O Governo do Estado, por meio da Secretaria de Estado da Sa\u00fade (SES), inicia nesta quarta-feira (1\u00ba), as atividades do Novembro Azul. A abertura do m\u00eas dedicado \u00e0 sa\u00fade da popula\u00e7\u00e3o masculina ser\u00e1 \u00e0s 9h, na sede da Secretaria de Estado da Sa\u00fade (SES), com um coffee break e uma apresenta\u00e7\u00e3o cultural com o grupo Charlie Brown e os batuqueiros do Centro de Aten\u00e7\u00e3o Psicossocial (Caps AD III \u2013 \u00e1lcool e drogas). Durante todo o m\u00eas ser\u00e3o realizadas a\u00e7\u00f5es \u2013 articuladas com as Ger\u00eancias Regionais de Sa\u00fade, servi\u00e7os de sa\u00fade e munic\u00edpios \u2013 que buscam estimular o autocuidado da popula\u00e7\u00e3o masculina e ado\u00e7\u00e3o de h\u00e1bitos saud\u00e1veis. &nbsp; O Novembro Azul \u00e9 um movimento que teve origem em 2003, na Austr\u00e1lia e, desde ent\u00e3o, s\u00e3o realizadas diferentes estrat\u00e9gias de conscientiza\u00e7\u00e3o sobre a import\u00e2ncia da preven\u00e7\u00e3o e diagn\u00f3stico precoce de doen\u00e7as que atingem a popula\u00e7\u00e3o masculina. \u201cA aten\u00e7\u00e3o e cuidado com a popula\u00e7\u00e3o masculina deve ser transversal \u00e0s a\u00e7\u00f5es de Aten\u00e7\u00e3o B\u00e1sica em Sa\u00fade, que deve potencializar a busca ativa \u00e0 popula\u00e7\u00e3o masculina e aproximar os homens das Unidades de Sa\u00fade da Fam\u00edlia, uma vez que, considerando os padr\u00f5es sociais e culturais do nosso pa\u00eds e Estado, o homem n\u00e3o tem aproxima\u00e7\u00e3o com o cuidado e autocuidado\u201d, explicou o coordenador da \u00c1rea T\u00e9cnica da Sa\u00fade do Homem na SES, H\u00e9lio Soares. H\u00e9lio disse tamb\u00e9m que os servi\u00e7os especializados\/hospitalares entram de acordo com a necessidade individual, nos quais o Estado da Para\u00edba tem diversos servi\u00e7os, seja de reabilita\u00e7\u00e3o, urg\u00eancia e emerg\u00eancia, sa\u00fade mental ou diagn\u00f3stico\/laboratorial. \u201cOs encaminhamentos seguem o fluxo preconizado nos munic\u00edpios, e geralmente s\u00e3o referenciados a partir da Aten\u00e7\u00e3o B\u00e1sica. Assim, \u00e9 importante que os homens procurem a unidade de sa\u00fade da fam\u00edlia mais pr\u00f3xima \u00e0 sua resid\u00eancia ao menos duas vezes ao ano, ou sempre que apresentar necessidade, para fazer exames de rotina e acompanhamento\u201d, disse. Segundo dados da Ger\u00eancia Operacional de Resposta R\u00e1pida, as doen\u00e7as que mais afetam os homens s\u00e3o: Infarto agudo do mioc\u00e1rdio, diabetes mellitus, pneumonia, acidente vascular cerebral hemorr\u00e1gico, c\u00e2ncer de pr\u00f3stata, seguido do dos br\u00f4nquios, dos pulm\u00f5es, do est\u00f4mago, do f\u00edgado, das vias biliares intra-hep\u00e1ticas, da cavidade oral\/traqu\u00e9ia, br\u00f4nquio e pulm\u00e3o. De acordo com estimativas da incid\u00eancia do c\u00e2ncer do Minist\u00e9rio da Sa\u00fade, por meio do Instituto Nacional de C\u00e2ncer Jos\u00e9 Alencar Gomes da Silva (Inca), os principais tipos de c\u00e2ncer que incidem na popula\u00e7\u00e3o masculina em todo o estado e em Jo\u00e3o Pessoa s\u00e3o: Pr\u00f3stata (1.040 casos), est\u00f4mago (230), traqu\u00e9ia, br\u00f4nquio e pulm\u00e3o (180), cavidade oral (150), laringe (130), reto (120), es\u00f4fago (100) e bexiga (70). No Brasil, o c\u00e2ncer de pr\u00f3stata \u00e9 o segundo mais comum entre os homens (atr\u00e1s apenas do c\u00e2ncer de pele n\u00e3o-melanoma). Em valores absolutos, \u00e9 o sexto tipo mais comum no mundo e o mais prevalente em homens, representando cerca de 10% do total de c\u00e2nceres. Sua taxa de incid\u00eancia \u00e9 cerca de seis vezes maior nos pa\u00edses desenvolvidos em compara\u00e7\u00e3o aos pa\u00edses em desenvolvimento. Mais do que qualquer outro tipo, \u00e9 considerado um c\u00e2ncer da terceira idade, j\u00e1 que cerca de tr\u00eas quartos dos casos no mundo ocorrem a partir dos 65 anos. \u201cPara que ocorra a diminui\u00e7\u00e3o da mortalidade do homem, \u00e9 primordial o incentivo \u00e0 ado\u00e7\u00e3o de h\u00e1bitos de vida saud\u00e1veis, bem como o autocuidado. Neste sentido, a popula\u00e7\u00e3o deve procurar as Unidades de Sa\u00fade da Fam\u00edlia dos seus munic\u00edpios para a realiza\u00e7\u00e3o dos exames preventivos\u201d, concluiu H\u00e9lio Soares. &nbsp;\" \/>\n<meta property=\"og:url\" content=\"https:\/\/noticiasemdestaque.com\/cd\/?p=5662\" \/>\n<meta property=\"og:site_name\" content=\"Not&iacute;cias em Destaque\" \/>\n<meta property=\"article:published_time\" content=\"2017-10-31T11:48:11+00:00\" \/>\n<meta property=\"og:image\" content=\"https:\/\/noticiasemdestaque.com\/cd\/wp-content\/uploads\/2017\/10\/195551_blue_november-600x372.jpg\" \/>\n\t<meta property=\"og:image:width\" content=\"600\" \/>\n\t<meta property=\"og:image:height\" content=\"372\" \/>\n\t<meta property=\"og:image:type\" content=\"image\/jpeg\" \/>\n<meta name=\"author\" content=\"Not\u00edcias em Destaque\" \/>\n<meta name=\"twitter:card\" content=\"summary_large_image\" \/>\n<meta name=\"twitter:label1\" content=\"Escrito por\" \/>\n\t<meta name=\"twitter:data1\" content=\"Not\u00edcias em Destaque\" \/>\n\t<meta name=\"twitter:label2\" content=\"Est. tempo de leitura\" \/>\n\t<meta name=\"twitter:data2\" content=\"3 minutos\" \/>\n<script type=\"application\/ld+json\" class=\"yoast-schema-graph\">{\"@context\":\"https:\/\/schema.org\",\"@graph\":[{\"@type\":\"Article\",\"@id\":\"https:\/\/noticiasemdestaque.com\/cd\/?p=5662#article\",\"isPartOf\":{\"@id\":\"https:\/\/noticiasemdestaque.com\/cd\/?p=5662\"},\"author\":{\"name\":\"Not\u00edcias em Destaque\",\"@id\":\"https:\/\/noticiasemdestaque.com\/cd\/#\/schema\/person\/4a81fb71f77579d059c3045891fa1786\"},\"headline\":\"Governo do Estado inicia campanha Novembro Azul nesta quarta-feira\",\"datePublished\":\"2017-10-31T11:48:11+00:00\",\"mainEntityOfPage\":{\"@id\":\"https:\/\/noticiasemdestaque.com\/cd\/?p=5662\"},\"wordCount\":667,\"publisher\":{\"@id\":\"https:\/\/noticiasemdestaque.com\/cd\/#organization\"},\"image\":{\"@id\":\"https:\/\/noticiasemdestaque.com\/cd\/?p=5662#primaryimage\"},\"thumbnailUrl\":\"https:\/\/noticiasemdestaque.com\/cd\/wp-content\/uploads\/2017\/10\/195551_blue_november-600x372.jpg\",\"articleSection\":[\"Sa\u00fade\"],\"inLanguage\":\"pt-BR\"},{\"@type\":\"WebPage\",\"@id\":\"https:\/\/noticiasemdestaque.com\/cd\/?p=5662\",\"url\":\"https:\/\/noticiasemdestaque.com\/cd\/?p=5662\",\"name\":\"Governo do Estado inicia campanha Novembro Azul nesta quarta-feira - Not&iacute;cias em Destaque\",\"isPartOf\":{\"@id\":\"https:\/\/noticiasemdestaque.com\/cd\/#website\"},\"primaryImageOfPage\":{\"@id\":\"https:\/\/noticiasemdestaque.com\/cd\/?p=5662#primaryimage\"},\"image\":{\"@id\":\"https:\/\/noticiasemdestaque.com\/cd\/?p=5662#primaryimage\"},\"thumbnailUrl\":\"https:\/\/noticiasemdestaque.com\/cd\/wp-content\/uploads\/2017\/10\/195551_blue_november-600x372.jpg\",\"datePublished\":\"2017-10-31T11:48:11+00:00\",\"breadcrumb\":{\"@id\":\"https:\/\/noticiasemdestaque.com\/cd\/?p=5662#breadcrumb\"},\"inLanguage\":\"pt-BR\",\"potentialAction\":[{\"@type\":\"ReadAction\",\"target\":[\"https:\/\/noticiasemdestaque.com\/cd\/?p=5662\"]}]},{\"@type\":\"ImageObject\",\"inLanguage\":\"pt-BR\",\"@id\":\"https:\/\/noticiasemdestaque.com\/cd\/?p=5662#primaryimage\",\"url\":\"https:\/\/noticiasemdestaque.com\/cd\/wp-content\/uploads\/2017\/10\/195551_blue_november-600x372.jpg\",\"contentUrl\":\"https:\/\/noticiasemdestaque.com\/cd\/wp-content\/uploads\/2017\/10\/195551_blue_november-600x372.jpg\",\"width\":600,\"height\":372},{\"@type\":\"BreadcrumbList\",\"@id\":\"https:\/\/noticiasemdestaque.com\/cd\/?p=5662#breadcrumb\",\"itemListElement\":[{\"@type\":\"ListItem\",\"position\":1,\"name\":\"In\u00edcio\",\"item\":\"https:\/\/noticiasemdestaque.com\/cd\/\"},{\"@type\":\"ListItem\",\"position\":2,\"name\":\"Governo do Estado inicia campanha Novembro Azul nesta quarta-feira\"}]},{\"@type\":\"WebSite\",\"@id\":\"https:\/\/noticiasemdestaque.com\/cd\/#website\",\"url\":\"https:\/\/noticiasemdestaque.com\/cd\/\",\"name\":\"Not&iacute;cias em Destaque\",\"description\":\"\",\"publisher\":{\"@id\":\"https:\/\/noticiasemdestaque.com\/cd\/#organization\"},\"potentialAction\":[{\"@type\":\"SearchAction\",\"target\":{\"@type\":\"EntryPoint\",\"urlTemplate\":\"https:\/\/noticiasemdestaque.com\/cd\/?s={search_term_string}\"},\"query-input\":{\"@type\":\"PropertyValueSpecification\",\"valueRequired\":true,\"valueName\":\"search_term_string\"}}],\"inLanguage\":\"pt-BR\"},{\"@type\":\"Organization\",\"@id\":\"https:\/\/noticiasemdestaque.com\/cd\/#organization\",\"name\":\"Not\u00edcias em Destaque\",\"url\":\"https:\/\/noticiasemdestaque.com\/cd\/\",\"logo\":{\"@type\":\"ImageObject\",\"inLanguage\":\"pt-BR\",\"@id\":\"https:\/\/noticiasemdestaque.com\/cd\/#\/schema\/logo\/image\/\",\"url\":\"https:\/\/noticiasemdestaque.com\/cd\/wp-content\/uploads\/2022\/05\/imagem-base-noticiasemdestaque.png\",\"contentUrl\":\"https:\/\/noticiasemdestaque.com\/cd\/wp-content\/uploads\/2022\/05\/imagem-base-noticiasemdestaque.png\",\"width\":1200,\"height\":630,\"caption\":\"Not\u00edcias em Destaque\"},\"image\":{\"@id\":\"https:\/\/noticiasemdestaque.com\/cd\/#\/schema\/logo\/image\/\"}},{\"@type\":\"Person\",\"@id\":\"https:\/\/noticiasemdestaque.com\/cd\/#\/schema\/person\/4a81fb71f77579d059c3045891fa1786\",\"name\":\"Not\u00edcias em Destaque\",\"url\":\"https:\/\/noticiasemdestaque.com\/cd\/?author=2\"}]}<\/script>\n<!-- \/ Yoast SEO plugin. -->","yoast_head_json":{"title":"Governo do Estado inicia campanha Novembro Azul nesta quarta-feira - Not&iacute;cias em Destaque","robots":{"index":"index","follow":"follow","max-snippet":"max-snippet:-1","max-image-preview":"max-image-preview:large","max-video-preview":"max-video-preview:-1"},"canonical":"https:\/\/noticiasemdestaque.com\/cd\/?p=5662","og_locale":"pt_BR","og_type":"article","og_title":"Governo do Estado inicia campanha Novembro Azul nesta quarta-feira - Not&iacute;cias em Destaque","og_description":"O Governo do Estado, por meio da Secretaria de Estado da Sa\u00fade (SES), inicia nesta quarta-feira (1\u00ba), as atividades do Novembro Azul. A abertura do m\u00eas dedicado \u00e0 sa\u00fade da popula\u00e7\u00e3o masculina ser\u00e1 \u00e0s 9h, na sede da Secretaria de Estado da Sa\u00fade (SES), com um coffee break e uma apresenta\u00e7\u00e3o cultural com o grupo Charlie Brown e os batuqueiros do Centro de Aten\u00e7\u00e3o Psicossocial (Caps AD III \u2013 \u00e1lcool e drogas). Durante todo o m\u00eas ser\u00e3o realizadas a\u00e7\u00f5es \u2013 articuladas com as Ger\u00eancias Regionais de Sa\u00fade, servi\u00e7os de sa\u00fade e munic\u00edpios \u2013 que buscam estimular o autocuidado da popula\u00e7\u00e3o masculina e ado\u00e7\u00e3o de h\u00e1bitos saud\u00e1veis. &nbsp; O Novembro Azul \u00e9 um movimento que teve origem em 2003, na Austr\u00e1lia e, desde ent\u00e3o, s\u00e3o realizadas diferentes estrat\u00e9gias de conscientiza\u00e7\u00e3o sobre a import\u00e2ncia da preven\u00e7\u00e3o e diagn\u00f3stico precoce de doen\u00e7as que atingem a popula\u00e7\u00e3o masculina. \u201cA aten\u00e7\u00e3o e cuidado com a popula\u00e7\u00e3o masculina deve ser transversal \u00e0s a\u00e7\u00f5es de Aten\u00e7\u00e3o B\u00e1sica em Sa\u00fade, que deve potencializar a busca ativa \u00e0 popula\u00e7\u00e3o masculina e aproximar os homens das Unidades de Sa\u00fade da Fam\u00edlia, uma vez que, considerando os padr\u00f5es sociais e culturais do nosso pa\u00eds e Estado, o homem n\u00e3o tem aproxima\u00e7\u00e3o com o cuidado e autocuidado\u201d, explicou o coordenador da \u00c1rea T\u00e9cnica da Sa\u00fade do Homem na SES, H\u00e9lio Soares. H\u00e9lio disse tamb\u00e9m que os servi\u00e7os especializados\/hospitalares entram de acordo com a necessidade individual, nos quais o Estado da Para\u00edba tem diversos servi\u00e7os, seja de reabilita\u00e7\u00e3o, urg\u00eancia e emerg\u00eancia, sa\u00fade mental ou diagn\u00f3stico\/laboratorial. \u201cOs encaminhamentos seguem o fluxo preconizado nos munic\u00edpios, e geralmente s\u00e3o referenciados a partir da Aten\u00e7\u00e3o B\u00e1sica. Assim, \u00e9 importante que os homens procurem a unidade de sa\u00fade da fam\u00edlia mais pr\u00f3xima \u00e0 sua resid\u00eancia ao menos duas vezes ao ano, ou sempre que apresentar necessidade, para fazer exames de rotina e acompanhamento\u201d, disse. Segundo dados da Ger\u00eancia Operacional de Resposta R\u00e1pida, as doen\u00e7as que mais afetam os homens s\u00e3o: Infarto agudo do mioc\u00e1rdio, diabetes mellitus, pneumonia, acidente vascular cerebral hemorr\u00e1gico, c\u00e2ncer de pr\u00f3stata, seguido do dos br\u00f4nquios, dos pulm\u00f5es, do est\u00f4mago, do f\u00edgado, das vias biliares intra-hep\u00e1ticas, da cavidade oral\/traqu\u00e9ia, br\u00f4nquio e pulm\u00e3o. De acordo com estimativas da incid\u00eancia do c\u00e2ncer do Minist\u00e9rio da Sa\u00fade, por meio do Instituto Nacional de C\u00e2ncer Jos\u00e9 Alencar Gomes da Silva (Inca), os principais tipos de c\u00e2ncer que incidem na popula\u00e7\u00e3o masculina em todo o estado e em Jo\u00e3o Pessoa s\u00e3o: Pr\u00f3stata (1.040 casos), est\u00f4mago (230), traqu\u00e9ia, br\u00f4nquio e pulm\u00e3o (180), cavidade oral (150), laringe (130), reto (120), es\u00f4fago (100) e bexiga (70). No Brasil, o c\u00e2ncer de pr\u00f3stata \u00e9 o segundo mais comum entre os homens (atr\u00e1s apenas do c\u00e2ncer de pele n\u00e3o-melanoma). Em valores absolutos, \u00e9 o sexto tipo mais comum no mundo e o mais prevalente em homens, representando cerca de 10% do total de c\u00e2nceres. Sua taxa de incid\u00eancia \u00e9 cerca de seis vezes maior nos pa\u00edses desenvolvidos em compara\u00e7\u00e3o aos pa\u00edses em desenvolvimento. Mais do que qualquer outro tipo, \u00e9 considerado um c\u00e2ncer da terceira idade, j\u00e1 que cerca de tr\u00eas quartos dos casos no mundo ocorrem a partir dos 65 anos. \u201cPara que ocorra a diminui\u00e7\u00e3o da mortalidade do homem, \u00e9 primordial o incentivo \u00e0 ado\u00e7\u00e3o de h\u00e1bitos de vida saud\u00e1veis, bem como o autocuidado. Neste sentido, a popula\u00e7\u00e3o deve procurar as Unidades de Sa\u00fade da Fam\u00edlia dos seus munic\u00edpios para a realiza\u00e7\u00e3o dos exames preventivos\u201d, concluiu H\u00e9lio Soares. &nbsp;","og_url":"https:\/\/noticiasemdestaque.com\/cd\/?p=5662","og_site_name":"Not&iacute;cias em Destaque","article_published_time":"2017-10-31T11:48:11+00:00","og_image":[{"width":600,"height":372,"url":"https:\/\/noticiasemdestaque.com\/cd\/wp-content\/uploads\/2017\/10\/195551_blue_november-600x372.jpg","type":"image\/jpeg"}],"author":"Not\u00edcias em Destaque","twitter_card":"summary_large_image","twitter_misc":{"Escrito por":"Not\u00edcias em Destaque","Est. tempo de leitura":"3 minutos"},"schema":{"@context":"https:\/\/schema.org","@graph":[{"@type":"Article","@id":"https:\/\/noticiasemdestaque.com\/cd\/?p=5662#article","isPartOf":{"@id":"https:\/\/noticiasemdestaque.com\/cd\/?p=5662"},"author":{"name":"Not\u00edcias em Destaque","@id":"https:\/\/noticiasemdestaque.com\/cd\/#\/schema\/person\/4a81fb71f77579d059c3045891fa1786"},"headline":"Governo do Estado inicia campanha Novembro Azul nesta quarta-feira","datePublished":"2017-10-31T11:48:11+00:00","mainEntityOfPage":{"@id":"https:\/\/noticiasemdestaque.com\/cd\/?p=5662"},"wordCount":667,"publisher":{"@id":"https:\/\/noticiasemdestaque.com\/cd\/#organization"},"image":{"@id":"https:\/\/noticiasemdestaque.com\/cd\/?p=5662#primaryimage"},"thumbnailUrl":"https:\/\/noticiasemdestaque.com\/cd\/wp-content\/uploads\/2017\/10\/195551_blue_november-600x372.jpg","articleSection":["Sa\u00fade"],"inLanguage":"pt-BR"},{"@type":"WebPage","@id":"https:\/\/noticiasemdestaque.com\/cd\/?p=5662","url":"https:\/\/noticiasemdestaque.com\/cd\/?p=5662","name":"Governo do Estado inicia campanha Novembro Azul nesta quarta-feira - Not&iacute;cias em Destaque","isPartOf":{"@id":"https:\/\/noticiasemdestaque.com\/cd\/#website"},"primaryImageOfPage":{"@id":"https:\/\/noticiasemdestaque.com\/cd\/?p=5662#primaryimage"},"image":{"@id":"https:\/\/noticiasemdestaque.com\/cd\/?p=5662#primaryimage"},"thumbnailUrl":"https:\/\/noticiasemdestaque.com\/cd\/wp-content\/uploads\/2017\/10\/195551_blue_november-600x372.jpg","datePublished":"2017-10-31T11:48:11+00:00","breadcrumb":{"@id":"https:\/\/noticiasemdestaque.com\/cd\/?p=5662#breadcrumb"},"inLanguage":"pt-BR","potentialAction":[{"@type":"ReadAction","target":["https:\/\/noticiasemdestaque.com\/cd\/?p=5662"]}]},{"@type":"ImageObject","inLanguage":"pt-BR","@id":"https:\/\/noticiasemdestaque.com\/cd\/?p=5662#primaryimage","url":"https:\/\/noticiasemdestaque.com\/cd\/wp-content\/uploads\/2017\/10\/195551_blue_november-600x372.jpg","contentUrl":"https:\/\/noticiasemdestaque.com\/cd\/wp-content\/uploads\/2017\/10\/195551_blue_november-600x372.jpg","width":600,"height":372},{"@type":"BreadcrumbList","@id":"https:\/\/noticiasemdestaque.com\/cd\/?p=5662#breadcrumb","itemListElement":[{"@type":"ListItem","position":1,"name":"In\u00edcio","item":"https:\/\/noticiasemdestaque.com\/cd\/"},{"@type":"ListItem","position":2,"name":"Governo do Estado inicia campanha Novembro Azul nesta quarta-feira"}]},{"@type":"WebSite","@id":"https:\/\/noticiasemdestaque.com\/cd\/#website","url":"https:\/\/noticiasemdestaque.com\/cd\/","name":"Not&iacute;cias em Destaque","description":"","publisher":{"@id":"https:\/\/noticiasemdestaque.com\/cd\/#organization"},"potentialAction":[{"@type":"SearchAction","target":{"@type":"EntryPoint","urlTemplate":"https:\/\/noticiasemdestaque.com\/cd\/?s={search_term_string}"},"query-input":{"@type":"PropertyValueSpecification","valueRequired":true,"valueName":"search_term_string"}}],"inLanguage":"pt-BR"},{"@type":"Organization","@id":"https:\/\/noticiasemdestaque.com\/cd\/#organization","name":"Not\u00edcias em Destaque","url":"https:\/\/noticiasemdestaque.com\/cd\/","logo":{"@type":"ImageObject","inLanguage":"pt-BR","@id":"https:\/\/noticiasemdestaque.com\/cd\/#\/schema\/logo\/image\/","url":"https:\/\/noticiasemdestaque.com\/cd\/wp-content\/uploads\/2022\/05\/imagem-base-noticiasemdestaque.png","contentUrl":"https:\/\/noticiasemdestaque.com\/cd\/wp-content\/uploads\/2022\/05\/imagem-base-noticiasemdestaque.png","width":1200,"height":630,"caption":"Not\u00edcias em Destaque"},"image":{"@id":"https:\/\/noticiasemdestaque.com\/cd\/#\/schema\/logo\/image\/"}},{"@type":"Person","@id":"https:\/\/noticiasemdestaque.com\/cd\/#\/schema\/person\/4a81fb71f77579d059c3045891fa1786","name":"Not\u00edcias em Destaque","url":"https:\/\/noticiasemdestaque.com\/cd\/?author=2"}]}},"jetpack_featured_media_url":"https:\/\/noticiasemdestaque.com\/cd\/wp-content\/uploads\/2017\/10\/195551_blue_november-600x372.jpg","jetpack_sharing_enabled":true,"_links":{"self":[{"href":"https:\/\/noticiasemdestaque.com\/cd\/index.php?rest_route=\/wp\/v2\/posts\/5662","targetHints":{"allow":["GET"]}}],"collection":[{"href":"https:\/\/noticiasemdestaque.com\/cd\/index.php?rest_route=\/wp\/v2\/posts"}],"about":[{"href":"https:\/\/noticiasemdestaque.com\/cd\/index.php?rest_route=\/wp\/v2\/types\/post"}],"author":[{"embeddable":true,"href":"https:\/\/noticiasemdestaque.com\/cd\/index.php?rest_route=\/wp\/v2\/users\/2"}],"replies":[{"embeddable":true,"href":"https:\/\/noticiasemdestaque.com\/cd\/index.php?rest_route=%2Fwp%2Fv2%2Fcomments&post=5662"}],"version-history":[{"count":1,"href":"https:\/\/noticiasemdestaque.com\/cd\/index.php?rest_route=\/wp\/v2\/posts\/5662\/revisions"}],"predecessor-version":[{"id":5664,"href":"https:\/\/noticiasemdestaque.com\/cd\/index.php?rest_route=\/wp\/v2\/posts\/5662\/revisions\/5664"}],"wp:featuredmedia":[{"embeddable":true,"href":"https:\/\/noticiasemdestaque.com\/cd\/index.php?rest_route=\/wp\/v2\/media\/5663"}],"wp:attachment":[{"href":"https:\/\/noticiasemdestaque.com\/cd\/index.php?rest_route=%2Fwp%2Fv2%2Fmedia&parent=5662"}],"wp:term":[{"taxonomy":"category","embeddable":true,"href":"https:\/\/noticiasemdestaque.com\/cd\/index.php?rest_route=%2Fwp%2Fv2%2Fcategories&post=5662"},{"taxonomy":"post_tag","embeddable":true,"href":"https:\/\/noticiasemdestaque.com\/cd\/index.php?rest_route=%2Fwp%2Fv2%2Ftags&post=5662"}],"curies":[{"name":"wp","href":"https:\/\/api.w.org\/{rel}","templated":true}]}}