{"id":5657,"date":"2017-10-31T07:53:24","date_gmt":"2017-10-31T10:53:24","guid":{"rendered":"http:\/\/caririemdestaque.com\/cd\/?p=5657"},"modified":"2017-10-31T07:53:24","modified_gmt":"2017-10-31T10:53:24","slug":"ricardo-entrega-a-alpb-projeto-de-lei-que-reduz-imposto-para-micros-e-pequenas-empresas","status":"publish","type":"post","link":"https:\/\/noticiasemdestaque.com\/cd\/?p=5657","title":{"rendered":"Ricardo entrega \u00e0 ALPB projeto de lei que reduz imposto para micros e pequenas empresas"},"content":{"rendered":"<p><a href=\"http:\/\/caririemdestaque.com\/cd\/wp-content\/uploads\/2017\/10\/17737336280003622710000.jpg\"><img decoding=\"async\" class=\"size-thumbnail wp-image-5602 alignleft\" src=\"http:\/\/caririemdestaque.com\/cd\/wp-content\/uploads\/2017\/10\/17737336280003622710000-150x150.jpg\" alt=\"\" width=\"150\" height=\"150\" \/><\/a>O governador Ricardo Coutinho assina nesta ter\u00e7a-feira (31) um Projeto de Lei \u00e0 Assembleia Legislativa que concede benef\u00edcios fiscais para as Microempresas e Empresas de Pequeno Porte optantes do Simples Nacional. A solenidade est\u00e1 prevista para as 10h, no Pal\u00e1cio da Reden\u00e7\u00e3o.<\/p>\n<p>A Para\u00edba atualmente concede redu\u00e7\u00e3o na base de c\u00e1lculo do ICMS para empresas optantes pelo Simples Nacional com faturamento at\u00e9 R$ 1.260.000,00. De acordo com o projeto de lei, a partir de 1\u00ba de janeiro de 2018, esse benef\u00edcio fiscal ser\u00e1 ampliado para empresas do Simples com faturamento at\u00e9 R$ 1.800.000,00, beneficiando mais de 90% das empresas contribuintes de ICMS do regime diferenciado de micro e pequenas empresas.<\/p>\n<p>No projeto de Lei, as microempresas que t\u00eam faturamento at\u00e9 R$ 360 mil ser\u00e3o as mais beneficiadas. As empresas com faturamento at\u00e9 R$ 180 mil, que atualmente t\u00eam uma redu\u00e7\u00e3o na base de c\u00e1lculo do ICMS de 60%, a partir de 1\u00ba de janeiro de 2018 passar\u00e3o a ter essa redu\u00e7\u00e3o elevada para 63,23%; enquanto as empresas com faturamento na faixa de R$ 180 mil a R$ 360 mil, que atualmente t\u00eam uma redu\u00e7\u00e3o na base de c\u00e1lculo do ICMS de 19,35%, passar\u00e3o a ter essa redu\u00e7\u00e3o elevada para 21,87%.<\/p>\n<p>Mesmo em cen\u00e1rio de crise e de incertezas da arrecada\u00e7\u00e3o tribut\u00e1ria em 2018, o governador Ricardo Coutinho decidiu ampliar benef\u00edcios fiscais para as Micros e Pequenas Empresas paraibanas optantes do Simples Nacional como uma forma de incentivar a gera\u00e7\u00e3o de renda e a cria\u00e7\u00e3o de empregos por meio da redu\u00e7\u00e3o da carga tribut\u00e1ria.<\/p>\n","protected":false},"excerpt":{"rendered":"<p>O governador Ricardo Coutinho assina nesta ter\u00e7a-feira (31) um Projeto de Lei \u00e0 Assembleia Legislativa que concede benef\u00edcios fiscais para as Microempresas e Empresas de Pequeno Porte optantes do Simples Nacional. A solenidade est\u00e1 prevista para as 10h, no Pal\u00e1cio da Reden\u00e7\u00e3o. A Para\u00edba atualmente concede redu\u00e7\u00e3o na base de c\u00e1lculo do ICMS para empresas optantes pelo Simples Nacional com faturamento at\u00e9 R$ 1.260.000,00. De acordo com o projeto de lei, a partir de 1\u00ba de janeiro de 2018, esse benef\u00edcio fiscal ser\u00e1 ampliado para empresas do Simples com faturamento at\u00e9 R$ 1.800.000,00, beneficiando mais de 90% das empresas contribuintes de ICMS do regime diferenciado de micro e pequenas empresas. No projeto de Lei, as microempresas que t\u00eam faturamento at\u00e9 R$ 360 mil ser\u00e3o as mais beneficiadas. As empresas com faturamento at\u00e9 R$ 180 mil, que atualmente t\u00eam uma redu\u00e7\u00e3o na base de c\u00e1lculo do ICMS de 60%, a partir de 1\u00ba de janeiro de 2018 passar\u00e3o a ter essa redu\u00e7\u00e3o elevada para 63,23%; enquanto as empresas com faturamento na faixa de R$ 180 mil a R$ 360 mil, que atualmente t\u00eam uma redu\u00e7\u00e3o na base de c\u00e1lculo do ICMS de 19,35%, passar\u00e3o a ter essa redu\u00e7\u00e3o elevada para 21,87%. Mesmo em cen\u00e1rio de crise e de incertezas da arrecada\u00e7\u00e3o tribut\u00e1ria em 2018, o governador Ricardo Coutinho decidiu ampliar benef\u00edcios fiscais para as Micros e Pequenas Empresas paraibanas optantes do Simples Nacional como uma forma de incentivar a gera\u00e7\u00e3o de renda e a cria\u00e7\u00e3o de empregos por meio da redu\u00e7\u00e3o da carga tribut\u00e1ria.<\/p>\n","protected":false},"author":2,"featured_media":5602,"comment_status":"closed","ping_status":"open","sticky":false,"template":"","format":"standard","meta":{"_eb_attr":"","_jetpack_memberships_contains_paid_content":false,"footnotes":""},"categories":[11],"tags":[],"class_list":["post-5657","post","type-post","status-publish","format-standard","has-post-thumbnail","hentry","category-economia"],"yoast_head":"<!-- This site is optimized with the Yoast SEO plugin v26.5 - https:\/\/yoast.com\/wordpress\/plugins\/seo\/ -->\n<title>Ricardo entrega \u00e0 ALPB projeto de lei que reduz imposto para micros e pequenas empresas - Not&iacute;cias em Destaque<\/title>\n<meta name=\"robots\" content=\"index, follow, max-snippet:-1, max-image-preview:large, max-video-preview:-1\" \/>\n<link rel=\"canonical\" href=\"https:\/\/noticiasemdestaque.com\/cd\/?p=5657\" \/>\n<meta property=\"og:locale\" content=\"pt_BR\" \/>\n<meta property=\"og:type\" content=\"article\" \/>\n<meta property=\"og:title\" content=\"Ricardo entrega \u00e0 ALPB projeto de lei que reduz imposto para micros e pequenas empresas - Not&iacute;cias em Destaque\" \/>\n<meta property=\"og:description\" content=\"O governador Ricardo Coutinho assina nesta ter\u00e7a-feira (31) um Projeto de Lei \u00e0 Assembleia Legislativa que concede benef\u00edcios fiscais para as Microempresas e Empresas de Pequeno Porte optantes do Simples Nacional. A solenidade est\u00e1 prevista para as 10h, no Pal\u00e1cio da Reden\u00e7\u00e3o. A Para\u00edba atualmente concede redu\u00e7\u00e3o na base de c\u00e1lculo do ICMS para empresas optantes pelo Simples Nacional com faturamento at\u00e9 R$ 1.260.000,00. De acordo com o projeto de lei, a partir de 1\u00ba de janeiro de 2018, esse benef\u00edcio fiscal ser\u00e1 ampliado para empresas do Simples com faturamento at\u00e9 R$ 1.800.000,00, beneficiando mais de 90% das empresas contribuintes de ICMS do regime diferenciado de micro e pequenas empresas. No projeto de Lei, as microempresas que t\u00eam faturamento at\u00e9 R$ 360 mil ser\u00e3o as mais beneficiadas. As empresas com faturamento at\u00e9 R$ 180 mil, que atualmente t\u00eam uma redu\u00e7\u00e3o na base de c\u00e1lculo do ICMS de 60%, a partir de 1\u00ba de janeiro de 2018 passar\u00e3o a ter essa redu\u00e7\u00e3o elevada para 63,23%; enquanto as empresas com faturamento na faixa de R$ 180 mil a R$ 360 mil, que atualmente t\u00eam uma redu\u00e7\u00e3o na base de c\u00e1lculo do ICMS de 19,35%, passar\u00e3o a ter essa redu\u00e7\u00e3o elevada para 21,87%. Mesmo em cen\u00e1rio de crise e de incertezas da arrecada\u00e7\u00e3o tribut\u00e1ria em 2018, o governador Ricardo Coutinho decidiu ampliar benef\u00edcios fiscais para as Micros e Pequenas Empresas paraibanas optantes do Simples Nacional como uma forma de incentivar a gera\u00e7\u00e3o de renda e a cria\u00e7\u00e3o de empregos por meio da redu\u00e7\u00e3o da carga tribut\u00e1ria.\" \/>\n<meta property=\"og:url\" content=\"https:\/\/noticiasemdestaque.com\/cd\/?p=5657\" \/>\n<meta property=\"og:site_name\" content=\"Not&iacute;cias em Destaque\" \/>\n<meta property=\"article:published_time\" content=\"2017-10-31T10:53:24+00:00\" \/>\n<meta property=\"og:image\" content=\"https:\/\/noticiasemdestaque.com\/cd\/wp-content\/uploads\/2017\/10\/17737336280003622710000.jpg\" \/>\n\t<meta property=\"og:image:width\" content=\"362\" \/>\n\t<meta property=\"og:image:height\" content=\"271\" \/>\n\t<meta property=\"og:image:type\" content=\"image\/jpeg\" \/>\n<meta name=\"author\" content=\"Not\u00edcias em Destaque\" \/>\n<meta name=\"twitter:card\" content=\"summary_large_image\" \/>\n<meta name=\"twitter:label1\" content=\"Escrito por\" \/>\n\t<meta name=\"twitter:data1\" content=\"Not\u00edcias em Destaque\" \/>\n\t<meta name=\"twitter:label2\" content=\"Est. tempo de leitura\" \/>\n\t<meta name=\"twitter:data2\" content=\"1 minuto\" \/>\n<script type=\"application\/ld+json\" class=\"yoast-schema-graph\">{\"@context\":\"https:\/\/schema.org\",\"@graph\":[{\"@type\":\"Article\",\"@id\":\"https:\/\/noticiasemdestaque.com\/cd\/?p=5657#article\",\"isPartOf\":{\"@id\":\"https:\/\/noticiasemdestaque.com\/cd\/?p=5657\"},\"author\":{\"name\":\"Not\u00edcias em Destaque\",\"@id\":\"https:\/\/noticiasemdestaque.com\/cd\/#\/schema\/person\/21320b03a7e8bb90128938dafc9b908a\"},\"headline\":\"Ricardo entrega \u00e0 ALPB projeto de lei que reduz imposto para micros e pequenas empresas\",\"datePublished\":\"2017-10-31T10:53:24+00:00\",\"mainEntityOfPage\":{\"@id\":\"https:\/\/noticiasemdestaque.com\/cd\/?p=5657\"},\"wordCount\":277,\"publisher\":{\"@id\":\"https:\/\/noticiasemdestaque.com\/cd\/#organization\"},\"image\":{\"@id\":\"https:\/\/noticiasemdestaque.com\/cd\/?p=5657#primaryimage\"},\"thumbnailUrl\":\"https:\/\/noticiasemdestaque.com\/cd\/wp-content\/uploads\/2017\/10\/17737336280003622710000.jpg\",\"articleSection\":[\"Economia\"],\"inLanguage\":\"pt-BR\"},{\"@type\":\"WebPage\",\"@id\":\"https:\/\/noticiasemdestaque.com\/cd\/?p=5657\",\"url\":\"https:\/\/noticiasemdestaque.com\/cd\/?p=5657\",\"name\":\"Ricardo entrega \u00e0 ALPB projeto de lei que reduz imposto para micros e pequenas empresas - Not&iacute;cias em Destaque\",\"isPartOf\":{\"@id\":\"https:\/\/noticiasemdestaque.com\/cd\/#website\"},\"primaryImageOfPage\":{\"@id\":\"https:\/\/noticiasemdestaque.com\/cd\/?p=5657#primaryimage\"},\"image\":{\"@id\":\"https:\/\/noticiasemdestaque.com\/cd\/?p=5657#primaryimage\"},\"thumbnailUrl\":\"https:\/\/noticiasemdestaque.com\/cd\/wp-content\/uploads\/2017\/10\/17737336280003622710000.jpg\",\"datePublished\":\"2017-10-31T10:53:24+00:00\",\"breadcrumb\":{\"@id\":\"https:\/\/noticiasemdestaque.com\/cd\/?p=5657#breadcrumb\"},\"inLanguage\":\"pt-BR\",\"potentialAction\":[{\"@type\":\"ReadAction\",\"target\":[\"https:\/\/noticiasemdestaque.com\/cd\/?p=5657\"]}]},{\"@type\":\"ImageObject\",\"inLanguage\":\"pt-BR\",\"@id\":\"https:\/\/noticiasemdestaque.com\/cd\/?p=5657#primaryimage\",\"url\":\"https:\/\/noticiasemdestaque.com\/cd\/wp-content\/uploads\/2017\/10\/17737336280003622710000.jpg\",\"contentUrl\":\"https:\/\/noticiasemdestaque.com\/cd\/wp-content\/uploads\/2017\/10\/17737336280003622710000.jpg\",\"width\":362,\"height\":271},{\"@type\":\"BreadcrumbList\",\"@id\":\"https:\/\/noticiasemdestaque.com\/cd\/?p=5657#breadcrumb\",\"itemListElement\":[{\"@type\":\"ListItem\",\"position\":1,\"name\":\"In\u00edcio\",\"item\":\"https:\/\/noticiasemdestaque.com\/cd\/\"},{\"@type\":\"ListItem\",\"position\":2,\"name\":\"Ricardo entrega \u00e0 ALPB projeto de lei que reduz imposto para micros e pequenas empresas\"}]},{\"@type\":\"WebSite\",\"@id\":\"https:\/\/noticiasemdestaque.com\/cd\/#website\",\"url\":\"https:\/\/noticiasemdestaque.com\/cd\/\",\"name\":\"Not&iacute;cias em Destaque\",\"description\":\"\",\"publisher\":{\"@id\":\"https:\/\/noticiasemdestaque.com\/cd\/#organization\"},\"potentialAction\":[{\"@type\":\"SearchAction\",\"target\":{\"@type\":\"EntryPoint\",\"urlTemplate\":\"https:\/\/noticiasemdestaque.com\/cd\/?s={search_term_string}\"},\"query-input\":{\"@type\":\"PropertyValueSpecification\",\"valueRequired\":true,\"valueName\":\"search_term_string\"}}],\"inLanguage\":\"pt-BR\"},{\"@type\":\"Organization\",\"@id\":\"https:\/\/noticiasemdestaque.com\/cd\/#organization\",\"name\":\"Not\u00edcias em Destaque\",\"url\":\"https:\/\/noticiasemdestaque.com\/cd\/\",\"logo\":{\"@type\":\"ImageObject\",\"inLanguage\":\"pt-BR\",\"@id\":\"https:\/\/noticiasemdestaque.com\/cd\/#\/schema\/logo\/image\/\",\"url\":\"https:\/\/noticiasemdestaque.com\/cd\/wp-content\/uploads\/2022\/05\/imagem-base-noticiasemdestaque.png\",\"contentUrl\":\"https:\/\/noticiasemdestaque.com\/cd\/wp-content\/uploads\/2022\/05\/imagem-base-noticiasemdestaque.png\",\"width\":1200,\"height\":630,\"caption\":\"Not\u00edcias em Destaque\"},\"image\":{\"@id\":\"https:\/\/noticiasemdestaque.com\/cd\/#\/schema\/logo\/image\/\"}},{\"@type\":\"Person\",\"@id\":\"https:\/\/noticiasemdestaque.com\/cd\/#\/schema\/person\/21320b03a7e8bb90128938dafc9b908a\",\"name\":\"Not\u00edcias em Destaque\",\"url\":\"https:\/\/noticiasemdestaque.com\/cd\/?author=2\"}]}<\/script>\n<!-- \/ Yoast SEO plugin. -->","yoast_head_json":{"title":"Ricardo entrega \u00e0 ALPB projeto de lei que reduz imposto para micros e pequenas empresas - Not&iacute;cias em Destaque","robots":{"index":"index","follow":"follow","max-snippet":"max-snippet:-1","max-image-preview":"max-image-preview:large","max-video-preview":"max-video-preview:-1"},"canonical":"https:\/\/noticiasemdestaque.com\/cd\/?p=5657","og_locale":"pt_BR","og_type":"article","og_title":"Ricardo entrega \u00e0 ALPB projeto de lei que reduz imposto para micros e pequenas empresas - Not&iacute;cias em Destaque","og_description":"O governador Ricardo Coutinho assina nesta ter\u00e7a-feira (31) um Projeto de Lei \u00e0 Assembleia Legislativa que concede benef\u00edcios fiscais para as Microempresas e Empresas de Pequeno Porte optantes do Simples Nacional. A solenidade est\u00e1 prevista para as 10h, no Pal\u00e1cio da Reden\u00e7\u00e3o. A Para\u00edba atualmente concede redu\u00e7\u00e3o na base de c\u00e1lculo do ICMS para empresas optantes pelo Simples Nacional com faturamento at\u00e9 R$ 1.260.000,00. De acordo com o projeto de lei, a partir de 1\u00ba de janeiro de 2018, esse benef\u00edcio fiscal ser\u00e1 ampliado para empresas do Simples com faturamento at\u00e9 R$ 1.800.000,00, beneficiando mais de 90% das empresas contribuintes de ICMS do regime diferenciado de micro e pequenas empresas. No projeto de Lei, as microempresas que t\u00eam faturamento at\u00e9 R$ 360 mil ser\u00e3o as mais beneficiadas. As empresas com faturamento at\u00e9 R$ 180 mil, que atualmente t\u00eam uma redu\u00e7\u00e3o na base de c\u00e1lculo do ICMS de 60%, a partir de 1\u00ba de janeiro de 2018 passar\u00e3o a ter essa redu\u00e7\u00e3o elevada para 63,23%; enquanto as empresas com faturamento na faixa de R$ 180 mil a R$ 360 mil, que atualmente t\u00eam uma redu\u00e7\u00e3o na base de c\u00e1lculo do ICMS de 19,35%, passar\u00e3o a ter essa redu\u00e7\u00e3o elevada para 21,87%. Mesmo em cen\u00e1rio de crise e de incertezas da arrecada\u00e7\u00e3o tribut\u00e1ria em 2018, o governador Ricardo Coutinho decidiu ampliar benef\u00edcios fiscais para as Micros e Pequenas Empresas paraibanas optantes do Simples Nacional como uma forma de incentivar a gera\u00e7\u00e3o de renda e a cria\u00e7\u00e3o de empregos por meio da redu\u00e7\u00e3o da carga tribut\u00e1ria.","og_url":"https:\/\/noticiasemdestaque.com\/cd\/?p=5657","og_site_name":"Not&iacute;cias em Destaque","article_published_time":"2017-10-31T10:53:24+00:00","og_image":[{"width":362,"height":271,"url":"https:\/\/noticiasemdestaque.com\/cd\/wp-content\/uploads\/2017\/10\/17737336280003622710000.jpg","type":"image\/jpeg"}],"author":"Not\u00edcias em Destaque","twitter_card":"summary_large_image","twitter_misc":{"Escrito por":"Not\u00edcias em Destaque","Est. tempo de leitura":"1 minuto"},"schema":{"@context":"https:\/\/schema.org","@graph":[{"@type":"Article","@id":"https:\/\/noticiasemdestaque.com\/cd\/?p=5657#article","isPartOf":{"@id":"https:\/\/noticiasemdestaque.com\/cd\/?p=5657"},"author":{"name":"Not\u00edcias em Destaque","@id":"https:\/\/noticiasemdestaque.com\/cd\/#\/schema\/person\/21320b03a7e8bb90128938dafc9b908a"},"headline":"Ricardo entrega \u00e0 ALPB projeto de lei que reduz imposto para micros e pequenas empresas","datePublished":"2017-10-31T10:53:24+00:00","mainEntityOfPage":{"@id":"https:\/\/noticiasemdestaque.com\/cd\/?p=5657"},"wordCount":277,"publisher":{"@id":"https:\/\/noticiasemdestaque.com\/cd\/#organization"},"image":{"@id":"https:\/\/noticiasemdestaque.com\/cd\/?p=5657#primaryimage"},"thumbnailUrl":"https:\/\/noticiasemdestaque.com\/cd\/wp-content\/uploads\/2017\/10\/17737336280003622710000.jpg","articleSection":["Economia"],"inLanguage":"pt-BR"},{"@type":"WebPage","@id":"https:\/\/noticiasemdestaque.com\/cd\/?p=5657","url":"https:\/\/noticiasemdestaque.com\/cd\/?p=5657","name":"Ricardo entrega \u00e0 ALPB projeto de lei que reduz imposto para micros e pequenas empresas - Not&iacute;cias em Destaque","isPartOf":{"@id":"https:\/\/noticiasemdestaque.com\/cd\/#website"},"primaryImageOfPage":{"@id":"https:\/\/noticiasemdestaque.com\/cd\/?p=5657#primaryimage"},"image":{"@id":"https:\/\/noticiasemdestaque.com\/cd\/?p=5657#primaryimage"},"thumbnailUrl":"https:\/\/noticiasemdestaque.com\/cd\/wp-content\/uploads\/2017\/10\/17737336280003622710000.jpg","datePublished":"2017-10-31T10:53:24+00:00","breadcrumb":{"@id":"https:\/\/noticiasemdestaque.com\/cd\/?p=5657#breadcrumb"},"inLanguage":"pt-BR","potentialAction":[{"@type":"ReadAction","target":["https:\/\/noticiasemdestaque.com\/cd\/?p=5657"]}]},{"@type":"ImageObject","inLanguage":"pt-BR","@id":"https:\/\/noticiasemdestaque.com\/cd\/?p=5657#primaryimage","url":"https:\/\/noticiasemdestaque.com\/cd\/wp-content\/uploads\/2017\/10\/17737336280003622710000.jpg","contentUrl":"https:\/\/noticiasemdestaque.com\/cd\/wp-content\/uploads\/2017\/10\/17737336280003622710000.jpg","width":362,"height":271},{"@type":"BreadcrumbList","@id":"https:\/\/noticiasemdestaque.com\/cd\/?p=5657#breadcrumb","itemListElement":[{"@type":"ListItem","position":1,"name":"In\u00edcio","item":"https:\/\/noticiasemdestaque.com\/cd\/"},{"@type":"ListItem","position":2,"name":"Ricardo entrega \u00e0 ALPB projeto de lei que reduz imposto para micros e pequenas empresas"}]},{"@type":"WebSite","@id":"https:\/\/noticiasemdestaque.com\/cd\/#website","url":"https:\/\/noticiasemdestaque.com\/cd\/","name":"Not&iacute;cias em Destaque","description":"","publisher":{"@id":"https:\/\/noticiasemdestaque.com\/cd\/#organization"},"potentialAction":[{"@type":"SearchAction","target":{"@type":"EntryPoint","urlTemplate":"https:\/\/noticiasemdestaque.com\/cd\/?s={search_term_string}"},"query-input":{"@type":"PropertyValueSpecification","valueRequired":true,"valueName":"search_term_string"}}],"inLanguage":"pt-BR"},{"@type":"Organization","@id":"https:\/\/noticiasemdestaque.com\/cd\/#organization","name":"Not\u00edcias em Destaque","url":"https:\/\/noticiasemdestaque.com\/cd\/","logo":{"@type":"ImageObject","inLanguage":"pt-BR","@id":"https:\/\/noticiasemdestaque.com\/cd\/#\/schema\/logo\/image\/","url":"https:\/\/noticiasemdestaque.com\/cd\/wp-content\/uploads\/2022\/05\/imagem-base-noticiasemdestaque.png","contentUrl":"https:\/\/noticiasemdestaque.com\/cd\/wp-content\/uploads\/2022\/05\/imagem-base-noticiasemdestaque.png","width":1200,"height":630,"caption":"Not\u00edcias em Destaque"},"image":{"@id":"https:\/\/noticiasemdestaque.com\/cd\/#\/schema\/logo\/image\/"}},{"@type":"Person","@id":"https:\/\/noticiasemdestaque.com\/cd\/#\/schema\/person\/21320b03a7e8bb90128938dafc9b908a","name":"Not\u00edcias em Destaque","url":"https:\/\/noticiasemdestaque.com\/cd\/?author=2"}]}},"jetpack_featured_media_url":"https:\/\/noticiasemdestaque.com\/cd\/wp-content\/uploads\/2017\/10\/17737336280003622710000.jpg","jetpack_sharing_enabled":true,"_links":{"self":[{"href":"https:\/\/noticiasemdestaque.com\/cd\/index.php?rest_route=\/wp\/v2\/posts\/5657","targetHints":{"allow":["GET"]}}],"collection":[{"href":"https:\/\/noticiasemdestaque.com\/cd\/index.php?rest_route=\/wp\/v2\/posts"}],"about":[{"href":"https:\/\/noticiasemdestaque.com\/cd\/index.php?rest_route=\/wp\/v2\/types\/post"}],"author":[{"embeddable":true,"href":"https:\/\/noticiasemdestaque.com\/cd\/index.php?rest_route=\/wp\/v2\/users\/2"}],"replies":[{"embeddable":true,"href":"https:\/\/noticiasemdestaque.com\/cd\/index.php?rest_route=%2Fwp%2Fv2%2Fcomments&post=5657"}],"version-history":[{"count":1,"href":"https:\/\/noticiasemdestaque.com\/cd\/index.php?rest_route=\/wp\/v2\/posts\/5657\/revisions"}],"predecessor-version":[{"id":5658,"href":"https:\/\/noticiasemdestaque.com\/cd\/index.php?rest_route=\/wp\/v2\/posts\/5657\/revisions\/5658"}],"wp:featuredmedia":[{"embeddable":true,"href":"https:\/\/noticiasemdestaque.com\/cd\/index.php?rest_route=\/wp\/v2\/media\/5602"}],"wp:attachment":[{"href":"https:\/\/noticiasemdestaque.com\/cd\/index.php?rest_route=%2Fwp%2Fv2%2Fmedia&parent=5657"}],"wp:term":[{"taxonomy":"category","embeddable":true,"href":"https:\/\/noticiasemdestaque.com\/cd\/index.php?rest_route=%2Fwp%2Fv2%2Fcategories&post=5657"},{"taxonomy":"post_tag","embeddable":true,"href":"https:\/\/noticiasemdestaque.com\/cd\/index.php?rest_route=%2Fwp%2Fv2%2Ftags&post=5657"}],"curies":[{"name":"wp","href":"https:\/\/api.w.org\/{rel}","templated":true}]}}