{"id":5654,"date":"2017-10-31T07:34:52","date_gmt":"2017-10-31T10:34:52","guid":{"rendered":"http:\/\/caririemdestaque.com\/cd\/?p=5654"},"modified":"2017-10-31T07:34:52","modified_gmt":"2017-10-31T10:34:52","slug":"jefferson-roberto-rebate-criticas-da-oposicao-e-os-desafia-a-provar-aluguel-de-cacamba","status":"publish","type":"post","link":"https:\/\/noticiasemdestaque.com\/cd\/?p=5654","title":{"rendered":"Jefferson Roberto rebate cr\u00edticas da oposi\u00e7\u00e3o e os desafia a provar aluguel de ca\u00e7amba"},"content":{"rendered":"<p><a href=\"http:\/\/caririemdestaque.com\/cd\/wp-content\/uploads\/2017\/10\/jefferson_sbfm.jpg\"><img fetchpriority=\"high\" decoding=\"async\" class=\"wp-image-5655 size-medium alignleft\" src=\"http:\/\/caririemdestaque.com\/cd\/wp-content\/uploads\/2017\/10\/jefferson_sbfm-300x169.jpg\" alt=\"\" width=\"300\" height=\"169\" srcset=\"https:\/\/noticiasemdestaque.com\/cd\/wp-content\/uploads\/2017\/10\/jefferson_sbfm-300x169.jpg 300w, https:\/\/noticiasemdestaque.com\/cd\/wp-content\/uploads\/2017\/10\/jefferson_sbfm-768x432.jpg 768w, https:\/\/noticiasemdestaque.com\/cd\/wp-content\/uploads\/2017\/10\/jefferson_sbfm-1024x576.jpg 1024w, https:\/\/noticiasemdestaque.com\/cd\/wp-content\/uploads\/2017\/10\/jefferson_sbfm.jpg 1032w\" sizes=\"(max-width: 300px) 100vw, 300px\" \/><\/a>O prefeito de S\u00e3o Jos\u00e9 dos Cordeiros, Jefferson Roberto, concedeu entrevista no \u00faltimo s\u00e1bado na Serra Branca FM e rebateu as cr\u00edticas de vereadores da oposi\u00e7\u00e3o afirmando que se tratavam de den\u00fancias vazias e oportunistas. O gestor veio a emissora uma semana ap\u00f3s a entrevista dos quatro vereadores de oposi\u00e7\u00e3o e recebeu a solidariedade de muitos populares, dos secret\u00e1rios, vereadores aliados, do ex-prefeito Fernando Queiroz e da vice-prefeita Lourdes Dantas.<\/p>\n<p>Jefferson disse que discordava de todas as cr\u00edticas feitas pelos vereadores de oposi\u00e7\u00e3o e que no geral eles s\u00e3o contradit\u00f3rios e n\u00e3o entendem o que \u00e9 gest\u00e3o p\u00fablica. \u201cN\u00e3o adianta vir aqui tentar dar aula de gest\u00e3o, quando eles n\u00e3o sabem sequer o que \u00e9 administra\u00e7\u00e3o. At\u00e9 pouco tempo, alguns deles estavam me elogiando, sendo at\u00e9 beneficiado por a\u00e7\u00f5es do meu governo, de repente eu n\u00e3o presto mais e eles passam a julgar minha gest\u00e3o por tr\u00eas meses de conten\u00e7\u00e3o de verbas. Isso \u00e9 lament\u00e1vel e mais ainda reprov\u00e1vel\u201d<\/p>\n<p>Jefferson rebateu ainda den\u00fancias feitas pelos vereadores a exemplo do aluguel de uma ca\u00e7amba. Segundo o prefeito, nunca houve ca\u00e7amba alugada em seu governo e a que existe no munic\u00edpio pertence \u00e0 gest\u00e3o e est\u00e1 danificada esperando a reposi\u00e7\u00e3o de pe\u00e7as. \u201cEu quero desafiar o vereador que denunciou aluguel de ca\u00e7amba a provar que eu paguei um real sequer por esse suposto ve\u00edculo. Se for verdade e ele provar, eu renuncio meu mandato. Se for mentira ele assume e renuncia o dele\u201d, arrematou.<\/p>\n<p>Jefferson ainda informou que n\u00e3o h\u00e1 mais carro locado e destinado ao gabinete do prefeito. Ele disse que locou um carro no in\u00edcio do mandato e o destinou ao ex-gestor para que pudesse receber dele uma assist\u00eancia no in\u00edcio de mandato, mas que j\u00e1 concluiu o contrato de aluguel, mesmo antes do decreto de crise baixado no munic\u00edpio.<\/p>\n<p><img decoding=\"async\" src=\"http:\/\/deolhonocariri.com.br\/wp-content\/uploads\/2017\/10\/jefferson_sbfm_2.jpg\" \/><\/p>\n<p>O prefeito disse que o povo est\u00e1 informado e percebe o comportamento dos l\u00edderes pol\u00edticos. \u201cH\u00e1 pol\u00edticos em S\u00e3o Jos\u00e9 dos Cordeiros que s\u00e3o incoerentes. N\u00e3o fazem o que falam. E criticam por conveni\u00eancia. Quando est\u00e3o em nossa frente elogia nossa a\u00e7\u00e3o e por tr\u00e1s critica. Quando estamos bem nos pede aux\u00edlio para sua atua\u00e7\u00e3o, quando estamos em crise nos detona por n\u00e3o mais servi-los. Estou apenas no primeiro ano de gest\u00e3o. Se houve falhas eu assumo todas, mas tenham a certeza, estamos superando as dificuldades oriundas da crise e vamos fazer um grande mandato\u201d, pontuou Jefferson.<\/p>\n<p>O prefeito ainda comentou porque perdeu o apoio de dois vereadores de sua base aliada. Jefferson disse que ningu\u00e9m perde o que nunca teve. Segundo o gestor, o vereador Adiel ficou insatisfeito desde a elei\u00e7\u00e3o para a Mesa Diretora da C\u00e2mara, antes mesmo de seu mandato come\u00e7ar, pois queria ser eleito presidente da C\u00e2mara, mesmo contra a vontade da maioria dos colegas vereadores. \u201cSeu rompimento foi por interesses particulares, nunca por problemas de gest\u00e3o\u201d, disse.<\/p>\n<p>J\u00e1 em rela\u00e7\u00e3o ao vereador Tejo, o prefeito afirmou que o parlamentar nunca segurou uma palavra que disse. \u201cEle se reunia com a gente e concordava com as decis\u00f5es colegiadas, mas chegava por tr\u00e1s e falava mal. \u00c9 um vereador sem palavra e que n\u00e3o sabe a que se prop\u00f5e\u201d, finalizou o gestor.<\/p>\n<p>Jefferson por fim pediu a todos compreens\u00e3o e disse que seu mandato n\u00e3o pode ser avaliado por um decreto de 90 dias. Segundo ele, medidas de equil\u00edbrio financeiro j\u00e1 est\u00e3o sendo tomadas e em breve o munic\u00edpio voltar\u00e1 \u00e0s suas atividades normais. Jefferson disse ainda que estar\u00e1 neste m\u00eas de novembro realizando audi\u00eancias p\u00fablicas nas comunidades rurais e na sede para discutir e produzir a pe\u00e7a or\u00e7ament\u00e1ria de 2018 e j\u00e1 planejar a\u00e7\u00f5es e parcerias para o tri\u00eanio 2018\/2020.<\/p>\n","protected":false},"excerpt":{"rendered":"<p>O prefeito de S\u00e3o Jos\u00e9 dos Cordeiros, Jefferson Roberto, concedeu entrevista no \u00faltimo s\u00e1bado na Serra Branca FM e rebateu as cr\u00edticas de vereadores da oposi\u00e7\u00e3o afirmando que se tratavam de den\u00fancias vazias e oportunistas. O gestor veio a emissora uma semana ap\u00f3s a entrevista dos quatro vereadores de oposi\u00e7\u00e3o e recebeu a solidariedade de muitos populares, dos secret\u00e1rios, vereadores aliados, do ex-prefeito Fernando Queiroz e da vice-prefeita Lourdes Dantas. Jefferson disse que discordava de todas as cr\u00edticas feitas pelos vereadores de oposi\u00e7\u00e3o e que no geral eles s\u00e3o contradit\u00f3rios e n\u00e3o entendem o que \u00e9 gest\u00e3o p\u00fablica. \u201cN\u00e3o adianta vir aqui tentar dar aula de gest\u00e3o, quando eles n\u00e3o sabem sequer o que \u00e9 administra\u00e7\u00e3o. At\u00e9 pouco tempo, alguns deles estavam me elogiando, sendo at\u00e9 beneficiado por a\u00e7\u00f5es do meu governo, de repente eu n\u00e3o presto mais e eles passam a julgar minha gest\u00e3o por tr\u00eas meses de conten\u00e7\u00e3o de verbas. Isso \u00e9 lament\u00e1vel e mais ainda reprov\u00e1vel\u201d Jefferson rebateu ainda den\u00fancias feitas pelos vereadores a exemplo do aluguel de uma ca\u00e7amba. Segundo o prefeito, nunca houve ca\u00e7amba alugada em seu governo e a que existe no munic\u00edpio pertence \u00e0 gest\u00e3o e est\u00e1 danificada esperando a reposi\u00e7\u00e3o de pe\u00e7as. \u201cEu quero desafiar o vereador que denunciou aluguel de ca\u00e7amba a provar que eu paguei um real sequer por esse suposto ve\u00edculo. Se for verdade e ele provar, eu renuncio meu mandato. Se for mentira ele assume e renuncia o dele\u201d, arrematou. Jefferson ainda informou que n\u00e3o h\u00e1 mais carro locado e destinado ao gabinete do prefeito. Ele disse que locou um carro no in\u00edcio do mandato e o destinou ao ex-gestor para que pudesse receber dele uma assist\u00eancia no in\u00edcio de mandato, mas que j\u00e1 concluiu o contrato de aluguel, mesmo antes do decreto de crise baixado no munic\u00edpio. O prefeito disse que o povo est\u00e1 informado e percebe o comportamento dos l\u00edderes pol\u00edticos. \u201cH\u00e1 pol\u00edticos em S\u00e3o Jos\u00e9 dos Cordeiros que s\u00e3o incoerentes. N\u00e3o fazem o que falam. E criticam por conveni\u00eancia. Quando est\u00e3o em nossa frente elogia nossa a\u00e7\u00e3o e por tr\u00e1s critica. Quando estamos bem nos pede aux\u00edlio para sua atua\u00e7\u00e3o, quando estamos em crise nos detona por n\u00e3o mais servi-los. Estou apenas no primeiro ano de gest\u00e3o. Se houve falhas eu assumo todas, mas tenham a certeza, estamos superando as dificuldades oriundas da crise e vamos fazer um grande mandato\u201d, pontuou Jefferson. O prefeito ainda comentou porque perdeu o apoio de dois vereadores de sua base aliada. Jefferson disse que ningu\u00e9m perde o que nunca teve. Segundo o gestor, o vereador Adiel ficou insatisfeito desde a elei\u00e7\u00e3o para a Mesa Diretora da C\u00e2mara, antes mesmo de seu mandato come\u00e7ar, pois queria ser eleito presidente da C\u00e2mara, mesmo contra a vontade da maioria dos colegas vereadores. \u201cSeu rompimento foi por interesses particulares, nunca por problemas de gest\u00e3o\u201d, disse. J\u00e1 em rela\u00e7\u00e3o ao vereador Tejo, o prefeito afirmou que o parlamentar nunca segurou uma palavra que disse. \u201cEle se reunia com a gente e concordava com as decis\u00f5es colegiadas, mas chegava por tr\u00e1s e falava mal. \u00c9 um vereador sem palavra e que n\u00e3o sabe a que se prop\u00f5e\u201d, finalizou o gestor. Jefferson por fim pediu a todos compreens\u00e3o e disse que seu mandato n\u00e3o pode ser avaliado por um decreto de 90 dias. Segundo ele, medidas de equil\u00edbrio financeiro j\u00e1 est\u00e3o sendo tomadas e em breve o munic\u00edpio voltar\u00e1 \u00e0s suas atividades normais. Jefferson disse ainda que estar\u00e1 neste m\u00eas de novembro realizando audi\u00eancias p\u00fablicas nas comunidades rurais e na sede para discutir e produzir a pe\u00e7a or\u00e7ament\u00e1ria de 2018 e j\u00e1 planejar a\u00e7\u00f5es e parcerias para o tri\u00eanio 2018\/2020.<\/p>\n","protected":false},"author":2,"featured_media":5655,"comment_status":"closed","ping_status":"open","sticky":false,"template":"","format":"standard","meta":{"_eb_attr":"","_jetpack_memberships_contains_paid_content":false,"footnotes":""},"categories":[4],"tags":[],"class_list":["post-5654","post","type-post","status-publish","format-standard","has-post-thumbnail","hentry","category-politica"],"yoast_head":"<!-- This site is optimized with the Yoast SEO plugin v26.5 - https:\/\/yoast.com\/wordpress\/plugins\/seo\/ -->\n<title>Jefferson Roberto rebate cr\u00edticas da oposi\u00e7\u00e3o e os desafia a provar aluguel de ca\u00e7amba - Not&iacute;cias em Destaque<\/title>\n<meta name=\"robots\" content=\"index, follow, max-snippet:-1, max-image-preview:large, max-video-preview:-1\" \/>\n<link rel=\"canonical\" href=\"https:\/\/noticiasemdestaque.com\/cd\/?p=5654\" \/>\n<meta property=\"og:locale\" content=\"pt_BR\" \/>\n<meta property=\"og:type\" content=\"article\" \/>\n<meta property=\"og:title\" content=\"Jefferson Roberto rebate cr\u00edticas da oposi\u00e7\u00e3o e os desafia a provar aluguel de ca\u00e7amba - Not&iacute;cias em Destaque\" \/>\n<meta property=\"og:description\" content=\"O prefeito de S\u00e3o Jos\u00e9 dos Cordeiros, Jefferson Roberto, concedeu entrevista no \u00faltimo s\u00e1bado na Serra Branca FM e rebateu as cr\u00edticas de vereadores da oposi\u00e7\u00e3o afirmando que se tratavam de den\u00fancias vazias e oportunistas. O gestor veio a emissora uma semana ap\u00f3s a entrevista dos quatro vereadores de oposi\u00e7\u00e3o e recebeu a solidariedade de muitos populares, dos secret\u00e1rios, vereadores aliados, do ex-prefeito Fernando Queiroz e da vice-prefeita Lourdes Dantas. Jefferson disse que discordava de todas as cr\u00edticas feitas pelos vereadores de oposi\u00e7\u00e3o e que no geral eles s\u00e3o contradit\u00f3rios e n\u00e3o entendem o que \u00e9 gest\u00e3o p\u00fablica. \u201cN\u00e3o adianta vir aqui tentar dar aula de gest\u00e3o, quando eles n\u00e3o sabem sequer o que \u00e9 administra\u00e7\u00e3o. At\u00e9 pouco tempo, alguns deles estavam me elogiando, sendo at\u00e9 beneficiado por a\u00e7\u00f5es do meu governo, de repente eu n\u00e3o presto mais e eles passam a julgar minha gest\u00e3o por tr\u00eas meses de conten\u00e7\u00e3o de verbas. Isso \u00e9 lament\u00e1vel e mais ainda reprov\u00e1vel\u201d Jefferson rebateu ainda den\u00fancias feitas pelos vereadores a exemplo do aluguel de uma ca\u00e7amba. Segundo o prefeito, nunca houve ca\u00e7amba alugada em seu governo e a que existe no munic\u00edpio pertence \u00e0 gest\u00e3o e est\u00e1 danificada esperando a reposi\u00e7\u00e3o de pe\u00e7as. \u201cEu quero desafiar o vereador que denunciou aluguel de ca\u00e7amba a provar que eu paguei um real sequer por esse suposto ve\u00edculo. Se for verdade e ele provar, eu renuncio meu mandato. Se for mentira ele assume e renuncia o dele\u201d, arrematou. Jefferson ainda informou que n\u00e3o h\u00e1 mais carro locado e destinado ao gabinete do prefeito. Ele disse que locou um carro no in\u00edcio do mandato e o destinou ao ex-gestor para que pudesse receber dele uma assist\u00eancia no in\u00edcio de mandato, mas que j\u00e1 concluiu o contrato de aluguel, mesmo antes do decreto de crise baixado no munic\u00edpio. O prefeito disse que o povo est\u00e1 informado e percebe o comportamento dos l\u00edderes pol\u00edticos. \u201cH\u00e1 pol\u00edticos em S\u00e3o Jos\u00e9 dos Cordeiros que s\u00e3o incoerentes. N\u00e3o fazem o que falam. E criticam por conveni\u00eancia. Quando est\u00e3o em nossa frente elogia nossa a\u00e7\u00e3o e por tr\u00e1s critica. Quando estamos bem nos pede aux\u00edlio para sua atua\u00e7\u00e3o, quando estamos em crise nos detona por n\u00e3o mais servi-los. Estou apenas no primeiro ano de gest\u00e3o. Se houve falhas eu assumo todas, mas tenham a certeza, estamos superando as dificuldades oriundas da crise e vamos fazer um grande mandato\u201d, pontuou Jefferson. O prefeito ainda comentou porque perdeu o apoio de dois vereadores de sua base aliada. Jefferson disse que ningu\u00e9m perde o que nunca teve. Segundo o gestor, o vereador Adiel ficou insatisfeito desde a elei\u00e7\u00e3o para a Mesa Diretora da C\u00e2mara, antes mesmo de seu mandato come\u00e7ar, pois queria ser eleito presidente da C\u00e2mara, mesmo contra a vontade da maioria dos colegas vereadores. \u201cSeu rompimento foi por interesses particulares, nunca por problemas de gest\u00e3o\u201d, disse. J\u00e1 em rela\u00e7\u00e3o ao vereador Tejo, o prefeito afirmou que o parlamentar nunca segurou uma palavra que disse. \u201cEle se reunia com a gente e concordava com as decis\u00f5es colegiadas, mas chegava por tr\u00e1s e falava mal. \u00c9 um vereador sem palavra e que n\u00e3o sabe a que se prop\u00f5e\u201d, finalizou o gestor. Jefferson por fim pediu a todos compreens\u00e3o e disse que seu mandato n\u00e3o pode ser avaliado por um decreto de 90 dias. Segundo ele, medidas de equil\u00edbrio financeiro j\u00e1 est\u00e3o sendo tomadas e em breve o munic\u00edpio voltar\u00e1 \u00e0s suas atividades normais. Jefferson disse ainda que estar\u00e1 neste m\u00eas de novembro realizando audi\u00eancias p\u00fablicas nas comunidades rurais e na sede para discutir e produzir a pe\u00e7a or\u00e7ament\u00e1ria de 2018 e j\u00e1 planejar a\u00e7\u00f5es e parcerias para o tri\u00eanio 2018\/2020.\" \/>\n<meta property=\"og:url\" content=\"https:\/\/noticiasemdestaque.com\/cd\/?p=5654\" \/>\n<meta property=\"og:site_name\" content=\"Not&iacute;cias em Destaque\" \/>\n<meta property=\"article:published_time\" content=\"2017-10-31T10:34:52+00:00\" \/>\n<meta property=\"og:image\" content=\"https:\/\/noticiasemdestaque.com\/cd\/wp-content\/uploads\/2017\/10\/jefferson_sbfm.jpg\" \/>\n\t<meta property=\"og:image:width\" content=\"1032\" \/>\n\t<meta property=\"og:image:height\" content=\"581\" \/>\n\t<meta property=\"og:image:type\" content=\"image\/jpeg\" \/>\n<meta name=\"author\" content=\"Not\u00edcias em Destaque\" \/>\n<meta name=\"twitter:card\" content=\"summary_large_image\" \/>\n<meta name=\"twitter:label1\" content=\"Escrito por\" \/>\n\t<meta name=\"twitter:data1\" content=\"Not\u00edcias em Destaque\" \/>\n\t<meta name=\"twitter:label2\" content=\"Est. tempo de leitura\" \/>\n\t<meta name=\"twitter:data2\" content=\"3 minutos\" \/>\n<script type=\"application\/ld+json\" class=\"yoast-schema-graph\">{\"@context\":\"https:\/\/schema.org\",\"@graph\":[{\"@type\":\"Article\",\"@id\":\"https:\/\/noticiasemdestaque.com\/cd\/?p=5654#article\",\"isPartOf\":{\"@id\":\"https:\/\/noticiasemdestaque.com\/cd\/?p=5654\"},\"author\":{\"name\":\"Not\u00edcias em Destaque\",\"@id\":\"https:\/\/noticiasemdestaque.com\/cd\/#\/schema\/person\/21320b03a7e8bb90128938dafc9b908a\"},\"headline\":\"Jefferson Roberto rebate cr\u00edticas da oposi\u00e7\u00e3o e os desafia a provar aluguel de ca\u00e7amba\",\"datePublished\":\"2017-10-31T10:34:52+00:00\",\"mainEntityOfPage\":{\"@id\":\"https:\/\/noticiasemdestaque.com\/cd\/?p=5654\"},\"wordCount\":691,\"publisher\":{\"@id\":\"https:\/\/noticiasemdestaque.com\/cd\/#organization\"},\"image\":{\"@id\":\"https:\/\/noticiasemdestaque.com\/cd\/?p=5654#primaryimage\"},\"thumbnailUrl\":\"https:\/\/noticiasemdestaque.com\/cd\/wp-content\/uploads\/2017\/10\/jefferson_sbfm.jpg\",\"articleSection\":[\"Pol\u00edtica\"],\"inLanguage\":\"pt-BR\"},{\"@type\":\"WebPage\",\"@id\":\"https:\/\/noticiasemdestaque.com\/cd\/?p=5654\",\"url\":\"https:\/\/noticiasemdestaque.com\/cd\/?p=5654\",\"name\":\"Jefferson Roberto rebate cr\u00edticas da oposi\u00e7\u00e3o e os desafia a provar aluguel de ca\u00e7amba - Not&iacute;cias em Destaque\",\"isPartOf\":{\"@id\":\"https:\/\/noticiasemdestaque.com\/cd\/#website\"},\"primaryImageOfPage\":{\"@id\":\"https:\/\/noticiasemdestaque.com\/cd\/?p=5654#primaryimage\"},\"image\":{\"@id\":\"https:\/\/noticiasemdestaque.com\/cd\/?p=5654#primaryimage\"},\"thumbnailUrl\":\"https:\/\/noticiasemdestaque.com\/cd\/wp-content\/uploads\/2017\/10\/jefferson_sbfm.jpg\",\"datePublished\":\"2017-10-31T10:34:52+00:00\",\"breadcrumb\":{\"@id\":\"https:\/\/noticiasemdestaque.com\/cd\/?p=5654#breadcrumb\"},\"inLanguage\":\"pt-BR\",\"potentialAction\":[{\"@type\":\"ReadAction\",\"target\":[\"https:\/\/noticiasemdestaque.com\/cd\/?p=5654\"]}]},{\"@type\":\"ImageObject\",\"inLanguage\":\"pt-BR\",\"@id\":\"https:\/\/noticiasemdestaque.com\/cd\/?p=5654#primaryimage\",\"url\":\"https:\/\/noticiasemdestaque.com\/cd\/wp-content\/uploads\/2017\/10\/jefferson_sbfm.jpg\",\"contentUrl\":\"https:\/\/noticiasemdestaque.com\/cd\/wp-content\/uploads\/2017\/10\/jefferson_sbfm.jpg\",\"width\":1032,\"height\":581},{\"@type\":\"BreadcrumbList\",\"@id\":\"https:\/\/noticiasemdestaque.com\/cd\/?p=5654#breadcrumb\",\"itemListElement\":[{\"@type\":\"ListItem\",\"position\":1,\"name\":\"In\u00edcio\",\"item\":\"https:\/\/noticiasemdestaque.com\/cd\/\"},{\"@type\":\"ListItem\",\"position\":2,\"name\":\"Jefferson Roberto rebate cr\u00edticas da oposi\u00e7\u00e3o e os desafia a provar aluguel de ca\u00e7amba\"}]},{\"@type\":\"WebSite\",\"@id\":\"https:\/\/noticiasemdestaque.com\/cd\/#website\",\"url\":\"https:\/\/noticiasemdestaque.com\/cd\/\",\"name\":\"Not&iacute;cias em Destaque\",\"description\":\"\",\"publisher\":{\"@id\":\"https:\/\/noticiasemdestaque.com\/cd\/#organization\"},\"potentialAction\":[{\"@type\":\"SearchAction\",\"target\":{\"@type\":\"EntryPoint\",\"urlTemplate\":\"https:\/\/noticiasemdestaque.com\/cd\/?s={search_term_string}\"},\"query-input\":{\"@type\":\"PropertyValueSpecification\",\"valueRequired\":true,\"valueName\":\"search_term_string\"}}],\"inLanguage\":\"pt-BR\"},{\"@type\":\"Organization\",\"@id\":\"https:\/\/noticiasemdestaque.com\/cd\/#organization\",\"name\":\"Not\u00edcias em Destaque\",\"url\":\"https:\/\/noticiasemdestaque.com\/cd\/\",\"logo\":{\"@type\":\"ImageObject\",\"inLanguage\":\"pt-BR\",\"@id\":\"https:\/\/noticiasemdestaque.com\/cd\/#\/schema\/logo\/image\/\",\"url\":\"https:\/\/noticiasemdestaque.com\/cd\/wp-content\/uploads\/2022\/05\/imagem-base-noticiasemdestaque.png\",\"contentUrl\":\"https:\/\/noticiasemdestaque.com\/cd\/wp-content\/uploads\/2022\/05\/imagem-base-noticiasemdestaque.png\",\"width\":1200,\"height\":630,\"caption\":\"Not\u00edcias em Destaque\"},\"image\":{\"@id\":\"https:\/\/noticiasemdestaque.com\/cd\/#\/schema\/logo\/image\/\"}},{\"@type\":\"Person\",\"@id\":\"https:\/\/noticiasemdestaque.com\/cd\/#\/schema\/person\/21320b03a7e8bb90128938dafc9b908a\",\"name\":\"Not\u00edcias em Destaque\",\"url\":\"https:\/\/noticiasemdestaque.com\/cd\/?author=2\"}]}<\/script>\n<!-- \/ Yoast SEO plugin. -->","yoast_head_json":{"title":"Jefferson Roberto rebate cr\u00edticas da oposi\u00e7\u00e3o e os desafia a provar aluguel de ca\u00e7amba - Not&iacute;cias em Destaque","robots":{"index":"index","follow":"follow","max-snippet":"max-snippet:-1","max-image-preview":"max-image-preview:large","max-video-preview":"max-video-preview:-1"},"canonical":"https:\/\/noticiasemdestaque.com\/cd\/?p=5654","og_locale":"pt_BR","og_type":"article","og_title":"Jefferson Roberto rebate cr\u00edticas da oposi\u00e7\u00e3o e os desafia a provar aluguel de ca\u00e7amba - Not&iacute;cias em Destaque","og_description":"O prefeito de S\u00e3o Jos\u00e9 dos Cordeiros, Jefferson Roberto, concedeu entrevista no \u00faltimo s\u00e1bado na Serra Branca FM e rebateu as cr\u00edticas de vereadores da oposi\u00e7\u00e3o afirmando que se tratavam de den\u00fancias vazias e oportunistas. O gestor veio a emissora uma semana ap\u00f3s a entrevista dos quatro vereadores de oposi\u00e7\u00e3o e recebeu a solidariedade de muitos populares, dos secret\u00e1rios, vereadores aliados, do ex-prefeito Fernando Queiroz e da vice-prefeita Lourdes Dantas. Jefferson disse que discordava de todas as cr\u00edticas feitas pelos vereadores de oposi\u00e7\u00e3o e que no geral eles s\u00e3o contradit\u00f3rios e n\u00e3o entendem o que \u00e9 gest\u00e3o p\u00fablica. \u201cN\u00e3o adianta vir aqui tentar dar aula de gest\u00e3o, quando eles n\u00e3o sabem sequer o que \u00e9 administra\u00e7\u00e3o. At\u00e9 pouco tempo, alguns deles estavam me elogiando, sendo at\u00e9 beneficiado por a\u00e7\u00f5es do meu governo, de repente eu n\u00e3o presto mais e eles passam a julgar minha gest\u00e3o por tr\u00eas meses de conten\u00e7\u00e3o de verbas. Isso \u00e9 lament\u00e1vel e mais ainda reprov\u00e1vel\u201d Jefferson rebateu ainda den\u00fancias feitas pelos vereadores a exemplo do aluguel de uma ca\u00e7amba. Segundo o prefeito, nunca houve ca\u00e7amba alugada em seu governo e a que existe no munic\u00edpio pertence \u00e0 gest\u00e3o e est\u00e1 danificada esperando a reposi\u00e7\u00e3o de pe\u00e7as. \u201cEu quero desafiar o vereador que denunciou aluguel de ca\u00e7amba a provar que eu paguei um real sequer por esse suposto ve\u00edculo. Se for verdade e ele provar, eu renuncio meu mandato. Se for mentira ele assume e renuncia o dele\u201d, arrematou. Jefferson ainda informou que n\u00e3o h\u00e1 mais carro locado e destinado ao gabinete do prefeito. Ele disse que locou um carro no in\u00edcio do mandato e o destinou ao ex-gestor para que pudesse receber dele uma assist\u00eancia no in\u00edcio de mandato, mas que j\u00e1 concluiu o contrato de aluguel, mesmo antes do decreto de crise baixado no munic\u00edpio. O prefeito disse que o povo est\u00e1 informado e percebe o comportamento dos l\u00edderes pol\u00edticos. \u201cH\u00e1 pol\u00edticos em S\u00e3o Jos\u00e9 dos Cordeiros que s\u00e3o incoerentes. N\u00e3o fazem o que falam. E criticam por conveni\u00eancia. Quando est\u00e3o em nossa frente elogia nossa a\u00e7\u00e3o e por tr\u00e1s critica. Quando estamos bem nos pede aux\u00edlio para sua atua\u00e7\u00e3o, quando estamos em crise nos detona por n\u00e3o mais servi-los. Estou apenas no primeiro ano de gest\u00e3o. Se houve falhas eu assumo todas, mas tenham a certeza, estamos superando as dificuldades oriundas da crise e vamos fazer um grande mandato\u201d, pontuou Jefferson. O prefeito ainda comentou porque perdeu o apoio de dois vereadores de sua base aliada. Jefferson disse que ningu\u00e9m perde o que nunca teve. Segundo o gestor, o vereador Adiel ficou insatisfeito desde a elei\u00e7\u00e3o para a Mesa Diretora da C\u00e2mara, antes mesmo de seu mandato come\u00e7ar, pois queria ser eleito presidente da C\u00e2mara, mesmo contra a vontade da maioria dos colegas vereadores. \u201cSeu rompimento foi por interesses particulares, nunca por problemas de gest\u00e3o\u201d, disse. J\u00e1 em rela\u00e7\u00e3o ao vereador Tejo, o prefeito afirmou que o parlamentar nunca segurou uma palavra que disse. \u201cEle se reunia com a gente e concordava com as decis\u00f5es colegiadas, mas chegava por tr\u00e1s e falava mal. \u00c9 um vereador sem palavra e que n\u00e3o sabe a que se prop\u00f5e\u201d, finalizou o gestor. Jefferson por fim pediu a todos compreens\u00e3o e disse que seu mandato n\u00e3o pode ser avaliado por um decreto de 90 dias. Segundo ele, medidas de equil\u00edbrio financeiro j\u00e1 est\u00e3o sendo tomadas e em breve o munic\u00edpio voltar\u00e1 \u00e0s suas atividades normais. Jefferson disse ainda que estar\u00e1 neste m\u00eas de novembro realizando audi\u00eancias p\u00fablicas nas comunidades rurais e na sede para discutir e produzir a pe\u00e7a or\u00e7ament\u00e1ria de 2018 e j\u00e1 planejar a\u00e7\u00f5es e parcerias para o tri\u00eanio 2018\/2020.","og_url":"https:\/\/noticiasemdestaque.com\/cd\/?p=5654","og_site_name":"Not&iacute;cias em Destaque","article_published_time":"2017-10-31T10:34:52+00:00","og_image":[{"width":1032,"height":581,"url":"https:\/\/noticiasemdestaque.com\/cd\/wp-content\/uploads\/2017\/10\/jefferson_sbfm.jpg","type":"image\/jpeg"}],"author":"Not\u00edcias em Destaque","twitter_card":"summary_large_image","twitter_misc":{"Escrito por":"Not\u00edcias em Destaque","Est. tempo de leitura":"3 minutos"},"schema":{"@context":"https:\/\/schema.org","@graph":[{"@type":"Article","@id":"https:\/\/noticiasemdestaque.com\/cd\/?p=5654#article","isPartOf":{"@id":"https:\/\/noticiasemdestaque.com\/cd\/?p=5654"},"author":{"name":"Not\u00edcias em Destaque","@id":"https:\/\/noticiasemdestaque.com\/cd\/#\/schema\/person\/21320b03a7e8bb90128938dafc9b908a"},"headline":"Jefferson Roberto rebate cr\u00edticas da oposi\u00e7\u00e3o e os desafia a provar aluguel de ca\u00e7amba","datePublished":"2017-10-31T10:34:52+00:00","mainEntityOfPage":{"@id":"https:\/\/noticiasemdestaque.com\/cd\/?p=5654"},"wordCount":691,"publisher":{"@id":"https:\/\/noticiasemdestaque.com\/cd\/#organization"},"image":{"@id":"https:\/\/noticiasemdestaque.com\/cd\/?p=5654#primaryimage"},"thumbnailUrl":"https:\/\/noticiasemdestaque.com\/cd\/wp-content\/uploads\/2017\/10\/jefferson_sbfm.jpg","articleSection":["Pol\u00edtica"],"inLanguage":"pt-BR"},{"@type":"WebPage","@id":"https:\/\/noticiasemdestaque.com\/cd\/?p=5654","url":"https:\/\/noticiasemdestaque.com\/cd\/?p=5654","name":"Jefferson Roberto rebate cr\u00edticas da oposi\u00e7\u00e3o e os desafia a provar aluguel de ca\u00e7amba - Not&iacute;cias em Destaque","isPartOf":{"@id":"https:\/\/noticiasemdestaque.com\/cd\/#website"},"primaryImageOfPage":{"@id":"https:\/\/noticiasemdestaque.com\/cd\/?p=5654#primaryimage"},"image":{"@id":"https:\/\/noticiasemdestaque.com\/cd\/?p=5654#primaryimage"},"thumbnailUrl":"https:\/\/noticiasemdestaque.com\/cd\/wp-content\/uploads\/2017\/10\/jefferson_sbfm.jpg","datePublished":"2017-10-31T10:34:52+00:00","breadcrumb":{"@id":"https:\/\/noticiasemdestaque.com\/cd\/?p=5654#breadcrumb"},"inLanguage":"pt-BR","potentialAction":[{"@type":"ReadAction","target":["https:\/\/noticiasemdestaque.com\/cd\/?p=5654"]}]},{"@type":"ImageObject","inLanguage":"pt-BR","@id":"https:\/\/noticiasemdestaque.com\/cd\/?p=5654#primaryimage","url":"https:\/\/noticiasemdestaque.com\/cd\/wp-content\/uploads\/2017\/10\/jefferson_sbfm.jpg","contentUrl":"https:\/\/noticiasemdestaque.com\/cd\/wp-content\/uploads\/2017\/10\/jefferson_sbfm.jpg","width":1032,"height":581},{"@type":"BreadcrumbList","@id":"https:\/\/noticiasemdestaque.com\/cd\/?p=5654#breadcrumb","itemListElement":[{"@type":"ListItem","position":1,"name":"In\u00edcio","item":"https:\/\/noticiasemdestaque.com\/cd\/"},{"@type":"ListItem","position":2,"name":"Jefferson Roberto rebate cr\u00edticas da oposi\u00e7\u00e3o e os desafia a provar aluguel de ca\u00e7amba"}]},{"@type":"WebSite","@id":"https:\/\/noticiasemdestaque.com\/cd\/#website","url":"https:\/\/noticiasemdestaque.com\/cd\/","name":"Not&iacute;cias em Destaque","description":"","publisher":{"@id":"https:\/\/noticiasemdestaque.com\/cd\/#organization"},"potentialAction":[{"@type":"SearchAction","target":{"@type":"EntryPoint","urlTemplate":"https:\/\/noticiasemdestaque.com\/cd\/?s={search_term_string}"},"query-input":{"@type":"PropertyValueSpecification","valueRequired":true,"valueName":"search_term_string"}}],"inLanguage":"pt-BR"},{"@type":"Organization","@id":"https:\/\/noticiasemdestaque.com\/cd\/#organization","name":"Not\u00edcias em Destaque","url":"https:\/\/noticiasemdestaque.com\/cd\/","logo":{"@type":"ImageObject","inLanguage":"pt-BR","@id":"https:\/\/noticiasemdestaque.com\/cd\/#\/schema\/logo\/image\/","url":"https:\/\/noticiasemdestaque.com\/cd\/wp-content\/uploads\/2022\/05\/imagem-base-noticiasemdestaque.png","contentUrl":"https:\/\/noticiasemdestaque.com\/cd\/wp-content\/uploads\/2022\/05\/imagem-base-noticiasemdestaque.png","width":1200,"height":630,"caption":"Not\u00edcias em Destaque"},"image":{"@id":"https:\/\/noticiasemdestaque.com\/cd\/#\/schema\/logo\/image\/"}},{"@type":"Person","@id":"https:\/\/noticiasemdestaque.com\/cd\/#\/schema\/person\/21320b03a7e8bb90128938dafc9b908a","name":"Not\u00edcias em Destaque","url":"https:\/\/noticiasemdestaque.com\/cd\/?author=2"}]}},"jetpack_featured_media_url":"https:\/\/noticiasemdestaque.com\/cd\/wp-content\/uploads\/2017\/10\/jefferson_sbfm.jpg","jetpack_sharing_enabled":true,"_links":{"self":[{"href":"https:\/\/noticiasemdestaque.com\/cd\/index.php?rest_route=\/wp\/v2\/posts\/5654","targetHints":{"allow":["GET"]}}],"collection":[{"href":"https:\/\/noticiasemdestaque.com\/cd\/index.php?rest_route=\/wp\/v2\/posts"}],"about":[{"href":"https:\/\/noticiasemdestaque.com\/cd\/index.php?rest_route=\/wp\/v2\/types\/post"}],"author":[{"embeddable":true,"href":"https:\/\/noticiasemdestaque.com\/cd\/index.php?rest_route=\/wp\/v2\/users\/2"}],"replies":[{"embeddable":true,"href":"https:\/\/noticiasemdestaque.com\/cd\/index.php?rest_route=%2Fwp%2Fv2%2Fcomments&post=5654"}],"version-history":[{"count":1,"href":"https:\/\/noticiasemdestaque.com\/cd\/index.php?rest_route=\/wp\/v2\/posts\/5654\/revisions"}],"predecessor-version":[{"id":5656,"href":"https:\/\/noticiasemdestaque.com\/cd\/index.php?rest_route=\/wp\/v2\/posts\/5654\/revisions\/5656"}],"wp:featuredmedia":[{"embeddable":true,"href":"https:\/\/noticiasemdestaque.com\/cd\/index.php?rest_route=\/wp\/v2\/media\/5655"}],"wp:attachment":[{"href":"https:\/\/noticiasemdestaque.com\/cd\/index.php?rest_route=%2Fwp%2Fv2%2Fmedia&parent=5654"}],"wp:term":[{"taxonomy":"category","embeddable":true,"href":"https:\/\/noticiasemdestaque.com\/cd\/index.php?rest_route=%2Fwp%2Fv2%2Fcategories&post=5654"},{"taxonomy":"post_tag","embeddable":true,"href":"https:\/\/noticiasemdestaque.com\/cd\/index.php?rest_route=%2Fwp%2Fv2%2Ftags&post=5654"}],"curies":[{"name":"wp","href":"https:\/\/api.w.org\/{rel}","templated":true}]}}