{"id":5639,"date":"2017-10-30T20:20:58","date_gmt":"2017-10-30T23:20:58","guid":{"rendered":"http:\/\/caririemdestaque.com\/cd\/?p=5639"},"modified":"2017-10-30T20:20:58","modified_gmt":"2017-10-30T23:20:58","slug":"governo-reduz-para-r-965-previsao-do-valor-do-salario-minimo-em-2018","status":"publish","type":"post","link":"https:\/\/noticiasemdestaque.com\/cd\/?p=5639","title":{"rendered":"Governo reduz para R$ 965 previs\u00e3o do valor do sal\u00e1rio m\u00ednimo em 2018"},"content":{"rendered":"<p><a href=\"http:\/\/caririemdestaque.com\/cd\/wp-content\/uploads\/2017\/10\/raimundo.jpg\"><img decoding=\"async\" class=\"size-thumbnail wp-image-5640 alignleft\" src=\"http:\/\/caririemdestaque.com\/cd\/wp-content\/uploads\/2017\/10\/raimundo-150x150.jpg\" alt=\"\" width=\"150\" height=\"150\" \/><\/a>O governo Temer reduziu de R$ 969 para R$ 965 a previs\u00e3o do valor do sal\u00e1rio m\u00ednimo para 2018. O an\u00fancio foi feito nesta segunda-feira (30) pelo Minist\u00e9rio do Planejamento, durante a apresenta\u00e7\u00e3o de mensagem modificada da proposta de or\u00e7amento.<\/p>\n<p>O valor definitivo do sal\u00e1rio, por\u00e9m, ser\u00e1 fixado apenas em janeiro conforme manda a lei. Atualmente, o sal\u00e1rio m\u00ednimo \u00e9 de R$ 937.<\/p>\n<p>\u201cEsse n\u00e3o \u00e9 o valor que est\u00e1 sendo definido, mas uma proje\u00e7\u00e3o para fins or\u00e7ament\u00e1rios. O valor ser\u00e1 fixado apenas em janeiro, como determina a lei, com a publica\u00e7\u00e3o de um decreto. \u00c9 uma estimativa com base na estimativa da infla\u00e7\u00e3o\u201d, explicou o ministro do Planejamento, Dyogo de Oliveira.<\/p>\n<p>De acordo com mandat\u00e1rio da pasta, o valor menor ocorre devido a redu\u00e7\u00e3o da previs\u00e3o do INPC (\u00cdndice Nacional de Pre\u00e7os ao Consumidor).<\/p>\n<p>Esta \u00e9 a segunda vez no ano que o governo reduz a previs\u00e3o do sal\u00e1rio m\u00ednimo para o ano que vem. Em agosto, a gest\u00e3o do peemedebista j\u00e1 havia recuado do valor de R$ 979 para 2018 prometido na LDO (Lei de Diretrizes Or\u00e7ament\u00e1rias) para o valor de R$ 969.<\/p>\n<p>Por lei, at\u00e9 2019, o sal\u00e1rio m\u00ednimo \u00e9 definido com base no crescimento da economia de dois anos antes mais a infla\u00e7\u00e3o pelo INPC (\u00cdndice Nacional de Pre\u00e7os ao Consumidor), \u00edndice pr\u00f3ximo ao IPCA. Como o PIB recuou 3,6% em 2016, a varia\u00e7\u00e3o negativa n\u00e3o se refletir\u00e1 no sal\u00e1rio m\u00ednimo de 2018<\/p>\n<p><em><strong>Cariri em Destaque<\/strong><\/em><\/p>\n<p>Com R7<\/p>\n","protected":false},"excerpt":{"rendered":"<p>O governo Temer reduziu de R$ 969 para R$ 965 a previs\u00e3o do valor do sal\u00e1rio m\u00ednimo para 2018. O an\u00fancio foi feito nesta segunda-feira (30) pelo Minist\u00e9rio do Planejamento, durante a apresenta\u00e7\u00e3o de mensagem modificada da proposta de or\u00e7amento. O valor definitivo do sal\u00e1rio, por\u00e9m, ser\u00e1 fixado apenas em janeiro conforme manda a lei. Atualmente, o sal\u00e1rio m\u00ednimo \u00e9 de R$ 937. \u201cEsse n\u00e3o \u00e9 o valor que est\u00e1 sendo definido, mas uma proje\u00e7\u00e3o para fins or\u00e7ament\u00e1rios. O valor ser\u00e1 fixado apenas em janeiro, como determina a lei, com a publica\u00e7\u00e3o de um decreto. \u00c9 uma estimativa com base na estimativa da infla\u00e7\u00e3o\u201d, explicou o ministro do Planejamento, Dyogo de Oliveira. De acordo com mandat\u00e1rio da pasta, o valor menor ocorre devido a redu\u00e7\u00e3o da previs\u00e3o do INPC (\u00cdndice Nacional de Pre\u00e7os ao Consumidor). Esta \u00e9 a segunda vez no ano que o governo reduz a previs\u00e3o do sal\u00e1rio m\u00ednimo para o ano que vem. Em agosto, a gest\u00e3o do peemedebista j\u00e1 havia recuado do valor de R$ 979 para 2018 prometido na LDO (Lei de Diretrizes Or\u00e7ament\u00e1rias) para o valor de R$ 969. Por lei, at\u00e9 2019, o sal\u00e1rio m\u00ednimo \u00e9 definido com base no crescimento da economia de dois anos antes mais a infla\u00e7\u00e3o pelo INPC (\u00cdndice Nacional de Pre\u00e7os ao Consumidor), \u00edndice pr\u00f3ximo ao IPCA. Como o PIB recuou 3,6% em 2016, a varia\u00e7\u00e3o negativa n\u00e3o se refletir\u00e1 no sal\u00e1rio m\u00ednimo de 2018 Cariri em Destaque Com R7<\/p>\n","protected":false},"author":2,"featured_media":5640,"comment_status":"closed","ping_status":"open","sticky":false,"template":"","format":"standard","meta":{"_eb_attr":"","_jetpack_memberships_contains_paid_content":false,"footnotes":""},"categories":[6],"tags":[],"class_list":["post-5639","post","type-post","status-publish","format-standard","has-post-thumbnail","hentry","category-educacao"],"yoast_head":"<!-- This site is optimized with the Yoast SEO plugin v26.5 - https:\/\/yoast.com\/wordpress\/plugins\/seo\/ -->\n<title>Governo reduz para R$ 965 previs\u00e3o do valor do sal\u00e1rio m\u00ednimo em 2018 - Not&iacute;cias em Destaque<\/title>\n<meta name=\"robots\" content=\"index, follow, max-snippet:-1, max-image-preview:large, max-video-preview:-1\" \/>\n<link rel=\"canonical\" href=\"https:\/\/noticiasemdestaque.com\/cd\/?p=5639\" \/>\n<meta property=\"og:locale\" content=\"pt_BR\" \/>\n<meta property=\"og:type\" content=\"article\" \/>\n<meta property=\"og:title\" content=\"Governo reduz para R$ 965 previs\u00e3o do valor do sal\u00e1rio m\u00ednimo em 2018 - Not&iacute;cias em Destaque\" \/>\n<meta property=\"og:description\" content=\"O governo Temer reduziu de R$ 969 para R$ 965 a previs\u00e3o do valor do sal\u00e1rio m\u00ednimo para 2018. O an\u00fancio foi feito nesta segunda-feira (30) pelo Minist\u00e9rio do Planejamento, durante a apresenta\u00e7\u00e3o de mensagem modificada da proposta de or\u00e7amento. O valor definitivo do sal\u00e1rio, por\u00e9m, ser\u00e1 fixado apenas em janeiro conforme manda a lei. Atualmente, o sal\u00e1rio m\u00ednimo \u00e9 de R$ 937. \u201cEsse n\u00e3o \u00e9 o valor que est\u00e1 sendo definido, mas uma proje\u00e7\u00e3o para fins or\u00e7ament\u00e1rios. O valor ser\u00e1 fixado apenas em janeiro, como determina a lei, com a publica\u00e7\u00e3o de um decreto. \u00c9 uma estimativa com base na estimativa da infla\u00e7\u00e3o\u201d, explicou o ministro do Planejamento, Dyogo de Oliveira. De acordo com mandat\u00e1rio da pasta, o valor menor ocorre devido a redu\u00e7\u00e3o da previs\u00e3o do INPC (\u00cdndice Nacional de Pre\u00e7os ao Consumidor). Esta \u00e9 a segunda vez no ano que o governo reduz a previs\u00e3o do sal\u00e1rio m\u00ednimo para o ano que vem. Em agosto, a gest\u00e3o do peemedebista j\u00e1 havia recuado do valor de R$ 979 para 2018 prometido na LDO (Lei de Diretrizes Or\u00e7ament\u00e1rias) para o valor de R$ 969. Por lei, at\u00e9 2019, o sal\u00e1rio m\u00ednimo \u00e9 definido com base no crescimento da economia de dois anos antes mais a infla\u00e7\u00e3o pelo INPC (\u00cdndice Nacional de Pre\u00e7os ao Consumidor), \u00edndice pr\u00f3ximo ao IPCA. Como o PIB recuou 3,6% em 2016, a varia\u00e7\u00e3o negativa n\u00e3o se refletir\u00e1 no sal\u00e1rio m\u00ednimo de 2018 Cariri em Destaque Com R7\" \/>\n<meta property=\"og:url\" content=\"https:\/\/noticiasemdestaque.com\/cd\/?p=5639\" \/>\n<meta property=\"og:site_name\" content=\"Not&iacute;cias em Destaque\" \/>\n<meta property=\"article:published_time\" content=\"2017-10-30T23:20:58+00:00\" \/>\n<meta property=\"og:image\" content=\"https:\/\/noticiasemdestaque.com\/cd\/wp-content\/uploads\/2017\/10\/raimundo.jpg\" \/>\n\t<meta property=\"og:image:width\" content=\"567\" \/>\n\t<meta property=\"og:image:height\" content=\"384\" \/>\n\t<meta property=\"og:image:type\" content=\"image\/jpeg\" \/>\n<meta name=\"author\" content=\"Not\u00edcias em Destaque\" \/>\n<meta name=\"twitter:card\" content=\"summary_large_image\" \/>\n<meta name=\"twitter:label1\" content=\"Escrito por\" \/>\n\t<meta name=\"twitter:data1\" content=\"Not\u00edcias em Destaque\" \/>\n\t<meta name=\"twitter:label2\" content=\"Est. tempo de leitura\" \/>\n\t<meta name=\"twitter:data2\" content=\"1 minuto\" \/>\n<script type=\"application\/ld+json\" class=\"yoast-schema-graph\">{\"@context\":\"https:\/\/schema.org\",\"@graph\":[{\"@type\":\"Article\",\"@id\":\"https:\/\/noticiasemdestaque.com\/cd\/?p=5639#article\",\"isPartOf\":{\"@id\":\"https:\/\/noticiasemdestaque.com\/cd\/?p=5639\"},\"author\":{\"name\":\"Not\u00edcias em Destaque\",\"@id\":\"https:\/\/noticiasemdestaque.com\/cd\/#\/schema\/person\/21320b03a7e8bb90128938dafc9b908a\"},\"headline\":\"Governo reduz para R$ 965 previs\u00e3o do valor do sal\u00e1rio m\u00ednimo em 2018\",\"datePublished\":\"2017-10-30T23:20:58+00:00\",\"mainEntityOfPage\":{\"@id\":\"https:\/\/noticiasemdestaque.com\/cd\/?p=5639\"},\"wordCount\":275,\"publisher\":{\"@id\":\"https:\/\/noticiasemdestaque.com\/cd\/#organization\"},\"image\":{\"@id\":\"https:\/\/noticiasemdestaque.com\/cd\/?p=5639#primaryimage\"},\"thumbnailUrl\":\"https:\/\/noticiasemdestaque.com\/cd\/wp-content\/uploads\/2017\/10\/raimundo.jpg\",\"articleSection\":[\"Educa\u00e7\u00e3o\"],\"inLanguage\":\"pt-BR\"},{\"@type\":\"WebPage\",\"@id\":\"https:\/\/noticiasemdestaque.com\/cd\/?p=5639\",\"url\":\"https:\/\/noticiasemdestaque.com\/cd\/?p=5639\",\"name\":\"Governo reduz para R$ 965 previs\u00e3o do valor do sal\u00e1rio m\u00ednimo em 2018 - Not&iacute;cias em Destaque\",\"isPartOf\":{\"@id\":\"https:\/\/noticiasemdestaque.com\/cd\/#website\"},\"primaryImageOfPage\":{\"@id\":\"https:\/\/noticiasemdestaque.com\/cd\/?p=5639#primaryimage\"},\"image\":{\"@id\":\"https:\/\/noticiasemdestaque.com\/cd\/?p=5639#primaryimage\"},\"thumbnailUrl\":\"https:\/\/noticiasemdestaque.com\/cd\/wp-content\/uploads\/2017\/10\/raimundo.jpg\",\"datePublished\":\"2017-10-30T23:20:58+00:00\",\"breadcrumb\":{\"@id\":\"https:\/\/noticiasemdestaque.com\/cd\/?p=5639#breadcrumb\"},\"inLanguage\":\"pt-BR\",\"potentialAction\":[{\"@type\":\"ReadAction\",\"target\":[\"https:\/\/noticiasemdestaque.com\/cd\/?p=5639\"]}]},{\"@type\":\"ImageObject\",\"inLanguage\":\"pt-BR\",\"@id\":\"https:\/\/noticiasemdestaque.com\/cd\/?p=5639#primaryimage\",\"url\":\"https:\/\/noticiasemdestaque.com\/cd\/wp-content\/uploads\/2017\/10\/raimundo.jpg\",\"contentUrl\":\"https:\/\/noticiasemdestaque.com\/cd\/wp-content\/uploads\/2017\/10\/raimundo.jpg\",\"width\":567,\"height\":384},{\"@type\":\"BreadcrumbList\",\"@id\":\"https:\/\/noticiasemdestaque.com\/cd\/?p=5639#breadcrumb\",\"itemListElement\":[{\"@type\":\"ListItem\",\"position\":1,\"name\":\"In\u00edcio\",\"item\":\"https:\/\/noticiasemdestaque.com\/cd\/\"},{\"@type\":\"ListItem\",\"position\":2,\"name\":\"Governo reduz para R$ 965 previs\u00e3o do valor do sal\u00e1rio m\u00ednimo em 2018\"}]},{\"@type\":\"WebSite\",\"@id\":\"https:\/\/noticiasemdestaque.com\/cd\/#website\",\"url\":\"https:\/\/noticiasemdestaque.com\/cd\/\",\"name\":\"Not&iacute;cias em Destaque\",\"description\":\"\",\"publisher\":{\"@id\":\"https:\/\/noticiasemdestaque.com\/cd\/#organization\"},\"potentialAction\":[{\"@type\":\"SearchAction\",\"target\":{\"@type\":\"EntryPoint\",\"urlTemplate\":\"https:\/\/noticiasemdestaque.com\/cd\/?s={search_term_string}\"},\"query-input\":{\"@type\":\"PropertyValueSpecification\",\"valueRequired\":true,\"valueName\":\"search_term_string\"}}],\"inLanguage\":\"pt-BR\"},{\"@type\":\"Organization\",\"@id\":\"https:\/\/noticiasemdestaque.com\/cd\/#organization\",\"name\":\"Not\u00edcias em Destaque\",\"url\":\"https:\/\/noticiasemdestaque.com\/cd\/\",\"logo\":{\"@type\":\"ImageObject\",\"inLanguage\":\"pt-BR\",\"@id\":\"https:\/\/noticiasemdestaque.com\/cd\/#\/schema\/logo\/image\/\",\"url\":\"https:\/\/noticiasemdestaque.com\/cd\/wp-content\/uploads\/2022\/05\/imagem-base-noticiasemdestaque.png\",\"contentUrl\":\"https:\/\/noticiasemdestaque.com\/cd\/wp-content\/uploads\/2022\/05\/imagem-base-noticiasemdestaque.png\",\"width\":1200,\"height\":630,\"caption\":\"Not\u00edcias em Destaque\"},\"image\":{\"@id\":\"https:\/\/noticiasemdestaque.com\/cd\/#\/schema\/logo\/image\/\"}},{\"@type\":\"Person\",\"@id\":\"https:\/\/noticiasemdestaque.com\/cd\/#\/schema\/person\/21320b03a7e8bb90128938dafc9b908a\",\"name\":\"Not\u00edcias em Destaque\",\"url\":\"https:\/\/noticiasemdestaque.com\/cd\/?author=2\"}]}<\/script>\n<!-- \/ Yoast SEO plugin. -->","yoast_head_json":{"title":"Governo reduz para R$ 965 previs\u00e3o do valor do sal\u00e1rio m\u00ednimo em 2018 - Not&iacute;cias em Destaque","robots":{"index":"index","follow":"follow","max-snippet":"max-snippet:-1","max-image-preview":"max-image-preview:large","max-video-preview":"max-video-preview:-1"},"canonical":"https:\/\/noticiasemdestaque.com\/cd\/?p=5639","og_locale":"pt_BR","og_type":"article","og_title":"Governo reduz para R$ 965 previs\u00e3o do valor do sal\u00e1rio m\u00ednimo em 2018 - Not&iacute;cias em Destaque","og_description":"O governo Temer reduziu de R$ 969 para R$ 965 a previs\u00e3o do valor do sal\u00e1rio m\u00ednimo para 2018. O an\u00fancio foi feito nesta segunda-feira (30) pelo Minist\u00e9rio do Planejamento, durante a apresenta\u00e7\u00e3o de mensagem modificada da proposta de or\u00e7amento. O valor definitivo do sal\u00e1rio, por\u00e9m, ser\u00e1 fixado apenas em janeiro conforme manda a lei. Atualmente, o sal\u00e1rio m\u00ednimo \u00e9 de R$ 937. \u201cEsse n\u00e3o \u00e9 o valor que est\u00e1 sendo definido, mas uma proje\u00e7\u00e3o para fins or\u00e7ament\u00e1rios. O valor ser\u00e1 fixado apenas em janeiro, como determina a lei, com a publica\u00e7\u00e3o de um decreto. \u00c9 uma estimativa com base na estimativa da infla\u00e7\u00e3o\u201d, explicou o ministro do Planejamento, Dyogo de Oliveira. De acordo com mandat\u00e1rio da pasta, o valor menor ocorre devido a redu\u00e7\u00e3o da previs\u00e3o do INPC (\u00cdndice Nacional de Pre\u00e7os ao Consumidor). Esta \u00e9 a segunda vez no ano que o governo reduz a previs\u00e3o do sal\u00e1rio m\u00ednimo para o ano que vem. Em agosto, a gest\u00e3o do peemedebista j\u00e1 havia recuado do valor de R$ 979 para 2018 prometido na LDO (Lei de Diretrizes Or\u00e7ament\u00e1rias) para o valor de R$ 969. Por lei, at\u00e9 2019, o sal\u00e1rio m\u00ednimo \u00e9 definido com base no crescimento da economia de dois anos antes mais a infla\u00e7\u00e3o pelo INPC (\u00cdndice Nacional de Pre\u00e7os ao Consumidor), \u00edndice pr\u00f3ximo ao IPCA. Como o PIB recuou 3,6% em 2016, a varia\u00e7\u00e3o negativa n\u00e3o se refletir\u00e1 no sal\u00e1rio m\u00ednimo de 2018 Cariri em Destaque Com R7","og_url":"https:\/\/noticiasemdestaque.com\/cd\/?p=5639","og_site_name":"Not&iacute;cias em Destaque","article_published_time":"2017-10-30T23:20:58+00:00","og_image":[{"width":567,"height":384,"url":"https:\/\/noticiasemdestaque.com\/cd\/wp-content\/uploads\/2017\/10\/raimundo.jpg","type":"image\/jpeg"}],"author":"Not\u00edcias em Destaque","twitter_card":"summary_large_image","twitter_misc":{"Escrito por":"Not\u00edcias em Destaque","Est. tempo de leitura":"1 minuto"},"schema":{"@context":"https:\/\/schema.org","@graph":[{"@type":"Article","@id":"https:\/\/noticiasemdestaque.com\/cd\/?p=5639#article","isPartOf":{"@id":"https:\/\/noticiasemdestaque.com\/cd\/?p=5639"},"author":{"name":"Not\u00edcias em Destaque","@id":"https:\/\/noticiasemdestaque.com\/cd\/#\/schema\/person\/21320b03a7e8bb90128938dafc9b908a"},"headline":"Governo reduz para R$ 965 previs\u00e3o do valor do sal\u00e1rio m\u00ednimo em 2018","datePublished":"2017-10-30T23:20:58+00:00","mainEntityOfPage":{"@id":"https:\/\/noticiasemdestaque.com\/cd\/?p=5639"},"wordCount":275,"publisher":{"@id":"https:\/\/noticiasemdestaque.com\/cd\/#organization"},"image":{"@id":"https:\/\/noticiasemdestaque.com\/cd\/?p=5639#primaryimage"},"thumbnailUrl":"https:\/\/noticiasemdestaque.com\/cd\/wp-content\/uploads\/2017\/10\/raimundo.jpg","articleSection":["Educa\u00e7\u00e3o"],"inLanguage":"pt-BR"},{"@type":"WebPage","@id":"https:\/\/noticiasemdestaque.com\/cd\/?p=5639","url":"https:\/\/noticiasemdestaque.com\/cd\/?p=5639","name":"Governo reduz para R$ 965 previs\u00e3o do valor do sal\u00e1rio m\u00ednimo em 2018 - Not&iacute;cias em Destaque","isPartOf":{"@id":"https:\/\/noticiasemdestaque.com\/cd\/#website"},"primaryImageOfPage":{"@id":"https:\/\/noticiasemdestaque.com\/cd\/?p=5639#primaryimage"},"image":{"@id":"https:\/\/noticiasemdestaque.com\/cd\/?p=5639#primaryimage"},"thumbnailUrl":"https:\/\/noticiasemdestaque.com\/cd\/wp-content\/uploads\/2017\/10\/raimundo.jpg","datePublished":"2017-10-30T23:20:58+00:00","breadcrumb":{"@id":"https:\/\/noticiasemdestaque.com\/cd\/?p=5639#breadcrumb"},"inLanguage":"pt-BR","potentialAction":[{"@type":"ReadAction","target":["https:\/\/noticiasemdestaque.com\/cd\/?p=5639"]}]},{"@type":"ImageObject","inLanguage":"pt-BR","@id":"https:\/\/noticiasemdestaque.com\/cd\/?p=5639#primaryimage","url":"https:\/\/noticiasemdestaque.com\/cd\/wp-content\/uploads\/2017\/10\/raimundo.jpg","contentUrl":"https:\/\/noticiasemdestaque.com\/cd\/wp-content\/uploads\/2017\/10\/raimundo.jpg","width":567,"height":384},{"@type":"BreadcrumbList","@id":"https:\/\/noticiasemdestaque.com\/cd\/?p=5639#breadcrumb","itemListElement":[{"@type":"ListItem","position":1,"name":"In\u00edcio","item":"https:\/\/noticiasemdestaque.com\/cd\/"},{"@type":"ListItem","position":2,"name":"Governo reduz para R$ 965 previs\u00e3o do valor do sal\u00e1rio m\u00ednimo em 2018"}]},{"@type":"WebSite","@id":"https:\/\/noticiasemdestaque.com\/cd\/#website","url":"https:\/\/noticiasemdestaque.com\/cd\/","name":"Not&iacute;cias em Destaque","description":"","publisher":{"@id":"https:\/\/noticiasemdestaque.com\/cd\/#organization"},"potentialAction":[{"@type":"SearchAction","target":{"@type":"EntryPoint","urlTemplate":"https:\/\/noticiasemdestaque.com\/cd\/?s={search_term_string}"},"query-input":{"@type":"PropertyValueSpecification","valueRequired":true,"valueName":"search_term_string"}}],"inLanguage":"pt-BR"},{"@type":"Organization","@id":"https:\/\/noticiasemdestaque.com\/cd\/#organization","name":"Not\u00edcias em Destaque","url":"https:\/\/noticiasemdestaque.com\/cd\/","logo":{"@type":"ImageObject","inLanguage":"pt-BR","@id":"https:\/\/noticiasemdestaque.com\/cd\/#\/schema\/logo\/image\/","url":"https:\/\/noticiasemdestaque.com\/cd\/wp-content\/uploads\/2022\/05\/imagem-base-noticiasemdestaque.png","contentUrl":"https:\/\/noticiasemdestaque.com\/cd\/wp-content\/uploads\/2022\/05\/imagem-base-noticiasemdestaque.png","width":1200,"height":630,"caption":"Not\u00edcias em Destaque"},"image":{"@id":"https:\/\/noticiasemdestaque.com\/cd\/#\/schema\/logo\/image\/"}},{"@type":"Person","@id":"https:\/\/noticiasemdestaque.com\/cd\/#\/schema\/person\/21320b03a7e8bb90128938dafc9b908a","name":"Not\u00edcias em Destaque","url":"https:\/\/noticiasemdestaque.com\/cd\/?author=2"}]}},"jetpack_featured_media_url":"https:\/\/noticiasemdestaque.com\/cd\/wp-content\/uploads\/2017\/10\/raimundo.jpg","jetpack_sharing_enabled":true,"_links":{"self":[{"href":"https:\/\/noticiasemdestaque.com\/cd\/index.php?rest_route=\/wp\/v2\/posts\/5639","targetHints":{"allow":["GET"]}}],"collection":[{"href":"https:\/\/noticiasemdestaque.com\/cd\/index.php?rest_route=\/wp\/v2\/posts"}],"about":[{"href":"https:\/\/noticiasemdestaque.com\/cd\/index.php?rest_route=\/wp\/v2\/types\/post"}],"author":[{"embeddable":true,"href":"https:\/\/noticiasemdestaque.com\/cd\/index.php?rest_route=\/wp\/v2\/users\/2"}],"replies":[{"embeddable":true,"href":"https:\/\/noticiasemdestaque.com\/cd\/index.php?rest_route=%2Fwp%2Fv2%2Fcomments&post=5639"}],"version-history":[{"count":1,"href":"https:\/\/noticiasemdestaque.com\/cd\/index.php?rest_route=\/wp\/v2\/posts\/5639\/revisions"}],"predecessor-version":[{"id":5641,"href":"https:\/\/noticiasemdestaque.com\/cd\/index.php?rest_route=\/wp\/v2\/posts\/5639\/revisions\/5641"}],"wp:featuredmedia":[{"embeddable":true,"href":"https:\/\/noticiasemdestaque.com\/cd\/index.php?rest_route=\/wp\/v2\/media\/5640"}],"wp:attachment":[{"href":"https:\/\/noticiasemdestaque.com\/cd\/index.php?rest_route=%2Fwp%2Fv2%2Fmedia&parent=5639"}],"wp:term":[{"taxonomy":"category","embeddable":true,"href":"https:\/\/noticiasemdestaque.com\/cd\/index.php?rest_route=%2Fwp%2Fv2%2Fcategories&post=5639"},{"taxonomy":"post_tag","embeddable":true,"href":"https:\/\/noticiasemdestaque.com\/cd\/index.php?rest_route=%2Fwp%2Fv2%2Ftags&post=5639"}],"curies":[{"name":"wp","href":"https:\/\/api.w.org\/{rel}","templated":true}]}}