{"id":560,"date":"2017-06-15T12:48:40","date_gmt":"2017-06-15T15:48:40","guid":{"rendered":"http:\/\/caririemdestaque.com\/cd\/?p=560"},"modified":"2017-06-15T12:48:40","modified_gmt":"2017-06-15T15:48:40","slug":"confira-o-calendario-das-quadrilhas-juninas-do-sao-joao-de-sume-2017","status":"publish","type":"post","link":"https:\/\/noticiasemdestaque.com\/cd\/?p=560","title":{"rendered":"CONFIRA O CALEND\u00c1RIO DAS QUADRILHAS JUNINAS DO S\u00c3O JO\u00c3O DE SUM\u00c9 2017"},"content":{"rendered":"<p><a href=\"http:\/\/caririemdestaque.com\/cd\/wp-content\/uploads\/2017\/06\/Maryanne-640x360.jpg\"><img fetchpriority=\"high\" decoding=\"async\" class=\"size-medium wp-image-561 alignleft\" src=\"http:\/\/caririemdestaque.com\/cd\/wp-content\/uploads\/2017\/06\/Maryanne-640x360-300x169.jpg\" alt=\"\" width=\"300\" height=\"169\" srcset=\"https:\/\/noticiasemdestaque.com\/cd\/wp-content\/uploads\/2017\/06\/Maryanne-640x360-300x169.jpg 300w, https:\/\/noticiasemdestaque.com\/cd\/wp-content\/uploads\/2017\/06\/Maryanne-640x360.jpg 640w\" sizes=\"(max-width: 300px) 100vw, 300px\" \/><\/a>Nesta sexta-feira (16\/06) iniciar\u00e1 oficialmente o S\u00e3o Jo\u00e3o de Sum\u00e9, com a abertura das barracas, quadrilhas e muito forr\u00f3 p\u00e9 de serra no palco alternativo montado na Arraial Z\u00e9 Marcolino.<\/p>\n<p><strong>Confira a programa\u00e7\u00e3o das quadrilhas: \u00a0\u00a0<\/strong><\/p>\n<p>16\/06 Quadrilha EBDI &#8211; Rua Higino Monteiro<\/p>\n<p>17\/06 Arrai\u00e1 Mercadinho do Galego &#8211; Mercadinho &#8211; o dia todo<\/p>\n<p>17\/06 Se Joga Pintosa- Conjunto Habitacional &#8211; 19h<\/p>\n<p>17\/06 Grupo Alegria de Viver &#8211; Arrai\u00e1 Z\u00e9 Marcolino &#8211; 18h \u00e0s 19h<\/p>\n<p>17\/06 Arraial do Sol (crian\u00e7as) &#8211; Arrai\u00e1 Z\u00e9 Marcolino &#8211; 19h \u00e0s 20h<\/p>\n<p>17\/06 Quadrilha dos Carregados &#8211; Arrai\u00e1 Z\u00e9 Marcolino &#8211; 20h \u00e0s 21h<\/p>\n<p>18\/06 Arrai\u00e1 Flores do Mandacaru &#8211; Arrai\u00e1 Z\u00e9 Marcolino &#8211; 18h \u00e0s 19h<\/p>\n<p>18\/06 Quadrilha Branco Xiliu &#8211; Arrai\u00e1 Z\u00e9 Marcolino &#8211; 19h \u00e0s 20h<\/p>\n<p>18\/06 Rainha da Sucata &#8211; Arrai\u00e1 Z\u00e9 Marcolino &#8211; 20h \u00e0s 21h<\/p>\n<p>18\/06 Arrai\u00e1 dos Marcolinos &#8211; V\u00e1rzea Redonda &#8211; 18h \u00e0s 21h<\/p>\n<p>19\/06 Os Topados &#8211; Arrai\u00e1 Z\u00e9 Marcolino &#8211; 19h \u00e0s 20h<\/p>\n<p>21\/06 Arrai\u00e1 Av\u00edcola Central &#8211; Arrai\u00e1 Z\u00e9 Marcolino &#8211; 20h \u00e0s 21h<\/p>\n<p>22\/06 Arrai\u00e1 das Meninas &#8211; Pra\u00e7a Adolfo Mayer &#8211; 19h \u00e0s 21h<\/p>\n<p>22\/06 Arraial do CDSA &#8211; Arrai\u00e1 Z\u00e9 Marcolino &#8211; 19h \u00e0s 20h<\/p>\n<p>23\/06 Quadrilha das Encomendas &#8211; Arrai\u00e1 Z\u00e9 Marcolino &#8211; 20h \u00e0s 21h<\/p>\n<p>24\/06 Quadrilha da Terceira Idade &#8211; Arrai\u00e1 Z\u00e9 Marcolino &#8211; 19h \u00e0s 20h<\/p>\n<p>25\/06 Quadrilha dos Trocados &#8211; Arrai\u00e1 Z\u00e9 Marcolino &#8211; 20h \u00e0s 21h<\/p>\n<p>29\/06 A Volta da Ro\u00e7a &#8211; Varze\u00e1 Redonda &#8211; 21h \u00e0s 23h<\/p>\n<p>30\/06 Arraial ACUBS &#8211; Conjunto Habitacional &#8211; 19h \u00e0s 20h<\/p>\n<p>01\/07 Arraial da Carna\u00faba &#8211; Carna\u00faba &#8211; 21h \u00e0s 23h<\/p>\n<p>01\/07 Quadrilha dos Jorge &#8211; 16h \u00e0s 23h<\/p>\n<p>01\/07 Quadrilha da Concei\u00e7\u00e3o &#8211; Concei\u00e7\u00e3o<\/p>\n<p>07\/07 Arrai\u00e1 da Seduc<\/p>\n<p>15\/07 Arrai\u00e1 Volta do Rio &#8211; Volta do Rio &#8211; 21h \u00e0s 23h<\/p>\n<p><strong>PROGRAMA\u00c7\u00c3O DE SHOWS NO PALCO PRINCIPAL:\u00a0<\/strong><\/p>\n<p><strong>Dia 21\/06<\/strong><\/p>\n<p>Jorge de Altinho<br \/>\nWalkiria Santos<br \/>\nAdriano Silva<\/p>\n<p><strong>Dia 22\/06<\/strong><\/p>\n<p>Vicente Nery<br \/>\nDelmiro Barros<br \/>\nDejinha Monteiro<\/p>\n<p><strong>Dia 22\/06<\/strong><\/p>\n<p>Forr\u00f3 D2<br \/>\nForr\u00f3 Kent<\/p>\n<p><strong>Dia 24\/06<\/strong><\/p>\n<p>Banda Cascavel<br \/>\nGente Boa<br \/>\nForr\u00f3 da Gente<\/p>\n<p><strong>Cariri em Destaque\u00a0<\/strong><\/p>\n<p>Com Ascom\/PMS<\/p>\n","protected":false},"excerpt":{"rendered":"<p>Nesta sexta-feira (16\/06) iniciar\u00e1 oficialmente o S\u00e3o Jo\u00e3o de Sum\u00e9, com a abertura das barracas, quadrilhas e muito forr\u00f3 p\u00e9 de serra no palco alternativo montado na Arraial Z\u00e9 Marcolino. Confira a programa\u00e7\u00e3o das quadrilhas: \u00a0\u00a0 16\/06 Quadrilha EBDI &#8211; Rua Higino Monteiro 17\/06 Arrai\u00e1 Mercadinho do Galego &#8211; Mercadinho &#8211; o dia todo 17\/06 Se Joga Pintosa- Conjunto Habitacional &#8211; 19h 17\/06 Grupo Alegria de Viver &#8211; Arrai\u00e1 Z\u00e9 Marcolino &#8211; 18h \u00e0s 19h 17\/06 Arraial do Sol (crian\u00e7as) &#8211; Arrai\u00e1 Z\u00e9 Marcolino &#8211; 19h \u00e0s 20h 17\/06 Quadrilha dos Carregados &#8211; Arrai\u00e1 Z\u00e9 Marcolino &#8211; 20h \u00e0s 21h 18\/06 Arrai\u00e1 Flores do Mandacaru &#8211; Arrai\u00e1 Z\u00e9 Marcolino &#8211; 18h \u00e0s 19h 18\/06 Quadrilha Branco Xiliu &#8211; Arrai\u00e1 Z\u00e9 Marcolino &#8211; 19h \u00e0s 20h 18\/06 Rainha da Sucata &#8211; Arrai\u00e1 Z\u00e9 Marcolino &#8211; 20h \u00e0s 21h 18\/06 Arrai\u00e1 dos Marcolinos &#8211; V\u00e1rzea Redonda &#8211; 18h \u00e0s 21h 19\/06 Os Topados &#8211; Arrai\u00e1 Z\u00e9 Marcolino &#8211; 19h \u00e0s 20h 21\/06 Arrai\u00e1 Av\u00edcola Central &#8211; Arrai\u00e1 Z\u00e9 Marcolino &#8211; 20h \u00e0s 21h 22\/06 Arrai\u00e1 das Meninas &#8211; Pra\u00e7a Adolfo Mayer &#8211; 19h \u00e0s 21h 22\/06 Arraial do CDSA &#8211; Arrai\u00e1 Z\u00e9 Marcolino &#8211; 19h \u00e0s 20h 23\/06 Quadrilha das Encomendas &#8211; Arrai\u00e1 Z\u00e9 Marcolino &#8211; 20h \u00e0s 21h 24\/06 Quadrilha da Terceira Idade &#8211; Arrai\u00e1 Z\u00e9 Marcolino &#8211; 19h \u00e0s 20h 25\/06 Quadrilha dos Trocados &#8211; Arrai\u00e1 Z\u00e9 Marcolino &#8211; 20h \u00e0s 21h 29\/06 A Volta da Ro\u00e7a &#8211; Varze\u00e1 Redonda &#8211; 21h \u00e0s 23h 30\/06 Arraial ACUBS &#8211; Conjunto Habitacional &#8211; 19h \u00e0s 20h 01\/07 Arraial da Carna\u00faba &#8211; Carna\u00faba &#8211; 21h \u00e0s 23h 01\/07 Quadrilha dos Jorge &#8211; 16h \u00e0s 23h 01\/07 Quadrilha da Concei\u00e7\u00e3o &#8211; Concei\u00e7\u00e3o 07\/07 Arrai\u00e1 da Seduc 15\/07 Arrai\u00e1 Volta do Rio &#8211; Volta do Rio &#8211; 21h \u00e0s 23h PROGRAMA\u00c7\u00c3O DE SHOWS NO PALCO PRINCIPAL:\u00a0 Dia 21\/06 Jorge de Altinho Walkiria Santos Adriano Silva Dia 22\/06 Vicente Nery Delmiro Barros Dejinha Monteiro Dia 22\/06 Forr\u00f3 D2 Forr\u00f3 Kent Dia 24\/06 Banda Cascavel Gente Boa Forr\u00f3 da Gente Cariri em Destaque\u00a0 Com Ascom\/PMS<\/p>\n","protected":false},"author":2,"featured_media":561,"comment_status":"closed","ping_status":"open","sticky":false,"template":"","format":"standard","meta":{"_eb_attr":"","_jetpack_memberships_contains_paid_content":false,"footnotes":""},"categories":[3],"tags":[],"class_list":["post-560","post","type-post","status-publish","format-standard","has-post-thumbnail","hentry","category-cidades"],"yoast_head":"<!-- This site is optimized with the Yoast SEO plugin v26.5 - https:\/\/yoast.com\/wordpress\/plugins\/seo\/ -->\n<title>CONFIRA O CALEND\u00c1RIO DAS QUADRILHAS JUNINAS DO S\u00c3O JO\u00c3O DE SUM\u00c9 2017 - Not&iacute;cias em Destaque<\/title>\n<meta name=\"robots\" content=\"index, follow, max-snippet:-1, max-image-preview:large, max-video-preview:-1\" \/>\n<link rel=\"canonical\" href=\"https:\/\/noticiasemdestaque.com\/cd\/?p=560\" \/>\n<meta property=\"og:locale\" content=\"pt_BR\" \/>\n<meta property=\"og:type\" content=\"article\" \/>\n<meta property=\"og:title\" content=\"CONFIRA O CALEND\u00c1RIO DAS QUADRILHAS JUNINAS DO S\u00c3O JO\u00c3O DE SUM\u00c9 2017 - Not&iacute;cias em Destaque\" \/>\n<meta property=\"og:description\" content=\"Nesta sexta-feira (16\/06) iniciar\u00e1 oficialmente o S\u00e3o Jo\u00e3o de Sum\u00e9, com a abertura das barracas, quadrilhas e muito forr\u00f3 p\u00e9 de serra no palco alternativo montado na Arraial Z\u00e9 Marcolino. Confira a programa\u00e7\u00e3o das quadrilhas: \u00a0\u00a0 16\/06 Quadrilha EBDI &#8211; Rua Higino Monteiro 17\/06 Arrai\u00e1 Mercadinho do Galego &#8211; Mercadinho &#8211; o dia todo 17\/06 Se Joga Pintosa- Conjunto Habitacional &#8211; 19h 17\/06 Grupo Alegria de Viver &#8211; Arrai\u00e1 Z\u00e9 Marcolino &#8211; 18h \u00e0s 19h 17\/06 Arraial do Sol (crian\u00e7as) &#8211; Arrai\u00e1 Z\u00e9 Marcolino &#8211; 19h \u00e0s 20h 17\/06 Quadrilha dos Carregados &#8211; Arrai\u00e1 Z\u00e9 Marcolino &#8211; 20h \u00e0s 21h 18\/06 Arrai\u00e1 Flores do Mandacaru &#8211; Arrai\u00e1 Z\u00e9 Marcolino &#8211; 18h \u00e0s 19h 18\/06 Quadrilha Branco Xiliu &#8211; Arrai\u00e1 Z\u00e9 Marcolino &#8211; 19h \u00e0s 20h 18\/06 Rainha da Sucata &#8211; Arrai\u00e1 Z\u00e9 Marcolino &#8211; 20h \u00e0s 21h 18\/06 Arrai\u00e1 dos Marcolinos &#8211; V\u00e1rzea Redonda &#8211; 18h \u00e0s 21h 19\/06 Os Topados &#8211; Arrai\u00e1 Z\u00e9 Marcolino &#8211; 19h \u00e0s 20h 21\/06 Arrai\u00e1 Av\u00edcola Central &#8211; Arrai\u00e1 Z\u00e9 Marcolino &#8211; 20h \u00e0s 21h 22\/06 Arrai\u00e1 das Meninas &#8211; Pra\u00e7a Adolfo Mayer &#8211; 19h \u00e0s 21h 22\/06 Arraial do CDSA &#8211; Arrai\u00e1 Z\u00e9 Marcolino &#8211; 19h \u00e0s 20h 23\/06 Quadrilha das Encomendas &#8211; Arrai\u00e1 Z\u00e9 Marcolino &#8211; 20h \u00e0s 21h 24\/06 Quadrilha da Terceira Idade &#8211; Arrai\u00e1 Z\u00e9 Marcolino &#8211; 19h \u00e0s 20h 25\/06 Quadrilha dos Trocados &#8211; Arrai\u00e1 Z\u00e9 Marcolino &#8211; 20h \u00e0s 21h 29\/06 A Volta da Ro\u00e7a &#8211; Varze\u00e1 Redonda &#8211; 21h \u00e0s 23h 30\/06 Arraial ACUBS &#8211; Conjunto Habitacional &#8211; 19h \u00e0s 20h 01\/07 Arraial da Carna\u00faba &#8211; Carna\u00faba &#8211; 21h \u00e0s 23h 01\/07 Quadrilha dos Jorge &#8211; 16h \u00e0s 23h 01\/07 Quadrilha da Concei\u00e7\u00e3o &#8211; Concei\u00e7\u00e3o 07\/07 Arrai\u00e1 da Seduc 15\/07 Arrai\u00e1 Volta do Rio &#8211; Volta do Rio &#8211; 21h \u00e0s 23h PROGRAMA\u00c7\u00c3O DE SHOWS NO PALCO PRINCIPAL:\u00a0 Dia 21\/06 Jorge de Altinho Walkiria Santos Adriano Silva Dia 22\/06 Vicente Nery Delmiro Barros Dejinha Monteiro Dia 22\/06 Forr\u00f3 D2 Forr\u00f3 Kent Dia 24\/06 Banda Cascavel Gente Boa Forr\u00f3 da Gente Cariri em Destaque\u00a0 Com Ascom\/PMS\" \/>\n<meta property=\"og:url\" content=\"https:\/\/noticiasemdestaque.com\/cd\/?p=560\" \/>\n<meta property=\"og:site_name\" content=\"Not&iacute;cias em Destaque\" \/>\n<meta property=\"article:published_time\" content=\"2017-06-15T15:48:40+00:00\" \/>\n<meta property=\"og:image\" content=\"https:\/\/noticiasemdestaque.com\/cd\/wp-content\/uploads\/2017\/06\/Maryanne-640x360.jpg\" \/>\n\t<meta property=\"og:image:width\" content=\"640\" \/>\n\t<meta property=\"og:image:height\" content=\"360\" \/>\n\t<meta property=\"og:image:type\" content=\"image\/jpeg\" \/>\n<meta name=\"author\" content=\"Not\u00edcias em Destaque\" \/>\n<meta name=\"twitter:card\" content=\"summary_large_image\" \/>\n<meta name=\"twitter:label1\" content=\"Escrito por\" \/>\n\t<meta name=\"twitter:data1\" content=\"Not\u00edcias em Destaque\" \/>\n\t<meta name=\"twitter:label2\" content=\"Est. tempo de leitura\" \/>\n\t<meta name=\"twitter:data2\" content=\"2 minutos\" \/>\n<script type=\"application\/ld+json\" class=\"yoast-schema-graph\">{\"@context\":\"https:\/\/schema.org\",\"@graph\":[{\"@type\":\"Article\",\"@id\":\"https:\/\/noticiasemdestaque.com\/cd\/?p=560#article\",\"isPartOf\":{\"@id\":\"https:\/\/noticiasemdestaque.com\/cd\/?p=560\"},\"author\":{\"name\":\"Not\u00edcias em Destaque\",\"@id\":\"https:\/\/noticiasemdestaque.com\/cd\/#\/schema\/person\/47f7d4f55eec17c6b2ca036c5500f6ce\"},\"headline\":\"CONFIRA O CALEND\u00c1RIO DAS QUADRILHAS JUNINAS DO S\u00c3O JO\u00c3O DE SUM\u00c9 2017\",\"datePublished\":\"2017-06-15T15:48:40+00:00\",\"mainEntityOfPage\":{\"@id\":\"https:\/\/noticiasemdestaque.com\/cd\/?p=560\"},\"wordCount\":336,\"publisher\":{\"@id\":\"https:\/\/noticiasemdestaque.com\/cd\/#organization\"},\"image\":{\"@id\":\"https:\/\/noticiasemdestaque.com\/cd\/?p=560#primaryimage\"},\"thumbnailUrl\":\"https:\/\/noticiasemdestaque.com\/cd\/wp-content\/uploads\/2017\/06\/Maryanne-640x360.jpg\",\"articleSection\":[\"Cidades\"],\"inLanguage\":\"pt-BR\"},{\"@type\":\"WebPage\",\"@id\":\"https:\/\/noticiasemdestaque.com\/cd\/?p=560\",\"url\":\"https:\/\/noticiasemdestaque.com\/cd\/?p=560\",\"name\":\"CONFIRA O CALEND\u00c1RIO DAS QUADRILHAS JUNINAS DO S\u00c3O JO\u00c3O DE SUM\u00c9 2017 - Not&iacute;cias em Destaque\",\"isPartOf\":{\"@id\":\"https:\/\/noticiasemdestaque.com\/cd\/#website\"},\"primaryImageOfPage\":{\"@id\":\"https:\/\/noticiasemdestaque.com\/cd\/?p=560#primaryimage\"},\"image\":{\"@id\":\"https:\/\/noticiasemdestaque.com\/cd\/?p=560#primaryimage\"},\"thumbnailUrl\":\"https:\/\/noticiasemdestaque.com\/cd\/wp-content\/uploads\/2017\/06\/Maryanne-640x360.jpg\",\"datePublished\":\"2017-06-15T15:48:40+00:00\",\"breadcrumb\":{\"@id\":\"https:\/\/noticiasemdestaque.com\/cd\/?p=560#breadcrumb\"},\"inLanguage\":\"pt-BR\",\"potentialAction\":[{\"@type\":\"ReadAction\",\"target\":[\"https:\/\/noticiasemdestaque.com\/cd\/?p=560\"]}]},{\"@type\":\"ImageObject\",\"inLanguage\":\"pt-BR\",\"@id\":\"https:\/\/noticiasemdestaque.com\/cd\/?p=560#primaryimage\",\"url\":\"https:\/\/noticiasemdestaque.com\/cd\/wp-content\/uploads\/2017\/06\/Maryanne-640x360.jpg\",\"contentUrl\":\"https:\/\/noticiasemdestaque.com\/cd\/wp-content\/uploads\/2017\/06\/Maryanne-640x360.jpg\",\"width\":640,\"height\":360},{\"@type\":\"BreadcrumbList\",\"@id\":\"https:\/\/noticiasemdestaque.com\/cd\/?p=560#breadcrumb\",\"itemListElement\":[{\"@type\":\"ListItem\",\"position\":1,\"name\":\"In\u00edcio\",\"item\":\"https:\/\/noticiasemdestaque.com\/cd\/\"},{\"@type\":\"ListItem\",\"position\":2,\"name\":\"CONFIRA O CALEND\u00c1RIO DAS QUADRILHAS JUNINAS DO S\u00c3O JO\u00c3O DE SUM\u00c9 2017\"}]},{\"@type\":\"WebSite\",\"@id\":\"https:\/\/noticiasemdestaque.com\/cd\/#website\",\"url\":\"https:\/\/noticiasemdestaque.com\/cd\/\",\"name\":\"Not&iacute;cias em Destaque\",\"description\":\"\",\"publisher\":{\"@id\":\"https:\/\/noticiasemdestaque.com\/cd\/#organization\"},\"potentialAction\":[{\"@type\":\"SearchAction\",\"target\":{\"@type\":\"EntryPoint\",\"urlTemplate\":\"https:\/\/noticiasemdestaque.com\/cd\/?s={search_term_string}\"},\"query-input\":{\"@type\":\"PropertyValueSpecification\",\"valueRequired\":true,\"valueName\":\"search_term_string\"}}],\"inLanguage\":\"pt-BR\"},{\"@type\":\"Organization\",\"@id\":\"https:\/\/noticiasemdestaque.com\/cd\/#organization\",\"name\":\"Not\u00edcias em Destaque\",\"url\":\"https:\/\/noticiasemdestaque.com\/cd\/\",\"logo\":{\"@type\":\"ImageObject\",\"inLanguage\":\"pt-BR\",\"@id\":\"https:\/\/noticiasemdestaque.com\/cd\/#\/schema\/logo\/image\/\",\"url\":\"https:\/\/noticiasemdestaque.com\/cd\/wp-content\/uploads\/2022\/05\/imagem-base-noticiasemdestaque.png\",\"contentUrl\":\"https:\/\/noticiasemdestaque.com\/cd\/wp-content\/uploads\/2022\/05\/imagem-base-noticiasemdestaque.png\",\"width\":1200,\"height\":630,\"caption\":\"Not\u00edcias em Destaque\"},\"image\":{\"@id\":\"https:\/\/noticiasemdestaque.com\/cd\/#\/schema\/logo\/image\/\"}},{\"@type\":\"Person\",\"@id\":\"https:\/\/noticiasemdestaque.com\/cd\/#\/schema\/person\/47f7d4f55eec17c6b2ca036c5500f6ce\",\"name\":\"Not\u00edcias em Destaque\",\"url\":\"https:\/\/noticiasemdestaque.com\/cd\/?author=2\"}]}<\/script>\n<!-- \/ Yoast SEO plugin. -->","yoast_head_json":{"title":"CONFIRA O CALEND\u00c1RIO DAS QUADRILHAS JUNINAS DO S\u00c3O JO\u00c3O DE SUM\u00c9 2017 - Not&iacute;cias em Destaque","robots":{"index":"index","follow":"follow","max-snippet":"max-snippet:-1","max-image-preview":"max-image-preview:large","max-video-preview":"max-video-preview:-1"},"canonical":"https:\/\/noticiasemdestaque.com\/cd\/?p=560","og_locale":"pt_BR","og_type":"article","og_title":"CONFIRA O CALEND\u00c1RIO DAS QUADRILHAS JUNINAS DO S\u00c3O JO\u00c3O DE SUM\u00c9 2017 - Not&iacute;cias em Destaque","og_description":"Nesta sexta-feira (16\/06) iniciar\u00e1 oficialmente o S\u00e3o Jo\u00e3o de Sum\u00e9, com a abertura das barracas, quadrilhas e muito forr\u00f3 p\u00e9 de serra no palco alternativo montado na Arraial Z\u00e9 Marcolino. Confira a programa\u00e7\u00e3o das quadrilhas: \u00a0\u00a0 16\/06 Quadrilha EBDI &#8211; Rua Higino Monteiro 17\/06 Arrai\u00e1 Mercadinho do Galego &#8211; Mercadinho &#8211; o dia todo 17\/06 Se Joga Pintosa- Conjunto Habitacional &#8211; 19h 17\/06 Grupo Alegria de Viver &#8211; Arrai\u00e1 Z\u00e9 Marcolino &#8211; 18h \u00e0s 19h 17\/06 Arraial do Sol (crian\u00e7as) &#8211; Arrai\u00e1 Z\u00e9 Marcolino &#8211; 19h \u00e0s 20h 17\/06 Quadrilha dos Carregados &#8211; Arrai\u00e1 Z\u00e9 Marcolino &#8211; 20h \u00e0s 21h 18\/06 Arrai\u00e1 Flores do Mandacaru &#8211; Arrai\u00e1 Z\u00e9 Marcolino &#8211; 18h \u00e0s 19h 18\/06 Quadrilha Branco Xiliu &#8211; Arrai\u00e1 Z\u00e9 Marcolino &#8211; 19h \u00e0s 20h 18\/06 Rainha da Sucata &#8211; Arrai\u00e1 Z\u00e9 Marcolino &#8211; 20h \u00e0s 21h 18\/06 Arrai\u00e1 dos Marcolinos &#8211; V\u00e1rzea Redonda &#8211; 18h \u00e0s 21h 19\/06 Os Topados &#8211; Arrai\u00e1 Z\u00e9 Marcolino &#8211; 19h \u00e0s 20h 21\/06 Arrai\u00e1 Av\u00edcola Central &#8211; Arrai\u00e1 Z\u00e9 Marcolino &#8211; 20h \u00e0s 21h 22\/06 Arrai\u00e1 das Meninas &#8211; Pra\u00e7a Adolfo Mayer &#8211; 19h \u00e0s 21h 22\/06 Arraial do CDSA &#8211; Arrai\u00e1 Z\u00e9 Marcolino &#8211; 19h \u00e0s 20h 23\/06 Quadrilha das Encomendas &#8211; Arrai\u00e1 Z\u00e9 Marcolino &#8211; 20h \u00e0s 21h 24\/06 Quadrilha da Terceira Idade &#8211; Arrai\u00e1 Z\u00e9 Marcolino &#8211; 19h \u00e0s 20h 25\/06 Quadrilha dos Trocados &#8211; Arrai\u00e1 Z\u00e9 Marcolino &#8211; 20h \u00e0s 21h 29\/06 A Volta da Ro\u00e7a &#8211; Varze\u00e1 Redonda &#8211; 21h \u00e0s 23h 30\/06 Arraial ACUBS &#8211; Conjunto Habitacional &#8211; 19h \u00e0s 20h 01\/07 Arraial da Carna\u00faba &#8211; Carna\u00faba &#8211; 21h \u00e0s 23h 01\/07 Quadrilha dos Jorge &#8211; 16h \u00e0s 23h 01\/07 Quadrilha da Concei\u00e7\u00e3o &#8211; Concei\u00e7\u00e3o 07\/07 Arrai\u00e1 da Seduc 15\/07 Arrai\u00e1 Volta do Rio &#8211; Volta do Rio &#8211; 21h \u00e0s 23h PROGRAMA\u00c7\u00c3O DE SHOWS NO PALCO PRINCIPAL:\u00a0 Dia 21\/06 Jorge de Altinho Walkiria Santos Adriano Silva Dia 22\/06 Vicente Nery Delmiro Barros Dejinha Monteiro Dia 22\/06 Forr\u00f3 D2 Forr\u00f3 Kent Dia 24\/06 Banda Cascavel Gente Boa Forr\u00f3 da Gente Cariri em Destaque\u00a0 Com Ascom\/PMS","og_url":"https:\/\/noticiasemdestaque.com\/cd\/?p=560","og_site_name":"Not&iacute;cias em Destaque","article_published_time":"2017-06-15T15:48:40+00:00","og_image":[{"width":640,"height":360,"url":"https:\/\/noticiasemdestaque.com\/cd\/wp-content\/uploads\/2017\/06\/Maryanne-640x360.jpg","type":"image\/jpeg"}],"author":"Not\u00edcias em Destaque","twitter_card":"summary_large_image","twitter_misc":{"Escrito por":"Not\u00edcias em Destaque","Est. tempo de leitura":"2 minutos"},"schema":{"@context":"https:\/\/schema.org","@graph":[{"@type":"Article","@id":"https:\/\/noticiasemdestaque.com\/cd\/?p=560#article","isPartOf":{"@id":"https:\/\/noticiasemdestaque.com\/cd\/?p=560"},"author":{"name":"Not\u00edcias em Destaque","@id":"https:\/\/noticiasemdestaque.com\/cd\/#\/schema\/person\/47f7d4f55eec17c6b2ca036c5500f6ce"},"headline":"CONFIRA O CALEND\u00c1RIO DAS QUADRILHAS JUNINAS DO S\u00c3O JO\u00c3O DE SUM\u00c9 2017","datePublished":"2017-06-15T15:48:40+00:00","mainEntityOfPage":{"@id":"https:\/\/noticiasemdestaque.com\/cd\/?p=560"},"wordCount":336,"publisher":{"@id":"https:\/\/noticiasemdestaque.com\/cd\/#organization"},"image":{"@id":"https:\/\/noticiasemdestaque.com\/cd\/?p=560#primaryimage"},"thumbnailUrl":"https:\/\/noticiasemdestaque.com\/cd\/wp-content\/uploads\/2017\/06\/Maryanne-640x360.jpg","articleSection":["Cidades"],"inLanguage":"pt-BR"},{"@type":"WebPage","@id":"https:\/\/noticiasemdestaque.com\/cd\/?p=560","url":"https:\/\/noticiasemdestaque.com\/cd\/?p=560","name":"CONFIRA O CALEND\u00c1RIO DAS QUADRILHAS JUNINAS DO S\u00c3O JO\u00c3O DE SUM\u00c9 2017 - Not&iacute;cias em Destaque","isPartOf":{"@id":"https:\/\/noticiasemdestaque.com\/cd\/#website"},"primaryImageOfPage":{"@id":"https:\/\/noticiasemdestaque.com\/cd\/?p=560#primaryimage"},"image":{"@id":"https:\/\/noticiasemdestaque.com\/cd\/?p=560#primaryimage"},"thumbnailUrl":"https:\/\/noticiasemdestaque.com\/cd\/wp-content\/uploads\/2017\/06\/Maryanne-640x360.jpg","datePublished":"2017-06-15T15:48:40+00:00","breadcrumb":{"@id":"https:\/\/noticiasemdestaque.com\/cd\/?p=560#breadcrumb"},"inLanguage":"pt-BR","potentialAction":[{"@type":"ReadAction","target":["https:\/\/noticiasemdestaque.com\/cd\/?p=560"]}]},{"@type":"ImageObject","inLanguage":"pt-BR","@id":"https:\/\/noticiasemdestaque.com\/cd\/?p=560#primaryimage","url":"https:\/\/noticiasemdestaque.com\/cd\/wp-content\/uploads\/2017\/06\/Maryanne-640x360.jpg","contentUrl":"https:\/\/noticiasemdestaque.com\/cd\/wp-content\/uploads\/2017\/06\/Maryanne-640x360.jpg","width":640,"height":360},{"@type":"BreadcrumbList","@id":"https:\/\/noticiasemdestaque.com\/cd\/?p=560#breadcrumb","itemListElement":[{"@type":"ListItem","position":1,"name":"In\u00edcio","item":"https:\/\/noticiasemdestaque.com\/cd\/"},{"@type":"ListItem","position":2,"name":"CONFIRA O CALEND\u00c1RIO DAS QUADRILHAS JUNINAS DO S\u00c3O JO\u00c3O DE SUM\u00c9 2017"}]},{"@type":"WebSite","@id":"https:\/\/noticiasemdestaque.com\/cd\/#website","url":"https:\/\/noticiasemdestaque.com\/cd\/","name":"Not&iacute;cias em Destaque","description":"","publisher":{"@id":"https:\/\/noticiasemdestaque.com\/cd\/#organization"},"potentialAction":[{"@type":"SearchAction","target":{"@type":"EntryPoint","urlTemplate":"https:\/\/noticiasemdestaque.com\/cd\/?s={search_term_string}"},"query-input":{"@type":"PropertyValueSpecification","valueRequired":true,"valueName":"search_term_string"}}],"inLanguage":"pt-BR"},{"@type":"Organization","@id":"https:\/\/noticiasemdestaque.com\/cd\/#organization","name":"Not\u00edcias em Destaque","url":"https:\/\/noticiasemdestaque.com\/cd\/","logo":{"@type":"ImageObject","inLanguage":"pt-BR","@id":"https:\/\/noticiasemdestaque.com\/cd\/#\/schema\/logo\/image\/","url":"https:\/\/noticiasemdestaque.com\/cd\/wp-content\/uploads\/2022\/05\/imagem-base-noticiasemdestaque.png","contentUrl":"https:\/\/noticiasemdestaque.com\/cd\/wp-content\/uploads\/2022\/05\/imagem-base-noticiasemdestaque.png","width":1200,"height":630,"caption":"Not\u00edcias em Destaque"},"image":{"@id":"https:\/\/noticiasemdestaque.com\/cd\/#\/schema\/logo\/image\/"}},{"@type":"Person","@id":"https:\/\/noticiasemdestaque.com\/cd\/#\/schema\/person\/47f7d4f55eec17c6b2ca036c5500f6ce","name":"Not\u00edcias em Destaque","url":"https:\/\/noticiasemdestaque.com\/cd\/?author=2"}]}},"jetpack_featured_media_url":"https:\/\/noticiasemdestaque.com\/cd\/wp-content\/uploads\/2017\/06\/Maryanne-640x360.jpg","jetpack_sharing_enabled":true,"_links":{"self":[{"href":"https:\/\/noticiasemdestaque.com\/cd\/index.php?rest_route=\/wp\/v2\/posts\/560","targetHints":{"allow":["GET"]}}],"collection":[{"href":"https:\/\/noticiasemdestaque.com\/cd\/index.php?rest_route=\/wp\/v2\/posts"}],"about":[{"href":"https:\/\/noticiasemdestaque.com\/cd\/index.php?rest_route=\/wp\/v2\/types\/post"}],"author":[{"embeddable":true,"href":"https:\/\/noticiasemdestaque.com\/cd\/index.php?rest_route=\/wp\/v2\/users\/2"}],"replies":[{"embeddable":true,"href":"https:\/\/noticiasemdestaque.com\/cd\/index.php?rest_route=%2Fwp%2Fv2%2Fcomments&post=560"}],"version-history":[{"count":1,"href":"https:\/\/noticiasemdestaque.com\/cd\/index.php?rest_route=\/wp\/v2\/posts\/560\/revisions"}],"predecessor-version":[{"id":562,"href":"https:\/\/noticiasemdestaque.com\/cd\/index.php?rest_route=\/wp\/v2\/posts\/560\/revisions\/562"}],"wp:featuredmedia":[{"embeddable":true,"href":"https:\/\/noticiasemdestaque.com\/cd\/index.php?rest_route=\/wp\/v2\/media\/561"}],"wp:attachment":[{"href":"https:\/\/noticiasemdestaque.com\/cd\/index.php?rest_route=%2Fwp%2Fv2%2Fmedia&parent=560"}],"wp:term":[{"taxonomy":"category","embeddable":true,"href":"https:\/\/noticiasemdestaque.com\/cd\/index.php?rest_route=%2Fwp%2Fv2%2Fcategories&post=560"},{"taxonomy":"post_tag","embeddable":true,"href":"https:\/\/noticiasemdestaque.com\/cd\/index.php?rest_route=%2Fwp%2Fv2%2Ftags&post=560"}],"curies":[{"name":"wp","href":"https:\/\/api.w.org\/{rel}","templated":true}]}}