{"id":55949,"date":"2024-03-13T17:46:54","date_gmt":"2024-03-13T20:46:54","guid":{"rendered":"https:\/\/noticiasemdestaque.com\/cd\/?p=55949"},"modified":"2024-03-13T17:46:54","modified_gmt":"2024-03-13T20:46:54","slug":"de-autoria-de-dr-romualdo-assembleia-aprova-estatuto-de-protecao-e-apoio-a-pessoa-com-cancer","status":"publish","type":"post","link":"https:\/\/noticiasemdestaque.com\/cd\/?p=55949","title":{"rendered":"De autoria de Dr. Romualdo, Assembleia aprova Estatuto de prote\u00e7\u00e3o e apoio \u00e0 pessoa com C\u00e2ncer"},"content":{"rendered":"<p><a href=\"https:\/\/noticiasemdestaque.com\/cd\/wp-content\/uploads\/2024\/03\/WhatsApp-Image-2024-03-12-at-13.08.33-2-1024x682-1.jpeg\"><img fetchpriority=\"high\" decoding=\"async\" class=\"wp-image-55950 aligncenter\" src=\"https:\/\/noticiasemdestaque.com\/cd\/wp-content\/uploads\/2024\/03\/WhatsApp-Image-2024-03-12-at-13.08.33-2-1024x682-1-300x200.jpeg\" alt=\"\" width=\"560\" height=\"373\" srcset=\"https:\/\/noticiasemdestaque.com\/cd\/wp-content\/uploads\/2024\/03\/WhatsApp-Image-2024-03-12-at-13.08.33-2-1024x682-1-300x200.jpeg 300w, https:\/\/noticiasemdestaque.com\/cd\/wp-content\/uploads\/2024\/03\/WhatsApp-Image-2024-03-12-at-13.08.33-2-1024x682-1-768x512.jpeg 768w, https:\/\/noticiasemdestaque.com\/cd\/wp-content\/uploads\/2024\/03\/WhatsApp-Image-2024-03-12-at-13.08.33-2-1024x682-1-18x12.jpeg 18w, https:\/\/noticiasemdestaque.com\/cd\/wp-content\/uploads\/2024\/03\/WhatsApp-Image-2024-03-12-at-13.08.33-2-1024x682-1.jpeg 1024w\" sizes=\"(max-width: 560px) 100vw, 560px\" \/><\/a><\/p>\n<p>Em sess\u00e3o ordin\u00e1ria nesta ter\u00e7a-feira (12), a Assembleia Legislativa da Para\u00edba aprovou o Projeto de Lei 1.108\/2023, que \u201cdisp\u00f5e sobre a pol\u00edtica estadual de apoio \u00e0 pessoa com c\u00e2ncer e seus familiares\u201d, de autoria do m\u00e9dico e parlamentar caririzeiro Dr. Romualdo (MDB).<\/p>\n<p>O ponto fundamental do novo Instituto Jur\u00eddico \u00e9 a cria\u00e7\u00e3o de um v\u00ednculo jur\u00eddico entre os paraibanos que sofrem em busca de um tratamento adequado na luta contra o c\u00e2ncer e o Estado da Para\u00edba, passando a ser determinante que o Estado (incluindo Executivo e Judici\u00e1rio) possam efetivar direitos.<\/p>\n<blockquote><p>Para o m\u00e9dico caririzeiro, \u201c\u00e9 desumano as negativas do Governo da Para\u00edba ao fornecimento de medica\u00e7\u00e3o ou tratamento adequado aos portadores de c\u00e2ncer, for\u00e7ando as pessoas, que j\u00e1 est\u00e3o debilitadas, a entrarem com um processo judicial. Essa demora pode ser algo decisivo no agravamento da doen\u00e7a\u201d.<\/p>\n<p>No art. 5\u00ba, o Projeto de Lei traz que \u201c\u00e9 dever do poder p\u00fablico assegurar \u00e0 pessoa com c\u00e2ncer, prioritariamente, a plena efetiva\u00e7\u00e3o dos direitos referentes \u00e0 vida, \u00e0 sa\u00fade, \u00e0 alimenta\u00e7\u00e3o, \u00e0 assist\u00eancia social e jur\u00eddica, \u00e0 conviv\u00eancia familiar e comunit\u00e1ria.\u201d<\/p>\n<p>Segundo o parlamentar, \u201ctivemos um caso em S\u00e3o Domingos do Cariri em que o Governo da Para\u00edba negou a medica\u00e7\u00e3o e a decis\u00e3o judicial foi desfavor\u00e1vel. Se o executivo n\u00e3o garante tratamento, o judici\u00e1rio nega, essas pessoas v\u00e3o recorrer a quem? O estatuto busca solucionar esse problema\u201d, finalizou Dr. Romualdo.<\/p><\/blockquote>\n<p><strong>Noticias em Destaque<\/strong><\/p>\n<p style=\"text-align: right;\"><em>Fonte: Para\u00edba Mix<\/em><\/p>\n","protected":false},"excerpt":{"rendered":"<p>Em sess\u00e3o ordin\u00e1ria nesta ter\u00e7a-feira (12), a Assembleia Legislativa da Para\u00edba aprovou o Projeto de Lei 1.108\/2023, que \u201cdisp\u00f5e sobre a pol\u00edtica estadual de apoio \u00e0 pessoa com c\u00e2ncer e seus familiares\u201d, de autoria do m\u00e9dico e parlamentar caririzeiro Dr. Romualdo (MDB). O ponto fundamental do novo Instituto Jur\u00eddico \u00e9 a cria\u00e7\u00e3o de um v\u00ednculo jur\u00eddico entre os paraibanos que sofrem em busca de um tratamento adequado na luta contra o c\u00e2ncer e o Estado da Para\u00edba, passando a ser determinante que o Estado (incluindo Executivo e Judici\u00e1rio) possam efetivar direitos. Para o m\u00e9dico caririzeiro, \u201c\u00e9 desumano as negativas do Governo da Para\u00edba ao fornecimento de medica\u00e7\u00e3o ou tratamento adequado aos portadores de c\u00e2ncer, for\u00e7ando as pessoas, que j\u00e1 est\u00e3o debilitadas, a entrarem com um processo judicial. Essa demora pode ser algo decisivo no agravamento da doen\u00e7a\u201d. No art. 5\u00ba, o Projeto de Lei traz que \u201c\u00e9 dever do poder p\u00fablico assegurar \u00e0 pessoa com c\u00e2ncer, prioritariamente, a plena efetiva\u00e7\u00e3o dos direitos referentes \u00e0 vida, \u00e0 sa\u00fade, \u00e0 alimenta\u00e7\u00e3o, \u00e0 assist\u00eancia social e jur\u00eddica, \u00e0 conviv\u00eancia familiar e comunit\u00e1ria.\u201d Segundo o parlamentar, \u201ctivemos um caso em S\u00e3o Domingos do Cariri em que o Governo da Para\u00edba negou a medica\u00e7\u00e3o e a decis\u00e3o judicial foi desfavor\u00e1vel. Se o executivo n\u00e3o garante tratamento, o judici\u00e1rio nega, essas pessoas v\u00e3o recorrer a quem? O estatuto busca solucionar esse problema\u201d, finalizou Dr. Romualdo. Noticias em Destaque Fonte: Para\u00edba Mix<\/p>\n","protected":false},"author":2,"featured_media":55950,"comment_status":"closed","ping_status":"open","sticky":false,"template":"","format":"standard","meta":{"_eb_attr":"","_jetpack_memberships_contains_paid_content":false,"footnotes":""},"categories":[4],"tags":[],"class_list":["post-55949","post","type-post","status-publish","format-standard","has-post-thumbnail","hentry","category-politica"],"yoast_head":"<!-- This site is optimized with the Yoast SEO plugin v26.5 - https:\/\/yoast.com\/wordpress\/plugins\/seo\/ -->\n<title>De autoria de Dr. Romualdo, Assembleia aprova Estatuto de prote\u00e7\u00e3o e apoio \u00e0 pessoa com C\u00e2ncer - Not&iacute;cias em Destaque<\/title>\n<meta name=\"robots\" content=\"index, follow, max-snippet:-1, max-image-preview:large, max-video-preview:-1\" \/>\n<link rel=\"canonical\" href=\"https:\/\/noticiasemdestaque.com\/cd\/?p=55949\" \/>\n<meta property=\"og:locale\" content=\"pt_BR\" \/>\n<meta property=\"og:type\" content=\"article\" \/>\n<meta property=\"og:title\" content=\"De autoria de Dr. Romualdo, Assembleia aprova Estatuto de prote\u00e7\u00e3o e apoio \u00e0 pessoa com C\u00e2ncer - Not&iacute;cias em Destaque\" \/>\n<meta property=\"og:description\" content=\"Em sess\u00e3o ordin\u00e1ria nesta ter\u00e7a-feira (12), a Assembleia Legislativa da Para\u00edba aprovou o Projeto de Lei 1.108\/2023, que \u201cdisp\u00f5e sobre a pol\u00edtica estadual de apoio \u00e0 pessoa com c\u00e2ncer e seus familiares\u201d, de autoria do m\u00e9dico e parlamentar caririzeiro Dr. Romualdo (MDB). O ponto fundamental do novo Instituto Jur\u00eddico \u00e9 a cria\u00e7\u00e3o de um v\u00ednculo jur\u00eddico entre os paraibanos que sofrem em busca de um tratamento adequado na luta contra o c\u00e2ncer e o Estado da Para\u00edba, passando a ser determinante que o Estado (incluindo Executivo e Judici\u00e1rio) possam efetivar direitos. Para o m\u00e9dico caririzeiro, \u201c\u00e9 desumano as negativas do Governo da Para\u00edba ao fornecimento de medica\u00e7\u00e3o ou tratamento adequado aos portadores de c\u00e2ncer, for\u00e7ando as pessoas, que j\u00e1 est\u00e3o debilitadas, a entrarem com um processo judicial. Essa demora pode ser algo decisivo no agravamento da doen\u00e7a\u201d. No art. 5\u00ba, o Projeto de Lei traz que \u201c\u00e9 dever do poder p\u00fablico assegurar \u00e0 pessoa com c\u00e2ncer, prioritariamente, a plena efetiva\u00e7\u00e3o dos direitos referentes \u00e0 vida, \u00e0 sa\u00fade, \u00e0 alimenta\u00e7\u00e3o, \u00e0 assist\u00eancia social e jur\u00eddica, \u00e0 conviv\u00eancia familiar e comunit\u00e1ria.\u201d Segundo o parlamentar, \u201ctivemos um caso em S\u00e3o Domingos do Cariri em que o Governo da Para\u00edba negou a medica\u00e7\u00e3o e a decis\u00e3o judicial foi desfavor\u00e1vel. Se o executivo n\u00e3o garante tratamento, o judici\u00e1rio nega, essas pessoas v\u00e3o recorrer a quem? O estatuto busca solucionar esse problema\u201d, finalizou Dr. Romualdo. Noticias em Destaque Fonte: Para\u00edba Mix\" \/>\n<meta property=\"og:url\" content=\"https:\/\/noticiasemdestaque.com\/cd\/?p=55949\" \/>\n<meta property=\"og:site_name\" content=\"Not&iacute;cias em Destaque\" \/>\n<meta property=\"article:published_time\" content=\"2024-03-13T20:46:54+00:00\" \/>\n<meta property=\"og:image\" content=\"https:\/\/noticiasemdestaque.com\/cd\/wp-content\/uploads\/2024\/03\/WhatsApp-Image-2024-03-12-at-13.08.33-2-1024x682-1.jpeg\" \/>\n\t<meta property=\"og:image:width\" content=\"1024\" \/>\n\t<meta property=\"og:image:height\" content=\"682\" \/>\n\t<meta property=\"og:image:type\" content=\"image\/jpeg\" \/>\n<meta name=\"author\" content=\"Not\u00edcias em Destaque\" \/>\n<meta name=\"twitter:card\" content=\"summary_large_image\" \/>\n<meta name=\"twitter:label1\" content=\"Escrito por\" \/>\n\t<meta name=\"twitter:data1\" content=\"Not\u00edcias em Destaque\" \/>\n\t<meta name=\"twitter:label2\" content=\"Est. tempo de leitura\" \/>\n\t<meta name=\"twitter:data2\" content=\"1 minuto\" \/>\n<script type=\"application\/ld+json\" class=\"yoast-schema-graph\">{\"@context\":\"https:\/\/schema.org\",\"@graph\":[{\"@type\":\"Article\",\"@id\":\"https:\/\/noticiasemdestaque.com\/cd\/?p=55949#article\",\"isPartOf\":{\"@id\":\"https:\/\/noticiasemdestaque.com\/cd\/?p=55949\"},\"author\":{\"name\":\"Not\u00edcias em Destaque\",\"@id\":\"https:\/\/noticiasemdestaque.com\/cd\/#\/schema\/person\/47f7d4f55eec17c6b2ca036c5500f6ce\"},\"headline\":\"De autoria de Dr. Romualdo, Assembleia aprova Estatuto de prote\u00e7\u00e3o e apoio \u00e0 pessoa com C\u00e2ncer\",\"datePublished\":\"2024-03-13T20:46:54+00:00\",\"mainEntityOfPage\":{\"@id\":\"https:\/\/noticiasemdestaque.com\/cd\/?p=55949\"},\"wordCount\":279,\"publisher\":{\"@id\":\"https:\/\/noticiasemdestaque.com\/cd\/#organization\"},\"image\":{\"@id\":\"https:\/\/noticiasemdestaque.com\/cd\/?p=55949#primaryimage\"},\"thumbnailUrl\":\"https:\/\/noticiasemdestaque.com\/cd\/wp-content\/uploads\/2024\/03\/WhatsApp-Image-2024-03-12-at-13.08.33-2-1024x682-1.jpeg\",\"articleSection\":[\"Pol\u00edtica\"],\"inLanguage\":\"pt-BR\"},{\"@type\":\"WebPage\",\"@id\":\"https:\/\/noticiasemdestaque.com\/cd\/?p=55949\",\"url\":\"https:\/\/noticiasemdestaque.com\/cd\/?p=55949\",\"name\":\"De autoria de Dr. Romualdo, Assembleia aprova Estatuto de prote\u00e7\u00e3o e apoio \u00e0 pessoa com C\u00e2ncer - Not&iacute;cias em Destaque\",\"isPartOf\":{\"@id\":\"https:\/\/noticiasemdestaque.com\/cd\/#website\"},\"primaryImageOfPage\":{\"@id\":\"https:\/\/noticiasemdestaque.com\/cd\/?p=55949#primaryimage\"},\"image\":{\"@id\":\"https:\/\/noticiasemdestaque.com\/cd\/?p=55949#primaryimage\"},\"thumbnailUrl\":\"https:\/\/noticiasemdestaque.com\/cd\/wp-content\/uploads\/2024\/03\/WhatsApp-Image-2024-03-12-at-13.08.33-2-1024x682-1.jpeg\",\"datePublished\":\"2024-03-13T20:46:54+00:00\",\"breadcrumb\":{\"@id\":\"https:\/\/noticiasemdestaque.com\/cd\/?p=55949#breadcrumb\"},\"inLanguage\":\"pt-BR\",\"potentialAction\":[{\"@type\":\"ReadAction\",\"target\":[\"https:\/\/noticiasemdestaque.com\/cd\/?p=55949\"]}]},{\"@type\":\"ImageObject\",\"inLanguage\":\"pt-BR\",\"@id\":\"https:\/\/noticiasemdestaque.com\/cd\/?p=55949#primaryimage\",\"url\":\"https:\/\/noticiasemdestaque.com\/cd\/wp-content\/uploads\/2024\/03\/WhatsApp-Image-2024-03-12-at-13.08.33-2-1024x682-1.jpeg\",\"contentUrl\":\"https:\/\/noticiasemdestaque.com\/cd\/wp-content\/uploads\/2024\/03\/WhatsApp-Image-2024-03-12-at-13.08.33-2-1024x682-1.jpeg\",\"width\":1024,\"height\":682},{\"@type\":\"BreadcrumbList\",\"@id\":\"https:\/\/noticiasemdestaque.com\/cd\/?p=55949#breadcrumb\",\"itemListElement\":[{\"@type\":\"ListItem\",\"position\":1,\"name\":\"In\u00edcio\",\"item\":\"https:\/\/noticiasemdestaque.com\/cd\/\"},{\"@type\":\"ListItem\",\"position\":2,\"name\":\"De autoria de Dr. Romualdo, Assembleia aprova Estatuto de prote\u00e7\u00e3o e apoio \u00e0 pessoa com C\u00e2ncer\"}]},{\"@type\":\"WebSite\",\"@id\":\"https:\/\/noticiasemdestaque.com\/cd\/#website\",\"url\":\"https:\/\/noticiasemdestaque.com\/cd\/\",\"name\":\"Not&iacute;cias em Destaque\",\"description\":\"\",\"publisher\":{\"@id\":\"https:\/\/noticiasemdestaque.com\/cd\/#organization\"},\"potentialAction\":[{\"@type\":\"SearchAction\",\"target\":{\"@type\":\"EntryPoint\",\"urlTemplate\":\"https:\/\/noticiasemdestaque.com\/cd\/?s={search_term_string}\"},\"query-input\":{\"@type\":\"PropertyValueSpecification\",\"valueRequired\":true,\"valueName\":\"search_term_string\"}}],\"inLanguage\":\"pt-BR\"},{\"@type\":\"Organization\",\"@id\":\"https:\/\/noticiasemdestaque.com\/cd\/#organization\",\"name\":\"Not\u00edcias em Destaque\",\"url\":\"https:\/\/noticiasemdestaque.com\/cd\/\",\"logo\":{\"@type\":\"ImageObject\",\"inLanguage\":\"pt-BR\",\"@id\":\"https:\/\/noticiasemdestaque.com\/cd\/#\/schema\/logo\/image\/\",\"url\":\"https:\/\/noticiasemdestaque.com\/cd\/wp-content\/uploads\/2022\/05\/imagem-base-noticiasemdestaque.png\",\"contentUrl\":\"https:\/\/noticiasemdestaque.com\/cd\/wp-content\/uploads\/2022\/05\/imagem-base-noticiasemdestaque.png\",\"width\":1200,\"height\":630,\"caption\":\"Not\u00edcias em Destaque\"},\"image\":{\"@id\":\"https:\/\/noticiasemdestaque.com\/cd\/#\/schema\/logo\/image\/\"}},{\"@type\":\"Person\",\"@id\":\"https:\/\/noticiasemdestaque.com\/cd\/#\/schema\/person\/47f7d4f55eec17c6b2ca036c5500f6ce\",\"name\":\"Not\u00edcias em Destaque\",\"url\":\"https:\/\/noticiasemdestaque.com\/cd\/?author=2\"}]}<\/script>\n<!-- \/ Yoast SEO plugin. -->","yoast_head_json":{"title":"De autoria de Dr. Romualdo, Assembleia aprova Estatuto de prote\u00e7\u00e3o e apoio \u00e0 pessoa com C\u00e2ncer - Not&iacute;cias em Destaque","robots":{"index":"index","follow":"follow","max-snippet":"max-snippet:-1","max-image-preview":"max-image-preview:large","max-video-preview":"max-video-preview:-1"},"canonical":"https:\/\/noticiasemdestaque.com\/cd\/?p=55949","og_locale":"pt_BR","og_type":"article","og_title":"De autoria de Dr. Romualdo, Assembleia aprova Estatuto de prote\u00e7\u00e3o e apoio \u00e0 pessoa com C\u00e2ncer - Not&iacute;cias em Destaque","og_description":"Em sess\u00e3o ordin\u00e1ria nesta ter\u00e7a-feira (12), a Assembleia Legislativa da Para\u00edba aprovou o Projeto de Lei 1.108\/2023, que \u201cdisp\u00f5e sobre a pol\u00edtica estadual de apoio \u00e0 pessoa com c\u00e2ncer e seus familiares\u201d, de autoria do m\u00e9dico e parlamentar caririzeiro Dr. Romualdo (MDB). O ponto fundamental do novo Instituto Jur\u00eddico \u00e9 a cria\u00e7\u00e3o de um v\u00ednculo jur\u00eddico entre os paraibanos que sofrem em busca de um tratamento adequado na luta contra o c\u00e2ncer e o Estado da Para\u00edba, passando a ser determinante que o Estado (incluindo Executivo e Judici\u00e1rio) possam efetivar direitos. Para o m\u00e9dico caririzeiro, \u201c\u00e9 desumano as negativas do Governo da Para\u00edba ao fornecimento de medica\u00e7\u00e3o ou tratamento adequado aos portadores de c\u00e2ncer, for\u00e7ando as pessoas, que j\u00e1 est\u00e3o debilitadas, a entrarem com um processo judicial. Essa demora pode ser algo decisivo no agravamento da doen\u00e7a\u201d. No art. 5\u00ba, o Projeto de Lei traz que \u201c\u00e9 dever do poder p\u00fablico assegurar \u00e0 pessoa com c\u00e2ncer, prioritariamente, a plena efetiva\u00e7\u00e3o dos direitos referentes \u00e0 vida, \u00e0 sa\u00fade, \u00e0 alimenta\u00e7\u00e3o, \u00e0 assist\u00eancia social e jur\u00eddica, \u00e0 conviv\u00eancia familiar e comunit\u00e1ria.\u201d Segundo o parlamentar, \u201ctivemos um caso em S\u00e3o Domingos do Cariri em que o Governo da Para\u00edba negou a medica\u00e7\u00e3o e a decis\u00e3o judicial foi desfavor\u00e1vel. Se o executivo n\u00e3o garante tratamento, o judici\u00e1rio nega, essas pessoas v\u00e3o recorrer a quem? O estatuto busca solucionar esse problema\u201d, finalizou Dr. Romualdo. Noticias em Destaque Fonte: Para\u00edba Mix","og_url":"https:\/\/noticiasemdestaque.com\/cd\/?p=55949","og_site_name":"Not&iacute;cias em Destaque","article_published_time":"2024-03-13T20:46:54+00:00","og_image":[{"width":1024,"height":682,"url":"https:\/\/noticiasemdestaque.com\/cd\/wp-content\/uploads\/2024\/03\/WhatsApp-Image-2024-03-12-at-13.08.33-2-1024x682-1.jpeg","type":"image\/jpeg"}],"author":"Not\u00edcias em Destaque","twitter_card":"summary_large_image","twitter_misc":{"Escrito por":"Not\u00edcias em Destaque","Est. tempo de leitura":"1 minuto"},"schema":{"@context":"https:\/\/schema.org","@graph":[{"@type":"Article","@id":"https:\/\/noticiasemdestaque.com\/cd\/?p=55949#article","isPartOf":{"@id":"https:\/\/noticiasemdestaque.com\/cd\/?p=55949"},"author":{"name":"Not\u00edcias em Destaque","@id":"https:\/\/noticiasemdestaque.com\/cd\/#\/schema\/person\/47f7d4f55eec17c6b2ca036c5500f6ce"},"headline":"De autoria de Dr. Romualdo, Assembleia aprova Estatuto de prote\u00e7\u00e3o e apoio \u00e0 pessoa com C\u00e2ncer","datePublished":"2024-03-13T20:46:54+00:00","mainEntityOfPage":{"@id":"https:\/\/noticiasemdestaque.com\/cd\/?p=55949"},"wordCount":279,"publisher":{"@id":"https:\/\/noticiasemdestaque.com\/cd\/#organization"},"image":{"@id":"https:\/\/noticiasemdestaque.com\/cd\/?p=55949#primaryimage"},"thumbnailUrl":"https:\/\/noticiasemdestaque.com\/cd\/wp-content\/uploads\/2024\/03\/WhatsApp-Image-2024-03-12-at-13.08.33-2-1024x682-1.jpeg","articleSection":["Pol\u00edtica"],"inLanguage":"pt-BR"},{"@type":"WebPage","@id":"https:\/\/noticiasemdestaque.com\/cd\/?p=55949","url":"https:\/\/noticiasemdestaque.com\/cd\/?p=55949","name":"De autoria de Dr. Romualdo, Assembleia aprova Estatuto de prote\u00e7\u00e3o e apoio \u00e0 pessoa com C\u00e2ncer - Not&iacute;cias em Destaque","isPartOf":{"@id":"https:\/\/noticiasemdestaque.com\/cd\/#website"},"primaryImageOfPage":{"@id":"https:\/\/noticiasemdestaque.com\/cd\/?p=55949#primaryimage"},"image":{"@id":"https:\/\/noticiasemdestaque.com\/cd\/?p=55949#primaryimage"},"thumbnailUrl":"https:\/\/noticiasemdestaque.com\/cd\/wp-content\/uploads\/2024\/03\/WhatsApp-Image-2024-03-12-at-13.08.33-2-1024x682-1.jpeg","datePublished":"2024-03-13T20:46:54+00:00","breadcrumb":{"@id":"https:\/\/noticiasemdestaque.com\/cd\/?p=55949#breadcrumb"},"inLanguage":"pt-BR","potentialAction":[{"@type":"ReadAction","target":["https:\/\/noticiasemdestaque.com\/cd\/?p=55949"]}]},{"@type":"ImageObject","inLanguage":"pt-BR","@id":"https:\/\/noticiasemdestaque.com\/cd\/?p=55949#primaryimage","url":"https:\/\/noticiasemdestaque.com\/cd\/wp-content\/uploads\/2024\/03\/WhatsApp-Image-2024-03-12-at-13.08.33-2-1024x682-1.jpeg","contentUrl":"https:\/\/noticiasemdestaque.com\/cd\/wp-content\/uploads\/2024\/03\/WhatsApp-Image-2024-03-12-at-13.08.33-2-1024x682-1.jpeg","width":1024,"height":682},{"@type":"BreadcrumbList","@id":"https:\/\/noticiasemdestaque.com\/cd\/?p=55949#breadcrumb","itemListElement":[{"@type":"ListItem","position":1,"name":"In\u00edcio","item":"https:\/\/noticiasemdestaque.com\/cd\/"},{"@type":"ListItem","position":2,"name":"De autoria de Dr. Romualdo, Assembleia aprova Estatuto de prote\u00e7\u00e3o e apoio \u00e0 pessoa com C\u00e2ncer"}]},{"@type":"WebSite","@id":"https:\/\/noticiasemdestaque.com\/cd\/#website","url":"https:\/\/noticiasemdestaque.com\/cd\/","name":"Not&iacute;cias em Destaque","description":"","publisher":{"@id":"https:\/\/noticiasemdestaque.com\/cd\/#organization"},"potentialAction":[{"@type":"SearchAction","target":{"@type":"EntryPoint","urlTemplate":"https:\/\/noticiasemdestaque.com\/cd\/?s={search_term_string}"},"query-input":{"@type":"PropertyValueSpecification","valueRequired":true,"valueName":"search_term_string"}}],"inLanguage":"pt-BR"},{"@type":"Organization","@id":"https:\/\/noticiasemdestaque.com\/cd\/#organization","name":"Not\u00edcias em Destaque","url":"https:\/\/noticiasemdestaque.com\/cd\/","logo":{"@type":"ImageObject","inLanguage":"pt-BR","@id":"https:\/\/noticiasemdestaque.com\/cd\/#\/schema\/logo\/image\/","url":"https:\/\/noticiasemdestaque.com\/cd\/wp-content\/uploads\/2022\/05\/imagem-base-noticiasemdestaque.png","contentUrl":"https:\/\/noticiasemdestaque.com\/cd\/wp-content\/uploads\/2022\/05\/imagem-base-noticiasemdestaque.png","width":1200,"height":630,"caption":"Not\u00edcias em Destaque"},"image":{"@id":"https:\/\/noticiasemdestaque.com\/cd\/#\/schema\/logo\/image\/"}},{"@type":"Person","@id":"https:\/\/noticiasemdestaque.com\/cd\/#\/schema\/person\/47f7d4f55eec17c6b2ca036c5500f6ce","name":"Not\u00edcias em Destaque","url":"https:\/\/noticiasemdestaque.com\/cd\/?author=2"}]}},"jetpack_featured_media_url":"https:\/\/noticiasemdestaque.com\/cd\/wp-content\/uploads\/2024\/03\/WhatsApp-Image-2024-03-12-at-13.08.33-2-1024x682-1.jpeg","jetpack_sharing_enabled":true,"_links":{"self":[{"href":"https:\/\/noticiasemdestaque.com\/cd\/index.php?rest_route=\/wp\/v2\/posts\/55949","targetHints":{"allow":["GET"]}}],"collection":[{"href":"https:\/\/noticiasemdestaque.com\/cd\/index.php?rest_route=\/wp\/v2\/posts"}],"about":[{"href":"https:\/\/noticiasemdestaque.com\/cd\/index.php?rest_route=\/wp\/v2\/types\/post"}],"author":[{"embeddable":true,"href":"https:\/\/noticiasemdestaque.com\/cd\/index.php?rest_route=\/wp\/v2\/users\/2"}],"replies":[{"embeddable":true,"href":"https:\/\/noticiasemdestaque.com\/cd\/index.php?rest_route=%2Fwp%2Fv2%2Fcomments&post=55949"}],"version-history":[{"count":1,"href":"https:\/\/noticiasemdestaque.com\/cd\/index.php?rest_route=\/wp\/v2\/posts\/55949\/revisions"}],"predecessor-version":[{"id":55951,"href":"https:\/\/noticiasemdestaque.com\/cd\/index.php?rest_route=\/wp\/v2\/posts\/55949\/revisions\/55951"}],"wp:featuredmedia":[{"embeddable":true,"href":"https:\/\/noticiasemdestaque.com\/cd\/index.php?rest_route=\/wp\/v2\/media\/55950"}],"wp:attachment":[{"href":"https:\/\/noticiasemdestaque.com\/cd\/index.php?rest_route=%2Fwp%2Fv2%2Fmedia&parent=55949"}],"wp:term":[{"taxonomy":"category","embeddable":true,"href":"https:\/\/noticiasemdestaque.com\/cd\/index.php?rest_route=%2Fwp%2Fv2%2Fcategories&post=55949"},{"taxonomy":"post_tag","embeddable":true,"href":"https:\/\/noticiasemdestaque.com\/cd\/index.php?rest_route=%2Fwp%2Fv2%2Ftags&post=55949"}],"curies":[{"name":"wp","href":"https:\/\/api.w.org\/{rel}","templated":true}]}}