{"id":5592,"date":"2017-10-30T07:53:58","date_gmt":"2017-10-30T10:53:58","guid":{"rendered":"http:\/\/caririemdestaque.com\/cd\/?p=5592"},"modified":"2017-10-30T07:53:58","modified_gmt":"2017-10-30T10:53:58","slug":"vereador-apresenta-sugestoes-em-pl-para-reparcelamento-da-divida-do-municipio-de-serra-branca-com-ipserb-assista","status":"publish","type":"post","link":"https:\/\/noticiasemdestaque.com\/cd\/?p=5592","title":{"rendered":"Vereador apresenta sugest\u00f5es em PL para reparcelamento da d\u00edvida do Munic\u00edpio de Serra Branca com IPSERB; Assista"},"content":{"rendered":"<figure id=\"attachment_5593\" aria-describedby=\"caption-attachment-5593\" style=\"width: 150px\" class=\"wp-caption alignleft\"><a href=\"http:\/\/caririemdestaque.com\/cd\/wp-content\/uploads\/2017\/10\/FOTO-GG-WANDRI-TADEUS-CARIRI-EM-DESTAQUE.jpg\"><img decoding=\"async\" class=\"wp-image-5593 size-thumbnail\" src=\"http:\/\/caririemdestaque.com\/cd\/wp-content\/uploads\/2017\/10\/FOTO-GG-WANDRI-TADEUS-CARIRI-EM-DESTAQUE-150x150.jpg\" alt=\"\" width=\"150\" height=\"150\" \/><\/a><figcaption id=\"caption-attachment-5593\" class=\"wp-caption-text\">Guilherme Gaud\u00eancio na tribuna FT: WANDRI-TADEUS-CARIRI-EM-DESTAQUE<\/figcaption><\/figure>\n<p>O vereador Guilherme Gaud\u00eancio \u00e9 presidente da Comiss\u00e3o de Constitui\u00e7\u00e3o e Justi\u00e7a \u2014 CCJ, falou na tribuna nesta sexta-feira (27\/10), sobre um assunto que preocupa o parlamentar, que \u00e9 a situa\u00e7\u00e3o financeira do Munic\u00edpio com Instituto de Previd\u00eancia de Serra Branca \u2014 IPSERB.<\/p>\n<p>E analisando o Projeto de Lei (PL) de autoria do Poder Executivo, que pede um novo reparcelamento da d\u00edvida, Guilherme percebeu que existe diferen\u00e7a neste PL com o Decreto Federal 333, que regulamenta esses novos parcelamentos dos Institutos de Previd\u00eancia. A diferen\u00e7a apontada pelo vereador \u00e9 que nesse Decreto que regulamenta as d\u00edvidas a serem inclu\u00eddas no reparcelamento s\u00e3o referentes at\u00e9 o m\u00eas Mar\u00e7o de 2017 e J\u00e1 no PL em tramita\u00e7\u00e3o na C\u00e2mara de Vereadores, o limite das d\u00edvidas abrange at\u00e9 o m\u00eas de Setembro de 2017.<\/p>\n<p>No relat\u00f3rio apresentado pelo parlamenta foi sugerido que fosse feita uma emenda ao PL para que fosse adaptada ao Decreto ou caso contr\u00e1rio a Mat\u00e9ria deveria ser rejeitada, por n\u00e3o est\u00e1 em acordo com o Decreto que regulamenta a PL Municipal. Em contato com o Cariri em Destaque Guilherme disse: \u201csuas sugest\u00f5es \u00e9 que as 200 parcelas sejam descontadas no pr\u00f3prio Fundo de Participa\u00e7\u00e3o dos Munic\u00edpios \u2014 FPM, como forma de garantia do pagamento do reparcelamento por parte do Munic\u00edpio, caso contr\u00e1rio n\u00e3o aja o acatamento com as devidas modifica\u00e7\u00f5es atrav\u00e9s de emendas, o mesmo defende a rejei\u00e7\u00e3o do Projeto de Lei.\u201d<\/p>\n<p>Assista o parecer apresentado pelo Vereador Guilherme Gaud\u00eancio.<\/p>\n<p><iframe title=\"Vereador apresenta sugest\u00f5es em PL para reparcelamento da d\u00edvida do Munic\u00edpio  com IPSERB; Assista\" width=\"800\" height=\"450\" src=\"https:\/\/www.youtube.com\/embed\/zTnPbLXnaFc?feature=oembed\" frameborder=\"0\" allow=\"accelerometer; autoplay; clipboard-write; encrypted-media; gyroscope; picture-in-picture; web-share\" referrerpolicy=\"strict-origin-when-cross-origin\" allowfullscreen><\/iframe><\/p>\n<p><em><strong>Cariri em Destaque<\/strong><\/em><\/p>\n","protected":false},"excerpt":{"rendered":"<p>O vereador Guilherme Gaud\u00eancio \u00e9 presidente da Comiss\u00e3o de Constitui\u00e7\u00e3o e Justi\u00e7a \u2014 CCJ, falou na tribuna nesta sexta-feira (27\/10), sobre um assunto que preocupa o parlamentar, que \u00e9 a situa\u00e7\u00e3o financeira do Munic\u00edpio com Instituto de Previd\u00eancia de Serra Branca \u2014 IPSERB. E analisando o Projeto de Lei (PL) de autoria do Poder Executivo, que pede um novo reparcelamento da d\u00edvida, Guilherme percebeu que existe diferen\u00e7a neste PL com o Decreto Federal 333, que regulamenta esses novos parcelamentos dos Institutos de Previd\u00eancia. A diferen\u00e7a apontada pelo vereador \u00e9 que nesse Decreto que regulamenta as d\u00edvidas a serem inclu\u00eddas no reparcelamento s\u00e3o referentes at\u00e9 o m\u00eas Mar\u00e7o de 2017 e J\u00e1 no PL em tramita\u00e7\u00e3o na C\u00e2mara de Vereadores, o limite das d\u00edvidas abrange at\u00e9 o m\u00eas de Setembro de 2017. No relat\u00f3rio apresentado pelo parlamenta foi sugerido que fosse feita uma emenda ao PL para que fosse adaptada ao Decreto ou caso contr\u00e1rio a Mat\u00e9ria deveria ser rejeitada, por n\u00e3o est\u00e1 em acordo com o Decreto que regulamenta a PL Municipal. Em contato com o Cariri em Destaque Guilherme disse: \u201csuas sugest\u00f5es \u00e9 que as 200 parcelas sejam descontadas no pr\u00f3prio Fundo de Participa\u00e7\u00e3o dos Munic\u00edpios \u2014 FPM, como forma de garantia do pagamento do reparcelamento por parte do Munic\u00edpio, caso contr\u00e1rio n\u00e3o aja o acatamento com as devidas modifica\u00e7\u00f5es atrav\u00e9s de emendas, o mesmo defende a rejei\u00e7\u00e3o do Projeto de Lei.\u201d Assista o parecer apresentado pelo Vereador Guilherme Gaud\u00eancio. Cariri em Destaque<\/p>\n","protected":false},"author":2,"featured_media":5593,"comment_status":"closed","ping_status":"open","sticky":false,"template":"","format":"standard","meta":{"_eb_attr":"","_jetpack_memberships_contains_paid_content":false,"footnotes":""},"categories":[4],"tags":[],"class_list":["post-5592","post","type-post","status-publish","format-standard","has-post-thumbnail","hentry","category-politica"],"yoast_head":"<!-- This site is optimized with the Yoast SEO plugin v26.5 - https:\/\/yoast.com\/wordpress\/plugins\/seo\/ -->\n<title>Vereador apresenta sugest\u00f5es em PL para reparcelamento da d\u00edvida do Munic\u00edpio de Serra Branca com IPSERB; Assista - Not&iacute;cias em Destaque<\/title>\n<meta name=\"robots\" content=\"index, follow, max-snippet:-1, max-image-preview:large, max-video-preview:-1\" \/>\n<link rel=\"canonical\" href=\"https:\/\/noticiasemdestaque.com\/cd\/?p=5592\" \/>\n<meta property=\"og:locale\" content=\"pt_BR\" \/>\n<meta property=\"og:type\" content=\"article\" \/>\n<meta property=\"og:title\" content=\"Vereador apresenta sugest\u00f5es em PL para reparcelamento da d\u00edvida do Munic\u00edpio de Serra Branca com IPSERB; Assista - Not&iacute;cias em Destaque\" \/>\n<meta property=\"og:description\" content=\"O vereador Guilherme Gaud\u00eancio \u00e9 presidente da Comiss\u00e3o de Constitui\u00e7\u00e3o e Justi\u00e7a \u2014 CCJ, falou na tribuna nesta sexta-feira (27\/10), sobre um assunto que preocupa o parlamentar, que \u00e9 a situa\u00e7\u00e3o financeira do Munic\u00edpio com Instituto de Previd\u00eancia de Serra Branca \u2014 IPSERB. E analisando o Projeto de Lei (PL) de autoria do Poder Executivo, que pede um novo reparcelamento da d\u00edvida, Guilherme percebeu que existe diferen\u00e7a neste PL com o Decreto Federal 333, que regulamenta esses novos parcelamentos dos Institutos de Previd\u00eancia. A diferen\u00e7a apontada pelo vereador \u00e9 que nesse Decreto que regulamenta as d\u00edvidas a serem inclu\u00eddas no reparcelamento s\u00e3o referentes at\u00e9 o m\u00eas Mar\u00e7o de 2017 e J\u00e1 no PL em tramita\u00e7\u00e3o na C\u00e2mara de Vereadores, o limite das d\u00edvidas abrange at\u00e9 o m\u00eas de Setembro de 2017. No relat\u00f3rio apresentado pelo parlamenta foi sugerido que fosse feita uma emenda ao PL para que fosse adaptada ao Decreto ou caso contr\u00e1rio a Mat\u00e9ria deveria ser rejeitada, por n\u00e3o est\u00e1 em acordo com o Decreto que regulamenta a PL Municipal. Em contato com o Cariri em Destaque Guilherme disse: \u201csuas sugest\u00f5es \u00e9 que as 200 parcelas sejam descontadas no pr\u00f3prio Fundo de Participa\u00e7\u00e3o dos Munic\u00edpios \u2014 FPM, como forma de garantia do pagamento do reparcelamento por parte do Munic\u00edpio, caso contr\u00e1rio n\u00e3o aja o acatamento com as devidas modifica\u00e7\u00f5es atrav\u00e9s de emendas, o mesmo defende a rejei\u00e7\u00e3o do Projeto de Lei.\u201d Assista o parecer apresentado pelo Vereador Guilherme Gaud\u00eancio. Cariri em Destaque\" \/>\n<meta property=\"og:url\" content=\"https:\/\/noticiasemdestaque.com\/cd\/?p=5592\" \/>\n<meta property=\"og:site_name\" content=\"Not&iacute;cias em Destaque\" \/>\n<meta property=\"article:published_time\" content=\"2017-10-30T10:53:58+00:00\" \/>\n<meta property=\"og:image\" content=\"https:\/\/noticiasemdestaque.com\/cd\/wp-content\/uploads\/2017\/10\/FOTO-GG-WANDRI-TADEUS-CARIRI-EM-DESTAQUE.jpg\" \/>\n\t<meta property=\"og:image:width\" content=\"960\" \/>\n\t<meta property=\"og:image:height\" content=\"536\" \/>\n\t<meta property=\"og:image:type\" content=\"image\/jpeg\" \/>\n<meta name=\"author\" content=\"Not\u00edcias em Destaque\" \/>\n<meta name=\"twitter:card\" content=\"summary_large_image\" \/>\n<meta name=\"twitter:label1\" content=\"Escrito por\" \/>\n\t<meta name=\"twitter:data1\" content=\"Not\u00edcias em Destaque\" \/>\n\t<meta name=\"twitter:label2\" content=\"Est. tempo de leitura\" \/>\n\t<meta name=\"twitter:data2\" content=\"1 minuto\" \/>\n<script type=\"application\/ld+json\" class=\"yoast-schema-graph\">{\"@context\":\"https:\/\/schema.org\",\"@graph\":[{\"@type\":\"Article\",\"@id\":\"https:\/\/noticiasemdestaque.com\/cd\/?p=5592#article\",\"isPartOf\":{\"@id\":\"https:\/\/noticiasemdestaque.com\/cd\/?p=5592\"},\"author\":{\"name\":\"Not\u00edcias em Destaque\",\"@id\":\"https:\/\/noticiasemdestaque.com\/cd\/#\/schema\/person\/21320b03a7e8bb90128938dafc9b908a\"},\"headline\":\"Vereador apresenta sugest\u00f5es em PL para reparcelamento da d\u00edvida do Munic\u00edpio de Serra Branca com IPSERB; Assista\",\"datePublished\":\"2017-10-30T10:53:58+00:00\",\"mainEntityOfPage\":{\"@id\":\"https:\/\/noticiasemdestaque.com\/cd\/?p=5592\"},\"wordCount\":308,\"publisher\":{\"@id\":\"https:\/\/noticiasemdestaque.com\/cd\/#organization\"},\"image\":{\"@id\":\"https:\/\/noticiasemdestaque.com\/cd\/?p=5592#primaryimage\"},\"thumbnailUrl\":\"https:\/\/noticiasemdestaque.com\/cd\/wp-content\/uploads\/2017\/10\/FOTO-GG-WANDRI-TADEUS-CARIRI-EM-DESTAQUE.jpg\",\"articleSection\":[\"Pol\u00edtica\"],\"inLanguage\":\"pt-BR\"},{\"@type\":\"WebPage\",\"@id\":\"https:\/\/noticiasemdestaque.com\/cd\/?p=5592\",\"url\":\"https:\/\/noticiasemdestaque.com\/cd\/?p=5592\",\"name\":\"Vereador apresenta sugest\u00f5es em PL para reparcelamento da d\u00edvida do Munic\u00edpio de Serra Branca com IPSERB; Assista - Not&iacute;cias em Destaque\",\"isPartOf\":{\"@id\":\"https:\/\/noticiasemdestaque.com\/cd\/#website\"},\"primaryImageOfPage\":{\"@id\":\"https:\/\/noticiasemdestaque.com\/cd\/?p=5592#primaryimage\"},\"image\":{\"@id\":\"https:\/\/noticiasemdestaque.com\/cd\/?p=5592#primaryimage\"},\"thumbnailUrl\":\"https:\/\/noticiasemdestaque.com\/cd\/wp-content\/uploads\/2017\/10\/FOTO-GG-WANDRI-TADEUS-CARIRI-EM-DESTAQUE.jpg\",\"datePublished\":\"2017-10-30T10:53:58+00:00\",\"breadcrumb\":{\"@id\":\"https:\/\/noticiasemdestaque.com\/cd\/?p=5592#breadcrumb\"},\"inLanguage\":\"pt-BR\",\"potentialAction\":[{\"@type\":\"ReadAction\",\"target\":[\"https:\/\/noticiasemdestaque.com\/cd\/?p=5592\"]}]},{\"@type\":\"ImageObject\",\"inLanguage\":\"pt-BR\",\"@id\":\"https:\/\/noticiasemdestaque.com\/cd\/?p=5592#primaryimage\",\"url\":\"https:\/\/noticiasemdestaque.com\/cd\/wp-content\/uploads\/2017\/10\/FOTO-GG-WANDRI-TADEUS-CARIRI-EM-DESTAQUE.jpg\",\"contentUrl\":\"https:\/\/noticiasemdestaque.com\/cd\/wp-content\/uploads\/2017\/10\/FOTO-GG-WANDRI-TADEUS-CARIRI-EM-DESTAQUE.jpg\",\"width\":960,\"height\":536,\"caption\":\"FOTO-GG-WANDRI-TADEUS-CARIRI-EM-DESTAQUE\"},{\"@type\":\"BreadcrumbList\",\"@id\":\"https:\/\/noticiasemdestaque.com\/cd\/?p=5592#breadcrumb\",\"itemListElement\":[{\"@type\":\"ListItem\",\"position\":1,\"name\":\"In\u00edcio\",\"item\":\"https:\/\/noticiasemdestaque.com\/cd\/\"},{\"@type\":\"ListItem\",\"position\":2,\"name\":\"Vereador apresenta sugest\u00f5es em PL para reparcelamento da d\u00edvida do Munic\u00edpio de Serra Branca com IPSERB; Assista\"}]},{\"@type\":\"WebSite\",\"@id\":\"https:\/\/noticiasemdestaque.com\/cd\/#website\",\"url\":\"https:\/\/noticiasemdestaque.com\/cd\/\",\"name\":\"Not&iacute;cias em Destaque\",\"description\":\"\",\"publisher\":{\"@id\":\"https:\/\/noticiasemdestaque.com\/cd\/#organization\"},\"potentialAction\":[{\"@type\":\"SearchAction\",\"target\":{\"@type\":\"EntryPoint\",\"urlTemplate\":\"https:\/\/noticiasemdestaque.com\/cd\/?s={search_term_string}\"},\"query-input\":{\"@type\":\"PropertyValueSpecification\",\"valueRequired\":true,\"valueName\":\"search_term_string\"}}],\"inLanguage\":\"pt-BR\"},{\"@type\":\"Organization\",\"@id\":\"https:\/\/noticiasemdestaque.com\/cd\/#organization\",\"name\":\"Not\u00edcias em Destaque\",\"url\":\"https:\/\/noticiasemdestaque.com\/cd\/\",\"logo\":{\"@type\":\"ImageObject\",\"inLanguage\":\"pt-BR\",\"@id\":\"https:\/\/noticiasemdestaque.com\/cd\/#\/schema\/logo\/image\/\",\"url\":\"https:\/\/noticiasemdestaque.com\/cd\/wp-content\/uploads\/2022\/05\/imagem-base-noticiasemdestaque.png\",\"contentUrl\":\"https:\/\/noticiasemdestaque.com\/cd\/wp-content\/uploads\/2022\/05\/imagem-base-noticiasemdestaque.png\",\"width\":1200,\"height\":630,\"caption\":\"Not\u00edcias em Destaque\"},\"image\":{\"@id\":\"https:\/\/noticiasemdestaque.com\/cd\/#\/schema\/logo\/image\/\"}},{\"@type\":\"Person\",\"@id\":\"https:\/\/noticiasemdestaque.com\/cd\/#\/schema\/person\/21320b03a7e8bb90128938dafc9b908a\",\"name\":\"Not\u00edcias em Destaque\",\"url\":\"https:\/\/noticiasemdestaque.com\/cd\/?author=2\"}]}<\/script>\n<!-- \/ Yoast SEO plugin. -->","yoast_head_json":{"title":"Vereador apresenta sugest\u00f5es em PL para reparcelamento da d\u00edvida do Munic\u00edpio de Serra Branca com IPSERB; Assista - Not&iacute;cias em Destaque","robots":{"index":"index","follow":"follow","max-snippet":"max-snippet:-1","max-image-preview":"max-image-preview:large","max-video-preview":"max-video-preview:-1"},"canonical":"https:\/\/noticiasemdestaque.com\/cd\/?p=5592","og_locale":"pt_BR","og_type":"article","og_title":"Vereador apresenta sugest\u00f5es em PL para reparcelamento da d\u00edvida do Munic\u00edpio de Serra Branca com IPSERB; Assista - Not&iacute;cias em Destaque","og_description":"O vereador Guilherme Gaud\u00eancio \u00e9 presidente da Comiss\u00e3o de Constitui\u00e7\u00e3o e Justi\u00e7a \u2014 CCJ, falou na tribuna nesta sexta-feira (27\/10), sobre um assunto que preocupa o parlamentar, que \u00e9 a situa\u00e7\u00e3o financeira do Munic\u00edpio com Instituto de Previd\u00eancia de Serra Branca \u2014 IPSERB. E analisando o Projeto de Lei (PL) de autoria do Poder Executivo, que pede um novo reparcelamento da d\u00edvida, Guilherme percebeu que existe diferen\u00e7a neste PL com o Decreto Federal 333, que regulamenta esses novos parcelamentos dos Institutos de Previd\u00eancia. A diferen\u00e7a apontada pelo vereador \u00e9 que nesse Decreto que regulamenta as d\u00edvidas a serem inclu\u00eddas no reparcelamento s\u00e3o referentes at\u00e9 o m\u00eas Mar\u00e7o de 2017 e J\u00e1 no PL em tramita\u00e7\u00e3o na C\u00e2mara de Vereadores, o limite das d\u00edvidas abrange at\u00e9 o m\u00eas de Setembro de 2017. No relat\u00f3rio apresentado pelo parlamenta foi sugerido que fosse feita uma emenda ao PL para que fosse adaptada ao Decreto ou caso contr\u00e1rio a Mat\u00e9ria deveria ser rejeitada, por n\u00e3o est\u00e1 em acordo com o Decreto que regulamenta a PL Municipal. Em contato com o Cariri em Destaque Guilherme disse: \u201csuas sugest\u00f5es \u00e9 que as 200 parcelas sejam descontadas no pr\u00f3prio Fundo de Participa\u00e7\u00e3o dos Munic\u00edpios \u2014 FPM, como forma de garantia do pagamento do reparcelamento por parte do Munic\u00edpio, caso contr\u00e1rio n\u00e3o aja o acatamento com as devidas modifica\u00e7\u00f5es atrav\u00e9s de emendas, o mesmo defende a rejei\u00e7\u00e3o do Projeto de Lei.\u201d Assista o parecer apresentado pelo Vereador Guilherme Gaud\u00eancio. Cariri em Destaque","og_url":"https:\/\/noticiasemdestaque.com\/cd\/?p=5592","og_site_name":"Not&iacute;cias em Destaque","article_published_time":"2017-10-30T10:53:58+00:00","og_image":[{"width":960,"height":536,"url":"https:\/\/noticiasemdestaque.com\/cd\/wp-content\/uploads\/2017\/10\/FOTO-GG-WANDRI-TADEUS-CARIRI-EM-DESTAQUE.jpg","type":"image\/jpeg"}],"author":"Not\u00edcias em Destaque","twitter_card":"summary_large_image","twitter_misc":{"Escrito por":"Not\u00edcias em Destaque","Est. tempo de leitura":"1 minuto"},"schema":{"@context":"https:\/\/schema.org","@graph":[{"@type":"Article","@id":"https:\/\/noticiasemdestaque.com\/cd\/?p=5592#article","isPartOf":{"@id":"https:\/\/noticiasemdestaque.com\/cd\/?p=5592"},"author":{"name":"Not\u00edcias em Destaque","@id":"https:\/\/noticiasemdestaque.com\/cd\/#\/schema\/person\/21320b03a7e8bb90128938dafc9b908a"},"headline":"Vereador apresenta sugest\u00f5es em PL para reparcelamento da d\u00edvida do Munic\u00edpio de Serra Branca com IPSERB; Assista","datePublished":"2017-10-30T10:53:58+00:00","mainEntityOfPage":{"@id":"https:\/\/noticiasemdestaque.com\/cd\/?p=5592"},"wordCount":308,"publisher":{"@id":"https:\/\/noticiasemdestaque.com\/cd\/#organization"},"image":{"@id":"https:\/\/noticiasemdestaque.com\/cd\/?p=5592#primaryimage"},"thumbnailUrl":"https:\/\/noticiasemdestaque.com\/cd\/wp-content\/uploads\/2017\/10\/FOTO-GG-WANDRI-TADEUS-CARIRI-EM-DESTAQUE.jpg","articleSection":["Pol\u00edtica"],"inLanguage":"pt-BR"},{"@type":"WebPage","@id":"https:\/\/noticiasemdestaque.com\/cd\/?p=5592","url":"https:\/\/noticiasemdestaque.com\/cd\/?p=5592","name":"Vereador apresenta sugest\u00f5es em PL para reparcelamento da d\u00edvida do Munic\u00edpio de Serra Branca com IPSERB; Assista - Not&iacute;cias em Destaque","isPartOf":{"@id":"https:\/\/noticiasemdestaque.com\/cd\/#website"},"primaryImageOfPage":{"@id":"https:\/\/noticiasemdestaque.com\/cd\/?p=5592#primaryimage"},"image":{"@id":"https:\/\/noticiasemdestaque.com\/cd\/?p=5592#primaryimage"},"thumbnailUrl":"https:\/\/noticiasemdestaque.com\/cd\/wp-content\/uploads\/2017\/10\/FOTO-GG-WANDRI-TADEUS-CARIRI-EM-DESTAQUE.jpg","datePublished":"2017-10-30T10:53:58+00:00","breadcrumb":{"@id":"https:\/\/noticiasemdestaque.com\/cd\/?p=5592#breadcrumb"},"inLanguage":"pt-BR","potentialAction":[{"@type":"ReadAction","target":["https:\/\/noticiasemdestaque.com\/cd\/?p=5592"]}]},{"@type":"ImageObject","inLanguage":"pt-BR","@id":"https:\/\/noticiasemdestaque.com\/cd\/?p=5592#primaryimage","url":"https:\/\/noticiasemdestaque.com\/cd\/wp-content\/uploads\/2017\/10\/FOTO-GG-WANDRI-TADEUS-CARIRI-EM-DESTAQUE.jpg","contentUrl":"https:\/\/noticiasemdestaque.com\/cd\/wp-content\/uploads\/2017\/10\/FOTO-GG-WANDRI-TADEUS-CARIRI-EM-DESTAQUE.jpg","width":960,"height":536,"caption":"FOTO-GG-WANDRI-TADEUS-CARIRI-EM-DESTAQUE"},{"@type":"BreadcrumbList","@id":"https:\/\/noticiasemdestaque.com\/cd\/?p=5592#breadcrumb","itemListElement":[{"@type":"ListItem","position":1,"name":"In\u00edcio","item":"https:\/\/noticiasemdestaque.com\/cd\/"},{"@type":"ListItem","position":2,"name":"Vereador apresenta sugest\u00f5es em PL para reparcelamento da d\u00edvida do Munic\u00edpio de Serra Branca com IPSERB; Assista"}]},{"@type":"WebSite","@id":"https:\/\/noticiasemdestaque.com\/cd\/#website","url":"https:\/\/noticiasemdestaque.com\/cd\/","name":"Not&iacute;cias em Destaque","description":"","publisher":{"@id":"https:\/\/noticiasemdestaque.com\/cd\/#organization"},"potentialAction":[{"@type":"SearchAction","target":{"@type":"EntryPoint","urlTemplate":"https:\/\/noticiasemdestaque.com\/cd\/?s={search_term_string}"},"query-input":{"@type":"PropertyValueSpecification","valueRequired":true,"valueName":"search_term_string"}}],"inLanguage":"pt-BR"},{"@type":"Organization","@id":"https:\/\/noticiasemdestaque.com\/cd\/#organization","name":"Not\u00edcias em Destaque","url":"https:\/\/noticiasemdestaque.com\/cd\/","logo":{"@type":"ImageObject","inLanguage":"pt-BR","@id":"https:\/\/noticiasemdestaque.com\/cd\/#\/schema\/logo\/image\/","url":"https:\/\/noticiasemdestaque.com\/cd\/wp-content\/uploads\/2022\/05\/imagem-base-noticiasemdestaque.png","contentUrl":"https:\/\/noticiasemdestaque.com\/cd\/wp-content\/uploads\/2022\/05\/imagem-base-noticiasemdestaque.png","width":1200,"height":630,"caption":"Not\u00edcias em Destaque"},"image":{"@id":"https:\/\/noticiasemdestaque.com\/cd\/#\/schema\/logo\/image\/"}},{"@type":"Person","@id":"https:\/\/noticiasemdestaque.com\/cd\/#\/schema\/person\/21320b03a7e8bb90128938dafc9b908a","name":"Not\u00edcias em Destaque","url":"https:\/\/noticiasemdestaque.com\/cd\/?author=2"}]}},"jetpack_featured_media_url":"https:\/\/noticiasemdestaque.com\/cd\/wp-content\/uploads\/2017\/10\/FOTO-GG-WANDRI-TADEUS-CARIRI-EM-DESTAQUE.jpg","jetpack_sharing_enabled":true,"_links":{"self":[{"href":"https:\/\/noticiasemdestaque.com\/cd\/index.php?rest_route=\/wp\/v2\/posts\/5592","targetHints":{"allow":["GET"]}}],"collection":[{"href":"https:\/\/noticiasemdestaque.com\/cd\/index.php?rest_route=\/wp\/v2\/posts"}],"about":[{"href":"https:\/\/noticiasemdestaque.com\/cd\/index.php?rest_route=\/wp\/v2\/types\/post"}],"author":[{"embeddable":true,"href":"https:\/\/noticiasemdestaque.com\/cd\/index.php?rest_route=\/wp\/v2\/users\/2"}],"replies":[{"embeddable":true,"href":"https:\/\/noticiasemdestaque.com\/cd\/index.php?rest_route=%2Fwp%2Fv2%2Fcomments&post=5592"}],"version-history":[{"count":2,"href":"https:\/\/noticiasemdestaque.com\/cd\/index.php?rest_route=\/wp\/v2\/posts\/5592\/revisions"}],"predecessor-version":[{"id":5891,"href":"https:\/\/noticiasemdestaque.com\/cd\/index.php?rest_route=\/wp\/v2\/posts\/5592\/revisions\/5891"}],"wp:featuredmedia":[{"embeddable":true,"href":"https:\/\/noticiasemdestaque.com\/cd\/index.php?rest_route=\/wp\/v2\/media\/5593"}],"wp:attachment":[{"href":"https:\/\/noticiasemdestaque.com\/cd\/index.php?rest_route=%2Fwp%2Fv2%2Fmedia&parent=5592"}],"wp:term":[{"taxonomy":"category","embeddable":true,"href":"https:\/\/noticiasemdestaque.com\/cd\/index.php?rest_route=%2Fwp%2Fv2%2Fcategories&post=5592"},{"taxonomy":"post_tag","embeddable":true,"href":"https:\/\/noticiasemdestaque.com\/cd\/index.php?rest_route=%2Fwp%2Fv2%2Ftags&post=5592"}],"curies":[{"name":"wp","href":"https:\/\/api.w.org\/{rel}","templated":true}]}}