{"id":5571,"date":"2017-10-28T16:20:49","date_gmt":"2017-10-28T19:20:49","guid":{"rendered":"http:\/\/caririemdestaque.com\/cd\/?p=5571"},"modified":"2017-10-28T16:20:49","modified_gmt":"2017-10-28T19:20:49","slug":"ifpb-abre-vagas-temporarias-para-professor-e-interprete-de-sinais","status":"publish","type":"post","link":"https:\/\/noticiasemdestaque.com\/cd\/?p=5571","title":{"rendered":"IFPB abre vagas tempor\u00e1rias para professor e int\u00e9rprete de sinais"},"content":{"rendered":"<p><a href=\"http:\/\/caririemdestaque.com\/cd\/wp-content\/uploads\/2017\/10\/concurso-e1509206737614.jpg\"><img decoding=\"async\" class=\"size-thumbnail wp-image-5572 alignleft\" src=\"http:\/\/caririemdestaque.com\/cd\/wp-content\/uploads\/2017\/10\/concurso-e1509206737614-150x150.jpg\" alt=\"\" width=\"150\" height=\"150\" \/><\/a>O Instituto Federal de Educa\u00e7\u00e3o Ci\u00eancia e Tecnologia da Para\u00edba (IFPB) abriu, inscri\u00e7\u00f5es para contrata\u00e7\u00e3o tempor\u00e1ria de professores e de tradutores e int\u00e9rpretes de sinais.<\/p>\n<p>Ser\u00e3o ofertadas tr\u00eas vagas para o cargo de tradutor e int\u00e9rprete de linguagem de sinais. Um dos pr\u00e9-requisitos para a ocupa\u00e7\u00e3o do cargo \u00e9 ter o curso superior em Letras e profici\u00eancia em L\u00edngua Brasileira de Sinais (Libras).<\/p>\n<p>As vagas s\u00e3o para os campus de campus Jo\u00e3o Pessoa, Campina Grande e\u00a0\u00a0<a href=\"http:\/\/www.diariodosertao.com.br\/cidade\/sousa\">Sousa<\/a>, com remunera\u00e7\u00e3o b\u00e1sica de\u00a0R$ R$ 3.666,54, mais aux\u00edlio-alimenta\u00e7\u00e3o de R$ 458 e outros benef\u00edcios, para o regime de 40 horas de trabalho semanais.<\/p>\n<p>As inscri\u00e7\u00f5es ser\u00e3o feitas at\u00e9 o dia 13 de novembro pelo site. Para conferir o edital completo\u00a0<a href=\"https:\/\/www.ifpb.edu.br\/concursopublico\/professor-substituto\/vigentes\/edital-120-2017-campus-cabedelo-centro\"><strong>clique aqui.<\/strong><\/a><\/p>\n<p>O regime de trabalho \u00e9 de 40 horas semanais. As inscri\u00e7\u00f5es ser\u00e3o no valor de R$ 120,00 e ser\u00e3o feitas online at\u00e9 13 de novembro.<\/p>\n<p>As provas ser\u00e3o realizadas no dia 03 de dezembro em Jo\u00e3o Pessoa,e o resultado final est\u00e1 previsto para sair no dia 18 de dezembro.<\/p>\n","protected":false},"excerpt":{"rendered":"<p>O Instituto Federal de Educa\u00e7\u00e3o Ci\u00eancia e Tecnologia da Para\u00edba (IFPB) abriu, inscri\u00e7\u00f5es para contrata\u00e7\u00e3o tempor\u00e1ria de professores e de tradutores e int\u00e9rpretes de sinais. Ser\u00e3o ofertadas tr\u00eas vagas para o cargo de tradutor e int\u00e9rprete de linguagem de sinais. Um dos pr\u00e9-requisitos para a ocupa\u00e7\u00e3o do cargo \u00e9 ter o curso superior em Letras e profici\u00eancia em L\u00edngua Brasileira de Sinais (Libras). As vagas s\u00e3o para os campus de campus Jo\u00e3o Pessoa, Campina Grande e\u00a0\u00a0Sousa, com remunera\u00e7\u00e3o b\u00e1sica de\u00a0R$ R$ 3.666,54, mais aux\u00edlio-alimenta\u00e7\u00e3o de R$ 458 e outros benef\u00edcios, para o regime de 40 horas de trabalho semanais. As inscri\u00e7\u00f5es ser\u00e3o feitas at\u00e9 o dia 13 de novembro pelo site. Para conferir o edital completo\u00a0clique aqui. O regime de trabalho \u00e9 de 40 horas semanais. As inscri\u00e7\u00f5es ser\u00e3o no valor de R$ 120,00 e ser\u00e3o feitas online at\u00e9 13 de novembro. As provas ser\u00e3o realizadas no dia 03 de dezembro em Jo\u00e3o Pessoa,e o resultado final est\u00e1 previsto para sair no dia 18 de dezembro.<\/p>\n","protected":false},"author":2,"featured_media":5572,"comment_status":"closed","ping_status":"open","sticky":false,"template":"","format":"standard","meta":{"_eb_attr":"","_jetpack_memberships_contains_paid_content":false,"footnotes":""},"categories":[6],"tags":[],"class_list":["post-5571","post","type-post","status-publish","format-standard","has-post-thumbnail","hentry","category-educacao"],"yoast_head":"<!-- This site is optimized with the Yoast SEO plugin v26.5 - https:\/\/yoast.com\/wordpress\/plugins\/seo\/ -->\n<title>IFPB abre vagas tempor\u00e1rias para professor e int\u00e9rprete de sinais - Not&iacute;cias em Destaque<\/title>\n<meta name=\"robots\" content=\"index, follow, max-snippet:-1, max-image-preview:large, max-video-preview:-1\" \/>\n<link rel=\"canonical\" href=\"https:\/\/noticiasemdestaque.com\/cd\/?p=5571\" \/>\n<meta property=\"og:locale\" content=\"pt_BR\" \/>\n<meta property=\"og:type\" content=\"article\" \/>\n<meta property=\"og:title\" content=\"IFPB abre vagas tempor\u00e1rias para professor e int\u00e9rprete de sinais - Not&iacute;cias em Destaque\" \/>\n<meta property=\"og:description\" content=\"O Instituto Federal de Educa\u00e7\u00e3o Ci\u00eancia e Tecnologia da Para\u00edba (IFPB) abriu, inscri\u00e7\u00f5es para contrata\u00e7\u00e3o tempor\u00e1ria de professores e de tradutores e int\u00e9rpretes de sinais. Ser\u00e3o ofertadas tr\u00eas vagas para o cargo de tradutor e int\u00e9rprete de linguagem de sinais. Um dos pr\u00e9-requisitos para a ocupa\u00e7\u00e3o do cargo \u00e9 ter o curso superior em Letras e profici\u00eancia em L\u00edngua Brasileira de Sinais (Libras). As vagas s\u00e3o para os campus de campus Jo\u00e3o Pessoa, Campina Grande e\u00a0\u00a0Sousa, com remunera\u00e7\u00e3o b\u00e1sica de\u00a0R$ R$ 3.666,54, mais aux\u00edlio-alimenta\u00e7\u00e3o de R$ 458 e outros benef\u00edcios, para o regime de 40 horas de trabalho semanais. As inscri\u00e7\u00f5es ser\u00e3o feitas at\u00e9 o dia 13 de novembro pelo site. Para conferir o edital completo\u00a0clique aqui. O regime de trabalho \u00e9 de 40 horas semanais. As inscri\u00e7\u00f5es ser\u00e3o no valor de R$ 120,00 e ser\u00e3o feitas online at\u00e9 13 de novembro. As provas ser\u00e3o realizadas no dia 03 de dezembro em Jo\u00e3o Pessoa,e o resultado final est\u00e1 previsto para sair no dia 18 de dezembro.\" \/>\n<meta property=\"og:url\" content=\"https:\/\/noticiasemdestaque.com\/cd\/?p=5571\" \/>\n<meta property=\"og:site_name\" content=\"Not&iacute;cias em Destaque\" \/>\n<meta property=\"article:published_time\" content=\"2017-10-28T19:20:49+00:00\" \/>\n<meta property=\"og:image\" content=\"https:\/\/noticiasemdestaque.com\/cd\/wp-content\/uploads\/2017\/10\/concurso-e1509206737614.jpg\" \/>\n\t<meta property=\"og:image:width\" content=\"750\" \/>\n\t<meta property=\"og:image:height\" content=\"400\" \/>\n\t<meta property=\"og:image:type\" content=\"image\/jpeg\" \/>\n<meta name=\"author\" content=\"Not\u00edcias em Destaque\" \/>\n<meta name=\"twitter:card\" content=\"summary_large_image\" \/>\n<meta name=\"twitter:label1\" content=\"Escrito por\" \/>\n\t<meta name=\"twitter:data1\" content=\"Not\u00edcias em Destaque\" \/>\n\t<meta name=\"twitter:label2\" content=\"Est. tempo de leitura\" \/>\n\t<meta name=\"twitter:data2\" content=\"1 minuto\" \/>\n<script type=\"application\/ld+json\" class=\"yoast-schema-graph\">{\"@context\":\"https:\/\/schema.org\",\"@graph\":[{\"@type\":\"Article\",\"@id\":\"https:\/\/noticiasemdestaque.com\/cd\/?p=5571#article\",\"isPartOf\":{\"@id\":\"https:\/\/noticiasemdestaque.com\/cd\/?p=5571\"},\"author\":{\"name\":\"Not\u00edcias em Destaque\",\"@id\":\"https:\/\/noticiasemdestaque.com\/cd\/#\/schema\/person\/21320b03a7e8bb90128938dafc9b908a\"},\"headline\":\"IFPB abre vagas tempor\u00e1rias para professor e int\u00e9rprete de sinais\",\"datePublished\":\"2017-10-28T19:20:49+00:00\",\"mainEntityOfPage\":{\"@id\":\"https:\/\/noticiasemdestaque.com\/cd\/?p=5571\"},\"wordCount\":199,\"publisher\":{\"@id\":\"https:\/\/noticiasemdestaque.com\/cd\/#organization\"},\"image\":{\"@id\":\"https:\/\/noticiasemdestaque.com\/cd\/?p=5571#primaryimage\"},\"thumbnailUrl\":\"https:\/\/noticiasemdestaque.com\/cd\/wp-content\/uploads\/2017\/10\/concurso-e1509206737614.jpg\",\"articleSection\":[\"Educa\u00e7\u00e3o\"],\"inLanguage\":\"pt-BR\"},{\"@type\":\"WebPage\",\"@id\":\"https:\/\/noticiasemdestaque.com\/cd\/?p=5571\",\"url\":\"https:\/\/noticiasemdestaque.com\/cd\/?p=5571\",\"name\":\"IFPB abre vagas tempor\u00e1rias para professor e int\u00e9rprete de sinais - Not&iacute;cias em Destaque\",\"isPartOf\":{\"@id\":\"https:\/\/noticiasemdestaque.com\/cd\/#website\"},\"primaryImageOfPage\":{\"@id\":\"https:\/\/noticiasemdestaque.com\/cd\/?p=5571#primaryimage\"},\"image\":{\"@id\":\"https:\/\/noticiasemdestaque.com\/cd\/?p=5571#primaryimage\"},\"thumbnailUrl\":\"https:\/\/noticiasemdestaque.com\/cd\/wp-content\/uploads\/2017\/10\/concurso-e1509206737614.jpg\",\"datePublished\":\"2017-10-28T19:20:49+00:00\",\"breadcrumb\":{\"@id\":\"https:\/\/noticiasemdestaque.com\/cd\/?p=5571#breadcrumb\"},\"inLanguage\":\"pt-BR\",\"potentialAction\":[{\"@type\":\"ReadAction\",\"target\":[\"https:\/\/noticiasemdestaque.com\/cd\/?p=5571\"]}]},{\"@type\":\"ImageObject\",\"inLanguage\":\"pt-BR\",\"@id\":\"https:\/\/noticiasemdestaque.com\/cd\/?p=5571#primaryimage\",\"url\":\"https:\/\/noticiasemdestaque.com\/cd\/wp-content\/uploads\/2017\/10\/concurso-e1509206737614.jpg\",\"contentUrl\":\"https:\/\/noticiasemdestaque.com\/cd\/wp-content\/uploads\/2017\/10\/concurso-e1509206737614.jpg\",\"width\":750,\"height\":400},{\"@type\":\"BreadcrumbList\",\"@id\":\"https:\/\/noticiasemdestaque.com\/cd\/?p=5571#breadcrumb\",\"itemListElement\":[{\"@type\":\"ListItem\",\"position\":1,\"name\":\"In\u00edcio\",\"item\":\"https:\/\/noticiasemdestaque.com\/cd\/\"},{\"@type\":\"ListItem\",\"position\":2,\"name\":\"IFPB abre vagas tempor\u00e1rias para professor e int\u00e9rprete de sinais\"}]},{\"@type\":\"WebSite\",\"@id\":\"https:\/\/noticiasemdestaque.com\/cd\/#website\",\"url\":\"https:\/\/noticiasemdestaque.com\/cd\/\",\"name\":\"Not&iacute;cias em Destaque\",\"description\":\"\",\"publisher\":{\"@id\":\"https:\/\/noticiasemdestaque.com\/cd\/#organization\"},\"potentialAction\":[{\"@type\":\"SearchAction\",\"target\":{\"@type\":\"EntryPoint\",\"urlTemplate\":\"https:\/\/noticiasemdestaque.com\/cd\/?s={search_term_string}\"},\"query-input\":{\"@type\":\"PropertyValueSpecification\",\"valueRequired\":true,\"valueName\":\"search_term_string\"}}],\"inLanguage\":\"pt-BR\"},{\"@type\":\"Organization\",\"@id\":\"https:\/\/noticiasemdestaque.com\/cd\/#organization\",\"name\":\"Not\u00edcias em Destaque\",\"url\":\"https:\/\/noticiasemdestaque.com\/cd\/\",\"logo\":{\"@type\":\"ImageObject\",\"inLanguage\":\"pt-BR\",\"@id\":\"https:\/\/noticiasemdestaque.com\/cd\/#\/schema\/logo\/image\/\",\"url\":\"https:\/\/noticiasemdestaque.com\/cd\/wp-content\/uploads\/2022\/05\/imagem-base-noticiasemdestaque.png\",\"contentUrl\":\"https:\/\/noticiasemdestaque.com\/cd\/wp-content\/uploads\/2022\/05\/imagem-base-noticiasemdestaque.png\",\"width\":1200,\"height\":630,\"caption\":\"Not\u00edcias em Destaque\"},\"image\":{\"@id\":\"https:\/\/noticiasemdestaque.com\/cd\/#\/schema\/logo\/image\/\"}},{\"@type\":\"Person\",\"@id\":\"https:\/\/noticiasemdestaque.com\/cd\/#\/schema\/person\/21320b03a7e8bb90128938dafc9b908a\",\"name\":\"Not\u00edcias em Destaque\",\"url\":\"https:\/\/noticiasemdestaque.com\/cd\/?author=2\"}]}<\/script>\n<!-- \/ Yoast SEO plugin. -->","yoast_head_json":{"title":"IFPB abre vagas tempor\u00e1rias para professor e int\u00e9rprete de sinais - Not&iacute;cias em Destaque","robots":{"index":"index","follow":"follow","max-snippet":"max-snippet:-1","max-image-preview":"max-image-preview:large","max-video-preview":"max-video-preview:-1"},"canonical":"https:\/\/noticiasemdestaque.com\/cd\/?p=5571","og_locale":"pt_BR","og_type":"article","og_title":"IFPB abre vagas tempor\u00e1rias para professor e int\u00e9rprete de sinais - Not&iacute;cias em Destaque","og_description":"O Instituto Federal de Educa\u00e7\u00e3o Ci\u00eancia e Tecnologia da Para\u00edba (IFPB) abriu, inscri\u00e7\u00f5es para contrata\u00e7\u00e3o tempor\u00e1ria de professores e de tradutores e int\u00e9rpretes de sinais. Ser\u00e3o ofertadas tr\u00eas vagas para o cargo de tradutor e int\u00e9rprete de linguagem de sinais. Um dos pr\u00e9-requisitos para a ocupa\u00e7\u00e3o do cargo \u00e9 ter o curso superior em Letras e profici\u00eancia em L\u00edngua Brasileira de Sinais (Libras). As vagas s\u00e3o para os campus de campus Jo\u00e3o Pessoa, Campina Grande e\u00a0\u00a0Sousa, com remunera\u00e7\u00e3o b\u00e1sica de\u00a0R$ R$ 3.666,54, mais aux\u00edlio-alimenta\u00e7\u00e3o de R$ 458 e outros benef\u00edcios, para o regime de 40 horas de trabalho semanais. As inscri\u00e7\u00f5es ser\u00e3o feitas at\u00e9 o dia 13 de novembro pelo site. Para conferir o edital completo\u00a0clique aqui. O regime de trabalho \u00e9 de 40 horas semanais. As inscri\u00e7\u00f5es ser\u00e3o no valor de R$ 120,00 e ser\u00e3o feitas online at\u00e9 13 de novembro. As provas ser\u00e3o realizadas no dia 03 de dezembro em Jo\u00e3o Pessoa,e o resultado final est\u00e1 previsto para sair no dia 18 de dezembro.","og_url":"https:\/\/noticiasemdestaque.com\/cd\/?p=5571","og_site_name":"Not&iacute;cias em Destaque","article_published_time":"2017-10-28T19:20:49+00:00","og_image":[{"width":750,"height":400,"url":"https:\/\/noticiasemdestaque.com\/cd\/wp-content\/uploads\/2017\/10\/concurso-e1509206737614.jpg","type":"image\/jpeg"}],"author":"Not\u00edcias em Destaque","twitter_card":"summary_large_image","twitter_misc":{"Escrito por":"Not\u00edcias em Destaque","Est. tempo de leitura":"1 minuto"},"schema":{"@context":"https:\/\/schema.org","@graph":[{"@type":"Article","@id":"https:\/\/noticiasemdestaque.com\/cd\/?p=5571#article","isPartOf":{"@id":"https:\/\/noticiasemdestaque.com\/cd\/?p=5571"},"author":{"name":"Not\u00edcias em Destaque","@id":"https:\/\/noticiasemdestaque.com\/cd\/#\/schema\/person\/21320b03a7e8bb90128938dafc9b908a"},"headline":"IFPB abre vagas tempor\u00e1rias para professor e int\u00e9rprete de sinais","datePublished":"2017-10-28T19:20:49+00:00","mainEntityOfPage":{"@id":"https:\/\/noticiasemdestaque.com\/cd\/?p=5571"},"wordCount":199,"publisher":{"@id":"https:\/\/noticiasemdestaque.com\/cd\/#organization"},"image":{"@id":"https:\/\/noticiasemdestaque.com\/cd\/?p=5571#primaryimage"},"thumbnailUrl":"https:\/\/noticiasemdestaque.com\/cd\/wp-content\/uploads\/2017\/10\/concurso-e1509206737614.jpg","articleSection":["Educa\u00e7\u00e3o"],"inLanguage":"pt-BR"},{"@type":"WebPage","@id":"https:\/\/noticiasemdestaque.com\/cd\/?p=5571","url":"https:\/\/noticiasemdestaque.com\/cd\/?p=5571","name":"IFPB abre vagas tempor\u00e1rias para professor e int\u00e9rprete de sinais - Not&iacute;cias em Destaque","isPartOf":{"@id":"https:\/\/noticiasemdestaque.com\/cd\/#website"},"primaryImageOfPage":{"@id":"https:\/\/noticiasemdestaque.com\/cd\/?p=5571#primaryimage"},"image":{"@id":"https:\/\/noticiasemdestaque.com\/cd\/?p=5571#primaryimage"},"thumbnailUrl":"https:\/\/noticiasemdestaque.com\/cd\/wp-content\/uploads\/2017\/10\/concurso-e1509206737614.jpg","datePublished":"2017-10-28T19:20:49+00:00","breadcrumb":{"@id":"https:\/\/noticiasemdestaque.com\/cd\/?p=5571#breadcrumb"},"inLanguage":"pt-BR","potentialAction":[{"@type":"ReadAction","target":["https:\/\/noticiasemdestaque.com\/cd\/?p=5571"]}]},{"@type":"ImageObject","inLanguage":"pt-BR","@id":"https:\/\/noticiasemdestaque.com\/cd\/?p=5571#primaryimage","url":"https:\/\/noticiasemdestaque.com\/cd\/wp-content\/uploads\/2017\/10\/concurso-e1509206737614.jpg","contentUrl":"https:\/\/noticiasemdestaque.com\/cd\/wp-content\/uploads\/2017\/10\/concurso-e1509206737614.jpg","width":750,"height":400},{"@type":"BreadcrumbList","@id":"https:\/\/noticiasemdestaque.com\/cd\/?p=5571#breadcrumb","itemListElement":[{"@type":"ListItem","position":1,"name":"In\u00edcio","item":"https:\/\/noticiasemdestaque.com\/cd\/"},{"@type":"ListItem","position":2,"name":"IFPB abre vagas tempor\u00e1rias para professor e int\u00e9rprete de sinais"}]},{"@type":"WebSite","@id":"https:\/\/noticiasemdestaque.com\/cd\/#website","url":"https:\/\/noticiasemdestaque.com\/cd\/","name":"Not&iacute;cias em Destaque","description":"","publisher":{"@id":"https:\/\/noticiasemdestaque.com\/cd\/#organization"},"potentialAction":[{"@type":"SearchAction","target":{"@type":"EntryPoint","urlTemplate":"https:\/\/noticiasemdestaque.com\/cd\/?s={search_term_string}"},"query-input":{"@type":"PropertyValueSpecification","valueRequired":true,"valueName":"search_term_string"}}],"inLanguage":"pt-BR"},{"@type":"Organization","@id":"https:\/\/noticiasemdestaque.com\/cd\/#organization","name":"Not\u00edcias em Destaque","url":"https:\/\/noticiasemdestaque.com\/cd\/","logo":{"@type":"ImageObject","inLanguage":"pt-BR","@id":"https:\/\/noticiasemdestaque.com\/cd\/#\/schema\/logo\/image\/","url":"https:\/\/noticiasemdestaque.com\/cd\/wp-content\/uploads\/2022\/05\/imagem-base-noticiasemdestaque.png","contentUrl":"https:\/\/noticiasemdestaque.com\/cd\/wp-content\/uploads\/2022\/05\/imagem-base-noticiasemdestaque.png","width":1200,"height":630,"caption":"Not\u00edcias em Destaque"},"image":{"@id":"https:\/\/noticiasemdestaque.com\/cd\/#\/schema\/logo\/image\/"}},{"@type":"Person","@id":"https:\/\/noticiasemdestaque.com\/cd\/#\/schema\/person\/21320b03a7e8bb90128938dafc9b908a","name":"Not\u00edcias em Destaque","url":"https:\/\/noticiasemdestaque.com\/cd\/?author=2"}]}},"jetpack_featured_media_url":"https:\/\/noticiasemdestaque.com\/cd\/wp-content\/uploads\/2017\/10\/concurso-e1509206737614.jpg","jetpack_sharing_enabled":true,"_links":{"self":[{"href":"https:\/\/noticiasemdestaque.com\/cd\/index.php?rest_route=\/wp\/v2\/posts\/5571","targetHints":{"allow":["GET"]}}],"collection":[{"href":"https:\/\/noticiasemdestaque.com\/cd\/index.php?rest_route=\/wp\/v2\/posts"}],"about":[{"href":"https:\/\/noticiasemdestaque.com\/cd\/index.php?rest_route=\/wp\/v2\/types\/post"}],"author":[{"embeddable":true,"href":"https:\/\/noticiasemdestaque.com\/cd\/index.php?rest_route=\/wp\/v2\/users\/2"}],"replies":[{"embeddable":true,"href":"https:\/\/noticiasemdestaque.com\/cd\/index.php?rest_route=%2Fwp%2Fv2%2Fcomments&post=5571"}],"version-history":[{"count":1,"href":"https:\/\/noticiasemdestaque.com\/cd\/index.php?rest_route=\/wp\/v2\/posts\/5571\/revisions"}],"predecessor-version":[{"id":5573,"href":"https:\/\/noticiasemdestaque.com\/cd\/index.php?rest_route=\/wp\/v2\/posts\/5571\/revisions\/5573"}],"wp:featuredmedia":[{"embeddable":true,"href":"https:\/\/noticiasemdestaque.com\/cd\/index.php?rest_route=\/wp\/v2\/media\/5572"}],"wp:attachment":[{"href":"https:\/\/noticiasemdestaque.com\/cd\/index.php?rest_route=%2Fwp%2Fv2%2Fmedia&parent=5571"}],"wp:term":[{"taxonomy":"category","embeddable":true,"href":"https:\/\/noticiasemdestaque.com\/cd\/index.php?rest_route=%2Fwp%2Fv2%2Fcategories&post=5571"},{"taxonomy":"post_tag","embeddable":true,"href":"https:\/\/noticiasemdestaque.com\/cd\/index.php?rest_route=%2Fwp%2Fv2%2Ftags&post=5571"}],"curies":[{"name":"wp","href":"https:\/\/api.w.org\/{rel}","templated":true}]}}