{"id":5562,"date":"2017-10-28T15:58:14","date_gmt":"2017-10-28T18:58:14","guid":{"rendered":"http:\/\/caririemdestaque.com\/cd\/?p=5562"},"modified":"2017-10-28T15:58:14","modified_gmt":"2017-10-28T18:58:14","slug":"mantendo-compromisso-com-servidores-prefeitura-de-monteiro-confirma-pagamento-para-dia-31","status":"publish","type":"post","link":"https:\/\/noticiasemdestaque.com\/cd\/?p=5562","title":{"rendered":"Mantendo compromisso com servidores, prefeitura de Monteiro confirma pagamento para dia 31"},"content":{"rendered":"<p><a href=\"http:\/\/caririemdestaque.com\/cd\/wp-content\/uploads\/2017\/10\/28102017010911.jpg\"><img decoding=\"async\" class=\"size-thumbnail wp-image-5563 alignleft\" src=\"http:\/\/caririemdestaque.com\/cd\/wp-content\/uploads\/2017\/10\/28102017010911-150x150.jpg\" alt=\"\" width=\"150\" height=\"150\" \/><\/a>A prefeita de Monteiro, Anna Lorena, confirmou na manh\u00e3 desta sexta-feira, 27, o cr\u00e9dito em conta para o pagamento do sal\u00e1rio dos servidores municipais referente ao m\u00eas de outubro.<\/p>\n<p>Os servidores inativos, que compreendem aposentados e pensionistas, poder\u00e3o sacar os valores de suas contas nesta segunda-feira dia 30 e os servidores ativos ter\u00e3o o cr\u00e9dito em conta na segunda e dispon\u00edvel para saque na ter\u00e7a, 31.<\/p>\n<p>A inova\u00e7\u00e3o do calend\u00e1rio implantado na atual gest\u00e3o tem trazido benef\u00edcios no tocante a comodidade da popula\u00e7\u00e3o, pois, com o pagamento dividido em dois dias desafoga o fluxo de pessoas nos bancos da cidade.<\/p>\n<p>A estrat\u00e9gia de pagamento em etapas foi uma atitude vision\u00e1ria da gestora conforme cita a secret\u00e1ria de Finan\u00e7as Rosilda Henrique \u201cAdotamos este sistema de pagamento em dois dias para que os bancos da cidade n\u00e3o fiquem superlotados, visamos \u00e0 comodidade dos idosos primeiramente e depois dos demais servidores. S\u00e3o muitas institui\u00e7\u00f5es pagando no fim do m\u00eas e ainda mais dif\u00edcil fica por serem v\u00e1rias cidades que est\u00e3o utilizando o servi\u00e7o banc\u00e1rio da cidade. Esta foi uma decis\u00e3o muito acertada da prefeita Anna Lorena\u201d.<\/p>\n<p>A folha mensal dos servidores municipais \u00e9 de aproximadamente R$ 2,2 milh\u00f5es, pagos rigorosamente em dia e dentro do m\u00eas trabalhado aquecendo o com\u00e9rcio e fortalecendo a economia.<\/p>\n<p>\u201cEstamos conseguindo driblar a crise que acomete nosso pa\u00eds, resultado de muito esfor\u00e7o, dedica\u00e7\u00e3o e equil\u00edbrio nas contas p\u00fablicas para honrar nosso compromisso de valoriza\u00e7\u00e3o dos servidores municipais da cidade de Monteiro pagando seus sal\u00e1rios dentro do m\u00eas trabalhado, disse Anna Lorena.<\/p>\n<p><strong>Cariri em Destaque<\/strong><\/p>\n<p>Ascom<\/p>\n","protected":false},"excerpt":{"rendered":"<p>A prefeita de Monteiro, Anna Lorena, confirmou na manh\u00e3 desta sexta-feira, 27, o cr\u00e9dito em conta para o pagamento do sal\u00e1rio dos servidores municipais referente ao m\u00eas de outubro. Os servidores inativos, que compreendem aposentados e pensionistas, poder\u00e3o sacar os valores de suas contas nesta segunda-feira dia 30 e os servidores ativos ter\u00e3o o cr\u00e9dito em conta na segunda e dispon\u00edvel para saque na ter\u00e7a, 31. A inova\u00e7\u00e3o do calend\u00e1rio implantado na atual gest\u00e3o tem trazido benef\u00edcios no tocante a comodidade da popula\u00e7\u00e3o, pois, com o pagamento dividido em dois dias desafoga o fluxo de pessoas nos bancos da cidade. A estrat\u00e9gia de pagamento em etapas foi uma atitude vision\u00e1ria da gestora conforme cita a secret\u00e1ria de Finan\u00e7as Rosilda Henrique \u201cAdotamos este sistema de pagamento em dois dias para que os bancos da cidade n\u00e3o fiquem superlotados, visamos \u00e0 comodidade dos idosos primeiramente e depois dos demais servidores. S\u00e3o muitas institui\u00e7\u00f5es pagando no fim do m\u00eas e ainda mais dif\u00edcil fica por serem v\u00e1rias cidades que est\u00e3o utilizando o servi\u00e7o banc\u00e1rio da cidade. Esta foi uma decis\u00e3o muito acertada da prefeita Anna Lorena\u201d. A folha mensal dos servidores municipais \u00e9 de aproximadamente R$ 2,2 milh\u00f5es, pagos rigorosamente em dia e dentro do m\u00eas trabalhado aquecendo o com\u00e9rcio e fortalecendo a economia. \u201cEstamos conseguindo driblar a crise que acomete nosso pa\u00eds, resultado de muito esfor\u00e7o, dedica\u00e7\u00e3o e equil\u00edbrio nas contas p\u00fablicas para honrar nosso compromisso de valoriza\u00e7\u00e3o dos servidores municipais da cidade de Monteiro pagando seus sal\u00e1rios dentro do m\u00eas trabalhado, disse Anna Lorena. Cariri em Destaque Ascom<\/p>\n","protected":false},"author":2,"featured_media":5563,"comment_status":"closed","ping_status":"open","sticky":false,"template":"","format":"standard","meta":{"_eb_attr":"","_jetpack_memberships_contains_paid_content":false,"footnotes":""},"categories":[3],"tags":[],"class_list":["post-5562","post","type-post","status-publish","format-standard","has-post-thumbnail","hentry","category-cidades"],"yoast_head":"<!-- This site is optimized with the Yoast SEO plugin v26.5 - https:\/\/yoast.com\/wordpress\/plugins\/seo\/ -->\n<title>Mantendo compromisso com servidores, prefeitura de Monteiro confirma pagamento para dia 31 - Not&iacute;cias em Destaque<\/title>\n<meta name=\"robots\" content=\"index, follow, max-snippet:-1, max-image-preview:large, max-video-preview:-1\" \/>\n<link rel=\"canonical\" href=\"https:\/\/noticiasemdestaque.com\/cd\/?p=5562\" \/>\n<meta property=\"og:locale\" content=\"pt_BR\" \/>\n<meta property=\"og:type\" content=\"article\" \/>\n<meta property=\"og:title\" content=\"Mantendo compromisso com servidores, prefeitura de Monteiro confirma pagamento para dia 31 - Not&iacute;cias em Destaque\" \/>\n<meta property=\"og:description\" content=\"A prefeita de Monteiro, Anna Lorena, confirmou na manh\u00e3 desta sexta-feira, 27, o cr\u00e9dito em conta para o pagamento do sal\u00e1rio dos servidores municipais referente ao m\u00eas de outubro. Os servidores inativos, que compreendem aposentados e pensionistas, poder\u00e3o sacar os valores de suas contas nesta segunda-feira dia 30 e os servidores ativos ter\u00e3o o cr\u00e9dito em conta na segunda e dispon\u00edvel para saque na ter\u00e7a, 31. A inova\u00e7\u00e3o do calend\u00e1rio implantado na atual gest\u00e3o tem trazido benef\u00edcios no tocante a comodidade da popula\u00e7\u00e3o, pois, com o pagamento dividido em dois dias desafoga o fluxo de pessoas nos bancos da cidade. A estrat\u00e9gia de pagamento em etapas foi uma atitude vision\u00e1ria da gestora conforme cita a secret\u00e1ria de Finan\u00e7as Rosilda Henrique \u201cAdotamos este sistema de pagamento em dois dias para que os bancos da cidade n\u00e3o fiquem superlotados, visamos \u00e0 comodidade dos idosos primeiramente e depois dos demais servidores. S\u00e3o muitas institui\u00e7\u00f5es pagando no fim do m\u00eas e ainda mais dif\u00edcil fica por serem v\u00e1rias cidades que est\u00e3o utilizando o servi\u00e7o banc\u00e1rio da cidade. Esta foi uma decis\u00e3o muito acertada da prefeita Anna Lorena\u201d. A folha mensal dos servidores municipais \u00e9 de aproximadamente R$ 2,2 milh\u00f5es, pagos rigorosamente em dia e dentro do m\u00eas trabalhado aquecendo o com\u00e9rcio e fortalecendo a economia. \u201cEstamos conseguindo driblar a crise que acomete nosso pa\u00eds, resultado de muito esfor\u00e7o, dedica\u00e7\u00e3o e equil\u00edbrio nas contas p\u00fablicas para honrar nosso compromisso de valoriza\u00e7\u00e3o dos servidores municipais da cidade de Monteiro pagando seus sal\u00e1rios dentro do m\u00eas trabalhado, disse Anna Lorena. Cariri em Destaque Ascom\" \/>\n<meta property=\"og:url\" content=\"https:\/\/noticiasemdestaque.com\/cd\/?p=5562\" \/>\n<meta property=\"og:site_name\" content=\"Not&iacute;cias em Destaque\" \/>\n<meta property=\"article:published_time\" content=\"2017-10-28T18:58:14+00:00\" \/>\n<meta property=\"og:image\" content=\"https:\/\/noticiasemdestaque.com\/cd\/wp-content\/uploads\/2017\/10\/28102017010911.jpg\" \/>\n\t<meta property=\"og:image:width\" content=\"720\" \/>\n\t<meta property=\"og:image:height\" content=\"479\" \/>\n\t<meta property=\"og:image:type\" content=\"image\/jpeg\" \/>\n<meta name=\"author\" content=\"Not\u00edcias em Destaque\" \/>\n<meta name=\"twitter:card\" content=\"summary_large_image\" \/>\n<meta name=\"twitter:label1\" content=\"Escrito por\" \/>\n\t<meta name=\"twitter:data1\" content=\"Not\u00edcias em Destaque\" \/>\n\t<meta name=\"twitter:label2\" content=\"Est. tempo de leitura\" \/>\n\t<meta name=\"twitter:data2\" content=\"1 minuto\" \/>\n<script type=\"application\/ld+json\" class=\"yoast-schema-graph\">{\"@context\":\"https:\/\/schema.org\",\"@graph\":[{\"@type\":\"Article\",\"@id\":\"https:\/\/noticiasemdestaque.com\/cd\/?p=5562#article\",\"isPartOf\":{\"@id\":\"https:\/\/noticiasemdestaque.com\/cd\/?p=5562\"},\"author\":{\"name\":\"Not\u00edcias em Destaque\",\"@id\":\"https:\/\/noticiasemdestaque.com\/cd\/#\/schema\/person\/21320b03a7e8bb90128938dafc9b908a\"},\"headline\":\"Mantendo compromisso com servidores, prefeitura de Monteiro confirma pagamento para dia 31\",\"datePublished\":\"2017-10-28T18:58:14+00:00\",\"mainEntityOfPage\":{\"@id\":\"https:\/\/noticiasemdestaque.com\/cd\/?p=5562\"},\"wordCount\":300,\"publisher\":{\"@id\":\"https:\/\/noticiasemdestaque.com\/cd\/#organization\"},\"image\":{\"@id\":\"https:\/\/noticiasemdestaque.com\/cd\/?p=5562#primaryimage\"},\"thumbnailUrl\":\"https:\/\/noticiasemdestaque.com\/cd\/wp-content\/uploads\/2017\/10\/28102017010911.jpg\",\"articleSection\":[\"Cidades\"],\"inLanguage\":\"pt-BR\"},{\"@type\":\"WebPage\",\"@id\":\"https:\/\/noticiasemdestaque.com\/cd\/?p=5562\",\"url\":\"https:\/\/noticiasemdestaque.com\/cd\/?p=5562\",\"name\":\"Mantendo compromisso com servidores, prefeitura de Monteiro confirma pagamento para dia 31 - Not&iacute;cias em Destaque\",\"isPartOf\":{\"@id\":\"https:\/\/noticiasemdestaque.com\/cd\/#website\"},\"primaryImageOfPage\":{\"@id\":\"https:\/\/noticiasemdestaque.com\/cd\/?p=5562#primaryimage\"},\"image\":{\"@id\":\"https:\/\/noticiasemdestaque.com\/cd\/?p=5562#primaryimage\"},\"thumbnailUrl\":\"https:\/\/noticiasemdestaque.com\/cd\/wp-content\/uploads\/2017\/10\/28102017010911.jpg\",\"datePublished\":\"2017-10-28T18:58:14+00:00\",\"breadcrumb\":{\"@id\":\"https:\/\/noticiasemdestaque.com\/cd\/?p=5562#breadcrumb\"},\"inLanguage\":\"pt-BR\",\"potentialAction\":[{\"@type\":\"ReadAction\",\"target\":[\"https:\/\/noticiasemdestaque.com\/cd\/?p=5562\"]}]},{\"@type\":\"ImageObject\",\"inLanguage\":\"pt-BR\",\"@id\":\"https:\/\/noticiasemdestaque.com\/cd\/?p=5562#primaryimage\",\"url\":\"https:\/\/noticiasemdestaque.com\/cd\/wp-content\/uploads\/2017\/10\/28102017010911.jpg\",\"contentUrl\":\"https:\/\/noticiasemdestaque.com\/cd\/wp-content\/uploads\/2017\/10\/28102017010911.jpg\",\"width\":720,\"height\":479},{\"@type\":\"BreadcrumbList\",\"@id\":\"https:\/\/noticiasemdestaque.com\/cd\/?p=5562#breadcrumb\",\"itemListElement\":[{\"@type\":\"ListItem\",\"position\":1,\"name\":\"In\u00edcio\",\"item\":\"https:\/\/noticiasemdestaque.com\/cd\/\"},{\"@type\":\"ListItem\",\"position\":2,\"name\":\"Mantendo compromisso com servidores, prefeitura de Monteiro confirma pagamento para dia 31\"}]},{\"@type\":\"WebSite\",\"@id\":\"https:\/\/noticiasemdestaque.com\/cd\/#website\",\"url\":\"https:\/\/noticiasemdestaque.com\/cd\/\",\"name\":\"Not&iacute;cias em Destaque\",\"description\":\"\",\"publisher\":{\"@id\":\"https:\/\/noticiasemdestaque.com\/cd\/#organization\"},\"potentialAction\":[{\"@type\":\"SearchAction\",\"target\":{\"@type\":\"EntryPoint\",\"urlTemplate\":\"https:\/\/noticiasemdestaque.com\/cd\/?s={search_term_string}\"},\"query-input\":{\"@type\":\"PropertyValueSpecification\",\"valueRequired\":true,\"valueName\":\"search_term_string\"}}],\"inLanguage\":\"pt-BR\"},{\"@type\":\"Organization\",\"@id\":\"https:\/\/noticiasemdestaque.com\/cd\/#organization\",\"name\":\"Not\u00edcias em Destaque\",\"url\":\"https:\/\/noticiasemdestaque.com\/cd\/\",\"logo\":{\"@type\":\"ImageObject\",\"inLanguage\":\"pt-BR\",\"@id\":\"https:\/\/noticiasemdestaque.com\/cd\/#\/schema\/logo\/image\/\",\"url\":\"https:\/\/noticiasemdestaque.com\/cd\/wp-content\/uploads\/2022\/05\/imagem-base-noticiasemdestaque.png\",\"contentUrl\":\"https:\/\/noticiasemdestaque.com\/cd\/wp-content\/uploads\/2022\/05\/imagem-base-noticiasemdestaque.png\",\"width\":1200,\"height\":630,\"caption\":\"Not\u00edcias em Destaque\"},\"image\":{\"@id\":\"https:\/\/noticiasemdestaque.com\/cd\/#\/schema\/logo\/image\/\"}},{\"@type\":\"Person\",\"@id\":\"https:\/\/noticiasemdestaque.com\/cd\/#\/schema\/person\/21320b03a7e8bb90128938dafc9b908a\",\"name\":\"Not\u00edcias em Destaque\",\"url\":\"https:\/\/noticiasemdestaque.com\/cd\/?author=2\"}]}<\/script>\n<!-- \/ Yoast SEO plugin. -->","yoast_head_json":{"title":"Mantendo compromisso com servidores, prefeitura de Monteiro confirma pagamento para dia 31 - Not&iacute;cias em Destaque","robots":{"index":"index","follow":"follow","max-snippet":"max-snippet:-1","max-image-preview":"max-image-preview:large","max-video-preview":"max-video-preview:-1"},"canonical":"https:\/\/noticiasemdestaque.com\/cd\/?p=5562","og_locale":"pt_BR","og_type":"article","og_title":"Mantendo compromisso com servidores, prefeitura de Monteiro confirma pagamento para dia 31 - Not&iacute;cias em Destaque","og_description":"A prefeita de Monteiro, Anna Lorena, confirmou na manh\u00e3 desta sexta-feira, 27, o cr\u00e9dito em conta para o pagamento do sal\u00e1rio dos servidores municipais referente ao m\u00eas de outubro. Os servidores inativos, que compreendem aposentados e pensionistas, poder\u00e3o sacar os valores de suas contas nesta segunda-feira dia 30 e os servidores ativos ter\u00e3o o cr\u00e9dito em conta na segunda e dispon\u00edvel para saque na ter\u00e7a, 31. A inova\u00e7\u00e3o do calend\u00e1rio implantado na atual gest\u00e3o tem trazido benef\u00edcios no tocante a comodidade da popula\u00e7\u00e3o, pois, com o pagamento dividido em dois dias desafoga o fluxo de pessoas nos bancos da cidade. A estrat\u00e9gia de pagamento em etapas foi uma atitude vision\u00e1ria da gestora conforme cita a secret\u00e1ria de Finan\u00e7as Rosilda Henrique \u201cAdotamos este sistema de pagamento em dois dias para que os bancos da cidade n\u00e3o fiquem superlotados, visamos \u00e0 comodidade dos idosos primeiramente e depois dos demais servidores. S\u00e3o muitas institui\u00e7\u00f5es pagando no fim do m\u00eas e ainda mais dif\u00edcil fica por serem v\u00e1rias cidades que est\u00e3o utilizando o servi\u00e7o banc\u00e1rio da cidade. Esta foi uma decis\u00e3o muito acertada da prefeita Anna Lorena\u201d. A folha mensal dos servidores municipais \u00e9 de aproximadamente R$ 2,2 milh\u00f5es, pagos rigorosamente em dia e dentro do m\u00eas trabalhado aquecendo o com\u00e9rcio e fortalecendo a economia. \u201cEstamos conseguindo driblar a crise que acomete nosso pa\u00eds, resultado de muito esfor\u00e7o, dedica\u00e7\u00e3o e equil\u00edbrio nas contas p\u00fablicas para honrar nosso compromisso de valoriza\u00e7\u00e3o dos servidores municipais da cidade de Monteiro pagando seus sal\u00e1rios dentro do m\u00eas trabalhado, disse Anna Lorena. Cariri em Destaque Ascom","og_url":"https:\/\/noticiasemdestaque.com\/cd\/?p=5562","og_site_name":"Not&iacute;cias em Destaque","article_published_time":"2017-10-28T18:58:14+00:00","og_image":[{"width":720,"height":479,"url":"https:\/\/noticiasemdestaque.com\/cd\/wp-content\/uploads\/2017\/10\/28102017010911.jpg","type":"image\/jpeg"}],"author":"Not\u00edcias em Destaque","twitter_card":"summary_large_image","twitter_misc":{"Escrito por":"Not\u00edcias em Destaque","Est. tempo de leitura":"1 minuto"},"schema":{"@context":"https:\/\/schema.org","@graph":[{"@type":"Article","@id":"https:\/\/noticiasemdestaque.com\/cd\/?p=5562#article","isPartOf":{"@id":"https:\/\/noticiasemdestaque.com\/cd\/?p=5562"},"author":{"name":"Not\u00edcias em Destaque","@id":"https:\/\/noticiasemdestaque.com\/cd\/#\/schema\/person\/21320b03a7e8bb90128938dafc9b908a"},"headline":"Mantendo compromisso com servidores, prefeitura de Monteiro confirma pagamento para dia 31","datePublished":"2017-10-28T18:58:14+00:00","mainEntityOfPage":{"@id":"https:\/\/noticiasemdestaque.com\/cd\/?p=5562"},"wordCount":300,"publisher":{"@id":"https:\/\/noticiasemdestaque.com\/cd\/#organization"},"image":{"@id":"https:\/\/noticiasemdestaque.com\/cd\/?p=5562#primaryimage"},"thumbnailUrl":"https:\/\/noticiasemdestaque.com\/cd\/wp-content\/uploads\/2017\/10\/28102017010911.jpg","articleSection":["Cidades"],"inLanguage":"pt-BR"},{"@type":"WebPage","@id":"https:\/\/noticiasemdestaque.com\/cd\/?p=5562","url":"https:\/\/noticiasemdestaque.com\/cd\/?p=5562","name":"Mantendo compromisso com servidores, prefeitura de Monteiro confirma pagamento para dia 31 - Not&iacute;cias em Destaque","isPartOf":{"@id":"https:\/\/noticiasemdestaque.com\/cd\/#website"},"primaryImageOfPage":{"@id":"https:\/\/noticiasemdestaque.com\/cd\/?p=5562#primaryimage"},"image":{"@id":"https:\/\/noticiasemdestaque.com\/cd\/?p=5562#primaryimage"},"thumbnailUrl":"https:\/\/noticiasemdestaque.com\/cd\/wp-content\/uploads\/2017\/10\/28102017010911.jpg","datePublished":"2017-10-28T18:58:14+00:00","breadcrumb":{"@id":"https:\/\/noticiasemdestaque.com\/cd\/?p=5562#breadcrumb"},"inLanguage":"pt-BR","potentialAction":[{"@type":"ReadAction","target":["https:\/\/noticiasemdestaque.com\/cd\/?p=5562"]}]},{"@type":"ImageObject","inLanguage":"pt-BR","@id":"https:\/\/noticiasemdestaque.com\/cd\/?p=5562#primaryimage","url":"https:\/\/noticiasemdestaque.com\/cd\/wp-content\/uploads\/2017\/10\/28102017010911.jpg","contentUrl":"https:\/\/noticiasemdestaque.com\/cd\/wp-content\/uploads\/2017\/10\/28102017010911.jpg","width":720,"height":479},{"@type":"BreadcrumbList","@id":"https:\/\/noticiasemdestaque.com\/cd\/?p=5562#breadcrumb","itemListElement":[{"@type":"ListItem","position":1,"name":"In\u00edcio","item":"https:\/\/noticiasemdestaque.com\/cd\/"},{"@type":"ListItem","position":2,"name":"Mantendo compromisso com servidores, prefeitura de Monteiro confirma pagamento para dia 31"}]},{"@type":"WebSite","@id":"https:\/\/noticiasemdestaque.com\/cd\/#website","url":"https:\/\/noticiasemdestaque.com\/cd\/","name":"Not&iacute;cias em Destaque","description":"","publisher":{"@id":"https:\/\/noticiasemdestaque.com\/cd\/#organization"},"potentialAction":[{"@type":"SearchAction","target":{"@type":"EntryPoint","urlTemplate":"https:\/\/noticiasemdestaque.com\/cd\/?s={search_term_string}"},"query-input":{"@type":"PropertyValueSpecification","valueRequired":true,"valueName":"search_term_string"}}],"inLanguage":"pt-BR"},{"@type":"Organization","@id":"https:\/\/noticiasemdestaque.com\/cd\/#organization","name":"Not\u00edcias em Destaque","url":"https:\/\/noticiasemdestaque.com\/cd\/","logo":{"@type":"ImageObject","inLanguage":"pt-BR","@id":"https:\/\/noticiasemdestaque.com\/cd\/#\/schema\/logo\/image\/","url":"https:\/\/noticiasemdestaque.com\/cd\/wp-content\/uploads\/2022\/05\/imagem-base-noticiasemdestaque.png","contentUrl":"https:\/\/noticiasemdestaque.com\/cd\/wp-content\/uploads\/2022\/05\/imagem-base-noticiasemdestaque.png","width":1200,"height":630,"caption":"Not\u00edcias em Destaque"},"image":{"@id":"https:\/\/noticiasemdestaque.com\/cd\/#\/schema\/logo\/image\/"}},{"@type":"Person","@id":"https:\/\/noticiasemdestaque.com\/cd\/#\/schema\/person\/21320b03a7e8bb90128938dafc9b908a","name":"Not\u00edcias em Destaque","url":"https:\/\/noticiasemdestaque.com\/cd\/?author=2"}]}},"jetpack_featured_media_url":"https:\/\/noticiasemdestaque.com\/cd\/wp-content\/uploads\/2017\/10\/28102017010911.jpg","jetpack_sharing_enabled":true,"_links":{"self":[{"href":"https:\/\/noticiasemdestaque.com\/cd\/index.php?rest_route=\/wp\/v2\/posts\/5562","targetHints":{"allow":["GET"]}}],"collection":[{"href":"https:\/\/noticiasemdestaque.com\/cd\/index.php?rest_route=\/wp\/v2\/posts"}],"about":[{"href":"https:\/\/noticiasemdestaque.com\/cd\/index.php?rest_route=\/wp\/v2\/types\/post"}],"author":[{"embeddable":true,"href":"https:\/\/noticiasemdestaque.com\/cd\/index.php?rest_route=\/wp\/v2\/users\/2"}],"replies":[{"embeddable":true,"href":"https:\/\/noticiasemdestaque.com\/cd\/index.php?rest_route=%2Fwp%2Fv2%2Fcomments&post=5562"}],"version-history":[{"count":1,"href":"https:\/\/noticiasemdestaque.com\/cd\/index.php?rest_route=\/wp\/v2\/posts\/5562\/revisions"}],"predecessor-version":[{"id":5564,"href":"https:\/\/noticiasemdestaque.com\/cd\/index.php?rest_route=\/wp\/v2\/posts\/5562\/revisions\/5564"}],"wp:featuredmedia":[{"embeddable":true,"href":"https:\/\/noticiasemdestaque.com\/cd\/index.php?rest_route=\/wp\/v2\/media\/5563"}],"wp:attachment":[{"href":"https:\/\/noticiasemdestaque.com\/cd\/index.php?rest_route=%2Fwp%2Fv2%2Fmedia&parent=5562"}],"wp:term":[{"taxonomy":"category","embeddable":true,"href":"https:\/\/noticiasemdestaque.com\/cd\/index.php?rest_route=%2Fwp%2Fv2%2Fcategories&post=5562"},{"taxonomy":"post_tag","embeddable":true,"href":"https:\/\/noticiasemdestaque.com\/cd\/index.php?rest_route=%2Fwp%2Fv2%2Ftags&post=5562"}],"curies":[{"name":"wp","href":"https:\/\/api.w.org\/{rel}","templated":true}]}}