{"id":556,"date":"2017-06-15T12:24:48","date_gmt":"2017-06-15T15:24:48","guid":{"rendered":"http:\/\/caririemdestaque.com\/cd\/?p=556"},"modified":"2017-06-15T12:24:48","modified_gmt":"2017-06-15T15:24:48","slug":"termina-nesta-sexta-feira-o-prazo-para-renovacao-de-contratos-do-fies","status":"publish","type":"post","link":"https:\/\/noticiasemdestaque.com\/cd\/?p=556","title":{"rendered":"Termina nesta sexta-feira o prazo para renova\u00e7\u00e3o de contratos do Fies"},"content":{"rendered":"<p><a href=\"http:\/\/caririemdestaque.com\/cd\/wp-content\/uploads\/2017\/06\/FIESS.jpeg\"><img fetchpriority=\"high\" decoding=\"async\" class=\"size-medium wp-image-557 alignleft\" src=\"http:\/\/caririemdestaque.com\/cd\/wp-content\/uploads\/2017\/06\/FIESS-300x200.jpeg\" alt=\"\" width=\"300\" height=\"200\" srcset=\"https:\/\/noticiasemdestaque.com\/cd\/wp-content\/uploads\/2017\/06\/FIESS-300x200.jpeg 300w, https:\/\/noticiasemdestaque.com\/cd\/wp-content\/uploads\/2017\/06\/FIESS-768x512.jpeg 768w, https:\/\/noticiasemdestaque.com\/cd\/wp-content\/uploads\/2017\/06\/FIESS-480x320.jpeg 480w, https:\/\/noticiasemdestaque.com\/cd\/wp-content\/uploads\/2017\/06\/FIESS.jpeg 940w\" sizes=\"(max-width: 300px) 100vw, 300px\" \/><\/a><\/p>\n<p>Os alunos que quiserem renovar seu contrato do Fundo de Financiamento Estudantil (Fies) referente ao primeiro semestre deste ano t\u00eam at\u00e9 est\u00e1 sexta-feira (16) para validar as informa\u00e7\u00f5es no Sistema Informatizado do Fies (SisFies). O prazo come\u00e7ou em janeiro e foi prorrogado para garantir que os estudantes conclu\u00edssem o processo.<\/p>\n<p>A renova\u00e7\u00e3o do Fies \u00e9 feita a cada seis meses, e o pedido de aditamento \u00e9 apresentado inicialmente pelas faculdades. Em seguida, os estudantes devem validar as informa\u00e7\u00f5es inseridas pelas institui\u00e7\u00f5es no Sistema Informatizado do Fies (SisFies).<\/p>\n<p>A renova\u00e7\u00e3o pode ser feita em dois modelos: o simplificado e o n\u00e3o simplificado. No primeiro, n\u00e3o h\u00e1 necessidade de alterar nenhuma informa\u00e7\u00e3o inicial, bastando apenas a valida\u00e7\u00e3o no SisFies. J\u00e1 no modelo n\u00e3o simplificado, quando h\u00e1 altera\u00e7\u00e3o nas cl\u00e1usulas do contrato firmado, como mudan\u00e7a de fiador, o estudante precisa levar a documenta\u00e7\u00e3o comprobat\u00f3ria ao banco para finalizar a renova\u00e7\u00e3o.<\/p>\n<p>O financiamento \u00e9 destinado a alunos matriculados em institui\u00e7\u00f5es privadas de ensino superior. Segundo o Minist\u00e9rio da Educa\u00e7\u00e3o, atualmente, mais de 2 milh\u00f5es de jovens e adultos que n\u00e3o t\u00eam condi\u00e7\u00f5es de pagar a faculdade s\u00e3o beneficiados pelo programa, que oferece uma taxa de juros efetiva de 6,5% ao ano.<\/p>\n<p><strong><em>Cariri em Destaque<\/em><\/strong><\/p>\n<p>Com EBC<\/p>\n<p>&nbsp;<\/p>\n","protected":false},"excerpt":{"rendered":"<p>Os alunos que quiserem renovar seu contrato do Fundo de Financiamento Estudantil (Fies) referente ao primeiro semestre deste ano t\u00eam at\u00e9 est\u00e1 sexta-feira (16) para validar as informa\u00e7\u00f5es no Sistema Informatizado do Fies (SisFies). O prazo come\u00e7ou em janeiro e foi prorrogado para garantir que os estudantes conclu\u00edssem o processo. A renova\u00e7\u00e3o do Fies \u00e9 feita a cada seis meses, e o pedido de aditamento \u00e9 apresentado inicialmente pelas faculdades. Em seguida, os estudantes devem validar as informa\u00e7\u00f5es inseridas pelas institui\u00e7\u00f5es no Sistema Informatizado do Fies (SisFies). A renova\u00e7\u00e3o pode ser feita em dois modelos: o simplificado e o n\u00e3o simplificado. No primeiro, n\u00e3o h\u00e1 necessidade de alterar nenhuma informa\u00e7\u00e3o inicial, bastando apenas a valida\u00e7\u00e3o no SisFies. J\u00e1 no modelo n\u00e3o simplificado, quando h\u00e1 altera\u00e7\u00e3o nas cl\u00e1usulas do contrato firmado, como mudan\u00e7a de fiador, o estudante precisa levar a documenta\u00e7\u00e3o comprobat\u00f3ria ao banco para finalizar a renova\u00e7\u00e3o. O financiamento \u00e9 destinado a alunos matriculados em institui\u00e7\u00f5es privadas de ensino superior. Segundo o Minist\u00e9rio da Educa\u00e7\u00e3o, atualmente, mais de 2 milh\u00f5es de jovens e adultos que n\u00e3o t\u00eam condi\u00e7\u00f5es de pagar a faculdade s\u00e3o beneficiados pelo programa, que oferece uma taxa de juros efetiva de 6,5% ao ano. Cariri em Destaque Com EBC &nbsp;<\/p>\n","protected":false},"author":2,"featured_media":558,"comment_status":"closed","ping_status":"open","sticky":false,"template":"","format":"standard","meta":{"_eb_attr":"","_jetpack_memberships_contains_paid_content":false,"footnotes":""},"categories":[6],"tags":[],"class_list":["post-556","post","type-post","status-publish","format-standard","has-post-thumbnail","hentry","category-educacao"],"yoast_head":"<!-- This site is optimized with the Yoast SEO plugin v26.5 - https:\/\/yoast.com\/wordpress\/plugins\/seo\/ -->\n<title>Termina nesta sexta-feira o prazo para renova\u00e7\u00e3o de contratos do Fies - Not&iacute;cias em Destaque<\/title>\n<meta name=\"robots\" content=\"index, follow, max-snippet:-1, max-image-preview:large, max-video-preview:-1\" \/>\n<link rel=\"canonical\" href=\"https:\/\/noticiasemdestaque.com\/cd\/?p=556\" \/>\n<meta property=\"og:locale\" content=\"pt_BR\" \/>\n<meta property=\"og:type\" content=\"article\" \/>\n<meta property=\"og:title\" content=\"Termina nesta sexta-feira o prazo para renova\u00e7\u00e3o de contratos do Fies - Not&iacute;cias em Destaque\" \/>\n<meta property=\"og:description\" content=\"Os alunos que quiserem renovar seu contrato do Fundo de Financiamento Estudantil (Fies) referente ao primeiro semestre deste ano t\u00eam at\u00e9 est\u00e1 sexta-feira (16) para validar as informa\u00e7\u00f5es no Sistema Informatizado do Fies (SisFies). O prazo come\u00e7ou em janeiro e foi prorrogado para garantir que os estudantes conclu\u00edssem o processo. A renova\u00e7\u00e3o do Fies \u00e9 feita a cada seis meses, e o pedido de aditamento \u00e9 apresentado inicialmente pelas faculdades. Em seguida, os estudantes devem validar as informa\u00e7\u00f5es inseridas pelas institui\u00e7\u00f5es no Sistema Informatizado do Fies (SisFies). A renova\u00e7\u00e3o pode ser feita em dois modelos: o simplificado e o n\u00e3o simplificado. No primeiro, n\u00e3o h\u00e1 necessidade de alterar nenhuma informa\u00e7\u00e3o inicial, bastando apenas a valida\u00e7\u00e3o no SisFies. J\u00e1 no modelo n\u00e3o simplificado, quando h\u00e1 altera\u00e7\u00e3o nas cl\u00e1usulas do contrato firmado, como mudan\u00e7a de fiador, o estudante precisa levar a documenta\u00e7\u00e3o comprobat\u00f3ria ao banco para finalizar a renova\u00e7\u00e3o. O financiamento \u00e9 destinado a alunos matriculados em institui\u00e7\u00f5es privadas de ensino superior. Segundo o Minist\u00e9rio da Educa\u00e7\u00e3o, atualmente, mais de 2 milh\u00f5es de jovens e adultos que n\u00e3o t\u00eam condi\u00e7\u00f5es de pagar a faculdade s\u00e3o beneficiados pelo programa, que oferece uma taxa de juros efetiva de 6,5% ao ano. Cariri em Destaque Com EBC &nbsp;\" \/>\n<meta property=\"og:url\" content=\"https:\/\/noticiasemdestaque.com\/cd\/?p=556\" \/>\n<meta property=\"og:site_name\" content=\"Not&iacute;cias em Destaque\" \/>\n<meta property=\"article:published_time\" content=\"2017-06-15T15:24:48+00:00\" \/>\n<meta property=\"og:image\" content=\"https:\/\/noticiasemdestaque.com\/cd\/wp-content\/uploads\/2017\/06\/FIESS-1.jpeg\" \/>\n\t<meta property=\"og:image:width\" content=\"940\" \/>\n\t<meta property=\"og:image:height\" content=\"627\" \/>\n\t<meta property=\"og:image:type\" content=\"image\/jpeg\" \/>\n<meta name=\"author\" content=\"Not\u00edcias em Destaque\" \/>\n<meta name=\"twitter:card\" content=\"summary_large_image\" \/>\n<meta name=\"twitter:label1\" content=\"Escrito por\" \/>\n\t<meta name=\"twitter:data1\" content=\"Not\u00edcias em Destaque\" \/>\n\t<meta name=\"twitter:label2\" content=\"Est. tempo de leitura\" \/>\n\t<meta name=\"twitter:data2\" content=\"1 minuto\" \/>\n<script type=\"application\/ld+json\" class=\"yoast-schema-graph\">{\"@context\":\"https:\/\/schema.org\",\"@graph\":[{\"@type\":\"Article\",\"@id\":\"https:\/\/noticiasemdestaque.com\/cd\/?p=556#article\",\"isPartOf\":{\"@id\":\"https:\/\/noticiasemdestaque.com\/cd\/?p=556\"},\"author\":{\"name\":\"Not\u00edcias em Destaque\",\"@id\":\"https:\/\/noticiasemdestaque.com\/cd\/#\/schema\/person\/47f7d4f55eec17c6b2ca036c5500f6ce\"},\"headline\":\"Termina nesta sexta-feira o prazo para renova\u00e7\u00e3o de contratos do Fies\",\"datePublished\":\"2017-06-15T15:24:48+00:00\",\"mainEntityOfPage\":{\"@id\":\"https:\/\/noticiasemdestaque.com\/cd\/?p=556\"},\"wordCount\":236,\"publisher\":{\"@id\":\"https:\/\/noticiasemdestaque.com\/cd\/#organization\"},\"image\":{\"@id\":\"https:\/\/noticiasemdestaque.com\/cd\/?p=556#primaryimage\"},\"thumbnailUrl\":\"https:\/\/noticiasemdestaque.com\/cd\/wp-content\/uploads\/2017\/06\/FIESS-1.jpeg\",\"articleSection\":[\"Educa\u00e7\u00e3o\"],\"inLanguage\":\"pt-BR\"},{\"@type\":\"WebPage\",\"@id\":\"https:\/\/noticiasemdestaque.com\/cd\/?p=556\",\"url\":\"https:\/\/noticiasemdestaque.com\/cd\/?p=556\",\"name\":\"Termina nesta sexta-feira o prazo para renova\u00e7\u00e3o de contratos do Fies - Not&iacute;cias em Destaque\",\"isPartOf\":{\"@id\":\"https:\/\/noticiasemdestaque.com\/cd\/#website\"},\"primaryImageOfPage\":{\"@id\":\"https:\/\/noticiasemdestaque.com\/cd\/?p=556#primaryimage\"},\"image\":{\"@id\":\"https:\/\/noticiasemdestaque.com\/cd\/?p=556#primaryimage\"},\"thumbnailUrl\":\"https:\/\/noticiasemdestaque.com\/cd\/wp-content\/uploads\/2017\/06\/FIESS-1.jpeg\",\"datePublished\":\"2017-06-15T15:24:48+00:00\",\"breadcrumb\":{\"@id\":\"https:\/\/noticiasemdestaque.com\/cd\/?p=556#breadcrumb\"},\"inLanguage\":\"pt-BR\",\"potentialAction\":[{\"@type\":\"ReadAction\",\"target\":[\"https:\/\/noticiasemdestaque.com\/cd\/?p=556\"]}]},{\"@type\":\"ImageObject\",\"inLanguage\":\"pt-BR\",\"@id\":\"https:\/\/noticiasemdestaque.com\/cd\/?p=556#primaryimage\",\"url\":\"https:\/\/noticiasemdestaque.com\/cd\/wp-content\/uploads\/2017\/06\/FIESS-1.jpeg\",\"contentUrl\":\"https:\/\/noticiasemdestaque.com\/cd\/wp-content\/uploads\/2017\/06\/FIESS-1.jpeg\",\"width\":940,\"height\":627},{\"@type\":\"BreadcrumbList\",\"@id\":\"https:\/\/noticiasemdestaque.com\/cd\/?p=556#breadcrumb\",\"itemListElement\":[{\"@type\":\"ListItem\",\"position\":1,\"name\":\"In\u00edcio\",\"item\":\"https:\/\/noticiasemdestaque.com\/cd\/\"},{\"@type\":\"ListItem\",\"position\":2,\"name\":\"Termina nesta sexta-feira o prazo para renova\u00e7\u00e3o de contratos do Fies\"}]},{\"@type\":\"WebSite\",\"@id\":\"https:\/\/noticiasemdestaque.com\/cd\/#website\",\"url\":\"https:\/\/noticiasemdestaque.com\/cd\/\",\"name\":\"Not&iacute;cias em Destaque\",\"description\":\"\",\"publisher\":{\"@id\":\"https:\/\/noticiasemdestaque.com\/cd\/#organization\"},\"potentialAction\":[{\"@type\":\"SearchAction\",\"target\":{\"@type\":\"EntryPoint\",\"urlTemplate\":\"https:\/\/noticiasemdestaque.com\/cd\/?s={search_term_string}\"},\"query-input\":{\"@type\":\"PropertyValueSpecification\",\"valueRequired\":true,\"valueName\":\"search_term_string\"}}],\"inLanguage\":\"pt-BR\"},{\"@type\":\"Organization\",\"@id\":\"https:\/\/noticiasemdestaque.com\/cd\/#organization\",\"name\":\"Not\u00edcias em Destaque\",\"url\":\"https:\/\/noticiasemdestaque.com\/cd\/\",\"logo\":{\"@type\":\"ImageObject\",\"inLanguage\":\"pt-BR\",\"@id\":\"https:\/\/noticiasemdestaque.com\/cd\/#\/schema\/logo\/image\/\",\"url\":\"https:\/\/noticiasemdestaque.com\/cd\/wp-content\/uploads\/2022\/05\/imagem-base-noticiasemdestaque.png\",\"contentUrl\":\"https:\/\/noticiasemdestaque.com\/cd\/wp-content\/uploads\/2022\/05\/imagem-base-noticiasemdestaque.png\",\"width\":1200,\"height\":630,\"caption\":\"Not\u00edcias em Destaque\"},\"image\":{\"@id\":\"https:\/\/noticiasemdestaque.com\/cd\/#\/schema\/logo\/image\/\"}},{\"@type\":\"Person\",\"@id\":\"https:\/\/noticiasemdestaque.com\/cd\/#\/schema\/person\/47f7d4f55eec17c6b2ca036c5500f6ce\",\"name\":\"Not\u00edcias em Destaque\",\"url\":\"https:\/\/noticiasemdestaque.com\/cd\/?author=2\"}]}<\/script>\n<!-- \/ Yoast SEO plugin. -->","yoast_head_json":{"title":"Termina nesta sexta-feira o prazo para renova\u00e7\u00e3o de contratos do Fies - Not&iacute;cias em Destaque","robots":{"index":"index","follow":"follow","max-snippet":"max-snippet:-1","max-image-preview":"max-image-preview:large","max-video-preview":"max-video-preview:-1"},"canonical":"https:\/\/noticiasemdestaque.com\/cd\/?p=556","og_locale":"pt_BR","og_type":"article","og_title":"Termina nesta sexta-feira o prazo para renova\u00e7\u00e3o de contratos do Fies - Not&iacute;cias em Destaque","og_description":"Os alunos que quiserem renovar seu contrato do Fundo de Financiamento Estudantil (Fies) referente ao primeiro semestre deste ano t\u00eam at\u00e9 est\u00e1 sexta-feira (16) para validar as informa\u00e7\u00f5es no Sistema Informatizado do Fies (SisFies). O prazo come\u00e7ou em janeiro e foi prorrogado para garantir que os estudantes conclu\u00edssem o processo. A renova\u00e7\u00e3o do Fies \u00e9 feita a cada seis meses, e o pedido de aditamento \u00e9 apresentado inicialmente pelas faculdades. Em seguida, os estudantes devem validar as informa\u00e7\u00f5es inseridas pelas institui\u00e7\u00f5es no Sistema Informatizado do Fies (SisFies). A renova\u00e7\u00e3o pode ser feita em dois modelos: o simplificado e o n\u00e3o simplificado. No primeiro, n\u00e3o h\u00e1 necessidade de alterar nenhuma informa\u00e7\u00e3o inicial, bastando apenas a valida\u00e7\u00e3o no SisFies. J\u00e1 no modelo n\u00e3o simplificado, quando h\u00e1 altera\u00e7\u00e3o nas cl\u00e1usulas do contrato firmado, como mudan\u00e7a de fiador, o estudante precisa levar a documenta\u00e7\u00e3o comprobat\u00f3ria ao banco para finalizar a renova\u00e7\u00e3o. O financiamento \u00e9 destinado a alunos matriculados em institui\u00e7\u00f5es privadas de ensino superior. Segundo o Minist\u00e9rio da Educa\u00e7\u00e3o, atualmente, mais de 2 milh\u00f5es de jovens e adultos que n\u00e3o t\u00eam condi\u00e7\u00f5es de pagar a faculdade s\u00e3o beneficiados pelo programa, que oferece uma taxa de juros efetiva de 6,5% ao ano. Cariri em Destaque Com EBC &nbsp;","og_url":"https:\/\/noticiasemdestaque.com\/cd\/?p=556","og_site_name":"Not&iacute;cias em Destaque","article_published_time":"2017-06-15T15:24:48+00:00","og_image":[{"width":940,"height":627,"url":"https:\/\/noticiasemdestaque.com\/cd\/wp-content\/uploads\/2017\/06\/FIESS-1.jpeg","type":"image\/jpeg"}],"author":"Not\u00edcias em Destaque","twitter_card":"summary_large_image","twitter_misc":{"Escrito por":"Not\u00edcias em Destaque","Est. tempo de leitura":"1 minuto"},"schema":{"@context":"https:\/\/schema.org","@graph":[{"@type":"Article","@id":"https:\/\/noticiasemdestaque.com\/cd\/?p=556#article","isPartOf":{"@id":"https:\/\/noticiasemdestaque.com\/cd\/?p=556"},"author":{"name":"Not\u00edcias em Destaque","@id":"https:\/\/noticiasemdestaque.com\/cd\/#\/schema\/person\/47f7d4f55eec17c6b2ca036c5500f6ce"},"headline":"Termina nesta sexta-feira o prazo para renova\u00e7\u00e3o de contratos do Fies","datePublished":"2017-06-15T15:24:48+00:00","mainEntityOfPage":{"@id":"https:\/\/noticiasemdestaque.com\/cd\/?p=556"},"wordCount":236,"publisher":{"@id":"https:\/\/noticiasemdestaque.com\/cd\/#organization"},"image":{"@id":"https:\/\/noticiasemdestaque.com\/cd\/?p=556#primaryimage"},"thumbnailUrl":"https:\/\/noticiasemdestaque.com\/cd\/wp-content\/uploads\/2017\/06\/FIESS-1.jpeg","articleSection":["Educa\u00e7\u00e3o"],"inLanguage":"pt-BR"},{"@type":"WebPage","@id":"https:\/\/noticiasemdestaque.com\/cd\/?p=556","url":"https:\/\/noticiasemdestaque.com\/cd\/?p=556","name":"Termina nesta sexta-feira o prazo para renova\u00e7\u00e3o de contratos do Fies - Not&iacute;cias em Destaque","isPartOf":{"@id":"https:\/\/noticiasemdestaque.com\/cd\/#website"},"primaryImageOfPage":{"@id":"https:\/\/noticiasemdestaque.com\/cd\/?p=556#primaryimage"},"image":{"@id":"https:\/\/noticiasemdestaque.com\/cd\/?p=556#primaryimage"},"thumbnailUrl":"https:\/\/noticiasemdestaque.com\/cd\/wp-content\/uploads\/2017\/06\/FIESS-1.jpeg","datePublished":"2017-06-15T15:24:48+00:00","breadcrumb":{"@id":"https:\/\/noticiasemdestaque.com\/cd\/?p=556#breadcrumb"},"inLanguage":"pt-BR","potentialAction":[{"@type":"ReadAction","target":["https:\/\/noticiasemdestaque.com\/cd\/?p=556"]}]},{"@type":"ImageObject","inLanguage":"pt-BR","@id":"https:\/\/noticiasemdestaque.com\/cd\/?p=556#primaryimage","url":"https:\/\/noticiasemdestaque.com\/cd\/wp-content\/uploads\/2017\/06\/FIESS-1.jpeg","contentUrl":"https:\/\/noticiasemdestaque.com\/cd\/wp-content\/uploads\/2017\/06\/FIESS-1.jpeg","width":940,"height":627},{"@type":"BreadcrumbList","@id":"https:\/\/noticiasemdestaque.com\/cd\/?p=556#breadcrumb","itemListElement":[{"@type":"ListItem","position":1,"name":"In\u00edcio","item":"https:\/\/noticiasemdestaque.com\/cd\/"},{"@type":"ListItem","position":2,"name":"Termina nesta sexta-feira o prazo para renova\u00e7\u00e3o de contratos do Fies"}]},{"@type":"WebSite","@id":"https:\/\/noticiasemdestaque.com\/cd\/#website","url":"https:\/\/noticiasemdestaque.com\/cd\/","name":"Not&iacute;cias em Destaque","description":"","publisher":{"@id":"https:\/\/noticiasemdestaque.com\/cd\/#organization"},"potentialAction":[{"@type":"SearchAction","target":{"@type":"EntryPoint","urlTemplate":"https:\/\/noticiasemdestaque.com\/cd\/?s={search_term_string}"},"query-input":{"@type":"PropertyValueSpecification","valueRequired":true,"valueName":"search_term_string"}}],"inLanguage":"pt-BR"},{"@type":"Organization","@id":"https:\/\/noticiasemdestaque.com\/cd\/#organization","name":"Not\u00edcias em Destaque","url":"https:\/\/noticiasemdestaque.com\/cd\/","logo":{"@type":"ImageObject","inLanguage":"pt-BR","@id":"https:\/\/noticiasemdestaque.com\/cd\/#\/schema\/logo\/image\/","url":"https:\/\/noticiasemdestaque.com\/cd\/wp-content\/uploads\/2022\/05\/imagem-base-noticiasemdestaque.png","contentUrl":"https:\/\/noticiasemdestaque.com\/cd\/wp-content\/uploads\/2022\/05\/imagem-base-noticiasemdestaque.png","width":1200,"height":630,"caption":"Not\u00edcias em Destaque"},"image":{"@id":"https:\/\/noticiasemdestaque.com\/cd\/#\/schema\/logo\/image\/"}},{"@type":"Person","@id":"https:\/\/noticiasemdestaque.com\/cd\/#\/schema\/person\/47f7d4f55eec17c6b2ca036c5500f6ce","name":"Not\u00edcias em Destaque","url":"https:\/\/noticiasemdestaque.com\/cd\/?author=2"}]}},"jetpack_featured_media_url":"https:\/\/noticiasemdestaque.com\/cd\/wp-content\/uploads\/2017\/06\/FIESS-1.jpeg","jetpack_sharing_enabled":true,"_links":{"self":[{"href":"https:\/\/noticiasemdestaque.com\/cd\/index.php?rest_route=\/wp\/v2\/posts\/556","targetHints":{"allow":["GET"]}}],"collection":[{"href":"https:\/\/noticiasemdestaque.com\/cd\/index.php?rest_route=\/wp\/v2\/posts"}],"about":[{"href":"https:\/\/noticiasemdestaque.com\/cd\/index.php?rest_route=\/wp\/v2\/types\/post"}],"author":[{"embeddable":true,"href":"https:\/\/noticiasemdestaque.com\/cd\/index.php?rest_route=\/wp\/v2\/users\/2"}],"replies":[{"embeddable":true,"href":"https:\/\/noticiasemdestaque.com\/cd\/index.php?rest_route=%2Fwp%2Fv2%2Fcomments&post=556"}],"version-history":[{"count":1,"href":"https:\/\/noticiasemdestaque.com\/cd\/index.php?rest_route=\/wp\/v2\/posts\/556\/revisions"}],"predecessor-version":[{"id":559,"href":"https:\/\/noticiasemdestaque.com\/cd\/index.php?rest_route=\/wp\/v2\/posts\/556\/revisions\/559"}],"wp:featuredmedia":[{"embeddable":true,"href":"https:\/\/noticiasemdestaque.com\/cd\/index.php?rest_route=\/wp\/v2\/media\/558"}],"wp:attachment":[{"href":"https:\/\/noticiasemdestaque.com\/cd\/index.php?rest_route=%2Fwp%2Fv2%2Fmedia&parent=556"}],"wp:term":[{"taxonomy":"category","embeddable":true,"href":"https:\/\/noticiasemdestaque.com\/cd\/index.php?rest_route=%2Fwp%2Fv2%2Fcategories&post=556"},{"taxonomy":"post_tag","embeddable":true,"href":"https:\/\/noticiasemdestaque.com\/cd\/index.php?rest_route=%2Fwp%2Fv2%2Ftags&post=556"}],"curies":[{"name":"wp","href":"https:\/\/api.w.org\/{rel}","templated":true}]}}