{"id":5551,"date":"2017-10-28T15:31:51","date_gmt":"2017-10-28T18:31:51","guid":{"rendered":"http:\/\/caririemdestaque.com\/cd\/?p=5551"},"modified":"2017-10-28T15:31:51","modified_gmt":"2017-10-28T18:31:51","slug":"veneziano-nao-descarta-candidatura-ao-senado-mas-diz-que-foco-esta-na-reeleicao","status":"publish","type":"post","link":"https:\/\/noticiasemdestaque.com\/cd\/?p=5551","title":{"rendered":"Veneziano n\u00e3o descarta candidatura ao Senado, mas diz que foco est\u00e1 na reelei\u00e7\u00e3o"},"content":{"rendered":"<p><a href=\"http:\/\/caririemdestaque.com\/cd\/wp-content\/uploads\/2017\/10\/28-10-2017.133014_avenedasa.png\"><img decoding=\"async\" class=\"size-thumbnail wp-image-5552 alignleft\" src=\"http:\/\/caririemdestaque.com\/cd\/wp-content\/uploads\/2017\/10\/28-10-2017.133014_avenedasa-150x150.png\" alt=\"\" width=\"150\" height=\"150\" \/><\/a>O deputado federal Veneziano Vital do Rego (PMDB) revelou nesta sexta-feira (27) que n\u00e3o descarta a possibilidade de disputar uma vaga no Senado em 2018.<\/p>\n<p>Ponderado, o peemedebista deixou claro que seu foco est\u00e1 no retorno \u00e0 C\u00e2mara Federal, mas ressaltou que pode mudar de rumo para atender aos interesses do grupo ao qual estiver inserido no per\u00edodo das conven\u00e7\u00f5es partid\u00e1rias.<\/p>\n<p>Questionado sobre o fato de ter o nome lembrado por ouvintes em enquete realizada por um programa de r\u00e1dio local, Veneziano disse que se sente estimulado, mas n\u00e3o quer que isso atrapalhe o trabalho que vem realizando em busca da reelei\u00e7\u00e3o. \u201cEstimula, mas n\u00e3o quero que esse est\u00edmulo me tome neste instante porque se n\u00e3o eu termino complicando o pr\u00f3prio trabalho que eu tenho desempenhado e aquilo que n\u00f3s estamos perseguindo, que \u00e9 buscar a condi\u00e7\u00e3o de continuar representando a Para\u00edba como deputado federal\u201d, disse.<\/p>\n<p><em><strong>Cariri em Destaque<\/strong><\/em><\/p>\n<p>Com Blog do Gordinho<\/p>\n","protected":false},"excerpt":{"rendered":"<p>O deputado federal Veneziano Vital do Rego (PMDB) revelou nesta sexta-feira (27) que n\u00e3o descarta a possibilidade de disputar uma vaga no Senado em 2018. Ponderado, o peemedebista deixou claro que seu foco est\u00e1 no retorno \u00e0 C\u00e2mara Federal, mas ressaltou que pode mudar de rumo para atender aos interesses do grupo ao qual estiver inserido no per\u00edodo das conven\u00e7\u00f5es partid\u00e1rias. Questionado sobre o fato de ter o nome lembrado por ouvintes em enquete realizada por um programa de r\u00e1dio local, Veneziano disse que se sente estimulado, mas n\u00e3o quer que isso atrapalhe o trabalho que vem realizando em busca da reelei\u00e7\u00e3o. \u201cEstimula, mas n\u00e3o quero que esse est\u00edmulo me tome neste instante porque se n\u00e3o eu termino complicando o pr\u00f3prio trabalho que eu tenho desempenhado e aquilo que n\u00f3s estamos perseguindo, que \u00e9 buscar a condi\u00e7\u00e3o de continuar representando a Para\u00edba como deputado federal\u201d, disse. Cariri em Destaque Com Blog do Gordinho<\/p>\n","protected":false},"author":2,"featured_media":0,"comment_status":"closed","ping_status":"open","sticky":false,"template":"","format":"standard","meta":{"_eb_attr":"","_jetpack_memberships_contains_paid_content":false,"footnotes":""},"categories":[4],"tags":[],"class_list":["post-5551","post","type-post","status-publish","format-standard","hentry","category-politica"],"yoast_head":"<!-- This site is optimized with the Yoast SEO plugin v26.5 - https:\/\/yoast.com\/wordpress\/plugins\/seo\/ -->\n<title>Veneziano n\u00e3o descarta candidatura ao Senado, mas diz que foco est\u00e1 na reelei\u00e7\u00e3o - Not&iacute;cias em Destaque<\/title>\n<meta name=\"robots\" content=\"index, follow, max-snippet:-1, max-image-preview:large, max-video-preview:-1\" \/>\n<link rel=\"canonical\" href=\"https:\/\/noticiasemdestaque.com\/cd\/?p=5551\" \/>\n<meta property=\"og:locale\" content=\"pt_BR\" \/>\n<meta property=\"og:type\" content=\"article\" \/>\n<meta property=\"og:title\" content=\"Veneziano n\u00e3o descarta candidatura ao Senado, mas diz que foco est\u00e1 na reelei\u00e7\u00e3o - Not&iacute;cias em Destaque\" \/>\n<meta property=\"og:description\" content=\"O deputado federal Veneziano Vital do Rego (PMDB) revelou nesta sexta-feira (27) que n\u00e3o descarta a possibilidade de disputar uma vaga no Senado em 2018. Ponderado, o peemedebista deixou claro que seu foco est\u00e1 no retorno \u00e0 C\u00e2mara Federal, mas ressaltou que pode mudar de rumo para atender aos interesses do grupo ao qual estiver inserido no per\u00edodo das conven\u00e7\u00f5es partid\u00e1rias. Questionado sobre o fato de ter o nome lembrado por ouvintes em enquete realizada por um programa de r\u00e1dio local, Veneziano disse que se sente estimulado, mas n\u00e3o quer que isso atrapalhe o trabalho que vem realizando em busca da reelei\u00e7\u00e3o. \u201cEstimula, mas n\u00e3o quero que esse est\u00edmulo me tome neste instante porque se n\u00e3o eu termino complicando o pr\u00f3prio trabalho que eu tenho desempenhado e aquilo que n\u00f3s estamos perseguindo, que \u00e9 buscar a condi\u00e7\u00e3o de continuar representando a Para\u00edba como deputado federal\u201d, disse. Cariri em Destaque Com Blog do Gordinho\" \/>\n<meta property=\"og:url\" content=\"https:\/\/noticiasemdestaque.com\/cd\/?p=5551\" \/>\n<meta property=\"og:site_name\" content=\"Not&iacute;cias em Destaque\" \/>\n<meta property=\"article:published_time\" content=\"2017-10-28T18:31:51+00:00\" \/>\n<meta property=\"og:image\" content=\"http:\/\/caririemdestaque.com\/cd\/wp-content\/uploads\/2017\/10\/28-10-2017.133014_avenedasa-150x150.png\" \/>\n<meta name=\"author\" content=\"Not\u00edcias em Destaque\" \/>\n<meta name=\"twitter:card\" content=\"summary_large_image\" \/>\n<meta name=\"twitter:label1\" content=\"Escrito por\" \/>\n\t<meta name=\"twitter:data1\" content=\"Not\u00edcias em Destaque\" \/>\n\t<meta name=\"twitter:label2\" content=\"Est. tempo de leitura\" \/>\n\t<meta name=\"twitter:data2\" content=\"1 minuto\" \/>\n<script type=\"application\/ld+json\" class=\"yoast-schema-graph\">{\"@context\":\"https:\/\/schema.org\",\"@graph\":[{\"@type\":\"Article\",\"@id\":\"https:\/\/noticiasemdestaque.com\/cd\/?p=5551#article\",\"isPartOf\":{\"@id\":\"https:\/\/noticiasemdestaque.com\/cd\/?p=5551\"},\"author\":{\"name\":\"Not\u00edcias em Destaque\",\"@id\":\"https:\/\/noticiasemdestaque.com\/cd\/#\/schema\/person\/21320b03a7e8bb90128938dafc9b908a\"},\"headline\":\"Veneziano n\u00e3o descarta candidatura ao Senado, mas diz que foco est\u00e1 na reelei\u00e7\u00e3o\",\"datePublished\":\"2017-10-28T18:31:51+00:00\",\"mainEntityOfPage\":{\"@id\":\"https:\/\/noticiasemdestaque.com\/cd\/?p=5551\"},\"wordCount\":179,\"publisher\":{\"@id\":\"https:\/\/noticiasemdestaque.com\/cd\/#organization\"},\"image\":{\"@id\":\"https:\/\/noticiasemdestaque.com\/cd\/?p=5551#primaryimage\"},\"thumbnailUrl\":\"http:\/\/caririemdestaque.com\/cd\/wp-content\/uploads\/2017\/10\/28-10-2017.133014_avenedasa-150x150.png\",\"articleSection\":[\"Pol\u00edtica\"],\"inLanguage\":\"pt-BR\"},{\"@type\":\"WebPage\",\"@id\":\"https:\/\/noticiasemdestaque.com\/cd\/?p=5551\",\"url\":\"https:\/\/noticiasemdestaque.com\/cd\/?p=5551\",\"name\":\"Veneziano n\u00e3o descarta candidatura ao Senado, mas diz que foco est\u00e1 na reelei\u00e7\u00e3o - Not&iacute;cias em Destaque\",\"isPartOf\":{\"@id\":\"https:\/\/noticiasemdestaque.com\/cd\/#website\"},\"primaryImageOfPage\":{\"@id\":\"https:\/\/noticiasemdestaque.com\/cd\/?p=5551#primaryimage\"},\"image\":{\"@id\":\"https:\/\/noticiasemdestaque.com\/cd\/?p=5551#primaryimage\"},\"thumbnailUrl\":\"http:\/\/caririemdestaque.com\/cd\/wp-content\/uploads\/2017\/10\/28-10-2017.133014_avenedasa-150x150.png\",\"datePublished\":\"2017-10-28T18:31:51+00:00\",\"breadcrumb\":{\"@id\":\"https:\/\/noticiasemdestaque.com\/cd\/?p=5551#breadcrumb\"},\"inLanguage\":\"pt-BR\",\"potentialAction\":[{\"@type\":\"ReadAction\",\"target\":[\"https:\/\/noticiasemdestaque.com\/cd\/?p=5551\"]}]},{\"@type\":\"ImageObject\",\"inLanguage\":\"pt-BR\",\"@id\":\"https:\/\/noticiasemdestaque.com\/cd\/?p=5551#primaryimage\",\"url\":\"http:\/\/caririemdestaque.com\/cd\/wp-content\/uploads\/2017\/10\/28-10-2017.133014_avenedasa-150x150.png\",\"contentUrl\":\"http:\/\/caririemdestaque.com\/cd\/wp-content\/uploads\/2017\/10\/28-10-2017.133014_avenedasa-150x150.png\"},{\"@type\":\"BreadcrumbList\",\"@id\":\"https:\/\/noticiasemdestaque.com\/cd\/?p=5551#breadcrumb\",\"itemListElement\":[{\"@type\":\"ListItem\",\"position\":1,\"name\":\"In\u00edcio\",\"item\":\"https:\/\/noticiasemdestaque.com\/cd\/\"},{\"@type\":\"ListItem\",\"position\":2,\"name\":\"Veneziano n\u00e3o descarta candidatura ao Senado, mas diz que foco est\u00e1 na reelei\u00e7\u00e3o\"}]},{\"@type\":\"WebSite\",\"@id\":\"https:\/\/noticiasemdestaque.com\/cd\/#website\",\"url\":\"https:\/\/noticiasemdestaque.com\/cd\/\",\"name\":\"Not&iacute;cias em Destaque\",\"description\":\"\",\"publisher\":{\"@id\":\"https:\/\/noticiasemdestaque.com\/cd\/#organization\"},\"potentialAction\":[{\"@type\":\"SearchAction\",\"target\":{\"@type\":\"EntryPoint\",\"urlTemplate\":\"https:\/\/noticiasemdestaque.com\/cd\/?s={search_term_string}\"},\"query-input\":{\"@type\":\"PropertyValueSpecification\",\"valueRequired\":true,\"valueName\":\"search_term_string\"}}],\"inLanguage\":\"pt-BR\"},{\"@type\":\"Organization\",\"@id\":\"https:\/\/noticiasemdestaque.com\/cd\/#organization\",\"name\":\"Not\u00edcias em Destaque\",\"url\":\"https:\/\/noticiasemdestaque.com\/cd\/\",\"logo\":{\"@type\":\"ImageObject\",\"inLanguage\":\"pt-BR\",\"@id\":\"https:\/\/noticiasemdestaque.com\/cd\/#\/schema\/logo\/image\/\",\"url\":\"https:\/\/noticiasemdestaque.com\/cd\/wp-content\/uploads\/2022\/05\/imagem-base-noticiasemdestaque.png\",\"contentUrl\":\"https:\/\/noticiasemdestaque.com\/cd\/wp-content\/uploads\/2022\/05\/imagem-base-noticiasemdestaque.png\",\"width\":1200,\"height\":630,\"caption\":\"Not\u00edcias em Destaque\"},\"image\":{\"@id\":\"https:\/\/noticiasemdestaque.com\/cd\/#\/schema\/logo\/image\/\"}},{\"@type\":\"Person\",\"@id\":\"https:\/\/noticiasemdestaque.com\/cd\/#\/schema\/person\/21320b03a7e8bb90128938dafc9b908a\",\"name\":\"Not\u00edcias em Destaque\",\"url\":\"https:\/\/noticiasemdestaque.com\/cd\/?author=2\"}]}<\/script>\n<!-- \/ Yoast SEO plugin. -->","yoast_head_json":{"title":"Veneziano n\u00e3o descarta candidatura ao Senado, mas diz que foco est\u00e1 na reelei\u00e7\u00e3o - Not&iacute;cias em Destaque","robots":{"index":"index","follow":"follow","max-snippet":"max-snippet:-1","max-image-preview":"max-image-preview:large","max-video-preview":"max-video-preview:-1"},"canonical":"https:\/\/noticiasemdestaque.com\/cd\/?p=5551","og_locale":"pt_BR","og_type":"article","og_title":"Veneziano n\u00e3o descarta candidatura ao Senado, mas diz que foco est\u00e1 na reelei\u00e7\u00e3o - Not&iacute;cias em Destaque","og_description":"O deputado federal Veneziano Vital do Rego (PMDB) revelou nesta sexta-feira (27) que n\u00e3o descarta a possibilidade de disputar uma vaga no Senado em 2018. Ponderado, o peemedebista deixou claro que seu foco est\u00e1 no retorno \u00e0 C\u00e2mara Federal, mas ressaltou que pode mudar de rumo para atender aos interesses do grupo ao qual estiver inserido no per\u00edodo das conven\u00e7\u00f5es partid\u00e1rias. Questionado sobre o fato de ter o nome lembrado por ouvintes em enquete realizada por um programa de r\u00e1dio local, Veneziano disse que se sente estimulado, mas n\u00e3o quer que isso atrapalhe o trabalho que vem realizando em busca da reelei\u00e7\u00e3o. \u201cEstimula, mas n\u00e3o quero que esse est\u00edmulo me tome neste instante porque se n\u00e3o eu termino complicando o pr\u00f3prio trabalho que eu tenho desempenhado e aquilo que n\u00f3s estamos perseguindo, que \u00e9 buscar a condi\u00e7\u00e3o de continuar representando a Para\u00edba como deputado federal\u201d, disse. Cariri em Destaque Com Blog do Gordinho","og_url":"https:\/\/noticiasemdestaque.com\/cd\/?p=5551","og_site_name":"Not&iacute;cias em Destaque","article_published_time":"2017-10-28T18:31:51+00:00","og_image":[{"url":"http:\/\/caririemdestaque.com\/cd\/wp-content\/uploads\/2017\/10\/28-10-2017.133014_avenedasa-150x150.png","type":"","width":"","height":""}],"author":"Not\u00edcias em Destaque","twitter_card":"summary_large_image","twitter_misc":{"Escrito por":"Not\u00edcias em Destaque","Est. tempo de leitura":"1 minuto"},"schema":{"@context":"https:\/\/schema.org","@graph":[{"@type":"Article","@id":"https:\/\/noticiasemdestaque.com\/cd\/?p=5551#article","isPartOf":{"@id":"https:\/\/noticiasemdestaque.com\/cd\/?p=5551"},"author":{"name":"Not\u00edcias em Destaque","@id":"https:\/\/noticiasemdestaque.com\/cd\/#\/schema\/person\/21320b03a7e8bb90128938dafc9b908a"},"headline":"Veneziano n\u00e3o descarta candidatura ao Senado, mas diz que foco est\u00e1 na reelei\u00e7\u00e3o","datePublished":"2017-10-28T18:31:51+00:00","mainEntityOfPage":{"@id":"https:\/\/noticiasemdestaque.com\/cd\/?p=5551"},"wordCount":179,"publisher":{"@id":"https:\/\/noticiasemdestaque.com\/cd\/#organization"},"image":{"@id":"https:\/\/noticiasemdestaque.com\/cd\/?p=5551#primaryimage"},"thumbnailUrl":"http:\/\/caririemdestaque.com\/cd\/wp-content\/uploads\/2017\/10\/28-10-2017.133014_avenedasa-150x150.png","articleSection":["Pol\u00edtica"],"inLanguage":"pt-BR"},{"@type":"WebPage","@id":"https:\/\/noticiasemdestaque.com\/cd\/?p=5551","url":"https:\/\/noticiasemdestaque.com\/cd\/?p=5551","name":"Veneziano n\u00e3o descarta candidatura ao Senado, mas diz que foco est\u00e1 na reelei\u00e7\u00e3o - Not&iacute;cias em Destaque","isPartOf":{"@id":"https:\/\/noticiasemdestaque.com\/cd\/#website"},"primaryImageOfPage":{"@id":"https:\/\/noticiasemdestaque.com\/cd\/?p=5551#primaryimage"},"image":{"@id":"https:\/\/noticiasemdestaque.com\/cd\/?p=5551#primaryimage"},"thumbnailUrl":"http:\/\/caririemdestaque.com\/cd\/wp-content\/uploads\/2017\/10\/28-10-2017.133014_avenedasa-150x150.png","datePublished":"2017-10-28T18:31:51+00:00","breadcrumb":{"@id":"https:\/\/noticiasemdestaque.com\/cd\/?p=5551#breadcrumb"},"inLanguage":"pt-BR","potentialAction":[{"@type":"ReadAction","target":["https:\/\/noticiasemdestaque.com\/cd\/?p=5551"]}]},{"@type":"ImageObject","inLanguage":"pt-BR","@id":"https:\/\/noticiasemdestaque.com\/cd\/?p=5551#primaryimage","url":"http:\/\/caririemdestaque.com\/cd\/wp-content\/uploads\/2017\/10\/28-10-2017.133014_avenedasa-150x150.png","contentUrl":"http:\/\/caririemdestaque.com\/cd\/wp-content\/uploads\/2017\/10\/28-10-2017.133014_avenedasa-150x150.png"},{"@type":"BreadcrumbList","@id":"https:\/\/noticiasemdestaque.com\/cd\/?p=5551#breadcrumb","itemListElement":[{"@type":"ListItem","position":1,"name":"In\u00edcio","item":"https:\/\/noticiasemdestaque.com\/cd\/"},{"@type":"ListItem","position":2,"name":"Veneziano n\u00e3o descarta candidatura ao Senado, mas diz que foco est\u00e1 na reelei\u00e7\u00e3o"}]},{"@type":"WebSite","@id":"https:\/\/noticiasemdestaque.com\/cd\/#website","url":"https:\/\/noticiasemdestaque.com\/cd\/","name":"Not&iacute;cias em Destaque","description":"","publisher":{"@id":"https:\/\/noticiasemdestaque.com\/cd\/#organization"},"potentialAction":[{"@type":"SearchAction","target":{"@type":"EntryPoint","urlTemplate":"https:\/\/noticiasemdestaque.com\/cd\/?s={search_term_string}"},"query-input":{"@type":"PropertyValueSpecification","valueRequired":true,"valueName":"search_term_string"}}],"inLanguage":"pt-BR"},{"@type":"Organization","@id":"https:\/\/noticiasemdestaque.com\/cd\/#organization","name":"Not\u00edcias em Destaque","url":"https:\/\/noticiasemdestaque.com\/cd\/","logo":{"@type":"ImageObject","inLanguage":"pt-BR","@id":"https:\/\/noticiasemdestaque.com\/cd\/#\/schema\/logo\/image\/","url":"https:\/\/noticiasemdestaque.com\/cd\/wp-content\/uploads\/2022\/05\/imagem-base-noticiasemdestaque.png","contentUrl":"https:\/\/noticiasemdestaque.com\/cd\/wp-content\/uploads\/2022\/05\/imagem-base-noticiasemdestaque.png","width":1200,"height":630,"caption":"Not\u00edcias em Destaque"},"image":{"@id":"https:\/\/noticiasemdestaque.com\/cd\/#\/schema\/logo\/image\/"}},{"@type":"Person","@id":"https:\/\/noticiasemdestaque.com\/cd\/#\/schema\/person\/21320b03a7e8bb90128938dafc9b908a","name":"Not\u00edcias em Destaque","url":"https:\/\/noticiasemdestaque.com\/cd\/?author=2"}]}},"jetpack_featured_media_url":"","jetpack_sharing_enabled":true,"_links":{"self":[{"href":"https:\/\/noticiasemdestaque.com\/cd\/index.php?rest_route=\/wp\/v2\/posts\/5551","targetHints":{"allow":["GET"]}}],"collection":[{"href":"https:\/\/noticiasemdestaque.com\/cd\/index.php?rest_route=\/wp\/v2\/posts"}],"about":[{"href":"https:\/\/noticiasemdestaque.com\/cd\/index.php?rest_route=\/wp\/v2\/types\/post"}],"author":[{"embeddable":true,"href":"https:\/\/noticiasemdestaque.com\/cd\/index.php?rest_route=\/wp\/v2\/users\/2"}],"replies":[{"embeddable":true,"href":"https:\/\/noticiasemdestaque.com\/cd\/index.php?rest_route=%2Fwp%2Fv2%2Fcomments&post=5551"}],"version-history":[{"count":1,"href":"https:\/\/noticiasemdestaque.com\/cd\/index.php?rest_route=\/wp\/v2\/posts\/5551\/revisions"}],"predecessor-version":[{"id":5554,"href":"https:\/\/noticiasemdestaque.com\/cd\/index.php?rest_route=\/wp\/v2\/posts\/5551\/revisions\/5554"}],"wp:attachment":[{"href":"https:\/\/noticiasemdestaque.com\/cd\/index.php?rest_route=%2Fwp%2Fv2%2Fmedia&parent=5551"}],"wp:term":[{"taxonomy":"category","embeddable":true,"href":"https:\/\/noticiasemdestaque.com\/cd\/index.php?rest_route=%2Fwp%2Fv2%2Fcategories&post=5551"},{"taxonomy":"post_tag","embeddable":true,"href":"https:\/\/noticiasemdestaque.com\/cd\/index.php?rest_route=%2Fwp%2Fv2%2Ftags&post=5551"}],"curies":[{"name":"wp","href":"https:\/\/api.w.org\/{rel}","templated":true}]}}