{"id":55249,"date":"2024-02-22T08:27:10","date_gmt":"2024-02-22T11:27:10","guid":{"rendered":"https:\/\/noticiasemdestaque.com\/cd\/?p=55249"},"modified":"2024-02-22T08:27:25","modified_gmt":"2024-02-22T11:27:25","slug":"vereadores-prestigiam-inauguracao-de-centro-de-costura-em-sume","status":"publish","type":"post","link":"https:\/\/noticiasemdestaque.com\/cd\/?p=55249","title":{"rendered":"Vereadores prestigiam inaugura\u00e7\u00e3o de centro de costura em Sum\u00e9"},"content":{"rendered":"<p><a href=\"https:\/\/noticiasemdestaque.com\/cd\/wp-content\/uploads\/2024\/02\/DSC_0254-scaled.jpg\"><img fetchpriority=\"high\" decoding=\"async\" class=\"size-medium wp-image-55250 aligncenter\" src=\"https:\/\/noticiasemdestaque.com\/cd\/wp-content\/uploads\/2024\/02\/DSC_0254-300x200.jpg\" alt=\"\" width=\"300\" height=\"200\" srcset=\"https:\/\/noticiasemdestaque.com\/cd\/wp-content\/uploads\/2024\/02\/DSC_0254-300x200.jpg 300w, https:\/\/noticiasemdestaque.com\/cd\/wp-content\/uploads\/2024\/02\/DSC_0254-1024x683.jpg 1024w, https:\/\/noticiasemdestaque.com\/cd\/wp-content\/uploads\/2024\/02\/DSC_0254-768x512.jpg 768w, https:\/\/noticiasemdestaque.com\/cd\/wp-content\/uploads\/2024\/02\/DSC_0254-1536x1024.jpg 1536w, https:\/\/noticiasemdestaque.com\/cd\/wp-content\/uploads\/2024\/02\/DSC_0254-2048x1365.jpg 2048w, https:\/\/noticiasemdestaque.com\/cd\/wp-content\/uploads\/2024\/02\/DSC_0254-18x12.jpg 18w\" sizes=\"(max-width: 300px) 100vw, 300px\" \/><\/a><\/p>\n<p>Na manh\u00e3 da \u00faltima segunda-feira (19), o prefeito de Sum\u00e9, \u00c9den Duarte, realizou a entrega de mais um centro de costura no munic\u00edpio.<\/p>\n<p><a href=\"https:\/\/noticiasemdestaque.com\/cd\/wp-content\/uploads\/2024\/02\/Imagem-do-WhatsApp-de-2024-02-20-as-17.58.41_d4f92a05.jpg\"><img decoding=\"async\" class=\"size-medium wp-image-55198 aligncenter\" src=\"https:\/\/noticiasemdestaque.com\/cd\/wp-content\/uploads\/2024\/02\/Imagem-do-WhatsApp-de-2024-02-20-as-17.58.41_d4f92a05-300x200.jpg\" alt=\"\" width=\"300\" height=\"200\" srcset=\"https:\/\/noticiasemdestaque.com\/cd\/wp-content\/uploads\/2024\/02\/Imagem-do-WhatsApp-de-2024-02-20-as-17.58.41_d4f92a05-300x200.jpg 300w, https:\/\/noticiasemdestaque.com\/cd\/wp-content\/uploads\/2024\/02\/Imagem-do-WhatsApp-de-2024-02-20-as-17.58.41_d4f92a05-18x12.jpg 18w, https:\/\/noticiasemdestaque.com\/cd\/wp-content\/uploads\/2024\/02\/Imagem-do-WhatsApp-de-2024-02-20-as-17.58.41_d4f92a05.jpg 750w\" sizes=\"(max-width: 300px) 100vw, 300px\" \/><\/a><\/p>\n<p>O espa\u00e7o denominado de Ant\u00f4nia Clarindo dos Santos, mais conhecida como \u201cDona Toinha\u201d, fica localizado no antigo Matadouro P\u00fablico. O pr\u00e9dio foi totalmente reformado, e agora gera aproximadamente 15 empregos, gra\u00e7as \u00e0 parceria da Prefeitura Municipal com a empresa de confec\u00e7\u00f5es HC REFLECT.<\/p>\n<p><a href=\"https:\/\/noticiasemdestaque.com\/cd\/wp-content\/uploads\/2024\/02\/DSC_0030-scaled.jpg\"><img decoding=\"async\" class=\"size-medium wp-image-55251 aligncenter\" src=\"https:\/\/noticiasemdestaque.com\/cd\/wp-content\/uploads\/2024\/02\/DSC_0030-300x200.jpg\" alt=\"\" width=\"300\" height=\"200\" srcset=\"https:\/\/noticiasemdestaque.com\/cd\/wp-content\/uploads\/2024\/02\/DSC_0030-300x200.jpg 300w, https:\/\/noticiasemdestaque.com\/cd\/wp-content\/uploads\/2024\/02\/DSC_0030-1024x683.jpg 1024w, https:\/\/noticiasemdestaque.com\/cd\/wp-content\/uploads\/2024\/02\/DSC_0030-768x512.jpg 768w, https:\/\/noticiasemdestaque.com\/cd\/wp-content\/uploads\/2024\/02\/DSC_0030-1536x1024.jpg 1536w, https:\/\/noticiasemdestaque.com\/cd\/wp-content\/uploads\/2024\/02\/DSC_0030-2048x1365.jpg 2048w, https:\/\/noticiasemdestaque.com\/cd\/wp-content\/uploads\/2024\/02\/DSC_0030-18x12.jpg 18w\" sizes=\"(max-width: 300px) 100vw, 300px\" \/><\/a><\/p>\n<p>Durante o evento, o Poder Legislativo foi representado pelos vereadores Ant\u00f4nio Carlos, Bomba e Dami\u00e3o Rildo.<\/p>\n<p>O vereador Ant\u00f4nio Carlos parabenizou o prefeito \u00c9den pelas pol\u00edticas de gera\u00e7\u00e3o de emprego. \u201cO munic\u00edpio tem se esfor\u00e7ado e criado condi\u00e7\u00f5es para que possamos receber novas empresas\u201d, ressaltou.<\/p>\n<p>O vereador Dami\u00e3o Rildo falou da alegria em poder acompanhar o surgimento de novas oportunidades. \u201cAos poucos estamos colhendo os frutos de um projeto pioneiro na regi\u00e3o, idealizado pelo governo \u00c9den e Manezinho\u201d, pontuou.<\/p>\n<p>Tamb\u00e9m representando a C\u00e2mara Municipal, o vereador Bomba, ressaltou o empenho de todos os envolvidos. \u201cEstamos vivendo um grande momento, resultado da parceria de grandes empresas com o nosso munic\u00edpio, sempre com apoio da Prefeitura Municipal\u201d, disse.<\/p>\n<p>Fonte: Ascom\/C\u00e2mara<\/p>\n","protected":false},"excerpt":{"rendered":"<p>Na manh\u00e3 da \u00faltima segunda-feira (19), o prefeito de Sum\u00e9, \u00c9den Duarte, realizou a entrega de mais um centro de costura no munic\u00edpio. O espa\u00e7o denominado de Ant\u00f4nia Clarindo dos Santos, mais conhecida como \u201cDona Toinha\u201d, fica localizado no antigo Matadouro P\u00fablico. O pr\u00e9dio foi totalmente reformado, e agora gera aproximadamente 15 empregos, gra\u00e7as \u00e0 parceria da Prefeitura Municipal com a empresa de confec\u00e7\u00f5es HC REFLECT. Durante o evento, o Poder Legislativo foi representado pelos vereadores Ant\u00f4nio Carlos, Bomba e Dami\u00e3o Rildo. O vereador Ant\u00f4nio Carlos parabenizou o prefeito \u00c9den pelas pol\u00edticas de gera\u00e7\u00e3o de emprego. \u201cO munic\u00edpio tem se esfor\u00e7ado e criado condi\u00e7\u00f5es para que possamos receber novas empresas\u201d, ressaltou. O vereador Dami\u00e3o Rildo falou da alegria em poder acompanhar o surgimento de novas oportunidades. \u201cAos poucos estamos colhendo os frutos de um projeto pioneiro na regi\u00e3o, idealizado pelo governo \u00c9den e Manezinho\u201d, pontuou. Tamb\u00e9m representando a C\u00e2mara Municipal, o vereador Bomba, ressaltou o empenho de todos os envolvidos. \u201cEstamos vivendo um grande momento, resultado da parceria de grandes empresas com o nosso munic\u00edpio, sempre com apoio da Prefeitura Municipal\u201d, disse. Fonte: Ascom\/C\u00e2mara<\/p>\n","protected":false},"author":2,"featured_media":55250,"comment_status":"closed","ping_status":"open","sticky":false,"template":"","format":"standard","meta":{"_eb_attr":"","_jetpack_memberships_contains_paid_content":false,"footnotes":""},"categories":[3],"tags":[],"class_list":["post-55249","post","type-post","status-publish","format-standard","has-post-thumbnail","hentry","category-cidades"],"yoast_head":"<!-- This site is optimized with the Yoast SEO plugin v26.5 - https:\/\/yoast.com\/wordpress\/plugins\/seo\/ -->\n<title>Vereadores prestigiam inaugura\u00e7\u00e3o de centro de costura em Sum\u00e9 - Not&iacute;cias em Destaque<\/title>\n<meta name=\"robots\" content=\"index, follow, max-snippet:-1, max-image-preview:large, max-video-preview:-1\" \/>\n<link rel=\"canonical\" href=\"https:\/\/noticiasemdestaque.com\/cd\/?p=55249\" \/>\n<meta property=\"og:locale\" content=\"pt_BR\" \/>\n<meta property=\"og:type\" content=\"article\" \/>\n<meta property=\"og:title\" content=\"Vereadores prestigiam inaugura\u00e7\u00e3o de centro de costura em Sum\u00e9 - Not&iacute;cias em Destaque\" \/>\n<meta property=\"og:description\" content=\"Na manh\u00e3 da \u00faltima segunda-feira (19), o prefeito de Sum\u00e9, \u00c9den Duarte, realizou a entrega de mais um centro de costura no munic\u00edpio. O espa\u00e7o denominado de Ant\u00f4nia Clarindo dos Santos, mais conhecida como \u201cDona Toinha\u201d, fica localizado no antigo Matadouro P\u00fablico. O pr\u00e9dio foi totalmente reformado, e agora gera aproximadamente 15 empregos, gra\u00e7as \u00e0 parceria da Prefeitura Municipal com a empresa de confec\u00e7\u00f5es HC REFLECT. Durante o evento, o Poder Legislativo foi representado pelos vereadores Ant\u00f4nio Carlos, Bomba e Dami\u00e3o Rildo. O vereador Ant\u00f4nio Carlos parabenizou o prefeito \u00c9den pelas pol\u00edticas de gera\u00e7\u00e3o de emprego. \u201cO munic\u00edpio tem se esfor\u00e7ado e criado condi\u00e7\u00f5es para que possamos receber novas empresas\u201d, ressaltou. O vereador Dami\u00e3o Rildo falou da alegria em poder acompanhar o surgimento de novas oportunidades. \u201cAos poucos estamos colhendo os frutos de um projeto pioneiro na regi\u00e3o, idealizado pelo governo \u00c9den e Manezinho\u201d, pontuou. Tamb\u00e9m representando a C\u00e2mara Municipal, o vereador Bomba, ressaltou o empenho de todos os envolvidos. \u201cEstamos vivendo um grande momento, resultado da parceria de grandes empresas com o nosso munic\u00edpio, sempre com apoio da Prefeitura Municipal\u201d, disse. Fonte: Ascom\/C\u00e2mara\" \/>\n<meta property=\"og:url\" content=\"https:\/\/noticiasemdestaque.com\/cd\/?p=55249\" \/>\n<meta property=\"og:site_name\" content=\"Not&iacute;cias em Destaque\" \/>\n<meta property=\"article:published_time\" content=\"2024-02-22T11:27:10+00:00\" \/>\n<meta property=\"article:modified_time\" content=\"2024-02-22T11:27:25+00:00\" \/>\n<meta property=\"og:image\" content=\"https:\/\/noticiasemdestaque.com\/cd\/wp-content\/uploads\/2024\/02\/DSC_0254-scaled.jpg\" \/>\n\t<meta property=\"og:image:width\" content=\"2560\" \/>\n\t<meta property=\"og:image:height\" content=\"1707\" \/>\n\t<meta property=\"og:image:type\" content=\"image\/jpeg\" \/>\n<meta name=\"author\" content=\"Not\u00edcias em Destaque\" \/>\n<meta name=\"twitter:card\" content=\"summary_large_image\" \/>\n<meta name=\"twitter:label1\" content=\"Escrito por\" \/>\n\t<meta name=\"twitter:data1\" content=\"Not\u00edcias em Destaque\" \/>\n\t<meta name=\"twitter:label2\" content=\"Est. tempo de leitura\" \/>\n\t<meta name=\"twitter:data2\" content=\"2 minutos\" \/>\n<script type=\"application\/ld+json\" class=\"yoast-schema-graph\">{\"@context\":\"https:\/\/schema.org\",\"@graph\":[{\"@type\":\"Article\",\"@id\":\"https:\/\/noticiasemdestaque.com\/cd\/?p=55249#article\",\"isPartOf\":{\"@id\":\"https:\/\/noticiasemdestaque.com\/cd\/?p=55249\"},\"author\":{\"name\":\"Not\u00edcias em Destaque\",\"@id\":\"https:\/\/noticiasemdestaque.com\/cd\/#\/schema\/person\/21320b03a7e8bb90128938dafc9b908a\"},\"headline\":\"Vereadores prestigiam inaugura\u00e7\u00e3o de centro de costura em Sum\u00e9\",\"datePublished\":\"2024-02-22T11:27:10+00:00\",\"dateModified\":\"2024-02-22T11:27:25+00:00\",\"mainEntityOfPage\":{\"@id\":\"https:\/\/noticiasemdestaque.com\/cd\/?p=55249\"},\"wordCount\":213,\"publisher\":{\"@id\":\"https:\/\/noticiasemdestaque.com\/cd\/#organization\"},\"image\":{\"@id\":\"https:\/\/noticiasemdestaque.com\/cd\/?p=55249#primaryimage\"},\"thumbnailUrl\":\"https:\/\/noticiasemdestaque.com\/cd\/wp-content\/uploads\/2024\/02\/DSC_0254-scaled.jpg\",\"articleSection\":[\"Cidades\"],\"inLanguage\":\"pt-BR\"},{\"@type\":\"WebPage\",\"@id\":\"https:\/\/noticiasemdestaque.com\/cd\/?p=55249\",\"url\":\"https:\/\/noticiasemdestaque.com\/cd\/?p=55249\",\"name\":\"Vereadores prestigiam inaugura\u00e7\u00e3o de centro de costura em Sum\u00e9 - Not&iacute;cias em Destaque\",\"isPartOf\":{\"@id\":\"https:\/\/noticiasemdestaque.com\/cd\/#website\"},\"primaryImageOfPage\":{\"@id\":\"https:\/\/noticiasemdestaque.com\/cd\/?p=55249#primaryimage\"},\"image\":{\"@id\":\"https:\/\/noticiasemdestaque.com\/cd\/?p=55249#primaryimage\"},\"thumbnailUrl\":\"https:\/\/noticiasemdestaque.com\/cd\/wp-content\/uploads\/2024\/02\/DSC_0254-scaled.jpg\",\"datePublished\":\"2024-02-22T11:27:10+00:00\",\"dateModified\":\"2024-02-22T11:27:25+00:00\",\"breadcrumb\":{\"@id\":\"https:\/\/noticiasemdestaque.com\/cd\/?p=55249#breadcrumb\"},\"inLanguage\":\"pt-BR\",\"potentialAction\":[{\"@type\":\"ReadAction\",\"target\":[\"https:\/\/noticiasemdestaque.com\/cd\/?p=55249\"]}]},{\"@type\":\"ImageObject\",\"inLanguage\":\"pt-BR\",\"@id\":\"https:\/\/noticiasemdestaque.com\/cd\/?p=55249#primaryimage\",\"url\":\"https:\/\/noticiasemdestaque.com\/cd\/wp-content\/uploads\/2024\/02\/DSC_0254-scaled.jpg\",\"contentUrl\":\"https:\/\/noticiasemdestaque.com\/cd\/wp-content\/uploads\/2024\/02\/DSC_0254-scaled.jpg\",\"width\":2560,\"height\":1707},{\"@type\":\"BreadcrumbList\",\"@id\":\"https:\/\/noticiasemdestaque.com\/cd\/?p=55249#breadcrumb\",\"itemListElement\":[{\"@type\":\"ListItem\",\"position\":1,\"name\":\"In\u00edcio\",\"item\":\"https:\/\/noticiasemdestaque.com\/cd\/\"},{\"@type\":\"ListItem\",\"position\":2,\"name\":\"Vereadores prestigiam inaugura\u00e7\u00e3o de centro de costura em Sum\u00e9\"}]},{\"@type\":\"WebSite\",\"@id\":\"https:\/\/noticiasemdestaque.com\/cd\/#website\",\"url\":\"https:\/\/noticiasemdestaque.com\/cd\/\",\"name\":\"Not&iacute;cias em Destaque\",\"description\":\"\",\"publisher\":{\"@id\":\"https:\/\/noticiasemdestaque.com\/cd\/#organization\"},\"potentialAction\":[{\"@type\":\"SearchAction\",\"target\":{\"@type\":\"EntryPoint\",\"urlTemplate\":\"https:\/\/noticiasemdestaque.com\/cd\/?s={search_term_string}\"},\"query-input\":{\"@type\":\"PropertyValueSpecification\",\"valueRequired\":true,\"valueName\":\"search_term_string\"}}],\"inLanguage\":\"pt-BR\"},{\"@type\":\"Organization\",\"@id\":\"https:\/\/noticiasemdestaque.com\/cd\/#organization\",\"name\":\"Not\u00edcias em Destaque\",\"url\":\"https:\/\/noticiasemdestaque.com\/cd\/\",\"logo\":{\"@type\":\"ImageObject\",\"inLanguage\":\"pt-BR\",\"@id\":\"https:\/\/noticiasemdestaque.com\/cd\/#\/schema\/logo\/image\/\",\"url\":\"https:\/\/noticiasemdestaque.com\/cd\/wp-content\/uploads\/2022\/05\/imagem-base-noticiasemdestaque.png\",\"contentUrl\":\"https:\/\/noticiasemdestaque.com\/cd\/wp-content\/uploads\/2022\/05\/imagem-base-noticiasemdestaque.png\",\"width\":1200,\"height\":630,\"caption\":\"Not\u00edcias em Destaque\"},\"image\":{\"@id\":\"https:\/\/noticiasemdestaque.com\/cd\/#\/schema\/logo\/image\/\"}},{\"@type\":\"Person\",\"@id\":\"https:\/\/noticiasemdestaque.com\/cd\/#\/schema\/person\/21320b03a7e8bb90128938dafc9b908a\",\"name\":\"Not\u00edcias em Destaque\",\"url\":\"https:\/\/noticiasemdestaque.com\/cd\/?author=2\"}]}<\/script>\n<!-- \/ Yoast SEO plugin. -->","yoast_head_json":{"title":"Vereadores prestigiam inaugura\u00e7\u00e3o de centro de costura em Sum\u00e9 - Not&iacute;cias em Destaque","robots":{"index":"index","follow":"follow","max-snippet":"max-snippet:-1","max-image-preview":"max-image-preview:large","max-video-preview":"max-video-preview:-1"},"canonical":"https:\/\/noticiasemdestaque.com\/cd\/?p=55249","og_locale":"pt_BR","og_type":"article","og_title":"Vereadores prestigiam inaugura\u00e7\u00e3o de centro de costura em Sum\u00e9 - Not&iacute;cias em Destaque","og_description":"Na manh\u00e3 da \u00faltima segunda-feira (19), o prefeito de Sum\u00e9, \u00c9den Duarte, realizou a entrega de mais um centro de costura no munic\u00edpio. O espa\u00e7o denominado de Ant\u00f4nia Clarindo dos Santos, mais conhecida como \u201cDona Toinha\u201d, fica localizado no antigo Matadouro P\u00fablico. O pr\u00e9dio foi totalmente reformado, e agora gera aproximadamente 15 empregos, gra\u00e7as \u00e0 parceria da Prefeitura Municipal com a empresa de confec\u00e7\u00f5es HC REFLECT. Durante o evento, o Poder Legislativo foi representado pelos vereadores Ant\u00f4nio Carlos, Bomba e Dami\u00e3o Rildo. O vereador Ant\u00f4nio Carlos parabenizou o prefeito \u00c9den pelas pol\u00edticas de gera\u00e7\u00e3o de emprego. \u201cO munic\u00edpio tem se esfor\u00e7ado e criado condi\u00e7\u00f5es para que possamos receber novas empresas\u201d, ressaltou. O vereador Dami\u00e3o Rildo falou da alegria em poder acompanhar o surgimento de novas oportunidades. \u201cAos poucos estamos colhendo os frutos de um projeto pioneiro na regi\u00e3o, idealizado pelo governo \u00c9den e Manezinho\u201d, pontuou. Tamb\u00e9m representando a C\u00e2mara Municipal, o vereador Bomba, ressaltou o empenho de todos os envolvidos. \u201cEstamos vivendo um grande momento, resultado da parceria de grandes empresas com o nosso munic\u00edpio, sempre com apoio da Prefeitura Municipal\u201d, disse. Fonte: Ascom\/C\u00e2mara","og_url":"https:\/\/noticiasemdestaque.com\/cd\/?p=55249","og_site_name":"Not&iacute;cias em Destaque","article_published_time":"2024-02-22T11:27:10+00:00","article_modified_time":"2024-02-22T11:27:25+00:00","og_image":[{"width":2560,"height":1707,"url":"https:\/\/noticiasemdestaque.com\/cd\/wp-content\/uploads\/2024\/02\/DSC_0254-scaled.jpg","type":"image\/jpeg"}],"author":"Not\u00edcias em Destaque","twitter_card":"summary_large_image","twitter_misc":{"Escrito por":"Not\u00edcias em Destaque","Est. tempo de leitura":"2 minutos"},"schema":{"@context":"https:\/\/schema.org","@graph":[{"@type":"Article","@id":"https:\/\/noticiasemdestaque.com\/cd\/?p=55249#article","isPartOf":{"@id":"https:\/\/noticiasemdestaque.com\/cd\/?p=55249"},"author":{"name":"Not\u00edcias em Destaque","@id":"https:\/\/noticiasemdestaque.com\/cd\/#\/schema\/person\/21320b03a7e8bb90128938dafc9b908a"},"headline":"Vereadores prestigiam inaugura\u00e7\u00e3o de centro de costura em Sum\u00e9","datePublished":"2024-02-22T11:27:10+00:00","dateModified":"2024-02-22T11:27:25+00:00","mainEntityOfPage":{"@id":"https:\/\/noticiasemdestaque.com\/cd\/?p=55249"},"wordCount":213,"publisher":{"@id":"https:\/\/noticiasemdestaque.com\/cd\/#organization"},"image":{"@id":"https:\/\/noticiasemdestaque.com\/cd\/?p=55249#primaryimage"},"thumbnailUrl":"https:\/\/noticiasemdestaque.com\/cd\/wp-content\/uploads\/2024\/02\/DSC_0254-scaled.jpg","articleSection":["Cidades"],"inLanguage":"pt-BR"},{"@type":"WebPage","@id":"https:\/\/noticiasemdestaque.com\/cd\/?p=55249","url":"https:\/\/noticiasemdestaque.com\/cd\/?p=55249","name":"Vereadores prestigiam inaugura\u00e7\u00e3o de centro de costura em Sum\u00e9 - Not&iacute;cias em Destaque","isPartOf":{"@id":"https:\/\/noticiasemdestaque.com\/cd\/#website"},"primaryImageOfPage":{"@id":"https:\/\/noticiasemdestaque.com\/cd\/?p=55249#primaryimage"},"image":{"@id":"https:\/\/noticiasemdestaque.com\/cd\/?p=55249#primaryimage"},"thumbnailUrl":"https:\/\/noticiasemdestaque.com\/cd\/wp-content\/uploads\/2024\/02\/DSC_0254-scaled.jpg","datePublished":"2024-02-22T11:27:10+00:00","dateModified":"2024-02-22T11:27:25+00:00","breadcrumb":{"@id":"https:\/\/noticiasemdestaque.com\/cd\/?p=55249#breadcrumb"},"inLanguage":"pt-BR","potentialAction":[{"@type":"ReadAction","target":["https:\/\/noticiasemdestaque.com\/cd\/?p=55249"]}]},{"@type":"ImageObject","inLanguage":"pt-BR","@id":"https:\/\/noticiasemdestaque.com\/cd\/?p=55249#primaryimage","url":"https:\/\/noticiasemdestaque.com\/cd\/wp-content\/uploads\/2024\/02\/DSC_0254-scaled.jpg","contentUrl":"https:\/\/noticiasemdestaque.com\/cd\/wp-content\/uploads\/2024\/02\/DSC_0254-scaled.jpg","width":2560,"height":1707},{"@type":"BreadcrumbList","@id":"https:\/\/noticiasemdestaque.com\/cd\/?p=55249#breadcrumb","itemListElement":[{"@type":"ListItem","position":1,"name":"In\u00edcio","item":"https:\/\/noticiasemdestaque.com\/cd\/"},{"@type":"ListItem","position":2,"name":"Vereadores prestigiam inaugura\u00e7\u00e3o de centro de costura em Sum\u00e9"}]},{"@type":"WebSite","@id":"https:\/\/noticiasemdestaque.com\/cd\/#website","url":"https:\/\/noticiasemdestaque.com\/cd\/","name":"Not&iacute;cias em Destaque","description":"","publisher":{"@id":"https:\/\/noticiasemdestaque.com\/cd\/#organization"},"potentialAction":[{"@type":"SearchAction","target":{"@type":"EntryPoint","urlTemplate":"https:\/\/noticiasemdestaque.com\/cd\/?s={search_term_string}"},"query-input":{"@type":"PropertyValueSpecification","valueRequired":true,"valueName":"search_term_string"}}],"inLanguage":"pt-BR"},{"@type":"Organization","@id":"https:\/\/noticiasemdestaque.com\/cd\/#organization","name":"Not\u00edcias em Destaque","url":"https:\/\/noticiasemdestaque.com\/cd\/","logo":{"@type":"ImageObject","inLanguage":"pt-BR","@id":"https:\/\/noticiasemdestaque.com\/cd\/#\/schema\/logo\/image\/","url":"https:\/\/noticiasemdestaque.com\/cd\/wp-content\/uploads\/2022\/05\/imagem-base-noticiasemdestaque.png","contentUrl":"https:\/\/noticiasemdestaque.com\/cd\/wp-content\/uploads\/2022\/05\/imagem-base-noticiasemdestaque.png","width":1200,"height":630,"caption":"Not\u00edcias em Destaque"},"image":{"@id":"https:\/\/noticiasemdestaque.com\/cd\/#\/schema\/logo\/image\/"}},{"@type":"Person","@id":"https:\/\/noticiasemdestaque.com\/cd\/#\/schema\/person\/21320b03a7e8bb90128938dafc9b908a","name":"Not\u00edcias em Destaque","url":"https:\/\/noticiasemdestaque.com\/cd\/?author=2"}]}},"jetpack_featured_media_url":"https:\/\/noticiasemdestaque.com\/cd\/wp-content\/uploads\/2024\/02\/DSC_0254-scaled.jpg","jetpack_sharing_enabled":true,"_links":{"self":[{"href":"https:\/\/noticiasemdestaque.com\/cd\/index.php?rest_route=\/wp\/v2\/posts\/55249","targetHints":{"allow":["GET"]}}],"collection":[{"href":"https:\/\/noticiasemdestaque.com\/cd\/index.php?rest_route=\/wp\/v2\/posts"}],"about":[{"href":"https:\/\/noticiasemdestaque.com\/cd\/index.php?rest_route=\/wp\/v2\/types\/post"}],"author":[{"embeddable":true,"href":"https:\/\/noticiasemdestaque.com\/cd\/index.php?rest_route=\/wp\/v2\/users\/2"}],"replies":[{"embeddable":true,"href":"https:\/\/noticiasemdestaque.com\/cd\/index.php?rest_route=%2Fwp%2Fv2%2Fcomments&post=55249"}],"version-history":[{"count":2,"href":"https:\/\/noticiasemdestaque.com\/cd\/index.php?rest_route=\/wp\/v2\/posts\/55249\/revisions"}],"predecessor-version":[{"id":55253,"href":"https:\/\/noticiasemdestaque.com\/cd\/index.php?rest_route=\/wp\/v2\/posts\/55249\/revisions\/55253"}],"wp:featuredmedia":[{"embeddable":true,"href":"https:\/\/noticiasemdestaque.com\/cd\/index.php?rest_route=\/wp\/v2\/media\/55250"}],"wp:attachment":[{"href":"https:\/\/noticiasemdestaque.com\/cd\/index.php?rest_route=%2Fwp%2Fv2%2Fmedia&parent=55249"}],"wp:term":[{"taxonomy":"category","embeddable":true,"href":"https:\/\/noticiasemdestaque.com\/cd\/index.php?rest_route=%2Fwp%2Fv2%2Fcategories&post=55249"},{"taxonomy":"post_tag","embeddable":true,"href":"https:\/\/noticiasemdestaque.com\/cd\/index.php?rest_route=%2Fwp%2Fv2%2Ftags&post=55249"}],"curies":[{"name":"wp","href":"https:\/\/api.w.org\/{rel}","templated":true}]}}