{"id":5512,"date":"2017-10-26T16:05:47","date_gmt":"2017-10-26T19:05:47","guid":{"rendered":"http:\/\/caririemdestaque.com\/cd\/?p=5512"},"modified":"2017-10-26T16:05:47","modified_gmt":"2017-10-26T19:05:47","slug":"cdsa-tera-mestrado-profissionalizante-em-gestao-e-regulacao-de-recursos-hidricos-da-rede-profagua","status":"publish","type":"post","link":"https:\/\/noticiasemdestaque.com\/cd\/?p=5512","title":{"rendered":"CDSA ter\u00e1 Mestrado Profissionalizante em Gest\u00e3o e Regula\u00e7\u00e3o de Recursos H\u00eddricos da rede Prof\u00c1gua"},"content":{"rendered":"<p><a href=\"http:\/\/caririemdestaque.com\/cd\/wp-content\/uploads\/2017\/10\/agua-667355_1280.jpg\"><img decoding=\"async\" class=\"size-thumbnail wp-image-5513 alignleft\" src=\"http:\/\/caririemdestaque.com\/cd\/wp-content\/uploads\/2017\/10\/agua-667355_1280-150x150.jpg\" alt=\"\" width=\"150\" height=\"150\" \/><\/a>A Universidade Federal de Campina Grande por meio do Centro de Desenvolvimento Sustent\u00e1vel do Semi\u00e1rido aprovou proposta de ades\u00e3o ao Mestrado Profissionalizante em Gest\u00e3o e Regula\u00e7\u00e3o de Recursos H\u00eddricos da rede Prof\u00c1gua. O resultado da aprova\u00e7\u00e3o e sele\u00e7\u00e3o foi divulgado ontem, 24 de outubro, no Di\u00e1rio Oficial do Estado de S\u00e3o Paulo, conforme previu o Edital n\u00ba 003\/2017. No Nordeste a UFCG\/CDSA obteve o primeiro lugar e a segunda maior nota de avalia\u00e7\u00e3o no Brasil.<\/p>\n<p>O Prof\u00c1gua \u00e9 um programa de p\u00f3s-gradua\u00e7\u00e3o stricto sensu em Gest\u00e3o e Regula\u00e7\u00e3o de Recursos H\u00eddricos recomendado pela Coordena\u00e7\u00e3o de Aperfei\u00e7oamento de Pessoal de N\u00edvel Superior (CAPES) do Minist\u00e9rio da Educa\u00e7\u00e3o. Coordenado pela Universidade Estadual Paulista J\u00falio de Mesquita Filho, tem como objetivo proporcionar a forma\u00e7\u00e3o continuada dos profissionais que atuam em \u00f3rg\u00e3os gestores de recursos h\u00eddricos (em n\u00edvel federal, estadual e municipal), ag\u00eancias de \u00e1gua, comit\u00eas de bacia hidrogr\u00e1fica ou conselhos de recursos h\u00eddricos, seja participando desses \u00f3rg\u00e3os ou submetendo pedidos ou projetos de utiliza\u00e7\u00e3o e controle de recursos h\u00eddricos.<\/p>\n<p>O programa tem como \u00e1reas de concentra\u00e7\u00e3o instrumentos da pol\u00edtica de recursos h\u00eddricos e regula\u00e7\u00e3o e governan\u00e7a de recursos h\u00eddricos. As linhas de pesquisa s\u00e3o: Ferramentas aplicadas aos instrumentos de gest\u00e3o de recursos h\u00eddricos; Metodologias para implementa\u00e7\u00e3o dos instrumentos de gest\u00e3o de recursos h\u00eddricos; Planejamento e gest\u00e3o de recursos h\u00eddricos e Seguran\u00e7a h\u00eddrica e usos m\u00faltiplos da \u00e1gua.<\/p>\n<p><strong><em>Cariri em Destaque<\/em><\/strong><\/p>\n<p>(Rosenato Barreto &#8211; Assimp CDSA\/UFCG)<\/p>\n","protected":false},"excerpt":{"rendered":"<p>A Universidade Federal de Campina Grande por meio do Centro de Desenvolvimento Sustent\u00e1vel do Semi\u00e1rido aprovou proposta de ades\u00e3o ao Mestrado Profissionalizante em Gest\u00e3o e Regula\u00e7\u00e3o de Recursos H\u00eddricos da rede Prof\u00c1gua. O resultado da aprova\u00e7\u00e3o e sele\u00e7\u00e3o foi divulgado ontem, 24 de outubro, no Di\u00e1rio Oficial do Estado de S\u00e3o Paulo, conforme previu o Edital n\u00ba 003\/2017. No Nordeste a UFCG\/CDSA obteve o primeiro lugar e a segunda maior nota de avalia\u00e7\u00e3o no Brasil. O Prof\u00c1gua \u00e9 um programa de p\u00f3s-gradua\u00e7\u00e3o stricto sensu em Gest\u00e3o e Regula\u00e7\u00e3o de Recursos H\u00eddricos recomendado pela Coordena\u00e7\u00e3o de Aperfei\u00e7oamento de Pessoal de N\u00edvel Superior (CAPES) do Minist\u00e9rio da Educa\u00e7\u00e3o. Coordenado pela Universidade Estadual Paulista J\u00falio de Mesquita Filho, tem como objetivo proporcionar a forma\u00e7\u00e3o continuada dos profissionais que atuam em \u00f3rg\u00e3os gestores de recursos h\u00eddricos (em n\u00edvel federal, estadual e municipal), ag\u00eancias de \u00e1gua, comit\u00eas de bacia hidrogr\u00e1fica ou conselhos de recursos h\u00eddricos, seja participando desses \u00f3rg\u00e3os ou submetendo pedidos ou projetos de utiliza\u00e7\u00e3o e controle de recursos h\u00eddricos. O programa tem como \u00e1reas de concentra\u00e7\u00e3o instrumentos da pol\u00edtica de recursos h\u00eddricos e regula\u00e7\u00e3o e governan\u00e7a de recursos h\u00eddricos. As linhas de pesquisa s\u00e3o: Ferramentas aplicadas aos instrumentos de gest\u00e3o de recursos h\u00eddricos; Metodologias para implementa\u00e7\u00e3o dos instrumentos de gest\u00e3o de recursos h\u00eddricos; Planejamento e gest\u00e3o de recursos h\u00eddricos e Seguran\u00e7a h\u00eddrica e usos m\u00faltiplos da \u00e1gua. Cariri em Destaque (Rosenato Barreto &#8211; Assimp CDSA\/UFCG)<\/p>\n","protected":false},"author":2,"featured_media":5513,"comment_status":"closed","ping_status":"open","sticky":false,"template":"","format":"standard","meta":{"_eb_attr":"","_jetpack_memberships_contains_paid_content":false,"footnotes":""},"categories":[4],"tags":[],"class_list":["post-5512","post","type-post","status-publish","format-standard","has-post-thumbnail","hentry","category-politica"],"yoast_head":"<!-- This site is optimized with the Yoast SEO plugin v26.5 - https:\/\/yoast.com\/wordpress\/plugins\/seo\/ -->\n<title>CDSA ter\u00e1 Mestrado Profissionalizante em Gest\u00e3o e Regula\u00e7\u00e3o de Recursos H\u00eddricos da rede Prof\u00c1gua - Not&iacute;cias em Destaque<\/title>\n<meta name=\"robots\" content=\"index, follow, max-snippet:-1, max-image-preview:large, max-video-preview:-1\" \/>\n<link rel=\"canonical\" href=\"https:\/\/noticiasemdestaque.com\/cd\/?p=5512\" \/>\n<meta property=\"og:locale\" content=\"pt_BR\" \/>\n<meta property=\"og:type\" content=\"article\" \/>\n<meta property=\"og:title\" content=\"CDSA ter\u00e1 Mestrado Profissionalizante em Gest\u00e3o e Regula\u00e7\u00e3o de Recursos H\u00eddricos da rede Prof\u00c1gua - Not&iacute;cias em Destaque\" \/>\n<meta property=\"og:description\" content=\"A Universidade Federal de Campina Grande por meio do Centro de Desenvolvimento Sustent\u00e1vel do Semi\u00e1rido aprovou proposta de ades\u00e3o ao Mestrado Profissionalizante em Gest\u00e3o e Regula\u00e7\u00e3o de Recursos H\u00eddricos da rede Prof\u00c1gua. O resultado da aprova\u00e7\u00e3o e sele\u00e7\u00e3o foi divulgado ontem, 24 de outubro, no Di\u00e1rio Oficial do Estado de S\u00e3o Paulo, conforme previu o Edital n\u00ba 003\/2017. No Nordeste a UFCG\/CDSA obteve o primeiro lugar e a segunda maior nota de avalia\u00e7\u00e3o no Brasil. O Prof\u00c1gua \u00e9 um programa de p\u00f3s-gradua\u00e7\u00e3o stricto sensu em Gest\u00e3o e Regula\u00e7\u00e3o de Recursos H\u00eddricos recomendado pela Coordena\u00e7\u00e3o de Aperfei\u00e7oamento de Pessoal de N\u00edvel Superior (CAPES) do Minist\u00e9rio da Educa\u00e7\u00e3o. Coordenado pela Universidade Estadual Paulista J\u00falio de Mesquita Filho, tem como objetivo proporcionar a forma\u00e7\u00e3o continuada dos profissionais que atuam em \u00f3rg\u00e3os gestores de recursos h\u00eddricos (em n\u00edvel federal, estadual e municipal), ag\u00eancias de \u00e1gua, comit\u00eas de bacia hidrogr\u00e1fica ou conselhos de recursos h\u00eddricos, seja participando desses \u00f3rg\u00e3os ou submetendo pedidos ou projetos de utiliza\u00e7\u00e3o e controle de recursos h\u00eddricos. O programa tem como \u00e1reas de concentra\u00e7\u00e3o instrumentos da pol\u00edtica de recursos h\u00eddricos e regula\u00e7\u00e3o e governan\u00e7a de recursos h\u00eddricos. As linhas de pesquisa s\u00e3o: Ferramentas aplicadas aos instrumentos de gest\u00e3o de recursos h\u00eddricos; Metodologias para implementa\u00e7\u00e3o dos instrumentos de gest\u00e3o de recursos h\u00eddricos; Planejamento e gest\u00e3o de recursos h\u00eddricos e Seguran\u00e7a h\u00eddrica e usos m\u00faltiplos da \u00e1gua. Cariri em Destaque (Rosenato Barreto &#8211; Assimp CDSA\/UFCG)\" \/>\n<meta property=\"og:url\" content=\"https:\/\/noticiasemdestaque.com\/cd\/?p=5512\" \/>\n<meta property=\"og:site_name\" content=\"Not&iacute;cias em Destaque\" \/>\n<meta property=\"article:published_time\" content=\"2017-10-26T19:05:47+00:00\" \/>\n<meta property=\"og:image\" content=\"https:\/\/noticiasemdestaque.com\/cd\/wp-content\/uploads\/2017\/10\/agua-667355_1280.jpg\" \/>\n\t<meta property=\"og:image:width\" content=\"1280\" \/>\n\t<meta property=\"og:image:height\" content=\"960\" \/>\n\t<meta property=\"og:image:type\" content=\"image\/jpeg\" \/>\n<meta name=\"author\" content=\"Not\u00edcias em Destaque\" \/>\n<meta name=\"twitter:card\" content=\"summary_large_image\" \/>\n<meta name=\"twitter:label1\" content=\"Escrito por\" \/>\n\t<meta name=\"twitter:data1\" content=\"Not\u00edcias em Destaque\" \/>\n\t<meta name=\"twitter:label2\" content=\"Est. tempo de leitura\" \/>\n\t<meta name=\"twitter:data2\" content=\"1 minuto\" \/>\n<script type=\"application\/ld+json\" class=\"yoast-schema-graph\">{\"@context\":\"https:\/\/schema.org\",\"@graph\":[{\"@type\":\"Article\",\"@id\":\"https:\/\/noticiasemdestaque.com\/cd\/?p=5512#article\",\"isPartOf\":{\"@id\":\"https:\/\/noticiasemdestaque.com\/cd\/?p=5512\"},\"author\":{\"name\":\"Not\u00edcias em Destaque\",\"@id\":\"https:\/\/noticiasemdestaque.com\/cd\/#\/schema\/person\/21320b03a7e8bb90128938dafc9b908a\"},\"headline\":\"CDSA ter\u00e1 Mestrado Profissionalizante em Gest\u00e3o e Regula\u00e7\u00e3o de Recursos H\u00eddricos da rede Prof\u00c1gua\",\"datePublished\":\"2017-10-26T19:05:47+00:00\",\"mainEntityOfPage\":{\"@id\":\"https:\/\/noticiasemdestaque.com\/cd\/?p=5512\"},\"wordCount\":301,\"publisher\":{\"@id\":\"https:\/\/noticiasemdestaque.com\/cd\/#organization\"},\"image\":{\"@id\":\"https:\/\/noticiasemdestaque.com\/cd\/?p=5512#primaryimage\"},\"thumbnailUrl\":\"https:\/\/noticiasemdestaque.com\/cd\/wp-content\/uploads\/2017\/10\/agua-667355_1280.jpg\",\"articleSection\":[\"Pol\u00edtica\"],\"inLanguage\":\"pt-BR\"},{\"@type\":\"WebPage\",\"@id\":\"https:\/\/noticiasemdestaque.com\/cd\/?p=5512\",\"url\":\"https:\/\/noticiasemdestaque.com\/cd\/?p=5512\",\"name\":\"CDSA ter\u00e1 Mestrado Profissionalizante em Gest\u00e3o e Regula\u00e7\u00e3o de Recursos H\u00eddricos da rede Prof\u00c1gua - Not&iacute;cias em Destaque\",\"isPartOf\":{\"@id\":\"https:\/\/noticiasemdestaque.com\/cd\/#website\"},\"primaryImageOfPage\":{\"@id\":\"https:\/\/noticiasemdestaque.com\/cd\/?p=5512#primaryimage\"},\"image\":{\"@id\":\"https:\/\/noticiasemdestaque.com\/cd\/?p=5512#primaryimage\"},\"thumbnailUrl\":\"https:\/\/noticiasemdestaque.com\/cd\/wp-content\/uploads\/2017\/10\/agua-667355_1280.jpg\",\"datePublished\":\"2017-10-26T19:05:47+00:00\",\"breadcrumb\":{\"@id\":\"https:\/\/noticiasemdestaque.com\/cd\/?p=5512#breadcrumb\"},\"inLanguage\":\"pt-BR\",\"potentialAction\":[{\"@type\":\"ReadAction\",\"target\":[\"https:\/\/noticiasemdestaque.com\/cd\/?p=5512\"]}]},{\"@type\":\"ImageObject\",\"inLanguage\":\"pt-BR\",\"@id\":\"https:\/\/noticiasemdestaque.com\/cd\/?p=5512#primaryimage\",\"url\":\"https:\/\/noticiasemdestaque.com\/cd\/wp-content\/uploads\/2017\/10\/agua-667355_1280.jpg\",\"contentUrl\":\"https:\/\/noticiasemdestaque.com\/cd\/wp-content\/uploads\/2017\/10\/agua-667355_1280.jpg\",\"width\":1280,\"height\":960},{\"@type\":\"BreadcrumbList\",\"@id\":\"https:\/\/noticiasemdestaque.com\/cd\/?p=5512#breadcrumb\",\"itemListElement\":[{\"@type\":\"ListItem\",\"position\":1,\"name\":\"In\u00edcio\",\"item\":\"https:\/\/noticiasemdestaque.com\/cd\/\"},{\"@type\":\"ListItem\",\"position\":2,\"name\":\"CDSA ter\u00e1 Mestrado Profissionalizante em Gest\u00e3o e Regula\u00e7\u00e3o de Recursos H\u00eddricos da rede Prof\u00c1gua\"}]},{\"@type\":\"WebSite\",\"@id\":\"https:\/\/noticiasemdestaque.com\/cd\/#website\",\"url\":\"https:\/\/noticiasemdestaque.com\/cd\/\",\"name\":\"Not&iacute;cias em Destaque\",\"description\":\"\",\"publisher\":{\"@id\":\"https:\/\/noticiasemdestaque.com\/cd\/#organization\"},\"potentialAction\":[{\"@type\":\"SearchAction\",\"target\":{\"@type\":\"EntryPoint\",\"urlTemplate\":\"https:\/\/noticiasemdestaque.com\/cd\/?s={search_term_string}\"},\"query-input\":{\"@type\":\"PropertyValueSpecification\",\"valueRequired\":true,\"valueName\":\"search_term_string\"}}],\"inLanguage\":\"pt-BR\"},{\"@type\":\"Organization\",\"@id\":\"https:\/\/noticiasemdestaque.com\/cd\/#organization\",\"name\":\"Not\u00edcias em Destaque\",\"url\":\"https:\/\/noticiasemdestaque.com\/cd\/\",\"logo\":{\"@type\":\"ImageObject\",\"inLanguage\":\"pt-BR\",\"@id\":\"https:\/\/noticiasemdestaque.com\/cd\/#\/schema\/logo\/image\/\",\"url\":\"https:\/\/noticiasemdestaque.com\/cd\/wp-content\/uploads\/2022\/05\/imagem-base-noticiasemdestaque.png\",\"contentUrl\":\"https:\/\/noticiasemdestaque.com\/cd\/wp-content\/uploads\/2022\/05\/imagem-base-noticiasemdestaque.png\",\"width\":1200,\"height\":630,\"caption\":\"Not\u00edcias em Destaque\"},\"image\":{\"@id\":\"https:\/\/noticiasemdestaque.com\/cd\/#\/schema\/logo\/image\/\"}},{\"@type\":\"Person\",\"@id\":\"https:\/\/noticiasemdestaque.com\/cd\/#\/schema\/person\/21320b03a7e8bb90128938dafc9b908a\",\"name\":\"Not\u00edcias em Destaque\",\"url\":\"https:\/\/noticiasemdestaque.com\/cd\/?author=2\"}]}<\/script>\n<!-- \/ Yoast SEO plugin. -->","yoast_head_json":{"title":"CDSA ter\u00e1 Mestrado Profissionalizante em Gest\u00e3o e Regula\u00e7\u00e3o de Recursos H\u00eddricos da rede Prof\u00c1gua - Not&iacute;cias em Destaque","robots":{"index":"index","follow":"follow","max-snippet":"max-snippet:-1","max-image-preview":"max-image-preview:large","max-video-preview":"max-video-preview:-1"},"canonical":"https:\/\/noticiasemdestaque.com\/cd\/?p=5512","og_locale":"pt_BR","og_type":"article","og_title":"CDSA ter\u00e1 Mestrado Profissionalizante em Gest\u00e3o e Regula\u00e7\u00e3o de Recursos H\u00eddricos da rede Prof\u00c1gua - Not&iacute;cias em Destaque","og_description":"A Universidade Federal de Campina Grande por meio do Centro de Desenvolvimento Sustent\u00e1vel do Semi\u00e1rido aprovou proposta de ades\u00e3o ao Mestrado Profissionalizante em Gest\u00e3o e Regula\u00e7\u00e3o de Recursos H\u00eddricos da rede Prof\u00c1gua. O resultado da aprova\u00e7\u00e3o e sele\u00e7\u00e3o foi divulgado ontem, 24 de outubro, no Di\u00e1rio Oficial do Estado de S\u00e3o Paulo, conforme previu o Edital n\u00ba 003\/2017. No Nordeste a UFCG\/CDSA obteve o primeiro lugar e a segunda maior nota de avalia\u00e7\u00e3o no Brasil. O Prof\u00c1gua \u00e9 um programa de p\u00f3s-gradua\u00e7\u00e3o stricto sensu em Gest\u00e3o e Regula\u00e7\u00e3o de Recursos H\u00eddricos recomendado pela Coordena\u00e7\u00e3o de Aperfei\u00e7oamento de Pessoal de N\u00edvel Superior (CAPES) do Minist\u00e9rio da Educa\u00e7\u00e3o. Coordenado pela Universidade Estadual Paulista J\u00falio de Mesquita Filho, tem como objetivo proporcionar a forma\u00e7\u00e3o continuada dos profissionais que atuam em \u00f3rg\u00e3os gestores de recursos h\u00eddricos (em n\u00edvel federal, estadual e municipal), ag\u00eancias de \u00e1gua, comit\u00eas de bacia hidrogr\u00e1fica ou conselhos de recursos h\u00eddricos, seja participando desses \u00f3rg\u00e3os ou submetendo pedidos ou projetos de utiliza\u00e7\u00e3o e controle de recursos h\u00eddricos. O programa tem como \u00e1reas de concentra\u00e7\u00e3o instrumentos da pol\u00edtica de recursos h\u00eddricos e regula\u00e7\u00e3o e governan\u00e7a de recursos h\u00eddricos. As linhas de pesquisa s\u00e3o: Ferramentas aplicadas aos instrumentos de gest\u00e3o de recursos h\u00eddricos; Metodologias para implementa\u00e7\u00e3o dos instrumentos de gest\u00e3o de recursos h\u00eddricos; Planejamento e gest\u00e3o de recursos h\u00eddricos e Seguran\u00e7a h\u00eddrica e usos m\u00faltiplos da \u00e1gua. Cariri em Destaque (Rosenato Barreto &#8211; Assimp CDSA\/UFCG)","og_url":"https:\/\/noticiasemdestaque.com\/cd\/?p=5512","og_site_name":"Not&iacute;cias em Destaque","article_published_time":"2017-10-26T19:05:47+00:00","og_image":[{"width":1280,"height":960,"url":"https:\/\/noticiasemdestaque.com\/cd\/wp-content\/uploads\/2017\/10\/agua-667355_1280.jpg","type":"image\/jpeg"}],"author":"Not\u00edcias em Destaque","twitter_card":"summary_large_image","twitter_misc":{"Escrito por":"Not\u00edcias em Destaque","Est. tempo de leitura":"1 minuto"},"schema":{"@context":"https:\/\/schema.org","@graph":[{"@type":"Article","@id":"https:\/\/noticiasemdestaque.com\/cd\/?p=5512#article","isPartOf":{"@id":"https:\/\/noticiasemdestaque.com\/cd\/?p=5512"},"author":{"name":"Not\u00edcias em Destaque","@id":"https:\/\/noticiasemdestaque.com\/cd\/#\/schema\/person\/21320b03a7e8bb90128938dafc9b908a"},"headline":"CDSA ter\u00e1 Mestrado Profissionalizante em Gest\u00e3o e Regula\u00e7\u00e3o de Recursos H\u00eddricos da rede Prof\u00c1gua","datePublished":"2017-10-26T19:05:47+00:00","mainEntityOfPage":{"@id":"https:\/\/noticiasemdestaque.com\/cd\/?p=5512"},"wordCount":301,"publisher":{"@id":"https:\/\/noticiasemdestaque.com\/cd\/#organization"},"image":{"@id":"https:\/\/noticiasemdestaque.com\/cd\/?p=5512#primaryimage"},"thumbnailUrl":"https:\/\/noticiasemdestaque.com\/cd\/wp-content\/uploads\/2017\/10\/agua-667355_1280.jpg","articleSection":["Pol\u00edtica"],"inLanguage":"pt-BR"},{"@type":"WebPage","@id":"https:\/\/noticiasemdestaque.com\/cd\/?p=5512","url":"https:\/\/noticiasemdestaque.com\/cd\/?p=5512","name":"CDSA ter\u00e1 Mestrado Profissionalizante em Gest\u00e3o e Regula\u00e7\u00e3o de Recursos H\u00eddricos da rede Prof\u00c1gua - Not&iacute;cias em Destaque","isPartOf":{"@id":"https:\/\/noticiasemdestaque.com\/cd\/#website"},"primaryImageOfPage":{"@id":"https:\/\/noticiasemdestaque.com\/cd\/?p=5512#primaryimage"},"image":{"@id":"https:\/\/noticiasemdestaque.com\/cd\/?p=5512#primaryimage"},"thumbnailUrl":"https:\/\/noticiasemdestaque.com\/cd\/wp-content\/uploads\/2017\/10\/agua-667355_1280.jpg","datePublished":"2017-10-26T19:05:47+00:00","breadcrumb":{"@id":"https:\/\/noticiasemdestaque.com\/cd\/?p=5512#breadcrumb"},"inLanguage":"pt-BR","potentialAction":[{"@type":"ReadAction","target":["https:\/\/noticiasemdestaque.com\/cd\/?p=5512"]}]},{"@type":"ImageObject","inLanguage":"pt-BR","@id":"https:\/\/noticiasemdestaque.com\/cd\/?p=5512#primaryimage","url":"https:\/\/noticiasemdestaque.com\/cd\/wp-content\/uploads\/2017\/10\/agua-667355_1280.jpg","contentUrl":"https:\/\/noticiasemdestaque.com\/cd\/wp-content\/uploads\/2017\/10\/agua-667355_1280.jpg","width":1280,"height":960},{"@type":"BreadcrumbList","@id":"https:\/\/noticiasemdestaque.com\/cd\/?p=5512#breadcrumb","itemListElement":[{"@type":"ListItem","position":1,"name":"In\u00edcio","item":"https:\/\/noticiasemdestaque.com\/cd\/"},{"@type":"ListItem","position":2,"name":"CDSA ter\u00e1 Mestrado Profissionalizante em Gest\u00e3o e Regula\u00e7\u00e3o de Recursos H\u00eddricos da rede Prof\u00c1gua"}]},{"@type":"WebSite","@id":"https:\/\/noticiasemdestaque.com\/cd\/#website","url":"https:\/\/noticiasemdestaque.com\/cd\/","name":"Not&iacute;cias em Destaque","description":"","publisher":{"@id":"https:\/\/noticiasemdestaque.com\/cd\/#organization"},"potentialAction":[{"@type":"SearchAction","target":{"@type":"EntryPoint","urlTemplate":"https:\/\/noticiasemdestaque.com\/cd\/?s={search_term_string}"},"query-input":{"@type":"PropertyValueSpecification","valueRequired":true,"valueName":"search_term_string"}}],"inLanguage":"pt-BR"},{"@type":"Organization","@id":"https:\/\/noticiasemdestaque.com\/cd\/#organization","name":"Not\u00edcias em Destaque","url":"https:\/\/noticiasemdestaque.com\/cd\/","logo":{"@type":"ImageObject","inLanguage":"pt-BR","@id":"https:\/\/noticiasemdestaque.com\/cd\/#\/schema\/logo\/image\/","url":"https:\/\/noticiasemdestaque.com\/cd\/wp-content\/uploads\/2022\/05\/imagem-base-noticiasemdestaque.png","contentUrl":"https:\/\/noticiasemdestaque.com\/cd\/wp-content\/uploads\/2022\/05\/imagem-base-noticiasemdestaque.png","width":1200,"height":630,"caption":"Not\u00edcias em Destaque"},"image":{"@id":"https:\/\/noticiasemdestaque.com\/cd\/#\/schema\/logo\/image\/"}},{"@type":"Person","@id":"https:\/\/noticiasemdestaque.com\/cd\/#\/schema\/person\/21320b03a7e8bb90128938dafc9b908a","name":"Not\u00edcias em Destaque","url":"https:\/\/noticiasemdestaque.com\/cd\/?author=2"}]}},"jetpack_featured_media_url":"https:\/\/noticiasemdestaque.com\/cd\/wp-content\/uploads\/2017\/10\/agua-667355_1280.jpg","jetpack_sharing_enabled":true,"_links":{"self":[{"href":"https:\/\/noticiasemdestaque.com\/cd\/index.php?rest_route=\/wp\/v2\/posts\/5512","targetHints":{"allow":["GET"]}}],"collection":[{"href":"https:\/\/noticiasemdestaque.com\/cd\/index.php?rest_route=\/wp\/v2\/posts"}],"about":[{"href":"https:\/\/noticiasemdestaque.com\/cd\/index.php?rest_route=\/wp\/v2\/types\/post"}],"author":[{"embeddable":true,"href":"https:\/\/noticiasemdestaque.com\/cd\/index.php?rest_route=\/wp\/v2\/users\/2"}],"replies":[{"embeddable":true,"href":"https:\/\/noticiasemdestaque.com\/cd\/index.php?rest_route=%2Fwp%2Fv2%2Fcomments&post=5512"}],"version-history":[{"count":1,"href":"https:\/\/noticiasemdestaque.com\/cd\/index.php?rest_route=\/wp\/v2\/posts\/5512\/revisions"}],"predecessor-version":[{"id":5514,"href":"https:\/\/noticiasemdestaque.com\/cd\/index.php?rest_route=\/wp\/v2\/posts\/5512\/revisions\/5514"}],"wp:featuredmedia":[{"embeddable":true,"href":"https:\/\/noticiasemdestaque.com\/cd\/index.php?rest_route=\/wp\/v2\/media\/5513"}],"wp:attachment":[{"href":"https:\/\/noticiasemdestaque.com\/cd\/index.php?rest_route=%2Fwp%2Fv2%2Fmedia&parent=5512"}],"wp:term":[{"taxonomy":"category","embeddable":true,"href":"https:\/\/noticiasemdestaque.com\/cd\/index.php?rest_route=%2Fwp%2Fv2%2Fcategories&post=5512"},{"taxonomy":"post_tag","embeddable":true,"href":"https:\/\/noticiasemdestaque.com\/cd\/index.php?rest_route=%2Fwp%2Fv2%2Ftags&post=5512"}],"curies":[{"name":"wp","href":"https:\/\/api.w.org\/{rel}","templated":true}]}}