{"id":551,"date":"2017-06-15T12:08:16","date_gmt":"2017-06-15T15:08:16","guid":{"rendered":"http:\/\/caririemdestaque.com\/cd\/?p=551"},"modified":"2017-06-15T12:17:53","modified_gmt":"2017-06-15T15:17:53","slug":"vereadora-brigida-xavier-solicita-audiencia-para-discutir-gestao-das-aguas-do-acude-de-sume","status":"publish","type":"post","link":"https:\/\/noticiasemdestaque.com\/cd\/?p=551","title":{"rendered":"Vereadora Br\u00edgida Xavier solicita audi\u00eancia para discutir gest\u00e3o das \u00e1guas do a\u00e7ude de Sum\u00e9"},"content":{"rendered":"<p><a href=\"http:\/\/caririemdestaque.com\/cd\/wp-content\/uploads\/2017\/06\/DSC_0191.jpg\"><img fetchpriority=\"high\" decoding=\"async\" class=\"size-medium wp-image-494 alignleft\" src=\"http:\/\/caririemdestaque.com\/cd\/wp-content\/uploads\/2017\/06\/DSC_0191-300x199.jpg\" alt=\"\" width=\"300\" height=\"199\" srcset=\"https:\/\/noticiasemdestaque.com\/cd\/wp-content\/uploads\/2017\/06\/DSC_0191-300x199.jpg 300w, https:\/\/noticiasemdestaque.com\/cd\/wp-content\/uploads\/2017\/06\/DSC_0191-768x511.jpg 768w, https:\/\/noticiasemdestaque.com\/cd\/wp-content\/uploads\/2017\/06\/DSC_0191-1024x681.jpg 1024w, https:\/\/noticiasemdestaque.com\/cd\/wp-content\/uploads\/2017\/06\/DSC_0191-480x320.jpg 480w\" sizes=\"(max-width: 300px) 100vw, 300px\" \/><\/a>A vereadora Br\u00edgida Xavier apresentou algumas solicita\u00e7\u00f5es durante a reuni\u00e3o da C\u00e2mara de Vereadores de Sum\u00e9 na \u00faltima ter\u00e7a-feira (13\/06) inicialmente apresentou requerimento solicitando ao Departamento Nacional de Infraestrutura de Transporte- DNIT , o conserto dos redutores de velocidade na Avenida 1\u00ba de Abril, BR 412- que corta o munic\u00edpio de Sum\u00e9.<\/p>\n<p>De acordo com a vereadora Br\u00edgida Xavier, os redutores de velocidade encontram-se todos com defeitos, fazendo com que motoristas trafeguem em alta velocidade, ocasionando acidentes e colocando vidas em risco.<\/p>\n<p>Durante a reuni\u00e3o, a vereadora Br\u00edgida Xavier, apresentou requerimento solicitando a realiza\u00e7\u00e3o de uma audi\u00eancia p\u00fablica para discutir a gest\u00e3o das \u00e1guas do a\u00e7ude p\u00fablico de Sum\u00e9.<\/p>\n<p><strong>Assista a justificativa da vereadora Br\u00edgida sobre a audi\u00eancia:\u00a0<\/strong><\/p>\n<p><iframe title=\"Vereadora Br\u00edgida Xavier solicita audi\u00eancia para discutir gest\u00e3o das \u00e1guas do a\u00e7ude de Sum\u00e9\" width=\"800\" height=\"450\" src=\"https:\/\/www.youtube.com\/embed\/8w9Hoi1csok?feature=oembed\" frameborder=\"0\" allow=\"accelerometer; autoplay; clipboard-write; encrypted-media; gyroscope; picture-in-picture; web-share\" referrerpolicy=\"strict-origin-when-cross-origin\" allowfullscreen><\/iframe><\/p>\n<p>O presidente da C\u00e2mara, Jos\u00e9 Ant\u00f4nio, destacou os pontos que foram discutidos na reuni\u00e3o, afirmou que ir\u00e1 marcar a audi\u00eancia p\u00fablica solicitada pela vereadora Br\u00edgida Xavier para discutir a gest\u00e3o das \u00e1guas do a\u00e7ude de Sum\u00e9.<\/p>\n<p><em><strong>Cariri em Destaque\u00a0<\/strong><\/em><\/p>\n<p>&nbsp;<\/p>\n<p>&nbsp;<\/p>\n<p>&nbsp;<\/p>\n<p>&nbsp;<\/p>\n","protected":false},"excerpt":{"rendered":"<p>A vereadora Br\u00edgida Xavier apresentou algumas solicita\u00e7\u00f5es durante a reuni\u00e3o da C\u00e2mara de Vereadores de Sum\u00e9 na \u00faltima ter\u00e7a-feira (13\/06) inicialmente apresentou requerimento solicitando ao Departamento Nacional de Infraestrutura de Transporte- DNIT , o conserto dos redutores de velocidade na Avenida 1\u00ba de Abril, BR 412- que corta o munic\u00edpio de Sum\u00e9. De acordo com a vereadora Br\u00edgida Xavier, os redutores de velocidade encontram-se todos com defeitos, fazendo com que motoristas trafeguem em alta velocidade, ocasionando acidentes e colocando vidas em risco. Durante a reuni\u00e3o, a vereadora Br\u00edgida Xavier, apresentou requerimento solicitando a realiza\u00e7\u00e3o de uma audi\u00eancia p\u00fablica para discutir a gest\u00e3o das \u00e1guas do a\u00e7ude p\u00fablico de Sum\u00e9. Assista a justificativa da vereadora Br\u00edgida sobre a audi\u00eancia:\u00a0 O presidente da C\u00e2mara, Jos\u00e9 Ant\u00f4nio, destacou os pontos que foram discutidos na reuni\u00e3o, afirmou que ir\u00e1 marcar a audi\u00eancia p\u00fablica solicitada pela vereadora Br\u00edgida Xavier para discutir a gest\u00e3o das \u00e1guas do a\u00e7ude de Sum\u00e9. Cariri em Destaque\u00a0 &nbsp; &nbsp; &nbsp; &nbsp;<\/p>\n","protected":false},"author":2,"featured_media":494,"comment_status":"closed","ping_status":"open","sticky":false,"template":"","format":"standard","meta":{"_eb_attr":"","_jetpack_memberships_contains_paid_content":false,"footnotes":""},"categories":[4],"tags":[],"class_list":["post-551","post","type-post","status-publish","format-standard","has-post-thumbnail","hentry","category-politica"],"yoast_head":"<!-- This site is optimized with the Yoast SEO plugin v26.5 - https:\/\/yoast.com\/wordpress\/plugins\/seo\/ -->\n<title>Vereadora Br\u00edgida Xavier solicita audi\u00eancia para discutir gest\u00e3o das \u00e1guas do a\u00e7ude de Sum\u00e9 - Not&iacute;cias em Destaque<\/title>\n<meta name=\"robots\" content=\"index, follow, max-snippet:-1, max-image-preview:large, max-video-preview:-1\" \/>\n<link rel=\"canonical\" href=\"https:\/\/noticiasemdestaque.com\/cd\/?p=551\" \/>\n<meta property=\"og:locale\" content=\"pt_BR\" \/>\n<meta property=\"og:type\" content=\"article\" \/>\n<meta property=\"og:title\" content=\"Vereadora Br\u00edgida Xavier solicita audi\u00eancia para discutir gest\u00e3o das \u00e1guas do a\u00e7ude de Sum\u00e9 - Not&iacute;cias em Destaque\" \/>\n<meta property=\"og:description\" content=\"A vereadora Br\u00edgida Xavier apresentou algumas solicita\u00e7\u00f5es durante a reuni\u00e3o da C\u00e2mara de Vereadores de Sum\u00e9 na \u00faltima ter\u00e7a-feira (13\/06) inicialmente apresentou requerimento solicitando ao Departamento Nacional de Infraestrutura de Transporte- DNIT , o conserto dos redutores de velocidade na Avenida 1\u00ba de Abril, BR 412- que corta o munic\u00edpio de Sum\u00e9. De acordo com a vereadora Br\u00edgida Xavier, os redutores de velocidade encontram-se todos com defeitos, fazendo com que motoristas trafeguem em alta velocidade, ocasionando acidentes e colocando vidas em risco. Durante a reuni\u00e3o, a vereadora Br\u00edgida Xavier, apresentou requerimento solicitando a realiza\u00e7\u00e3o de uma audi\u00eancia p\u00fablica para discutir a gest\u00e3o das \u00e1guas do a\u00e7ude p\u00fablico de Sum\u00e9. Assista a justificativa da vereadora Br\u00edgida sobre a audi\u00eancia:\u00a0 O presidente da C\u00e2mara, Jos\u00e9 Ant\u00f4nio, destacou os pontos que foram discutidos na reuni\u00e3o, afirmou que ir\u00e1 marcar a audi\u00eancia p\u00fablica solicitada pela vereadora Br\u00edgida Xavier para discutir a gest\u00e3o das \u00e1guas do a\u00e7ude de Sum\u00e9. Cariri em Destaque\u00a0 &nbsp; &nbsp; &nbsp; &nbsp;\" \/>\n<meta property=\"og:url\" content=\"https:\/\/noticiasemdestaque.com\/cd\/?p=551\" \/>\n<meta property=\"og:site_name\" content=\"Not&iacute;cias em Destaque\" \/>\n<meta property=\"article:published_time\" content=\"2017-06-15T15:08:16+00:00\" \/>\n<meta property=\"article:modified_time\" content=\"2017-06-15T15:17:53+00:00\" \/>\n<meta property=\"og:image\" content=\"https:\/\/noticiasemdestaque.com\/cd\/wp-content\/uploads\/2017\/06\/DSC_0191-1024x681.jpg\" \/>\n\t<meta property=\"og:image:width\" content=\"1024\" \/>\n\t<meta property=\"og:image:height\" content=\"681\" \/>\n\t<meta property=\"og:image:type\" content=\"image\/jpeg\" \/>\n<meta name=\"author\" content=\"Not\u00edcias em Destaque\" \/>\n<meta name=\"twitter:card\" content=\"summary_large_image\" \/>\n<meta name=\"twitter:label1\" content=\"Escrito por\" \/>\n\t<meta name=\"twitter:data1\" content=\"Not\u00edcias em Destaque\" \/>\n\t<meta name=\"twitter:label2\" content=\"Est. tempo de leitura\" \/>\n\t<meta name=\"twitter:data2\" content=\"1 minuto\" \/>\n<script type=\"application\/ld+json\" class=\"yoast-schema-graph\">{\"@context\":\"https:\/\/schema.org\",\"@graph\":[{\"@type\":\"Article\",\"@id\":\"https:\/\/noticiasemdestaque.com\/cd\/?p=551#article\",\"isPartOf\":{\"@id\":\"https:\/\/noticiasemdestaque.com\/cd\/?p=551\"},\"author\":{\"name\":\"Not\u00edcias em Destaque\",\"@id\":\"https:\/\/noticiasemdestaque.com\/cd\/#\/schema\/person\/47f7d4f55eec17c6b2ca036c5500f6ce\"},\"headline\":\"Vereadora Br\u00edgida Xavier solicita audi\u00eancia para discutir gest\u00e3o das \u00e1guas do a\u00e7ude de Sum\u00e9\",\"datePublished\":\"2017-06-15T15:08:16+00:00\",\"dateModified\":\"2017-06-15T15:17:53+00:00\",\"mainEntityOfPage\":{\"@id\":\"https:\/\/noticiasemdestaque.com\/cd\/?p=551\"},\"wordCount\":207,\"publisher\":{\"@id\":\"https:\/\/noticiasemdestaque.com\/cd\/#organization\"},\"image\":{\"@id\":\"https:\/\/noticiasemdestaque.com\/cd\/?p=551#primaryimage\"},\"thumbnailUrl\":\"https:\/\/noticiasemdestaque.com\/cd\/wp-content\/uploads\/2017\/06\/DSC_0191.jpg\",\"articleSection\":[\"Pol\u00edtica\"],\"inLanguage\":\"pt-BR\"},{\"@type\":\"WebPage\",\"@id\":\"https:\/\/noticiasemdestaque.com\/cd\/?p=551\",\"url\":\"https:\/\/noticiasemdestaque.com\/cd\/?p=551\",\"name\":\"Vereadora Br\u00edgida Xavier solicita audi\u00eancia para discutir gest\u00e3o das \u00e1guas do a\u00e7ude de Sum\u00e9 - Not&iacute;cias em Destaque\",\"isPartOf\":{\"@id\":\"https:\/\/noticiasemdestaque.com\/cd\/#website\"},\"primaryImageOfPage\":{\"@id\":\"https:\/\/noticiasemdestaque.com\/cd\/?p=551#primaryimage\"},\"image\":{\"@id\":\"https:\/\/noticiasemdestaque.com\/cd\/?p=551#primaryimage\"},\"thumbnailUrl\":\"https:\/\/noticiasemdestaque.com\/cd\/wp-content\/uploads\/2017\/06\/DSC_0191.jpg\",\"datePublished\":\"2017-06-15T15:08:16+00:00\",\"dateModified\":\"2017-06-15T15:17:53+00:00\",\"breadcrumb\":{\"@id\":\"https:\/\/noticiasemdestaque.com\/cd\/?p=551#breadcrumb\"},\"inLanguage\":\"pt-BR\",\"potentialAction\":[{\"@type\":\"ReadAction\",\"target\":[\"https:\/\/noticiasemdestaque.com\/cd\/?p=551\"]}]},{\"@type\":\"ImageObject\",\"inLanguage\":\"pt-BR\",\"@id\":\"https:\/\/noticiasemdestaque.com\/cd\/?p=551#primaryimage\",\"url\":\"https:\/\/noticiasemdestaque.com\/cd\/wp-content\/uploads\/2017\/06\/DSC_0191.jpg\",\"contentUrl\":\"https:\/\/noticiasemdestaque.com\/cd\/wp-content\/uploads\/2017\/06\/DSC_0191.jpg\",\"width\":6016,\"height\":4000},{\"@type\":\"BreadcrumbList\",\"@id\":\"https:\/\/noticiasemdestaque.com\/cd\/?p=551#breadcrumb\",\"itemListElement\":[{\"@type\":\"ListItem\",\"position\":1,\"name\":\"In\u00edcio\",\"item\":\"https:\/\/noticiasemdestaque.com\/cd\/\"},{\"@type\":\"ListItem\",\"position\":2,\"name\":\"Vereadora Br\u00edgida Xavier solicita audi\u00eancia para discutir gest\u00e3o das \u00e1guas do a\u00e7ude de Sum\u00e9\"}]},{\"@type\":\"WebSite\",\"@id\":\"https:\/\/noticiasemdestaque.com\/cd\/#website\",\"url\":\"https:\/\/noticiasemdestaque.com\/cd\/\",\"name\":\"Not&iacute;cias em Destaque\",\"description\":\"\",\"publisher\":{\"@id\":\"https:\/\/noticiasemdestaque.com\/cd\/#organization\"},\"potentialAction\":[{\"@type\":\"SearchAction\",\"target\":{\"@type\":\"EntryPoint\",\"urlTemplate\":\"https:\/\/noticiasemdestaque.com\/cd\/?s={search_term_string}\"},\"query-input\":{\"@type\":\"PropertyValueSpecification\",\"valueRequired\":true,\"valueName\":\"search_term_string\"}}],\"inLanguage\":\"pt-BR\"},{\"@type\":\"Organization\",\"@id\":\"https:\/\/noticiasemdestaque.com\/cd\/#organization\",\"name\":\"Not\u00edcias em Destaque\",\"url\":\"https:\/\/noticiasemdestaque.com\/cd\/\",\"logo\":{\"@type\":\"ImageObject\",\"inLanguage\":\"pt-BR\",\"@id\":\"https:\/\/noticiasemdestaque.com\/cd\/#\/schema\/logo\/image\/\",\"url\":\"https:\/\/noticiasemdestaque.com\/cd\/wp-content\/uploads\/2022\/05\/imagem-base-noticiasemdestaque.png\",\"contentUrl\":\"https:\/\/noticiasemdestaque.com\/cd\/wp-content\/uploads\/2022\/05\/imagem-base-noticiasemdestaque.png\",\"width\":1200,\"height\":630,\"caption\":\"Not\u00edcias em Destaque\"},\"image\":{\"@id\":\"https:\/\/noticiasemdestaque.com\/cd\/#\/schema\/logo\/image\/\"}},{\"@type\":\"Person\",\"@id\":\"https:\/\/noticiasemdestaque.com\/cd\/#\/schema\/person\/47f7d4f55eec17c6b2ca036c5500f6ce\",\"name\":\"Not\u00edcias em Destaque\",\"url\":\"https:\/\/noticiasemdestaque.com\/cd\/?author=2\"}]}<\/script>\n<!-- \/ Yoast SEO plugin. -->","yoast_head_json":{"title":"Vereadora Br\u00edgida Xavier solicita audi\u00eancia para discutir gest\u00e3o das \u00e1guas do a\u00e7ude de Sum\u00e9 - Not&iacute;cias em Destaque","robots":{"index":"index","follow":"follow","max-snippet":"max-snippet:-1","max-image-preview":"max-image-preview:large","max-video-preview":"max-video-preview:-1"},"canonical":"https:\/\/noticiasemdestaque.com\/cd\/?p=551","og_locale":"pt_BR","og_type":"article","og_title":"Vereadora Br\u00edgida Xavier solicita audi\u00eancia para discutir gest\u00e3o das \u00e1guas do a\u00e7ude de Sum\u00e9 - Not&iacute;cias em Destaque","og_description":"A vereadora Br\u00edgida Xavier apresentou algumas solicita\u00e7\u00f5es durante a reuni\u00e3o da C\u00e2mara de Vereadores de Sum\u00e9 na \u00faltima ter\u00e7a-feira (13\/06) inicialmente apresentou requerimento solicitando ao Departamento Nacional de Infraestrutura de Transporte- DNIT , o conserto dos redutores de velocidade na Avenida 1\u00ba de Abril, BR 412- que corta o munic\u00edpio de Sum\u00e9. De acordo com a vereadora Br\u00edgida Xavier, os redutores de velocidade encontram-se todos com defeitos, fazendo com que motoristas trafeguem em alta velocidade, ocasionando acidentes e colocando vidas em risco. Durante a reuni\u00e3o, a vereadora Br\u00edgida Xavier, apresentou requerimento solicitando a realiza\u00e7\u00e3o de uma audi\u00eancia p\u00fablica para discutir a gest\u00e3o das \u00e1guas do a\u00e7ude p\u00fablico de Sum\u00e9. Assista a justificativa da vereadora Br\u00edgida sobre a audi\u00eancia:\u00a0 O presidente da C\u00e2mara, Jos\u00e9 Ant\u00f4nio, destacou os pontos que foram discutidos na reuni\u00e3o, afirmou que ir\u00e1 marcar a audi\u00eancia p\u00fablica solicitada pela vereadora Br\u00edgida Xavier para discutir a gest\u00e3o das \u00e1guas do a\u00e7ude de Sum\u00e9. Cariri em Destaque\u00a0 &nbsp; &nbsp; &nbsp; &nbsp;","og_url":"https:\/\/noticiasemdestaque.com\/cd\/?p=551","og_site_name":"Not&iacute;cias em Destaque","article_published_time":"2017-06-15T15:08:16+00:00","article_modified_time":"2017-06-15T15:17:53+00:00","og_image":[{"width":1024,"height":681,"url":"https:\/\/noticiasemdestaque.com\/cd\/wp-content\/uploads\/2017\/06\/DSC_0191-1024x681.jpg","type":"image\/jpeg"}],"author":"Not\u00edcias em Destaque","twitter_card":"summary_large_image","twitter_misc":{"Escrito por":"Not\u00edcias em Destaque","Est. tempo de leitura":"1 minuto"},"schema":{"@context":"https:\/\/schema.org","@graph":[{"@type":"Article","@id":"https:\/\/noticiasemdestaque.com\/cd\/?p=551#article","isPartOf":{"@id":"https:\/\/noticiasemdestaque.com\/cd\/?p=551"},"author":{"name":"Not\u00edcias em Destaque","@id":"https:\/\/noticiasemdestaque.com\/cd\/#\/schema\/person\/47f7d4f55eec17c6b2ca036c5500f6ce"},"headline":"Vereadora Br\u00edgida Xavier solicita audi\u00eancia para discutir gest\u00e3o das \u00e1guas do a\u00e7ude de Sum\u00e9","datePublished":"2017-06-15T15:08:16+00:00","dateModified":"2017-06-15T15:17:53+00:00","mainEntityOfPage":{"@id":"https:\/\/noticiasemdestaque.com\/cd\/?p=551"},"wordCount":207,"publisher":{"@id":"https:\/\/noticiasemdestaque.com\/cd\/#organization"},"image":{"@id":"https:\/\/noticiasemdestaque.com\/cd\/?p=551#primaryimage"},"thumbnailUrl":"https:\/\/noticiasemdestaque.com\/cd\/wp-content\/uploads\/2017\/06\/DSC_0191.jpg","articleSection":["Pol\u00edtica"],"inLanguage":"pt-BR"},{"@type":"WebPage","@id":"https:\/\/noticiasemdestaque.com\/cd\/?p=551","url":"https:\/\/noticiasemdestaque.com\/cd\/?p=551","name":"Vereadora Br\u00edgida Xavier solicita audi\u00eancia para discutir gest\u00e3o das \u00e1guas do a\u00e7ude de Sum\u00e9 - Not&iacute;cias em Destaque","isPartOf":{"@id":"https:\/\/noticiasemdestaque.com\/cd\/#website"},"primaryImageOfPage":{"@id":"https:\/\/noticiasemdestaque.com\/cd\/?p=551#primaryimage"},"image":{"@id":"https:\/\/noticiasemdestaque.com\/cd\/?p=551#primaryimage"},"thumbnailUrl":"https:\/\/noticiasemdestaque.com\/cd\/wp-content\/uploads\/2017\/06\/DSC_0191.jpg","datePublished":"2017-06-15T15:08:16+00:00","dateModified":"2017-06-15T15:17:53+00:00","breadcrumb":{"@id":"https:\/\/noticiasemdestaque.com\/cd\/?p=551#breadcrumb"},"inLanguage":"pt-BR","potentialAction":[{"@type":"ReadAction","target":["https:\/\/noticiasemdestaque.com\/cd\/?p=551"]}]},{"@type":"ImageObject","inLanguage":"pt-BR","@id":"https:\/\/noticiasemdestaque.com\/cd\/?p=551#primaryimage","url":"https:\/\/noticiasemdestaque.com\/cd\/wp-content\/uploads\/2017\/06\/DSC_0191.jpg","contentUrl":"https:\/\/noticiasemdestaque.com\/cd\/wp-content\/uploads\/2017\/06\/DSC_0191.jpg","width":6016,"height":4000},{"@type":"BreadcrumbList","@id":"https:\/\/noticiasemdestaque.com\/cd\/?p=551#breadcrumb","itemListElement":[{"@type":"ListItem","position":1,"name":"In\u00edcio","item":"https:\/\/noticiasemdestaque.com\/cd\/"},{"@type":"ListItem","position":2,"name":"Vereadora Br\u00edgida Xavier solicita audi\u00eancia para discutir gest\u00e3o das \u00e1guas do a\u00e7ude de Sum\u00e9"}]},{"@type":"WebSite","@id":"https:\/\/noticiasemdestaque.com\/cd\/#website","url":"https:\/\/noticiasemdestaque.com\/cd\/","name":"Not&iacute;cias em Destaque","description":"","publisher":{"@id":"https:\/\/noticiasemdestaque.com\/cd\/#organization"},"potentialAction":[{"@type":"SearchAction","target":{"@type":"EntryPoint","urlTemplate":"https:\/\/noticiasemdestaque.com\/cd\/?s={search_term_string}"},"query-input":{"@type":"PropertyValueSpecification","valueRequired":true,"valueName":"search_term_string"}}],"inLanguage":"pt-BR"},{"@type":"Organization","@id":"https:\/\/noticiasemdestaque.com\/cd\/#organization","name":"Not\u00edcias em Destaque","url":"https:\/\/noticiasemdestaque.com\/cd\/","logo":{"@type":"ImageObject","inLanguage":"pt-BR","@id":"https:\/\/noticiasemdestaque.com\/cd\/#\/schema\/logo\/image\/","url":"https:\/\/noticiasemdestaque.com\/cd\/wp-content\/uploads\/2022\/05\/imagem-base-noticiasemdestaque.png","contentUrl":"https:\/\/noticiasemdestaque.com\/cd\/wp-content\/uploads\/2022\/05\/imagem-base-noticiasemdestaque.png","width":1200,"height":630,"caption":"Not\u00edcias em Destaque"},"image":{"@id":"https:\/\/noticiasemdestaque.com\/cd\/#\/schema\/logo\/image\/"}},{"@type":"Person","@id":"https:\/\/noticiasemdestaque.com\/cd\/#\/schema\/person\/47f7d4f55eec17c6b2ca036c5500f6ce","name":"Not\u00edcias em Destaque","url":"https:\/\/noticiasemdestaque.com\/cd\/?author=2"}]}},"jetpack_featured_media_url":"https:\/\/noticiasemdestaque.com\/cd\/wp-content\/uploads\/2017\/06\/DSC_0191.jpg","jetpack_sharing_enabled":true,"_links":{"self":[{"href":"https:\/\/noticiasemdestaque.com\/cd\/index.php?rest_route=\/wp\/v2\/posts\/551","targetHints":{"allow":["GET"]}}],"collection":[{"href":"https:\/\/noticiasemdestaque.com\/cd\/index.php?rest_route=\/wp\/v2\/posts"}],"about":[{"href":"https:\/\/noticiasemdestaque.com\/cd\/index.php?rest_route=\/wp\/v2\/types\/post"}],"author":[{"embeddable":true,"href":"https:\/\/noticiasemdestaque.com\/cd\/index.php?rest_route=\/wp\/v2\/users\/2"}],"replies":[{"embeddable":true,"href":"https:\/\/noticiasemdestaque.com\/cd\/index.php?rest_route=%2Fwp%2Fv2%2Fcomments&post=551"}],"version-history":[{"count":4,"href":"https:\/\/noticiasemdestaque.com\/cd\/index.php?rest_route=\/wp\/v2\/posts\/551\/revisions"}],"predecessor-version":[{"id":555,"href":"https:\/\/noticiasemdestaque.com\/cd\/index.php?rest_route=\/wp\/v2\/posts\/551\/revisions\/555"}],"wp:featuredmedia":[{"embeddable":true,"href":"https:\/\/noticiasemdestaque.com\/cd\/index.php?rest_route=\/wp\/v2\/media\/494"}],"wp:attachment":[{"href":"https:\/\/noticiasemdestaque.com\/cd\/index.php?rest_route=%2Fwp%2Fv2%2Fmedia&parent=551"}],"wp:term":[{"taxonomy":"category","embeddable":true,"href":"https:\/\/noticiasemdestaque.com\/cd\/index.php?rest_route=%2Fwp%2Fv2%2Fcategories&post=551"},{"taxonomy":"post_tag","embeddable":true,"href":"https:\/\/noticiasemdestaque.com\/cd\/index.php?rest_route=%2Fwp%2Fv2%2Ftags&post=551"}],"curies":[{"name":"wp","href":"https:\/\/api.w.org\/{rel}","templated":true}]}}