{"id":5504,"date":"2017-10-26T15:56:21","date_gmt":"2017-10-26T18:56:21","guid":{"rendered":"http:\/\/caririemdestaque.com\/cd\/?p=5504"},"modified":"2017-10-26T15:56:21","modified_gmt":"2017-10-26T18:56:21","slug":"centro-de-especialidades-odontologicas-realiza-palestra-no-dia-do-dentista","status":"publish","type":"post","link":"https:\/\/noticiasemdestaque.com\/cd\/?p=5504","title":{"rendered":"Centro de Especialidades Odontol\u00f3gicas realiza palestra no Dia do Dentista"},"content":{"rendered":"<p><a href=\"http:\/\/caririemdestaque.com\/cd\/wp-content\/uploads\/2017\/10\/DSC_0092.jpg\"><img decoding=\"async\" class=\"size-thumbnail wp-image-5507\" src=\"http:\/\/caririemdestaque.com\/cd\/wp-content\/uploads\/2017\/10\/DSC_0092-150x150.jpg\" alt=\"\" width=\"150\" height=\"150\" \/><\/a><\/p>\n<p>O Centro de Especialidades Odontol\u00f3gicas de Sum\u00e9 (CEO) realizou nesta quarta-feira (25) uma palestra com o professor Dr. Josuel Raimundo Cavalcante.<\/p><\/div>\n<p>O evento aconteceu na C\u00e2mara de Vereadores e teve como tema \u201cCirurgia Oral, uma abordagem cl\u00ednica\u201d.<\/p>\n<p>O evento foi uma forma de comemorar o Dia do Dentista, reunindo todos os profissionais do<\/p>\n<p><a href=\"http:\/\/caririemdestaque.com\/cd\/wp-content\/uploads\/2017\/10\/DSC_0105.jpg\"><img decoding=\"async\" class=\" wp-image-5505\" src=\"http:\/\/caririemdestaque.com\/cd\/wp-content\/uploads\/2017\/10\/DSC_0105-150x150.jpg\" alt=\"\" width=\"182\" height=\"182\" \/><\/a><\/p>\n<p>munic\u00edpio para adquirirem conhecimentos e trocar informa\u00e7\u00f5es sobre os cuidados e sa\u00fade da boca humana, tratando desde as c\u00e1ries a problemas mais graves.<\/p>\n<p>Na ocasi\u00e3o, o professor Josuel tamb\u00e9m fez o lan\u00e7amento do livro \u201cManual B\u00e1sico de Urg\u00eancia em Traumatizados de Face.<\/p>\n<p>O evento contou com o apoio da Sarkis Implantes Dent\u00e1rios, C\u00e2mara de Vereadores e Consult\u00f3rio Odontol\u00f3gico Nossa Senhora de F\u00e1tima.<\/p>\n<p><em><strong>Cariri em Destaque<\/strong><\/em><\/p>\n<p>Com Ascom\/PMS<\/p>\n","protected":false},"excerpt":{"rendered":"<p>O Centro de Especialidades Odontol\u00f3gicas de Sum\u00e9 (CEO) realizou nesta quarta-feira (25) uma palestra com o professor Dr. Josuel Raimundo Cavalcante. O evento aconteceu na C\u00e2mara de Vereadores e teve como tema \u201cCirurgia Oral, uma abordagem cl\u00ednica\u201d. O evento foi uma forma de comemorar o Dia do Dentista, reunindo todos os profissionais do munic\u00edpio para adquirirem conhecimentos e trocar informa\u00e7\u00f5es sobre os cuidados e sa\u00fade da boca humana, tratando desde as c\u00e1ries a problemas mais graves. Na ocasi\u00e3o, o professor Josuel tamb\u00e9m fez o lan\u00e7amento do livro \u201cManual B\u00e1sico de Urg\u00eancia em Traumatizados de Face. O evento contou com o apoio da Sarkis Implantes Dent\u00e1rios, C\u00e2mara de Vereadores e Consult\u00f3rio Odontol\u00f3gico Nossa Senhora de F\u00e1tima. Cariri em Destaque Com Ascom\/PMS<\/p>\n","protected":false},"author":2,"featured_media":5506,"comment_status":"closed","ping_status":"open","sticky":false,"template":"","format":"standard","meta":{"_eb_attr":"","_jetpack_memberships_contains_paid_content":false,"footnotes":""},"categories":[8],"tags":[],"class_list":["post-5504","post","type-post","status-publish","format-standard","has-post-thumbnail","hentry","category-saude"],"yoast_head":"<!-- This site is optimized with the Yoast SEO plugin v26.5 - https:\/\/yoast.com\/wordpress\/plugins\/seo\/ -->\n<title>Centro de Especialidades Odontol\u00f3gicas realiza palestra no Dia do Dentista - Not&iacute;cias em Destaque<\/title>\n<meta name=\"robots\" content=\"index, follow, max-snippet:-1, max-image-preview:large, max-video-preview:-1\" \/>\n<link rel=\"canonical\" href=\"https:\/\/noticiasemdestaque.com\/cd\/?p=5504\" \/>\n<meta property=\"og:locale\" content=\"pt_BR\" \/>\n<meta property=\"og:type\" content=\"article\" \/>\n<meta property=\"og:title\" content=\"Centro de Especialidades Odontol\u00f3gicas realiza palestra no Dia do Dentista - Not&iacute;cias em Destaque\" \/>\n<meta property=\"og:description\" content=\"O Centro de Especialidades Odontol\u00f3gicas de Sum\u00e9 (CEO) realizou nesta quarta-feira (25) uma palestra com o professor Dr. Josuel Raimundo Cavalcante. O evento aconteceu na C\u00e2mara de Vereadores e teve como tema \u201cCirurgia Oral, uma abordagem cl\u00ednica\u201d. O evento foi uma forma de comemorar o Dia do Dentista, reunindo todos os profissionais do munic\u00edpio para adquirirem conhecimentos e trocar informa\u00e7\u00f5es sobre os cuidados e sa\u00fade da boca humana, tratando desde as c\u00e1ries a problemas mais graves. Na ocasi\u00e3o, o professor Josuel tamb\u00e9m fez o lan\u00e7amento do livro \u201cManual B\u00e1sico de Urg\u00eancia em Traumatizados de Face. O evento contou com o apoio da Sarkis Implantes Dent\u00e1rios, C\u00e2mara de Vereadores e Consult\u00f3rio Odontol\u00f3gico Nossa Senhora de F\u00e1tima. Cariri em Destaque Com Ascom\/PMS\" \/>\n<meta property=\"og:url\" content=\"https:\/\/noticiasemdestaque.com\/cd\/?p=5504\" \/>\n<meta property=\"og:site_name\" content=\"Not&iacute;cias em Destaque\" \/>\n<meta property=\"article:published_time\" content=\"2017-10-26T18:56:21+00:00\" \/>\n<meta property=\"og:image\" content=\"https:\/\/noticiasemdestaque.com\/cd\/wp-content\/uploads\/2017\/10\/DSC_0095.jpg\" \/>\n\t<meta property=\"og:image:width\" content=\"1024\" \/>\n\t<meta property=\"og:image:height\" content=\"681\" \/>\n\t<meta property=\"og:image:type\" content=\"image\/jpeg\" \/>\n<meta name=\"author\" content=\"Not\u00edcias em Destaque\" \/>\n<meta name=\"twitter:card\" content=\"summary_large_image\" \/>\n<meta name=\"twitter:label1\" content=\"Escrito por\" \/>\n\t<meta name=\"twitter:data1\" content=\"Not\u00edcias em Destaque\" \/>\n\t<meta name=\"twitter:label2\" content=\"Est. tempo de leitura\" \/>\n\t<meta name=\"twitter:data2\" content=\"1 minuto\" \/>\n<script type=\"application\/ld+json\" class=\"yoast-schema-graph\">{\"@context\":\"https:\/\/schema.org\",\"@graph\":[{\"@type\":\"Article\",\"@id\":\"https:\/\/noticiasemdestaque.com\/cd\/?p=5504#article\",\"isPartOf\":{\"@id\":\"https:\/\/noticiasemdestaque.com\/cd\/?p=5504\"},\"author\":{\"name\":\"Not\u00edcias em Destaque\",\"@id\":\"https:\/\/noticiasemdestaque.com\/cd\/#\/schema\/person\/21320b03a7e8bb90128938dafc9b908a\"},\"headline\":\"Centro de Especialidades Odontol\u00f3gicas realiza palestra no Dia do Dentista\",\"datePublished\":\"2017-10-26T18:56:21+00:00\",\"mainEntityOfPage\":{\"@id\":\"https:\/\/noticiasemdestaque.com\/cd\/?p=5504\"},\"wordCount\":148,\"publisher\":{\"@id\":\"https:\/\/noticiasemdestaque.com\/cd\/#organization\"},\"image\":{\"@id\":\"https:\/\/noticiasemdestaque.com\/cd\/?p=5504#primaryimage\"},\"thumbnailUrl\":\"https:\/\/noticiasemdestaque.com\/cd\/wp-content\/uploads\/2017\/10\/DSC_0095.jpg\",\"articleSection\":[\"Sa\u00fade\"],\"inLanguage\":\"pt-BR\"},{\"@type\":\"WebPage\",\"@id\":\"https:\/\/noticiasemdestaque.com\/cd\/?p=5504\",\"url\":\"https:\/\/noticiasemdestaque.com\/cd\/?p=5504\",\"name\":\"Centro de Especialidades Odontol\u00f3gicas realiza palestra no Dia do Dentista - Not&iacute;cias em Destaque\",\"isPartOf\":{\"@id\":\"https:\/\/noticiasemdestaque.com\/cd\/#website\"},\"primaryImageOfPage\":{\"@id\":\"https:\/\/noticiasemdestaque.com\/cd\/?p=5504#primaryimage\"},\"image\":{\"@id\":\"https:\/\/noticiasemdestaque.com\/cd\/?p=5504#primaryimage\"},\"thumbnailUrl\":\"https:\/\/noticiasemdestaque.com\/cd\/wp-content\/uploads\/2017\/10\/DSC_0095.jpg\",\"datePublished\":\"2017-10-26T18:56:21+00:00\",\"breadcrumb\":{\"@id\":\"https:\/\/noticiasemdestaque.com\/cd\/?p=5504#breadcrumb\"},\"inLanguage\":\"pt-BR\",\"potentialAction\":[{\"@type\":\"ReadAction\",\"target\":[\"https:\/\/noticiasemdestaque.com\/cd\/?p=5504\"]}]},{\"@type\":\"ImageObject\",\"inLanguage\":\"pt-BR\",\"@id\":\"https:\/\/noticiasemdestaque.com\/cd\/?p=5504#primaryimage\",\"url\":\"https:\/\/noticiasemdestaque.com\/cd\/wp-content\/uploads\/2017\/10\/DSC_0095.jpg\",\"contentUrl\":\"https:\/\/noticiasemdestaque.com\/cd\/wp-content\/uploads\/2017\/10\/DSC_0095.jpg\",\"width\":1024,\"height\":681,\"caption\":\"????????????????????????????????????\"},{\"@type\":\"BreadcrumbList\",\"@id\":\"https:\/\/noticiasemdestaque.com\/cd\/?p=5504#breadcrumb\",\"itemListElement\":[{\"@type\":\"ListItem\",\"position\":1,\"name\":\"In\u00edcio\",\"item\":\"https:\/\/noticiasemdestaque.com\/cd\/\"},{\"@type\":\"ListItem\",\"position\":2,\"name\":\"Centro de Especialidades Odontol\u00f3gicas realiza palestra no Dia do Dentista\"}]},{\"@type\":\"WebSite\",\"@id\":\"https:\/\/noticiasemdestaque.com\/cd\/#website\",\"url\":\"https:\/\/noticiasemdestaque.com\/cd\/\",\"name\":\"Not&iacute;cias em Destaque\",\"description\":\"\",\"publisher\":{\"@id\":\"https:\/\/noticiasemdestaque.com\/cd\/#organization\"},\"potentialAction\":[{\"@type\":\"SearchAction\",\"target\":{\"@type\":\"EntryPoint\",\"urlTemplate\":\"https:\/\/noticiasemdestaque.com\/cd\/?s={search_term_string}\"},\"query-input\":{\"@type\":\"PropertyValueSpecification\",\"valueRequired\":true,\"valueName\":\"search_term_string\"}}],\"inLanguage\":\"pt-BR\"},{\"@type\":\"Organization\",\"@id\":\"https:\/\/noticiasemdestaque.com\/cd\/#organization\",\"name\":\"Not\u00edcias em Destaque\",\"url\":\"https:\/\/noticiasemdestaque.com\/cd\/\",\"logo\":{\"@type\":\"ImageObject\",\"inLanguage\":\"pt-BR\",\"@id\":\"https:\/\/noticiasemdestaque.com\/cd\/#\/schema\/logo\/image\/\",\"url\":\"https:\/\/noticiasemdestaque.com\/cd\/wp-content\/uploads\/2022\/05\/imagem-base-noticiasemdestaque.png\",\"contentUrl\":\"https:\/\/noticiasemdestaque.com\/cd\/wp-content\/uploads\/2022\/05\/imagem-base-noticiasemdestaque.png\",\"width\":1200,\"height\":630,\"caption\":\"Not\u00edcias em Destaque\"},\"image\":{\"@id\":\"https:\/\/noticiasemdestaque.com\/cd\/#\/schema\/logo\/image\/\"}},{\"@type\":\"Person\",\"@id\":\"https:\/\/noticiasemdestaque.com\/cd\/#\/schema\/person\/21320b03a7e8bb90128938dafc9b908a\",\"name\":\"Not\u00edcias em Destaque\",\"url\":\"https:\/\/noticiasemdestaque.com\/cd\/?author=2\"}]}<\/script>\n<!-- \/ Yoast SEO plugin. -->","yoast_head_json":{"title":"Centro de Especialidades Odontol\u00f3gicas realiza palestra no Dia do Dentista - Not&iacute;cias em Destaque","robots":{"index":"index","follow":"follow","max-snippet":"max-snippet:-1","max-image-preview":"max-image-preview:large","max-video-preview":"max-video-preview:-1"},"canonical":"https:\/\/noticiasemdestaque.com\/cd\/?p=5504","og_locale":"pt_BR","og_type":"article","og_title":"Centro de Especialidades Odontol\u00f3gicas realiza palestra no Dia do Dentista - Not&iacute;cias em Destaque","og_description":"O Centro de Especialidades Odontol\u00f3gicas de Sum\u00e9 (CEO) realizou nesta quarta-feira (25) uma palestra com o professor Dr. Josuel Raimundo Cavalcante. O evento aconteceu na C\u00e2mara de Vereadores e teve como tema \u201cCirurgia Oral, uma abordagem cl\u00ednica\u201d. O evento foi uma forma de comemorar o Dia do Dentista, reunindo todos os profissionais do munic\u00edpio para adquirirem conhecimentos e trocar informa\u00e7\u00f5es sobre os cuidados e sa\u00fade da boca humana, tratando desde as c\u00e1ries a problemas mais graves. Na ocasi\u00e3o, o professor Josuel tamb\u00e9m fez o lan\u00e7amento do livro \u201cManual B\u00e1sico de Urg\u00eancia em Traumatizados de Face. O evento contou com o apoio da Sarkis Implantes Dent\u00e1rios, C\u00e2mara de Vereadores e Consult\u00f3rio Odontol\u00f3gico Nossa Senhora de F\u00e1tima. Cariri em Destaque Com Ascom\/PMS","og_url":"https:\/\/noticiasemdestaque.com\/cd\/?p=5504","og_site_name":"Not&iacute;cias em Destaque","article_published_time":"2017-10-26T18:56:21+00:00","og_image":[{"width":1024,"height":681,"url":"https:\/\/noticiasemdestaque.com\/cd\/wp-content\/uploads\/2017\/10\/DSC_0095.jpg","type":"image\/jpeg"}],"author":"Not\u00edcias em Destaque","twitter_card":"summary_large_image","twitter_misc":{"Escrito por":"Not\u00edcias em Destaque","Est. tempo de leitura":"1 minuto"},"schema":{"@context":"https:\/\/schema.org","@graph":[{"@type":"Article","@id":"https:\/\/noticiasemdestaque.com\/cd\/?p=5504#article","isPartOf":{"@id":"https:\/\/noticiasemdestaque.com\/cd\/?p=5504"},"author":{"name":"Not\u00edcias em Destaque","@id":"https:\/\/noticiasemdestaque.com\/cd\/#\/schema\/person\/21320b03a7e8bb90128938dafc9b908a"},"headline":"Centro de Especialidades Odontol\u00f3gicas realiza palestra no Dia do Dentista","datePublished":"2017-10-26T18:56:21+00:00","mainEntityOfPage":{"@id":"https:\/\/noticiasemdestaque.com\/cd\/?p=5504"},"wordCount":148,"publisher":{"@id":"https:\/\/noticiasemdestaque.com\/cd\/#organization"},"image":{"@id":"https:\/\/noticiasemdestaque.com\/cd\/?p=5504#primaryimage"},"thumbnailUrl":"https:\/\/noticiasemdestaque.com\/cd\/wp-content\/uploads\/2017\/10\/DSC_0095.jpg","articleSection":["Sa\u00fade"],"inLanguage":"pt-BR"},{"@type":"WebPage","@id":"https:\/\/noticiasemdestaque.com\/cd\/?p=5504","url":"https:\/\/noticiasemdestaque.com\/cd\/?p=5504","name":"Centro de Especialidades Odontol\u00f3gicas realiza palestra no Dia do Dentista - Not&iacute;cias em Destaque","isPartOf":{"@id":"https:\/\/noticiasemdestaque.com\/cd\/#website"},"primaryImageOfPage":{"@id":"https:\/\/noticiasemdestaque.com\/cd\/?p=5504#primaryimage"},"image":{"@id":"https:\/\/noticiasemdestaque.com\/cd\/?p=5504#primaryimage"},"thumbnailUrl":"https:\/\/noticiasemdestaque.com\/cd\/wp-content\/uploads\/2017\/10\/DSC_0095.jpg","datePublished":"2017-10-26T18:56:21+00:00","breadcrumb":{"@id":"https:\/\/noticiasemdestaque.com\/cd\/?p=5504#breadcrumb"},"inLanguage":"pt-BR","potentialAction":[{"@type":"ReadAction","target":["https:\/\/noticiasemdestaque.com\/cd\/?p=5504"]}]},{"@type":"ImageObject","inLanguage":"pt-BR","@id":"https:\/\/noticiasemdestaque.com\/cd\/?p=5504#primaryimage","url":"https:\/\/noticiasemdestaque.com\/cd\/wp-content\/uploads\/2017\/10\/DSC_0095.jpg","contentUrl":"https:\/\/noticiasemdestaque.com\/cd\/wp-content\/uploads\/2017\/10\/DSC_0095.jpg","width":1024,"height":681,"caption":"????????????????????????????????????"},{"@type":"BreadcrumbList","@id":"https:\/\/noticiasemdestaque.com\/cd\/?p=5504#breadcrumb","itemListElement":[{"@type":"ListItem","position":1,"name":"In\u00edcio","item":"https:\/\/noticiasemdestaque.com\/cd\/"},{"@type":"ListItem","position":2,"name":"Centro de Especialidades Odontol\u00f3gicas realiza palestra no Dia do Dentista"}]},{"@type":"WebSite","@id":"https:\/\/noticiasemdestaque.com\/cd\/#website","url":"https:\/\/noticiasemdestaque.com\/cd\/","name":"Not&iacute;cias em Destaque","description":"","publisher":{"@id":"https:\/\/noticiasemdestaque.com\/cd\/#organization"},"potentialAction":[{"@type":"SearchAction","target":{"@type":"EntryPoint","urlTemplate":"https:\/\/noticiasemdestaque.com\/cd\/?s={search_term_string}"},"query-input":{"@type":"PropertyValueSpecification","valueRequired":true,"valueName":"search_term_string"}}],"inLanguage":"pt-BR"},{"@type":"Organization","@id":"https:\/\/noticiasemdestaque.com\/cd\/#organization","name":"Not\u00edcias em Destaque","url":"https:\/\/noticiasemdestaque.com\/cd\/","logo":{"@type":"ImageObject","inLanguage":"pt-BR","@id":"https:\/\/noticiasemdestaque.com\/cd\/#\/schema\/logo\/image\/","url":"https:\/\/noticiasemdestaque.com\/cd\/wp-content\/uploads\/2022\/05\/imagem-base-noticiasemdestaque.png","contentUrl":"https:\/\/noticiasemdestaque.com\/cd\/wp-content\/uploads\/2022\/05\/imagem-base-noticiasemdestaque.png","width":1200,"height":630,"caption":"Not\u00edcias em Destaque"},"image":{"@id":"https:\/\/noticiasemdestaque.com\/cd\/#\/schema\/logo\/image\/"}},{"@type":"Person","@id":"https:\/\/noticiasemdestaque.com\/cd\/#\/schema\/person\/21320b03a7e8bb90128938dafc9b908a","name":"Not\u00edcias em Destaque","url":"https:\/\/noticiasemdestaque.com\/cd\/?author=2"}]}},"jetpack_featured_media_url":"https:\/\/noticiasemdestaque.com\/cd\/wp-content\/uploads\/2017\/10\/DSC_0095.jpg","jetpack_sharing_enabled":true,"_links":{"self":[{"href":"https:\/\/noticiasemdestaque.com\/cd\/index.php?rest_route=\/wp\/v2\/posts\/5504","targetHints":{"allow":["GET"]}}],"collection":[{"href":"https:\/\/noticiasemdestaque.com\/cd\/index.php?rest_route=\/wp\/v2\/posts"}],"about":[{"href":"https:\/\/noticiasemdestaque.com\/cd\/index.php?rest_route=\/wp\/v2\/types\/post"}],"author":[{"embeddable":true,"href":"https:\/\/noticiasemdestaque.com\/cd\/index.php?rest_route=\/wp\/v2\/users\/2"}],"replies":[{"embeddable":true,"href":"https:\/\/noticiasemdestaque.com\/cd\/index.php?rest_route=%2Fwp%2Fv2%2Fcomments&post=5504"}],"version-history":[{"count":1,"href":"https:\/\/noticiasemdestaque.com\/cd\/index.php?rest_route=\/wp\/v2\/posts\/5504\/revisions"}],"predecessor-version":[{"id":5508,"href":"https:\/\/noticiasemdestaque.com\/cd\/index.php?rest_route=\/wp\/v2\/posts\/5504\/revisions\/5508"}],"wp:featuredmedia":[{"embeddable":true,"href":"https:\/\/noticiasemdestaque.com\/cd\/index.php?rest_route=\/wp\/v2\/media\/5506"}],"wp:attachment":[{"href":"https:\/\/noticiasemdestaque.com\/cd\/index.php?rest_route=%2Fwp%2Fv2%2Fmedia&parent=5504"}],"wp:term":[{"taxonomy":"category","embeddable":true,"href":"https:\/\/noticiasemdestaque.com\/cd\/index.php?rest_route=%2Fwp%2Fv2%2Fcategories&post=5504"},{"taxonomy":"post_tag","embeddable":true,"href":"https:\/\/noticiasemdestaque.com\/cd\/index.php?rest_route=%2Fwp%2Fv2%2Ftags&post=5504"}],"curies":[{"name":"wp","href":"https:\/\/api.w.org\/{rel}","templated":true}]}}