{"id":55,"date":"2017-05-26T13:12:39","date_gmt":"2017-05-26T16:12:39","guid":{"rendered":"http:\/\/caririemdestaque.com\/cd\/?p=55"},"modified":"2017-06-06T08:49:56","modified_gmt":"2017-06-06T11:49:56","slug":"saude-prorroga-campanha-de-vacinacao-contra-a-gripe-ate-dia-9-de-junho","status":"publish","type":"post","link":"https:\/\/noticiasemdestaque.com\/cd\/?p=55","title":{"rendered":"Sa\u00fade prorroga campanha de vacina\u00e7\u00e3o contra a gripe at\u00e9 dia 9 de junho"},"content":{"rendered":"<p>O Minist\u00e9rio da Sa\u00fade prorrogou at\u00e9 o dia 9 de junho a campanha de vacina\u00e7\u00e3o contra a gripe em todo o pa\u00eds. O prazo se encerrava nesta sexta-feira (26), mas foi ampliado devido \u00e0 baixa procura das pessoas que integram o p\u00fablico-alvo da iniciativa.<\/p>\n<p>De acordo com dados da Secretaria Estadual de Sa\u00fade, na Para\u00edba, mais de 628 mil j\u00e1 tomaram a dose, o que corresponde a 68,02% de comparecimento. Em Jo\u00e3o Pessoa, menos de 45% foram imunizados.<\/p>\n<p>Ainda de acordo com a Secretaria de Sa\u00fade, at\u00e9 o momento, 52 cidades do estado atingiram meta de cobertura, sendo Alcantil (123,84%), Itapororoca (109,23%) e S\u00e3o Jos\u00e9 dos Ramos (107,89%) os munic\u00edpios com maior cobertura.<\/p>\n<p>Na Para\u00edba, de 1\u00ba de janeiro a de maio de 2017, foram notificados 87 casos para S\u00edndrome Respirat\u00f3ria Aguda Grave (SRAG). Destes, cinco casos foram confirmados o agente etiol\u00f3gico influenza A subtipo H3sazonal e tr\u00eas casos para influenza B. Foram descartados para Influenza e seus subtipos 43 casos e os demais seguem em investiga\u00e7\u00e3o.<\/p>\n<p>No que se refere ao cen\u00e1rio dos \u00f3bitos, a Sa\u00fade registrou 30 \u00f3bitos de SRAG com suspeitas de algum v\u00edrus de influenza, sendo oito casos confirmados para Influenza subtipo H3 sazonal nos munic\u00edpios de Jo\u00e3o Pessoa (quatro casos) e Sousa (um caso).<\/p>\n<p>Nesse per\u00edodo foram descartados 21 casos para o agente etiol\u00f3gico da Influenza e um \u00f3bito segue em investiga\u00e7\u00e3o.<\/p>\n<p>Cariri em Destaque<\/p>\n<p>Com EBC<\/p>\n","protected":false},"excerpt":{"rendered":"<p>O Minist\u00e9rio da Sa\u00fade prorrogou at\u00e9 o dia 9 de junho a campanha de vacina\u00e7\u00e3o contra a gripe em todo o pa\u00eds. O prazo se encerrava nesta sexta-feira (26), mas foi ampliado devido \u00e0 baixa procura das pessoas que integram o p\u00fablico-alvo da iniciativa. De acordo com dados da Secretaria Estadual de Sa\u00fade, na Para\u00edba, mais de 628 mil j\u00e1 tomaram a dose, o que corresponde a 68,02% de comparecimento. Em Jo\u00e3o Pessoa, menos de 45% foram imunizados. Ainda de acordo com a Secretaria de Sa\u00fade, at\u00e9 o momento, 52 cidades do estado atingiram meta de cobertura, sendo Alcantil (123,84%), Itapororoca (109,23%) e S\u00e3o Jos\u00e9 dos Ramos (107,89%) os munic\u00edpios com maior cobertura. Na Para\u00edba, de 1\u00ba de janeiro a de maio de 2017, foram notificados 87 casos para S\u00edndrome Respirat\u00f3ria Aguda Grave (SRAG). Destes, cinco casos foram confirmados o agente etiol\u00f3gico influenza A subtipo H3sazonal e tr\u00eas casos para influenza B. Foram descartados para Influenza e seus subtipos 43 casos e os demais seguem em investiga\u00e7\u00e3o. No que se refere ao cen\u00e1rio dos \u00f3bitos, a Sa\u00fade registrou 30 \u00f3bitos de SRAG com suspeitas de algum v\u00edrus de influenza, sendo oito casos confirmados para Influenza subtipo H3 sazonal nos munic\u00edpios de Jo\u00e3o Pessoa (quatro casos) e Sousa (um caso). Nesse per\u00edodo foram descartados 21 casos para o agente etiol\u00f3gico da Influenza e um \u00f3bito segue em investiga\u00e7\u00e3o. Cariri em Destaque Com EBC<\/p>\n","protected":false},"author":2,"featured_media":58,"comment_status":"closed","ping_status":"closed","sticky":false,"template":"","format":"standard","meta":{"_eb_attr":"","_jetpack_memberships_contains_paid_content":false,"footnotes":""},"categories":[8],"tags":[],"class_list":["post-55","post","type-post","status-publish","format-standard","has-post-thumbnail","hentry","category-saude"],"yoast_head":"<!-- This site is optimized with the Yoast SEO plugin v26.5 - https:\/\/yoast.com\/wordpress\/plugins\/seo\/ -->\n<title>Sa\u00fade prorroga campanha de vacina\u00e7\u00e3o contra a gripe at\u00e9 dia 9 de junho - Not&iacute;cias em Destaque<\/title>\n<meta name=\"robots\" content=\"index, follow, max-snippet:-1, max-image-preview:large, max-video-preview:-1\" \/>\n<link rel=\"canonical\" href=\"https:\/\/noticiasemdestaque.com\/cd\/?p=55\" \/>\n<meta property=\"og:locale\" content=\"pt_BR\" \/>\n<meta property=\"og:type\" content=\"article\" \/>\n<meta property=\"og:title\" content=\"Sa\u00fade prorroga campanha de vacina\u00e7\u00e3o contra a gripe at\u00e9 dia 9 de junho - Not&iacute;cias em Destaque\" \/>\n<meta property=\"og:description\" content=\"O Minist\u00e9rio da Sa\u00fade prorrogou at\u00e9 o dia 9 de junho a campanha de vacina\u00e7\u00e3o contra a gripe em todo o pa\u00eds. O prazo se encerrava nesta sexta-feira (26), mas foi ampliado devido \u00e0 baixa procura das pessoas que integram o p\u00fablico-alvo da iniciativa. De acordo com dados da Secretaria Estadual de Sa\u00fade, na Para\u00edba, mais de 628 mil j\u00e1 tomaram a dose, o que corresponde a 68,02% de comparecimento. Em Jo\u00e3o Pessoa, menos de 45% foram imunizados. Ainda de acordo com a Secretaria de Sa\u00fade, at\u00e9 o momento, 52 cidades do estado atingiram meta de cobertura, sendo Alcantil (123,84%), Itapororoca (109,23%) e S\u00e3o Jos\u00e9 dos Ramos (107,89%) os munic\u00edpios com maior cobertura. Na Para\u00edba, de 1\u00ba de janeiro a de maio de 2017, foram notificados 87 casos para S\u00edndrome Respirat\u00f3ria Aguda Grave (SRAG). Destes, cinco casos foram confirmados o agente etiol\u00f3gico influenza A subtipo H3sazonal e tr\u00eas casos para influenza B. Foram descartados para Influenza e seus subtipos 43 casos e os demais seguem em investiga\u00e7\u00e3o. No que se refere ao cen\u00e1rio dos \u00f3bitos, a Sa\u00fade registrou 30 \u00f3bitos de SRAG com suspeitas de algum v\u00edrus de influenza, sendo oito casos confirmados para Influenza subtipo H3 sazonal nos munic\u00edpios de Jo\u00e3o Pessoa (quatro casos) e Sousa (um caso). Nesse per\u00edodo foram descartados 21 casos para o agente etiol\u00f3gico da Influenza e um \u00f3bito segue em investiga\u00e7\u00e3o. Cariri em Destaque Com EBC\" \/>\n<meta property=\"og:url\" content=\"https:\/\/noticiasemdestaque.com\/cd\/?p=55\" \/>\n<meta property=\"og:site_name\" content=\"Not&iacute;cias em Destaque\" \/>\n<meta property=\"article:published_time\" content=\"2017-05-26T16:12:39+00:00\" \/>\n<meta property=\"article:modified_time\" content=\"2017-06-06T11:49:56+00:00\" \/>\n<meta property=\"og:image\" content=\"https:\/\/noticiasemdestaque.com\/cd\/wp-content\/uploads\/2017\/05\/timthumb-1-1.jpg\" \/>\n\t<meta property=\"og:image:width\" content=\"547\" \/>\n\t<meta property=\"og:image:height\" content=\"398\" \/>\n\t<meta property=\"og:image:type\" content=\"image\/jpeg\" \/>\n<meta name=\"author\" content=\"Not\u00edcias em Destaque\" \/>\n<meta name=\"twitter:card\" content=\"summary_large_image\" \/>\n<meta name=\"twitter:label1\" content=\"Escrito por\" \/>\n\t<meta name=\"twitter:data1\" content=\"Not\u00edcias em Destaque\" \/>\n\t<meta name=\"twitter:label2\" content=\"Est. tempo de leitura\" \/>\n\t<meta name=\"twitter:data2\" content=\"1 minuto\" \/>\n<script type=\"application\/ld+json\" class=\"yoast-schema-graph\">{\"@context\":\"https:\/\/schema.org\",\"@graph\":[{\"@type\":\"Article\",\"@id\":\"https:\/\/noticiasemdestaque.com\/cd\/?p=55#article\",\"isPartOf\":{\"@id\":\"https:\/\/noticiasemdestaque.com\/cd\/?p=55\"},\"author\":{\"name\":\"Not\u00edcias em Destaque\",\"@id\":\"https:\/\/noticiasemdestaque.com\/cd\/#\/schema\/person\/47f7d4f55eec17c6b2ca036c5500f6ce\"},\"headline\":\"Sa\u00fade prorroga campanha de vacina\u00e7\u00e3o contra a gripe at\u00e9 dia 9 de junho\",\"datePublished\":\"2017-05-26T16:12:39+00:00\",\"dateModified\":\"2017-06-06T11:49:56+00:00\",\"mainEntityOfPage\":{\"@id\":\"https:\/\/noticiasemdestaque.com\/cd\/?p=55\"},\"wordCount\":256,\"publisher\":{\"@id\":\"https:\/\/noticiasemdestaque.com\/cd\/#organization\"},\"image\":{\"@id\":\"https:\/\/noticiasemdestaque.com\/cd\/?p=55#primaryimage\"},\"thumbnailUrl\":\"https:\/\/noticiasemdestaque.com\/cd\/wp-content\/uploads\/2017\/05\/timthumb-1-1.jpg\",\"articleSection\":[\"Sa\u00fade\"],\"inLanguage\":\"pt-BR\"},{\"@type\":\"WebPage\",\"@id\":\"https:\/\/noticiasemdestaque.com\/cd\/?p=55\",\"url\":\"https:\/\/noticiasemdestaque.com\/cd\/?p=55\",\"name\":\"Sa\u00fade prorroga campanha de vacina\u00e7\u00e3o contra a gripe at\u00e9 dia 9 de junho - Not&iacute;cias em Destaque\",\"isPartOf\":{\"@id\":\"https:\/\/noticiasemdestaque.com\/cd\/#website\"},\"primaryImageOfPage\":{\"@id\":\"https:\/\/noticiasemdestaque.com\/cd\/?p=55#primaryimage\"},\"image\":{\"@id\":\"https:\/\/noticiasemdestaque.com\/cd\/?p=55#primaryimage\"},\"thumbnailUrl\":\"https:\/\/noticiasemdestaque.com\/cd\/wp-content\/uploads\/2017\/05\/timthumb-1-1.jpg\",\"datePublished\":\"2017-05-26T16:12:39+00:00\",\"dateModified\":\"2017-06-06T11:49:56+00:00\",\"breadcrumb\":{\"@id\":\"https:\/\/noticiasemdestaque.com\/cd\/?p=55#breadcrumb\"},\"inLanguage\":\"pt-BR\",\"potentialAction\":[{\"@type\":\"ReadAction\",\"target\":[\"https:\/\/noticiasemdestaque.com\/cd\/?p=55\"]}]},{\"@type\":\"ImageObject\",\"inLanguage\":\"pt-BR\",\"@id\":\"https:\/\/noticiasemdestaque.com\/cd\/?p=55#primaryimage\",\"url\":\"https:\/\/noticiasemdestaque.com\/cd\/wp-content\/uploads\/2017\/05\/timthumb-1-1.jpg\",\"contentUrl\":\"https:\/\/noticiasemdestaque.com\/cd\/wp-content\/uploads\/2017\/05\/timthumb-1-1.jpg\",\"width\":547,\"height\":398},{\"@type\":\"BreadcrumbList\",\"@id\":\"https:\/\/noticiasemdestaque.com\/cd\/?p=55#breadcrumb\",\"itemListElement\":[{\"@type\":\"ListItem\",\"position\":1,\"name\":\"In\u00edcio\",\"item\":\"https:\/\/noticiasemdestaque.com\/cd\/\"},{\"@type\":\"ListItem\",\"position\":2,\"name\":\"Sa\u00fade prorroga campanha de vacina\u00e7\u00e3o contra a gripe at\u00e9 dia 9 de junho\"}]},{\"@type\":\"WebSite\",\"@id\":\"https:\/\/noticiasemdestaque.com\/cd\/#website\",\"url\":\"https:\/\/noticiasemdestaque.com\/cd\/\",\"name\":\"Not&iacute;cias em Destaque\",\"description\":\"\",\"publisher\":{\"@id\":\"https:\/\/noticiasemdestaque.com\/cd\/#organization\"},\"potentialAction\":[{\"@type\":\"SearchAction\",\"target\":{\"@type\":\"EntryPoint\",\"urlTemplate\":\"https:\/\/noticiasemdestaque.com\/cd\/?s={search_term_string}\"},\"query-input\":{\"@type\":\"PropertyValueSpecification\",\"valueRequired\":true,\"valueName\":\"search_term_string\"}}],\"inLanguage\":\"pt-BR\"},{\"@type\":\"Organization\",\"@id\":\"https:\/\/noticiasemdestaque.com\/cd\/#organization\",\"name\":\"Not\u00edcias em Destaque\",\"url\":\"https:\/\/noticiasemdestaque.com\/cd\/\",\"logo\":{\"@type\":\"ImageObject\",\"inLanguage\":\"pt-BR\",\"@id\":\"https:\/\/noticiasemdestaque.com\/cd\/#\/schema\/logo\/image\/\",\"url\":\"https:\/\/noticiasemdestaque.com\/cd\/wp-content\/uploads\/2022\/05\/imagem-base-noticiasemdestaque.png\",\"contentUrl\":\"https:\/\/noticiasemdestaque.com\/cd\/wp-content\/uploads\/2022\/05\/imagem-base-noticiasemdestaque.png\",\"width\":1200,\"height\":630,\"caption\":\"Not\u00edcias em Destaque\"},\"image\":{\"@id\":\"https:\/\/noticiasemdestaque.com\/cd\/#\/schema\/logo\/image\/\"}},{\"@type\":\"Person\",\"@id\":\"https:\/\/noticiasemdestaque.com\/cd\/#\/schema\/person\/47f7d4f55eec17c6b2ca036c5500f6ce\",\"name\":\"Not\u00edcias em Destaque\",\"url\":\"https:\/\/noticiasemdestaque.com\/cd\/?author=2\"}]}<\/script>\n<!-- \/ Yoast SEO plugin. -->","yoast_head_json":{"title":"Sa\u00fade prorroga campanha de vacina\u00e7\u00e3o contra a gripe at\u00e9 dia 9 de junho - Not&iacute;cias em Destaque","robots":{"index":"index","follow":"follow","max-snippet":"max-snippet:-1","max-image-preview":"max-image-preview:large","max-video-preview":"max-video-preview:-1"},"canonical":"https:\/\/noticiasemdestaque.com\/cd\/?p=55","og_locale":"pt_BR","og_type":"article","og_title":"Sa\u00fade prorroga campanha de vacina\u00e7\u00e3o contra a gripe at\u00e9 dia 9 de junho - Not&iacute;cias em Destaque","og_description":"O Minist\u00e9rio da Sa\u00fade prorrogou at\u00e9 o dia 9 de junho a campanha de vacina\u00e7\u00e3o contra a gripe em todo o pa\u00eds. O prazo se encerrava nesta sexta-feira (26), mas foi ampliado devido \u00e0 baixa procura das pessoas que integram o p\u00fablico-alvo da iniciativa. De acordo com dados da Secretaria Estadual de Sa\u00fade, na Para\u00edba, mais de 628 mil j\u00e1 tomaram a dose, o que corresponde a 68,02% de comparecimento. Em Jo\u00e3o Pessoa, menos de 45% foram imunizados. Ainda de acordo com a Secretaria de Sa\u00fade, at\u00e9 o momento, 52 cidades do estado atingiram meta de cobertura, sendo Alcantil (123,84%), Itapororoca (109,23%) e S\u00e3o Jos\u00e9 dos Ramos (107,89%) os munic\u00edpios com maior cobertura. Na Para\u00edba, de 1\u00ba de janeiro a de maio de 2017, foram notificados 87 casos para S\u00edndrome Respirat\u00f3ria Aguda Grave (SRAG). Destes, cinco casos foram confirmados o agente etiol\u00f3gico influenza A subtipo H3sazonal e tr\u00eas casos para influenza B. Foram descartados para Influenza e seus subtipos 43 casos e os demais seguem em investiga\u00e7\u00e3o. No que se refere ao cen\u00e1rio dos \u00f3bitos, a Sa\u00fade registrou 30 \u00f3bitos de SRAG com suspeitas de algum v\u00edrus de influenza, sendo oito casos confirmados para Influenza subtipo H3 sazonal nos munic\u00edpios de Jo\u00e3o Pessoa (quatro casos) e Sousa (um caso). Nesse per\u00edodo foram descartados 21 casos para o agente etiol\u00f3gico da Influenza e um \u00f3bito segue em investiga\u00e7\u00e3o. Cariri em Destaque Com EBC","og_url":"https:\/\/noticiasemdestaque.com\/cd\/?p=55","og_site_name":"Not&iacute;cias em Destaque","article_published_time":"2017-05-26T16:12:39+00:00","article_modified_time":"2017-06-06T11:49:56+00:00","og_image":[{"width":547,"height":398,"url":"https:\/\/noticiasemdestaque.com\/cd\/wp-content\/uploads\/2017\/05\/timthumb-1-1.jpg","type":"image\/jpeg"}],"author":"Not\u00edcias em Destaque","twitter_card":"summary_large_image","twitter_misc":{"Escrito por":"Not\u00edcias em Destaque","Est. tempo de leitura":"1 minuto"},"schema":{"@context":"https:\/\/schema.org","@graph":[{"@type":"Article","@id":"https:\/\/noticiasemdestaque.com\/cd\/?p=55#article","isPartOf":{"@id":"https:\/\/noticiasemdestaque.com\/cd\/?p=55"},"author":{"name":"Not\u00edcias em Destaque","@id":"https:\/\/noticiasemdestaque.com\/cd\/#\/schema\/person\/47f7d4f55eec17c6b2ca036c5500f6ce"},"headline":"Sa\u00fade prorroga campanha de vacina\u00e7\u00e3o contra a gripe at\u00e9 dia 9 de junho","datePublished":"2017-05-26T16:12:39+00:00","dateModified":"2017-06-06T11:49:56+00:00","mainEntityOfPage":{"@id":"https:\/\/noticiasemdestaque.com\/cd\/?p=55"},"wordCount":256,"publisher":{"@id":"https:\/\/noticiasemdestaque.com\/cd\/#organization"},"image":{"@id":"https:\/\/noticiasemdestaque.com\/cd\/?p=55#primaryimage"},"thumbnailUrl":"https:\/\/noticiasemdestaque.com\/cd\/wp-content\/uploads\/2017\/05\/timthumb-1-1.jpg","articleSection":["Sa\u00fade"],"inLanguage":"pt-BR"},{"@type":"WebPage","@id":"https:\/\/noticiasemdestaque.com\/cd\/?p=55","url":"https:\/\/noticiasemdestaque.com\/cd\/?p=55","name":"Sa\u00fade prorroga campanha de vacina\u00e7\u00e3o contra a gripe at\u00e9 dia 9 de junho - Not&iacute;cias em Destaque","isPartOf":{"@id":"https:\/\/noticiasemdestaque.com\/cd\/#website"},"primaryImageOfPage":{"@id":"https:\/\/noticiasemdestaque.com\/cd\/?p=55#primaryimage"},"image":{"@id":"https:\/\/noticiasemdestaque.com\/cd\/?p=55#primaryimage"},"thumbnailUrl":"https:\/\/noticiasemdestaque.com\/cd\/wp-content\/uploads\/2017\/05\/timthumb-1-1.jpg","datePublished":"2017-05-26T16:12:39+00:00","dateModified":"2017-06-06T11:49:56+00:00","breadcrumb":{"@id":"https:\/\/noticiasemdestaque.com\/cd\/?p=55#breadcrumb"},"inLanguage":"pt-BR","potentialAction":[{"@type":"ReadAction","target":["https:\/\/noticiasemdestaque.com\/cd\/?p=55"]}]},{"@type":"ImageObject","inLanguage":"pt-BR","@id":"https:\/\/noticiasemdestaque.com\/cd\/?p=55#primaryimage","url":"https:\/\/noticiasemdestaque.com\/cd\/wp-content\/uploads\/2017\/05\/timthumb-1-1.jpg","contentUrl":"https:\/\/noticiasemdestaque.com\/cd\/wp-content\/uploads\/2017\/05\/timthumb-1-1.jpg","width":547,"height":398},{"@type":"BreadcrumbList","@id":"https:\/\/noticiasemdestaque.com\/cd\/?p=55#breadcrumb","itemListElement":[{"@type":"ListItem","position":1,"name":"In\u00edcio","item":"https:\/\/noticiasemdestaque.com\/cd\/"},{"@type":"ListItem","position":2,"name":"Sa\u00fade prorroga campanha de vacina\u00e7\u00e3o contra a gripe at\u00e9 dia 9 de junho"}]},{"@type":"WebSite","@id":"https:\/\/noticiasemdestaque.com\/cd\/#website","url":"https:\/\/noticiasemdestaque.com\/cd\/","name":"Not&iacute;cias em Destaque","description":"","publisher":{"@id":"https:\/\/noticiasemdestaque.com\/cd\/#organization"},"potentialAction":[{"@type":"SearchAction","target":{"@type":"EntryPoint","urlTemplate":"https:\/\/noticiasemdestaque.com\/cd\/?s={search_term_string}"},"query-input":{"@type":"PropertyValueSpecification","valueRequired":true,"valueName":"search_term_string"}}],"inLanguage":"pt-BR"},{"@type":"Organization","@id":"https:\/\/noticiasemdestaque.com\/cd\/#organization","name":"Not\u00edcias em Destaque","url":"https:\/\/noticiasemdestaque.com\/cd\/","logo":{"@type":"ImageObject","inLanguage":"pt-BR","@id":"https:\/\/noticiasemdestaque.com\/cd\/#\/schema\/logo\/image\/","url":"https:\/\/noticiasemdestaque.com\/cd\/wp-content\/uploads\/2022\/05\/imagem-base-noticiasemdestaque.png","contentUrl":"https:\/\/noticiasemdestaque.com\/cd\/wp-content\/uploads\/2022\/05\/imagem-base-noticiasemdestaque.png","width":1200,"height":630,"caption":"Not\u00edcias em Destaque"},"image":{"@id":"https:\/\/noticiasemdestaque.com\/cd\/#\/schema\/logo\/image\/"}},{"@type":"Person","@id":"https:\/\/noticiasemdestaque.com\/cd\/#\/schema\/person\/47f7d4f55eec17c6b2ca036c5500f6ce","name":"Not\u00edcias em Destaque","url":"https:\/\/noticiasemdestaque.com\/cd\/?author=2"}]}},"jetpack_featured_media_url":"https:\/\/noticiasemdestaque.com\/cd\/wp-content\/uploads\/2017\/05\/timthumb-1-1.jpg","jetpack_sharing_enabled":true,"_links":{"self":[{"href":"https:\/\/noticiasemdestaque.com\/cd\/index.php?rest_route=\/wp\/v2\/posts\/55","targetHints":{"allow":["GET"]}}],"collection":[{"href":"https:\/\/noticiasemdestaque.com\/cd\/index.php?rest_route=\/wp\/v2\/posts"}],"about":[{"href":"https:\/\/noticiasemdestaque.com\/cd\/index.php?rest_route=\/wp\/v2\/types\/post"}],"author":[{"embeddable":true,"href":"https:\/\/noticiasemdestaque.com\/cd\/index.php?rest_route=\/wp\/v2\/users\/2"}],"replies":[{"embeddable":true,"href":"https:\/\/noticiasemdestaque.com\/cd\/index.php?rest_route=%2Fwp%2Fv2%2Fcomments&post=55"}],"version-history":[{"count":1,"href":"https:\/\/noticiasemdestaque.com\/cd\/index.php?rest_route=\/wp\/v2\/posts\/55\/revisions"}],"predecessor-version":[{"id":57,"href":"https:\/\/noticiasemdestaque.com\/cd\/index.php?rest_route=\/wp\/v2\/posts\/55\/revisions\/57"}],"wp:featuredmedia":[{"embeddable":true,"href":"https:\/\/noticiasemdestaque.com\/cd\/index.php?rest_route=\/wp\/v2\/media\/58"}],"wp:attachment":[{"href":"https:\/\/noticiasemdestaque.com\/cd\/index.php?rest_route=%2Fwp%2Fv2%2Fmedia&parent=55"}],"wp:term":[{"taxonomy":"category","embeddable":true,"href":"https:\/\/noticiasemdestaque.com\/cd\/index.php?rest_route=%2Fwp%2Fv2%2Fcategories&post=55"},{"taxonomy":"post_tag","embeddable":true,"href":"https:\/\/noticiasemdestaque.com\/cd\/index.php?rest_route=%2Fwp%2Fv2%2Ftags&post=55"}],"curies":[{"name":"wp","href":"https:\/\/api.w.org\/{rel}","templated":true}]}}