{"id":5489,"date":"2017-10-26T08:16:51","date_gmt":"2017-10-26T11:16:51","guid":{"rendered":"http:\/\/caririemdestaque.com\/cd\/?p=5489"},"modified":"2017-10-26T08:16:51","modified_gmt":"2017-10-26T11:16:51","slug":"inova-monteiro-trend-apresenta-tendencias-na-moda-beleza-e-bem-estar","status":"publish","type":"post","link":"https:\/\/noticiasemdestaque.com\/cd\/?p=5489","title":{"rendered":"Inova Monteiro Trend apresenta tend\u00eancias na moda, beleza e bem-estar"},"content":{"rendered":"<p><a href=\"http:\/\/caririemdestaque.com\/cd\/wp-content\/uploads\/2017\/10\/25102017204950.jpg\"><img fetchpriority=\"high\" decoding=\"async\" class=\"wp-image-5490 size-medium alignleft\" src=\"http:\/\/caririemdestaque.com\/cd\/wp-content\/uploads\/2017\/10\/25102017204950-202x300.jpg\" alt=\"\" width=\"202\" height=\"300\" srcset=\"https:\/\/noticiasemdestaque.com\/cd\/wp-content\/uploads\/2017\/10\/25102017204950-202x300.jpg 202w, https:\/\/noticiasemdestaque.com\/cd\/wp-content\/uploads\/2017\/10\/25102017204950.jpg 580w\" sizes=\"(max-width: 202px) 100vw, 202px\" \/><\/a>O Cariri paraibano sediar\u00e1 o 1\u00ba Inova Monteiro Trend, desta quinta-feira (26) ao s\u00e1bado (28). O evento ser\u00e1 uma feira de neg\u00f3cios que abordar\u00e1 as principais tend\u00eancias e inova\u00e7\u00f5es para os setores da moda, beleza, gastronomia e bem-estar. Durante tr\u00eas dias, a Pra\u00e7a Jo\u00e3o Pessoa abrigar\u00e1 30 estandes com exposi\u00e7\u00e3o de produtos e servi\u00e7os, al\u00e9m de se tornar palco para desfiles de moda e shows.<\/p>\n<p>&nbsp;<\/p>\n<p>De acordo com Madalena Arruda, gerente do Sebrae em Monteiro, o foco \u00e9 estimular a sustentabilidade dos micro e pequenos neg\u00f3cios locais na regi\u00e3o. O Cariri \u00e9 bastante promissor no segmento da moda e j\u00e1 se projeta nacionalmente com a renda Renascen\u00e7a. \u201cOs empres\u00e1rios locais j\u00e1 capacitados pelo Sebrae Para\u00edba ter\u00e3o, na feira, a oportunidade de ampliar suas carteiras de clientes e alcan\u00e7ar novos mercados\u201d, explicou.<\/p>\n<p>Na programa\u00e7\u00e3o, ela enfatiza a import\u00e2ncia da Sess\u00e3o de Neg\u00f3cios e indica as Rodadas, nas quais os micro e pequenos empres\u00e1rios ficar\u00e3o em contato direto com empresas de maior porte e compradoras. Uma arena gastron\u00f4mica com a participa\u00e7\u00e3o de um chef elaborando pratos da culin\u00e1ria local foi preparada para o IMT, \u00e9 o 1\u00ba Mu\u00eddo Gastron\u00f4mico do Cariri Paraibano. Durante os tr\u00eas dias do evento, comidas de todos os restaurantes de Monteiro estar\u00e3o \u00e0 venda para despertar ainda o interesse de quem quer investir nesta \u00e1rea.<\/p>\n<p>Para Madalena, o objetivo do evento \u00e9 criar uma melhor integra\u00e7\u00e3o entre diversos n\u00facleos criativos da regi\u00e3o do Cariri paraibano Ocidental. Na estrutura do evento, o empreendedor encontrar\u00e1 o Bazar com exposi\u00e7\u00e3o dos produtos desses tr\u00eas setores, para escoar a produ\u00e7\u00e3o de todos os envolvidos. Um painel visual e integrado \u00e0s m\u00eddias digitais estar\u00e1 funcionando com as principais oportunidades de neg\u00f3cios na regi\u00e3o. \u201cEste projeto proporciona maior envolvimento do empreendedor com a inova\u00e7\u00e3o. Trabalhamos este conceito como um canalizador que ajuda a aumentar seus lucros e gerar mais satisfa\u00e7\u00e3o para os clientes\u201d, contou Madalena.<\/p>\n<p>Sempre atento aos movimentos do mercado e da economia, o Sebrae em Monteiro atende todo tipo de demanda, desde empres\u00e1rios com experi\u00eancia no segmento que atua, at\u00e9 os potenciais empreendedores, que n\u00e3o sabem por onde come\u00e7ar. Com orienta\u00e7\u00f5es sobre posicionamento no mercado, inova\u00e7\u00e3o, e est\u00edmulo a competitividade com sustentabilidade. Para saber das oportunidades, entrar em contato pelo telefone (83) 3351-2947 ou e-mail madalena@sebraepb.com.br.<\/p>\n<p>Programa\u00e7\u00e3o<\/p>\n<p>Quinta-feira (26)<\/p>\n<p>Das 16h \u00e0s 22h &#8211; Expo de produtos e servi\u00e7os dos segmentos da Moda, Beleza e Sa\u00fade;<\/p>\n<p>18h30 &#8211; Abertura oficial;<\/p>\n<p>19h \u2013 shows com Vanessa Roger e Vav\u00e1 Dias;<\/p>\n<p>Sexta-feira (27)<\/p>\n<p>Das 16 \u00e0s 22h &#8211; Expo de produtos e servi\u00e7os dos segmentos da Moda, Beleza e Sa\u00fade;<\/p>\n<p>18h \u2013 Desfiles de moda;<\/p>\n<p>19h \u2013 shows com Xote Universit\u00e1rio e Victor Hugo;<\/p>\n<p>S\u00e1bado (28)<\/p>\n<p>Das 16h \u00e0s 22h &#8211; Expo de produtos e servi\u00e7os dos segmentos da Moda, Beleza e Sa\u00fade;<\/p>\n<p>18h30 &#8211; Abertura oficial;<\/p>\n<p>19h \u2013 show com Luan Santos.<\/p>\n","protected":false},"excerpt":{"rendered":"<p>O Cariri paraibano sediar\u00e1 o 1\u00ba Inova Monteiro Trend, desta quinta-feira (26) ao s\u00e1bado (28). O evento ser\u00e1 uma feira de neg\u00f3cios que abordar\u00e1 as principais tend\u00eancias e inova\u00e7\u00f5es para os setores da moda, beleza, gastronomia e bem-estar. Durante tr\u00eas dias, a Pra\u00e7a Jo\u00e3o Pessoa abrigar\u00e1 30 estandes com exposi\u00e7\u00e3o de produtos e servi\u00e7os, al\u00e9m de se tornar palco para desfiles de moda e shows. &nbsp; De acordo com Madalena Arruda, gerente do Sebrae em Monteiro, o foco \u00e9 estimular a sustentabilidade dos micro e pequenos neg\u00f3cios locais na regi\u00e3o. O Cariri \u00e9 bastante promissor no segmento da moda e j\u00e1 se projeta nacionalmente com a renda Renascen\u00e7a. \u201cOs empres\u00e1rios locais j\u00e1 capacitados pelo Sebrae Para\u00edba ter\u00e3o, na feira, a oportunidade de ampliar suas carteiras de clientes e alcan\u00e7ar novos mercados\u201d, explicou. Na programa\u00e7\u00e3o, ela enfatiza a import\u00e2ncia da Sess\u00e3o de Neg\u00f3cios e indica as Rodadas, nas quais os micro e pequenos empres\u00e1rios ficar\u00e3o em contato direto com empresas de maior porte e compradoras. Uma arena gastron\u00f4mica com a participa\u00e7\u00e3o de um chef elaborando pratos da culin\u00e1ria local foi preparada para o IMT, \u00e9 o 1\u00ba Mu\u00eddo Gastron\u00f4mico do Cariri Paraibano. Durante os tr\u00eas dias do evento, comidas de todos os restaurantes de Monteiro estar\u00e3o \u00e0 venda para despertar ainda o interesse de quem quer investir nesta \u00e1rea. Para Madalena, o objetivo do evento \u00e9 criar uma melhor integra\u00e7\u00e3o entre diversos n\u00facleos criativos da regi\u00e3o do Cariri paraibano Ocidental. Na estrutura do evento, o empreendedor encontrar\u00e1 o Bazar com exposi\u00e7\u00e3o dos produtos desses tr\u00eas setores, para escoar a produ\u00e7\u00e3o de todos os envolvidos. Um painel visual e integrado \u00e0s m\u00eddias digitais estar\u00e1 funcionando com as principais oportunidades de neg\u00f3cios na regi\u00e3o. \u201cEste projeto proporciona maior envolvimento do empreendedor com a inova\u00e7\u00e3o. Trabalhamos este conceito como um canalizador que ajuda a aumentar seus lucros e gerar mais satisfa\u00e7\u00e3o para os clientes\u201d, contou Madalena. Sempre atento aos movimentos do mercado e da economia, o Sebrae em Monteiro atende todo tipo de demanda, desde empres\u00e1rios com experi\u00eancia no segmento que atua, at\u00e9 os potenciais empreendedores, que n\u00e3o sabem por onde come\u00e7ar. Com orienta\u00e7\u00f5es sobre posicionamento no mercado, inova\u00e7\u00e3o, e est\u00edmulo a competitividade com sustentabilidade. Para saber das oportunidades, entrar em contato pelo telefone (83) 3351-2947 ou e-mail madalena@sebraepb.com.br. Programa\u00e7\u00e3o Quinta-feira (26) Das 16h \u00e0s 22h &#8211; Expo de produtos e servi\u00e7os dos segmentos da Moda, Beleza e Sa\u00fade; 18h30 &#8211; Abertura oficial; 19h \u2013 shows com Vanessa Roger e Vav\u00e1 Dias; Sexta-feira (27) Das 16 \u00e0s 22h &#8211; Expo de produtos e servi\u00e7os dos segmentos da Moda, Beleza e Sa\u00fade; 18h \u2013 Desfiles de moda; 19h \u2013 shows com Xote Universit\u00e1rio e Victor Hugo; S\u00e1bado (28) Das 16h \u00e0s 22h &#8211; Expo de produtos e servi\u00e7os dos segmentos da Moda, Beleza e Sa\u00fade; 18h30 &#8211; Abertura oficial; 19h \u2013 show com Luan Santos.<\/p>\n","protected":false},"author":2,"featured_media":5490,"comment_status":"closed","ping_status":"open","sticky":false,"template":"","format":"standard","meta":{"_eb_attr":"","_jetpack_memberships_contains_paid_content":false,"footnotes":""},"categories":[3],"tags":[],"class_list":["post-5489","post","type-post","status-publish","format-standard","has-post-thumbnail","hentry","category-cidades"],"yoast_head":"<!-- This site is optimized with the Yoast SEO plugin v26.5 - https:\/\/yoast.com\/wordpress\/plugins\/seo\/ -->\n<title>Inova Monteiro Trend apresenta tend\u00eancias na moda, beleza e bem-estar - Not&iacute;cias em Destaque<\/title>\n<meta name=\"robots\" content=\"index, follow, max-snippet:-1, max-image-preview:large, max-video-preview:-1\" \/>\n<link rel=\"canonical\" href=\"https:\/\/noticiasemdestaque.com\/cd\/?p=5489\" \/>\n<meta property=\"og:locale\" content=\"pt_BR\" \/>\n<meta property=\"og:type\" content=\"article\" \/>\n<meta property=\"og:title\" content=\"Inova Monteiro Trend apresenta tend\u00eancias na moda, beleza e bem-estar - Not&iacute;cias em Destaque\" \/>\n<meta property=\"og:description\" content=\"O Cariri paraibano sediar\u00e1 o 1\u00ba Inova Monteiro Trend, desta quinta-feira (26) ao s\u00e1bado (28). O evento ser\u00e1 uma feira de neg\u00f3cios que abordar\u00e1 as principais tend\u00eancias e inova\u00e7\u00f5es para os setores da moda, beleza, gastronomia e bem-estar. Durante tr\u00eas dias, a Pra\u00e7a Jo\u00e3o Pessoa abrigar\u00e1 30 estandes com exposi\u00e7\u00e3o de produtos e servi\u00e7os, al\u00e9m de se tornar palco para desfiles de moda e shows. &nbsp; De acordo com Madalena Arruda, gerente do Sebrae em Monteiro, o foco \u00e9 estimular a sustentabilidade dos micro e pequenos neg\u00f3cios locais na regi\u00e3o. O Cariri \u00e9 bastante promissor no segmento da moda e j\u00e1 se projeta nacionalmente com a renda Renascen\u00e7a. \u201cOs empres\u00e1rios locais j\u00e1 capacitados pelo Sebrae Para\u00edba ter\u00e3o, na feira, a oportunidade de ampliar suas carteiras de clientes e alcan\u00e7ar novos mercados\u201d, explicou. Na programa\u00e7\u00e3o, ela enfatiza a import\u00e2ncia da Sess\u00e3o de Neg\u00f3cios e indica as Rodadas, nas quais os micro e pequenos empres\u00e1rios ficar\u00e3o em contato direto com empresas de maior porte e compradoras. Uma arena gastron\u00f4mica com a participa\u00e7\u00e3o de um chef elaborando pratos da culin\u00e1ria local foi preparada para o IMT, \u00e9 o 1\u00ba Mu\u00eddo Gastron\u00f4mico do Cariri Paraibano. Durante os tr\u00eas dias do evento, comidas de todos os restaurantes de Monteiro estar\u00e3o \u00e0 venda para despertar ainda o interesse de quem quer investir nesta \u00e1rea. Para Madalena, o objetivo do evento \u00e9 criar uma melhor integra\u00e7\u00e3o entre diversos n\u00facleos criativos da regi\u00e3o do Cariri paraibano Ocidental. Na estrutura do evento, o empreendedor encontrar\u00e1 o Bazar com exposi\u00e7\u00e3o dos produtos desses tr\u00eas setores, para escoar a produ\u00e7\u00e3o de todos os envolvidos. Um painel visual e integrado \u00e0s m\u00eddias digitais estar\u00e1 funcionando com as principais oportunidades de neg\u00f3cios na regi\u00e3o. \u201cEste projeto proporciona maior envolvimento do empreendedor com a inova\u00e7\u00e3o. Trabalhamos este conceito como um canalizador que ajuda a aumentar seus lucros e gerar mais satisfa\u00e7\u00e3o para os clientes\u201d, contou Madalena. Sempre atento aos movimentos do mercado e da economia, o Sebrae em Monteiro atende todo tipo de demanda, desde empres\u00e1rios com experi\u00eancia no segmento que atua, at\u00e9 os potenciais empreendedores, que n\u00e3o sabem por onde come\u00e7ar. Com orienta\u00e7\u00f5es sobre posicionamento no mercado, inova\u00e7\u00e3o, e est\u00edmulo a competitividade com sustentabilidade. Para saber das oportunidades, entrar em contato pelo telefone (83) 3351-2947 ou e-mail madalena@sebraepb.com.br. Programa\u00e7\u00e3o Quinta-feira (26) Das 16h \u00e0s 22h &#8211; Expo de produtos e servi\u00e7os dos segmentos da Moda, Beleza e Sa\u00fade; 18h30 &#8211; Abertura oficial; 19h \u2013 shows com Vanessa Roger e Vav\u00e1 Dias; Sexta-feira (27) Das 16 \u00e0s 22h &#8211; Expo de produtos e servi\u00e7os dos segmentos da Moda, Beleza e Sa\u00fade; 18h \u2013 Desfiles de moda; 19h \u2013 shows com Xote Universit\u00e1rio e Victor Hugo; S\u00e1bado (28) Das 16h \u00e0s 22h &#8211; Expo de produtos e servi\u00e7os dos segmentos da Moda, Beleza e Sa\u00fade; 18h30 &#8211; Abertura oficial; 19h \u2013 show com Luan Santos.\" \/>\n<meta property=\"og:url\" content=\"https:\/\/noticiasemdestaque.com\/cd\/?p=5489\" \/>\n<meta property=\"og:site_name\" content=\"Not&iacute;cias em Destaque\" \/>\n<meta property=\"article:published_time\" content=\"2017-10-26T11:16:51+00:00\" \/>\n<meta property=\"og:image\" content=\"https:\/\/noticiasemdestaque.com\/cd\/wp-content\/uploads\/2017\/10\/25102017204950.jpg\" \/>\n\t<meta property=\"og:image:width\" content=\"580\" \/>\n\t<meta property=\"og:image:height\" content=\"863\" \/>\n\t<meta property=\"og:image:type\" content=\"image\/jpeg\" \/>\n<meta name=\"author\" content=\"Not\u00edcias em Destaque\" \/>\n<meta name=\"twitter:card\" content=\"summary_large_image\" \/>\n<meta name=\"twitter:label1\" content=\"Escrito por\" \/>\n\t<meta name=\"twitter:data1\" content=\"Not\u00edcias em Destaque\" \/>\n\t<meta name=\"twitter:label2\" content=\"Est. tempo de leitura\" \/>\n\t<meta name=\"twitter:data2\" content=\"3 minutos\" \/>\n<script type=\"application\/ld+json\" class=\"yoast-schema-graph\">{\"@context\":\"https:\/\/schema.org\",\"@graph\":[{\"@type\":\"Article\",\"@id\":\"https:\/\/noticiasemdestaque.com\/cd\/?p=5489#article\",\"isPartOf\":{\"@id\":\"https:\/\/noticiasemdestaque.com\/cd\/?p=5489\"},\"author\":{\"name\":\"Not\u00edcias em Destaque\",\"@id\":\"https:\/\/noticiasemdestaque.com\/cd\/#\/schema\/person\/21320b03a7e8bb90128938dafc9b908a\"},\"headline\":\"Inova Monteiro Trend apresenta tend\u00eancias na moda, beleza e bem-estar\",\"datePublished\":\"2017-10-26T11:16:51+00:00\",\"mainEntityOfPage\":{\"@id\":\"https:\/\/noticiasemdestaque.com\/cd\/?p=5489\"},\"wordCount\":522,\"publisher\":{\"@id\":\"https:\/\/noticiasemdestaque.com\/cd\/#organization\"},\"image\":{\"@id\":\"https:\/\/noticiasemdestaque.com\/cd\/?p=5489#primaryimage\"},\"thumbnailUrl\":\"https:\/\/noticiasemdestaque.com\/cd\/wp-content\/uploads\/2017\/10\/25102017204950.jpg\",\"articleSection\":[\"Cidades\"],\"inLanguage\":\"pt-BR\"},{\"@type\":\"WebPage\",\"@id\":\"https:\/\/noticiasemdestaque.com\/cd\/?p=5489\",\"url\":\"https:\/\/noticiasemdestaque.com\/cd\/?p=5489\",\"name\":\"Inova Monteiro Trend apresenta tend\u00eancias na moda, beleza e bem-estar - Not&iacute;cias em Destaque\",\"isPartOf\":{\"@id\":\"https:\/\/noticiasemdestaque.com\/cd\/#website\"},\"primaryImageOfPage\":{\"@id\":\"https:\/\/noticiasemdestaque.com\/cd\/?p=5489#primaryimage\"},\"image\":{\"@id\":\"https:\/\/noticiasemdestaque.com\/cd\/?p=5489#primaryimage\"},\"thumbnailUrl\":\"https:\/\/noticiasemdestaque.com\/cd\/wp-content\/uploads\/2017\/10\/25102017204950.jpg\",\"datePublished\":\"2017-10-26T11:16:51+00:00\",\"breadcrumb\":{\"@id\":\"https:\/\/noticiasemdestaque.com\/cd\/?p=5489#breadcrumb\"},\"inLanguage\":\"pt-BR\",\"potentialAction\":[{\"@type\":\"ReadAction\",\"target\":[\"https:\/\/noticiasemdestaque.com\/cd\/?p=5489\"]}]},{\"@type\":\"ImageObject\",\"inLanguage\":\"pt-BR\",\"@id\":\"https:\/\/noticiasemdestaque.com\/cd\/?p=5489#primaryimage\",\"url\":\"https:\/\/noticiasemdestaque.com\/cd\/wp-content\/uploads\/2017\/10\/25102017204950.jpg\",\"contentUrl\":\"https:\/\/noticiasemdestaque.com\/cd\/wp-content\/uploads\/2017\/10\/25102017204950.jpg\",\"width\":580,\"height\":863},{\"@type\":\"BreadcrumbList\",\"@id\":\"https:\/\/noticiasemdestaque.com\/cd\/?p=5489#breadcrumb\",\"itemListElement\":[{\"@type\":\"ListItem\",\"position\":1,\"name\":\"In\u00edcio\",\"item\":\"https:\/\/noticiasemdestaque.com\/cd\/\"},{\"@type\":\"ListItem\",\"position\":2,\"name\":\"Inova Monteiro Trend apresenta tend\u00eancias na moda, beleza e bem-estar\"}]},{\"@type\":\"WebSite\",\"@id\":\"https:\/\/noticiasemdestaque.com\/cd\/#website\",\"url\":\"https:\/\/noticiasemdestaque.com\/cd\/\",\"name\":\"Not&iacute;cias em Destaque\",\"description\":\"\",\"publisher\":{\"@id\":\"https:\/\/noticiasemdestaque.com\/cd\/#organization\"},\"potentialAction\":[{\"@type\":\"SearchAction\",\"target\":{\"@type\":\"EntryPoint\",\"urlTemplate\":\"https:\/\/noticiasemdestaque.com\/cd\/?s={search_term_string}\"},\"query-input\":{\"@type\":\"PropertyValueSpecification\",\"valueRequired\":true,\"valueName\":\"search_term_string\"}}],\"inLanguage\":\"pt-BR\"},{\"@type\":\"Organization\",\"@id\":\"https:\/\/noticiasemdestaque.com\/cd\/#organization\",\"name\":\"Not\u00edcias em Destaque\",\"url\":\"https:\/\/noticiasemdestaque.com\/cd\/\",\"logo\":{\"@type\":\"ImageObject\",\"inLanguage\":\"pt-BR\",\"@id\":\"https:\/\/noticiasemdestaque.com\/cd\/#\/schema\/logo\/image\/\",\"url\":\"https:\/\/noticiasemdestaque.com\/cd\/wp-content\/uploads\/2022\/05\/imagem-base-noticiasemdestaque.png\",\"contentUrl\":\"https:\/\/noticiasemdestaque.com\/cd\/wp-content\/uploads\/2022\/05\/imagem-base-noticiasemdestaque.png\",\"width\":1200,\"height\":630,\"caption\":\"Not\u00edcias em Destaque\"},\"image\":{\"@id\":\"https:\/\/noticiasemdestaque.com\/cd\/#\/schema\/logo\/image\/\"}},{\"@type\":\"Person\",\"@id\":\"https:\/\/noticiasemdestaque.com\/cd\/#\/schema\/person\/21320b03a7e8bb90128938dafc9b908a\",\"name\":\"Not\u00edcias em Destaque\",\"url\":\"https:\/\/noticiasemdestaque.com\/cd\/?author=2\"}]}<\/script>\n<!-- \/ Yoast SEO plugin. -->","yoast_head_json":{"title":"Inova Monteiro Trend apresenta tend\u00eancias na moda, beleza e bem-estar - Not&iacute;cias em Destaque","robots":{"index":"index","follow":"follow","max-snippet":"max-snippet:-1","max-image-preview":"max-image-preview:large","max-video-preview":"max-video-preview:-1"},"canonical":"https:\/\/noticiasemdestaque.com\/cd\/?p=5489","og_locale":"pt_BR","og_type":"article","og_title":"Inova Monteiro Trend apresenta tend\u00eancias na moda, beleza e bem-estar - Not&iacute;cias em Destaque","og_description":"O Cariri paraibano sediar\u00e1 o 1\u00ba Inova Monteiro Trend, desta quinta-feira (26) ao s\u00e1bado (28). O evento ser\u00e1 uma feira de neg\u00f3cios que abordar\u00e1 as principais tend\u00eancias e inova\u00e7\u00f5es para os setores da moda, beleza, gastronomia e bem-estar. Durante tr\u00eas dias, a Pra\u00e7a Jo\u00e3o Pessoa abrigar\u00e1 30 estandes com exposi\u00e7\u00e3o de produtos e servi\u00e7os, al\u00e9m de se tornar palco para desfiles de moda e shows. &nbsp; De acordo com Madalena Arruda, gerente do Sebrae em Monteiro, o foco \u00e9 estimular a sustentabilidade dos micro e pequenos neg\u00f3cios locais na regi\u00e3o. O Cariri \u00e9 bastante promissor no segmento da moda e j\u00e1 se projeta nacionalmente com a renda Renascen\u00e7a. \u201cOs empres\u00e1rios locais j\u00e1 capacitados pelo Sebrae Para\u00edba ter\u00e3o, na feira, a oportunidade de ampliar suas carteiras de clientes e alcan\u00e7ar novos mercados\u201d, explicou. Na programa\u00e7\u00e3o, ela enfatiza a import\u00e2ncia da Sess\u00e3o de Neg\u00f3cios e indica as Rodadas, nas quais os micro e pequenos empres\u00e1rios ficar\u00e3o em contato direto com empresas de maior porte e compradoras. Uma arena gastron\u00f4mica com a participa\u00e7\u00e3o de um chef elaborando pratos da culin\u00e1ria local foi preparada para o IMT, \u00e9 o 1\u00ba Mu\u00eddo Gastron\u00f4mico do Cariri Paraibano. Durante os tr\u00eas dias do evento, comidas de todos os restaurantes de Monteiro estar\u00e3o \u00e0 venda para despertar ainda o interesse de quem quer investir nesta \u00e1rea. Para Madalena, o objetivo do evento \u00e9 criar uma melhor integra\u00e7\u00e3o entre diversos n\u00facleos criativos da regi\u00e3o do Cariri paraibano Ocidental. Na estrutura do evento, o empreendedor encontrar\u00e1 o Bazar com exposi\u00e7\u00e3o dos produtos desses tr\u00eas setores, para escoar a produ\u00e7\u00e3o de todos os envolvidos. Um painel visual e integrado \u00e0s m\u00eddias digitais estar\u00e1 funcionando com as principais oportunidades de neg\u00f3cios na regi\u00e3o. \u201cEste projeto proporciona maior envolvimento do empreendedor com a inova\u00e7\u00e3o. Trabalhamos este conceito como um canalizador que ajuda a aumentar seus lucros e gerar mais satisfa\u00e7\u00e3o para os clientes\u201d, contou Madalena. Sempre atento aos movimentos do mercado e da economia, o Sebrae em Monteiro atende todo tipo de demanda, desde empres\u00e1rios com experi\u00eancia no segmento que atua, at\u00e9 os potenciais empreendedores, que n\u00e3o sabem por onde come\u00e7ar. Com orienta\u00e7\u00f5es sobre posicionamento no mercado, inova\u00e7\u00e3o, e est\u00edmulo a competitividade com sustentabilidade. Para saber das oportunidades, entrar em contato pelo telefone (83) 3351-2947 ou e-mail madalena@sebraepb.com.br. Programa\u00e7\u00e3o Quinta-feira (26) Das 16h \u00e0s 22h &#8211; Expo de produtos e servi\u00e7os dos segmentos da Moda, Beleza e Sa\u00fade; 18h30 &#8211; Abertura oficial; 19h \u2013 shows com Vanessa Roger e Vav\u00e1 Dias; Sexta-feira (27) Das 16 \u00e0s 22h &#8211; Expo de produtos e servi\u00e7os dos segmentos da Moda, Beleza e Sa\u00fade; 18h \u2013 Desfiles de moda; 19h \u2013 shows com Xote Universit\u00e1rio e Victor Hugo; S\u00e1bado (28) Das 16h \u00e0s 22h &#8211; Expo de produtos e servi\u00e7os dos segmentos da Moda, Beleza e Sa\u00fade; 18h30 &#8211; Abertura oficial; 19h \u2013 show com Luan Santos.","og_url":"https:\/\/noticiasemdestaque.com\/cd\/?p=5489","og_site_name":"Not&iacute;cias em Destaque","article_published_time":"2017-10-26T11:16:51+00:00","og_image":[{"width":580,"height":863,"url":"https:\/\/noticiasemdestaque.com\/cd\/wp-content\/uploads\/2017\/10\/25102017204950.jpg","type":"image\/jpeg"}],"author":"Not\u00edcias em Destaque","twitter_card":"summary_large_image","twitter_misc":{"Escrito por":"Not\u00edcias em Destaque","Est. tempo de leitura":"3 minutos"},"schema":{"@context":"https:\/\/schema.org","@graph":[{"@type":"Article","@id":"https:\/\/noticiasemdestaque.com\/cd\/?p=5489#article","isPartOf":{"@id":"https:\/\/noticiasemdestaque.com\/cd\/?p=5489"},"author":{"name":"Not\u00edcias em Destaque","@id":"https:\/\/noticiasemdestaque.com\/cd\/#\/schema\/person\/21320b03a7e8bb90128938dafc9b908a"},"headline":"Inova Monteiro Trend apresenta tend\u00eancias na moda, beleza e bem-estar","datePublished":"2017-10-26T11:16:51+00:00","mainEntityOfPage":{"@id":"https:\/\/noticiasemdestaque.com\/cd\/?p=5489"},"wordCount":522,"publisher":{"@id":"https:\/\/noticiasemdestaque.com\/cd\/#organization"},"image":{"@id":"https:\/\/noticiasemdestaque.com\/cd\/?p=5489#primaryimage"},"thumbnailUrl":"https:\/\/noticiasemdestaque.com\/cd\/wp-content\/uploads\/2017\/10\/25102017204950.jpg","articleSection":["Cidades"],"inLanguage":"pt-BR"},{"@type":"WebPage","@id":"https:\/\/noticiasemdestaque.com\/cd\/?p=5489","url":"https:\/\/noticiasemdestaque.com\/cd\/?p=5489","name":"Inova Monteiro Trend apresenta tend\u00eancias na moda, beleza e bem-estar - Not&iacute;cias em Destaque","isPartOf":{"@id":"https:\/\/noticiasemdestaque.com\/cd\/#website"},"primaryImageOfPage":{"@id":"https:\/\/noticiasemdestaque.com\/cd\/?p=5489#primaryimage"},"image":{"@id":"https:\/\/noticiasemdestaque.com\/cd\/?p=5489#primaryimage"},"thumbnailUrl":"https:\/\/noticiasemdestaque.com\/cd\/wp-content\/uploads\/2017\/10\/25102017204950.jpg","datePublished":"2017-10-26T11:16:51+00:00","breadcrumb":{"@id":"https:\/\/noticiasemdestaque.com\/cd\/?p=5489#breadcrumb"},"inLanguage":"pt-BR","potentialAction":[{"@type":"ReadAction","target":["https:\/\/noticiasemdestaque.com\/cd\/?p=5489"]}]},{"@type":"ImageObject","inLanguage":"pt-BR","@id":"https:\/\/noticiasemdestaque.com\/cd\/?p=5489#primaryimage","url":"https:\/\/noticiasemdestaque.com\/cd\/wp-content\/uploads\/2017\/10\/25102017204950.jpg","contentUrl":"https:\/\/noticiasemdestaque.com\/cd\/wp-content\/uploads\/2017\/10\/25102017204950.jpg","width":580,"height":863},{"@type":"BreadcrumbList","@id":"https:\/\/noticiasemdestaque.com\/cd\/?p=5489#breadcrumb","itemListElement":[{"@type":"ListItem","position":1,"name":"In\u00edcio","item":"https:\/\/noticiasemdestaque.com\/cd\/"},{"@type":"ListItem","position":2,"name":"Inova Monteiro Trend apresenta tend\u00eancias na moda, beleza e bem-estar"}]},{"@type":"WebSite","@id":"https:\/\/noticiasemdestaque.com\/cd\/#website","url":"https:\/\/noticiasemdestaque.com\/cd\/","name":"Not&iacute;cias em Destaque","description":"","publisher":{"@id":"https:\/\/noticiasemdestaque.com\/cd\/#organization"},"potentialAction":[{"@type":"SearchAction","target":{"@type":"EntryPoint","urlTemplate":"https:\/\/noticiasemdestaque.com\/cd\/?s={search_term_string}"},"query-input":{"@type":"PropertyValueSpecification","valueRequired":true,"valueName":"search_term_string"}}],"inLanguage":"pt-BR"},{"@type":"Organization","@id":"https:\/\/noticiasemdestaque.com\/cd\/#organization","name":"Not\u00edcias em Destaque","url":"https:\/\/noticiasemdestaque.com\/cd\/","logo":{"@type":"ImageObject","inLanguage":"pt-BR","@id":"https:\/\/noticiasemdestaque.com\/cd\/#\/schema\/logo\/image\/","url":"https:\/\/noticiasemdestaque.com\/cd\/wp-content\/uploads\/2022\/05\/imagem-base-noticiasemdestaque.png","contentUrl":"https:\/\/noticiasemdestaque.com\/cd\/wp-content\/uploads\/2022\/05\/imagem-base-noticiasemdestaque.png","width":1200,"height":630,"caption":"Not\u00edcias em Destaque"},"image":{"@id":"https:\/\/noticiasemdestaque.com\/cd\/#\/schema\/logo\/image\/"}},{"@type":"Person","@id":"https:\/\/noticiasemdestaque.com\/cd\/#\/schema\/person\/21320b03a7e8bb90128938dafc9b908a","name":"Not\u00edcias em Destaque","url":"https:\/\/noticiasemdestaque.com\/cd\/?author=2"}]}},"jetpack_featured_media_url":"https:\/\/noticiasemdestaque.com\/cd\/wp-content\/uploads\/2017\/10\/25102017204950.jpg","jetpack_sharing_enabled":true,"_links":{"self":[{"href":"https:\/\/noticiasemdestaque.com\/cd\/index.php?rest_route=\/wp\/v2\/posts\/5489","targetHints":{"allow":["GET"]}}],"collection":[{"href":"https:\/\/noticiasemdestaque.com\/cd\/index.php?rest_route=\/wp\/v2\/posts"}],"about":[{"href":"https:\/\/noticiasemdestaque.com\/cd\/index.php?rest_route=\/wp\/v2\/types\/post"}],"author":[{"embeddable":true,"href":"https:\/\/noticiasemdestaque.com\/cd\/index.php?rest_route=\/wp\/v2\/users\/2"}],"replies":[{"embeddable":true,"href":"https:\/\/noticiasemdestaque.com\/cd\/index.php?rest_route=%2Fwp%2Fv2%2Fcomments&post=5489"}],"version-history":[{"count":1,"href":"https:\/\/noticiasemdestaque.com\/cd\/index.php?rest_route=\/wp\/v2\/posts\/5489\/revisions"}],"predecessor-version":[{"id":5491,"href":"https:\/\/noticiasemdestaque.com\/cd\/index.php?rest_route=\/wp\/v2\/posts\/5489\/revisions\/5491"}],"wp:featuredmedia":[{"embeddable":true,"href":"https:\/\/noticiasemdestaque.com\/cd\/index.php?rest_route=\/wp\/v2\/media\/5490"}],"wp:attachment":[{"href":"https:\/\/noticiasemdestaque.com\/cd\/index.php?rest_route=%2Fwp%2Fv2%2Fmedia&parent=5489"}],"wp:term":[{"taxonomy":"category","embeddable":true,"href":"https:\/\/noticiasemdestaque.com\/cd\/index.php?rest_route=%2Fwp%2Fv2%2Fcategories&post=5489"},{"taxonomy":"post_tag","embeddable":true,"href":"https:\/\/noticiasemdestaque.com\/cd\/index.php?rest_route=%2Fwp%2Fv2%2Ftags&post=5489"}],"curies":[{"name":"wp","href":"https:\/\/api.w.org\/{rel}","templated":true}]}}