{"id":5482,"date":"2017-10-25T20:24:49","date_gmt":"2017-10-25T23:24:49","guid":{"rendered":"http:\/\/caririemdestaque.com\/cd\/?p=5482"},"modified":"2017-10-25T20:24:49","modified_gmt":"2017-10-25T23:24:49","slug":"com-172-votos-a-favor-de-parecer-camara-rejeita-denuncia-contra-temer","status":"publish","type":"post","link":"https:\/\/noticiasemdestaque.com\/cd\/?p=5482","title":{"rendered":"Com 172 votos a favor de parecer, C\u00e2mara rejeita den\u00fancia contra Temer"},"content":{"rendered":"<p><a href=\"http:\/\/caririemdestaque.com\/cd\/wp-content\/uploads\/2017\/10\/1095516-fpzzb_abr_2510174438.jpg\"><img fetchpriority=\"high\" decoding=\"async\" class=\"alignleft wp-image-5484 size-medium\" src=\"http:\/\/caririemdestaque.com\/cd\/wp-content\/uploads\/2017\/10\/1095516-fpzzb_abr_2510174438-300x201.jpg\" alt=\"\" width=\"300\" height=\"201\" srcset=\"https:\/\/noticiasemdestaque.com\/cd\/wp-content\/uploads\/2017\/10\/1095516-fpzzb_abr_2510174438-300x201.jpg 300w, https:\/\/noticiasemdestaque.com\/cd\/wp-content\/uploads\/2017\/10\/1095516-fpzzb_abr_2510174438-480x320.jpg 480w, https:\/\/noticiasemdestaque.com\/cd\/wp-content\/uploads\/2017\/10\/1095516-fpzzb_abr_2510174438.jpg 580w\" sizes=\"(max-width: 300px) 100vw, 300px\" \/><\/a>Com o voto do deputado Lelo Coimbra (PMDB-ES), l\u00edder da da maioria, o plen\u00e1rio da C\u00e2mara rejeitou h\u00e1 pouco o pedido da Procuradoria-Geral da Rep\u00fablica (PGR) para que o Supremo Tribunal Federal (STF) investigue o presidente Michel Temer e os ministros Eliseu Padilha (Casa Civil) e Moreira Franco (Secretaria Geral). Isso porque, de acordo com a Constitui\u00e7\u00e3o, era necess\u00e1rio que ao menos dois ter\u00e7os dos deputados votassem a favor da continuidade da investiga\u00e7\u00e3o. Com o voto n\u00famero 172 atinge-se um ter\u00e7o da Casa e fica impedido o prosseguimento da den\u00fancia.<\/p>\n<p>No momento em que foi dado o voto decisivo favor\u00e1vel ao parecer do relator, deputado Bonif\u00e1cio de Andrada (PSDB-MG), que recomendava a inadmissibilidade da autoriza\u00e7\u00e3o para investigar a den\u00fancia, j\u00e1 tinhamvotado pelo prosseguimento da den\u00fancia 156 deputados e por absten\u00e7\u00e3o 15.<\/p>\n<p>No dia 14 de setembro, o ex-procurador-geral da Rep\u00fablica Rodrigo Janot apresentou ao STF a segunda den\u00fancia contra o presidente Michel Temer. Em junho, Janot havia denunciado o presidente pelo crime de corrup\u00e7\u00e3o passiva. Desta vez, Temer \u00e9 acusado de liderar uma organiza\u00e7\u00e3o criminosa desde maio de 2016 at\u00e9 2017. De acordo com a den\u00fancia, o presidente e outros membros do PMDB teriam praticado a\u00e7\u00f5es il\u00edcitas em troca de propina, por meio da utiliza\u00e7\u00e3o de diversos \u00f3rg\u00e3os p\u00fablicos.<\/p>\n<p>Al\u00e9m de Temer, s\u00e3o acusados de participar da organiza\u00e7\u00e3o criminosa os integrantes do chamado &#8220;PMDB da C\u00e2mara&#8221;: Eduardo Cunha, Henrique Alves, Geddel Vieira Lima, Rodrigo Rocha Loures, Eliseu Padilha e Moreira Franco. Todos os denunciados negam as acusa\u00e7\u00f5es.<\/p>\n<p>A sess\u00e3o teve destinada \u00e0 aprecia\u00e7\u00e3o da den\u00fancia teve in\u00edcio \u00e0s 9h desta quarta-feira e dever\u00e1 terminar por volta das 22h.<\/p>\n<p><em><strong>Cariri em Destaque<\/strong><\/em><\/p>\n<p>Com EBC<\/p>\n","protected":false},"excerpt":{"rendered":"<p>Com o voto do deputado Lelo Coimbra (PMDB-ES), l\u00edder da da maioria, o plen\u00e1rio da C\u00e2mara rejeitou h\u00e1 pouco o pedido da Procuradoria-Geral da Rep\u00fablica (PGR) para que o Supremo Tribunal Federal (STF) investigue o presidente Michel Temer e os ministros Eliseu Padilha (Casa Civil) e Moreira Franco (Secretaria Geral). Isso porque, de acordo com a Constitui\u00e7\u00e3o, era necess\u00e1rio que ao menos dois ter\u00e7os dos deputados votassem a favor da continuidade da investiga\u00e7\u00e3o. Com o voto n\u00famero 172 atinge-se um ter\u00e7o da Casa e fica impedido o prosseguimento da den\u00fancia. No momento em que foi dado o voto decisivo favor\u00e1vel ao parecer do relator, deputado Bonif\u00e1cio de Andrada (PSDB-MG), que recomendava a inadmissibilidade da autoriza\u00e7\u00e3o para investigar a den\u00fancia, j\u00e1 tinhamvotado pelo prosseguimento da den\u00fancia 156 deputados e por absten\u00e7\u00e3o 15. No dia 14 de setembro, o ex-procurador-geral da Rep\u00fablica Rodrigo Janot apresentou ao STF a segunda den\u00fancia contra o presidente Michel Temer. Em junho, Janot havia denunciado o presidente pelo crime de corrup\u00e7\u00e3o passiva. Desta vez, Temer \u00e9 acusado de liderar uma organiza\u00e7\u00e3o criminosa desde maio de 2016 at\u00e9 2017. De acordo com a den\u00fancia, o presidente e outros membros do PMDB teriam praticado a\u00e7\u00f5es il\u00edcitas em troca de propina, por meio da utiliza\u00e7\u00e3o de diversos \u00f3rg\u00e3os p\u00fablicos. Al\u00e9m de Temer, s\u00e3o acusados de participar da organiza\u00e7\u00e3o criminosa os integrantes do chamado &#8220;PMDB da C\u00e2mara&#8221;: Eduardo Cunha, Henrique Alves, Geddel Vieira Lima, Rodrigo Rocha Loures, Eliseu Padilha e Moreira Franco. Todos os denunciados negam as acusa\u00e7\u00f5es. A sess\u00e3o teve destinada \u00e0 aprecia\u00e7\u00e3o da den\u00fancia teve in\u00edcio \u00e0s 9h desta quarta-feira e dever\u00e1 terminar por volta das 22h. Cariri em Destaque Com EBC<\/p>\n","protected":false},"author":2,"featured_media":5483,"comment_status":"closed","ping_status":"open","sticky":false,"template":"","format":"standard","meta":{"_eb_attr":"","_jetpack_memberships_contains_paid_content":false,"footnotes":""},"categories":[4],"tags":[],"class_list":["post-5482","post","type-post","status-publish","format-standard","has-post-thumbnail","hentry","category-politica"],"yoast_head":"<!-- This site is optimized with the Yoast SEO plugin v26.5 - https:\/\/yoast.com\/wordpress\/plugins\/seo\/ -->\n<title>Com 172 votos a favor de parecer, C\u00e2mara rejeita den\u00fancia contra Temer - Not&iacute;cias em Destaque<\/title>\n<meta name=\"robots\" content=\"index, follow, max-snippet:-1, max-image-preview:large, max-video-preview:-1\" \/>\n<link rel=\"canonical\" href=\"https:\/\/noticiasemdestaque.com\/cd\/?p=5482\" \/>\n<meta property=\"og:locale\" content=\"pt_BR\" \/>\n<meta property=\"og:type\" content=\"article\" \/>\n<meta property=\"og:title\" content=\"Com 172 votos a favor de parecer, C\u00e2mara rejeita den\u00fancia contra Temer - Not&iacute;cias em Destaque\" \/>\n<meta property=\"og:description\" content=\"Com o voto do deputado Lelo Coimbra (PMDB-ES), l\u00edder da da maioria, o plen\u00e1rio da C\u00e2mara rejeitou h\u00e1 pouco o pedido da Procuradoria-Geral da Rep\u00fablica (PGR) para que o Supremo Tribunal Federal (STF) investigue o presidente Michel Temer e os ministros Eliseu Padilha (Casa Civil) e Moreira Franco (Secretaria Geral). Isso porque, de acordo com a Constitui\u00e7\u00e3o, era necess\u00e1rio que ao menos dois ter\u00e7os dos deputados votassem a favor da continuidade da investiga\u00e7\u00e3o. Com o voto n\u00famero 172 atinge-se um ter\u00e7o da Casa e fica impedido o prosseguimento da den\u00fancia. No momento em que foi dado o voto decisivo favor\u00e1vel ao parecer do relator, deputado Bonif\u00e1cio de Andrada (PSDB-MG), que recomendava a inadmissibilidade da autoriza\u00e7\u00e3o para investigar a den\u00fancia, j\u00e1 tinhamvotado pelo prosseguimento da den\u00fancia 156 deputados e por absten\u00e7\u00e3o 15. No dia 14 de setembro, o ex-procurador-geral da Rep\u00fablica Rodrigo Janot apresentou ao STF a segunda den\u00fancia contra o presidente Michel Temer. Em junho, Janot havia denunciado o presidente pelo crime de corrup\u00e7\u00e3o passiva. Desta vez, Temer \u00e9 acusado de liderar uma organiza\u00e7\u00e3o criminosa desde maio de 2016 at\u00e9 2017. De acordo com a den\u00fancia, o presidente e outros membros do PMDB teriam praticado a\u00e7\u00f5es il\u00edcitas em troca de propina, por meio da utiliza\u00e7\u00e3o de diversos \u00f3rg\u00e3os p\u00fablicos. Al\u00e9m de Temer, s\u00e3o acusados de participar da organiza\u00e7\u00e3o criminosa os integrantes do chamado &#8220;PMDB da C\u00e2mara&#8221;: Eduardo Cunha, Henrique Alves, Geddel Vieira Lima, Rodrigo Rocha Loures, Eliseu Padilha e Moreira Franco. Todos os denunciados negam as acusa\u00e7\u00f5es. A sess\u00e3o teve destinada \u00e0 aprecia\u00e7\u00e3o da den\u00fancia teve in\u00edcio \u00e0s 9h desta quarta-feira e dever\u00e1 terminar por volta das 22h. Cariri em Destaque Com EBC\" \/>\n<meta property=\"og:url\" content=\"https:\/\/noticiasemdestaque.com\/cd\/?p=5482\" \/>\n<meta property=\"og:site_name\" content=\"Not&iacute;cias em Destaque\" \/>\n<meta property=\"article:published_time\" content=\"2017-10-25T23:24:49+00:00\" \/>\n<meta property=\"og:image\" content=\"https:\/\/noticiasemdestaque.com\/cd\/wp-content\/uploads\/2017\/10\/23308091.jpg\" \/>\n\t<meta property=\"og:image:width\" content=\"700\" \/>\n\t<meta property=\"og:image:height\" content=\"466\" \/>\n\t<meta property=\"og:image:type\" content=\"image\/jpeg\" \/>\n<meta name=\"author\" content=\"Not\u00edcias em Destaque\" \/>\n<meta name=\"twitter:card\" content=\"summary_large_image\" \/>\n<meta name=\"twitter:label1\" content=\"Escrito por\" \/>\n\t<meta name=\"twitter:data1\" content=\"Not\u00edcias em Destaque\" \/>\n\t<meta name=\"twitter:label2\" content=\"Est. tempo de leitura\" \/>\n\t<meta name=\"twitter:data2\" content=\"2 minutos\" \/>\n<script type=\"application\/ld+json\" class=\"yoast-schema-graph\">{\"@context\":\"https:\/\/schema.org\",\"@graph\":[{\"@type\":\"Article\",\"@id\":\"https:\/\/noticiasemdestaque.com\/cd\/?p=5482#article\",\"isPartOf\":{\"@id\":\"https:\/\/noticiasemdestaque.com\/cd\/?p=5482\"},\"author\":{\"name\":\"Not\u00edcias em Destaque\",\"@id\":\"https:\/\/noticiasemdestaque.com\/cd\/#\/schema\/person\/21320b03a7e8bb90128938dafc9b908a\"},\"headline\":\"Com 172 votos a favor de parecer, C\u00e2mara rejeita den\u00fancia contra Temer\",\"datePublished\":\"2017-10-25T23:24:49+00:00\",\"mainEntityOfPage\":{\"@id\":\"https:\/\/noticiasemdestaque.com\/cd\/?p=5482\"},\"wordCount\":314,\"publisher\":{\"@id\":\"https:\/\/noticiasemdestaque.com\/cd\/#organization\"},\"image\":{\"@id\":\"https:\/\/noticiasemdestaque.com\/cd\/?p=5482#primaryimage\"},\"thumbnailUrl\":\"https:\/\/noticiasemdestaque.com\/cd\/wp-content\/uploads\/2017\/10\/23308091.jpg\",\"articleSection\":[\"Pol\u00edtica\"],\"inLanguage\":\"pt-BR\"},{\"@type\":\"WebPage\",\"@id\":\"https:\/\/noticiasemdestaque.com\/cd\/?p=5482\",\"url\":\"https:\/\/noticiasemdestaque.com\/cd\/?p=5482\",\"name\":\"Com 172 votos a favor de parecer, C\u00e2mara rejeita den\u00fancia contra Temer - Not&iacute;cias em Destaque\",\"isPartOf\":{\"@id\":\"https:\/\/noticiasemdestaque.com\/cd\/#website\"},\"primaryImageOfPage\":{\"@id\":\"https:\/\/noticiasemdestaque.com\/cd\/?p=5482#primaryimage\"},\"image\":{\"@id\":\"https:\/\/noticiasemdestaque.com\/cd\/?p=5482#primaryimage\"},\"thumbnailUrl\":\"https:\/\/noticiasemdestaque.com\/cd\/wp-content\/uploads\/2017\/10\/23308091.jpg\",\"datePublished\":\"2017-10-25T23:24:49+00:00\",\"breadcrumb\":{\"@id\":\"https:\/\/noticiasemdestaque.com\/cd\/?p=5482#breadcrumb\"},\"inLanguage\":\"pt-BR\",\"potentialAction\":[{\"@type\":\"ReadAction\",\"target\":[\"https:\/\/noticiasemdestaque.com\/cd\/?p=5482\"]}]},{\"@type\":\"ImageObject\",\"inLanguage\":\"pt-BR\",\"@id\":\"https:\/\/noticiasemdestaque.com\/cd\/?p=5482#primaryimage\",\"url\":\"https:\/\/noticiasemdestaque.com\/cd\/wp-content\/uploads\/2017\/10\/23308091.jpg\",\"contentUrl\":\"https:\/\/noticiasemdestaque.com\/cd\/wp-content\/uploads\/2017\/10\/23308091.jpg\",\"width\":700,\"height\":466},{\"@type\":\"BreadcrumbList\",\"@id\":\"https:\/\/noticiasemdestaque.com\/cd\/?p=5482#breadcrumb\",\"itemListElement\":[{\"@type\":\"ListItem\",\"position\":1,\"name\":\"In\u00edcio\",\"item\":\"https:\/\/noticiasemdestaque.com\/cd\/\"},{\"@type\":\"ListItem\",\"position\":2,\"name\":\"Com 172 votos a favor de parecer, C\u00e2mara rejeita den\u00fancia contra Temer\"}]},{\"@type\":\"WebSite\",\"@id\":\"https:\/\/noticiasemdestaque.com\/cd\/#website\",\"url\":\"https:\/\/noticiasemdestaque.com\/cd\/\",\"name\":\"Not&iacute;cias em Destaque\",\"description\":\"\",\"publisher\":{\"@id\":\"https:\/\/noticiasemdestaque.com\/cd\/#organization\"},\"potentialAction\":[{\"@type\":\"SearchAction\",\"target\":{\"@type\":\"EntryPoint\",\"urlTemplate\":\"https:\/\/noticiasemdestaque.com\/cd\/?s={search_term_string}\"},\"query-input\":{\"@type\":\"PropertyValueSpecification\",\"valueRequired\":true,\"valueName\":\"search_term_string\"}}],\"inLanguage\":\"pt-BR\"},{\"@type\":\"Organization\",\"@id\":\"https:\/\/noticiasemdestaque.com\/cd\/#organization\",\"name\":\"Not\u00edcias em Destaque\",\"url\":\"https:\/\/noticiasemdestaque.com\/cd\/\",\"logo\":{\"@type\":\"ImageObject\",\"inLanguage\":\"pt-BR\",\"@id\":\"https:\/\/noticiasemdestaque.com\/cd\/#\/schema\/logo\/image\/\",\"url\":\"https:\/\/noticiasemdestaque.com\/cd\/wp-content\/uploads\/2022\/05\/imagem-base-noticiasemdestaque.png\",\"contentUrl\":\"https:\/\/noticiasemdestaque.com\/cd\/wp-content\/uploads\/2022\/05\/imagem-base-noticiasemdestaque.png\",\"width\":1200,\"height\":630,\"caption\":\"Not\u00edcias em Destaque\"},\"image\":{\"@id\":\"https:\/\/noticiasemdestaque.com\/cd\/#\/schema\/logo\/image\/\"}},{\"@type\":\"Person\",\"@id\":\"https:\/\/noticiasemdestaque.com\/cd\/#\/schema\/person\/21320b03a7e8bb90128938dafc9b908a\",\"name\":\"Not\u00edcias em Destaque\",\"url\":\"https:\/\/noticiasemdestaque.com\/cd\/?author=2\"}]}<\/script>\n<!-- \/ Yoast SEO plugin. -->","yoast_head_json":{"title":"Com 172 votos a favor de parecer, C\u00e2mara rejeita den\u00fancia contra Temer - Not&iacute;cias em Destaque","robots":{"index":"index","follow":"follow","max-snippet":"max-snippet:-1","max-image-preview":"max-image-preview:large","max-video-preview":"max-video-preview:-1"},"canonical":"https:\/\/noticiasemdestaque.com\/cd\/?p=5482","og_locale":"pt_BR","og_type":"article","og_title":"Com 172 votos a favor de parecer, C\u00e2mara rejeita den\u00fancia contra Temer - Not&iacute;cias em Destaque","og_description":"Com o voto do deputado Lelo Coimbra (PMDB-ES), l\u00edder da da maioria, o plen\u00e1rio da C\u00e2mara rejeitou h\u00e1 pouco o pedido da Procuradoria-Geral da Rep\u00fablica (PGR) para que o Supremo Tribunal Federal (STF) investigue o presidente Michel Temer e os ministros Eliseu Padilha (Casa Civil) e Moreira Franco (Secretaria Geral). Isso porque, de acordo com a Constitui\u00e7\u00e3o, era necess\u00e1rio que ao menos dois ter\u00e7os dos deputados votassem a favor da continuidade da investiga\u00e7\u00e3o. Com o voto n\u00famero 172 atinge-se um ter\u00e7o da Casa e fica impedido o prosseguimento da den\u00fancia. No momento em que foi dado o voto decisivo favor\u00e1vel ao parecer do relator, deputado Bonif\u00e1cio de Andrada (PSDB-MG), que recomendava a inadmissibilidade da autoriza\u00e7\u00e3o para investigar a den\u00fancia, j\u00e1 tinhamvotado pelo prosseguimento da den\u00fancia 156 deputados e por absten\u00e7\u00e3o 15. No dia 14 de setembro, o ex-procurador-geral da Rep\u00fablica Rodrigo Janot apresentou ao STF a segunda den\u00fancia contra o presidente Michel Temer. Em junho, Janot havia denunciado o presidente pelo crime de corrup\u00e7\u00e3o passiva. Desta vez, Temer \u00e9 acusado de liderar uma organiza\u00e7\u00e3o criminosa desde maio de 2016 at\u00e9 2017. De acordo com a den\u00fancia, o presidente e outros membros do PMDB teriam praticado a\u00e7\u00f5es il\u00edcitas em troca de propina, por meio da utiliza\u00e7\u00e3o de diversos \u00f3rg\u00e3os p\u00fablicos. Al\u00e9m de Temer, s\u00e3o acusados de participar da organiza\u00e7\u00e3o criminosa os integrantes do chamado &#8220;PMDB da C\u00e2mara&#8221;: Eduardo Cunha, Henrique Alves, Geddel Vieira Lima, Rodrigo Rocha Loures, Eliseu Padilha e Moreira Franco. Todos os denunciados negam as acusa\u00e7\u00f5es. A sess\u00e3o teve destinada \u00e0 aprecia\u00e7\u00e3o da den\u00fancia teve in\u00edcio \u00e0s 9h desta quarta-feira e dever\u00e1 terminar por volta das 22h. Cariri em Destaque Com EBC","og_url":"https:\/\/noticiasemdestaque.com\/cd\/?p=5482","og_site_name":"Not&iacute;cias em Destaque","article_published_time":"2017-10-25T23:24:49+00:00","og_image":[{"width":700,"height":466,"url":"https:\/\/noticiasemdestaque.com\/cd\/wp-content\/uploads\/2017\/10\/23308091.jpg","type":"image\/jpeg"}],"author":"Not\u00edcias em Destaque","twitter_card":"summary_large_image","twitter_misc":{"Escrito por":"Not\u00edcias em Destaque","Est. tempo de leitura":"2 minutos"},"schema":{"@context":"https:\/\/schema.org","@graph":[{"@type":"Article","@id":"https:\/\/noticiasemdestaque.com\/cd\/?p=5482#article","isPartOf":{"@id":"https:\/\/noticiasemdestaque.com\/cd\/?p=5482"},"author":{"name":"Not\u00edcias em Destaque","@id":"https:\/\/noticiasemdestaque.com\/cd\/#\/schema\/person\/21320b03a7e8bb90128938dafc9b908a"},"headline":"Com 172 votos a favor de parecer, C\u00e2mara rejeita den\u00fancia contra Temer","datePublished":"2017-10-25T23:24:49+00:00","mainEntityOfPage":{"@id":"https:\/\/noticiasemdestaque.com\/cd\/?p=5482"},"wordCount":314,"publisher":{"@id":"https:\/\/noticiasemdestaque.com\/cd\/#organization"},"image":{"@id":"https:\/\/noticiasemdestaque.com\/cd\/?p=5482#primaryimage"},"thumbnailUrl":"https:\/\/noticiasemdestaque.com\/cd\/wp-content\/uploads\/2017\/10\/23308091.jpg","articleSection":["Pol\u00edtica"],"inLanguage":"pt-BR"},{"@type":"WebPage","@id":"https:\/\/noticiasemdestaque.com\/cd\/?p=5482","url":"https:\/\/noticiasemdestaque.com\/cd\/?p=5482","name":"Com 172 votos a favor de parecer, C\u00e2mara rejeita den\u00fancia contra Temer - Not&iacute;cias em Destaque","isPartOf":{"@id":"https:\/\/noticiasemdestaque.com\/cd\/#website"},"primaryImageOfPage":{"@id":"https:\/\/noticiasemdestaque.com\/cd\/?p=5482#primaryimage"},"image":{"@id":"https:\/\/noticiasemdestaque.com\/cd\/?p=5482#primaryimage"},"thumbnailUrl":"https:\/\/noticiasemdestaque.com\/cd\/wp-content\/uploads\/2017\/10\/23308091.jpg","datePublished":"2017-10-25T23:24:49+00:00","breadcrumb":{"@id":"https:\/\/noticiasemdestaque.com\/cd\/?p=5482#breadcrumb"},"inLanguage":"pt-BR","potentialAction":[{"@type":"ReadAction","target":["https:\/\/noticiasemdestaque.com\/cd\/?p=5482"]}]},{"@type":"ImageObject","inLanguage":"pt-BR","@id":"https:\/\/noticiasemdestaque.com\/cd\/?p=5482#primaryimage","url":"https:\/\/noticiasemdestaque.com\/cd\/wp-content\/uploads\/2017\/10\/23308091.jpg","contentUrl":"https:\/\/noticiasemdestaque.com\/cd\/wp-content\/uploads\/2017\/10\/23308091.jpg","width":700,"height":466},{"@type":"BreadcrumbList","@id":"https:\/\/noticiasemdestaque.com\/cd\/?p=5482#breadcrumb","itemListElement":[{"@type":"ListItem","position":1,"name":"In\u00edcio","item":"https:\/\/noticiasemdestaque.com\/cd\/"},{"@type":"ListItem","position":2,"name":"Com 172 votos a favor de parecer, C\u00e2mara rejeita den\u00fancia contra Temer"}]},{"@type":"WebSite","@id":"https:\/\/noticiasemdestaque.com\/cd\/#website","url":"https:\/\/noticiasemdestaque.com\/cd\/","name":"Not&iacute;cias em Destaque","description":"","publisher":{"@id":"https:\/\/noticiasemdestaque.com\/cd\/#organization"},"potentialAction":[{"@type":"SearchAction","target":{"@type":"EntryPoint","urlTemplate":"https:\/\/noticiasemdestaque.com\/cd\/?s={search_term_string}"},"query-input":{"@type":"PropertyValueSpecification","valueRequired":true,"valueName":"search_term_string"}}],"inLanguage":"pt-BR"},{"@type":"Organization","@id":"https:\/\/noticiasemdestaque.com\/cd\/#organization","name":"Not\u00edcias em Destaque","url":"https:\/\/noticiasemdestaque.com\/cd\/","logo":{"@type":"ImageObject","inLanguage":"pt-BR","@id":"https:\/\/noticiasemdestaque.com\/cd\/#\/schema\/logo\/image\/","url":"https:\/\/noticiasemdestaque.com\/cd\/wp-content\/uploads\/2022\/05\/imagem-base-noticiasemdestaque.png","contentUrl":"https:\/\/noticiasemdestaque.com\/cd\/wp-content\/uploads\/2022\/05\/imagem-base-noticiasemdestaque.png","width":1200,"height":630,"caption":"Not\u00edcias em Destaque"},"image":{"@id":"https:\/\/noticiasemdestaque.com\/cd\/#\/schema\/logo\/image\/"}},{"@type":"Person","@id":"https:\/\/noticiasemdestaque.com\/cd\/#\/schema\/person\/21320b03a7e8bb90128938dafc9b908a","name":"Not\u00edcias em Destaque","url":"https:\/\/noticiasemdestaque.com\/cd\/?author=2"}]}},"jetpack_featured_media_url":"https:\/\/noticiasemdestaque.com\/cd\/wp-content\/uploads\/2017\/10\/23308091.jpg","jetpack_sharing_enabled":true,"_links":{"self":[{"href":"https:\/\/noticiasemdestaque.com\/cd\/index.php?rest_route=\/wp\/v2\/posts\/5482","targetHints":{"allow":["GET"]}}],"collection":[{"href":"https:\/\/noticiasemdestaque.com\/cd\/index.php?rest_route=\/wp\/v2\/posts"}],"about":[{"href":"https:\/\/noticiasemdestaque.com\/cd\/index.php?rest_route=\/wp\/v2\/types\/post"}],"author":[{"embeddable":true,"href":"https:\/\/noticiasemdestaque.com\/cd\/index.php?rest_route=\/wp\/v2\/users\/2"}],"replies":[{"embeddable":true,"href":"https:\/\/noticiasemdestaque.com\/cd\/index.php?rest_route=%2Fwp%2Fv2%2Fcomments&post=5482"}],"version-history":[{"count":1,"href":"https:\/\/noticiasemdestaque.com\/cd\/index.php?rest_route=\/wp\/v2\/posts\/5482\/revisions"}],"predecessor-version":[{"id":5485,"href":"https:\/\/noticiasemdestaque.com\/cd\/index.php?rest_route=\/wp\/v2\/posts\/5482\/revisions\/5485"}],"wp:featuredmedia":[{"embeddable":true,"href":"https:\/\/noticiasemdestaque.com\/cd\/index.php?rest_route=\/wp\/v2\/media\/5483"}],"wp:attachment":[{"href":"https:\/\/noticiasemdestaque.com\/cd\/index.php?rest_route=%2Fwp%2Fv2%2Fmedia&parent=5482"}],"wp:term":[{"taxonomy":"category","embeddable":true,"href":"https:\/\/noticiasemdestaque.com\/cd\/index.php?rest_route=%2Fwp%2Fv2%2Fcategories&post=5482"},{"taxonomy":"post_tag","embeddable":true,"href":"https:\/\/noticiasemdestaque.com\/cd\/index.php?rest_route=%2Fwp%2Fv2%2Ftags&post=5482"}],"curies":[{"name":"wp","href":"https:\/\/api.w.org\/{rel}","templated":true}]}}