{"id":548,"date":"2017-06-15T11:11:33","date_gmt":"2017-06-15T14:11:33","guid":{"rendered":"http:\/\/caririemdestaque.com\/cd\/?p=548"},"modified":"2017-06-15T11:11:33","modified_gmt":"2017-06-15T14:11:33","slug":"sao-jose-dos-cordeiros-promovera-tradicional-festa-de-sao-pedro-com-walkiria-santos","status":"publish","type":"post","link":"https:\/\/noticiasemdestaque.com\/cd\/?p=548","title":{"rendered":"S\u00e3o Jos\u00e9 dos Cordeiros promover\u00e1 tradicional Festa de S\u00e3o Pedro com Walkiria Santos"},"content":{"rendered":"<p><a href=\"http:\/\/caririemdestaque.com\/cd\/wp-content\/uploads\/2017\/06\/9a2b5099c4c49fc41cc8ac488a036888.jpg\"><img fetchpriority=\"high\" decoding=\"async\" class=\"size-medium wp-image-549 alignleft\" src=\"http:\/\/caririemdestaque.com\/cd\/wp-content\/uploads\/2017\/06\/9a2b5099c4c49fc41cc8ac488a036888-300x300.jpg\" alt=\"\" width=\"300\" height=\"300\" srcset=\"https:\/\/noticiasemdestaque.com\/cd\/wp-content\/uploads\/2017\/06\/9a2b5099c4c49fc41cc8ac488a036888-300x300.jpg 300w, https:\/\/noticiasemdestaque.com\/cd\/wp-content\/uploads\/2017\/06\/9a2b5099c4c49fc41cc8ac488a036888-150x150.jpg 150w, https:\/\/noticiasemdestaque.com\/cd\/wp-content\/uploads\/2017\/06\/9a2b5099c4c49fc41cc8ac488a036888-266x266.jpg 266w, https:\/\/noticiasemdestaque.com\/cd\/wp-content\/uploads\/2017\/06\/9a2b5099c4c49fc41cc8ac488a036888.jpg 620w\" sizes=\"(max-width: 300px) 100vw, 300px\" \/><\/a>A Prefeitura de S\u00e3o Jos\u00e9 dos Cordeiros j\u00e1 deixou a cidade no clima junino e anunciou nesta quarta-feira (14) as atra\u00e7\u00f5es que animar\u00e3o sua tradicional festa de S\u00e3o Pedro. O evento acontecer\u00e1 nos dias 28 e 29 de junho e a Prefeitura ainda apoiar\u00e1 mais uma edi\u00e7\u00e3o da quadrilha do Alto do Mi\u00ed Torrado.<\/p>\n<p>A Quadrilha do Alto do Mi\u00ed Torrado ser\u00e1 realizada no dia 24 de junho e contar\u00e1 com apresenta\u00e7\u00f5es culturais e da tradicional quadrilha do Mi Torrado. A anima\u00e7\u00e3o ficar\u00e1 por conta de Bedeu Quirino, Thiago dos Teclados e Forroz\u00e3o Cora\u00e7\u00e3o Turista.<\/p>\n<p>A noite do dia 28 de junho ser\u00e1 como tradicionalmente ocorre dedicada \u00e0 comunidade evang\u00e9lica. Mais uma Noite dos Evang\u00e9licos ser\u00e1 promovida por v\u00e1rias igrejas e conta com total apoio do munic\u00edpio. O evento ser\u00e1 animado por Mauriz\u00e9lia e banda, S\u00edlvio Rob\u00e9rio e pastor Francinaldo Sim\u00f5es.<\/p>\n<p>No dia 29, noite de S\u00e3o Pedro, a festa ser\u00e1 animada pela cantora Walkiria Santos, ex-Magn\u00edficos e Solteir\u00f5es do Forr\u00f3, e que est\u00e1 com novo show em carreira solo. A noite ainda contar\u00e1 com shows de Nascimento Filho e Forr\u00f3 Na Hora.<\/p>\n<p>O prefeito Jefferson Roberto disse que a gest\u00e3o j\u00e1 prepara mais uma edi\u00e7\u00e3o do Festival do Mel, que tradicionalmente ocorre no m\u00eas de setembro. Grandes atra\u00e7\u00f5es est\u00e3o sendo contactadas e uma vasta programa\u00e7\u00e3o t\u00e9cnica est\u00e1 sendo montada em parceria com os apicultores e as entidades do setor em todo o Pa\u00eds.<\/p>\n<p><strong><em>Cariri em Destaque<\/em><\/strong><\/p>\n<p>Com PB Mix<\/p>\n","protected":false},"excerpt":{"rendered":"<p>A Prefeitura de S\u00e3o Jos\u00e9 dos Cordeiros j\u00e1 deixou a cidade no clima junino e anunciou nesta quarta-feira (14) as atra\u00e7\u00f5es que animar\u00e3o sua tradicional festa de S\u00e3o Pedro. O evento acontecer\u00e1 nos dias 28 e 29 de junho e a Prefeitura ainda apoiar\u00e1 mais uma edi\u00e7\u00e3o da quadrilha do Alto do Mi\u00ed Torrado. A Quadrilha do Alto do Mi\u00ed Torrado ser\u00e1 realizada no dia 24 de junho e contar\u00e1 com apresenta\u00e7\u00f5es culturais e da tradicional quadrilha do Mi Torrado. A anima\u00e7\u00e3o ficar\u00e1 por conta de Bedeu Quirino, Thiago dos Teclados e Forroz\u00e3o Cora\u00e7\u00e3o Turista. A noite do dia 28 de junho ser\u00e1 como tradicionalmente ocorre dedicada \u00e0 comunidade evang\u00e9lica. Mais uma Noite dos Evang\u00e9licos ser\u00e1 promovida por v\u00e1rias igrejas e conta com total apoio do munic\u00edpio. O evento ser\u00e1 animado por Mauriz\u00e9lia e banda, S\u00edlvio Rob\u00e9rio e pastor Francinaldo Sim\u00f5es. No dia 29, noite de S\u00e3o Pedro, a festa ser\u00e1 animada pela cantora Walkiria Santos, ex-Magn\u00edficos e Solteir\u00f5es do Forr\u00f3, e que est\u00e1 com novo show em carreira solo. A noite ainda contar\u00e1 com shows de Nascimento Filho e Forr\u00f3 Na Hora. O prefeito Jefferson Roberto disse que a gest\u00e3o j\u00e1 prepara mais uma edi\u00e7\u00e3o do Festival do Mel, que tradicionalmente ocorre no m\u00eas de setembro. Grandes atra\u00e7\u00f5es est\u00e3o sendo contactadas e uma vasta programa\u00e7\u00e3o t\u00e9cnica est\u00e1 sendo montada em parceria com os apicultores e as entidades do setor em todo o Pa\u00eds. Cariri em Destaque Com PB Mix<\/p>\n","protected":false},"author":2,"featured_media":549,"comment_status":"closed","ping_status":"open","sticky":false,"template":"","format":"standard","meta":{"_eb_attr":"","_jetpack_memberships_contains_paid_content":false,"footnotes":""},"categories":[3],"tags":[],"class_list":["post-548","post","type-post","status-publish","format-standard","has-post-thumbnail","hentry","category-cidades"],"yoast_head":"<!-- This site is optimized with the Yoast SEO plugin v26.5 - https:\/\/yoast.com\/wordpress\/plugins\/seo\/ -->\n<title>S\u00e3o Jos\u00e9 dos Cordeiros promover\u00e1 tradicional Festa de S\u00e3o Pedro com Walkiria Santos - Not&iacute;cias em Destaque<\/title>\n<meta name=\"robots\" content=\"index, follow, max-snippet:-1, max-image-preview:large, max-video-preview:-1\" \/>\n<link rel=\"canonical\" href=\"https:\/\/noticiasemdestaque.com\/cd\/?p=548\" \/>\n<meta property=\"og:locale\" content=\"pt_BR\" \/>\n<meta property=\"og:type\" content=\"article\" \/>\n<meta property=\"og:title\" content=\"S\u00e3o Jos\u00e9 dos Cordeiros promover\u00e1 tradicional Festa de S\u00e3o Pedro com Walkiria Santos - Not&iacute;cias em Destaque\" \/>\n<meta property=\"og:description\" content=\"A Prefeitura de S\u00e3o Jos\u00e9 dos Cordeiros j\u00e1 deixou a cidade no clima junino e anunciou nesta quarta-feira (14) as atra\u00e7\u00f5es que animar\u00e3o sua tradicional festa de S\u00e3o Pedro. O evento acontecer\u00e1 nos dias 28 e 29 de junho e a Prefeitura ainda apoiar\u00e1 mais uma edi\u00e7\u00e3o da quadrilha do Alto do Mi\u00ed Torrado. A Quadrilha do Alto do Mi\u00ed Torrado ser\u00e1 realizada no dia 24 de junho e contar\u00e1 com apresenta\u00e7\u00f5es culturais e da tradicional quadrilha do Mi Torrado. A anima\u00e7\u00e3o ficar\u00e1 por conta de Bedeu Quirino, Thiago dos Teclados e Forroz\u00e3o Cora\u00e7\u00e3o Turista. A noite do dia 28 de junho ser\u00e1 como tradicionalmente ocorre dedicada \u00e0 comunidade evang\u00e9lica. Mais uma Noite dos Evang\u00e9licos ser\u00e1 promovida por v\u00e1rias igrejas e conta com total apoio do munic\u00edpio. O evento ser\u00e1 animado por Mauriz\u00e9lia e banda, S\u00edlvio Rob\u00e9rio e pastor Francinaldo Sim\u00f5es. No dia 29, noite de S\u00e3o Pedro, a festa ser\u00e1 animada pela cantora Walkiria Santos, ex-Magn\u00edficos e Solteir\u00f5es do Forr\u00f3, e que est\u00e1 com novo show em carreira solo. A noite ainda contar\u00e1 com shows de Nascimento Filho e Forr\u00f3 Na Hora. O prefeito Jefferson Roberto disse que a gest\u00e3o j\u00e1 prepara mais uma edi\u00e7\u00e3o do Festival do Mel, que tradicionalmente ocorre no m\u00eas de setembro. Grandes atra\u00e7\u00f5es est\u00e3o sendo contactadas e uma vasta programa\u00e7\u00e3o t\u00e9cnica est\u00e1 sendo montada em parceria com os apicultores e as entidades do setor em todo o Pa\u00eds. Cariri em Destaque Com PB Mix\" \/>\n<meta property=\"og:url\" content=\"https:\/\/noticiasemdestaque.com\/cd\/?p=548\" \/>\n<meta property=\"og:site_name\" content=\"Not&iacute;cias em Destaque\" \/>\n<meta property=\"article:published_time\" content=\"2017-06-15T14:11:33+00:00\" \/>\n<meta property=\"og:image\" content=\"https:\/\/noticiasemdestaque.com\/cd\/wp-content\/uploads\/2017\/06\/9a2b5099c4c49fc41cc8ac488a036888.jpg\" \/>\n\t<meta property=\"og:image:width\" content=\"620\" \/>\n\t<meta property=\"og:image:height\" content=\"620\" \/>\n\t<meta property=\"og:image:type\" content=\"image\/jpeg\" \/>\n<meta name=\"author\" content=\"Not\u00edcias em Destaque\" \/>\n<meta name=\"twitter:card\" content=\"summary_large_image\" \/>\n<meta name=\"twitter:label1\" content=\"Escrito por\" \/>\n\t<meta name=\"twitter:data1\" content=\"Not\u00edcias em Destaque\" \/>\n\t<meta name=\"twitter:label2\" content=\"Est. tempo de leitura\" \/>\n\t<meta name=\"twitter:data2\" content=\"1 minuto\" \/>\n<script type=\"application\/ld+json\" class=\"yoast-schema-graph\">{\"@context\":\"https:\/\/schema.org\",\"@graph\":[{\"@type\":\"Article\",\"@id\":\"https:\/\/noticiasemdestaque.com\/cd\/?p=548#article\",\"isPartOf\":{\"@id\":\"https:\/\/noticiasemdestaque.com\/cd\/?p=548\"},\"author\":{\"name\":\"Not\u00edcias em Destaque\",\"@id\":\"https:\/\/noticiasemdestaque.com\/cd\/#\/schema\/person\/47f7d4f55eec17c6b2ca036c5500f6ce\"},\"headline\":\"S\u00e3o Jos\u00e9 dos Cordeiros promover\u00e1 tradicional Festa de S\u00e3o Pedro com Walkiria Santos\",\"datePublished\":\"2017-06-15T14:11:33+00:00\",\"mainEntityOfPage\":{\"@id\":\"https:\/\/noticiasemdestaque.com\/cd\/?p=548\"},\"wordCount\":276,\"publisher\":{\"@id\":\"https:\/\/noticiasemdestaque.com\/cd\/#organization\"},\"image\":{\"@id\":\"https:\/\/noticiasemdestaque.com\/cd\/?p=548#primaryimage\"},\"thumbnailUrl\":\"https:\/\/noticiasemdestaque.com\/cd\/wp-content\/uploads\/2017\/06\/9a2b5099c4c49fc41cc8ac488a036888.jpg\",\"articleSection\":[\"Cidades\"],\"inLanguage\":\"pt-BR\"},{\"@type\":\"WebPage\",\"@id\":\"https:\/\/noticiasemdestaque.com\/cd\/?p=548\",\"url\":\"https:\/\/noticiasemdestaque.com\/cd\/?p=548\",\"name\":\"S\u00e3o Jos\u00e9 dos Cordeiros promover\u00e1 tradicional Festa de S\u00e3o Pedro com Walkiria Santos - Not&iacute;cias em Destaque\",\"isPartOf\":{\"@id\":\"https:\/\/noticiasemdestaque.com\/cd\/#website\"},\"primaryImageOfPage\":{\"@id\":\"https:\/\/noticiasemdestaque.com\/cd\/?p=548#primaryimage\"},\"image\":{\"@id\":\"https:\/\/noticiasemdestaque.com\/cd\/?p=548#primaryimage\"},\"thumbnailUrl\":\"https:\/\/noticiasemdestaque.com\/cd\/wp-content\/uploads\/2017\/06\/9a2b5099c4c49fc41cc8ac488a036888.jpg\",\"datePublished\":\"2017-06-15T14:11:33+00:00\",\"breadcrumb\":{\"@id\":\"https:\/\/noticiasemdestaque.com\/cd\/?p=548#breadcrumb\"},\"inLanguage\":\"pt-BR\",\"potentialAction\":[{\"@type\":\"ReadAction\",\"target\":[\"https:\/\/noticiasemdestaque.com\/cd\/?p=548\"]}]},{\"@type\":\"ImageObject\",\"inLanguage\":\"pt-BR\",\"@id\":\"https:\/\/noticiasemdestaque.com\/cd\/?p=548#primaryimage\",\"url\":\"https:\/\/noticiasemdestaque.com\/cd\/wp-content\/uploads\/2017\/06\/9a2b5099c4c49fc41cc8ac488a036888.jpg\",\"contentUrl\":\"https:\/\/noticiasemdestaque.com\/cd\/wp-content\/uploads\/2017\/06\/9a2b5099c4c49fc41cc8ac488a036888.jpg\",\"width\":620,\"height\":620},{\"@type\":\"BreadcrumbList\",\"@id\":\"https:\/\/noticiasemdestaque.com\/cd\/?p=548#breadcrumb\",\"itemListElement\":[{\"@type\":\"ListItem\",\"position\":1,\"name\":\"In\u00edcio\",\"item\":\"https:\/\/noticiasemdestaque.com\/cd\/\"},{\"@type\":\"ListItem\",\"position\":2,\"name\":\"S\u00e3o Jos\u00e9 dos Cordeiros promover\u00e1 tradicional Festa de S\u00e3o Pedro com Walkiria Santos\"}]},{\"@type\":\"WebSite\",\"@id\":\"https:\/\/noticiasemdestaque.com\/cd\/#website\",\"url\":\"https:\/\/noticiasemdestaque.com\/cd\/\",\"name\":\"Not&iacute;cias em Destaque\",\"description\":\"\",\"publisher\":{\"@id\":\"https:\/\/noticiasemdestaque.com\/cd\/#organization\"},\"potentialAction\":[{\"@type\":\"SearchAction\",\"target\":{\"@type\":\"EntryPoint\",\"urlTemplate\":\"https:\/\/noticiasemdestaque.com\/cd\/?s={search_term_string}\"},\"query-input\":{\"@type\":\"PropertyValueSpecification\",\"valueRequired\":true,\"valueName\":\"search_term_string\"}}],\"inLanguage\":\"pt-BR\"},{\"@type\":\"Organization\",\"@id\":\"https:\/\/noticiasemdestaque.com\/cd\/#organization\",\"name\":\"Not\u00edcias em Destaque\",\"url\":\"https:\/\/noticiasemdestaque.com\/cd\/\",\"logo\":{\"@type\":\"ImageObject\",\"inLanguage\":\"pt-BR\",\"@id\":\"https:\/\/noticiasemdestaque.com\/cd\/#\/schema\/logo\/image\/\",\"url\":\"https:\/\/noticiasemdestaque.com\/cd\/wp-content\/uploads\/2022\/05\/imagem-base-noticiasemdestaque.png\",\"contentUrl\":\"https:\/\/noticiasemdestaque.com\/cd\/wp-content\/uploads\/2022\/05\/imagem-base-noticiasemdestaque.png\",\"width\":1200,\"height\":630,\"caption\":\"Not\u00edcias em Destaque\"},\"image\":{\"@id\":\"https:\/\/noticiasemdestaque.com\/cd\/#\/schema\/logo\/image\/\"}},{\"@type\":\"Person\",\"@id\":\"https:\/\/noticiasemdestaque.com\/cd\/#\/schema\/person\/47f7d4f55eec17c6b2ca036c5500f6ce\",\"name\":\"Not\u00edcias em Destaque\",\"url\":\"https:\/\/noticiasemdestaque.com\/cd\/?author=2\"}]}<\/script>\n<!-- \/ Yoast SEO plugin. -->","yoast_head_json":{"title":"S\u00e3o Jos\u00e9 dos Cordeiros promover\u00e1 tradicional Festa de S\u00e3o Pedro com Walkiria Santos - Not&iacute;cias em Destaque","robots":{"index":"index","follow":"follow","max-snippet":"max-snippet:-1","max-image-preview":"max-image-preview:large","max-video-preview":"max-video-preview:-1"},"canonical":"https:\/\/noticiasemdestaque.com\/cd\/?p=548","og_locale":"pt_BR","og_type":"article","og_title":"S\u00e3o Jos\u00e9 dos Cordeiros promover\u00e1 tradicional Festa de S\u00e3o Pedro com Walkiria Santos - Not&iacute;cias em Destaque","og_description":"A Prefeitura de S\u00e3o Jos\u00e9 dos Cordeiros j\u00e1 deixou a cidade no clima junino e anunciou nesta quarta-feira (14) as atra\u00e7\u00f5es que animar\u00e3o sua tradicional festa de S\u00e3o Pedro. O evento acontecer\u00e1 nos dias 28 e 29 de junho e a Prefeitura ainda apoiar\u00e1 mais uma edi\u00e7\u00e3o da quadrilha do Alto do Mi\u00ed Torrado. A Quadrilha do Alto do Mi\u00ed Torrado ser\u00e1 realizada no dia 24 de junho e contar\u00e1 com apresenta\u00e7\u00f5es culturais e da tradicional quadrilha do Mi Torrado. A anima\u00e7\u00e3o ficar\u00e1 por conta de Bedeu Quirino, Thiago dos Teclados e Forroz\u00e3o Cora\u00e7\u00e3o Turista. A noite do dia 28 de junho ser\u00e1 como tradicionalmente ocorre dedicada \u00e0 comunidade evang\u00e9lica. Mais uma Noite dos Evang\u00e9licos ser\u00e1 promovida por v\u00e1rias igrejas e conta com total apoio do munic\u00edpio. O evento ser\u00e1 animado por Mauriz\u00e9lia e banda, S\u00edlvio Rob\u00e9rio e pastor Francinaldo Sim\u00f5es. No dia 29, noite de S\u00e3o Pedro, a festa ser\u00e1 animada pela cantora Walkiria Santos, ex-Magn\u00edficos e Solteir\u00f5es do Forr\u00f3, e que est\u00e1 com novo show em carreira solo. A noite ainda contar\u00e1 com shows de Nascimento Filho e Forr\u00f3 Na Hora. O prefeito Jefferson Roberto disse que a gest\u00e3o j\u00e1 prepara mais uma edi\u00e7\u00e3o do Festival do Mel, que tradicionalmente ocorre no m\u00eas de setembro. Grandes atra\u00e7\u00f5es est\u00e3o sendo contactadas e uma vasta programa\u00e7\u00e3o t\u00e9cnica est\u00e1 sendo montada em parceria com os apicultores e as entidades do setor em todo o Pa\u00eds. Cariri em Destaque Com PB Mix","og_url":"https:\/\/noticiasemdestaque.com\/cd\/?p=548","og_site_name":"Not&iacute;cias em Destaque","article_published_time":"2017-06-15T14:11:33+00:00","og_image":[{"width":620,"height":620,"url":"https:\/\/noticiasemdestaque.com\/cd\/wp-content\/uploads\/2017\/06\/9a2b5099c4c49fc41cc8ac488a036888.jpg","type":"image\/jpeg"}],"author":"Not\u00edcias em Destaque","twitter_card":"summary_large_image","twitter_misc":{"Escrito por":"Not\u00edcias em Destaque","Est. tempo de leitura":"1 minuto"},"schema":{"@context":"https:\/\/schema.org","@graph":[{"@type":"Article","@id":"https:\/\/noticiasemdestaque.com\/cd\/?p=548#article","isPartOf":{"@id":"https:\/\/noticiasemdestaque.com\/cd\/?p=548"},"author":{"name":"Not\u00edcias em Destaque","@id":"https:\/\/noticiasemdestaque.com\/cd\/#\/schema\/person\/47f7d4f55eec17c6b2ca036c5500f6ce"},"headline":"S\u00e3o Jos\u00e9 dos Cordeiros promover\u00e1 tradicional Festa de S\u00e3o Pedro com Walkiria Santos","datePublished":"2017-06-15T14:11:33+00:00","mainEntityOfPage":{"@id":"https:\/\/noticiasemdestaque.com\/cd\/?p=548"},"wordCount":276,"publisher":{"@id":"https:\/\/noticiasemdestaque.com\/cd\/#organization"},"image":{"@id":"https:\/\/noticiasemdestaque.com\/cd\/?p=548#primaryimage"},"thumbnailUrl":"https:\/\/noticiasemdestaque.com\/cd\/wp-content\/uploads\/2017\/06\/9a2b5099c4c49fc41cc8ac488a036888.jpg","articleSection":["Cidades"],"inLanguage":"pt-BR"},{"@type":"WebPage","@id":"https:\/\/noticiasemdestaque.com\/cd\/?p=548","url":"https:\/\/noticiasemdestaque.com\/cd\/?p=548","name":"S\u00e3o Jos\u00e9 dos Cordeiros promover\u00e1 tradicional Festa de S\u00e3o Pedro com Walkiria Santos - Not&iacute;cias em Destaque","isPartOf":{"@id":"https:\/\/noticiasemdestaque.com\/cd\/#website"},"primaryImageOfPage":{"@id":"https:\/\/noticiasemdestaque.com\/cd\/?p=548#primaryimage"},"image":{"@id":"https:\/\/noticiasemdestaque.com\/cd\/?p=548#primaryimage"},"thumbnailUrl":"https:\/\/noticiasemdestaque.com\/cd\/wp-content\/uploads\/2017\/06\/9a2b5099c4c49fc41cc8ac488a036888.jpg","datePublished":"2017-06-15T14:11:33+00:00","breadcrumb":{"@id":"https:\/\/noticiasemdestaque.com\/cd\/?p=548#breadcrumb"},"inLanguage":"pt-BR","potentialAction":[{"@type":"ReadAction","target":["https:\/\/noticiasemdestaque.com\/cd\/?p=548"]}]},{"@type":"ImageObject","inLanguage":"pt-BR","@id":"https:\/\/noticiasemdestaque.com\/cd\/?p=548#primaryimage","url":"https:\/\/noticiasemdestaque.com\/cd\/wp-content\/uploads\/2017\/06\/9a2b5099c4c49fc41cc8ac488a036888.jpg","contentUrl":"https:\/\/noticiasemdestaque.com\/cd\/wp-content\/uploads\/2017\/06\/9a2b5099c4c49fc41cc8ac488a036888.jpg","width":620,"height":620},{"@type":"BreadcrumbList","@id":"https:\/\/noticiasemdestaque.com\/cd\/?p=548#breadcrumb","itemListElement":[{"@type":"ListItem","position":1,"name":"In\u00edcio","item":"https:\/\/noticiasemdestaque.com\/cd\/"},{"@type":"ListItem","position":2,"name":"S\u00e3o Jos\u00e9 dos Cordeiros promover\u00e1 tradicional Festa de S\u00e3o Pedro com Walkiria Santos"}]},{"@type":"WebSite","@id":"https:\/\/noticiasemdestaque.com\/cd\/#website","url":"https:\/\/noticiasemdestaque.com\/cd\/","name":"Not&iacute;cias em Destaque","description":"","publisher":{"@id":"https:\/\/noticiasemdestaque.com\/cd\/#organization"},"potentialAction":[{"@type":"SearchAction","target":{"@type":"EntryPoint","urlTemplate":"https:\/\/noticiasemdestaque.com\/cd\/?s={search_term_string}"},"query-input":{"@type":"PropertyValueSpecification","valueRequired":true,"valueName":"search_term_string"}}],"inLanguage":"pt-BR"},{"@type":"Organization","@id":"https:\/\/noticiasemdestaque.com\/cd\/#organization","name":"Not\u00edcias em Destaque","url":"https:\/\/noticiasemdestaque.com\/cd\/","logo":{"@type":"ImageObject","inLanguage":"pt-BR","@id":"https:\/\/noticiasemdestaque.com\/cd\/#\/schema\/logo\/image\/","url":"https:\/\/noticiasemdestaque.com\/cd\/wp-content\/uploads\/2022\/05\/imagem-base-noticiasemdestaque.png","contentUrl":"https:\/\/noticiasemdestaque.com\/cd\/wp-content\/uploads\/2022\/05\/imagem-base-noticiasemdestaque.png","width":1200,"height":630,"caption":"Not\u00edcias em Destaque"},"image":{"@id":"https:\/\/noticiasemdestaque.com\/cd\/#\/schema\/logo\/image\/"}},{"@type":"Person","@id":"https:\/\/noticiasemdestaque.com\/cd\/#\/schema\/person\/47f7d4f55eec17c6b2ca036c5500f6ce","name":"Not\u00edcias em Destaque","url":"https:\/\/noticiasemdestaque.com\/cd\/?author=2"}]}},"jetpack_featured_media_url":"https:\/\/noticiasemdestaque.com\/cd\/wp-content\/uploads\/2017\/06\/9a2b5099c4c49fc41cc8ac488a036888.jpg","jetpack_sharing_enabled":true,"_links":{"self":[{"href":"https:\/\/noticiasemdestaque.com\/cd\/index.php?rest_route=\/wp\/v2\/posts\/548","targetHints":{"allow":["GET"]}}],"collection":[{"href":"https:\/\/noticiasemdestaque.com\/cd\/index.php?rest_route=\/wp\/v2\/posts"}],"about":[{"href":"https:\/\/noticiasemdestaque.com\/cd\/index.php?rest_route=\/wp\/v2\/types\/post"}],"author":[{"embeddable":true,"href":"https:\/\/noticiasemdestaque.com\/cd\/index.php?rest_route=\/wp\/v2\/users\/2"}],"replies":[{"embeddable":true,"href":"https:\/\/noticiasemdestaque.com\/cd\/index.php?rest_route=%2Fwp%2Fv2%2Fcomments&post=548"}],"version-history":[{"count":1,"href":"https:\/\/noticiasemdestaque.com\/cd\/index.php?rest_route=\/wp\/v2\/posts\/548\/revisions"}],"predecessor-version":[{"id":550,"href":"https:\/\/noticiasemdestaque.com\/cd\/index.php?rest_route=\/wp\/v2\/posts\/548\/revisions\/550"}],"wp:featuredmedia":[{"embeddable":true,"href":"https:\/\/noticiasemdestaque.com\/cd\/index.php?rest_route=\/wp\/v2\/media\/549"}],"wp:attachment":[{"href":"https:\/\/noticiasemdestaque.com\/cd\/index.php?rest_route=%2Fwp%2Fv2%2Fmedia&parent=548"}],"wp:term":[{"taxonomy":"category","embeddable":true,"href":"https:\/\/noticiasemdestaque.com\/cd\/index.php?rest_route=%2Fwp%2Fv2%2Fcategories&post=548"},{"taxonomy":"post_tag","embeddable":true,"href":"https:\/\/noticiasemdestaque.com\/cd\/index.php?rest_route=%2Fwp%2Fv2%2Ftags&post=548"}],"curies":[{"name":"wp","href":"https:\/\/api.w.org\/{rel}","templated":true}]}}