{"id":54513,"date":"2024-01-26T08:57:02","date_gmt":"2024-01-26T11:57:02","guid":{"rendered":"https:\/\/noticiasemdestaque.com\/cd\/?p=54513"},"modified":"2024-01-26T08:57:02","modified_gmt":"2024-01-26T11:57:02","slug":"bebedeira-entre-amigos-termina-com-homem-esfaqueado-e-policia-civil-prende-autor-do-crime-em-menos-de-24h-no-cariri-paraibano","status":"publish","type":"post","link":"https:\/\/noticiasemdestaque.com\/cd\/?p=54513","title":{"rendered":"Bebedeira entre amigos termina com homem esfaqueado e Pol\u00edcia Civil prende autor do crime em menos de 24h no Cariri Paraibano"},"content":{"rendered":"<p><a href=\"https:\/\/noticiasemdestaque.com\/cd\/wp-content\/uploads\/2024\/01\/Prisao-Taperoa-923x800-1.jpeg\"><img fetchpriority=\"high\" decoding=\"async\" class=\" wp-image-54514 aligncenter\" src=\"https:\/\/noticiasemdestaque.com\/cd\/wp-content\/uploads\/2024\/01\/Prisao-Taperoa-923x800-1-300x260.jpeg\" alt=\"\" width=\"538\" height=\"466\" srcset=\"https:\/\/noticiasemdestaque.com\/cd\/wp-content\/uploads\/2024\/01\/Prisao-Taperoa-923x800-1-300x260.jpeg 300w, https:\/\/noticiasemdestaque.com\/cd\/wp-content\/uploads\/2024\/01\/Prisao-Taperoa-923x800-1-768x666.jpeg 768w, https:\/\/noticiasemdestaque.com\/cd\/wp-content\/uploads\/2024\/01\/Prisao-Taperoa-923x800-1-14x12.jpeg 14w, https:\/\/noticiasemdestaque.com\/cd\/wp-content\/uploads\/2024\/01\/Prisao-Taperoa-923x800-1.jpeg 923w\" sizes=\"(max-width: 538px) 100vw, 538px\" \/><\/a><\/p>\n<p>Uma tentativa de homic\u00eddio foi registrada no munic\u00edpio de Tapero\u00e1, no Cariri da Para\u00edba, na manh\u00e3 desta quinta-feira (25) e, em menos de 24 horas, a Pol\u00edcia Civil conseguiu prender o autor do crime. A informa\u00e7\u00e3o chegou \u00e0 equipe da Delegacia de Pol\u00edcia de Tapero\u00e1 por volta das 10h, quando as investiga\u00e7\u00f5es foram iniciadas.<\/p>\n<p>De acordo com as informa\u00e7\u00f5es da Pol\u00edcia Civil, Josenildo da Silva, conhecido por D\u00f3da, teria sido a v\u00edtima da tentativa de homic\u00eddio durante a madrugada e estava internado no hospital da cidade.<\/p>\n<p>Em menos de uma hora, j\u00e1 se sabia o nome e o paradeiro do autor, e foi feita a pris\u00e3o em flagrante de Braz Alves Pequeno, conhecido por Nando. Ele confessou ser o autor das facadas e assumiu que chegou a ir at\u00e9 o hospital \u00e0 procura da v\u00edtima pouco tempo depois do crime. A arma usada na tentativa de homic\u00eddio foi uma faca de cozinha.<\/p>\n<p>Josenildo da Silva informou aos policiais que n\u00e3o sabe o que motivou a agress\u00e3o, j\u00e1 que n\u00e3o tinha desaven\u00e7as com ele, inclusive era colega e haviam bebido v\u00e1rias vezes juntos. Por\u00e9m, acredita que quando o acusado esteve no hospital ap\u00f3s as facadas seria para \u201cterminar o servi\u00e7o\u201d. J\u00e1 Braz Alves Pequeno alegou que a motiva\u00e7\u00e3o foi uma amea\u00e7a proferida pela v\u00edtima contra ele durante uma bebedeira. N\u00e3o havia rixa entre eles.<\/p>\n<p><strong>Noticias em Destaque<\/strong><\/p>\n<p style=\"text-align: right;\"><em>Fonte: Click PB<\/em><\/p>\n","protected":false},"excerpt":{"rendered":"<p>Uma tentativa de homic\u00eddio foi registrada no munic\u00edpio de Tapero\u00e1, no Cariri da Para\u00edba, na manh\u00e3 desta quinta-feira (25) e, em menos de 24 horas, a Pol\u00edcia Civil conseguiu prender o autor do crime. A informa\u00e7\u00e3o chegou \u00e0 equipe da Delegacia de Pol\u00edcia de Tapero\u00e1 por volta das 10h, quando as investiga\u00e7\u00f5es foram iniciadas. De acordo com as informa\u00e7\u00f5es da Pol\u00edcia Civil, Josenildo da Silva, conhecido por D\u00f3da, teria sido a v\u00edtima da tentativa de homic\u00eddio durante a madrugada e estava internado no hospital da cidade. Em menos de uma hora, j\u00e1 se sabia o nome e o paradeiro do autor, e foi feita a pris\u00e3o em flagrante de Braz Alves Pequeno, conhecido por Nando. Ele confessou ser o autor das facadas e assumiu que chegou a ir at\u00e9 o hospital \u00e0 procura da v\u00edtima pouco tempo depois do crime. A arma usada na tentativa de homic\u00eddio foi uma faca de cozinha. Josenildo da Silva informou aos policiais que n\u00e3o sabe o que motivou a agress\u00e3o, j\u00e1 que n\u00e3o tinha desaven\u00e7as com ele, inclusive era colega e haviam bebido v\u00e1rias vezes juntos. Por\u00e9m, acredita que quando o acusado esteve no hospital ap\u00f3s as facadas seria para \u201cterminar o servi\u00e7o\u201d. J\u00e1 Braz Alves Pequeno alegou que a motiva\u00e7\u00e3o foi uma amea\u00e7a proferida pela v\u00edtima contra ele durante uma bebedeira. N\u00e3o havia rixa entre eles. Noticias em Destaque Fonte: Click PB<\/p>\n","protected":false},"author":2,"featured_media":54514,"comment_status":"closed","ping_status":"open","sticky":false,"template":"","format":"standard","meta":{"_eb_attr":"","_jetpack_memberships_contains_paid_content":false,"footnotes":""},"categories":[20],"tags":[],"class_list":["post-54513","post","type-post","status-publish","format-standard","has-post-thumbnail","hentry","category-policia"],"yoast_head":"<!-- This site is optimized with the Yoast SEO plugin v26.5 - https:\/\/yoast.com\/wordpress\/plugins\/seo\/ -->\n<title>Bebedeira entre amigos termina com homem esfaqueado e Pol\u00edcia Civil prende autor do crime em menos de 24h no Cariri Paraibano - Not&iacute;cias em Destaque<\/title>\n<meta name=\"robots\" content=\"index, follow, max-snippet:-1, max-image-preview:large, max-video-preview:-1\" \/>\n<link rel=\"canonical\" href=\"https:\/\/noticiasemdestaque.com\/cd\/?p=54513\" \/>\n<meta property=\"og:locale\" content=\"pt_BR\" \/>\n<meta property=\"og:type\" content=\"article\" \/>\n<meta property=\"og:title\" content=\"Bebedeira entre amigos termina com homem esfaqueado e Pol\u00edcia Civil prende autor do crime em menos de 24h no Cariri Paraibano - Not&iacute;cias em Destaque\" \/>\n<meta property=\"og:description\" content=\"Uma tentativa de homic\u00eddio foi registrada no munic\u00edpio de Tapero\u00e1, no Cariri da Para\u00edba, na manh\u00e3 desta quinta-feira (25) e, em menos de 24 horas, a Pol\u00edcia Civil conseguiu prender o autor do crime. A informa\u00e7\u00e3o chegou \u00e0 equipe da Delegacia de Pol\u00edcia de Tapero\u00e1 por volta das 10h, quando as investiga\u00e7\u00f5es foram iniciadas. De acordo com as informa\u00e7\u00f5es da Pol\u00edcia Civil, Josenildo da Silva, conhecido por D\u00f3da, teria sido a v\u00edtima da tentativa de homic\u00eddio durante a madrugada e estava internado no hospital da cidade. Em menos de uma hora, j\u00e1 se sabia o nome e o paradeiro do autor, e foi feita a pris\u00e3o em flagrante de Braz Alves Pequeno, conhecido por Nando. Ele confessou ser o autor das facadas e assumiu que chegou a ir at\u00e9 o hospital \u00e0 procura da v\u00edtima pouco tempo depois do crime. A arma usada na tentativa de homic\u00eddio foi uma faca de cozinha. Josenildo da Silva informou aos policiais que n\u00e3o sabe o que motivou a agress\u00e3o, j\u00e1 que n\u00e3o tinha desaven\u00e7as com ele, inclusive era colega e haviam bebido v\u00e1rias vezes juntos. Por\u00e9m, acredita que quando o acusado esteve no hospital ap\u00f3s as facadas seria para \u201cterminar o servi\u00e7o\u201d. J\u00e1 Braz Alves Pequeno alegou que a motiva\u00e7\u00e3o foi uma amea\u00e7a proferida pela v\u00edtima contra ele durante uma bebedeira. N\u00e3o havia rixa entre eles. Noticias em Destaque Fonte: Click PB\" \/>\n<meta property=\"og:url\" content=\"https:\/\/noticiasemdestaque.com\/cd\/?p=54513\" \/>\n<meta property=\"og:site_name\" content=\"Not&iacute;cias em Destaque\" \/>\n<meta property=\"article:published_time\" content=\"2024-01-26T11:57:02+00:00\" \/>\n<meta property=\"og:image\" content=\"https:\/\/noticiasemdestaque.com\/cd\/wp-content\/uploads\/2024\/01\/Prisao-Taperoa-923x800-1.jpeg\" \/>\n\t<meta property=\"og:image:width\" content=\"923\" \/>\n\t<meta property=\"og:image:height\" content=\"800\" \/>\n\t<meta property=\"og:image:type\" content=\"image\/jpeg\" \/>\n<meta name=\"author\" content=\"Not\u00edcias em Destaque\" \/>\n<meta name=\"twitter:card\" content=\"summary_large_image\" \/>\n<meta name=\"twitter:label1\" content=\"Escrito por\" \/>\n\t<meta name=\"twitter:data1\" content=\"Not\u00edcias em Destaque\" \/>\n\t<meta name=\"twitter:label2\" content=\"Est. tempo de leitura\" \/>\n\t<meta name=\"twitter:data2\" content=\"2 minutos\" \/>\n<script type=\"application\/ld+json\" class=\"yoast-schema-graph\">{\"@context\":\"https:\/\/schema.org\",\"@graph\":[{\"@type\":\"Article\",\"@id\":\"https:\/\/noticiasemdestaque.com\/cd\/?p=54513#article\",\"isPartOf\":{\"@id\":\"https:\/\/noticiasemdestaque.com\/cd\/?p=54513\"},\"author\":{\"name\":\"Not\u00edcias em Destaque\",\"@id\":\"https:\/\/noticiasemdestaque.com\/cd\/#\/schema\/person\/21320b03a7e8bb90128938dafc9b908a\"},\"headline\":\"Bebedeira entre amigos termina com homem esfaqueado e Pol\u00edcia Civil prende autor do crime em menos de 24h no Cariri Paraibano\",\"datePublished\":\"2024-01-26T11:57:02+00:00\",\"mainEntityOfPage\":{\"@id\":\"https:\/\/noticiasemdestaque.com\/cd\/?p=54513\"},\"wordCount\":274,\"publisher\":{\"@id\":\"https:\/\/noticiasemdestaque.com\/cd\/#organization\"},\"image\":{\"@id\":\"https:\/\/noticiasemdestaque.com\/cd\/?p=54513#primaryimage\"},\"thumbnailUrl\":\"https:\/\/noticiasemdestaque.com\/cd\/wp-content\/uploads\/2024\/01\/Prisao-Taperoa-923x800-1.jpeg\",\"articleSection\":[\"Pol\u00edcia\"],\"inLanguage\":\"pt-BR\"},{\"@type\":\"WebPage\",\"@id\":\"https:\/\/noticiasemdestaque.com\/cd\/?p=54513\",\"url\":\"https:\/\/noticiasemdestaque.com\/cd\/?p=54513\",\"name\":\"Bebedeira entre amigos termina com homem esfaqueado e Pol\u00edcia Civil prende autor do crime em menos de 24h no Cariri Paraibano - Not&iacute;cias em Destaque\",\"isPartOf\":{\"@id\":\"https:\/\/noticiasemdestaque.com\/cd\/#website\"},\"primaryImageOfPage\":{\"@id\":\"https:\/\/noticiasemdestaque.com\/cd\/?p=54513#primaryimage\"},\"image\":{\"@id\":\"https:\/\/noticiasemdestaque.com\/cd\/?p=54513#primaryimage\"},\"thumbnailUrl\":\"https:\/\/noticiasemdestaque.com\/cd\/wp-content\/uploads\/2024\/01\/Prisao-Taperoa-923x800-1.jpeg\",\"datePublished\":\"2024-01-26T11:57:02+00:00\",\"breadcrumb\":{\"@id\":\"https:\/\/noticiasemdestaque.com\/cd\/?p=54513#breadcrumb\"},\"inLanguage\":\"pt-BR\",\"potentialAction\":[{\"@type\":\"ReadAction\",\"target\":[\"https:\/\/noticiasemdestaque.com\/cd\/?p=54513\"]}]},{\"@type\":\"ImageObject\",\"inLanguage\":\"pt-BR\",\"@id\":\"https:\/\/noticiasemdestaque.com\/cd\/?p=54513#primaryimage\",\"url\":\"https:\/\/noticiasemdestaque.com\/cd\/wp-content\/uploads\/2024\/01\/Prisao-Taperoa-923x800-1.jpeg\",\"contentUrl\":\"https:\/\/noticiasemdestaque.com\/cd\/wp-content\/uploads\/2024\/01\/Prisao-Taperoa-923x800-1.jpeg\",\"width\":923,\"height\":800},{\"@type\":\"BreadcrumbList\",\"@id\":\"https:\/\/noticiasemdestaque.com\/cd\/?p=54513#breadcrumb\",\"itemListElement\":[{\"@type\":\"ListItem\",\"position\":1,\"name\":\"In\u00edcio\",\"item\":\"https:\/\/noticiasemdestaque.com\/cd\/\"},{\"@type\":\"ListItem\",\"position\":2,\"name\":\"Bebedeira entre amigos termina com homem esfaqueado e Pol\u00edcia Civil prende autor do crime em menos de 24h no Cariri Paraibano\"}]},{\"@type\":\"WebSite\",\"@id\":\"https:\/\/noticiasemdestaque.com\/cd\/#website\",\"url\":\"https:\/\/noticiasemdestaque.com\/cd\/\",\"name\":\"Not&iacute;cias em Destaque\",\"description\":\"\",\"publisher\":{\"@id\":\"https:\/\/noticiasemdestaque.com\/cd\/#organization\"},\"potentialAction\":[{\"@type\":\"SearchAction\",\"target\":{\"@type\":\"EntryPoint\",\"urlTemplate\":\"https:\/\/noticiasemdestaque.com\/cd\/?s={search_term_string}\"},\"query-input\":{\"@type\":\"PropertyValueSpecification\",\"valueRequired\":true,\"valueName\":\"search_term_string\"}}],\"inLanguage\":\"pt-BR\"},{\"@type\":\"Organization\",\"@id\":\"https:\/\/noticiasemdestaque.com\/cd\/#organization\",\"name\":\"Not\u00edcias em Destaque\",\"url\":\"https:\/\/noticiasemdestaque.com\/cd\/\",\"logo\":{\"@type\":\"ImageObject\",\"inLanguage\":\"pt-BR\",\"@id\":\"https:\/\/noticiasemdestaque.com\/cd\/#\/schema\/logo\/image\/\",\"url\":\"https:\/\/noticiasemdestaque.com\/cd\/wp-content\/uploads\/2022\/05\/imagem-base-noticiasemdestaque.png\",\"contentUrl\":\"https:\/\/noticiasemdestaque.com\/cd\/wp-content\/uploads\/2022\/05\/imagem-base-noticiasemdestaque.png\",\"width\":1200,\"height\":630,\"caption\":\"Not\u00edcias em Destaque\"},\"image\":{\"@id\":\"https:\/\/noticiasemdestaque.com\/cd\/#\/schema\/logo\/image\/\"}},{\"@type\":\"Person\",\"@id\":\"https:\/\/noticiasemdestaque.com\/cd\/#\/schema\/person\/21320b03a7e8bb90128938dafc9b908a\",\"name\":\"Not\u00edcias em Destaque\",\"url\":\"https:\/\/noticiasemdestaque.com\/cd\/?author=2\"}]}<\/script>\n<!-- \/ Yoast SEO plugin. -->","yoast_head_json":{"title":"Bebedeira entre amigos termina com homem esfaqueado e Pol\u00edcia Civil prende autor do crime em menos de 24h no Cariri Paraibano - Not&iacute;cias em Destaque","robots":{"index":"index","follow":"follow","max-snippet":"max-snippet:-1","max-image-preview":"max-image-preview:large","max-video-preview":"max-video-preview:-1"},"canonical":"https:\/\/noticiasemdestaque.com\/cd\/?p=54513","og_locale":"pt_BR","og_type":"article","og_title":"Bebedeira entre amigos termina com homem esfaqueado e Pol\u00edcia Civil prende autor do crime em menos de 24h no Cariri Paraibano - Not&iacute;cias em Destaque","og_description":"Uma tentativa de homic\u00eddio foi registrada no munic\u00edpio de Tapero\u00e1, no Cariri da Para\u00edba, na manh\u00e3 desta quinta-feira (25) e, em menos de 24 horas, a Pol\u00edcia Civil conseguiu prender o autor do crime. A informa\u00e7\u00e3o chegou \u00e0 equipe da Delegacia de Pol\u00edcia de Tapero\u00e1 por volta das 10h, quando as investiga\u00e7\u00f5es foram iniciadas. De acordo com as informa\u00e7\u00f5es da Pol\u00edcia Civil, Josenildo da Silva, conhecido por D\u00f3da, teria sido a v\u00edtima da tentativa de homic\u00eddio durante a madrugada e estava internado no hospital da cidade. Em menos de uma hora, j\u00e1 se sabia o nome e o paradeiro do autor, e foi feita a pris\u00e3o em flagrante de Braz Alves Pequeno, conhecido por Nando. Ele confessou ser o autor das facadas e assumiu que chegou a ir at\u00e9 o hospital \u00e0 procura da v\u00edtima pouco tempo depois do crime. A arma usada na tentativa de homic\u00eddio foi uma faca de cozinha. Josenildo da Silva informou aos policiais que n\u00e3o sabe o que motivou a agress\u00e3o, j\u00e1 que n\u00e3o tinha desaven\u00e7as com ele, inclusive era colega e haviam bebido v\u00e1rias vezes juntos. Por\u00e9m, acredita que quando o acusado esteve no hospital ap\u00f3s as facadas seria para \u201cterminar o servi\u00e7o\u201d. J\u00e1 Braz Alves Pequeno alegou que a motiva\u00e7\u00e3o foi uma amea\u00e7a proferida pela v\u00edtima contra ele durante uma bebedeira. N\u00e3o havia rixa entre eles. Noticias em Destaque Fonte: Click PB","og_url":"https:\/\/noticiasemdestaque.com\/cd\/?p=54513","og_site_name":"Not&iacute;cias em Destaque","article_published_time":"2024-01-26T11:57:02+00:00","og_image":[{"width":923,"height":800,"url":"https:\/\/noticiasemdestaque.com\/cd\/wp-content\/uploads\/2024\/01\/Prisao-Taperoa-923x800-1.jpeg","type":"image\/jpeg"}],"author":"Not\u00edcias em Destaque","twitter_card":"summary_large_image","twitter_misc":{"Escrito por":"Not\u00edcias em Destaque","Est. tempo de leitura":"2 minutos"},"schema":{"@context":"https:\/\/schema.org","@graph":[{"@type":"Article","@id":"https:\/\/noticiasemdestaque.com\/cd\/?p=54513#article","isPartOf":{"@id":"https:\/\/noticiasemdestaque.com\/cd\/?p=54513"},"author":{"name":"Not\u00edcias em Destaque","@id":"https:\/\/noticiasemdestaque.com\/cd\/#\/schema\/person\/21320b03a7e8bb90128938dafc9b908a"},"headline":"Bebedeira entre amigos termina com homem esfaqueado e Pol\u00edcia Civil prende autor do crime em menos de 24h no Cariri Paraibano","datePublished":"2024-01-26T11:57:02+00:00","mainEntityOfPage":{"@id":"https:\/\/noticiasemdestaque.com\/cd\/?p=54513"},"wordCount":274,"publisher":{"@id":"https:\/\/noticiasemdestaque.com\/cd\/#organization"},"image":{"@id":"https:\/\/noticiasemdestaque.com\/cd\/?p=54513#primaryimage"},"thumbnailUrl":"https:\/\/noticiasemdestaque.com\/cd\/wp-content\/uploads\/2024\/01\/Prisao-Taperoa-923x800-1.jpeg","articleSection":["Pol\u00edcia"],"inLanguage":"pt-BR"},{"@type":"WebPage","@id":"https:\/\/noticiasemdestaque.com\/cd\/?p=54513","url":"https:\/\/noticiasemdestaque.com\/cd\/?p=54513","name":"Bebedeira entre amigos termina com homem esfaqueado e Pol\u00edcia Civil prende autor do crime em menos de 24h no Cariri Paraibano - Not&iacute;cias em Destaque","isPartOf":{"@id":"https:\/\/noticiasemdestaque.com\/cd\/#website"},"primaryImageOfPage":{"@id":"https:\/\/noticiasemdestaque.com\/cd\/?p=54513#primaryimage"},"image":{"@id":"https:\/\/noticiasemdestaque.com\/cd\/?p=54513#primaryimage"},"thumbnailUrl":"https:\/\/noticiasemdestaque.com\/cd\/wp-content\/uploads\/2024\/01\/Prisao-Taperoa-923x800-1.jpeg","datePublished":"2024-01-26T11:57:02+00:00","breadcrumb":{"@id":"https:\/\/noticiasemdestaque.com\/cd\/?p=54513#breadcrumb"},"inLanguage":"pt-BR","potentialAction":[{"@type":"ReadAction","target":["https:\/\/noticiasemdestaque.com\/cd\/?p=54513"]}]},{"@type":"ImageObject","inLanguage":"pt-BR","@id":"https:\/\/noticiasemdestaque.com\/cd\/?p=54513#primaryimage","url":"https:\/\/noticiasemdestaque.com\/cd\/wp-content\/uploads\/2024\/01\/Prisao-Taperoa-923x800-1.jpeg","contentUrl":"https:\/\/noticiasemdestaque.com\/cd\/wp-content\/uploads\/2024\/01\/Prisao-Taperoa-923x800-1.jpeg","width":923,"height":800},{"@type":"BreadcrumbList","@id":"https:\/\/noticiasemdestaque.com\/cd\/?p=54513#breadcrumb","itemListElement":[{"@type":"ListItem","position":1,"name":"In\u00edcio","item":"https:\/\/noticiasemdestaque.com\/cd\/"},{"@type":"ListItem","position":2,"name":"Bebedeira entre amigos termina com homem esfaqueado e Pol\u00edcia Civil prende autor do crime em menos de 24h no Cariri Paraibano"}]},{"@type":"WebSite","@id":"https:\/\/noticiasemdestaque.com\/cd\/#website","url":"https:\/\/noticiasemdestaque.com\/cd\/","name":"Not&iacute;cias em Destaque","description":"","publisher":{"@id":"https:\/\/noticiasemdestaque.com\/cd\/#organization"},"potentialAction":[{"@type":"SearchAction","target":{"@type":"EntryPoint","urlTemplate":"https:\/\/noticiasemdestaque.com\/cd\/?s={search_term_string}"},"query-input":{"@type":"PropertyValueSpecification","valueRequired":true,"valueName":"search_term_string"}}],"inLanguage":"pt-BR"},{"@type":"Organization","@id":"https:\/\/noticiasemdestaque.com\/cd\/#organization","name":"Not\u00edcias em Destaque","url":"https:\/\/noticiasemdestaque.com\/cd\/","logo":{"@type":"ImageObject","inLanguage":"pt-BR","@id":"https:\/\/noticiasemdestaque.com\/cd\/#\/schema\/logo\/image\/","url":"https:\/\/noticiasemdestaque.com\/cd\/wp-content\/uploads\/2022\/05\/imagem-base-noticiasemdestaque.png","contentUrl":"https:\/\/noticiasemdestaque.com\/cd\/wp-content\/uploads\/2022\/05\/imagem-base-noticiasemdestaque.png","width":1200,"height":630,"caption":"Not\u00edcias em Destaque"},"image":{"@id":"https:\/\/noticiasemdestaque.com\/cd\/#\/schema\/logo\/image\/"}},{"@type":"Person","@id":"https:\/\/noticiasemdestaque.com\/cd\/#\/schema\/person\/21320b03a7e8bb90128938dafc9b908a","name":"Not\u00edcias em Destaque","url":"https:\/\/noticiasemdestaque.com\/cd\/?author=2"}]}},"jetpack_featured_media_url":"https:\/\/noticiasemdestaque.com\/cd\/wp-content\/uploads\/2024\/01\/Prisao-Taperoa-923x800-1.jpeg","jetpack_sharing_enabled":true,"_links":{"self":[{"href":"https:\/\/noticiasemdestaque.com\/cd\/index.php?rest_route=\/wp\/v2\/posts\/54513","targetHints":{"allow":["GET"]}}],"collection":[{"href":"https:\/\/noticiasemdestaque.com\/cd\/index.php?rest_route=\/wp\/v2\/posts"}],"about":[{"href":"https:\/\/noticiasemdestaque.com\/cd\/index.php?rest_route=\/wp\/v2\/types\/post"}],"author":[{"embeddable":true,"href":"https:\/\/noticiasemdestaque.com\/cd\/index.php?rest_route=\/wp\/v2\/users\/2"}],"replies":[{"embeddable":true,"href":"https:\/\/noticiasemdestaque.com\/cd\/index.php?rest_route=%2Fwp%2Fv2%2Fcomments&post=54513"}],"version-history":[{"count":1,"href":"https:\/\/noticiasemdestaque.com\/cd\/index.php?rest_route=\/wp\/v2\/posts\/54513\/revisions"}],"predecessor-version":[{"id":54515,"href":"https:\/\/noticiasemdestaque.com\/cd\/index.php?rest_route=\/wp\/v2\/posts\/54513\/revisions\/54515"}],"wp:featuredmedia":[{"embeddable":true,"href":"https:\/\/noticiasemdestaque.com\/cd\/index.php?rest_route=\/wp\/v2\/media\/54514"}],"wp:attachment":[{"href":"https:\/\/noticiasemdestaque.com\/cd\/index.php?rest_route=%2Fwp%2Fv2%2Fmedia&parent=54513"}],"wp:term":[{"taxonomy":"category","embeddable":true,"href":"https:\/\/noticiasemdestaque.com\/cd\/index.php?rest_route=%2Fwp%2Fv2%2Fcategories&post=54513"},{"taxonomy":"post_tag","embeddable":true,"href":"https:\/\/noticiasemdestaque.com\/cd\/index.php?rest_route=%2Fwp%2Fv2%2Ftags&post=54513"}],"curies":[{"name":"wp","href":"https:\/\/api.w.org\/{rel}","templated":true}]}}