{"id":5426,"date":"2017-10-24T07:59:29","date_gmt":"2017-10-24T10:59:29","guid":{"rendered":"http:\/\/caririemdestaque.com\/cd\/?p=5426"},"modified":"2017-10-24T09:02:31","modified_gmt":"2017-10-24T12:02:31","slug":"prova-brasil-avalia-mais-de-120-mil-estudantes-em-escolas-da-pb","status":"publish","type":"post","link":"https:\/\/noticiasemdestaque.com\/cd\/?p=5426","title":{"rendered":"Prova Brasil avalia mais de 120 mil estudantes em escolas da PB"},"content":{"rendered":"<p><a href=\"http:\/\/caririemdestaque.com\/cd\/wp-content\/uploads\/2017\/10\/Z-1.jpg\"><img decoding=\"async\" class=\"size-thumbnail wp-image-5427 alignleft\" src=\"http:\/\/caririemdestaque.com\/cd\/wp-content\/uploads\/2017\/10\/Z-1-150x150.jpg\" alt=\"\" width=\"150\" height=\"150\" \/><\/a>Mais de 120 mil estudantes paraibanos s\u00e3o avaliados na Prova Brasil, aplicada pela Secretaria de Estado da Educa\u00e7\u00e3o (SEE), em parceria com o Instituto Nacional de Estudos e Pesquisas Educacionais An\u00edsio Teixeira (Inep)\/Minist\u00e9rio da Educa\u00e7\u00e3o e Cultura (MEC). A aplica\u00e7\u00e3o da Prova Brasil iniciou, nesta segunda-feira (23), nas 14 Ger\u00eancias Regionais de Educa\u00e7\u00e3o do Estado. Participam da Prova Brasil, que avalia as disciplinas de Matem\u00e1tica e Portugu\u00eas, os estudantes do 5\u00ba e 9\u00ba anos do Ensino Fundamental e os estudantes da 3\u00aa s\u00e9rie do Ensino M\u00e9dio.<\/p>\n<p>Ao todo, foram montados na Para\u00edba 57 polos de apoio \u00e0 aplica\u00e7\u00e3o da Prova Brasil, com a participa\u00e7\u00e3o de 900 aplicadores, capacitados por esses polos. Estudantes dos cursos t\u00e9cnicos tamb\u00e9m ter\u00e3o suas habilidades avaliadas. Participam do exame os alunos das redes estadual, municipal e privada. A Prova Brasil ser\u00e1 aplicada at\u00e9 o dia 3 de novembro.<\/p>\n<p>S\u00e3o, no total, 1.893 escolas que participam da Prova Brasil. Este ano, a grande novidade \u00e9 que o resultado dos estudantes do Ensino M\u00e9dio \u2013 3\u00aa s\u00e9rie \u2013 ser\u00e1 conhecido. Antes, eles s\u00f3 participavam de forma censit\u00e1ria.<\/p>\n<p><strong>Import\u00e2ncia da Prova<\/strong><\/p>\n<p>A Prova Brasil \u00e9 um dos indicadores mais importantes do Sistema de Avalia\u00e7\u00e3o da Educa\u00e7\u00e3o B\u00e1sica (Saeb), que formar\u00e1 o \u00cdndice de Desenvolvimento da Educa\u00e7\u00e3o B\u00e1sica (Ideb). A m\u00e9dia obtida pelos alunos \u00e9 o resultado das notas tiradas nas disciplinas de Portugu\u00eas e Matem\u00e1tica e de fatores como frequ\u00eancia em sala de aula (Profici\u00eanciaXFluxo).<\/p>\n<p>&nbsp;<\/p>\n<p>Segundo a gerente executiva da Educa\u00e7\u00e3o Infantil e Ensino Fundamental, Marta Medeiros, a import\u00e2ncia da Prova Brasil est\u00e1 no fato de avaliar os fatores globais da escola. \u201c\u00c9 um importante indicador de como deveremos elaborar as pol\u00edticas p\u00fablicas para melhorar ainda mais a educa\u00e7\u00e3o brasileira\u201d, disse.<\/p>\n<p><strong>Saeb<\/strong><\/p>\n<p>O Sistema de Avalia\u00e7\u00e3o da Educa\u00e7\u00e3o B\u00e1sica (Saeb) tem como principal objetivo avaliar a Educa\u00e7\u00e3o B\u00e1sica brasileira e contribuir para a melhoria de sua qualidade e para a universaliza\u00e7\u00e3o do acesso \u00e0 escola, oferecendo subs\u00eddios concretos para a formula\u00e7\u00e3o, reformula\u00e7\u00e3o e o monitoramento das pol\u00edticas p\u00fablicas voltadas para a Educa\u00e7\u00e3o B\u00e1sica. Al\u00e9m disso, procura tamb\u00e9m oferecer dados e indicadores que possibilitem maior compreens\u00e3o dos fatores que influenciam o desempenho dos alunos nas \u00e1reas e anos avaliados.<\/p>\n<p>Fonte: Portal Correio<\/p>\n<p>Foto reprodu\u00e7\u00e3o Portal Correio<\/p>\n","protected":false},"excerpt":{"rendered":"<p>Mais de 120 mil estudantes paraibanos s\u00e3o avaliados na Prova Brasil, aplicada pela Secretaria de Estado da Educa\u00e7\u00e3o (SEE), em parceria com o Instituto Nacional de Estudos e Pesquisas Educacionais An\u00edsio Teixeira (Inep)\/Minist\u00e9rio da Educa\u00e7\u00e3o e Cultura (MEC). A aplica\u00e7\u00e3o da Prova Brasil iniciou, nesta segunda-feira (23), nas 14 Ger\u00eancias Regionais de Educa\u00e7\u00e3o do Estado. Participam da Prova Brasil, que avalia as disciplinas de Matem\u00e1tica e Portugu\u00eas, os estudantes do 5\u00ba e 9\u00ba anos do Ensino Fundamental e os estudantes da 3\u00aa s\u00e9rie do Ensino M\u00e9dio. Ao todo, foram montados na Para\u00edba 57 polos de apoio \u00e0 aplica\u00e7\u00e3o da Prova Brasil, com a participa\u00e7\u00e3o de 900 aplicadores, capacitados por esses polos. Estudantes dos cursos t\u00e9cnicos tamb\u00e9m ter\u00e3o suas habilidades avaliadas. Participam do exame os alunos das redes estadual, municipal e privada. A Prova Brasil ser\u00e1 aplicada at\u00e9 o dia 3 de novembro. S\u00e3o, no total, 1.893 escolas que participam da Prova Brasil. Este ano, a grande novidade \u00e9 que o resultado dos estudantes do Ensino M\u00e9dio \u2013 3\u00aa s\u00e9rie \u2013 ser\u00e1 conhecido. Antes, eles s\u00f3 participavam de forma censit\u00e1ria. Import\u00e2ncia da Prova A Prova Brasil \u00e9 um dos indicadores mais importantes do Sistema de Avalia\u00e7\u00e3o da Educa\u00e7\u00e3o B\u00e1sica (Saeb), que formar\u00e1 o \u00cdndice de Desenvolvimento da Educa\u00e7\u00e3o B\u00e1sica (Ideb). A m\u00e9dia obtida pelos alunos \u00e9 o resultado das notas tiradas nas disciplinas de Portugu\u00eas e Matem\u00e1tica e de fatores como frequ\u00eancia em sala de aula (Profici\u00eanciaXFluxo). &nbsp; Segundo a gerente executiva da Educa\u00e7\u00e3o Infantil e Ensino Fundamental, Marta Medeiros, a import\u00e2ncia da Prova Brasil est\u00e1 no fato de avaliar os fatores globais da escola. \u201c\u00c9 um importante indicador de como deveremos elaborar as pol\u00edticas p\u00fablicas para melhorar ainda mais a educa\u00e7\u00e3o brasileira\u201d, disse. Saeb O Sistema de Avalia\u00e7\u00e3o da Educa\u00e7\u00e3o B\u00e1sica (Saeb) tem como principal objetivo avaliar a Educa\u00e7\u00e3o B\u00e1sica brasileira e contribuir para a melhoria de sua qualidade e para a universaliza\u00e7\u00e3o do acesso \u00e0 escola, oferecendo subs\u00eddios concretos para a formula\u00e7\u00e3o, reformula\u00e7\u00e3o e o monitoramento das pol\u00edticas p\u00fablicas voltadas para a Educa\u00e7\u00e3o B\u00e1sica. Al\u00e9m disso, procura tamb\u00e9m oferecer dados e indicadores que possibilitem maior compreens\u00e3o dos fatores que influenciam o desempenho dos alunos nas \u00e1reas e anos avaliados. Fonte: Portal Correio Foto reprodu\u00e7\u00e3o Portal Correio<\/p>\n","protected":false},"author":2,"featured_media":5427,"comment_status":"closed","ping_status":"open","sticky":false,"template":"","format":"standard","meta":{"_eb_attr":"","_jetpack_memberships_contains_paid_content":false,"footnotes":""},"categories":[6],"tags":[],"class_list":["post-5426","post","type-post","status-publish","format-standard","has-post-thumbnail","hentry","category-educacao"],"yoast_head":"<!-- This site is optimized with the Yoast SEO plugin v26.5 - https:\/\/yoast.com\/wordpress\/plugins\/seo\/ -->\n<title>Prova Brasil avalia mais de 120 mil estudantes em escolas da PB - Not&iacute;cias em Destaque<\/title>\n<meta name=\"robots\" content=\"index, follow, max-snippet:-1, max-image-preview:large, max-video-preview:-1\" \/>\n<link rel=\"canonical\" href=\"https:\/\/noticiasemdestaque.com\/cd\/?p=5426\" \/>\n<meta property=\"og:locale\" content=\"pt_BR\" \/>\n<meta property=\"og:type\" content=\"article\" \/>\n<meta property=\"og:title\" content=\"Prova Brasil avalia mais de 120 mil estudantes em escolas da PB - Not&iacute;cias em Destaque\" \/>\n<meta property=\"og:description\" content=\"Mais de 120 mil estudantes paraibanos s\u00e3o avaliados na Prova Brasil, aplicada pela Secretaria de Estado da Educa\u00e7\u00e3o (SEE), em parceria com o Instituto Nacional de Estudos e Pesquisas Educacionais An\u00edsio Teixeira (Inep)\/Minist\u00e9rio da Educa\u00e7\u00e3o e Cultura (MEC). A aplica\u00e7\u00e3o da Prova Brasil iniciou, nesta segunda-feira (23), nas 14 Ger\u00eancias Regionais de Educa\u00e7\u00e3o do Estado. Participam da Prova Brasil, que avalia as disciplinas de Matem\u00e1tica e Portugu\u00eas, os estudantes do 5\u00ba e 9\u00ba anos do Ensino Fundamental e os estudantes da 3\u00aa s\u00e9rie do Ensino M\u00e9dio. Ao todo, foram montados na Para\u00edba 57 polos de apoio \u00e0 aplica\u00e7\u00e3o da Prova Brasil, com a participa\u00e7\u00e3o de 900 aplicadores, capacitados por esses polos. Estudantes dos cursos t\u00e9cnicos tamb\u00e9m ter\u00e3o suas habilidades avaliadas. Participam do exame os alunos das redes estadual, municipal e privada. A Prova Brasil ser\u00e1 aplicada at\u00e9 o dia 3 de novembro. S\u00e3o, no total, 1.893 escolas que participam da Prova Brasil. Este ano, a grande novidade \u00e9 que o resultado dos estudantes do Ensino M\u00e9dio \u2013 3\u00aa s\u00e9rie \u2013 ser\u00e1 conhecido. Antes, eles s\u00f3 participavam de forma censit\u00e1ria. Import\u00e2ncia da Prova A Prova Brasil \u00e9 um dos indicadores mais importantes do Sistema de Avalia\u00e7\u00e3o da Educa\u00e7\u00e3o B\u00e1sica (Saeb), que formar\u00e1 o \u00cdndice de Desenvolvimento da Educa\u00e7\u00e3o B\u00e1sica (Ideb). A m\u00e9dia obtida pelos alunos \u00e9 o resultado das notas tiradas nas disciplinas de Portugu\u00eas e Matem\u00e1tica e de fatores como frequ\u00eancia em sala de aula (Profici\u00eanciaXFluxo). &nbsp; Segundo a gerente executiva da Educa\u00e7\u00e3o Infantil e Ensino Fundamental, Marta Medeiros, a import\u00e2ncia da Prova Brasil est\u00e1 no fato de avaliar os fatores globais da escola. \u201c\u00c9 um importante indicador de como deveremos elaborar as pol\u00edticas p\u00fablicas para melhorar ainda mais a educa\u00e7\u00e3o brasileira\u201d, disse. Saeb O Sistema de Avalia\u00e7\u00e3o da Educa\u00e7\u00e3o B\u00e1sica (Saeb) tem como principal objetivo avaliar a Educa\u00e7\u00e3o B\u00e1sica brasileira e contribuir para a melhoria de sua qualidade e para a universaliza\u00e7\u00e3o do acesso \u00e0 escola, oferecendo subs\u00eddios concretos para a formula\u00e7\u00e3o, reformula\u00e7\u00e3o e o monitoramento das pol\u00edticas p\u00fablicas voltadas para a Educa\u00e7\u00e3o B\u00e1sica. Al\u00e9m disso, procura tamb\u00e9m oferecer dados e indicadores que possibilitem maior compreens\u00e3o dos fatores que influenciam o desempenho dos alunos nas \u00e1reas e anos avaliados. Fonte: Portal Correio Foto reprodu\u00e7\u00e3o Portal Correio\" \/>\n<meta property=\"og:url\" content=\"https:\/\/noticiasemdestaque.com\/cd\/?p=5426\" \/>\n<meta property=\"og:site_name\" content=\"Not&iacute;cias em Destaque\" \/>\n<meta property=\"article:published_time\" content=\"2017-10-24T10:59:29+00:00\" \/>\n<meta property=\"article:modified_time\" content=\"2017-10-24T12:02:31+00:00\" \/>\n<meta property=\"og:image\" content=\"https:\/\/noticiasemdestaque.com\/cd\/wp-content\/uploads\/2017\/10\/Z-1.jpg\" \/>\n\t<meta property=\"og:image:width\" content=\"362\" \/>\n\t<meta property=\"og:image:height\" content=\"271\" \/>\n\t<meta property=\"og:image:type\" content=\"image\/jpeg\" \/>\n<meta name=\"author\" content=\"Not\u00edcias em Destaque\" \/>\n<meta name=\"twitter:card\" content=\"summary_large_image\" \/>\n<meta name=\"twitter:label1\" content=\"Escrito por\" \/>\n\t<meta name=\"twitter:data1\" content=\"Not\u00edcias em Destaque\" \/>\n\t<meta name=\"twitter:label2\" content=\"Est. tempo de leitura\" \/>\n\t<meta name=\"twitter:data2\" content=\"2 minutos\" \/>\n<script type=\"application\/ld+json\" class=\"yoast-schema-graph\">{\"@context\":\"https:\/\/schema.org\",\"@graph\":[{\"@type\":\"Article\",\"@id\":\"https:\/\/noticiasemdestaque.com\/cd\/?p=5426#article\",\"isPartOf\":{\"@id\":\"https:\/\/noticiasemdestaque.com\/cd\/?p=5426\"},\"author\":{\"name\":\"Not\u00edcias em Destaque\",\"@id\":\"https:\/\/noticiasemdestaque.com\/cd\/#\/schema\/person\/21320b03a7e8bb90128938dafc9b908a\"},\"headline\":\"Prova Brasil avalia mais de 120 mil estudantes em escolas da PB\",\"datePublished\":\"2017-10-24T10:59:29+00:00\",\"dateModified\":\"2017-10-24T12:02:31+00:00\",\"mainEntityOfPage\":{\"@id\":\"https:\/\/noticiasemdestaque.com\/cd\/?p=5426\"},\"wordCount\":415,\"publisher\":{\"@id\":\"https:\/\/noticiasemdestaque.com\/cd\/#organization\"},\"image\":{\"@id\":\"https:\/\/noticiasemdestaque.com\/cd\/?p=5426#primaryimage\"},\"thumbnailUrl\":\"https:\/\/noticiasemdestaque.com\/cd\/wp-content\/uploads\/2017\/10\/Z-1.jpg\",\"articleSection\":[\"Educa\u00e7\u00e3o\"],\"inLanguage\":\"pt-BR\"},{\"@type\":\"WebPage\",\"@id\":\"https:\/\/noticiasemdestaque.com\/cd\/?p=5426\",\"url\":\"https:\/\/noticiasemdestaque.com\/cd\/?p=5426\",\"name\":\"Prova Brasil avalia mais de 120 mil estudantes em escolas da PB - Not&iacute;cias em Destaque\",\"isPartOf\":{\"@id\":\"https:\/\/noticiasemdestaque.com\/cd\/#website\"},\"primaryImageOfPage\":{\"@id\":\"https:\/\/noticiasemdestaque.com\/cd\/?p=5426#primaryimage\"},\"image\":{\"@id\":\"https:\/\/noticiasemdestaque.com\/cd\/?p=5426#primaryimage\"},\"thumbnailUrl\":\"https:\/\/noticiasemdestaque.com\/cd\/wp-content\/uploads\/2017\/10\/Z-1.jpg\",\"datePublished\":\"2017-10-24T10:59:29+00:00\",\"dateModified\":\"2017-10-24T12:02:31+00:00\",\"breadcrumb\":{\"@id\":\"https:\/\/noticiasemdestaque.com\/cd\/?p=5426#breadcrumb\"},\"inLanguage\":\"pt-BR\",\"potentialAction\":[{\"@type\":\"ReadAction\",\"target\":[\"https:\/\/noticiasemdestaque.com\/cd\/?p=5426\"]}]},{\"@type\":\"ImageObject\",\"inLanguage\":\"pt-BR\",\"@id\":\"https:\/\/noticiasemdestaque.com\/cd\/?p=5426#primaryimage\",\"url\":\"https:\/\/noticiasemdestaque.com\/cd\/wp-content\/uploads\/2017\/10\/Z-1.jpg\",\"contentUrl\":\"https:\/\/noticiasemdestaque.com\/cd\/wp-content\/uploads\/2017\/10\/Z-1.jpg\",\"width\":362,\"height\":271},{\"@type\":\"BreadcrumbList\",\"@id\":\"https:\/\/noticiasemdestaque.com\/cd\/?p=5426#breadcrumb\",\"itemListElement\":[{\"@type\":\"ListItem\",\"position\":1,\"name\":\"In\u00edcio\",\"item\":\"https:\/\/noticiasemdestaque.com\/cd\/\"},{\"@type\":\"ListItem\",\"position\":2,\"name\":\"Prova Brasil avalia mais de 120 mil estudantes em escolas da PB\"}]},{\"@type\":\"WebSite\",\"@id\":\"https:\/\/noticiasemdestaque.com\/cd\/#website\",\"url\":\"https:\/\/noticiasemdestaque.com\/cd\/\",\"name\":\"Not&iacute;cias em Destaque\",\"description\":\"\",\"publisher\":{\"@id\":\"https:\/\/noticiasemdestaque.com\/cd\/#organization\"},\"potentialAction\":[{\"@type\":\"SearchAction\",\"target\":{\"@type\":\"EntryPoint\",\"urlTemplate\":\"https:\/\/noticiasemdestaque.com\/cd\/?s={search_term_string}\"},\"query-input\":{\"@type\":\"PropertyValueSpecification\",\"valueRequired\":true,\"valueName\":\"search_term_string\"}}],\"inLanguage\":\"pt-BR\"},{\"@type\":\"Organization\",\"@id\":\"https:\/\/noticiasemdestaque.com\/cd\/#organization\",\"name\":\"Not\u00edcias em Destaque\",\"url\":\"https:\/\/noticiasemdestaque.com\/cd\/\",\"logo\":{\"@type\":\"ImageObject\",\"inLanguage\":\"pt-BR\",\"@id\":\"https:\/\/noticiasemdestaque.com\/cd\/#\/schema\/logo\/image\/\",\"url\":\"https:\/\/noticiasemdestaque.com\/cd\/wp-content\/uploads\/2022\/05\/imagem-base-noticiasemdestaque.png\",\"contentUrl\":\"https:\/\/noticiasemdestaque.com\/cd\/wp-content\/uploads\/2022\/05\/imagem-base-noticiasemdestaque.png\",\"width\":1200,\"height\":630,\"caption\":\"Not\u00edcias em Destaque\"},\"image\":{\"@id\":\"https:\/\/noticiasemdestaque.com\/cd\/#\/schema\/logo\/image\/\"}},{\"@type\":\"Person\",\"@id\":\"https:\/\/noticiasemdestaque.com\/cd\/#\/schema\/person\/21320b03a7e8bb90128938dafc9b908a\",\"name\":\"Not\u00edcias em Destaque\",\"url\":\"https:\/\/noticiasemdestaque.com\/cd\/?author=2\"}]}<\/script>\n<!-- \/ Yoast SEO plugin. -->","yoast_head_json":{"title":"Prova Brasil avalia mais de 120 mil estudantes em escolas da PB - Not&iacute;cias em Destaque","robots":{"index":"index","follow":"follow","max-snippet":"max-snippet:-1","max-image-preview":"max-image-preview:large","max-video-preview":"max-video-preview:-1"},"canonical":"https:\/\/noticiasemdestaque.com\/cd\/?p=5426","og_locale":"pt_BR","og_type":"article","og_title":"Prova Brasil avalia mais de 120 mil estudantes em escolas da PB - Not&iacute;cias em Destaque","og_description":"Mais de 120 mil estudantes paraibanos s\u00e3o avaliados na Prova Brasil, aplicada pela Secretaria de Estado da Educa\u00e7\u00e3o (SEE), em parceria com o Instituto Nacional de Estudos e Pesquisas Educacionais An\u00edsio Teixeira (Inep)\/Minist\u00e9rio da Educa\u00e7\u00e3o e Cultura (MEC). A aplica\u00e7\u00e3o da Prova Brasil iniciou, nesta segunda-feira (23), nas 14 Ger\u00eancias Regionais de Educa\u00e7\u00e3o do Estado. Participam da Prova Brasil, que avalia as disciplinas de Matem\u00e1tica e Portugu\u00eas, os estudantes do 5\u00ba e 9\u00ba anos do Ensino Fundamental e os estudantes da 3\u00aa s\u00e9rie do Ensino M\u00e9dio. Ao todo, foram montados na Para\u00edba 57 polos de apoio \u00e0 aplica\u00e7\u00e3o da Prova Brasil, com a participa\u00e7\u00e3o de 900 aplicadores, capacitados por esses polos. Estudantes dos cursos t\u00e9cnicos tamb\u00e9m ter\u00e3o suas habilidades avaliadas. Participam do exame os alunos das redes estadual, municipal e privada. A Prova Brasil ser\u00e1 aplicada at\u00e9 o dia 3 de novembro. S\u00e3o, no total, 1.893 escolas que participam da Prova Brasil. Este ano, a grande novidade \u00e9 que o resultado dos estudantes do Ensino M\u00e9dio \u2013 3\u00aa s\u00e9rie \u2013 ser\u00e1 conhecido. Antes, eles s\u00f3 participavam de forma censit\u00e1ria. Import\u00e2ncia da Prova A Prova Brasil \u00e9 um dos indicadores mais importantes do Sistema de Avalia\u00e7\u00e3o da Educa\u00e7\u00e3o B\u00e1sica (Saeb), que formar\u00e1 o \u00cdndice de Desenvolvimento da Educa\u00e7\u00e3o B\u00e1sica (Ideb). A m\u00e9dia obtida pelos alunos \u00e9 o resultado das notas tiradas nas disciplinas de Portugu\u00eas e Matem\u00e1tica e de fatores como frequ\u00eancia em sala de aula (Profici\u00eanciaXFluxo). &nbsp; Segundo a gerente executiva da Educa\u00e7\u00e3o Infantil e Ensino Fundamental, Marta Medeiros, a import\u00e2ncia da Prova Brasil est\u00e1 no fato de avaliar os fatores globais da escola. \u201c\u00c9 um importante indicador de como deveremos elaborar as pol\u00edticas p\u00fablicas para melhorar ainda mais a educa\u00e7\u00e3o brasileira\u201d, disse. Saeb O Sistema de Avalia\u00e7\u00e3o da Educa\u00e7\u00e3o B\u00e1sica (Saeb) tem como principal objetivo avaliar a Educa\u00e7\u00e3o B\u00e1sica brasileira e contribuir para a melhoria de sua qualidade e para a universaliza\u00e7\u00e3o do acesso \u00e0 escola, oferecendo subs\u00eddios concretos para a formula\u00e7\u00e3o, reformula\u00e7\u00e3o e o monitoramento das pol\u00edticas p\u00fablicas voltadas para a Educa\u00e7\u00e3o B\u00e1sica. Al\u00e9m disso, procura tamb\u00e9m oferecer dados e indicadores que possibilitem maior compreens\u00e3o dos fatores que influenciam o desempenho dos alunos nas \u00e1reas e anos avaliados. Fonte: Portal Correio Foto reprodu\u00e7\u00e3o Portal Correio","og_url":"https:\/\/noticiasemdestaque.com\/cd\/?p=5426","og_site_name":"Not&iacute;cias em Destaque","article_published_time":"2017-10-24T10:59:29+00:00","article_modified_time":"2017-10-24T12:02:31+00:00","og_image":[{"width":362,"height":271,"url":"https:\/\/noticiasemdestaque.com\/cd\/wp-content\/uploads\/2017\/10\/Z-1.jpg","type":"image\/jpeg"}],"author":"Not\u00edcias em Destaque","twitter_card":"summary_large_image","twitter_misc":{"Escrito por":"Not\u00edcias em Destaque","Est. tempo de leitura":"2 minutos"},"schema":{"@context":"https:\/\/schema.org","@graph":[{"@type":"Article","@id":"https:\/\/noticiasemdestaque.com\/cd\/?p=5426#article","isPartOf":{"@id":"https:\/\/noticiasemdestaque.com\/cd\/?p=5426"},"author":{"name":"Not\u00edcias em Destaque","@id":"https:\/\/noticiasemdestaque.com\/cd\/#\/schema\/person\/21320b03a7e8bb90128938dafc9b908a"},"headline":"Prova Brasil avalia mais de 120 mil estudantes em escolas da PB","datePublished":"2017-10-24T10:59:29+00:00","dateModified":"2017-10-24T12:02:31+00:00","mainEntityOfPage":{"@id":"https:\/\/noticiasemdestaque.com\/cd\/?p=5426"},"wordCount":415,"publisher":{"@id":"https:\/\/noticiasemdestaque.com\/cd\/#organization"},"image":{"@id":"https:\/\/noticiasemdestaque.com\/cd\/?p=5426#primaryimage"},"thumbnailUrl":"https:\/\/noticiasemdestaque.com\/cd\/wp-content\/uploads\/2017\/10\/Z-1.jpg","articleSection":["Educa\u00e7\u00e3o"],"inLanguage":"pt-BR"},{"@type":"WebPage","@id":"https:\/\/noticiasemdestaque.com\/cd\/?p=5426","url":"https:\/\/noticiasemdestaque.com\/cd\/?p=5426","name":"Prova Brasil avalia mais de 120 mil estudantes em escolas da PB - Not&iacute;cias em Destaque","isPartOf":{"@id":"https:\/\/noticiasemdestaque.com\/cd\/#website"},"primaryImageOfPage":{"@id":"https:\/\/noticiasemdestaque.com\/cd\/?p=5426#primaryimage"},"image":{"@id":"https:\/\/noticiasemdestaque.com\/cd\/?p=5426#primaryimage"},"thumbnailUrl":"https:\/\/noticiasemdestaque.com\/cd\/wp-content\/uploads\/2017\/10\/Z-1.jpg","datePublished":"2017-10-24T10:59:29+00:00","dateModified":"2017-10-24T12:02:31+00:00","breadcrumb":{"@id":"https:\/\/noticiasemdestaque.com\/cd\/?p=5426#breadcrumb"},"inLanguage":"pt-BR","potentialAction":[{"@type":"ReadAction","target":["https:\/\/noticiasemdestaque.com\/cd\/?p=5426"]}]},{"@type":"ImageObject","inLanguage":"pt-BR","@id":"https:\/\/noticiasemdestaque.com\/cd\/?p=5426#primaryimage","url":"https:\/\/noticiasemdestaque.com\/cd\/wp-content\/uploads\/2017\/10\/Z-1.jpg","contentUrl":"https:\/\/noticiasemdestaque.com\/cd\/wp-content\/uploads\/2017\/10\/Z-1.jpg","width":362,"height":271},{"@type":"BreadcrumbList","@id":"https:\/\/noticiasemdestaque.com\/cd\/?p=5426#breadcrumb","itemListElement":[{"@type":"ListItem","position":1,"name":"In\u00edcio","item":"https:\/\/noticiasemdestaque.com\/cd\/"},{"@type":"ListItem","position":2,"name":"Prova Brasil avalia mais de 120 mil estudantes em escolas da PB"}]},{"@type":"WebSite","@id":"https:\/\/noticiasemdestaque.com\/cd\/#website","url":"https:\/\/noticiasemdestaque.com\/cd\/","name":"Not&iacute;cias em Destaque","description":"","publisher":{"@id":"https:\/\/noticiasemdestaque.com\/cd\/#organization"},"potentialAction":[{"@type":"SearchAction","target":{"@type":"EntryPoint","urlTemplate":"https:\/\/noticiasemdestaque.com\/cd\/?s={search_term_string}"},"query-input":{"@type":"PropertyValueSpecification","valueRequired":true,"valueName":"search_term_string"}}],"inLanguage":"pt-BR"},{"@type":"Organization","@id":"https:\/\/noticiasemdestaque.com\/cd\/#organization","name":"Not\u00edcias em Destaque","url":"https:\/\/noticiasemdestaque.com\/cd\/","logo":{"@type":"ImageObject","inLanguage":"pt-BR","@id":"https:\/\/noticiasemdestaque.com\/cd\/#\/schema\/logo\/image\/","url":"https:\/\/noticiasemdestaque.com\/cd\/wp-content\/uploads\/2022\/05\/imagem-base-noticiasemdestaque.png","contentUrl":"https:\/\/noticiasemdestaque.com\/cd\/wp-content\/uploads\/2022\/05\/imagem-base-noticiasemdestaque.png","width":1200,"height":630,"caption":"Not\u00edcias em Destaque"},"image":{"@id":"https:\/\/noticiasemdestaque.com\/cd\/#\/schema\/logo\/image\/"}},{"@type":"Person","@id":"https:\/\/noticiasemdestaque.com\/cd\/#\/schema\/person\/21320b03a7e8bb90128938dafc9b908a","name":"Not\u00edcias em Destaque","url":"https:\/\/noticiasemdestaque.com\/cd\/?author=2"}]}},"jetpack_featured_media_url":"https:\/\/noticiasemdestaque.com\/cd\/wp-content\/uploads\/2017\/10\/Z-1.jpg","jetpack_sharing_enabled":true,"_links":{"self":[{"href":"https:\/\/noticiasemdestaque.com\/cd\/index.php?rest_route=\/wp\/v2\/posts\/5426","targetHints":{"allow":["GET"]}}],"collection":[{"href":"https:\/\/noticiasemdestaque.com\/cd\/index.php?rest_route=\/wp\/v2\/posts"}],"about":[{"href":"https:\/\/noticiasemdestaque.com\/cd\/index.php?rest_route=\/wp\/v2\/types\/post"}],"author":[{"embeddable":true,"href":"https:\/\/noticiasemdestaque.com\/cd\/index.php?rest_route=\/wp\/v2\/users\/2"}],"replies":[{"embeddable":true,"href":"https:\/\/noticiasemdestaque.com\/cd\/index.php?rest_route=%2Fwp%2Fv2%2Fcomments&post=5426"}],"version-history":[{"count":1,"href":"https:\/\/noticiasemdestaque.com\/cd\/index.php?rest_route=\/wp\/v2\/posts\/5426\/revisions"}],"predecessor-version":[{"id":5428,"href":"https:\/\/noticiasemdestaque.com\/cd\/index.php?rest_route=\/wp\/v2\/posts\/5426\/revisions\/5428"}],"wp:featuredmedia":[{"embeddable":true,"href":"https:\/\/noticiasemdestaque.com\/cd\/index.php?rest_route=\/wp\/v2\/media\/5427"}],"wp:attachment":[{"href":"https:\/\/noticiasemdestaque.com\/cd\/index.php?rest_route=%2Fwp%2Fv2%2Fmedia&parent=5426"}],"wp:term":[{"taxonomy":"category","embeddable":true,"href":"https:\/\/noticiasemdestaque.com\/cd\/index.php?rest_route=%2Fwp%2Fv2%2Fcategories&post=5426"},{"taxonomy":"post_tag","embeddable":true,"href":"https:\/\/noticiasemdestaque.com\/cd\/index.php?rest_route=%2Fwp%2Fv2%2Ftags&post=5426"}],"curies":[{"name":"wp","href":"https:\/\/api.w.org\/{rel}","templated":true}]}}