{"id":542,"date":"2017-06-14T21:10:16","date_gmt":"2017-06-15T00:10:16","guid":{"rendered":"http:\/\/caririemdestaque.com\/cd\/?p=542"},"modified":"2017-06-14T21:10:16","modified_gmt":"2017-06-15T00:10:16","slug":"em-serra-branca-prefeito-gasta-r-13-mil-em-letreiro-mas-falta-dinheiro-para-educacao-e-saude","status":"publish","type":"post","link":"https:\/\/noticiasemdestaque.com\/cd\/?p=542","title":{"rendered":"Em Serra Branca Prefeito gasta R$ 13 mil em letreiro, mas falta dinheiro para educa\u00e7\u00e3o e sa\u00fade"},"content":{"rendered":"<p>&nbsp;<\/p>\n<p><a href=\"http:\/\/caririemdestaque.com\/cd\/wp-content\/uploads\/2017\/06\/b9b37589-9df6-4320-b13d-c519adc1c959.jpg\"><img fetchpriority=\"high\" decoding=\"async\" class=\"size-medium wp-image-544 alignleft\" src=\"http:\/\/caririemdestaque.com\/cd\/wp-content\/uploads\/2017\/06\/b9b37589-9df6-4320-b13d-c519adc1c959-300x291.jpg\" alt=\"\" width=\"300\" height=\"291\" srcset=\"https:\/\/noticiasemdestaque.com\/cd\/wp-content\/uploads\/2017\/06\/b9b37589-9df6-4320-b13d-c519adc1c959-300x291.jpg 300w, https:\/\/noticiasemdestaque.com\/cd\/wp-content\/uploads\/2017\/06\/b9b37589-9df6-4320-b13d-c519adc1c959.jpg 714w\" sizes=\"(max-width: 300px) 100vw, 300px\" \/><\/a>A Prefeitura Municipal de Serra Branca inaugurou nesta ter\u00e7a-feira (14\/06) um letreiro com os dizeres \u201cEU AMO<strong>\u00a0<\/strong>SERRA BRANCA\u201d, o monumento deveria ter sido inaugurado durante a programa\u00e7\u00e3o de anivers\u00e1rio dos 58 anos de emancipa\u00e7\u00e3o do munic\u00edpio, no dia 27 de abril, havendo assim um atraso de quase dois meses.<\/p>\n<p>A obra custou aos cofres p\u00fablicos R$ 13 mil e tornou-se destaque tanto nas redes sociais como nos sites da regi\u00e3o, sendo alvo de cr\u00edticas e elogios o letreiro deu o que falar. Se por um lado agradou a quem quer tirar fotos e postar em suas redes sociais por outro deixou algumas insatisfa\u00e7\u00f5es.<\/p>\n<p>Muitos internautas questionam o fato de se ter gastado um valor significativo com algo t\u00e3o fr\u00edvolo enquanto que nas escolas municipais faltam simples quadros para os professores darem aula de qualidade, assim acontece na Escola C\u00f4nego Jo\u00e3o Marques \u2013 PR\u00d3, que continua com quadro em p\u00e9ssimas condi\u00e7\u00f5es para o uso, como pode ser visto abaixo. Professores tamb\u00e9m reclamam da dificuldade em receber seu direito de ter\u00e7o de f\u00e9rias. Faltam tamb\u00e9m servi\u00e7os de sa\u00fade,<\/p>\n<p>O munic\u00edpio n\u00e3o oferece \u00e0 popula\u00e7\u00e3o atendimentos de especialidades, a exemplos de m\u00e9dico pediatras e ginecol\u00f3gicos.\u00a0 A espera para se fazer exames espec\u00edficos tamb\u00e9m \u00e9 muito longa, chegando a durar mais de dois meses.<\/p>\n<p>Cariri em Destaque<\/p>\n<p>&nbsp;<\/p>\n","protected":false},"excerpt":{"rendered":"<p>&nbsp; A Prefeitura Municipal de Serra Branca inaugurou nesta ter\u00e7a-feira (14\/06) um letreiro com os dizeres \u201cEU AMO\u00a0SERRA BRANCA\u201d, o monumento deveria ter sido inaugurado durante a programa\u00e7\u00e3o de anivers\u00e1rio dos 58 anos de emancipa\u00e7\u00e3o do munic\u00edpio, no dia 27 de abril, havendo assim um atraso de quase dois meses. A obra custou aos cofres p\u00fablicos R$ 13 mil e tornou-se destaque tanto nas redes sociais como nos sites da regi\u00e3o, sendo alvo de cr\u00edticas e elogios o letreiro deu o que falar. Se por um lado agradou a quem quer tirar fotos e postar em suas redes sociais por outro deixou algumas insatisfa\u00e7\u00f5es. Muitos internautas questionam o fato de se ter gastado um valor significativo com algo t\u00e3o fr\u00edvolo enquanto que nas escolas municipais faltam simples quadros para os professores darem aula de qualidade, assim acontece na Escola C\u00f4nego Jo\u00e3o Marques \u2013 PR\u00d3, que continua com quadro em p\u00e9ssimas condi\u00e7\u00f5es para o uso, como pode ser visto abaixo. Professores tamb\u00e9m reclamam da dificuldade em receber seu direito de ter\u00e7o de f\u00e9rias. Faltam tamb\u00e9m servi\u00e7os de sa\u00fade, O munic\u00edpio n\u00e3o oferece \u00e0 popula\u00e7\u00e3o atendimentos de especialidades, a exemplos de m\u00e9dico pediatras e ginecol\u00f3gicos.\u00a0 A espera para se fazer exames espec\u00edficos tamb\u00e9m \u00e9 muito longa, chegando a durar mais de dois meses. Cariri em Destaque &nbsp;<\/p>\n","protected":false},"author":2,"featured_media":544,"comment_status":"closed","ping_status":"open","sticky":false,"template":"","format":"standard","meta":{"_eb_attr":"","_jetpack_memberships_contains_paid_content":false,"footnotes":""},"categories":[3],"tags":[],"class_list":["post-542","post","type-post","status-publish","format-standard","has-post-thumbnail","hentry","category-cidades"],"yoast_head":"<!-- This site is optimized with the Yoast SEO plugin v26.5 - https:\/\/yoast.com\/wordpress\/plugins\/seo\/ -->\n<title>Em Serra Branca Prefeito gasta R$ 13 mil em letreiro, mas falta dinheiro para educa\u00e7\u00e3o e sa\u00fade - Not&iacute;cias em Destaque<\/title>\n<meta name=\"robots\" content=\"index, follow, max-snippet:-1, max-image-preview:large, max-video-preview:-1\" \/>\n<link rel=\"canonical\" href=\"https:\/\/noticiasemdestaque.com\/cd\/?p=542\" \/>\n<meta property=\"og:locale\" content=\"pt_BR\" \/>\n<meta property=\"og:type\" content=\"article\" \/>\n<meta property=\"og:title\" content=\"Em Serra Branca Prefeito gasta R$ 13 mil em letreiro, mas falta dinheiro para educa\u00e7\u00e3o e sa\u00fade - Not&iacute;cias em Destaque\" \/>\n<meta property=\"og:description\" content=\"&nbsp; A Prefeitura Municipal de Serra Branca inaugurou nesta ter\u00e7a-feira (14\/06) um letreiro com os dizeres \u201cEU AMO\u00a0SERRA BRANCA\u201d, o monumento deveria ter sido inaugurado durante a programa\u00e7\u00e3o de anivers\u00e1rio dos 58 anos de emancipa\u00e7\u00e3o do munic\u00edpio, no dia 27 de abril, havendo assim um atraso de quase dois meses. A obra custou aos cofres p\u00fablicos R$ 13 mil e tornou-se destaque tanto nas redes sociais como nos sites da regi\u00e3o, sendo alvo de cr\u00edticas e elogios o letreiro deu o que falar. Se por um lado agradou a quem quer tirar fotos e postar em suas redes sociais por outro deixou algumas insatisfa\u00e7\u00f5es. Muitos internautas questionam o fato de se ter gastado um valor significativo com algo t\u00e3o fr\u00edvolo enquanto que nas escolas municipais faltam simples quadros para os professores darem aula de qualidade, assim acontece na Escola C\u00f4nego Jo\u00e3o Marques \u2013 PR\u00d3, que continua com quadro em p\u00e9ssimas condi\u00e7\u00f5es para o uso, como pode ser visto abaixo. Professores tamb\u00e9m reclamam da dificuldade em receber seu direito de ter\u00e7o de f\u00e9rias. Faltam tamb\u00e9m servi\u00e7os de sa\u00fade, O munic\u00edpio n\u00e3o oferece \u00e0 popula\u00e7\u00e3o atendimentos de especialidades, a exemplos de m\u00e9dico pediatras e ginecol\u00f3gicos.\u00a0 A espera para se fazer exames espec\u00edficos tamb\u00e9m \u00e9 muito longa, chegando a durar mais de dois meses. Cariri em Destaque &nbsp;\" \/>\n<meta property=\"og:url\" content=\"https:\/\/noticiasemdestaque.com\/cd\/?p=542\" \/>\n<meta property=\"og:site_name\" content=\"Not&iacute;cias em Destaque\" \/>\n<meta property=\"article:published_time\" content=\"2017-06-15T00:10:16+00:00\" \/>\n<meta property=\"og:image\" content=\"https:\/\/noticiasemdestaque.com\/cd\/wp-content\/uploads\/2017\/06\/b9b37589-9df6-4320-b13d-c519adc1c959.jpg\" \/>\n\t<meta property=\"og:image:width\" content=\"714\" \/>\n\t<meta property=\"og:image:height\" content=\"692\" \/>\n\t<meta property=\"og:image:type\" content=\"image\/jpeg\" \/>\n<meta name=\"author\" content=\"Not\u00edcias em Destaque\" \/>\n<meta name=\"twitter:card\" content=\"summary_large_image\" \/>\n<meta name=\"twitter:label1\" content=\"Escrito por\" \/>\n\t<meta name=\"twitter:data1\" content=\"Not\u00edcias em Destaque\" \/>\n\t<meta name=\"twitter:label2\" content=\"Est. tempo de leitura\" \/>\n\t<meta name=\"twitter:data2\" content=\"1 minuto\" \/>\n<script type=\"application\/ld+json\" class=\"yoast-schema-graph\">{\"@context\":\"https:\/\/schema.org\",\"@graph\":[{\"@type\":\"Article\",\"@id\":\"https:\/\/noticiasemdestaque.com\/cd\/?p=542#article\",\"isPartOf\":{\"@id\":\"https:\/\/noticiasemdestaque.com\/cd\/?p=542\"},\"author\":{\"name\":\"Not\u00edcias em Destaque\",\"@id\":\"https:\/\/noticiasemdestaque.com\/cd\/#\/schema\/person\/47f7d4f55eec17c6b2ca036c5500f6ce\"},\"headline\":\"Em Serra Branca Prefeito gasta R$ 13 mil em letreiro, mas falta dinheiro para educa\u00e7\u00e3o e sa\u00fade\",\"datePublished\":\"2017-06-15T00:10:16+00:00\",\"mainEntityOfPage\":{\"@id\":\"https:\/\/noticiasemdestaque.com\/cd\/?p=542\"},\"wordCount\":255,\"publisher\":{\"@id\":\"https:\/\/noticiasemdestaque.com\/cd\/#organization\"},\"image\":{\"@id\":\"https:\/\/noticiasemdestaque.com\/cd\/?p=542#primaryimage\"},\"thumbnailUrl\":\"https:\/\/noticiasemdestaque.com\/cd\/wp-content\/uploads\/2017\/06\/b9b37589-9df6-4320-b13d-c519adc1c959.jpg\",\"articleSection\":[\"Cidades\"],\"inLanguage\":\"pt-BR\"},{\"@type\":\"WebPage\",\"@id\":\"https:\/\/noticiasemdestaque.com\/cd\/?p=542\",\"url\":\"https:\/\/noticiasemdestaque.com\/cd\/?p=542\",\"name\":\"Em Serra Branca Prefeito gasta R$ 13 mil em letreiro, mas falta dinheiro para educa\u00e7\u00e3o e sa\u00fade - Not&iacute;cias em Destaque\",\"isPartOf\":{\"@id\":\"https:\/\/noticiasemdestaque.com\/cd\/#website\"},\"primaryImageOfPage\":{\"@id\":\"https:\/\/noticiasemdestaque.com\/cd\/?p=542#primaryimage\"},\"image\":{\"@id\":\"https:\/\/noticiasemdestaque.com\/cd\/?p=542#primaryimage\"},\"thumbnailUrl\":\"https:\/\/noticiasemdestaque.com\/cd\/wp-content\/uploads\/2017\/06\/b9b37589-9df6-4320-b13d-c519adc1c959.jpg\",\"datePublished\":\"2017-06-15T00:10:16+00:00\",\"breadcrumb\":{\"@id\":\"https:\/\/noticiasemdestaque.com\/cd\/?p=542#breadcrumb\"},\"inLanguage\":\"pt-BR\",\"potentialAction\":[{\"@type\":\"ReadAction\",\"target\":[\"https:\/\/noticiasemdestaque.com\/cd\/?p=542\"]}]},{\"@type\":\"ImageObject\",\"inLanguage\":\"pt-BR\",\"@id\":\"https:\/\/noticiasemdestaque.com\/cd\/?p=542#primaryimage\",\"url\":\"https:\/\/noticiasemdestaque.com\/cd\/wp-content\/uploads\/2017\/06\/b9b37589-9df6-4320-b13d-c519adc1c959.jpg\",\"contentUrl\":\"https:\/\/noticiasemdestaque.com\/cd\/wp-content\/uploads\/2017\/06\/b9b37589-9df6-4320-b13d-c519adc1c959.jpg\",\"width\":714,\"height\":692},{\"@type\":\"BreadcrumbList\",\"@id\":\"https:\/\/noticiasemdestaque.com\/cd\/?p=542#breadcrumb\",\"itemListElement\":[{\"@type\":\"ListItem\",\"position\":1,\"name\":\"In\u00edcio\",\"item\":\"https:\/\/noticiasemdestaque.com\/cd\/\"},{\"@type\":\"ListItem\",\"position\":2,\"name\":\"Em Serra Branca Prefeito gasta R$ 13 mil em letreiro, mas falta dinheiro para educa\u00e7\u00e3o e sa\u00fade\"}]},{\"@type\":\"WebSite\",\"@id\":\"https:\/\/noticiasemdestaque.com\/cd\/#website\",\"url\":\"https:\/\/noticiasemdestaque.com\/cd\/\",\"name\":\"Not&iacute;cias em Destaque\",\"description\":\"\",\"publisher\":{\"@id\":\"https:\/\/noticiasemdestaque.com\/cd\/#organization\"},\"potentialAction\":[{\"@type\":\"SearchAction\",\"target\":{\"@type\":\"EntryPoint\",\"urlTemplate\":\"https:\/\/noticiasemdestaque.com\/cd\/?s={search_term_string}\"},\"query-input\":{\"@type\":\"PropertyValueSpecification\",\"valueRequired\":true,\"valueName\":\"search_term_string\"}}],\"inLanguage\":\"pt-BR\"},{\"@type\":\"Organization\",\"@id\":\"https:\/\/noticiasemdestaque.com\/cd\/#organization\",\"name\":\"Not\u00edcias em Destaque\",\"url\":\"https:\/\/noticiasemdestaque.com\/cd\/\",\"logo\":{\"@type\":\"ImageObject\",\"inLanguage\":\"pt-BR\",\"@id\":\"https:\/\/noticiasemdestaque.com\/cd\/#\/schema\/logo\/image\/\",\"url\":\"https:\/\/noticiasemdestaque.com\/cd\/wp-content\/uploads\/2022\/05\/imagem-base-noticiasemdestaque.png\",\"contentUrl\":\"https:\/\/noticiasemdestaque.com\/cd\/wp-content\/uploads\/2022\/05\/imagem-base-noticiasemdestaque.png\",\"width\":1200,\"height\":630,\"caption\":\"Not\u00edcias em Destaque\"},\"image\":{\"@id\":\"https:\/\/noticiasemdestaque.com\/cd\/#\/schema\/logo\/image\/\"}},{\"@type\":\"Person\",\"@id\":\"https:\/\/noticiasemdestaque.com\/cd\/#\/schema\/person\/47f7d4f55eec17c6b2ca036c5500f6ce\",\"name\":\"Not\u00edcias em Destaque\",\"url\":\"https:\/\/noticiasemdestaque.com\/cd\/?author=2\"}]}<\/script>\n<!-- \/ Yoast SEO plugin. -->","yoast_head_json":{"title":"Em Serra Branca Prefeito gasta R$ 13 mil em letreiro, mas falta dinheiro para educa\u00e7\u00e3o e sa\u00fade - Not&iacute;cias em Destaque","robots":{"index":"index","follow":"follow","max-snippet":"max-snippet:-1","max-image-preview":"max-image-preview:large","max-video-preview":"max-video-preview:-1"},"canonical":"https:\/\/noticiasemdestaque.com\/cd\/?p=542","og_locale":"pt_BR","og_type":"article","og_title":"Em Serra Branca Prefeito gasta R$ 13 mil em letreiro, mas falta dinheiro para educa\u00e7\u00e3o e sa\u00fade - Not&iacute;cias em Destaque","og_description":"&nbsp; A Prefeitura Municipal de Serra Branca inaugurou nesta ter\u00e7a-feira (14\/06) um letreiro com os dizeres \u201cEU AMO\u00a0SERRA BRANCA\u201d, o monumento deveria ter sido inaugurado durante a programa\u00e7\u00e3o de anivers\u00e1rio dos 58 anos de emancipa\u00e7\u00e3o do munic\u00edpio, no dia 27 de abril, havendo assim um atraso de quase dois meses. A obra custou aos cofres p\u00fablicos R$ 13 mil e tornou-se destaque tanto nas redes sociais como nos sites da regi\u00e3o, sendo alvo de cr\u00edticas e elogios o letreiro deu o que falar. Se por um lado agradou a quem quer tirar fotos e postar em suas redes sociais por outro deixou algumas insatisfa\u00e7\u00f5es. Muitos internautas questionam o fato de se ter gastado um valor significativo com algo t\u00e3o fr\u00edvolo enquanto que nas escolas municipais faltam simples quadros para os professores darem aula de qualidade, assim acontece na Escola C\u00f4nego Jo\u00e3o Marques \u2013 PR\u00d3, que continua com quadro em p\u00e9ssimas condi\u00e7\u00f5es para o uso, como pode ser visto abaixo. Professores tamb\u00e9m reclamam da dificuldade em receber seu direito de ter\u00e7o de f\u00e9rias. Faltam tamb\u00e9m servi\u00e7os de sa\u00fade, O munic\u00edpio n\u00e3o oferece \u00e0 popula\u00e7\u00e3o atendimentos de especialidades, a exemplos de m\u00e9dico pediatras e ginecol\u00f3gicos.\u00a0 A espera para se fazer exames espec\u00edficos tamb\u00e9m \u00e9 muito longa, chegando a durar mais de dois meses. Cariri em Destaque &nbsp;","og_url":"https:\/\/noticiasemdestaque.com\/cd\/?p=542","og_site_name":"Not&iacute;cias em Destaque","article_published_time":"2017-06-15T00:10:16+00:00","og_image":[{"width":714,"height":692,"url":"https:\/\/noticiasemdestaque.com\/cd\/wp-content\/uploads\/2017\/06\/b9b37589-9df6-4320-b13d-c519adc1c959.jpg","type":"image\/jpeg"}],"author":"Not\u00edcias em Destaque","twitter_card":"summary_large_image","twitter_misc":{"Escrito por":"Not\u00edcias em Destaque","Est. tempo de leitura":"1 minuto"},"schema":{"@context":"https:\/\/schema.org","@graph":[{"@type":"Article","@id":"https:\/\/noticiasemdestaque.com\/cd\/?p=542#article","isPartOf":{"@id":"https:\/\/noticiasemdestaque.com\/cd\/?p=542"},"author":{"name":"Not\u00edcias em Destaque","@id":"https:\/\/noticiasemdestaque.com\/cd\/#\/schema\/person\/47f7d4f55eec17c6b2ca036c5500f6ce"},"headline":"Em Serra Branca Prefeito gasta R$ 13 mil em letreiro, mas falta dinheiro para educa\u00e7\u00e3o e sa\u00fade","datePublished":"2017-06-15T00:10:16+00:00","mainEntityOfPage":{"@id":"https:\/\/noticiasemdestaque.com\/cd\/?p=542"},"wordCount":255,"publisher":{"@id":"https:\/\/noticiasemdestaque.com\/cd\/#organization"},"image":{"@id":"https:\/\/noticiasemdestaque.com\/cd\/?p=542#primaryimage"},"thumbnailUrl":"https:\/\/noticiasemdestaque.com\/cd\/wp-content\/uploads\/2017\/06\/b9b37589-9df6-4320-b13d-c519adc1c959.jpg","articleSection":["Cidades"],"inLanguage":"pt-BR"},{"@type":"WebPage","@id":"https:\/\/noticiasemdestaque.com\/cd\/?p=542","url":"https:\/\/noticiasemdestaque.com\/cd\/?p=542","name":"Em Serra Branca Prefeito gasta R$ 13 mil em letreiro, mas falta dinheiro para educa\u00e7\u00e3o e sa\u00fade - Not&iacute;cias em Destaque","isPartOf":{"@id":"https:\/\/noticiasemdestaque.com\/cd\/#website"},"primaryImageOfPage":{"@id":"https:\/\/noticiasemdestaque.com\/cd\/?p=542#primaryimage"},"image":{"@id":"https:\/\/noticiasemdestaque.com\/cd\/?p=542#primaryimage"},"thumbnailUrl":"https:\/\/noticiasemdestaque.com\/cd\/wp-content\/uploads\/2017\/06\/b9b37589-9df6-4320-b13d-c519adc1c959.jpg","datePublished":"2017-06-15T00:10:16+00:00","breadcrumb":{"@id":"https:\/\/noticiasemdestaque.com\/cd\/?p=542#breadcrumb"},"inLanguage":"pt-BR","potentialAction":[{"@type":"ReadAction","target":["https:\/\/noticiasemdestaque.com\/cd\/?p=542"]}]},{"@type":"ImageObject","inLanguage":"pt-BR","@id":"https:\/\/noticiasemdestaque.com\/cd\/?p=542#primaryimage","url":"https:\/\/noticiasemdestaque.com\/cd\/wp-content\/uploads\/2017\/06\/b9b37589-9df6-4320-b13d-c519adc1c959.jpg","contentUrl":"https:\/\/noticiasemdestaque.com\/cd\/wp-content\/uploads\/2017\/06\/b9b37589-9df6-4320-b13d-c519adc1c959.jpg","width":714,"height":692},{"@type":"BreadcrumbList","@id":"https:\/\/noticiasemdestaque.com\/cd\/?p=542#breadcrumb","itemListElement":[{"@type":"ListItem","position":1,"name":"In\u00edcio","item":"https:\/\/noticiasemdestaque.com\/cd\/"},{"@type":"ListItem","position":2,"name":"Em Serra Branca Prefeito gasta R$ 13 mil em letreiro, mas falta dinheiro para educa\u00e7\u00e3o e sa\u00fade"}]},{"@type":"WebSite","@id":"https:\/\/noticiasemdestaque.com\/cd\/#website","url":"https:\/\/noticiasemdestaque.com\/cd\/","name":"Not&iacute;cias em Destaque","description":"","publisher":{"@id":"https:\/\/noticiasemdestaque.com\/cd\/#organization"},"potentialAction":[{"@type":"SearchAction","target":{"@type":"EntryPoint","urlTemplate":"https:\/\/noticiasemdestaque.com\/cd\/?s={search_term_string}"},"query-input":{"@type":"PropertyValueSpecification","valueRequired":true,"valueName":"search_term_string"}}],"inLanguage":"pt-BR"},{"@type":"Organization","@id":"https:\/\/noticiasemdestaque.com\/cd\/#organization","name":"Not\u00edcias em Destaque","url":"https:\/\/noticiasemdestaque.com\/cd\/","logo":{"@type":"ImageObject","inLanguage":"pt-BR","@id":"https:\/\/noticiasemdestaque.com\/cd\/#\/schema\/logo\/image\/","url":"https:\/\/noticiasemdestaque.com\/cd\/wp-content\/uploads\/2022\/05\/imagem-base-noticiasemdestaque.png","contentUrl":"https:\/\/noticiasemdestaque.com\/cd\/wp-content\/uploads\/2022\/05\/imagem-base-noticiasemdestaque.png","width":1200,"height":630,"caption":"Not\u00edcias em Destaque"},"image":{"@id":"https:\/\/noticiasemdestaque.com\/cd\/#\/schema\/logo\/image\/"}},{"@type":"Person","@id":"https:\/\/noticiasemdestaque.com\/cd\/#\/schema\/person\/47f7d4f55eec17c6b2ca036c5500f6ce","name":"Not\u00edcias em Destaque","url":"https:\/\/noticiasemdestaque.com\/cd\/?author=2"}]}},"jetpack_featured_media_url":"https:\/\/noticiasemdestaque.com\/cd\/wp-content\/uploads\/2017\/06\/b9b37589-9df6-4320-b13d-c519adc1c959.jpg","jetpack_sharing_enabled":true,"_links":{"self":[{"href":"https:\/\/noticiasemdestaque.com\/cd\/index.php?rest_route=\/wp\/v2\/posts\/542","targetHints":{"allow":["GET"]}}],"collection":[{"href":"https:\/\/noticiasemdestaque.com\/cd\/index.php?rest_route=\/wp\/v2\/posts"}],"about":[{"href":"https:\/\/noticiasemdestaque.com\/cd\/index.php?rest_route=\/wp\/v2\/types\/post"}],"author":[{"embeddable":true,"href":"https:\/\/noticiasemdestaque.com\/cd\/index.php?rest_route=\/wp\/v2\/users\/2"}],"replies":[{"embeddable":true,"href":"https:\/\/noticiasemdestaque.com\/cd\/index.php?rest_route=%2Fwp%2Fv2%2Fcomments&post=542"}],"version-history":[{"count":1,"href":"https:\/\/noticiasemdestaque.com\/cd\/index.php?rest_route=\/wp\/v2\/posts\/542\/revisions"}],"predecessor-version":[{"id":545,"href":"https:\/\/noticiasemdestaque.com\/cd\/index.php?rest_route=\/wp\/v2\/posts\/542\/revisions\/545"}],"wp:featuredmedia":[{"embeddable":true,"href":"https:\/\/noticiasemdestaque.com\/cd\/index.php?rest_route=\/wp\/v2\/media\/544"}],"wp:attachment":[{"href":"https:\/\/noticiasemdestaque.com\/cd\/index.php?rest_route=%2Fwp%2Fv2%2Fmedia&parent=542"}],"wp:term":[{"taxonomy":"category","embeddable":true,"href":"https:\/\/noticiasemdestaque.com\/cd\/index.php?rest_route=%2Fwp%2Fv2%2Fcategories&post=542"},{"taxonomy":"post_tag","embeddable":true,"href":"https:\/\/noticiasemdestaque.com\/cd\/index.php?rest_route=%2Fwp%2Fv2%2Ftags&post=542"}],"curies":[{"name":"wp","href":"https:\/\/api.w.org\/{rel}","templated":true}]}}