{"id":53949,"date":"2024-01-03T19:07:27","date_gmt":"2024-01-03T22:07:27","guid":{"rendered":"https:\/\/noticiasemdestaque.com\/cd\/?p=53949"},"modified":"2024-01-03T19:07:27","modified_gmt":"2024-01-03T22:07:27","slug":"covid-19-sume-registra-16-casos-positivos-nesta-quarta-feira","status":"publish","type":"post","link":"https:\/\/noticiasemdestaque.com\/cd\/?p=53949","title":{"rendered":"Covid-19: Sum\u00e9 registra 16 casos positivos nesta quarta-feira"},"content":{"rendered":"<p><a href=\"https:\/\/noticiasemdestaque.com\/cd\/wp-content\/uploads\/2024\/01\/INFORMACOES-COVID-19.png\"><img fetchpriority=\"high\" decoding=\"async\" class=\"size-medium wp-image-53950 aligncenter\" src=\"https:\/\/noticiasemdestaque.com\/cd\/wp-content\/uploads\/2024\/01\/INFORMACOES-COVID-19-300x225.png\" alt=\"\" width=\"300\" height=\"225\" srcset=\"https:\/\/noticiasemdestaque.com\/cd\/wp-content\/uploads\/2024\/01\/INFORMACOES-COVID-19-300x225.png 300w, https:\/\/noticiasemdestaque.com\/cd\/wp-content\/uploads\/2024\/01\/INFORMACOES-COVID-19-16x12.png 16w, https:\/\/noticiasemdestaque.com\/cd\/wp-content\/uploads\/2024\/01\/INFORMACOES-COVID-19.png 351w\" sizes=\"(max-width: 300px) 100vw, 300px\" \/><\/a><\/p>\n<p>A Secretaria de Sa\u00fade de Sum\u00e9 registrou 16 casos positivos para coronav\u00edrus nesta quarta-feira (03).<\/p>\n<table width=\"576\">\n<tbody>\n<tr>\n<td colspan=\"3\" width=\"193\"><strong>CASOS ATIVOS 2023<\/strong><\/td>\n<td width=\"250\"><strong>03\/01\/2024<\/strong><\/td>\n<td colspan=\"2\" width=\"133\">COMORBIDADE<\/td>\n<\/tr>\n<tr>\n<td width=\"43\">N\u00ba<\/td>\n<td width=\"63\">SEXO<\/td>\n<td width=\"88\">IDADE<\/td>\n<td width=\"250\">BAIRRO<\/td>\n<td width=\"66\">SIM<\/td>\n<td width=\"67\">N\u00c3O<\/td>\n<\/tr>\n<tr>\n<td width=\"43\">01<\/td>\n<td width=\"63\">F<\/td>\n<td width=\"88\">58<\/td>\n<td width=\"250\">MANDACAR\u00da<\/td>\n<td width=\"66\"><strong>X<\/strong><\/td>\n<td width=\"67\"><strong>\u00a0<\/strong><\/td>\n<\/tr>\n<tr>\n<td width=\"43\">02<\/td>\n<td width=\"63\">M<\/td>\n<td width=\"88\">66<\/td>\n<td width=\"250\">ZONA RURAL<\/td>\n<td width=\"66\"><strong>\u00a0<\/strong><\/td>\n<td width=\"67\"><strong>X<\/strong><\/td>\n<\/tr>\n<tr>\n<td width=\"43\">03<\/td>\n<td width=\"63\">F<\/td>\n<td width=\"88\">45<\/td>\n<td width=\"250\">CENTRO<\/td>\n<td width=\"66\"><strong>\u00a0<\/strong><\/td>\n<td width=\"67\"><strong>X<\/strong><\/td>\n<\/tr>\n<tr>\n<td width=\"43\">04<\/td>\n<td width=\"63\">F<\/td>\n<td width=\"88\">48<\/td>\n<td width=\"250\">ALTO ALEGRE<\/td>\n<td width=\"66\"><strong>\u00a0<\/strong><\/td>\n<td width=\"67\"><strong>X<\/strong><\/td>\n<\/tr>\n<tr>\n<td width=\"43\">05<\/td>\n<td width=\"63\">F<\/td>\n<td width=\"88\">50<\/td>\n<td width=\"250\">SANTA ROSA<\/td>\n<td width=\"66\"><strong>\u00a0<\/strong><\/td>\n<td width=\"67\"><strong>X<\/strong><\/td>\n<\/tr>\n<tr>\n<td width=\"43\">05<\/td>\n<td width=\"63\">F<\/td>\n<td width=\"88\">35<\/td>\n<td width=\"250\">V\u00c1RZEA REDONDA<\/td>\n<td width=\"66\"><strong>\u00a0<\/strong><\/td>\n<td width=\"67\"><strong>X<\/strong><\/td>\n<\/tr>\n<tr>\n<td width=\"43\">07<\/td>\n<td width=\"63\">F<\/td>\n<td width=\"88\">80<\/td>\n<td width=\"250\">ZONA RURAL<\/td>\n<td width=\"66\"><strong>X<\/strong><\/td>\n<td width=\"67\"><strong>\u00a0<\/strong><\/td>\n<\/tr>\n<tr>\n<td width=\"43\">08<\/td>\n<td width=\"63\">M<\/td>\n<td width=\"88\">53<\/td>\n<td width=\"250\">CENTRO<\/td>\n<td width=\"66\"><strong>\u00a0<\/strong><\/td>\n<td width=\"67\"><strong>X<\/strong><\/td>\n<\/tr>\n<tr>\n<td width=\"43\">09<\/td>\n<td width=\"63\">M<\/td>\n<td width=\"88\">58<\/td>\n<td width=\"250\">CONJUNTO<\/td>\n<td width=\"66\"><strong>\u00a0<\/strong><\/td>\n<td width=\"67\"><strong>X<\/strong><\/td>\n<\/tr>\n<tr>\n<td width=\"43\">10<\/td>\n<td width=\"63\">F<\/td>\n<td width=\"88\">64<\/td>\n<td width=\"250\">CONJUNTO<\/td>\n<td width=\"66\"><strong>X<\/strong><\/td>\n<td width=\"67\"><strong>\u00a0<\/strong><\/td>\n<\/tr>\n<tr>\n<td width=\"43\">11<\/td>\n<td width=\"63\">M<\/td>\n<td width=\"88\">59<\/td>\n<td width=\"250\">V\u00c1RZEA REDONDA<\/td>\n<td width=\"66\"><strong>\u00a0<\/strong><\/td>\n<td width=\"67\"><strong>X<\/strong><\/td>\n<\/tr>\n<tr>\n<td width=\"43\">12<\/td>\n<td width=\"63\">M<\/td>\n<td width=\"88\">47<\/td>\n<td width=\"250\">CENTO<\/td>\n<td width=\"66\"><strong>\u00a0<\/strong><\/td>\n<td width=\"67\"><strong>X<\/strong><\/td>\n<\/tr>\n<tr>\n<td width=\"43\">13<\/td>\n<td width=\"63\">M<\/td>\n<td width=\"88\">36<\/td>\n<td width=\"250\">ALTO ALEGRE<\/td>\n<td width=\"66\"><strong>X<\/strong><\/td>\n<td width=\"67\"><strong>\u00a0<\/strong><\/td>\n<\/tr>\n<tr>\n<td width=\"43\">14<\/td>\n<td width=\"63\">M<\/td>\n<td width=\"88\">44<\/td>\n<td width=\"250\">SANTA ROSA<\/td>\n<td width=\"66\"><strong>\u00a0<\/strong><\/td>\n<td width=\"67\"><strong>X<\/strong><\/td>\n<\/tr>\n<tr>\n<td width=\"43\">15<\/td>\n<td width=\"63\">F<\/td>\n<td width=\"88\">52<\/td>\n<td width=\"250\">CENTRO<\/td>\n<td width=\"66\"><strong>X<\/strong><\/td>\n<td width=\"67\"><strong>\u00a0<\/strong><\/td>\n<\/tr>\n<tr>\n<td width=\"43\">16<\/td>\n<td width=\"63\">M<\/td>\n<td width=\"88\">56<\/td>\n<td width=\"250\">CENTRO<\/td>\n<td width=\"66\"><strong>X<\/strong><\/td>\n<td width=\"67\"><strong>\u00a0<\/strong><\/td>\n<\/tr>\n<\/tbody>\n<\/table>\n<p>O boletim apresenta nenhum caso em investiga\u00e7\u00e3o, 5130 descartados, 4116 confirmados, 4049 recuperados, 16 ativos e 51 \u00f3bitos.<\/p>\n<p>Ascom\/PMS<\/p>\n","protected":false},"excerpt":{"rendered":"<p>A Secretaria de Sa\u00fade de Sum\u00e9 registrou 16 casos positivos para coronav\u00edrus nesta quarta-feira (03). CASOS ATIVOS 2023 03\/01\/2024 COMORBIDADE N\u00ba SEXO IDADE BAIRRO SIM N\u00c3O 01 F 58 MANDACAR\u00da X \u00a0 02 M 66 ZONA RURAL \u00a0 X 03 F 45 CENTRO \u00a0 X 04 F 48 ALTO ALEGRE \u00a0 X 05 F 50 SANTA ROSA \u00a0 X 05 F 35 V\u00c1RZEA REDONDA \u00a0 X 07 F 80 ZONA RURAL X \u00a0 08 M 53 CENTRO \u00a0 X 09 M 58 CONJUNTO \u00a0 X 10 F 64 CONJUNTO X \u00a0 11 M 59 V\u00c1RZEA REDONDA \u00a0 X 12 M 47 CENTO \u00a0 X 13 M 36 ALTO ALEGRE X \u00a0 14 M 44 SANTA ROSA \u00a0 X 15 F 52 CENTRO X \u00a0 16 M 56 CENTRO X \u00a0 O boletim apresenta nenhum caso em investiga\u00e7\u00e3o, 5130 descartados, 4116 confirmados, 4049 recuperados, 16 ativos e 51 \u00f3bitos. Ascom\/PMS<\/p>\n","protected":false},"author":2,"featured_media":53950,"comment_status":"closed","ping_status":"open","sticky":false,"template":"","format":"standard","meta":{"_eb_attr":"","_jetpack_memberships_contains_paid_content":false,"footnotes":""},"categories":[3],"tags":[],"class_list":["post-53949","post","type-post","status-publish","format-standard","has-post-thumbnail","hentry","category-cidades"],"yoast_head":"<!-- This site is optimized with the Yoast SEO plugin v26.5 - https:\/\/yoast.com\/wordpress\/plugins\/seo\/ -->\n<title>Covid-19: Sum\u00e9 registra 16 casos positivos nesta quarta-feira - Not&iacute;cias em Destaque<\/title>\n<meta name=\"robots\" content=\"index, follow, max-snippet:-1, max-image-preview:large, max-video-preview:-1\" \/>\n<link rel=\"canonical\" href=\"https:\/\/noticiasemdestaque.com\/cd\/?p=53949\" \/>\n<meta property=\"og:locale\" content=\"pt_BR\" \/>\n<meta property=\"og:type\" content=\"article\" \/>\n<meta property=\"og:title\" content=\"Covid-19: Sum\u00e9 registra 16 casos positivos nesta quarta-feira - Not&iacute;cias em Destaque\" \/>\n<meta property=\"og:description\" content=\"A Secretaria de Sa\u00fade de Sum\u00e9 registrou 16 casos positivos para coronav\u00edrus nesta quarta-feira (03). CASOS ATIVOS 2023 03\/01\/2024 COMORBIDADE N\u00ba SEXO IDADE BAIRRO SIM N\u00c3O 01 F 58 MANDACAR\u00da X \u00a0 02 M 66 ZONA RURAL \u00a0 X 03 F 45 CENTRO \u00a0 X 04 F 48 ALTO ALEGRE \u00a0 X 05 F 50 SANTA ROSA \u00a0 X 05 F 35 V\u00c1RZEA REDONDA \u00a0 X 07 F 80 ZONA RURAL X \u00a0 08 M 53 CENTRO \u00a0 X 09 M 58 CONJUNTO \u00a0 X 10 F 64 CONJUNTO X \u00a0 11 M 59 V\u00c1RZEA REDONDA \u00a0 X 12 M 47 CENTO \u00a0 X 13 M 36 ALTO ALEGRE X \u00a0 14 M 44 SANTA ROSA \u00a0 X 15 F 52 CENTRO X \u00a0 16 M 56 CENTRO X \u00a0 O boletim apresenta nenhum caso em investiga\u00e7\u00e3o, 5130 descartados, 4116 confirmados, 4049 recuperados, 16 ativos e 51 \u00f3bitos. Ascom\/PMS\" \/>\n<meta property=\"og:url\" content=\"https:\/\/noticiasemdestaque.com\/cd\/?p=53949\" \/>\n<meta property=\"og:site_name\" content=\"Not&iacute;cias em Destaque\" \/>\n<meta property=\"article:published_time\" content=\"2024-01-03T22:07:27+00:00\" \/>\n<meta property=\"og:image\" content=\"https:\/\/noticiasemdestaque.com\/cd\/wp-content\/uploads\/2024\/01\/INFORMACOES-COVID-19.png\" \/>\n\t<meta property=\"og:image:width\" content=\"351\" \/>\n\t<meta property=\"og:image:height\" content=\"263\" \/>\n\t<meta property=\"og:image:type\" content=\"image\/png\" \/>\n<meta name=\"author\" content=\"Not\u00edcias em Destaque\" \/>\n<meta name=\"twitter:card\" content=\"summary_large_image\" \/>\n<meta name=\"twitter:label1\" content=\"Escrito por\" \/>\n\t<meta name=\"twitter:data1\" content=\"Not\u00edcias em Destaque\" \/>\n\t<meta name=\"twitter:label2\" content=\"Est. tempo de leitura\" \/>\n\t<meta name=\"twitter:data2\" content=\"1 minuto\" \/>\n<script type=\"application\/ld+json\" class=\"yoast-schema-graph\">{\"@context\":\"https:\/\/schema.org\",\"@graph\":[{\"@type\":\"Article\",\"@id\":\"https:\/\/noticiasemdestaque.com\/cd\/?p=53949#article\",\"isPartOf\":{\"@id\":\"https:\/\/noticiasemdestaque.com\/cd\/?p=53949\"},\"author\":{\"name\":\"Not\u00edcias em Destaque\",\"@id\":\"https:\/\/noticiasemdestaque.com\/cd\/#\/schema\/person\/9c05c6816b191977f47499b3494ace52\"},\"headline\":\"Covid-19: Sum\u00e9 registra 16 casos positivos nesta quarta-feira\",\"datePublished\":\"2024-01-03T22:07:27+00:00\",\"mainEntityOfPage\":{\"@id\":\"https:\/\/noticiasemdestaque.com\/cd\/?p=53949\"},\"wordCount\":106,\"publisher\":{\"@id\":\"https:\/\/noticiasemdestaque.com\/cd\/#organization\"},\"image\":{\"@id\":\"https:\/\/noticiasemdestaque.com\/cd\/?p=53949#primaryimage\"},\"thumbnailUrl\":\"https:\/\/noticiasemdestaque.com\/cd\/wp-content\/uploads\/2024\/01\/INFORMACOES-COVID-19.png\",\"articleSection\":[\"Cidades\"],\"inLanguage\":\"pt-BR\"},{\"@type\":\"WebPage\",\"@id\":\"https:\/\/noticiasemdestaque.com\/cd\/?p=53949\",\"url\":\"https:\/\/noticiasemdestaque.com\/cd\/?p=53949\",\"name\":\"Covid-19: Sum\u00e9 registra 16 casos positivos nesta quarta-feira - Not&iacute;cias em Destaque\",\"isPartOf\":{\"@id\":\"https:\/\/noticiasemdestaque.com\/cd\/#website\"},\"primaryImageOfPage\":{\"@id\":\"https:\/\/noticiasemdestaque.com\/cd\/?p=53949#primaryimage\"},\"image\":{\"@id\":\"https:\/\/noticiasemdestaque.com\/cd\/?p=53949#primaryimage\"},\"thumbnailUrl\":\"https:\/\/noticiasemdestaque.com\/cd\/wp-content\/uploads\/2024\/01\/INFORMACOES-COVID-19.png\",\"datePublished\":\"2024-01-03T22:07:27+00:00\",\"breadcrumb\":{\"@id\":\"https:\/\/noticiasemdestaque.com\/cd\/?p=53949#breadcrumb\"},\"inLanguage\":\"pt-BR\",\"potentialAction\":[{\"@type\":\"ReadAction\",\"target\":[\"https:\/\/noticiasemdestaque.com\/cd\/?p=53949\"]}]},{\"@type\":\"ImageObject\",\"inLanguage\":\"pt-BR\",\"@id\":\"https:\/\/noticiasemdestaque.com\/cd\/?p=53949#primaryimage\",\"url\":\"https:\/\/noticiasemdestaque.com\/cd\/wp-content\/uploads\/2024\/01\/INFORMACOES-COVID-19.png\",\"contentUrl\":\"https:\/\/noticiasemdestaque.com\/cd\/wp-content\/uploads\/2024\/01\/INFORMACOES-COVID-19.png\",\"width\":351,\"height\":263},{\"@type\":\"BreadcrumbList\",\"@id\":\"https:\/\/noticiasemdestaque.com\/cd\/?p=53949#breadcrumb\",\"itemListElement\":[{\"@type\":\"ListItem\",\"position\":1,\"name\":\"In\u00edcio\",\"item\":\"https:\/\/noticiasemdestaque.com\/cd\/\"},{\"@type\":\"ListItem\",\"position\":2,\"name\":\"Covid-19: Sum\u00e9 registra 16 casos positivos nesta quarta-feira\"}]},{\"@type\":\"WebSite\",\"@id\":\"https:\/\/noticiasemdestaque.com\/cd\/#website\",\"url\":\"https:\/\/noticiasemdestaque.com\/cd\/\",\"name\":\"Not&iacute;cias em Destaque\",\"description\":\"\",\"publisher\":{\"@id\":\"https:\/\/noticiasemdestaque.com\/cd\/#organization\"},\"potentialAction\":[{\"@type\":\"SearchAction\",\"target\":{\"@type\":\"EntryPoint\",\"urlTemplate\":\"https:\/\/noticiasemdestaque.com\/cd\/?s={search_term_string}\"},\"query-input\":{\"@type\":\"PropertyValueSpecification\",\"valueRequired\":true,\"valueName\":\"search_term_string\"}}],\"inLanguage\":\"pt-BR\"},{\"@type\":\"Organization\",\"@id\":\"https:\/\/noticiasemdestaque.com\/cd\/#organization\",\"name\":\"Not\u00edcias em Destaque\",\"url\":\"https:\/\/noticiasemdestaque.com\/cd\/\",\"logo\":{\"@type\":\"ImageObject\",\"inLanguage\":\"pt-BR\",\"@id\":\"https:\/\/noticiasemdestaque.com\/cd\/#\/schema\/logo\/image\/\",\"url\":\"https:\/\/noticiasemdestaque.com\/cd\/wp-content\/uploads\/2022\/05\/imagem-base-noticiasemdestaque.png\",\"contentUrl\":\"https:\/\/noticiasemdestaque.com\/cd\/wp-content\/uploads\/2022\/05\/imagem-base-noticiasemdestaque.png\",\"width\":1200,\"height\":630,\"caption\":\"Not\u00edcias em Destaque\"},\"image\":{\"@id\":\"https:\/\/noticiasemdestaque.com\/cd\/#\/schema\/logo\/image\/\"}},{\"@type\":\"Person\",\"@id\":\"https:\/\/noticiasemdestaque.com\/cd\/#\/schema\/person\/9c05c6816b191977f47499b3494ace52\",\"name\":\"Not\u00edcias em Destaque\",\"url\":\"https:\/\/noticiasemdestaque.com\/cd\/?author=2\"}]}<\/script>\n<!-- \/ Yoast SEO plugin. -->","yoast_head_json":{"title":"Covid-19: Sum\u00e9 registra 16 casos positivos nesta quarta-feira - Not&iacute;cias em Destaque","robots":{"index":"index","follow":"follow","max-snippet":"max-snippet:-1","max-image-preview":"max-image-preview:large","max-video-preview":"max-video-preview:-1"},"canonical":"https:\/\/noticiasemdestaque.com\/cd\/?p=53949","og_locale":"pt_BR","og_type":"article","og_title":"Covid-19: Sum\u00e9 registra 16 casos positivos nesta quarta-feira - Not&iacute;cias em Destaque","og_description":"A Secretaria de Sa\u00fade de Sum\u00e9 registrou 16 casos positivos para coronav\u00edrus nesta quarta-feira (03). CASOS ATIVOS 2023 03\/01\/2024 COMORBIDADE N\u00ba SEXO IDADE BAIRRO SIM N\u00c3O 01 F 58 MANDACAR\u00da X \u00a0 02 M 66 ZONA RURAL \u00a0 X 03 F 45 CENTRO \u00a0 X 04 F 48 ALTO ALEGRE \u00a0 X 05 F 50 SANTA ROSA \u00a0 X 05 F 35 V\u00c1RZEA REDONDA \u00a0 X 07 F 80 ZONA RURAL X \u00a0 08 M 53 CENTRO \u00a0 X 09 M 58 CONJUNTO \u00a0 X 10 F 64 CONJUNTO X \u00a0 11 M 59 V\u00c1RZEA REDONDA \u00a0 X 12 M 47 CENTO \u00a0 X 13 M 36 ALTO ALEGRE X \u00a0 14 M 44 SANTA ROSA \u00a0 X 15 F 52 CENTRO X \u00a0 16 M 56 CENTRO X \u00a0 O boletim apresenta nenhum caso em investiga\u00e7\u00e3o, 5130 descartados, 4116 confirmados, 4049 recuperados, 16 ativos e 51 \u00f3bitos. Ascom\/PMS","og_url":"https:\/\/noticiasemdestaque.com\/cd\/?p=53949","og_site_name":"Not&iacute;cias em Destaque","article_published_time":"2024-01-03T22:07:27+00:00","og_image":[{"width":351,"height":263,"url":"https:\/\/noticiasemdestaque.com\/cd\/wp-content\/uploads\/2024\/01\/INFORMACOES-COVID-19.png","type":"image\/png"}],"author":"Not\u00edcias em Destaque","twitter_card":"summary_large_image","twitter_misc":{"Escrito por":"Not\u00edcias em Destaque","Est. tempo de leitura":"1 minuto"},"schema":{"@context":"https:\/\/schema.org","@graph":[{"@type":"Article","@id":"https:\/\/noticiasemdestaque.com\/cd\/?p=53949#article","isPartOf":{"@id":"https:\/\/noticiasemdestaque.com\/cd\/?p=53949"},"author":{"name":"Not\u00edcias em Destaque","@id":"https:\/\/noticiasemdestaque.com\/cd\/#\/schema\/person\/9c05c6816b191977f47499b3494ace52"},"headline":"Covid-19: Sum\u00e9 registra 16 casos positivos nesta quarta-feira","datePublished":"2024-01-03T22:07:27+00:00","mainEntityOfPage":{"@id":"https:\/\/noticiasemdestaque.com\/cd\/?p=53949"},"wordCount":106,"publisher":{"@id":"https:\/\/noticiasemdestaque.com\/cd\/#organization"},"image":{"@id":"https:\/\/noticiasemdestaque.com\/cd\/?p=53949#primaryimage"},"thumbnailUrl":"https:\/\/noticiasemdestaque.com\/cd\/wp-content\/uploads\/2024\/01\/INFORMACOES-COVID-19.png","articleSection":["Cidades"],"inLanguage":"pt-BR"},{"@type":"WebPage","@id":"https:\/\/noticiasemdestaque.com\/cd\/?p=53949","url":"https:\/\/noticiasemdestaque.com\/cd\/?p=53949","name":"Covid-19: Sum\u00e9 registra 16 casos positivos nesta quarta-feira - Not&iacute;cias em Destaque","isPartOf":{"@id":"https:\/\/noticiasemdestaque.com\/cd\/#website"},"primaryImageOfPage":{"@id":"https:\/\/noticiasemdestaque.com\/cd\/?p=53949#primaryimage"},"image":{"@id":"https:\/\/noticiasemdestaque.com\/cd\/?p=53949#primaryimage"},"thumbnailUrl":"https:\/\/noticiasemdestaque.com\/cd\/wp-content\/uploads\/2024\/01\/INFORMACOES-COVID-19.png","datePublished":"2024-01-03T22:07:27+00:00","breadcrumb":{"@id":"https:\/\/noticiasemdestaque.com\/cd\/?p=53949#breadcrumb"},"inLanguage":"pt-BR","potentialAction":[{"@type":"ReadAction","target":["https:\/\/noticiasemdestaque.com\/cd\/?p=53949"]}]},{"@type":"ImageObject","inLanguage":"pt-BR","@id":"https:\/\/noticiasemdestaque.com\/cd\/?p=53949#primaryimage","url":"https:\/\/noticiasemdestaque.com\/cd\/wp-content\/uploads\/2024\/01\/INFORMACOES-COVID-19.png","contentUrl":"https:\/\/noticiasemdestaque.com\/cd\/wp-content\/uploads\/2024\/01\/INFORMACOES-COVID-19.png","width":351,"height":263},{"@type":"BreadcrumbList","@id":"https:\/\/noticiasemdestaque.com\/cd\/?p=53949#breadcrumb","itemListElement":[{"@type":"ListItem","position":1,"name":"In\u00edcio","item":"https:\/\/noticiasemdestaque.com\/cd\/"},{"@type":"ListItem","position":2,"name":"Covid-19: Sum\u00e9 registra 16 casos positivos nesta quarta-feira"}]},{"@type":"WebSite","@id":"https:\/\/noticiasemdestaque.com\/cd\/#website","url":"https:\/\/noticiasemdestaque.com\/cd\/","name":"Not&iacute;cias em Destaque","description":"","publisher":{"@id":"https:\/\/noticiasemdestaque.com\/cd\/#organization"},"potentialAction":[{"@type":"SearchAction","target":{"@type":"EntryPoint","urlTemplate":"https:\/\/noticiasemdestaque.com\/cd\/?s={search_term_string}"},"query-input":{"@type":"PropertyValueSpecification","valueRequired":true,"valueName":"search_term_string"}}],"inLanguage":"pt-BR"},{"@type":"Organization","@id":"https:\/\/noticiasemdestaque.com\/cd\/#organization","name":"Not\u00edcias em Destaque","url":"https:\/\/noticiasemdestaque.com\/cd\/","logo":{"@type":"ImageObject","inLanguage":"pt-BR","@id":"https:\/\/noticiasemdestaque.com\/cd\/#\/schema\/logo\/image\/","url":"https:\/\/noticiasemdestaque.com\/cd\/wp-content\/uploads\/2022\/05\/imagem-base-noticiasemdestaque.png","contentUrl":"https:\/\/noticiasemdestaque.com\/cd\/wp-content\/uploads\/2022\/05\/imagem-base-noticiasemdestaque.png","width":1200,"height":630,"caption":"Not\u00edcias em Destaque"},"image":{"@id":"https:\/\/noticiasemdestaque.com\/cd\/#\/schema\/logo\/image\/"}},{"@type":"Person","@id":"https:\/\/noticiasemdestaque.com\/cd\/#\/schema\/person\/9c05c6816b191977f47499b3494ace52","name":"Not\u00edcias em Destaque","url":"https:\/\/noticiasemdestaque.com\/cd\/?author=2"}]}},"jetpack_featured_media_url":"https:\/\/noticiasemdestaque.com\/cd\/wp-content\/uploads\/2024\/01\/INFORMACOES-COVID-19.png","jetpack_sharing_enabled":true,"_links":{"self":[{"href":"https:\/\/noticiasemdestaque.com\/cd\/index.php?rest_route=\/wp\/v2\/posts\/53949","targetHints":{"allow":["GET"]}}],"collection":[{"href":"https:\/\/noticiasemdestaque.com\/cd\/index.php?rest_route=\/wp\/v2\/posts"}],"about":[{"href":"https:\/\/noticiasemdestaque.com\/cd\/index.php?rest_route=\/wp\/v2\/types\/post"}],"author":[{"embeddable":true,"href":"https:\/\/noticiasemdestaque.com\/cd\/index.php?rest_route=\/wp\/v2\/users\/2"}],"replies":[{"embeddable":true,"href":"https:\/\/noticiasemdestaque.com\/cd\/index.php?rest_route=%2Fwp%2Fv2%2Fcomments&post=53949"}],"version-history":[{"count":1,"href":"https:\/\/noticiasemdestaque.com\/cd\/index.php?rest_route=\/wp\/v2\/posts\/53949\/revisions"}],"predecessor-version":[{"id":53951,"href":"https:\/\/noticiasemdestaque.com\/cd\/index.php?rest_route=\/wp\/v2\/posts\/53949\/revisions\/53951"}],"wp:featuredmedia":[{"embeddable":true,"href":"https:\/\/noticiasemdestaque.com\/cd\/index.php?rest_route=\/wp\/v2\/media\/53950"}],"wp:attachment":[{"href":"https:\/\/noticiasemdestaque.com\/cd\/index.php?rest_route=%2Fwp%2Fv2%2Fmedia&parent=53949"}],"wp:term":[{"taxonomy":"category","embeddable":true,"href":"https:\/\/noticiasemdestaque.com\/cd\/index.php?rest_route=%2Fwp%2Fv2%2Fcategories&post=53949"},{"taxonomy":"post_tag","embeddable":true,"href":"https:\/\/noticiasemdestaque.com\/cd\/index.php?rest_route=%2Fwp%2Fv2%2Ftags&post=53949"}],"curies":[{"name":"wp","href":"https:\/\/api.w.org\/{rel}","templated":true}]}}