{"id":5393,"date":"2017-10-23T19:26:24","date_gmt":"2017-10-23T22:26:24","guid":{"rendered":"http:\/\/caririemdestaque.com\/cd\/?p=5393"},"modified":"2017-10-23T19:26:24","modified_gmt":"2017-10-23T22:26:24","slug":"mais-de-3-milhoes-de-candidatos-ja-consultaram-local-de-prova-do-enem","status":"publish","type":"post","link":"https:\/\/noticiasemdestaque.com\/cd\/?p=5393","title":{"rendered":"Mais de 3 milh\u00f5es de candidatos j\u00e1 consultaram local de prova do Enem"},"content":{"rendered":"<p><a href=\"http:\/\/caririemdestaque.com\/cd\/wp-content\/uploads\/2017\/10\/enem-2017-passa-por-mudancas_1197285.jpg\"><img decoding=\"async\" class=\"alignleft wp-image-5394 size-medium\" src=\"http:\/\/caririemdestaque.com\/cd\/wp-content\/uploads\/2017\/10\/enem-2017-passa-por-mudancas_1197285-300x132.jpg\" alt=\"\" width=\"300\" height=\"132\" srcset=\"https:\/\/noticiasemdestaque.com\/cd\/wp-content\/uploads\/2017\/10\/enem-2017-passa-por-mudancas_1197285-300x132.jpg 300w, https:\/\/noticiasemdestaque.com\/cd\/wp-content\/uploads\/2017\/10\/enem-2017-passa-por-mudancas_1197285.jpg 719w\" sizes=\"(max-width: 300px) 100vw, 300px\" \/><\/a>Mais de 3 milh\u00f5es de candidatos j\u00e1 consultaram o local onde far\u00e3o o Exame Nacional do Ensino M\u00e9dio (Enem). O cart\u00e3o de confirma\u00e7\u00e3o da inscri\u00e7\u00e3o, que cont\u00e9m a informa\u00e7\u00e3o sobre o local da prova, foi disponibilizado na \u00faltima sexta-feira (20).<\/p>\n<p>O n\u00famero representa cerca de 45% do total de 6,73 milh\u00f5es inscri\u00e7\u00f5es confirmadas no Enem. Segundo o Instituto Nacional de Estudos e Pesquisas Educacionais An\u00edsio Teixeira (Inep), a Para\u00edba \u00e9 o estado com o maior percentual de estudantes que consultaram o local de prova: 57%. No Cear\u00e1, 55% dos participantes j\u00e1 consultaram o cart\u00e3o e, em Pernambuco e no Rio Grande do Norte, 53%. O Amazonas tem o menor n\u00famero de acessos: 30%<\/p>\n<p>O acesso ao cart\u00e3o pode ser feito na P\u00e1gina do Participante e tamb\u00e9m no aplicativo do Enem para celular. Al\u00e9m do local de prova, o documento tamb\u00e9m informa o n\u00famero de inscri\u00e7\u00e3o, a data e hora das provas, a op\u00e7\u00e3o de l\u00edngua estrangeira escolhida e os atendimentos espec\u00edficos ou especializados, caso tenham sido solicitados.<\/p>\n<p>O Inep recomenda que, ap\u00f3s conhecer o lugar onde far\u00e1 a prova, os candidatos fa\u00e7am o trajeto antes do dia do Enem e verifiquem a dist\u00e2ncia, o tempo gasto e a melhor forma de chegar, para evitar atrasos no dia da aplica\u00e7\u00e3o.<\/p>\n<p>O Enem ser\u00e1 realizado em dois domingos: em 5 de novembro, ser\u00e3o aplicadas as provas de linguagens, c\u00f3digos, reda\u00e7\u00e3o e ci\u00eancias humanas e, no dia 12 de novembro, as de ci\u00eancias da natureza e matem\u00e1tica. O exame ser\u00e1 aplicado em 1.724 munic\u00edpios, para 6.731.203 inscritos.<\/p>\n<p><em><strong>Cariri em Destaque<\/strong><\/em><\/p>\n<p>Com EBC<\/p>\n","protected":false},"excerpt":{"rendered":"<p>Mais de 3 milh\u00f5es de candidatos j\u00e1 consultaram o local onde far\u00e3o o Exame Nacional do Ensino M\u00e9dio (Enem). O cart\u00e3o de confirma\u00e7\u00e3o da inscri\u00e7\u00e3o, que cont\u00e9m a informa\u00e7\u00e3o sobre o local da prova, foi disponibilizado na \u00faltima sexta-feira (20). O n\u00famero representa cerca de 45% do total de 6,73 milh\u00f5es inscri\u00e7\u00f5es confirmadas no Enem. Segundo o Instituto Nacional de Estudos e Pesquisas Educacionais An\u00edsio Teixeira (Inep), a Para\u00edba \u00e9 o estado com o maior percentual de estudantes que consultaram o local de prova: 57%. No Cear\u00e1, 55% dos participantes j\u00e1 consultaram o cart\u00e3o e, em Pernambuco e no Rio Grande do Norte, 53%. O Amazonas tem o menor n\u00famero de acessos: 30% O acesso ao cart\u00e3o pode ser feito na P\u00e1gina do Participante e tamb\u00e9m no aplicativo do Enem para celular. Al\u00e9m do local de prova, o documento tamb\u00e9m informa o n\u00famero de inscri\u00e7\u00e3o, a data e hora das provas, a op\u00e7\u00e3o de l\u00edngua estrangeira escolhida e os atendimentos espec\u00edficos ou especializados, caso tenham sido solicitados. O Inep recomenda que, ap\u00f3s conhecer o lugar onde far\u00e1 a prova, os candidatos fa\u00e7am o trajeto antes do dia do Enem e verifiquem a dist\u00e2ncia, o tempo gasto e a melhor forma de chegar, para evitar atrasos no dia da aplica\u00e7\u00e3o. O Enem ser\u00e1 realizado em dois domingos: em 5 de novembro, ser\u00e3o aplicadas as provas de linguagens, c\u00f3digos, reda\u00e7\u00e3o e ci\u00eancias humanas e, no dia 12 de novembro, as de ci\u00eancias da natureza e matem\u00e1tica. O exame ser\u00e1 aplicado em 1.724 munic\u00edpios, para 6.731.203 inscritos. Cariri em Destaque Com EBC<\/p>\n","protected":false},"author":2,"featured_media":5394,"comment_status":"closed","ping_status":"open","sticky":false,"template":"","format":"standard","meta":{"_eb_attr":"","_jetpack_memberships_contains_paid_content":false,"footnotes":""},"categories":[6],"tags":[],"class_list":["post-5393","post","type-post","status-publish","format-standard","has-post-thumbnail","hentry","category-educacao"],"yoast_head":"<!-- This site is optimized with the Yoast SEO plugin v26.5 - https:\/\/yoast.com\/wordpress\/plugins\/seo\/ -->\n<title>Mais de 3 milh\u00f5es de candidatos j\u00e1 consultaram local de prova do Enem - Not&iacute;cias em Destaque<\/title>\n<meta name=\"robots\" content=\"index, follow, max-snippet:-1, max-image-preview:large, max-video-preview:-1\" \/>\n<link rel=\"canonical\" href=\"https:\/\/noticiasemdestaque.com\/cd\/?p=5393\" \/>\n<meta property=\"og:locale\" content=\"pt_BR\" \/>\n<meta property=\"og:type\" content=\"article\" \/>\n<meta property=\"og:title\" content=\"Mais de 3 milh\u00f5es de candidatos j\u00e1 consultaram local de prova do Enem - Not&iacute;cias em Destaque\" \/>\n<meta property=\"og:description\" content=\"Mais de 3 milh\u00f5es de candidatos j\u00e1 consultaram o local onde far\u00e3o o Exame Nacional do Ensino M\u00e9dio (Enem). O cart\u00e3o de confirma\u00e7\u00e3o da inscri\u00e7\u00e3o, que cont\u00e9m a informa\u00e7\u00e3o sobre o local da prova, foi disponibilizado na \u00faltima sexta-feira (20). O n\u00famero representa cerca de 45% do total de 6,73 milh\u00f5es inscri\u00e7\u00f5es confirmadas no Enem. Segundo o Instituto Nacional de Estudos e Pesquisas Educacionais An\u00edsio Teixeira (Inep), a Para\u00edba \u00e9 o estado com o maior percentual de estudantes que consultaram o local de prova: 57%. No Cear\u00e1, 55% dos participantes j\u00e1 consultaram o cart\u00e3o e, em Pernambuco e no Rio Grande do Norte, 53%. O Amazonas tem o menor n\u00famero de acessos: 30% O acesso ao cart\u00e3o pode ser feito na P\u00e1gina do Participante e tamb\u00e9m no aplicativo do Enem para celular. Al\u00e9m do local de prova, o documento tamb\u00e9m informa o n\u00famero de inscri\u00e7\u00e3o, a data e hora das provas, a op\u00e7\u00e3o de l\u00edngua estrangeira escolhida e os atendimentos espec\u00edficos ou especializados, caso tenham sido solicitados. O Inep recomenda que, ap\u00f3s conhecer o lugar onde far\u00e1 a prova, os candidatos fa\u00e7am o trajeto antes do dia do Enem e verifiquem a dist\u00e2ncia, o tempo gasto e a melhor forma de chegar, para evitar atrasos no dia da aplica\u00e7\u00e3o. O Enem ser\u00e1 realizado em dois domingos: em 5 de novembro, ser\u00e3o aplicadas as provas de linguagens, c\u00f3digos, reda\u00e7\u00e3o e ci\u00eancias humanas e, no dia 12 de novembro, as de ci\u00eancias da natureza e matem\u00e1tica. O exame ser\u00e1 aplicado em 1.724 munic\u00edpios, para 6.731.203 inscritos. Cariri em Destaque Com EBC\" \/>\n<meta property=\"og:url\" content=\"https:\/\/noticiasemdestaque.com\/cd\/?p=5393\" \/>\n<meta property=\"og:site_name\" content=\"Not&iacute;cias em Destaque\" \/>\n<meta property=\"article:published_time\" content=\"2017-10-23T22:26:24+00:00\" \/>\n<meta property=\"og:image\" content=\"https:\/\/noticiasemdestaque.com\/cd\/wp-content\/uploads\/2017\/10\/enem-2017-passa-por-mudancas_1197285.jpg\" \/>\n\t<meta property=\"og:image:width\" content=\"719\" \/>\n\t<meta property=\"og:image:height\" content=\"316\" \/>\n\t<meta property=\"og:image:type\" content=\"image\/jpeg\" \/>\n<meta name=\"author\" content=\"Not\u00edcias em Destaque\" \/>\n<meta name=\"twitter:card\" content=\"summary_large_image\" \/>\n<meta name=\"twitter:label1\" content=\"Escrito por\" \/>\n\t<meta name=\"twitter:data1\" content=\"Not\u00edcias em Destaque\" \/>\n\t<meta name=\"twitter:label2\" content=\"Est. tempo de leitura\" \/>\n\t<meta name=\"twitter:data2\" content=\"1 minuto\" \/>\n<script type=\"application\/ld+json\" class=\"yoast-schema-graph\">{\"@context\":\"https:\/\/schema.org\",\"@graph\":[{\"@type\":\"Article\",\"@id\":\"https:\/\/noticiasemdestaque.com\/cd\/?p=5393#article\",\"isPartOf\":{\"@id\":\"https:\/\/noticiasemdestaque.com\/cd\/?p=5393\"},\"author\":{\"name\":\"Not\u00edcias em Destaque\",\"@id\":\"https:\/\/noticiasemdestaque.com\/cd\/#\/schema\/person\/21320b03a7e8bb90128938dafc9b908a\"},\"headline\":\"Mais de 3 milh\u00f5es de candidatos j\u00e1 consultaram local de prova do Enem\",\"datePublished\":\"2017-10-23T22:26:24+00:00\",\"mainEntityOfPage\":{\"@id\":\"https:\/\/noticiasemdestaque.com\/cd\/?p=5393\"},\"wordCount\":295,\"publisher\":{\"@id\":\"https:\/\/noticiasemdestaque.com\/cd\/#organization\"},\"image\":{\"@id\":\"https:\/\/noticiasemdestaque.com\/cd\/?p=5393#primaryimage\"},\"thumbnailUrl\":\"https:\/\/noticiasemdestaque.com\/cd\/wp-content\/uploads\/2017\/10\/enem-2017-passa-por-mudancas_1197285.jpg\",\"articleSection\":[\"Educa\u00e7\u00e3o\"],\"inLanguage\":\"pt-BR\"},{\"@type\":\"WebPage\",\"@id\":\"https:\/\/noticiasemdestaque.com\/cd\/?p=5393\",\"url\":\"https:\/\/noticiasemdestaque.com\/cd\/?p=5393\",\"name\":\"Mais de 3 milh\u00f5es de candidatos j\u00e1 consultaram local de prova do Enem - Not&iacute;cias em Destaque\",\"isPartOf\":{\"@id\":\"https:\/\/noticiasemdestaque.com\/cd\/#website\"},\"primaryImageOfPage\":{\"@id\":\"https:\/\/noticiasemdestaque.com\/cd\/?p=5393#primaryimage\"},\"image\":{\"@id\":\"https:\/\/noticiasemdestaque.com\/cd\/?p=5393#primaryimage\"},\"thumbnailUrl\":\"https:\/\/noticiasemdestaque.com\/cd\/wp-content\/uploads\/2017\/10\/enem-2017-passa-por-mudancas_1197285.jpg\",\"datePublished\":\"2017-10-23T22:26:24+00:00\",\"breadcrumb\":{\"@id\":\"https:\/\/noticiasemdestaque.com\/cd\/?p=5393#breadcrumb\"},\"inLanguage\":\"pt-BR\",\"potentialAction\":[{\"@type\":\"ReadAction\",\"target\":[\"https:\/\/noticiasemdestaque.com\/cd\/?p=5393\"]}]},{\"@type\":\"ImageObject\",\"inLanguage\":\"pt-BR\",\"@id\":\"https:\/\/noticiasemdestaque.com\/cd\/?p=5393#primaryimage\",\"url\":\"https:\/\/noticiasemdestaque.com\/cd\/wp-content\/uploads\/2017\/10\/enem-2017-passa-por-mudancas_1197285.jpg\",\"contentUrl\":\"https:\/\/noticiasemdestaque.com\/cd\/wp-content\/uploads\/2017\/10\/enem-2017-passa-por-mudancas_1197285.jpg\",\"width\":719,\"height\":316},{\"@type\":\"BreadcrumbList\",\"@id\":\"https:\/\/noticiasemdestaque.com\/cd\/?p=5393#breadcrumb\",\"itemListElement\":[{\"@type\":\"ListItem\",\"position\":1,\"name\":\"In\u00edcio\",\"item\":\"https:\/\/noticiasemdestaque.com\/cd\/\"},{\"@type\":\"ListItem\",\"position\":2,\"name\":\"Mais de 3 milh\u00f5es de candidatos j\u00e1 consultaram local de prova do Enem\"}]},{\"@type\":\"WebSite\",\"@id\":\"https:\/\/noticiasemdestaque.com\/cd\/#website\",\"url\":\"https:\/\/noticiasemdestaque.com\/cd\/\",\"name\":\"Not&iacute;cias em Destaque\",\"description\":\"\",\"publisher\":{\"@id\":\"https:\/\/noticiasemdestaque.com\/cd\/#organization\"},\"potentialAction\":[{\"@type\":\"SearchAction\",\"target\":{\"@type\":\"EntryPoint\",\"urlTemplate\":\"https:\/\/noticiasemdestaque.com\/cd\/?s={search_term_string}\"},\"query-input\":{\"@type\":\"PropertyValueSpecification\",\"valueRequired\":true,\"valueName\":\"search_term_string\"}}],\"inLanguage\":\"pt-BR\"},{\"@type\":\"Organization\",\"@id\":\"https:\/\/noticiasemdestaque.com\/cd\/#organization\",\"name\":\"Not\u00edcias em Destaque\",\"url\":\"https:\/\/noticiasemdestaque.com\/cd\/\",\"logo\":{\"@type\":\"ImageObject\",\"inLanguage\":\"pt-BR\",\"@id\":\"https:\/\/noticiasemdestaque.com\/cd\/#\/schema\/logo\/image\/\",\"url\":\"https:\/\/noticiasemdestaque.com\/cd\/wp-content\/uploads\/2022\/05\/imagem-base-noticiasemdestaque.png\",\"contentUrl\":\"https:\/\/noticiasemdestaque.com\/cd\/wp-content\/uploads\/2022\/05\/imagem-base-noticiasemdestaque.png\",\"width\":1200,\"height\":630,\"caption\":\"Not\u00edcias em Destaque\"},\"image\":{\"@id\":\"https:\/\/noticiasemdestaque.com\/cd\/#\/schema\/logo\/image\/\"}},{\"@type\":\"Person\",\"@id\":\"https:\/\/noticiasemdestaque.com\/cd\/#\/schema\/person\/21320b03a7e8bb90128938dafc9b908a\",\"name\":\"Not\u00edcias em Destaque\",\"url\":\"https:\/\/noticiasemdestaque.com\/cd\/?author=2\"}]}<\/script>\n<!-- \/ Yoast SEO plugin. -->","yoast_head_json":{"title":"Mais de 3 milh\u00f5es de candidatos j\u00e1 consultaram local de prova do Enem - Not&iacute;cias em Destaque","robots":{"index":"index","follow":"follow","max-snippet":"max-snippet:-1","max-image-preview":"max-image-preview:large","max-video-preview":"max-video-preview:-1"},"canonical":"https:\/\/noticiasemdestaque.com\/cd\/?p=5393","og_locale":"pt_BR","og_type":"article","og_title":"Mais de 3 milh\u00f5es de candidatos j\u00e1 consultaram local de prova do Enem - Not&iacute;cias em Destaque","og_description":"Mais de 3 milh\u00f5es de candidatos j\u00e1 consultaram o local onde far\u00e3o o Exame Nacional do Ensino M\u00e9dio (Enem). O cart\u00e3o de confirma\u00e7\u00e3o da inscri\u00e7\u00e3o, que cont\u00e9m a informa\u00e7\u00e3o sobre o local da prova, foi disponibilizado na \u00faltima sexta-feira (20). O n\u00famero representa cerca de 45% do total de 6,73 milh\u00f5es inscri\u00e7\u00f5es confirmadas no Enem. Segundo o Instituto Nacional de Estudos e Pesquisas Educacionais An\u00edsio Teixeira (Inep), a Para\u00edba \u00e9 o estado com o maior percentual de estudantes que consultaram o local de prova: 57%. No Cear\u00e1, 55% dos participantes j\u00e1 consultaram o cart\u00e3o e, em Pernambuco e no Rio Grande do Norte, 53%. O Amazonas tem o menor n\u00famero de acessos: 30% O acesso ao cart\u00e3o pode ser feito na P\u00e1gina do Participante e tamb\u00e9m no aplicativo do Enem para celular. Al\u00e9m do local de prova, o documento tamb\u00e9m informa o n\u00famero de inscri\u00e7\u00e3o, a data e hora das provas, a op\u00e7\u00e3o de l\u00edngua estrangeira escolhida e os atendimentos espec\u00edficos ou especializados, caso tenham sido solicitados. O Inep recomenda que, ap\u00f3s conhecer o lugar onde far\u00e1 a prova, os candidatos fa\u00e7am o trajeto antes do dia do Enem e verifiquem a dist\u00e2ncia, o tempo gasto e a melhor forma de chegar, para evitar atrasos no dia da aplica\u00e7\u00e3o. O Enem ser\u00e1 realizado em dois domingos: em 5 de novembro, ser\u00e3o aplicadas as provas de linguagens, c\u00f3digos, reda\u00e7\u00e3o e ci\u00eancias humanas e, no dia 12 de novembro, as de ci\u00eancias da natureza e matem\u00e1tica. O exame ser\u00e1 aplicado em 1.724 munic\u00edpios, para 6.731.203 inscritos. Cariri em Destaque Com EBC","og_url":"https:\/\/noticiasemdestaque.com\/cd\/?p=5393","og_site_name":"Not&iacute;cias em Destaque","article_published_time":"2017-10-23T22:26:24+00:00","og_image":[{"width":719,"height":316,"url":"https:\/\/noticiasemdestaque.com\/cd\/wp-content\/uploads\/2017\/10\/enem-2017-passa-por-mudancas_1197285.jpg","type":"image\/jpeg"}],"author":"Not\u00edcias em Destaque","twitter_card":"summary_large_image","twitter_misc":{"Escrito por":"Not\u00edcias em Destaque","Est. tempo de leitura":"1 minuto"},"schema":{"@context":"https:\/\/schema.org","@graph":[{"@type":"Article","@id":"https:\/\/noticiasemdestaque.com\/cd\/?p=5393#article","isPartOf":{"@id":"https:\/\/noticiasemdestaque.com\/cd\/?p=5393"},"author":{"name":"Not\u00edcias em Destaque","@id":"https:\/\/noticiasemdestaque.com\/cd\/#\/schema\/person\/21320b03a7e8bb90128938dafc9b908a"},"headline":"Mais de 3 milh\u00f5es de candidatos j\u00e1 consultaram local de prova do Enem","datePublished":"2017-10-23T22:26:24+00:00","mainEntityOfPage":{"@id":"https:\/\/noticiasemdestaque.com\/cd\/?p=5393"},"wordCount":295,"publisher":{"@id":"https:\/\/noticiasemdestaque.com\/cd\/#organization"},"image":{"@id":"https:\/\/noticiasemdestaque.com\/cd\/?p=5393#primaryimage"},"thumbnailUrl":"https:\/\/noticiasemdestaque.com\/cd\/wp-content\/uploads\/2017\/10\/enem-2017-passa-por-mudancas_1197285.jpg","articleSection":["Educa\u00e7\u00e3o"],"inLanguage":"pt-BR"},{"@type":"WebPage","@id":"https:\/\/noticiasemdestaque.com\/cd\/?p=5393","url":"https:\/\/noticiasemdestaque.com\/cd\/?p=5393","name":"Mais de 3 milh\u00f5es de candidatos j\u00e1 consultaram local de prova do Enem - Not&iacute;cias em Destaque","isPartOf":{"@id":"https:\/\/noticiasemdestaque.com\/cd\/#website"},"primaryImageOfPage":{"@id":"https:\/\/noticiasemdestaque.com\/cd\/?p=5393#primaryimage"},"image":{"@id":"https:\/\/noticiasemdestaque.com\/cd\/?p=5393#primaryimage"},"thumbnailUrl":"https:\/\/noticiasemdestaque.com\/cd\/wp-content\/uploads\/2017\/10\/enem-2017-passa-por-mudancas_1197285.jpg","datePublished":"2017-10-23T22:26:24+00:00","breadcrumb":{"@id":"https:\/\/noticiasemdestaque.com\/cd\/?p=5393#breadcrumb"},"inLanguage":"pt-BR","potentialAction":[{"@type":"ReadAction","target":["https:\/\/noticiasemdestaque.com\/cd\/?p=5393"]}]},{"@type":"ImageObject","inLanguage":"pt-BR","@id":"https:\/\/noticiasemdestaque.com\/cd\/?p=5393#primaryimage","url":"https:\/\/noticiasemdestaque.com\/cd\/wp-content\/uploads\/2017\/10\/enem-2017-passa-por-mudancas_1197285.jpg","contentUrl":"https:\/\/noticiasemdestaque.com\/cd\/wp-content\/uploads\/2017\/10\/enem-2017-passa-por-mudancas_1197285.jpg","width":719,"height":316},{"@type":"BreadcrumbList","@id":"https:\/\/noticiasemdestaque.com\/cd\/?p=5393#breadcrumb","itemListElement":[{"@type":"ListItem","position":1,"name":"In\u00edcio","item":"https:\/\/noticiasemdestaque.com\/cd\/"},{"@type":"ListItem","position":2,"name":"Mais de 3 milh\u00f5es de candidatos j\u00e1 consultaram local de prova do Enem"}]},{"@type":"WebSite","@id":"https:\/\/noticiasemdestaque.com\/cd\/#website","url":"https:\/\/noticiasemdestaque.com\/cd\/","name":"Not&iacute;cias em Destaque","description":"","publisher":{"@id":"https:\/\/noticiasemdestaque.com\/cd\/#organization"},"potentialAction":[{"@type":"SearchAction","target":{"@type":"EntryPoint","urlTemplate":"https:\/\/noticiasemdestaque.com\/cd\/?s={search_term_string}"},"query-input":{"@type":"PropertyValueSpecification","valueRequired":true,"valueName":"search_term_string"}}],"inLanguage":"pt-BR"},{"@type":"Organization","@id":"https:\/\/noticiasemdestaque.com\/cd\/#organization","name":"Not\u00edcias em Destaque","url":"https:\/\/noticiasemdestaque.com\/cd\/","logo":{"@type":"ImageObject","inLanguage":"pt-BR","@id":"https:\/\/noticiasemdestaque.com\/cd\/#\/schema\/logo\/image\/","url":"https:\/\/noticiasemdestaque.com\/cd\/wp-content\/uploads\/2022\/05\/imagem-base-noticiasemdestaque.png","contentUrl":"https:\/\/noticiasemdestaque.com\/cd\/wp-content\/uploads\/2022\/05\/imagem-base-noticiasemdestaque.png","width":1200,"height":630,"caption":"Not\u00edcias em Destaque"},"image":{"@id":"https:\/\/noticiasemdestaque.com\/cd\/#\/schema\/logo\/image\/"}},{"@type":"Person","@id":"https:\/\/noticiasemdestaque.com\/cd\/#\/schema\/person\/21320b03a7e8bb90128938dafc9b908a","name":"Not\u00edcias em Destaque","url":"https:\/\/noticiasemdestaque.com\/cd\/?author=2"}]}},"jetpack_featured_media_url":"https:\/\/noticiasemdestaque.com\/cd\/wp-content\/uploads\/2017\/10\/enem-2017-passa-por-mudancas_1197285.jpg","jetpack_sharing_enabled":true,"_links":{"self":[{"href":"https:\/\/noticiasemdestaque.com\/cd\/index.php?rest_route=\/wp\/v2\/posts\/5393","targetHints":{"allow":["GET"]}}],"collection":[{"href":"https:\/\/noticiasemdestaque.com\/cd\/index.php?rest_route=\/wp\/v2\/posts"}],"about":[{"href":"https:\/\/noticiasemdestaque.com\/cd\/index.php?rest_route=\/wp\/v2\/types\/post"}],"author":[{"embeddable":true,"href":"https:\/\/noticiasemdestaque.com\/cd\/index.php?rest_route=\/wp\/v2\/users\/2"}],"replies":[{"embeddable":true,"href":"https:\/\/noticiasemdestaque.com\/cd\/index.php?rest_route=%2Fwp%2Fv2%2Fcomments&post=5393"}],"version-history":[{"count":1,"href":"https:\/\/noticiasemdestaque.com\/cd\/index.php?rest_route=\/wp\/v2\/posts\/5393\/revisions"}],"predecessor-version":[{"id":5395,"href":"https:\/\/noticiasemdestaque.com\/cd\/index.php?rest_route=\/wp\/v2\/posts\/5393\/revisions\/5395"}],"wp:featuredmedia":[{"embeddable":true,"href":"https:\/\/noticiasemdestaque.com\/cd\/index.php?rest_route=\/wp\/v2\/media\/5394"}],"wp:attachment":[{"href":"https:\/\/noticiasemdestaque.com\/cd\/index.php?rest_route=%2Fwp%2Fv2%2Fmedia&parent=5393"}],"wp:term":[{"taxonomy":"category","embeddable":true,"href":"https:\/\/noticiasemdestaque.com\/cd\/index.php?rest_route=%2Fwp%2Fv2%2Fcategories&post=5393"},{"taxonomy":"post_tag","embeddable":true,"href":"https:\/\/noticiasemdestaque.com\/cd\/index.php?rest_route=%2Fwp%2Fv2%2Ftags&post=5393"}],"curies":[{"name":"wp","href":"https:\/\/api.w.org\/{rel}","templated":true}]}}