{"id":5384,"date":"2017-10-23T07:50:41","date_gmt":"2017-10-23T10:50:41","guid":{"rendered":"http:\/\/caririemdestaque.com\/cd\/?p=5384"},"modified":"2017-10-23T07:50:41","modified_gmt":"2017-10-23T10:50:41","slug":"prefeito-decreta-corte-em-proprio-salario-em-diarias-e-autoriza-exoneracoes-para-conter-gastos","status":"publish","type":"post","link":"https:\/\/noticiasemdestaque.com\/cd\/?p=5384","title":{"rendered":"Prefeito decreta corte em pr\u00f3prio sal\u00e1rio, em di\u00e1rias e autoriza exonera\u00e7\u00f5es para conter gastos"},"content":{"rendered":"<p><a href=\"http:\/\/caririemdestaque.com\/cd\/wp-content\/uploads\/2017\/10\/1508748345912-serido.jpg\"><img decoding=\"async\" class=\"size-thumbnail wp-image-5385 alignleft\" src=\"http:\/\/caririemdestaque.com\/cd\/wp-content\/uploads\/2017\/10\/1508748345912-serido-150x150.jpg\" alt=\"\" width=\"150\" height=\"150\" \/><\/a>O prefeito Oliv\u00e2nio Dantas Rem\u00edgio, da cidade de Picu\u00ed, localizada no Serid\u00f3 Oriental da Para\u00edba, emitiu um decreto determinando um pacote de a\u00e7\u00f5es voltadas para redu\u00e7\u00e3o e conten\u00e7\u00e3o dos gastos no munic\u00edpio. O decreto foi publicado na edi\u00e7\u00e3o da \u00faltima quarta-feira (18) do Di\u00e1rio dos Munic\u00edpios.<\/p>\n<p>Dentre as medidas anunciadas est\u00e1 a autoriza\u00e7\u00e3o da rescis\u00e3o de contratos administrativos, de contratos tempor\u00e1rios por excepcional interesse p\u00fablico, al\u00e9m da exonera\u00e7\u00e3o de cargos comissionados e a destitui\u00e7\u00e3o de fun\u00e7\u00f5es de confian\u00e7a. Essa autoriza\u00e7\u00e3o \u00e9 v\u00e1lida durante per\u00edodo a ser determinado pelo Chefe do Executivo.<\/p>\n<p>Ainda ficou determinado que a concess\u00e3o de novas gratifica\u00e7\u00f5es ou horas extras ficam suspensas temporariamente. Novas cess\u00f5es de servidores tamb\u00e9m ficar\u00e3o igualmente suspensas. J\u00e1 as gratifica\u00e7\u00f5es que j\u00e1 foram concedidas aos servidores anteriormente dever\u00e3o passar por reavalia\u00e7\u00e3o do prefeito e poder\u00e3o ser reduzidas ou extintas. As di\u00e1rias pagas aos servidores tamb\u00e9m ter\u00e3o cortes.<\/p>\n<p>Os subs\u00eddios pagos aos agentes p\u00fablicos igualmente sofrer\u00e3o cortes, como forma de conten\u00e7\u00e3o dos gastos. O decreto anuncia descontos de 15% no subs\u00eddio mensal do prefeito e do vice-prefeito, dos secret\u00e1rios municipais e diretorias e dos vencimentos dos servidores comissionados e efetivos em cargos comissionados. J\u00e1 os contratos por excepcional interesse p\u00fablico ter\u00e3o desconto de 10% em seus valores, respeitando o sal\u00e1rio m\u00ednimo.<\/p>\n<p>O contingenciamento ir\u00e1 atingir ainda os gastos com combust\u00edvel, energia e \u00e1gua, que ser\u00e3o alvos de controle rigoroso. Para conferir a efetividade das medidas adotadas, tamb\u00e9m ficou determinada a cria\u00e7\u00e3o de um Comit\u00ea Gestor, que dever\u00e1 estar sempre a par das medidas em busca da conten\u00e7\u00e3o de gastos.<\/p>\n<p>&nbsp;<\/p>\n","protected":false},"excerpt":{"rendered":"<p>O prefeito Oliv\u00e2nio Dantas Rem\u00edgio, da cidade de Picu\u00ed, localizada no Serid\u00f3 Oriental da Para\u00edba, emitiu um decreto determinando um pacote de a\u00e7\u00f5es voltadas para redu\u00e7\u00e3o e conten\u00e7\u00e3o dos gastos no munic\u00edpio. O decreto foi publicado na edi\u00e7\u00e3o da \u00faltima quarta-feira (18) do Di\u00e1rio dos Munic\u00edpios. Dentre as medidas anunciadas est\u00e1 a autoriza\u00e7\u00e3o da rescis\u00e3o de contratos administrativos, de contratos tempor\u00e1rios por excepcional interesse p\u00fablico, al\u00e9m da exonera\u00e7\u00e3o de cargos comissionados e a destitui\u00e7\u00e3o de fun\u00e7\u00f5es de confian\u00e7a. Essa autoriza\u00e7\u00e3o \u00e9 v\u00e1lida durante per\u00edodo a ser determinado pelo Chefe do Executivo. Ainda ficou determinado que a concess\u00e3o de novas gratifica\u00e7\u00f5es ou horas extras ficam suspensas temporariamente. Novas cess\u00f5es de servidores tamb\u00e9m ficar\u00e3o igualmente suspensas. J\u00e1 as gratifica\u00e7\u00f5es que j\u00e1 foram concedidas aos servidores anteriormente dever\u00e3o passar por reavalia\u00e7\u00e3o do prefeito e poder\u00e3o ser reduzidas ou extintas. As di\u00e1rias pagas aos servidores tamb\u00e9m ter\u00e3o cortes. Os subs\u00eddios pagos aos agentes p\u00fablicos igualmente sofrer\u00e3o cortes, como forma de conten\u00e7\u00e3o dos gastos. O decreto anuncia descontos de 15% no subs\u00eddio mensal do prefeito e do vice-prefeito, dos secret\u00e1rios municipais e diretorias e dos vencimentos dos servidores comissionados e efetivos em cargos comissionados. J\u00e1 os contratos por excepcional interesse p\u00fablico ter\u00e3o desconto de 10% em seus valores, respeitando o sal\u00e1rio m\u00ednimo. O contingenciamento ir\u00e1 atingir ainda os gastos com combust\u00edvel, energia e \u00e1gua, que ser\u00e3o alvos de controle rigoroso. Para conferir a efetividade das medidas adotadas, tamb\u00e9m ficou determinada a cria\u00e7\u00e3o de um Comit\u00ea Gestor, que dever\u00e1 estar sempre a par das medidas em busca da conten\u00e7\u00e3o de gastos. &nbsp;<\/p>\n","protected":false},"author":2,"featured_media":5385,"comment_status":"closed","ping_status":"open","sticky":false,"template":"","format":"standard","meta":{"_eb_attr":"","_jetpack_memberships_contains_paid_content":false,"footnotes":""},"categories":[4],"tags":[],"class_list":["post-5384","post","type-post","status-publish","format-standard","has-post-thumbnail","hentry","category-politica"],"yoast_head":"<!-- This site is optimized with the Yoast SEO plugin v26.5 - https:\/\/yoast.com\/wordpress\/plugins\/seo\/ -->\n<title>Prefeito decreta corte em pr\u00f3prio sal\u00e1rio, em di\u00e1rias e autoriza exonera\u00e7\u00f5es para conter gastos - Not&iacute;cias em Destaque<\/title>\n<meta name=\"robots\" content=\"index, follow, max-snippet:-1, max-image-preview:large, max-video-preview:-1\" \/>\n<link rel=\"canonical\" href=\"https:\/\/noticiasemdestaque.com\/cd\/?p=5384\" \/>\n<meta property=\"og:locale\" content=\"pt_BR\" \/>\n<meta property=\"og:type\" content=\"article\" \/>\n<meta property=\"og:title\" content=\"Prefeito decreta corte em pr\u00f3prio sal\u00e1rio, em di\u00e1rias e autoriza exonera\u00e7\u00f5es para conter gastos - Not&iacute;cias em Destaque\" \/>\n<meta property=\"og:description\" content=\"O prefeito Oliv\u00e2nio Dantas Rem\u00edgio, da cidade de Picu\u00ed, localizada no Serid\u00f3 Oriental da Para\u00edba, emitiu um decreto determinando um pacote de a\u00e7\u00f5es voltadas para redu\u00e7\u00e3o e conten\u00e7\u00e3o dos gastos no munic\u00edpio. O decreto foi publicado na edi\u00e7\u00e3o da \u00faltima quarta-feira (18) do Di\u00e1rio dos Munic\u00edpios. Dentre as medidas anunciadas est\u00e1 a autoriza\u00e7\u00e3o da rescis\u00e3o de contratos administrativos, de contratos tempor\u00e1rios por excepcional interesse p\u00fablico, al\u00e9m da exonera\u00e7\u00e3o de cargos comissionados e a destitui\u00e7\u00e3o de fun\u00e7\u00f5es de confian\u00e7a. Essa autoriza\u00e7\u00e3o \u00e9 v\u00e1lida durante per\u00edodo a ser determinado pelo Chefe do Executivo. Ainda ficou determinado que a concess\u00e3o de novas gratifica\u00e7\u00f5es ou horas extras ficam suspensas temporariamente. Novas cess\u00f5es de servidores tamb\u00e9m ficar\u00e3o igualmente suspensas. J\u00e1 as gratifica\u00e7\u00f5es que j\u00e1 foram concedidas aos servidores anteriormente dever\u00e3o passar por reavalia\u00e7\u00e3o do prefeito e poder\u00e3o ser reduzidas ou extintas. As di\u00e1rias pagas aos servidores tamb\u00e9m ter\u00e3o cortes. Os subs\u00eddios pagos aos agentes p\u00fablicos igualmente sofrer\u00e3o cortes, como forma de conten\u00e7\u00e3o dos gastos. O decreto anuncia descontos de 15% no subs\u00eddio mensal do prefeito e do vice-prefeito, dos secret\u00e1rios municipais e diretorias e dos vencimentos dos servidores comissionados e efetivos em cargos comissionados. J\u00e1 os contratos por excepcional interesse p\u00fablico ter\u00e3o desconto de 10% em seus valores, respeitando o sal\u00e1rio m\u00ednimo. O contingenciamento ir\u00e1 atingir ainda os gastos com combust\u00edvel, energia e \u00e1gua, que ser\u00e3o alvos de controle rigoroso. Para conferir a efetividade das medidas adotadas, tamb\u00e9m ficou determinada a cria\u00e7\u00e3o de um Comit\u00ea Gestor, que dever\u00e1 estar sempre a par das medidas em busca da conten\u00e7\u00e3o de gastos. &nbsp;\" \/>\n<meta property=\"og:url\" content=\"https:\/\/noticiasemdestaque.com\/cd\/?p=5384\" \/>\n<meta property=\"og:site_name\" content=\"Not&iacute;cias em Destaque\" \/>\n<meta property=\"article:published_time\" content=\"2017-10-23T10:50:41+00:00\" \/>\n<meta property=\"og:image\" content=\"https:\/\/noticiasemdestaque.com\/cd\/wp-content\/uploads\/2017\/10\/1508748345912-serido.jpg\" \/>\n\t<meta property=\"og:image:width\" content=\"692\" \/>\n\t<meta property=\"og:image:height\" content=\"462\" \/>\n\t<meta property=\"og:image:type\" content=\"image\/jpeg\" \/>\n<meta name=\"author\" content=\"Not\u00edcias em Destaque\" \/>\n<meta name=\"twitter:card\" content=\"summary_large_image\" \/>\n<meta name=\"twitter:label1\" content=\"Escrito por\" \/>\n\t<meta name=\"twitter:data1\" content=\"Not\u00edcias em Destaque\" \/>\n\t<meta name=\"twitter:label2\" content=\"Est. tempo de leitura\" \/>\n\t<meta name=\"twitter:data2\" content=\"2 minutos\" \/>\n<script type=\"application\/ld+json\" class=\"yoast-schema-graph\">{\"@context\":\"https:\/\/schema.org\",\"@graph\":[{\"@type\":\"Article\",\"@id\":\"https:\/\/noticiasemdestaque.com\/cd\/?p=5384#article\",\"isPartOf\":{\"@id\":\"https:\/\/noticiasemdestaque.com\/cd\/?p=5384\"},\"author\":{\"name\":\"Not\u00edcias em Destaque\",\"@id\":\"https:\/\/noticiasemdestaque.com\/cd\/#\/schema\/person\/21320b03a7e8bb90128938dafc9b908a\"},\"headline\":\"Prefeito decreta corte em pr\u00f3prio sal\u00e1rio, em di\u00e1rias e autoriza exonera\u00e7\u00f5es para conter gastos\",\"datePublished\":\"2017-10-23T10:50:41+00:00\",\"mainEntityOfPage\":{\"@id\":\"https:\/\/noticiasemdestaque.com\/cd\/?p=5384\"},\"wordCount\":319,\"publisher\":{\"@id\":\"https:\/\/noticiasemdestaque.com\/cd\/#organization\"},\"image\":{\"@id\":\"https:\/\/noticiasemdestaque.com\/cd\/?p=5384#primaryimage\"},\"thumbnailUrl\":\"https:\/\/noticiasemdestaque.com\/cd\/wp-content\/uploads\/2017\/10\/1508748345912-serido.jpg\",\"articleSection\":[\"Pol\u00edtica\"],\"inLanguage\":\"pt-BR\"},{\"@type\":\"WebPage\",\"@id\":\"https:\/\/noticiasemdestaque.com\/cd\/?p=5384\",\"url\":\"https:\/\/noticiasemdestaque.com\/cd\/?p=5384\",\"name\":\"Prefeito decreta corte em pr\u00f3prio sal\u00e1rio, em di\u00e1rias e autoriza exonera\u00e7\u00f5es para conter gastos - Not&iacute;cias em Destaque\",\"isPartOf\":{\"@id\":\"https:\/\/noticiasemdestaque.com\/cd\/#website\"},\"primaryImageOfPage\":{\"@id\":\"https:\/\/noticiasemdestaque.com\/cd\/?p=5384#primaryimage\"},\"image\":{\"@id\":\"https:\/\/noticiasemdestaque.com\/cd\/?p=5384#primaryimage\"},\"thumbnailUrl\":\"https:\/\/noticiasemdestaque.com\/cd\/wp-content\/uploads\/2017\/10\/1508748345912-serido.jpg\",\"datePublished\":\"2017-10-23T10:50:41+00:00\",\"breadcrumb\":{\"@id\":\"https:\/\/noticiasemdestaque.com\/cd\/?p=5384#breadcrumb\"},\"inLanguage\":\"pt-BR\",\"potentialAction\":[{\"@type\":\"ReadAction\",\"target\":[\"https:\/\/noticiasemdestaque.com\/cd\/?p=5384\"]}]},{\"@type\":\"ImageObject\",\"inLanguage\":\"pt-BR\",\"@id\":\"https:\/\/noticiasemdestaque.com\/cd\/?p=5384#primaryimage\",\"url\":\"https:\/\/noticiasemdestaque.com\/cd\/wp-content\/uploads\/2017\/10\/1508748345912-serido.jpg\",\"contentUrl\":\"https:\/\/noticiasemdestaque.com\/cd\/wp-content\/uploads\/2017\/10\/1508748345912-serido.jpg\",\"width\":692,\"height\":462},{\"@type\":\"BreadcrumbList\",\"@id\":\"https:\/\/noticiasemdestaque.com\/cd\/?p=5384#breadcrumb\",\"itemListElement\":[{\"@type\":\"ListItem\",\"position\":1,\"name\":\"In\u00edcio\",\"item\":\"https:\/\/noticiasemdestaque.com\/cd\/\"},{\"@type\":\"ListItem\",\"position\":2,\"name\":\"Prefeito decreta corte em pr\u00f3prio sal\u00e1rio, em di\u00e1rias e autoriza exonera\u00e7\u00f5es para conter gastos\"}]},{\"@type\":\"WebSite\",\"@id\":\"https:\/\/noticiasemdestaque.com\/cd\/#website\",\"url\":\"https:\/\/noticiasemdestaque.com\/cd\/\",\"name\":\"Not&iacute;cias em Destaque\",\"description\":\"\",\"publisher\":{\"@id\":\"https:\/\/noticiasemdestaque.com\/cd\/#organization\"},\"potentialAction\":[{\"@type\":\"SearchAction\",\"target\":{\"@type\":\"EntryPoint\",\"urlTemplate\":\"https:\/\/noticiasemdestaque.com\/cd\/?s={search_term_string}\"},\"query-input\":{\"@type\":\"PropertyValueSpecification\",\"valueRequired\":true,\"valueName\":\"search_term_string\"}}],\"inLanguage\":\"pt-BR\"},{\"@type\":\"Organization\",\"@id\":\"https:\/\/noticiasemdestaque.com\/cd\/#organization\",\"name\":\"Not\u00edcias em Destaque\",\"url\":\"https:\/\/noticiasemdestaque.com\/cd\/\",\"logo\":{\"@type\":\"ImageObject\",\"inLanguage\":\"pt-BR\",\"@id\":\"https:\/\/noticiasemdestaque.com\/cd\/#\/schema\/logo\/image\/\",\"url\":\"https:\/\/noticiasemdestaque.com\/cd\/wp-content\/uploads\/2022\/05\/imagem-base-noticiasemdestaque.png\",\"contentUrl\":\"https:\/\/noticiasemdestaque.com\/cd\/wp-content\/uploads\/2022\/05\/imagem-base-noticiasemdestaque.png\",\"width\":1200,\"height\":630,\"caption\":\"Not\u00edcias em Destaque\"},\"image\":{\"@id\":\"https:\/\/noticiasemdestaque.com\/cd\/#\/schema\/logo\/image\/\"}},{\"@type\":\"Person\",\"@id\":\"https:\/\/noticiasemdestaque.com\/cd\/#\/schema\/person\/21320b03a7e8bb90128938dafc9b908a\",\"name\":\"Not\u00edcias em Destaque\",\"url\":\"https:\/\/noticiasemdestaque.com\/cd\/?author=2\"}]}<\/script>\n<!-- \/ Yoast SEO plugin. -->","yoast_head_json":{"title":"Prefeito decreta corte em pr\u00f3prio sal\u00e1rio, em di\u00e1rias e autoriza exonera\u00e7\u00f5es para conter gastos - Not&iacute;cias em Destaque","robots":{"index":"index","follow":"follow","max-snippet":"max-snippet:-1","max-image-preview":"max-image-preview:large","max-video-preview":"max-video-preview:-1"},"canonical":"https:\/\/noticiasemdestaque.com\/cd\/?p=5384","og_locale":"pt_BR","og_type":"article","og_title":"Prefeito decreta corte em pr\u00f3prio sal\u00e1rio, em di\u00e1rias e autoriza exonera\u00e7\u00f5es para conter gastos - Not&iacute;cias em Destaque","og_description":"O prefeito Oliv\u00e2nio Dantas Rem\u00edgio, da cidade de Picu\u00ed, localizada no Serid\u00f3 Oriental da Para\u00edba, emitiu um decreto determinando um pacote de a\u00e7\u00f5es voltadas para redu\u00e7\u00e3o e conten\u00e7\u00e3o dos gastos no munic\u00edpio. O decreto foi publicado na edi\u00e7\u00e3o da \u00faltima quarta-feira (18) do Di\u00e1rio dos Munic\u00edpios. Dentre as medidas anunciadas est\u00e1 a autoriza\u00e7\u00e3o da rescis\u00e3o de contratos administrativos, de contratos tempor\u00e1rios por excepcional interesse p\u00fablico, al\u00e9m da exonera\u00e7\u00e3o de cargos comissionados e a destitui\u00e7\u00e3o de fun\u00e7\u00f5es de confian\u00e7a. Essa autoriza\u00e7\u00e3o \u00e9 v\u00e1lida durante per\u00edodo a ser determinado pelo Chefe do Executivo. Ainda ficou determinado que a concess\u00e3o de novas gratifica\u00e7\u00f5es ou horas extras ficam suspensas temporariamente. Novas cess\u00f5es de servidores tamb\u00e9m ficar\u00e3o igualmente suspensas. J\u00e1 as gratifica\u00e7\u00f5es que j\u00e1 foram concedidas aos servidores anteriormente dever\u00e3o passar por reavalia\u00e7\u00e3o do prefeito e poder\u00e3o ser reduzidas ou extintas. As di\u00e1rias pagas aos servidores tamb\u00e9m ter\u00e3o cortes. Os subs\u00eddios pagos aos agentes p\u00fablicos igualmente sofrer\u00e3o cortes, como forma de conten\u00e7\u00e3o dos gastos. O decreto anuncia descontos de 15% no subs\u00eddio mensal do prefeito e do vice-prefeito, dos secret\u00e1rios municipais e diretorias e dos vencimentos dos servidores comissionados e efetivos em cargos comissionados. J\u00e1 os contratos por excepcional interesse p\u00fablico ter\u00e3o desconto de 10% em seus valores, respeitando o sal\u00e1rio m\u00ednimo. O contingenciamento ir\u00e1 atingir ainda os gastos com combust\u00edvel, energia e \u00e1gua, que ser\u00e3o alvos de controle rigoroso. Para conferir a efetividade das medidas adotadas, tamb\u00e9m ficou determinada a cria\u00e7\u00e3o de um Comit\u00ea Gestor, que dever\u00e1 estar sempre a par das medidas em busca da conten\u00e7\u00e3o de gastos. &nbsp;","og_url":"https:\/\/noticiasemdestaque.com\/cd\/?p=5384","og_site_name":"Not&iacute;cias em Destaque","article_published_time":"2017-10-23T10:50:41+00:00","og_image":[{"width":692,"height":462,"url":"https:\/\/noticiasemdestaque.com\/cd\/wp-content\/uploads\/2017\/10\/1508748345912-serido.jpg","type":"image\/jpeg"}],"author":"Not\u00edcias em Destaque","twitter_card":"summary_large_image","twitter_misc":{"Escrito por":"Not\u00edcias em Destaque","Est. tempo de leitura":"2 minutos"},"schema":{"@context":"https:\/\/schema.org","@graph":[{"@type":"Article","@id":"https:\/\/noticiasemdestaque.com\/cd\/?p=5384#article","isPartOf":{"@id":"https:\/\/noticiasemdestaque.com\/cd\/?p=5384"},"author":{"name":"Not\u00edcias em Destaque","@id":"https:\/\/noticiasemdestaque.com\/cd\/#\/schema\/person\/21320b03a7e8bb90128938dafc9b908a"},"headline":"Prefeito decreta corte em pr\u00f3prio sal\u00e1rio, em di\u00e1rias e autoriza exonera\u00e7\u00f5es para conter gastos","datePublished":"2017-10-23T10:50:41+00:00","mainEntityOfPage":{"@id":"https:\/\/noticiasemdestaque.com\/cd\/?p=5384"},"wordCount":319,"publisher":{"@id":"https:\/\/noticiasemdestaque.com\/cd\/#organization"},"image":{"@id":"https:\/\/noticiasemdestaque.com\/cd\/?p=5384#primaryimage"},"thumbnailUrl":"https:\/\/noticiasemdestaque.com\/cd\/wp-content\/uploads\/2017\/10\/1508748345912-serido.jpg","articleSection":["Pol\u00edtica"],"inLanguage":"pt-BR"},{"@type":"WebPage","@id":"https:\/\/noticiasemdestaque.com\/cd\/?p=5384","url":"https:\/\/noticiasemdestaque.com\/cd\/?p=5384","name":"Prefeito decreta corte em pr\u00f3prio sal\u00e1rio, em di\u00e1rias e autoriza exonera\u00e7\u00f5es para conter gastos - Not&iacute;cias em Destaque","isPartOf":{"@id":"https:\/\/noticiasemdestaque.com\/cd\/#website"},"primaryImageOfPage":{"@id":"https:\/\/noticiasemdestaque.com\/cd\/?p=5384#primaryimage"},"image":{"@id":"https:\/\/noticiasemdestaque.com\/cd\/?p=5384#primaryimage"},"thumbnailUrl":"https:\/\/noticiasemdestaque.com\/cd\/wp-content\/uploads\/2017\/10\/1508748345912-serido.jpg","datePublished":"2017-10-23T10:50:41+00:00","breadcrumb":{"@id":"https:\/\/noticiasemdestaque.com\/cd\/?p=5384#breadcrumb"},"inLanguage":"pt-BR","potentialAction":[{"@type":"ReadAction","target":["https:\/\/noticiasemdestaque.com\/cd\/?p=5384"]}]},{"@type":"ImageObject","inLanguage":"pt-BR","@id":"https:\/\/noticiasemdestaque.com\/cd\/?p=5384#primaryimage","url":"https:\/\/noticiasemdestaque.com\/cd\/wp-content\/uploads\/2017\/10\/1508748345912-serido.jpg","contentUrl":"https:\/\/noticiasemdestaque.com\/cd\/wp-content\/uploads\/2017\/10\/1508748345912-serido.jpg","width":692,"height":462},{"@type":"BreadcrumbList","@id":"https:\/\/noticiasemdestaque.com\/cd\/?p=5384#breadcrumb","itemListElement":[{"@type":"ListItem","position":1,"name":"In\u00edcio","item":"https:\/\/noticiasemdestaque.com\/cd\/"},{"@type":"ListItem","position":2,"name":"Prefeito decreta corte em pr\u00f3prio sal\u00e1rio, em di\u00e1rias e autoriza exonera\u00e7\u00f5es para conter gastos"}]},{"@type":"WebSite","@id":"https:\/\/noticiasemdestaque.com\/cd\/#website","url":"https:\/\/noticiasemdestaque.com\/cd\/","name":"Not&iacute;cias em Destaque","description":"","publisher":{"@id":"https:\/\/noticiasemdestaque.com\/cd\/#organization"},"potentialAction":[{"@type":"SearchAction","target":{"@type":"EntryPoint","urlTemplate":"https:\/\/noticiasemdestaque.com\/cd\/?s={search_term_string}"},"query-input":{"@type":"PropertyValueSpecification","valueRequired":true,"valueName":"search_term_string"}}],"inLanguage":"pt-BR"},{"@type":"Organization","@id":"https:\/\/noticiasemdestaque.com\/cd\/#organization","name":"Not\u00edcias em Destaque","url":"https:\/\/noticiasemdestaque.com\/cd\/","logo":{"@type":"ImageObject","inLanguage":"pt-BR","@id":"https:\/\/noticiasemdestaque.com\/cd\/#\/schema\/logo\/image\/","url":"https:\/\/noticiasemdestaque.com\/cd\/wp-content\/uploads\/2022\/05\/imagem-base-noticiasemdestaque.png","contentUrl":"https:\/\/noticiasemdestaque.com\/cd\/wp-content\/uploads\/2022\/05\/imagem-base-noticiasemdestaque.png","width":1200,"height":630,"caption":"Not\u00edcias em Destaque"},"image":{"@id":"https:\/\/noticiasemdestaque.com\/cd\/#\/schema\/logo\/image\/"}},{"@type":"Person","@id":"https:\/\/noticiasemdestaque.com\/cd\/#\/schema\/person\/21320b03a7e8bb90128938dafc9b908a","name":"Not\u00edcias em Destaque","url":"https:\/\/noticiasemdestaque.com\/cd\/?author=2"}]}},"jetpack_featured_media_url":"https:\/\/noticiasemdestaque.com\/cd\/wp-content\/uploads\/2017\/10\/1508748345912-serido.jpg","jetpack_sharing_enabled":true,"_links":{"self":[{"href":"https:\/\/noticiasemdestaque.com\/cd\/index.php?rest_route=\/wp\/v2\/posts\/5384","targetHints":{"allow":["GET"]}}],"collection":[{"href":"https:\/\/noticiasemdestaque.com\/cd\/index.php?rest_route=\/wp\/v2\/posts"}],"about":[{"href":"https:\/\/noticiasemdestaque.com\/cd\/index.php?rest_route=\/wp\/v2\/types\/post"}],"author":[{"embeddable":true,"href":"https:\/\/noticiasemdestaque.com\/cd\/index.php?rest_route=\/wp\/v2\/users\/2"}],"replies":[{"embeddable":true,"href":"https:\/\/noticiasemdestaque.com\/cd\/index.php?rest_route=%2Fwp%2Fv2%2Fcomments&post=5384"}],"version-history":[{"count":1,"href":"https:\/\/noticiasemdestaque.com\/cd\/index.php?rest_route=\/wp\/v2\/posts\/5384\/revisions"}],"predecessor-version":[{"id":5386,"href":"https:\/\/noticiasemdestaque.com\/cd\/index.php?rest_route=\/wp\/v2\/posts\/5384\/revisions\/5386"}],"wp:featuredmedia":[{"embeddable":true,"href":"https:\/\/noticiasemdestaque.com\/cd\/index.php?rest_route=\/wp\/v2\/media\/5385"}],"wp:attachment":[{"href":"https:\/\/noticiasemdestaque.com\/cd\/index.php?rest_route=%2Fwp%2Fv2%2Fmedia&parent=5384"}],"wp:term":[{"taxonomy":"category","embeddable":true,"href":"https:\/\/noticiasemdestaque.com\/cd\/index.php?rest_route=%2Fwp%2Fv2%2Fcategories&post=5384"},{"taxonomy":"post_tag","embeddable":true,"href":"https:\/\/noticiasemdestaque.com\/cd\/index.php?rest_route=%2Fwp%2Fv2%2Ftags&post=5384"}],"curies":[{"name":"wp","href":"https:\/\/api.w.org\/{rel}","templated":true}]}}