{"id":5376,"date":"2017-10-22T12:09:28","date_gmt":"2017-10-22T15:09:28","guid":{"rendered":"http:\/\/caririemdestaque.com\/cd\/?p=5376"},"modified":"2017-10-22T12:10:04","modified_gmt":"2017-10-22T15:10:04","slug":"equilibrio-financeiro-prefeito-eden-duarte-afirma-que-preparou-sume-para-enfrentar-crise-financeira","status":"publish","type":"post","link":"https:\/\/noticiasemdestaque.com\/cd\/?p=5376","title":{"rendered":"EQUIL\u00cdBRIO FINANCEIRO: Prefeito \u00c9den Duarte afirma que preparou Sum\u00e9 para enfrentar crise"},"content":{"rendered":"<p><a href=\"http:\/\/caririemdestaque.com\/cd\/wp-content\/uploads\/2017\/10\/21742996_870202033142390_4506253989386275361_n.jpg\"><img fetchpriority=\"high\" decoding=\"async\" class=\"alignleft wp-image-5377 size-medium\" src=\"http:\/\/caririemdestaque.com\/cd\/wp-content\/uploads\/2017\/10\/21742996_870202033142390_4506253989386275361_n-300x199.jpg\" alt=\"\" width=\"300\" height=\"199\" srcset=\"https:\/\/noticiasemdestaque.com\/cd\/wp-content\/uploads\/2017\/10\/21742996_870202033142390_4506253989386275361_n-300x199.jpg 300w, https:\/\/noticiasemdestaque.com\/cd\/wp-content\/uploads\/2017\/10\/21742996_870202033142390_4506253989386275361_n-768x510.jpg 768w, https:\/\/noticiasemdestaque.com\/cd\/wp-content\/uploads\/2017\/10\/21742996_870202033142390_4506253989386275361_n-480x320.jpg 480w, https:\/\/noticiasemdestaque.com\/cd\/wp-content\/uploads\/2017\/10\/21742996_870202033142390_4506253989386275361_n.jpg 960w\" sizes=\"(max-width: 300px) 100vw, 300px\" \/><\/a>Em entrevista ao Programa Governando com Voc\u00ea da Prefeitura de Sum\u00e9, neste s\u00e1bado na 95,7, o prefeito \u00c9den Duarte comentou a crise financeira que as pequenas cidades est\u00e3o enfrentando.<\/p>\n<p>Na oportunidade, o prefeito falou sobre os cortes e demiss\u00f5es de funcion\u00e1rios anunciados por cidades do Cariri paraibano.<\/p>\n<p>O prefeito informou que em Sum\u00e9 ainda n\u00e3o foram anunciados cortes, mas n\u00e3o descartou esta possibilidade no futuro.<\/p>\n<p>\u00c9den afirmou que cortes profundos n\u00e3o aconteceram ainda, porque a sua gest\u00e3o se preparou deste o inicio do ano, para enfrentar as quedas nos recursos do FPM (Fundo de Participa\u00e7\u00e3o dos Munic\u00edpios).<\/p>\n<p>Ou\u00e7a:<\/p>\n<p><iframe src=\"https:\/\/w.soundcloud.com\/player\/?url=https%3A\/\/api.soundcloud.com\/tracks\/348057130&amp;color=%23ff5500&amp;auto_play=false&amp;hide_related=false&amp;show_comments=true&amp;show_user=true&amp;show_reposts=false&amp;show_teaser=true\" width=\"100%\" height=\"166\" frameborder=\"no\" scrolling=\"no\"><\/iframe><\/p>\n<p><em><strong>Cariri em Destaque<\/strong><\/em><\/p>\n","protected":false},"excerpt":{"rendered":"<p>Em entrevista ao Programa Governando com Voc\u00ea da Prefeitura de Sum\u00e9, neste s\u00e1bado na 95,7, o prefeito \u00c9den Duarte comentou a crise financeira que as pequenas cidades est\u00e3o enfrentando. Na oportunidade, o prefeito falou sobre os cortes e demiss\u00f5es de funcion\u00e1rios anunciados por cidades do Cariri paraibano. O prefeito informou que em Sum\u00e9 ainda n\u00e3o foram anunciados cortes, mas n\u00e3o descartou esta possibilidade no futuro. \u00c9den afirmou que cortes profundos n\u00e3o aconteceram ainda, porque a sua gest\u00e3o se preparou deste o inicio do ano, para enfrentar as quedas nos recursos do FPM (Fundo de Participa\u00e7\u00e3o dos Munic\u00edpios). Ou\u00e7a: Cariri em Destaque<\/p>\n","protected":false},"author":2,"featured_media":5377,"comment_status":"closed","ping_status":"open","sticky":false,"template":"","format":"standard","meta":{"_eb_attr":"","_jetpack_memberships_contains_paid_content":false,"footnotes":""},"categories":[4],"tags":[],"class_list":["post-5376","post","type-post","status-publish","format-standard","has-post-thumbnail","hentry","category-politica"],"yoast_head":"<!-- This site is optimized with the Yoast SEO plugin v26.5 - https:\/\/yoast.com\/wordpress\/plugins\/seo\/ -->\n<title>EQUIL\u00cdBRIO FINANCEIRO: Prefeito \u00c9den Duarte afirma que preparou Sum\u00e9 para enfrentar crise - Not&iacute;cias em Destaque<\/title>\n<meta name=\"robots\" content=\"index, follow, max-snippet:-1, max-image-preview:large, max-video-preview:-1\" \/>\n<link rel=\"canonical\" href=\"https:\/\/noticiasemdestaque.com\/cd\/?p=5376\" \/>\n<meta property=\"og:locale\" content=\"pt_BR\" \/>\n<meta property=\"og:type\" content=\"article\" \/>\n<meta property=\"og:title\" content=\"EQUIL\u00cdBRIO FINANCEIRO: Prefeito \u00c9den Duarte afirma que preparou Sum\u00e9 para enfrentar crise - Not&iacute;cias em Destaque\" \/>\n<meta property=\"og:description\" content=\"Em entrevista ao Programa Governando com Voc\u00ea da Prefeitura de Sum\u00e9, neste s\u00e1bado na 95,7, o prefeito \u00c9den Duarte comentou a crise financeira que as pequenas cidades est\u00e3o enfrentando. Na oportunidade, o prefeito falou sobre os cortes e demiss\u00f5es de funcion\u00e1rios anunciados por cidades do Cariri paraibano. O prefeito informou que em Sum\u00e9 ainda n\u00e3o foram anunciados cortes, mas n\u00e3o descartou esta possibilidade no futuro. \u00c9den afirmou que cortes profundos n\u00e3o aconteceram ainda, porque a sua gest\u00e3o se preparou deste o inicio do ano, para enfrentar as quedas nos recursos do FPM (Fundo de Participa\u00e7\u00e3o dos Munic\u00edpios). Ou\u00e7a: Cariri em Destaque\" \/>\n<meta property=\"og:url\" content=\"https:\/\/noticiasemdestaque.com\/cd\/?p=5376\" \/>\n<meta property=\"og:site_name\" content=\"Not&iacute;cias em Destaque\" \/>\n<meta property=\"article:published_time\" content=\"2017-10-22T15:09:28+00:00\" \/>\n<meta property=\"article:modified_time\" content=\"2017-10-22T15:10:04+00:00\" \/>\n<meta property=\"og:image\" content=\"https:\/\/noticiasemdestaque.com\/cd\/wp-content\/uploads\/2017\/10\/21742996_870202033142390_4506253989386275361_n.jpg\" \/>\n\t<meta property=\"og:image:width\" content=\"960\" \/>\n\t<meta property=\"og:image:height\" content=\"638\" \/>\n\t<meta property=\"og:image:type\" content=\"image\/jpeg\" \/>\n<meta name=\"author\" content=\"Not\u00edcias em Destaque\" \/>\n<meta name=\"twitter:card\" content=\"summary_large_image\" \/>\n<meta name=\"twitter:label1\" content=\"Escrito por\" \/>\n\t<meta name=\"twitter:data1\" content=\"Not\u00edcias em Destaque\" \/>\n\t<meta name=\"twitter:label2\" content=\"Est. tempo de leitura\" \/>\n\t<meta name=\"twitter:data2\" content=\"1 minuto\" \/>\n<script type=\"application\/ld+json\" class=\"yoast-schema-graph\">{\"@context\":\"https:\/\/schema.org\",\"@graph\":[{\"@type\":\"Article\",\"@id\":\"https:\/\/noticiasemdestaque.com\/cd\/?p=5376#article\",\"isPartOf\":{\"@id\":\"https:\/\/noticiasemdestaque.com\/cd\/?p=5376\"},\"author\":{\"name\":\"Not\u00edcias em Destaque\",\"@id\":\"https:\/\/noticiasemdestaque.com\/cd\/#\/schema\/person\/21320b03a7e8bb90128938dafc9b908a\"},\"headline\":\"EQUIL\u00cdBRIO FINANCEIRO: Prefeito \u00c9den Duarte afirma que preparou Sum\u00e9 para enfrentar crise\",\"datePublished\":\"2017-10-22T15:09:28+00:00\",\"dateModified\":\"2017-10-22T15:10:04+00:00\",\"mainEntityOfPage\":{\"@id\":\"https:\/\/noticiasemdestaque.com\/cd\/?p=5376\"},\"wordCount\":124,\"publisher\":{\"@id\":\"https:\/\/noticiasemdestaque.com\/cd\/#organization\"},\"image\":{\"@id\":\"https:\/\/noticiasemdestaque.com\/cd\/?p=5376#primaryimage\"},\"thumbnailUrl\":\"https:\/\/noticiasemdestaque.com\/cd\/wp-content\/uploads\/2017\/10\/21742996_870202033142390_4506253989386275361_n.jpg\",\"articleSection\":[\"Pol\u00edtica\"],\"inLanguage\":\"pt-BR\"},{\"@type\":\"WebPage\",\"@id\":\"https:\/\/noticiasemdestaque.com\/cd\/?p=5376\",\"url\":\"https:\/\/noticiasemdestaque.com\/cd\/?p=5376\",\"name\":\"EQUIL\u00cdBRIO FINANCEIRO: Prefeito \u00c9den Duarte afirma que preparou Sum\u00e9 para enfrentar crise - Not&iacute;cias em Destaque\",\"isPartOf\":{\"@id\":\"https:\/\/noticiasemdestaque.com\/cd\/#website\"},\"primaryImageOfPage\":{\"@id\":\"https:\/\/noticiasemdestaque.com\/cd\/?p=5376#primaryimage\"},\"image\":{\"@id\":\"https:\/\/noticiasemdestaque.com\/cd\/?p=5376#primaryimage\"},\"thumbnailUrl\":\"https:\/\/noticiasemdestaque.com\/cd\/wp-content\/uploads\/2017\/10\/21742996_870202033142390_4506253989386275361_n.jpg\",\"datePublished\":\"2017-10-22T15:09:28+00:00\",\"dateModified\":\"2017-10-22T15:10:04+00:00\",\"breadcrumb\":{\"@id\":\"https:\/\/noticiasemdestaque.com\/cd\/?p=5376#breadcrumb\"},\"inLanguage\":\"pt-BR\",\"potentialAction\":[{\"@type\":\"ReadAction\",\"target\":[\"https:\/\/noticiasemdestaque.com\/cd\/?p=5376\"]}]},{\"@type\":\"ImageObject\",\"inLanguage\":\"pt-BR\",\"@id\":\"https:\/\/noticiasemdestaque.com\/cd\/?p=5376#primaryimage\",\"url\":\"https:\/\/noticiasemdestaque.com\/cd\/wp-content\/uploads\/2017\/10\/21742996_870202033142390_4506253989386275361_n.jpg\",\"contentUrl\":\"https:\/\/noticiasemdestaque.com\/cd\/wp-content\/uploads\/2017\/10\/21742996_870202033142390_4506253989386275361_n.jpg\",\"width\":960,\"height\":638},{\"@type\":\"BreadcrumbList\",\"@id\":\"https:\/\/noticiasemdestaque.com\/cd\/?p=5376#breadcrumb\",\"itemListElement\":[{\"@type\":\"ListItem\",\"position\":1,\"name\":\"In\u00edcio\",\"item\":\"https:\/\/noticiasemdestaque.com\/cd\/\"},{\"@type\":\"ListItem\",\"position\":2,\"name\":\"EQUIL\u00cdBRIO FINANCEIRO: Prefeito \u00c9den Duarte afirma que preparou Sum\u00e9 para enfrentar crise\"}]},{\"@type\":\"WebSite\",\"@id\":\"https:\/\/noticiasemdestaque.com\/cd\/#website\",\"url\":\"https:\/\/noticiasemdestaque.com\/cd\/\",\"name\":\"Not&iacute;cias em Destaque\",\"description\":\"\",\"publisher\":{\"@id\":\"https:\/\/noticiasemdestaque.com\/cd\/#organization\"},\"potentialAction\":[{\"@type\":\"SearchAction\",\"target\":{\"@type\":\"EntryPoint\",\"urlTemplate\":\"https:\/\/noticiasemdestaque.com\/cd\/?s={search_term_string}\"},\"query-input\":{\"@type\":\"PropertyValueSpecification\",\"valueRequired\":true,\"valueName\":\"search_term_string\"}}],\"inLanguage\":\"pt-BR\"},{\"@type\":\"Organization\",\"@id\":\"https:\/\/noticiasemdestaque.com\/cd\/#organization\",\"name\":\"Not\u00edcias em Destaque\",\"url\":\"https:\/\/noticiasemdestaque.com\/cd\/\",\"logo\":{\"@type\":\"ImageObject\",\"inLanguage\":\"pt-BR\",\"@id\":\"https:\/\/noticiasemdestaque.com\/cd\/#\/schema\/logo\/image\/\",\"url\":\"https:\/\/noticiasemdestaque.com\/cd\/wp-content\/uploads\/2022\/05\/imagem-base-noticiasemdestaque.png\",\"contentUrl\":\"https:\/\/noticiasemdestaque.com\/cd\/wp-content\/uploads\/2022\/05\/imagem-base-noticiasemdestaque.png\",\"width\":1200,\"height\":630,\"caption\":\"Not\u00edcias em Destaque\"},\"image\":{\"@id\":\"https:\/\/noticiasemdestaque.com\/cd\/#\/schema\/logo\/image\/\"}},{\"@type\":\"Person\",\"@id\":\"https:\/\/noticiasemdestaque.com\/cd\/#\/schema\/person\/21320b03a7e8bb90128938dafc9b908a\",\"name\":\"Not\u00edcias em Destaque\",\"url\":\"https:\/\/noticiasemdestaque.com\/cd\/?author=2\"}]}<\/script>\n<!-- \/ Yoast SEO plugin. -->","yoast_head_json":{"title":"EQUIL\u00cdBRIO FINANCEIRO: Prefeito \u00c9den Duarte afirma que preparou Sum\u00e9 para enfrentar crise - Not&iacute;cias em Destaque","robots":{"index":"index","follow":"follow","max-snippet":"max-snippet:-1","max-image-preview":"max-image-preview:large","max-video-preview":"max-video-preview:-1"},"canonical":"https:\/\/noticiasemdestaque.com\/cd\/?p=5376","og_locale":"pt_BR","og_type":"article","og_title":"EQUIL\u00cdBRIO FINANCEIRO: Prefeito \u00c9den Duarte afirma que preparou Sum\u00e9 para enfrentar crise - Not&iacute;cias em Destaque","og_description":"Em entrevista ao Programa Governando com Voc\u00ea da Prefeitura de Sum\u00e9, neste s\u00e1bado na 95,7, o prefeito \u00c9den Duarte comentou a crise financeira que as pequenas cidades est\u00e3o enfrentando. Na oportunidade, o prefeito falou sobre os cortes e demiss\u00f5es de funcion\u00e1rios anunciados por cidades do Cariri paraibano. O prefeito informou que em Sum\u00e9 ainda n\u00e3o foram anunciados cortes, mas n\u00e3o descartou esta possibilidade no futuro. \u00c9den afirmou que cortes profundos n\u00e3o aconteceram ainda, porque a sua gest\u00e3o se preparou deste o inicio do ano, para enfrentar as quedas nos recursos do FPM (Fundo de Participa\u00e7\u00e3o dos Munic\u00edpios). Ou\u00e7a: Cariri em Destaque","og_url":"https:\/\/noticiasemdestaque.com\/cd\/?p=5376","og_site_name":"Not&iacute;cias em Destaque","article_published_time":"2017-10-22T15:09:28+00:00","article_modified_time":"2017-10-22T15:10:04+00:00","og_image":[{"width":960,"height":638,"url":"https:\/\/noticiasemdestaque.com\/cd\/wp-content\/uploads\/2017\/10\/21742996_870202033142390_4506253989386275361_n.jpg","type":"image\/jpeg"}],"author":"Not\u00edcias em Destaque","twitter_card":"summary_large_image","twitter_misc":{"Escrito por":"Not\u00edcias em Destaque","Est. tempo de leitura":"1 minuto"},"schema":{"@context":"https:\/\/schema.org","@graph":[{"@type":"Article","@id":"https:\/\/noticiasemdestaque.com\/cd\/?p=5376#article","isPartOf":{"@id":"https:\/\/noticiasemdestaque.com\/cd\/?p=5376"},"author":{"name":"Not\u00edcias em Destaque","@id":"https:\/\/noticiasemdestaque.com\/cd\/#\/schema\/person\/21320b03a7e8bb90128938dafc9b908a"},"headline":"EQUIL\u00cdBRIO FINANCEIRO: Prefeito \u00c9den Duarte afirma que preparou Sum\u00e9 para enfrentar crise","datePublished":"2017-10-22T15:09:28+00:00","dateModified":"2017-10-22T15:10:04+00:00","mainEntityOfPage":{"@id":"https:\/\/noticiasemdestaque.com\/cd\/?p=5376"},"wordCount":124,"publisher":{"@id":"https:\/\/noticiasemdestaque.com\/cd\/#organization"},"image":{"@id":"https:\/\/noticiasemdestaque.com\/cd\/?p=5376#primaryimage"},"thumbnailUrl":"https:\/\/noticiasemdestaque.com\/cd\/wp-content\/uploads\/2017\/10\/21742996_870202033142390_4506253989386275361_n.jpg","articleSection":["Pol\u00edtica"],"inLanguage":"pt-BR"},{"@type":"WebPage","@id":"https:\/\/noticiasemdestaque.com\/cd\/?p=5376","url":"https:\/\/noticiasemdestaque.com\/cd\/?p=5376","name":"EQUIL\u00cdBRIO FINANCEIRO: Prefeito \u00c9den Duarte afirma que preparou Sum\u00e9 para enfrentar crise - Not&iacute;cias em Destaque","isPartOf":{"@id":"https:\/\/noticiasemdestaque.com\/cd\/#website"},"primaryImageOfPage":{"@id":"https:\/\/noticiasemdestaque.com\/cd\/?p=5376#primaryimage"},"image":{"@id":"https:\/\/noticiasemdestaque.com\/cd\/?p=5376#primaryimage"},"thumbnailUrl":"https:\/\/noticiasemdestaque.com\/cd\/wp-content\/uploads\/2017\/10\/21742996_870202033142390_4506253989386275361_n.jpg","datePublished":"2017-10-22T15:09:28+00:00","dateModified":"2017-10-22T15:10:04+00:00","breadcrumb":{"@id":"https:\/\/noticiasemdestaque.com\/cd\/?p=5376#breadcrumb"},"inLanguage":"pt-BR","potentialAction":[{"@type":"ReadAction","target":["https:\/\/noticiasemdestaque.com\/cd\/?p=5376"]}]},{"@type":"ImageObject","inLanguage":"pt-BR","@id":"https:\/\/noticiasemdestaque.com\/cd\/?p=5376#primaryimage","url":"https:\/\/noticiasemdestaque.com\/cd\/wp-content\/uploads\/2017\/10\/21742996_870202033142390_4506253989386275361_n.jpg","contentUrl":"https:\/\/noticiasemdestaque.com\/cd\/wp-content\/uploads\/2017\/10\/21742996_870202033142390_4506253989386275361_n.jpg","width":960,"height":638},{"@type":"BreadcrumbList","@id":"https:\/\/noticiasemdestaque.com\/cd\/?p=5376#breadcrumb","itemListElement":[{"@type":"ListItem","position":1,"name":"In\u00edcio","item":"https:\/\/noticiasemdestaque.com\/cd\/"},{"@type":"ListItem","position":2,"name":"EQUIL\u00cdBRIO FINANCEIRO: Prefeito \u00c9den Duarte afirma que preparou Sum\u00e9 para enfrentar crise"}]},{"@type":"WebSite","@id":"https:\/\/noticiasemdestaque.com\/cd\/#website","url":"https:\/\/noticiasemdestaque.com\/cd\/","name":"Not&iacute;cias em Destaque","description":"","publisher":{"@id":"https:\/\/noticiasemdestaque.com\/cd\/#organization"},"potentialAction":[{"@type":"SearchAction","target":{"@type":"EntryPoint","urlTemplate":"https:\/\/noticiasemdestaque.com\/cd\/?s={search_term_string}"},"query-input":{"@type":"PropertyValueSpecification","valueRequired":true,"valueName":"search_term_string"}}],"inLanguage":"pt-BR"},{"@type":"Organization","@id":"https:\/\/noticiasemdestaque.com\/cd\/#organization","name":"Not\u00edcias em Destaque","url":"https:\/\/noticiasemdestaque.com\/cd\/","logo":{"@type":"ImageObject","inLanguage":"pt-BR","@id":"https:\/\/noticiasemdestaque.com\/cd\/#\/schema\/logo\/image\/","url":"https:\/\/noticiasemdestaque.com\/cd\/wp-content\/uploads\/2022\/05\/imagem-base-noticiasemdestaque.png","contentUrl":"https:\/\/noticiasemdestaque.com\/cd\/wp-content\/uploads\/2022\/05\/imagem-base-noticiasemdestaque.png","width":1200,"height":630,"caption":"Not\u00edcias em Destaque"},"image":{"@id":"https:\/\/noticiasemdestaque.com\/cd\/#\/schema\/logo\/image\/"}},{"@type":"Person","@id":"https:\/\/noticiasemdestaque.com\/cd\/#\/schema\/person\/21320b03a7e8bb90128938dafc9b908a","name":"Not\u00edcias em Destaque","url":"https:\/\/noticiasemdestaque.com\/cd\/?author=2"}]}},"jetpack_featured_media_url":"https:\/\/noticiasemdestaque.com\/cd\/wp-content\/uploads\/2017\/10\/21742996_870202033142390_4506253989386275361_n.jpg","jetpack_sharing_enabled":true,"_links":{"self":[{"href":"https:\/\/noticiasemdestaque.com\/cd\/index.php?rest_route=\/wp\/v2\/posts\/5376","targetHints":{"allow":["GET"]}}],"collection":[{"href":"https:\/\/noticiasemdestaque.com\/cd\/index.php?rest_route=\/wp\/v2\/posts"}],"about":[{"href":"https:\/\/noticiasemdestaque.com\/cd\/index.php?rest_route=\/wp\/v2\/types\/post"}],"author":[{"embeddable":true,"href":"https:\/\/noticiasemdestaque.com\/cd\/index.php?rest_route=\/wp\/v2\/users\/2"}],"replies":[{"embeddable":true,"href":"https:\/\/noticiasemdestaque.com\/cd\/index.php?rest_route=%2Fwp%2Fv2%2Fcomments&post=5376"}],"version-history":[{"count":2,"href":"https:\/\/noticiasemdestaque.com\/cd\/index.php?rest_route=\/wp\/v2\/posts\/5376\/revisions"}],"predecessor-version":[{"id":5379,"href":"https:\/\/noticiasemdestaque.com\/cd\/index.php?rest_route=\/wp\/v2\/posts\/5376\/revisions\/5379"}],"wp:featuredmedia":[{"embeddable":true,"href":"https:\/\/noticiasemdestaque.com\/cd\/index.php?rest_route=\/wp\/v2\/media\/5377"}],"wp:attachment":[{"href":"https:\/\/noticiasemdestaque.com\/cd\/index.php?rest_route=%2Fwp%2Fv2%2Fmedia&parent=5376"}],"wp:term":[{"taxonomy":"category","embeddable":true,"href":"https:\/\/noticiasemdestaque.com\/cd\/index.php?rest_route=%2Fwp%2Fv2%2Fcategories&post=5376"},{"taxonomy":"post_tag","embeddable":true,"href":"https:\/\/noticiasemdestaque.com\/cd\/index.php?rest_route=%2Fwp%2Fv2%2Ftags&post=5376"}],"curies":[{"name":"wp","href":"https:\/\/api.w.org\/{rel}","templated":true}]}}