{"id":5366,"date":"2017-10-22T08:57:34","date_gmt":"2017-10-22T11:57:34","guid":{"rendered":"http:\/\/caririemdestaque.com\/cd\/?p=5366"},"modified":"2017-10-22T08:57:34","modified_gmt":"2017-10-22T11:57:34","slug":"aecio-negocia-saida-da-presidencia-e-articula-reeleicao-para-senado","status":"publish","type":"post","link":"https:\/\/noticiasemdestaque.com\/cd\/?p=5366","title":{"rendered":"A\u00e9cio negocia sa\u00edda da presid\u00eancia e articula reelei\u00e7\u00e3o para Senado"},"content":{"rendered":"<figure id=\"attachment_5367\" aria-describedby=\"caption-attachment-5367\" style=\"width: 150px\" class=\"wp-caption alignleft\"><a href=\"http:\/\/caririemdestaque.com\/cd\/wp-content\/uploads\/2017\/10\/BB_Aecio-Neves-e-Cassio-Cunha-Lima-coletiva-de-imprensa_201603040003-300x200.jpg\"><img decoding=\"async\" class=\"size-thumbnail wp-image-5367\" src=\"http:\/\/caririemdestaque.com\/cd\/wp-content\/uploads\/2017\/10\/BB_Aecio-Neves-e-Cassio-Cunha-Lima-coletiva-de-imprensa_201603040003-300x200-150x150.jpg\" alt=\"\" width=\"150\" height=\"150\" \/><\/a><figcaption id=\"caption-attachment-5367\" class=\"wp-caption-text\">Senador A\u00e9cio Neves (PSDB-MG) e senador C\u00e1ssio Cunha Lima (PSDB-PB)Foto: Beto Barata\/Ag\u00eancia Senado<\/figcaption><\/figure>\n<p>O senador A\u00e9cio Neves (PSDB-MG) recuou e negocia com cautela, a passos de mineiro, a sa\u00edda da presid\u00eancia do PSDB.<\/p>\n<p>Ele fala com aliados da c\u00fapula em \u2018solu\u00e7\u00e3o dialogada\u2019 \u2013 em outras palavras, \u2018perdi, mas n\u00e3o esculachem\u2019.<\/p>\n<p>A\u00e9cio n\u00e3o tem pressa porque o pior j\u00e1 aconteceu, reconhece o golpe na imagem, dizem os aliados tucanos. Por isso ele quer apoio declarado do partido e da bancada no Congresso quando deixar o cargo. E j\u00e1 articula sua candidatura \u00e0 reelei\u00e7\u00e3o ao Senado para 2018.<\/p>\n","protected":false},"excerpt":{"rendered":"<p>O senador A\u00e9cio Neves (PSDB-MG) recuou e negocia com cautela, a passos de mineiro, a sa\u00edda da presid\u00eancia do PSDB. Ele fala com aliados da c\u00fapula em \u2018solu\u00e7\u00e3o dialogada\u2019 \u2013 em outras palavras, \u2018perdi, mas n\u00e3o esculachem\u2019. A\u00e9cio n\u00e3o tem pressa porque o pior j\u00e1 aconteceu, reconhece o golpe na imagem, dizem os aliados tucanos. Por isso ele quer apoio declarado do partido e da bancada no Congresso quando deixar o cargo. E j\u00e1 articula sua candidatura \u00e0 reelei\u00e7\u00e3o ao Senado para 2018.<\/p>\n","protected":false},"author":2,"featured_media":5367,"comment_status":"closed","ping_status":"open","sticky":false,"template":"","format":"standard","meta":{"_eb_attr":"","_jetpack_memberships_contains_paid_content":false,"footnotes":""},"categories":[4],"tags":[],"class_list":["post-5366","post","type-post","status-publish","format-standard","has-post-thumbnail","hentry","category-politica"],"yoast_head":"<!-- This site is optimized with the Yoast SEO plugin v26.5 - https:\/\/yoast.com\/wordpress\/plugins\/seo\/ -->\n<title>A\u00e9cio negocia sa\u00edda da presid\u00eancia e articula reelei\u00e7\u00e3o para Senado - Not&iacute;cias em Destaque<\/title>\n<meta name=\"robots\" content=\"index, follow, max-snippet:-1, max-image-preview:large, max-video-preview:-1\" \/>\n<link rel=\"canonical\" href=\"https:\/\/noticiasemdestaque.com\/cd\/?p=5366\" \/>\n<meta property=\"og:locale\" content=\"pt_BR\" \/>\n<meta property=\"og:type\" content=\"article\" \/>\n<meta property=\"og:title\" content=\"A\u00e9cio negocia sa\u00edda da presid\u00eancia e articula reelei\u00e7\u00e3o para Senado - Not&iacute;cias em Destaque\" \/>\n<meta property=\"og:description\" content=\"O senador A\u00e9cio Neves (PSDB-MG) recuou e negocia com cautela, a passos de mineiro, a sa\u00edda da presid\u00eancia do PSDB. Ele fala com aliados da c\u00fapula em \u2018solu\u00e7\u00e3o dialogada\u2019 \u2013 em outras palavras, \u2018perdi, mas n\u00e3o esculachem\u2019. A\u00e9cio n\u00e3o tem pressa porque o pior j\u00e1 aconteceu, reconhece o golpe na imagem, dizem os aliados tucanos. Por isso ele quer apoio declarado do partido e da bancada no Congresso quando deixar o cargo. E j\u00e1 articula sua candidatura \u00e0 reelei\u00e7\u00e3o ao Senado para 2018.\" \/>\n<meta property=\"og:url\" content=\"https:\/\/noticiasemdestaque.com\/cd\/?p=5366\" \/>\n<meta property=\"og:site_name\" content=\"Not&iacute;cias em Destaque\" \/>\n<meta property=\"article:published_time\" content=\"2017-10-22T11:57:34+00:00\" \/>\n<meta property=\"og:image\" content=\"https:\/\/noticiasemdestaque.com\/cd\/wp-content\/uploads\/2017\/10\/BB_Aecio-Neves-e-Cassio-Cunha-Lima-coletiva-de-imprensa_201603040003-300x200.jpg\" \/>\n\t<meta property=\"og:image:width\" content=\"300\" \/>\n\t<meta property=\"og:image:height\" content=\"200\" \/>\n\t<meta property=\"og:image:type\" content=\"image\/jpeg\" \/>\n<meta name=\"author\" content=\"Not\u00edcias em Destaque\" \/>\n<meta name=\"twitter:card\" content=\"summary_large_image\" \/>\n<meta name=\"twitter:label1\" content=\"Escrito por\" \/>\n\t<meta name=\"twitter:data1\" content=\"Not\u00edcias em Destaque\" \/>\n\t<meta name=\"twitter:label2\" content=\"Est. tempo de leitura\" \/>\n\t<meta name=\"twitter:data2\" content=\"1 minuto\" \/>\n<script type=\"application\/ld+json\" class=\"yoast-schema-graph\">{\"@context\":\"https:\/\/schema.org\",\"@graph\":[{\"@type\":\"Article\",\"@id\":\"https:\/\/noticiasemdestaque.com\/cd\/?p=5366#article\",\"isPartOf\":{\"@id\":\"https:\/\/noticiasemdestaque.com\/cd\/?p=5366\"},\"author\":{\"name\":\"Not\u00edcias em Destaque\",\"@id\":\"https:\/\/noticiasemdestaque.com\/cd\/#\/schema\/person\/21320b03a7e8bb90128938dafc9b908a\"},\"headline\":\"A\u00e9cio negocia sa\u00edda da presid\u00eancia e articula reelei\u00e7\u00e3o para Senado\",\"datePublished\":\"2017-10-22T11:57:34+00:00\",\"mainEntityOfPage\":{\"@id\":\"https:\/\/noticiasemdestaque.com\/cd\/?p=5366\"},\"wordCount\":128,\"publisher\":{\"@id\":\"https:\/\/noticiasemdestaque.com\/cd\/#organization\"},\"image\":{\"@id\":\"https:\/\/noticiasemdestaque.com\/cd\/?p=5366#primaryimage\"},\"thumbnailUrl\":\"https:\/\/noticiasemdestaque.com\/cd\/wp-content\/uploads\/2017\/10\/BB_Aecio-Neves-e-Cassio-Cunha-Lima-coletiva-de-imprensa_201603040003-300x200.jpg\",\"articleSection\":[\"Pol\u00edtica\"],\"inLanguage\":\"pt-BR\"},{\"@type\":\"WebPage\",\"@id\":\"https:\/\/noticiasemdestaque.com\/cd\/?p=5366\",\"url\":\"https:\/\/noticiasemdestaque.com\/cd\/?p=5366\",\"name\":\"A\u00e9cio negocia sa\u00edda da presid\u00eancia e articula reelei\u00e7\u00e3o para Senado - Not&iacute;cias em Destaque\",\"isPartOf\":{\"@id\":\"https:\/\/noticiasemdestaque.com\/cd\/#website\"},\"primaryImageOfPage\":{\"@id\":\"https:\/\/noticiasemdestaque.com\/cd\/?p=5366#primaryimage\"},\"image\":{\"@id\":\"https:\/\/noticiasemdestaque.com\/cd\/?p=5366#primaryimage\"},\"thumbnailUrl\":\"https:\/\/noticiasemdestaque.com\/cd\/wp-content\/uploads\/2017\/10\/BB_Aecio-Neves-e-Cassio-Cunha-Lima-coletiva-de-imprensa_201603040003-300x200.jpg\",\"datePublished\":\"2017-10-22T11:57:34+00:00\",\"breadcrumb\":{\"@id\":\"https:\/\/noticiasemdestaque.com\/cd\/?p=5366#breadcrumb\"},\"inLanguage\":\"pt-BR\",\"potentialAction\":[{\"@type\":\"ReadAction\",\"target\":[\"https:\/\/noticiasemdestaque.com\/cd\/?p=5366\"]}]},{\"@type\":\"ImageObject\",\"inLanguage\":\"pt-BR\",\"@id\":\"https:\/\/noticiasemdestaque.com\/cd\/?p=5366#primaryimage\",\"url\":\"https:\/\/noticiasemdestaque.com\/cd\/wp-content\/uploads\/2017\/10\/BB_Aecio-Neves-e-Cassio-Cunha-Lima-coletiva-de-imprensa_201603040003-300x200.jpg\",\"contentUrl\":\"https:\/\/noticiasemdestaque.com\/cd\/wp-content\/uploads\/2017\/10\/BB_Aecio-Neves-e-Cassio-Cunha-Lima-coletiva-de-imprensa_201603040003-300x200.jpg\",\"width\":300,\"height\":200,\"caption\":\"Senador A\u00e9cio Neves (PSDB-MG) e senador C\u00e1ssio Cunha Lima (PSDB-PB)Foto: Beto Barata\/Ag\u00eancia Senado\"},{\"@type\":\"BreadcrumbList\",\"@id\":\"https:\/\/noticiasemdestaque.com\/cd\/?p=5366#breadcrumb\",\"itemListElement\":[{\"@type\":\"ListItem\",\"position\":1,\"name\":\"In\u00edcio\",\"item\":\"https:\/\/noticiasemdestaque.com\/cd\/\"},{\"@type\":\"ListItem\",\"position\":2,\"name\":\"A\u00e9cio negocia sa\u00edda da presid\u00eancia e articula reelei\u00e7\u00e3o para Senado\"}]},{\"@type\":\"WebSite\",\"@id\":\"https:\/\/noticiasemdestaque.com\/cd\/#website\",\"url\":\"https:\/\/noticiasemdestaque.com\/cd\/\",\"name\":\"Not&iacute;cias em Destaque\",\"description\":\"\",\"publisher\":{\"@id\":\"https:\/\/noticiasemdestaque.com\/cd\/#organization\"},\"potentialAction\":[{\"@type\":\"SearchAction\",\"target\":{\"@type\":\"EntryPoint\",\"urlTemplate\":\"https:\/\/noticiasemdestaque.com\/cd\/?s={search_term_string}\"},\"query-input\":{\"@type\":\"PropertyValueSpecification\",\"valueRequired\":true,\"valueName\":\"search_term_string\"}}],\"inLanguage\":\"pt-BR\"},{\"@type\":\"Organization\",\"@id\":\"https:\/\/noticiasemdestaque.com\/cd\/#organization\",\"name\":\"Not\u00edcias em Destaque\",\"url\":\"https:\/\/noticiasemdestaque.com\/cd\/\",\"logo\":{\"@type\":\"ImageObject\",\"inLanguage\":\"pt-BR\",\"@id\":\"https:\/\/noticiasemdestaque.com\/cd\/#\/schema\/logo\/image\/\",\"url\":\"https:\/\/noticiasemdestaque.com\/cd\/wp-content\/uploads\/2022\/05\/imagem-base-noticiasemdestaque.png\",\"contentUrl\":\"https:\/\/noticiasemdestaque.com\/cd\/wp-content\/uploads\/2022\/05\/imagem-base-noticiasemdestaque.png\",\"width\":1200,\"height\":630,\"caption\":\"Not\u00edcias em Destaque\"},\"image\":{\"@id\":\"https:\/\/noticiasemdestaque.com\/cd\/#\/schema\/logo\/image\/\"}},{\"@type\":\"Person\",\"@id\":\"https:\/\/noticiasemdestaque.com\/cd\/#\/schema\/person\/21320b03a7e8bb90128938dafc9b908a\",\"name\":\"Not\u00edcias em Destaque\",\"url\":\"https:\/\/noticiasemdestaque.com\/cd\/?author=2\"}]}<\/script>\n<!-- \/ Yoast SEO plugin. -->","yoast_head_json":{"title":"A\u00e9cio negocia sa\u00edda da presid\u00eancia e articula reelei\u00e7\u00e3o para Senado - Not&iacute;cias em Destaque","robots":{"index":"index","follow":"follow","max-snippet":"max-snippet:-1","max-image-preview":"max-image-preview:large","max-video-preview":"max-video-preview:-1"},"canonical":"https:\/\/noticiasemdestaque.com\/cd\/?p=5366","og_locale":"pt_BR","og_type":"article","og_title":"A\u00e9cio negocia sa\u00edda da presid\u00eancia e articula reelei\u00e7\u00e3o para Senado - Not&iacute;cias em Destaque","og_description":"O senador A\u00e9cio Neves (PSDB-MG) recuou e negocia com cautela, a passos de mineiro, a sa\u00edda da presid\u00eancia do PSDB. Ele fala com aliados da c\u00fapula em \u2018solu\u00e7\u00e3o dialogada\u2019 \u2013 em outras palavras, \u2018perdi, mas n\u00e3o esculachem\u2019. A\u00e9cio n\u00e3o tem pressa porque o pior j\u00e1 aconteceu, reconhece o golpe na imagem, dizem os aliados tucanos. Por isso ele quer apoio declarado do partido e da bancada no Congresso quando deixar o cargo. E j\u00e1 articula sua candidatura \u00e0 reelei\u00e7\u00e3o ao Senado para 2018.","og_url":"https:\/\/noticiasemdestaque.com\/cd\/?p=5366","og_site_name":"Not&iacute;cias em Destaque","article_published_time":"2017-10-22T11:57:34+00:00","og_image":[{"width":300,"height":200,"url":"https:\/\/noticiasemdestaque.com\/cd\/wp-content\/uploads\/2017\/10\/BB_Aecio-Neves-e-Cassio-Cunha-Lima-coletiva-de-imprensa_201603040003-300x200.jpg","type":"image\/jpeg"}],"author":"Not\u00edcias em Destaque","twitter_card":"summary_large_image","twitter_misc":{"Escrito por":"Not\u00edcias em Destaque","Est. tempo de leitura":"1 minuto"},"schema":{"@context":"https:\/\/schema.org","@graph":[{"@type":"Article","@id":"https:\/\/noticiasemdestaque.com\/cd\/?p=5366#article","isPartOf":{"@id":"https:\/\/noticiasemdestaque.com\/cd\/?p=5366"},"author":{"name":"Not\u00edcias em Destaque","@id":"https:\/\/noticiasemdestaque.com\/cd\/#\/schema\/person\/21320b03a7e8bb90128938dafc9b908a"},"headline":"A\u00e9cio negocia sa\u00edda da presid\u00eancia e articula reelei\u00e7\u00e3o para Senado","datePublished":"2017-10-22T11:57:34+00:00","mainEntityOfPage":{"@id":"https:\/\/noticiasemdestaque.com\/cd\/?p=5366"},"wordCount":128,"publisher":{"@id":"https:\/\/noticiasemdestaque.com\/cd\/#organization"},"image":{"@id":"https:\/\/noticiasemdestaque.com\/cd\/?p=5366#primaryimage"},"thumbnailUrl":"https:\/\/noticiasemdestaque.com\/cd\/wp-content\/uploads\/2017\/10\/BB_Aecio-Neves-e-Cassio-Cunha-Lima-coletiva-de-imprensa_201603040003-300x200.jpg","articleSection":["Pol\u00edtica"],"inLanguage":"pt-BR"},{"@type":"WebPage","@id":"https:\/\/noticiasemdestaque.com\/cd\/?p=5366","url":"https:\/\/noticiasemdestaque.com\/cd\/?p=5366","name":"A\u00e9cio negocia sa\u00edda da presid\u00eancia e articula reelei\u00e7\u00e3o para Senado - Not&iacute;cias em Destaque","isPartOf":{"@id":"https:\/\/noticiasemdestaque.com\/cd\/#website"},"primaryImageOfPage":{"@id":"https:\/\/noticiasemdestaque.com\/cd\/?p=5366#primaryimage"},"image":{"@id":"https:\/\/noticiasemdestaque.com\/cd\/?p=5366#primaryimage"},"thumbnailUrl":"https:\/\/noticiasemdestaque.com\/cd\/wp-content\/uploads\/2017\/10\/BB_Aecio-Neves-e-Cassio-Cunha-Lima-coletiva-de-imprensa_201603040003-300x200.jpg","datePublished":"2017-10-22T11:57:34+00:00","breadcrumb":{"@id":"https:\/\/noticiasemdestaque.com\/cd\/?p=5366#breadcrumb"},"inLanguage":"pt-BR","potentialAction":[{"@type":"ReadAction","target":["https:\/\/noticiasemdestaque.com\/cd\/?p=5366"]}]},{"@type":"ImageObject","inLanguage":"pt-BR","@id":"https:\/\/noticiasemdestaque.com\/cd\/?p=5366#primaryimage","url":"https:\/\/noticiasemdestaque.com\/cd\/wp-content\/uploads\/2017\/10\/BB_Aecio-Neves-e-Cassio-Cunha-Lima-coletiva-de-imprensa_201603040003-300x200.jpg","contentUrl":"https:\/\/noticiasemdestaque.com\/cd\/wp-content\/uploads\/2017\/10\/BB_Aecio-Neves-e-Cassio-Cunha-Lima-coletiva-de-imprensa_201603040003-300x200.jpg","width":300,"height":200,"caption":"Senador A\u00e9cio Neves (PSDB-MG) e senador C\u00e1ssio Cunha Lima (PSDB-PB)Foto: Beto Barata\/Ag\u00eancia Senado"},{"@type":"BreadcrumbList","@id":"https:\/\/noticiasemdestaque.com\/cd\/?p=5366#breadcrumb","itemListElement":[{"@type":"ListItem","position":1,"name":"In\u00edcio","item":"https:\/\/noticiasemdestaque.com\/cd\/"},{"@type":"ListItem","position":2,"name":"A\u00e9cio negocia sa\u00edda da presid\u00eancia e articula reelei\u00e7\u00e3o para Senado"}]},{"@type":"WebSite","@id":"https:\/\/noticiasemdestaque.com\/cd\/#website","url":"https:\/\/noticiasemdestaque.com\/cd\/","name":"Not&iacute;cias em Destaque","description":"","publisher":{"@id":"https:\/\/noticiasemdestaque.com\/cd\/#organization"},"potentialAction":[{"@type":"SearchAction","target":{"@type":"EntryPoint","urlTemplate":"https:\/\/noticiasemdestaque.com\/cd\/?s={search_term_string}"},"query-input":{"@type":"PropertyValueSpecification","valueRequired":true,"valueName":"search_term_string"}}],"inLanguage":"pt-BR"},{"@type":"Organization","@id":"https:\/\/noticiasemdestaque.com\/cd\/#organization","name":"Not\u00edcias em Destaque","url":"https:\/\/noticiasemdestaque.com\/cd\/","logo":{"@type":"ImageObject","inLanguage":"pt-BR","@id":"https:\/\/noticiasemdestaque.com\/cd\/#\/schema\/logo\/image\/","url":"https:\/\/noticiasemdestaque.com\/cd\/wp-content\/uploads\/2022\/05\/imagem-base-noticiasemdestaque.png","contentUrl":"https:\/\/noticiasemdestaque.com\/cd\/wp-content\/uploads\/2022\/05\/imagem-base-noticiasemdestaque.png","width":1200,"height":630,"caption":"Not\u00edcias em Destaque"},"image":{"@id":"https:\/\/noticiasemdestaque.com\/cd\/#\/schema\/logo\/image\/"}},{"@type":"Person","@id":"https:\/\/noticiasemdestaque.com\/cd\/#\/schema\/person\/21320b03a7e8bb90128938dafc9b908a","name":"Not\u00edcias em Destaque","url":"https:\/\/noticiasemdestaque.com\/cd\/?author=2"}]}},"jetpack_featured_media_url":"https:\/\/noticiasemdestaque.com\/cd\/wp-content\/uploads\/2017\/10\/BB_Aecio-Neves-e-Cassio-Cunha-Lima-coletiva-de-imprensa_201603040003-300x200.jpg","jetpack_sharing_enabled":true,"_links":{"self":[{"href":"https:\/\/noticiasemdestaque.com\/cd\/index.php?rest_route=\/wp\/v2\/posts\/5366","targetHints":{"allow":["GET"]}}],"collection":[{"href":"https:\/\/noticiasemdestaque.com\/cd\/index.php?rest_route=\/wp\/v2\/posts"}],"about":[{"href":"https:\/\/noticiasemdestaque.com\/cd\/index.php?rest_route=\/wp\/v2\/types\/post"}],"author":[{"embeddable":true,"href":"https:\/\/noticiasemdestaque.com\/cd\/index.php?rest_route=\/wp\/v2\/users\/2"}],"replies":[{"embeddable":true,"href":"https:\/\/noticiasemdestaque.com\/cd\/index.php?rest_route=%2Fwp%2Fv2%2Fcomments&post=5366"}],"version-history":[{"count":1,"href":"https:\/\/noticiasemdestaque.com\/cd\/index.php?rest_route=\/wp\/v2\/posts\/5366\/revisions"}],"predecessor-version":[{"id":5368,"href":"https:\/\/noticiasemdestaque.com\/cd\/index.php?rest_route=\/wp\/v2\/posts\/5366\/revisions\/5368"}],"wp:featuredmedia":[{"embeddable":true,"href":"https:\/\/noticiasemdestaque.com\/cd\/index.php?rest_route=\/wp\/v2\/media\/5367"}],"wp:attachment":[{"href":"https:\/\/noticiasemdestaque.com\/cd\/index.php?rest_route=%2Fwp%2Fv2%2Fmedia&parent=5366"}],"wp:term":[{"taxonomy":"category","embeddable":true,"href":"https:\/\/noticiasemdestaque.com\/cd\/index.php?rest_route=%2Fwp%2Fv2%2Fcategories&post=5366"},{"taxonomy":"post_tag","embeddable":true,"href":"https:\/\/noticiasemdestaque.com\/cd\/index.php?rest_route=%2Fwp%2Fv2%2Ftags&post=5366"}],"curies":[{"name":"wp","href":"https:\/\/api.w.org\/{rel}","templated":true}]}}