{"id":5363,"date":"2017-10-22T08:49:55","date_gmt":"2017-10-22T11:49:55","guid":{"rendered":"http:\/\/caririemdestaque.com\/cd\/?p=5363"},"modified":"2017-10-22T08:49:55","modified_gmt":"2017-10-22T11:49:55","slug":"alpb-debate-seguranca-alimentar-e-nutricional","status":"publish","type":"post","link":"https:\/\/noticiasemdestaque.com\/cd\/?p=5363","title":{"rendered":"ALPB debate seguran\u00e7a alimentar e nutricional"},"content":{"rendered":"<p><a href=\"http:\/\/caririemdestaque.com\/cd\/wp-content\/uploads\/2017\/10\/estela-300x167.png\"><img decoding=\"async\" class=\"size-thumbnail wp-image-5364 alignleft\" src=\"http:\/\/caririemdestaque.com\/cd\/wp-content\/uploads\/2017\/10\/estela-300x167-150x150.png\" alt=\"\" width=\"150\" height=\"150\" \/><\/a>A deputada estadual Estela Bezerra (PSB) realiza pr\u00f3xima segunda-feira (23), uma audi\u00eancia p\u00fablica para debater o direito \u00e0 Seguran\u00e7a Alimentar e Nutricional. O encontro acontece no Plen\u00e1rio Jose Mariz da Assembleia Legislativa da Para\u00edba, \u00e0s 14h.<\/p>\n<p>A alimenta\u00e7\u00e3o \u00e9 um direito humano, fundamental e social, previsto nos artigos 60 e 2270 da Constitui\u00e7\u00e3o Federal, definido pela Lei Org\u00e2nica de Seguran\u00e7a Alimentar e Nutricional, bem como no artigo 110 do Pacto Internacional de Direitos Econ\u00f4micos, Sociais e Culturais.<\/p>\n<p>Trata-se do direito de cada pessoa ter o acesso f\u00edsico e econ\u00f4mico, ininterruptamente, \u00e0 alimenta\u00e7\u00e3o adequada ou aos meios para obter esses alimentos, sem comprometer os recursos de outros direitos fundamentais, como sa\u00fade e educa\u00e7\u00e3o.<\/p>\n<p>&nbsp;<\/p>\n<p>Para a deputada Estela, o reconhecimento do direito n\u00e3o traz garantias de que nossa popula\u00e7\u00e3o tenha uma alimenta\u00e7\u00e3o adequada e saud\u00e1vel. \u201cLonge disso, a conjuntura pol\u00edtica do Brasil vem nos impondo uma dura realidade: o risco de voltarmos para os mapas sociais a partir da triste realidade da fome\u201d.<\/p>\n<p>A audi\u00eancia \u00e9 aberta ao p\u00fablico e ir\u00e1 contar com a presen\u00e7a de representantes de movimentos sociais e gestores que atuam diretamente na pauta da Seguran\u00e7a Alimentar.<\/p>\n<p>Fonte: MaisPB<\/p>\n","protected":false},"excerpt":{"rendered":"<p>A deputada estadual Estela Bezerra (PSB) realiza pr\u00f3xima segunda-feira (23), uma audi\u00eancia p\u00fablica para debater o direito \u00e0 Seguran\u00e7a Alimentar e Nutricional. O encontro acontece no Plen\u00e1rio Jose Mariz da Assembleia Legislativa da Para\u00edba, \u00e0s 14h. A alimenta\u00e7\u00e3o \u00e9 um direito humano, fundamental e social, previsto nos artigos 60 e 2270 da Constitui\u00e7\u00e3o Federal, definido pela Lei Org\u00e2nica de Seguran\u00e7a Alimentar e Nutricional, bem como no artigo 110 do Pacto Internacional de Direitos Econ\u00f4micos, Sociais e Culturais. Trata-se do direito de cada pessoa ter o acesso f\u00edsico e econ\u00f4mico, ininterruptamente, \u00e0 alimenta\u00e7\u00e3o adequada ou aos meios para obter esses alimentos, sem comprometer os recursos de outros direitos fundamentais, como sa\u00fade e educa\u00e7\u00e3o. &nbsp; Para a deputada Estela, o reconhecimento do direito n\u00e3o traz garantias de que nossa popula\u00e7\u00e3o tenha uma alimenta\u00e7\u00e3o adequada e saud\u00e1vel. \u201cLonge disso, a conjuntura pol\u00edtica do Brasil vem nos impondo uma dura realidade: o risco de voltarmos para os mapas sociais a partir da triste realidade da fome\u201d. A audi\u00eancia \u00e9 aberta ao p\u00fablico e ir\u00e1 contar com a presen\u00e7a de representantes de movimentos sociais e gestores que atuam diretamente na pauta da Seguran\u00e7a Alimentar. Fonte: MaisPB<\/p>\n","protected":false},"author":2,"featured_media":5364,"comment_status":"closed","ping_status":"open","sticky":false,"template":"","format":"standard","meta":{"_eb_attr":"","_jetpack_memberships_contains_paid_content":false,"footnotes":""},"categories":[4],"tags":[],"class_list":["post-5363","post","type-post","status-publish","format-standard","has-post-thumbnail","hentry","category-politica"],"yoast_head":"<!-- This site is optimized with the Yoast SEO plugin v26.5 - https:\/\/yoast.com\/wordpress\/plugins\/seo\/ -->\n<title>ALPB debate seguran\u00e7a alimentar e nutricional - Not&iacute;cias em Destaque<\/title>\n<meta name=\"robots\" content=\"index, follow, max-snippet:-1, max-image-preview:large, max-video-preview:-1\" \/>\n<link rel=\"canonical\" href=\"https:\/\/noticiasemdestaque.com\/cd\/?p=5363\" \/>\n<meta property=\"og:locale\" content=\"pt_BR\" \/>\n<meta property=\"og:type\" content=\"article\" \/>\n<meta property=\"og:title\" content=\"ALPB debate seguran\u00e7a alimentar e nutricional - Not&iacute;cias em Destaque\" \/>\n<meta property=\"og:description\" content=\"A deputada estadual Estela Bezerra (PSB) realiza pr\u00f3xima segunda-feira (23), uma audi\u00eancia p\u00fablica para debater o direito \u00e0 Seguran\u00e7a Alimentar e Nutricional. O encontro acontece no Plen\u00e1rio Jose Mariz da Assembleia Legislativa da Para\u00edba, \u00e0s 14h. A alimenta\u00e7\u00e3o \u00e9 um direito humano, fundamental e social, previsto nos artigos 60 e 2270 da Constitui\u00e7\u00e3o Federal, definido pela Lei Org\u00e2nica de Seguran\u00e7a Alimentar e Nutricional, bem como no artigo 110 do Pacto Internacional de Direitos Econ\u00f4micos, Sociais e Culturais. Trata-se do direito de cada pessoa ter o acesso f\u00edsico e econ\u00f4mico, ininterruptamente, \u00e0 alimenta\u00e7\u00e3o adequada ou aos meios para obter esses alimentos, sem comprometer os recursos de outros direitos fundamentais, como sa\u00fade e educa\u00e7\u00e3o. &nbsp; Para a deputada Estela, o reconhecimento do direito n\u00e3o traz garantias de que nossa popula\u00e7\u00e3o tenha uma alimenta\u00e7\u00e3o adequada e saud\u00e1vel. \u201cLonge disso, a conjuntura pol\u00edtica do Brasil vem nos impondo uma dura realidade: o risco de voltarmos para os mapas sociais a partir da triste realidade da fome\u201d. A audi\u00eancia \u00e9 aberta ao p\u00fablico e ir\u00e1 contar com a presen\u00e7a de representantes de movimentos sociais e gestores que atuam diretamente na pauta da Seguran\u00e7a Alimentar. Fonte: MaisPB\" \/>\n<meta property=\"og:url\" content=\"https:\/\/noticiasemdestaque.com\/cd\/?p=5363\" \/>\n<meta property=\"og:site_name\" content=\"Not&iacute;cias em Destaque\" \/>\n<meta property=\"article:published_time\" content=\"2017-10-22T11:49:55+00:00\" \/>\n<meta property=\"og:image\" content=\"https:\/\/noticiasemdestaque.com\/cd\/wp-content\/uploads\/2017\/10\/estela-300x167.png\" \/>\n\t<meta property=\"og:image:width\" content=\"300\" \/>\n\t<meta property=\"og:image:height\" content=\"167\" \/>\n\t<meta property=\"og:image:type\" content=\"image\/png\" \/>\n<meta name=\"author\" content=\"Not\u00edcias em Destaque\" \/>\n<meta name=\"twitter:card\" content=\"summary_large_image\" \/>\n<meta name=\"twitter:label1\" content=\"Escrito por\" \/>\n\t<meta name=\"twitter:data1\" content=\"Not\u00edcias em Destaque\" \/>\n\t<meta name=\"twitter:label2\" content=\"Est. tempo de leitura\" \/>\n\t<meta name=\"twitter:data2\" content=\"1 minuto\" \/>\n<script type=\"application\/ld+json\" class=\"yoast-schema-graph\">{\"@context\":\"https:\/\/schema.org\",\"@graph\":[{\"@type\":\"Article\",\"@id\":\"https:\/\/noticiasemdestaque.com\/cd\/?p=5363#article\",\"isPartOf\":{\"@id\":\"https:\/\/noticiasemdestaque.com\/cd\/?p=5363\"},\"author\":{\"name\":\"Not\u00edcias em Destaque\",\"@id\":\"https:\/\/noticiasemdestaque.com\/cd\/#\/schema\/person\/21320b03a7e8bb90128938dafc9b908a\"},\"headline\":\"ALPB debate seguran\u00e7a alimentar e nutricional\",\"datePublished\":\"2017-10-22T11:49:55+00:00\",\"mainEntityOfPage\":{\"@id\":\"https:\/\/noticiasemdestaque.com\/cd\/?p=5363\"},\"wordCount\":215,\"publisher\":{\"@id\":\"https:\/\/noticiasemdestaque.com\/cd\/#organization\"},\"image\":{\"@id\":\"https:\/\/noticiasemdestaque.com\/cd\/?p=5363#primaryimage\"},\"thumbnailUrl\":\"https:\/\/noticiasemdestaque.com\/cd\/wp-content\/uploads\/2017\/10\/estela-300x167.png\",\"articleSection\":[\"Pol\u00edtica\"],\"inLanguage\":\"pt-BR\"},{\"@type\":\"WebPage\",\"@id\":\"https:\/\/noticiasemdestaque.com\/cd\/?p=5363\",\"url\":\"https:\/\/noticiasemdestaque.com\/cd\/?p=5363\",\"name\":\"ALPB debate seguran\u00e7a alimentar e nutricional - Not&iacute;cias em Destaque\",\"isPartOf\":{\"@id\":\"https:\/\/noticiasemdestaque.com\/cd\/#website\"},\"primaryImageOfPage\":{\"@id\":\"https:\/\/noticiasemdestaque.com\/cd\/?p=5363#primaryimage\"},\"image\":{\"@id\":\"https:\/\/noticiasemdestaque.com\/cd\/?p=5363#primaryimage\"},\"thumbnailUrl\":\"https:\/\/noticiasemdestaque.com\/cd\/wp-content\/uploads\/2017\/10\/estela-300x167.png\",\"datePublished\":\"2017-10-22T11:49:55+00:00\",\"breadcrumb\":{\"@id\":\"https:\/\/noticiasemdestaque.com\/cd\/?p=5363#breadcrumb\"},\"inLanguage\":\"pt-BR\",\"potentialAction\":[{\"@type\":\"ReadAction\",\"target\":[\"https:\/\/noticiasemdestaque.com\/cd\/?p=5363\"]}]},{\"@type\":\"ImageObject\",\"inLanguage\":\"pt-BR\",\"@id\":\"https:\/\/noticiasemdestaque.com\/cd\/?p=5363#primaryimage\",\"url\":\"https:\/\/noticiasemdestaque.com\/cd\/wp-content\/uploads\/2017\/10\/estela-300x167.png\",\"contentUrl\":\"https:\/\/noticiasemdestaque.com\/cd\/wp-content\/uploads\/2017\/10\/estela-300x167.png\",\"width\":300,\"height\":167},{\"@type\":\"BreadcrumbList\",\"@id\":\"https:\/\/noticiasemdestaque.com\/cd\/?p=5363#breadcrumb\",\"itemListElement\":[{\"@type\":\"ListItem\",\"position\":1,\"name\":\"In\u00edcio\",\"item\":\"https:\/\/noticiasemdestaque.com\/cd\/\"},{\"@type\":\"ListItem\",\"position\":2,\"name\":\"ALPB debate seguran\u00e7a alimentar e nutricional\"}]},{\"@type\":\"WebSite\",\"@id\":\"https:\/\/noticiasemdestaque.com\/cd\/#website\",\"url\":\"https:\/\/noticiasemdestaque.com\/cd\/\",\"name\":\"Not&iacute;cias em Destaque\",\"description\":\"\",\"publisher\":{\"@id\":\"https:\/\/noticiasemdestaque.com\/cd\/#organization\"},\"potentialAction\":[{\"@type\":\"SearchAction\",\"target\":{\"@type\":\"EntryPoint\",\"urlTemplate\":\"https:\/\/noticiasemdestaque.com\/cd\/?s={search_term_string}\"},\"query-input\":{\"@type\":\"PropertyValueSpecification\",\"valueRequired\":true,\"valueName\":\"search_term_string\"}}],\"inLanguage\":\"pt-BR\"},{\"@type\":\"Organization\",\"@id\":\"https:\/\/noticiasemdestaque.com\/cd\/#organization\",\"name\":\"Not\u00edcias em Destaque\",\"url\":\"https:\/\/noticiasemdestaque.com\/cd\/\",\"logo\":{\"@type\":\"ImageObject\",\"inLanguage\":\"pt-BR\",\"@id\":\"https:\/\/noticiasemdestaque.com\/cd\/#\/schema\/logo\/image\/\",\"url\":\"https:\/\/noticiasemdestaque.com\/cd\/wp-content\/uploads\/2022\/05\/imagem-base-noticiasemdestaque.png\",\"contentUrl\":\"https:\/\/noticiasemdestaque.com\/cd\/wp-content\/uploads\/2022\/05\/imagem-base-noticiasemdestaque.png\",\"width\":1200,\"height\":630,\"caption\":\"Not\u00edcias em Destaque\"},\"image\":{\"@id\":\"https:\/\/noticiasemdestaque.com\/cd\/#\/schema\/logo\/image\/\"}},{\"@type\":\"Person\",\"@id\":\"https:\/\/noticiasemdestaque.com\/cd\/#\/schema\/person\/21320b03a7e8bb90128938dafc9b908a\",\"name\":\"Not\u00edcias em Destaque\",\"url\":\"https:\/\/noticiasemdestaque.com\/cd\/?author=2\"}]}<\/script>\n<!-- \/ Yoast SEO plugin. -->","yoast_head_json":{"title":"ALPB debate seguran\u00e7a alimentar e nutricional - Not&iacute;cias em Destaque","robots":{"index":"index","follow":"follow","max-snippet":"max-snippet:-1","max-image-preview":"max-image-preview:large","max-video-preview":"max-video-preview:-1"},"canonical":"https:\/\/noticiasemdestaque.com\/cd\/?p=5363","og_locale":"pt_BR","og_type":"article","og_title":"ALPB debate seguran\u00e7a alimentar e nutricional - Not&iacute;cias em Destaque","og_description":"A deputada estadual Estela Bezerra (PSB) realiza pr\u00f3xima segunda-feira (23), uma audi\u00eancia p\u00fablica para debater o direito \u00e0 Seguran\u00e7a Alimentar e Nutricional. O encontro acontece no Plen\u00e1rio Jose Mariz da Assembleia Legislativa da Para\u00edba, \u00e0s 14h. A alimenta\u00e7\u00e3o \u00e9 um direito humano, fundamental e social, previsto nos artigos 60 e 2270 da Constitui\u00e7\u00e3o Federal, definido pela Lei Org\u00e2nica de Seguran\u00e7a Alimentar e Nutricional, bem como no artigo 110 do Pacto Internacional de Direitos Econ\u00f4micos, Sociais e Culturais. Trata-se do direito de cada pessoa ter o acesso f\u00edsico e econ\u00f4mico, ininterruptamente, \u00e0 alimenta\u00e7\u00e3o adequada ou aos meios para obter esses alimentos, sem comprometer os recursos de outros direitos fundamentais, como sa\u00fade e educa\u00e7\u00e3o. &nbsp; Para a deputada Estela, o reconhecimento do direito n\u00e3o traz garantias de que nossa popula\u00e7\u00e3o tenha uma alimenta\u00e7\u00e3o adequada e saud\u00e1vel. \u201cLonge disso, a conjuntura pol\u00edtica do Brasil vem nos impondo uma dura realidade: o risco de voltarmos para os mapas sociais a partir da triste realidade da fome\u201d. A audi\u00eancia \u00e9 aberta ao p\u00fablico e ir\u00e1 contar com a presen\u00e7a de representantes de movimentos sociais e gestores que atuam diretamente na pauta da Seguran\u00e7a Alimentar. Fonte: MaisPB","og_url":"https:\/\/noticiasemdestaque.com\/cd\/?p=5363","og_site_name":"Not&iacute;cias em Destaque","article_published_time":"2017-10-22T11:49:55+00:00","og_image":[{"width":300,"height":167,"url":"https:\/\/noticiasemdestaque.com\/cd\/wp-content\/uploads\/2017\/10\/estela-300x167.png","type":"image\/png"}],"author":"Not\u00edcias em Destaque","twitter_card":"summary_large_image","twitter_misc":{"Escrito por":"Not\u00edcias em Destaque","Est. tempo de leitura":"1 minuto"},"schema":{"@context":"https:\/\/schema.org","@graph":[{"@type":"Article","@id":"https:\/\/noticiasemdestaque.com\/cd\/?p=5363#article","isPartOf":{"@id":"https:\/\/noticiasemdestaque.com\/cd\/?p=5363"},"author":{"name":"Not\u00edcias em Destaque","@id":"https:\/\/noticiasemdestaque.com\/cd\/#\/schema\/person\/21320b03a7e8bb90128938dafc9b908a"},"headline":"ALPB debate seguran\u00e7a alimentar e nutricional","datePublished":"2017-10-22T11:49:55+00:00","mainEntityOfPage":{"@id":"https:\/\/noticiasemdestaque.com\/cd\/?p=5363"},"wordCount":215,"publisher":{"@id":"https:\/\/noticiasemdestaque.com\/cd\/#organization"},"image":{"@id":"https:\/\/noticiasemdestaque.com\/cd\/?p=5363#primaryimage"},"thumbnailUrl":"https:\/\/noticiasemdestaque.com\/cd\/wp-content\/uploads\/2017\/10\/estela-300x167.png","articleSection":["Pol\u00edtica"],"inLanguage":"pt-BR"},{"@type":"WebPage","@id":"https:\/\/noticiasemdestaque.com\/cd\/?p=5363","url":"https:\/\/noticiasemdestaque.com\/cd\/?p=5363","name":"ALPB debate seguran\u00e7a alimentar e nutricional - Not&iacute;cias em Destaque","isPartOf":{"@id":"https:\/\/noticiasemdestaque.com\/cd\/#website"},"primaryImageOfPage":{"@id":"https:\/\/noticiasemdestaque.com\/cd\/?p=5363#primaryimage"},"image":{"@id":"https:\/\/noticiasemdestaque.com\/cd\/?p=5363#primaryimage"},"thumbnailUrl":"https:\/\/noticiasemdestaque.com\/cd\/wp-content\/uploads\/2017\/10\/estela-300x167.png","datePublished":"2017-10-22T11:49:55+00:00","breadcrumb":{"@id":"https:\/\/noticiasemdestaque.com\/cd\/?p=5363#breadcrumb"},"inLanguage":"pt-BR","potentialAction":[{"@type":"ReadAction","target":["https:\/\/noticiasemdestaque.com\/cd\/?p=5363"]}]},{"@type":"ImageObject","inLanguage":"pt-BR","@id":"https:\/\/noticiasemdestaque.com\/cd\/?p=5363#primaryimage","url":"https:\/\/noticiasemdestaque.com\/cd\/wp-content\/uploads\/2017\/10\/estela-300x167.png","contentUrl":"https:\/\/noticiasemdestaque.com\/cd\/wp-content\/uploads\/2017\/10\/estela-300x167.png","width":300,"height":167},{"@type":"BreadcrumbList","@id":"https:\/\/noticiasemdestaque.com\/cd\/?p=5363#breadcrumb","itemListElement":[{"@type":"ListItem","position":1,"name":"In\u00edcio","item":"https:\/\/noticiasemdestaque.com\/cd\/"},{"@type":"ListItem","position":2,"name":"ALPB debate seguran\u00e7a alimentar e nutricional"}]},{"@type":"WebSite","@id":"https:\/\/noticiasemdestaque.com\/cd\/#website","url":"https:\/\/noticiasemdestaque.com\/cd\/","name":"Not&iacute;cias em Destaque","description":"","publisher":{"@id":"https:\/\/noticiasemdestaque.com\/cd\/#organization"},"potentialAction":[{"@type":"SearchAction","target":{"@type":"EntryPoint","urlTemplate":"https:\/\/noticiasemdestaque.com\/cd\/?s={search_term_string}"},"query-input":{"@type":"PropertyValueSpecification","valueRequired":true,"valueName":"search_term_string"}}],"inLanguage":"pt-BR"},{"@type":"Organization","@id":"https:\/\/noticiasemdestaque.com\/cd\/#organization","name":"Not\u00edcias em Destaque","url":"https:\/\/noticiasemdestaque.com\/cd\/","logo":{"@type":"ImageObject","inLanguage":"pt-BR","@id":"https:\/\/noticiasemdestaque.com\/cd\/#\/schema\/logo\/image\/","url":"https:\/\/noticiasemdestaque.com\/cd\/wp-content\/uploads\/2022\/05\/imagem-base-noticiasemdestaque.png","contentUrl":"https:\/\/noticiasemdestaque.com\/cd\/wp-content\/uploads\/2022\/05\/imagem-base-noticiasemdestaque.png","width":1200,"height":630,"caption":"Not\u00edcias em Destaque"},"image":{"@id":"https:\/\/noticiasemdestaque.com\/cd\/#\/schema\/logo\/image\/"}},{"@type":"Person","@id":"https:\/\/noticiasemdestaque.com\/cd\/#\/schema\/person\/21320b03a7e8bb90128938dafc9b908a","name":"Not\u00edcias em Destaque","url":"https:\/\/noticiasemdestaque.com\/cd\/?author=2"}]}},"jetpack_featured_media_url":"https:\/\/noticiasemdestaque.com\/cd\/wp-content\/uploads\/2017\/10\/estela-300x167.png","jetpack_sharing_enabled":true,"_links":{"self":[{"href":"https:\/\/noticiasemdestaque.com\/cd\/index.php?rest_route=\/wp\/v2\/posts\/5363","targetHints":{"allow":["GET"]}}],"collection":[{"href":"https:\/\/noticiasemdestaque.com\/cd\/index.php?rest_route=\/wp\/v2\/posts"}],"about":[{"href":"https:\/\/noticiasemdestaque.com\/cd\/index.php?rest_route=\/wp\/v2\/types\/post"}],"author":[{"embeddable":true,"href":"https:\/\/noticiasemdestaque.com\/cd\/index.php?rest_route=\/wp\/v2\/users\/2"}],"replies":[{"embeddable":true,"href":"https:\/\/noticiasemdestaque.com\/cd\/index.php?rest_route=%2Fwp%2Fv2%2Fcomments&post=5363"}],"version-history":[{"count":1,"href":"https:\/\/noticiasemdestaque.com\/cd\/index.php?rest_route=\/wp\/v2\/posts\/5363\/revisions"}],"predecessor-version":[{"id":5365,"href":"https:\/\/noticiasemdestaque.com\/cd\/index.php?rest_route=\/wp\/v2\/posts\/5363\/revisions\/5365"}],"wp:featuredmedia":[{"embeddable":true,"href":"https:\/\/noticiasemdestaque.com\/cd\/index.php?rest_route=\/wp\/v2\/media\/5364"}],"wp:attachment":[{"href":"https:\/\/noticiasemdestaque.com\/cd\/index.php?rest_route=%2Fwp%2Fv2%2Fmedia&parent=5363"}],"wp:term":[{"taxonomy":"category","embeddable":true,"href":"https:\/\/noticiasemdestaque.com\/cd\/index.php?rest_route=%2Fwp%2Fv2%2Fcategories&post=5363"},{"taxonomy":"post_tag","embeddable":true,"href":"https:\/\/noticiasemdestaque.com\/cd\/index.php?rest_route=%2Fwp%2Fv2%2Ftags&post=5363"}],"curies":[{"name":"wp","href":"https:\/\/api.w.org\/{rel}","templated":true}]}}