{"id":5361,"date":"2017-10-22T08:42:18","date_gmt":"2017-10-22T11:42:18","guid":{"rendered":"http:\/\/caririemdestaque.com\/cd\/?p=5361"},"modified":"2017-10-22T08:42:18","modified_gmt":"2017-10-22T11:42:18","slug":"prefeitos-de-17-cidades-do-cariri-deverao-ir-a-reuniao-para-tratar-sobre-crise-financeira-em-toda-a-pb-serao-mais-de-140-prefeitos","status":"publish","type":"post","link":"https:\/\/noticiasemdestaque.com\/cd\/?p=5361","title":{"rendered":"Prefeitos de 17 cidades do Cariri dever\u00e3o ir a reuni\u00e3o para tratar sobre crise financeira; em toda a PB ser\u00e3o mais de 140 prefeitos"},"content":{"rendered":"<p><a href=\"http:\/\/caririemdestaque.com\/cd\/wp-content\/uploads\/2017\/10\/dinheiro3.jpg\"><img decoding=\"async\" class=\"size-thumbnail wp-image-5220 alignleft\" src=\"http:\/\/caririemdestaque.com\/cd\/wp-content\/uploads\/2017\/10\/dinheiro3-150x150.jpg\" alt=\"\" width=\"150\" height=\"150\" \/><\/a>Prefeitos e representantes de 143 munic\u00edpios j\u00e1 confirmaram presen\u00e7a no encontro com a bancada federal paraibana, na segunda-feira (23), a partir das 9 horas, no Audit\u00f3rio do Tribunal de Contas do Estado da Para\u00edba (TCE-PB), em Jo\u00e3o Pessoa, para debater a necessidade de ajuda financeira por parte do governo federal para o enfrentamento \u00e0 crise dos munic\u00edpios.<\/p>\n<p>Segundo o coordenador da bancada na C\u00e2mara dos Deputados, Wilson Filho (PTB), o encontro ser\u00e1 realizado para ouvir os prefeitos as dificuldades que est\u00e3o atravessando. Ele disse que muitos t\u00eam o procurado para relatar os problemas e contar a situa\u00e7\u00e3o de escassez de recursos. O deputado lembrou ainda que esse m\u00eas o quadro ficou ainda mais complicado ap\u00f3s os descontos do parcelamento das d\u00edvidas dos Munic\u00edpios com a Previd\u00eancia Social.<\/p>\n<p>\u201cPrecisamos fortalecer ainda mais o pedido e provar essa necessidade. Se todos os membros da bancada paraibana, cada um com sua for\u00e7a, entrar verdadeiramente na briga, tenho certeza que dar\u00e1 certo\u201d, comentou o parlamentar.<\/p>\n<p>Wilson disse que o encontro tem como finalidade fortalecer ainda mais o v\u00ednculo dos prefeitos com os deputados e senadores paraibanos para que as reivindica\u00e7\u00f5es sejam levadas ao Governo Federal. \u201cOs problemas nos Munic\u00edpios ficam ainda mais graves no final do ano por conta do pagamento do 13\u00b0 dos servidores. A bancada est\u00e1 unida para lutar pelo fortalecimento dos Munic\u00edpios\u201d, declarou Wilson Filho.<\/p>\n<p><strong>No Cariri<\/strong><\/p>\n<p>Os munic\u00edpios confirmados foram: Amparo, Assun\u00e7\u00e3o, Barra de S\u00e3o Miguel, Cabaceiras, Congo, Gurj\u00e3o, Juazeirinho, Livramento, Monteiro, Ouro Velho, Parari, S\u00e3o Jo\u00e3o do Cariri, S\u00e3o Jo\u00e3o do Tigre, S\u00e3o Sebasti\u00e3o do Umbuzeiro, Serra Branca, Sum\u00e9 e Tapero\u00e1.<\/p>\n<p><strong>Em toda a PB<\/strong><\/p>\n<p>Os demais munic\u00edpios que confirmaram presen\u00e7a: \u00c1gua Branca, Alagoa Grande, Alagoa Nova, Alagoinha, Algod\u00e3o de Jandaira, Aparecida, Ara\u00e7agi, Arara, Areia, Areial, Baia da Trai\u00e7\u00e3o, Bananeiras, Bara\u00fana, Barra de Santa Rosa, Bel\u00e9m, Bel\u00e9m Brejo Cruz, Bernardino Batista, Boa Ventura, Boa Vista, Bom Jesus, Bom Sucesso, Borborema, Caapor\u00e3, Cabedelo, Cachoeira dos \u00edndios, Cacimba de Areia, Cacimba de Dentro, Cacimbas, Cai\u00e7ara, Cajazeirinhas, Campina Grande, Capim, Carrapateira, Catingueira, Conde, Cruz do Esp\u00edrito Santo, Cubati, Cuitegi, Dami\u00e3o, Desterro, Emas, Esperan\u00e7a, Fagundes, Frei Martinho, Gurinh\u00e9m, Igaracy, Ing\u00e1, Itabaiana, Itapororoca, Itatuba, Jacarau, Jo\u00e3o Claudino, Jo\u00e3o Pessoa, Junco do Serid\u00f3, Juripiranga, Juru, Lagoa de Dentro, Lagoa Seca, Lastro, Logradouro, Lucena, M\u00e3e D\u2019agua, Marca\u00e7\u00e3o, Massaranduba, Mataraca, Matinhas, Matureia, Mogeiro, Montadas, Monte Horebe,Mulugu, Natuba, Nova Floresta, Nova Palmeira, Olho D\u2019\u00e1gua, Olivedos, Parari, Passagem, Paulista, Pedra Branca, Pedra Lavrada, Pedras de Fogo, Pilar, Pil\u00f5es, Pil\u00f5ezinhos, Pocinhos, Po\u00e7o Dantas, Po\u00e7o de Jos\u00e9 de Moura, Princesa Isabel, Puxinan\u00e3, Quixaba, Riach\u00e3o, Riacho dos Cavalos, Rio Tinto, Salgadinho, Salgado de S\u00e3o F\u00e9lix, Santa Cec\u00edlia, Santa Cruz, Santa Helena, Santa Luzia, Santa Terezinha, Santana dos Garotes, Santo Andr\u00e9, S\u00e3o Bento, S\u00e3o Jos\u00e9 da Lagoa Tapada, S\u00e3o Jos\u00e9 de Caiana, S\u00e3o Jos\u00e9 de Espinharas, S\u00e3o Jos\u00e9 de Princesa, S\u00e3o Jos\u00e9 do Bonfim, S\u00e3o Jos\u00e9 do Sabugi, S\u00e3o Jos\u00e9 dos Cordeiros, S\u00e3o Mamede, S\u00e3o Sebasti\u00e3o de Lagoa de Ro\u00e7a, S\u00e3o Vicente do Serid\u00f3, Sap\u00e9, Serra da Raiz, Serra Redonda, Sobrado, Sol\u00e2nea, Soledade,Sossego,Tacima, Tavares, Uirauna,Umbuzeiro,V\u00e1rzea,Vieir\u00f3polis.<\/p>\n<p><em>Com Portal Correio<\/em><\/p>\n<p>&nbsp;<\/p>\n","protected":false},"excerpt":{"rendered":"<p>Prefeitos e representantes de 143 munic\u00edpios j\u00e1 confirmaram presen\u00e7a no encontro com a bancada federal paraibana, na segunda-feira (23), a partir das 9 horas, no Audit\u00f3rio do Tribunal de Contas do Estado da Para\u00edba (TCE-PB), em Jo\u00e3o Pessoa, para debater a necessidade de ajuda financeira por parte do governo federal para o enfrentamento \u00e0 crise dos munic\u00edpios. Segundo o coordenador da bancada na C\u00e2mara dos Deputados, Wilson Filho (PTB), o encontro ser\u00e1 realizado para ouvir os prefeitos as dificuldades que est\u00e3o atravessando. Ele disse que muitos t\u00eam o procurado para relatar os problemas e contar a situa\u00e7\u00e3o de escassez de recursos. O deputado lembrou ainda que esse m\u00eas o quadro ficou ainda mais complicado ap\u00f3s os descontos do parcelamento das d\u00edvidas dos Munic\u00edpios com a Previd\u00eancia Social. \u201cPrecisamos fortalecer ainda mais o pedido e provar essa necessidade. Se todos os membros da bancada paraibana, cada um com sua for\u00e7a, entrar verdadeiramente na briga, tenho certeza que dar\u00e1 certo\u201d, comentou o parlamentar. Wilson disse que o encontro tem como finalidade fortalecer ainda mais o v\u00ednculo dos prefeitos com os deputados e senadores paraibanos para que as reivindica\u00e7\u00f5es sejam levadas ao Governo Federal. \u201cOs problemas nos Munic\u00edpios ficam ainda mais graves no final do ano por conta do pagamento do 13\u00b0 dos servidores. A bancada est\u00e1 unida para lutar pelo fortalecimento dos Munic\u00edpios\u201d, declarou Wilson Filho. No Cariri Os munic\u00edpios confirmados foram: Amparo, Assun\u00e7\u00e3o, Barra de S\u00e3o Miguel, Cabaceiras, Congo, Gurj\u00e3o, Juazeirinho, Livramento, Monteiro, Ouro Velho, Parari, S\u00e3o Jo\u00e3o do Cariri, S\u00e3o Jo\u00e3o do Tigre, S\u00e3o Sebasti\u00e3o do Umbuzeiro, Serra Branca, Sum\u00e9 e Tapero\u00e1. Em toda a PB Os demais munic\u00edpios que confirmaram presen\u00e7a: \u00c1gua Branca, Alagoa Grande, Alagoa Nova, Alagoinha, Algod\u00e3o de Jandaira, Aparecida, Ara\u00e7agi, Arara, Areia, Areial, Baia da Trai\u00e7\u00e3o, Bananeiras, Bara\u00fana, Barra de Santa Rosa, Bel\u00e9m, Bel\u00e9m Brejo Cruz, Bernardino Batista, Boa Ventura, Boa Vista, Bom Jesus, Bom Sucesso, Borborema, Caapor\u00e3, Cabedelo, Cachoeira dos \u00edndios, Cacimba de Areia, Cacimba de Dentro, Cacimbas, Cai\u00e7ara, Cajazeirinhas, Campina Grande, Capim, Carrapateira, Catingueira, Conde, Cruz do Esp\u00edrito Santo, Cubati, Cuitegi, Dami\u00e3o, Desterro, Emas, Esperan\u00e7a, Fagundes, Frei Martinho, Gurinh\u00e9m, Igaracy, Ing\u00e1, Itabaiana, Itapororoca, Itatuba, Jacarau, Jo\u00e3o Claudino, Jo\u00e3o Pessoa, Junco do Serid\u00f3, Juripiranga, Juru, Lagoa de Dentro, Lagoa Seca, Lastro, Logradouro, Lucena, M\u00e3e D\u2019agua, Marca\u00e7\u00e3o, Massaranduba, Mataraca, Matinhas, Matureia, Mogeiro, Montadas, Monte Horebe,Mulugu, Natuba, Nova Floresta, Nova Palmeira, Olho D\u2019\u00e1gua, Olivedos, Parari, Passagem, Paulista, Pedra Branca, Pedra Lavrada, Pedras de Fogo, Pilar, Pil\u00f5es, Pil\u00f5ezinhos, Pocinhos, Po\u00e7o Dantas, Po\u00e7o de Jos\u00e9 de Moura, Princesa Isabel, Puxinan\u00e3, Quixaba, Riach\u00e3o, Riacho dos Cavalos, Rio Tinto, Salgadinho, Salgado de S\u00e3o F\u00e9lix, Santa Cec\u00edlia, Santa Cruz, Santa Helena, Santa Luzia, Santa Terezinha, Santana dos Garotes, Santo Andr\u00e9, S\u00e3o Bento, S\u00e3o Jos\u00e9 da Lagoa Tapada, S\u00e3o Jos\u00e9 de Caiana, S\u00e3o Jos\u00e9 de Espinharas, S\u00e3o Jos\u00e9 de Princesa, S\u00e3o Jos\u00e9 do Bonfim, S\u00e3o Jos\u00e9 do Sabugi, S\u00e3o Jos\u00e9 dos Cordeiros, S\u00e3o Mamede, S\u00e3o Sebasti\u00e3o de Lagoa de Ro\u00e7a, S\u00e3o Vicente do Serid\u00f3, Sap\u00e9, Serra da Raiz, Serra Redonda, Sobrado, Sol\u00e2nea, Soledade,Sossego,Tacima, Tavares, Uirauna,Umbuzeiro,V\u00e1rzea,Vieir\u00f3polis. Com Portal Correio &nbsp;<\/p>\n","protected":false},"author":2,"featured_media":5220,"comment_status":"closed","ping_status":"open","sticky":false,"template":"","format":"standard","meta":{"_eb_attr":"","_jetpack_memberships_contains_paid_content":false,"footnotes":""},"categories":[3],"tags":[],"class_list":["post-5361","post","type-post","status-publish","format-standard","has-post-thumbnail","hentry","category-cidades"],"yoast_head":"<!-- This site is optimized with the Yoast SEO plugin v26.5 - https:\/\/yoast.com\/wordpress\/plugins\/seo\/ -->\n<title>Prefeitos de 17 cidades do Cariri dever\u00e3o ir a reuni\u00e3o para tratar sobre crise financeira; em toda a PB ser\u00e3o mais de 140 prefeitos - Not&iacute;cias em Destaque<\/title>\n<meta name=\"robots\" content=\"index, follow, max-snippet:-1, max-image-preview:large, max-video-preview:-1\" \/>\n<link rel=\"canonical\" href=\"https:\/\/noticiasemdestaque.com\/cd\/?p=5361\" \/>\n<meta property=\"og:locale\" content=\"pt_BR\" \/>\n<meta property=\"og:type\" content=\"article\" \/>\n<meta property=\"og:title\" content=\"Prefeitos de 17 cidades do Cariri dever\u00e3o ir a reuni\u00e3o para tratar sobre crise financeira; em toda a PB ser\u00e3o mais de 140 prefeitos - Not&iacute;cias em Destaque\" \/>\n<meta property=\"og:description\" content=\"Prefeitos e representantes de 143 munic\u00edpios j\u00e1 confirmaram presen\u00e7a no encontro com a bancada federal paraibana, na segunda-feira (23), a partir das 9 horas, no Audit\u00f3rio do Tribunal de Contas do Estado da Para\u00edba (TCE-PB), em Jo\u00e3o Pessoa, para debater a necessidade de ajuda financeira por parte do governo federal para o enfrentamento \u00e0 crise dos munic\u00edpios. Segundo o coordenador da bancada na C\u00e2mara dos Deputados, Wilson Filho (PTB), o encontro ser\u00e1 realizado para ouvir os prefeitos as dificuldades que est\u00e3o atravessando. Ele disse que muitos t\u00eam o procurado para relatar os problemas e contar a situa\u00e7\u00e3o de escassez de recursos. O deputado lembrou ainda que esse m\u00eas o quadro ficou ainda mais complicado ap\u00f3s os descontos do parcelamento das d\u00edvidas dos Munic\u00edpios com a Previd\u00eancia Social. \u201cPrecisamos fortalecer ainda mais o pedido e provar essa necessidade. Se todos os membros da bancada paraibana, cada um com sua for\u00e7a, entrar verdadeiramente na briga, tenho certeza que dar\u00e1 certo\u201d, comentou o parlamentar. Wilson disse que o encontro tem como finalidade fortalecer ainda mais o v\u00ednculo dos prefeitos com os deputados e senadores paraibanos para que as reivindica\u00e7\u00f5es sejam levadas ao Governo Federal. \u201cOs problemas nos Munic\u00edpios ficam ainda mais graves no final do ano por conta do pagamento do 13\u00b0 dos servidores. A bancada est\u00e1 unida para lutar pelo fortalecimento dos Munic\u00edpios\u201d, declarou Wilson Filho. No Cariri Os munic\u00edpios confirmados foram: Amparo, Assun\u00e7\u00e3o, Barra de S\u00e3o Miguel, Cabaceiras, Congo, Gurj\u00e3o, Juazeirinho, Livramento, Monteiro, Ouro Velho, Parari, S\u00e3o Jo\u00e3o do Cariri, S\u00e3o Jo\u00e3o do Tigre, S\u00e3o Sebasti\u00e3o do Umbuzeiro, Serra Branca, Sum\u00e9 e Tapero\u00e1. Em toda a PB Os demais munic\u00edpios que confirmaram presen\u00e7a: \u00c1gua Branca, Alagoa Grande, Alagoa Nova, Alagoinha, Algod\u00e3o de Jandaira, Aparecida, Ara\u00e7agi, Arara, Areia, Areial, Baia da Trai\u00e7\u00e3o, Bananeiras, Bara\u00fana, Barra de Santa Rosa, Bel\u00e9m, Bel\u00e9m Brejo Cruz, Bernardino Batista, Boa Ventura, Boa Vista, Bom Jesus, Bom Sucesso, Borborema, Caapor\u00e3, Cabedelo, Cachoeira dos \u00edndios, Cacimba de Areia, Cacimba de Dentro, Cacimbas, Cai\u00e7ara, Cajazeirinhas, Campina Grande, Capim, Carrapateira, Catingueira, Conde, Cruz do Esp\u00edrito Santo, Cubati, Cuitegi, Dami\u00e3o, Desterro, Emas, Esperan\u00e7a, Fagundes, Frei Martinho, Gurinh\u00e9m, Igaracy, Ing\u00e1, Itabaiana, Itapororoca, Itatuba, Jacarau, Jo\u00e3o Claudino, Jo\u00e3o Pessoa, Junco do Serid\u00f3, Juripiranga, Juru, Lagoa de Dentro, Lagoa Seca, Lastro, Logradouro, Lucena, M\u00e3e D\u2019agua, Marca\u00e7\u00e3o, Massaranduba, Mataraca, Matinhas, Matureia, Mogeiro, Montadas, Monte Horebe,Mulugu, Natuba, Nova Floresta, Nova Palmeira, Olho D\u2019\u00e1gua, Olivedos, Parari, Passagem, Paulista, Pedra Branca, Pedra Lavrada, Pedras de Fogo, Pilar, Pil\u00f5es, Pil\u00f5ezinhos, Pocinhos, Po\u00e7o Dantas, Po\u00e7o de Jos\u00e9 de Moura, Princesa Isabel, Puxinan\u00e3, Quixaba, Riach\u00e3o, Riacho dos Cavalos, Rio Tinto, Salgadinho, Salgado de S\u00e3o F\u00e9lix, Santa Cec\u00edlia, Santa Cruz, Santa Helena, Santa Luzia, Santa Terezinha, Santana dos Garotes, Santo Andr\u00e9, S\u00e3o Bento, S\u00e3o Jos\u00e9 da Lagoa Tapada, S\u00e3o Jos\u00e9 de Caiana, S\u00e3o Jos\u00e9 de Espinharas, S\u00e3o Jos\u00e9 de Princesa, S\u00e3o Jos\u00e9 do Bonfim, S\u00e3o Jos\u00e9 do Sabugi, S\u00e3o Jos\u00e9 dos Cordeiros, S\u00e3o Mamede, S\u00e3o Sebasti\u00e3o de Lagoa de Ro\u00e7a, S\u00e3o Vicente do Serid\u00f3, Sap\u00e9, Serra da Raiz, Serra Redonda, Sobrado, Sol\u00e2nea, Soledade,Sossego,Tacima, Tavares, Uirauna,Umbuzeiro,V\u00e1rzea,Vieir\u00f3polis. Com Portal Correio &nbsp;\" \/>\n<meta property=\"og:url\" content=\"https:\/\/noticiasemdestaque.com\/cd\/?p=5361\" \/>\n<meta property=\"og:site_name\" content=\"Not&iacute;cias em Destaque\" \/>\n<meta property=\"article:published_time\" content=\"2017-10-22T11:42:18+00:00\" \/>\n<meta property=\"og:image\" content=\"https:\/\/noticiasemdestaque.com\/cd\/wp-content\/uploads\/2017\/10\/dinheiro3.jpg\" \/>\n\t<meta property=\"og:image:width\" content=\"800\" \/>\n\t<meta property=\"og:image:height\" content=\"470\" \/>\n\t<meta property=\"og:image:type\" content=\"image\/jpeg\" \/>\n<meta name=\"author\" content=\"Not\u00edcias em Destaque\" \/>\n<meta name=\"twitter:card\" content=\"summary_large_image\" \/>\n<meta name=\"twitter:label1\" content=\"Escrito por\" \/>\n\t<meta name=\"twitter:data1\" content=\"Not\u00edcias em Destaque\" \/>\n\t<meta name=\"twitter:label2\" content=\"Est. tempo de leitura\" \/>\n\t<meta name=\"twitter:data2\" content=\"3 minutos\" \/>\n<script type=\"application\/ld+json\" class=\"yoast-schema-graph\">{\"@context\":\"https:\/\/schema.org\",\"@graph\":[{\"@type\":\"Article\",\"@id\":\"https:\/\/noticiasemdestaque.com\/cd\/?p=5361#article\",\"isPartOf\":{\"@id\":\"https:\/\/noticiasemdestaque.com\/cd\/?p=5361\"},\"author\":{\"name\":\"Not\u00edcias em Destaque\",\"@id\":\"https:\/\/noticiasemdestaque.com\/cd\/#\/schema\/person\/21320b03a7e8bb90128938dafc9b908a\"},\"headline\":\"Prefeitos de 17 cidades do Cariri dever\u00e3o ir a reuni\u00e3o para tratar sobre crise financeira; em toda a PB ser\u00e3o mais de 140 prefeitos\",\"datePublished\":\"2017-10-22T11:42:18+00:00\",\"mainEntityOfPage\":{\"@id\":\"https:\/\/noticiasemdestaque.com\/cd\/?p=5361\"},\"wordCount\":595,\"publisher\":{\"@id\":\"https:\/\/noticiasemdestaque.com\/cd\/#organization\"},\"image\":{\"@id\":\"https:\/\/noticiasemdestaque.com\/cd\/?p=5361#primaryimage\"},\"thumbnailUrl\":\"https:\/\/noticiasemdestaque.com\/cd\/wp-content\/uploads\/2017\/10\/dinheiro3.jpg\",\"articleSection\":[\"Cidades\"],\"inLanguage\":\"pt-BR\"},{\"@type\":\"WebPage\",\"@id\":\"https:\/\/noticiasemdestaque.com\/cd\/?p=5361\",\"url\":\"https:\/\/noticiasemdestaque.com\/cd\/?p=5361\",\"name\":\"Prefeitos de 17 cidades do Cariri dever\u00e3o ir a reuni\u00e3o para tratar sobre crise financeira; em toda a PB ser\u00e3o mais de 140 prefeitos - Not&iacute;cias em Destaque\",\"isPartOf\":{\"@id\":\"https:\/\/noticiasemdestaque.com\/cd\/#website\"},\"primaryImageOfPage\":{\"@id\":\"https:\/\/noticiasemdestaque.com\/cd\/?p=5361#primaryimage\"},\"image\":{\"@id\":\"https:\/\/noticiasemdestaque.com\/cd\/?p=5361#primaryimage\"},\"thumbnailUrl\":\"https:\/\/noticiasemdestaque.com\/cd\/wp-content\/uploads\/2017\/10\/dinheiro3.jpg\",\"datePublished\":\"2017-10-22T11:42:18+00:00\",\"breadcrumb\":{\"@id\":\"https:\/\/noticiasemdestaque.com\/cd\/?p=5361#breadcrumb\"},\"inLanguage\":\"pt-BR\",\"potentialAction\":[{\"@type\":\"ReadAction\",\"target\":[\"https:\/\/noticiasemdestaque.com\/cd\/?p=5361\"]}]},{\"@type\":\"ImageObject\",\"inLanguage\":\"pt-BR\",\"@id\":\"https:\/\/noticiasemdestaque.com\/cd\/?p=5361#primaryimage\",\"url\":\"https:\/\/noticiasemdestaque.com\/cd\/wp-content\/uploads\/2017\/10\/dinheiro3.jpg\",\"contentUrl\":\"https:\/\/noticiasemdestaque.com\/cd\/wp-content\/uploads\/2017\/10\/dinheiro3.jpg\",\"width\":800,\"height\":470},{\"@type\":\"BreadcrumbList\",\"@id\":\"https:\/\/noticiasemdestaque.com\/cd\/?p=5361#breadcrumb\",\"itemListElement\":[{\"@type\":\"ListItem\",\"position\":1,\"name\":\"In\u00edcio\",\"item\":\"https:\/\/noticiasemdestaque.com\/cd\/\"},{\"@type\":\"ListItem\",\"position\":2,\"name\":\"Prefeitos de 17 cidades do Cariri dever\u00e3o ir a reuni\u00e3o para tratar sobre crise financeira; em toda a PB ser\u00e3o mais de 140 prefeitos\"}]},{\"@type\":\"WebSite\",\"@id\":\"https:\/\/noticiasemdestaque.com\/cd\/#website\",\"url\":\"https:\/\/noticiasemdestaque.com\/cd\/\",\"name\":\"Not&iacute;cias em Destaque\",\"description\":\"\",\"publisher\":{\"@id\":\"https:\/\/noticiasemdestaque.com\/cd\/#organization\"},\"potentialAction\":[{\"@type\":\"SearchAction\",\"target\":{\"@type\":\"EntryPoint\",\"urlTemplate\":\"https:\/\/noticiasemdestaque.com\/cd\/?s={search_term_string}\"},\"query-input\":{\"@type\":\"PropertyValueSpecification\",\"valueRequired\":true,\"valueName\":\"search_term_string\"}}],\"inLanguage\":\"pt-BR\"},{\"@type\":\"Organization\",\"@id\":\"https:\/\/noticiasemdestaque.com\/cd\/#organization\",\"name\":\"Not\u00edcias em Destaque\",\"url\":\"https:\/\/noticiasemdestaque.com\/cd\/\",\"logo\":{\"@type\":\"ImageObject\",\"inLanguage\":\"pt-BR\",\"@id\":\"https:\/\/noticiasemdestaque.com\/cd\/#\/schema\/logo\/image\/\",\"url\":\"https:\/\/noticiasemdestaque.com\/cd\/wp-content\/uploads\/2022\/05\/imagem-base-noticiasemdestaque.png\",\"contentUrl\":\"https:\/\/noticiasemdestaque.com\/cd\/wp-content\/uploads\/2022\/05\/imagem-base-noticiasemdestaque.png\",\"width\":1200,\"height\":630,\"caption\":\"Not\u00edcias em Destaque\"},\"image\":{\"@id\":\"https:\/\/noticiasemdestaque.com\/cd\/#\/schema\/logo\/image\/\"}},{\"@type\":\"Person\",\"@id\":\"https:\/\/noticiasemdestaque.com\/cd\/#\/schema\/person\/21320b03a7e8bb90128938dafc9b908a\",\"name\":\"Not\u00edcias em Destaque\",\"url\":\"https:\/\/noticiasemdestaque.com\/cd\/?author=2\"}]}<\/script>\n<!-- \/ Yoast SEO plugin. -->","yoast_head_json":{"title":"Prefeitos de 17 cidades do Cariri dever\u00e3o ir a reuni\u00e3o para tratar sobre crise financeira; em toda a PB ser\u00e3o mais de 140 prefeitos - Not&iacute;cias em Destaque","robots":{"index":"index","follow":"follow","max-snippet":"max-snippet:-1","max-image-preview":"max-image-preview:large","max-video-preview":"max-video-preview:-1"},"canonical":"https:\/\/noticiasemdestaque.com\/cd\/?p=5361","og_locale":"pt_BR","og_type":"article","og_title":"Prefeitos de 17 cidades do Cariri dever\u00e3o ir a reuni\u00e3o para tratar sobre crise financeira; em toda a PB ser\u00e3o mais de 140 prefeitos - Not&iacute;cias em Destaque","og_description":"Prefeitos e representantes de 143 munic\u00edpios j\u00e1 confirmaram presen\u00e7a no encontro com a bancada federal paraibana, na segunda-feira (23), a partir das 9 horas, no Audit\u00f3rio do Tribunal de Contas do Estado da Para\u00edba (TCE-PB), em Jo\u00e3o Pessoa, para debater a necessidade de ajuda financeira por parte do governo federal para o enfrentamento \u00e0 crise dos munic\u00edpios. Segundo o coordenador da bancada na C\u00e2mara dos Deputados, Wilson Filho (PTB), o encontro ser\u00e1 realizado para ouvir os prefeitos as dificuldades que est\u00e3o atravessando. Ele disse que muitos t\u00eam o procurado para relatar os problemas e contar a situa\u00e7\u00e3o de escassez de recursos. O deputado lembrou ainda que esse m\u00eas o quadro ficou ainda mais complicado ap\u00f3s os descontos do parcelamento das d\u00edvidas dos Munic\u00edpios com a Previd\u00eancia Social. \u201cPrecisamos fortalecer ainda mais o pedido e provar essa necessidade. Se todos os membros da bancada paraibana, cada um com sua for\u00e7a, entrar verdadeiramente na briga, tenho certeza que dar\u00e1 certo\u201d, comentou o parlamentar. Wilson disse que o encontro tem como finalidade fortalecer ainda mais o v\u00ednculo dos prefeitos com os deputados e senadores paraibanos para que as reivindica\u00e7\u00f5es sejam levadas ao Governo Federal. \u201cOs problemas nos Munic\u00edpios ficam ainda mais graves no final do ano por conta do pagamento do 13\u00b0 dos servidores. A bancada est\u00e1 unida para lutar pelo fortalecimento dos Munic\u00edpios\u201d, declarou Wilson Filho. No Cariri Os munic\u00edpios confirmados foram: Amparo, Assun\u00e7\u00e3o, Barra de S\u00e3o Miguel, Cabaceiras, Congo, Gurj\u00e3o, Juazeirinho, Livramento, Monteiro, Ouro Velho, Parari, S\u00e3o Jo\u00e3o do Cariri, S\u00e3o Jo\u00e3o do Tigre, S\u00e3o Sebasti\u00e3o do Umbuzeiro, Serra Branca, Sum\u00e9 e Tapero\u00e1. Em toda a PB Os demais munic\u00edpios que confirmaram presen\u00e7a: \u00c1gua Branca, Alagoa Grande, Alagoa Nova, Alagoinha, Algod\u00e3o de Jandaira, Aparecida, Ara\u00e7agi, Arara, Areia, Areial, Baia da Trai\u00e7\u00e3o, Bananeiras, Bara\u00fana, Barra de Santa Rosa, Bel\u00e9m, Bel\u00e9m Brejo Cruz, Bernardino Batista, Boa Ventura, Boa Vista, Bom Jesus, Bom Sucesso, Borborema, Caapor\u00e3, Cabedelo, Cachoeira dos \u00edndios, Cacimba de Areia, Cacimba de Dentro, Cacimbas, Cai\u00e7ara, Cajazeirinhas, Campina Grande, Capim, Carrapateira, Catingueira, Conde, Cruz do Esp\u00edrito Santo, Cubati, Cuitegi, Dami\u00e3o, Desterro, Emas, Esperan\u00e7a, Fagundes, Frei Martinho, Gurinh\u00e9m, Igaracy, Ing\u00e1, Itabaiana, Itapororoca, Itatuba, Jacarau, Jo\u00e3o Claudino, Jo\u00e3o Pessoa, Junco do Serid\u00f3, Juripiranga, Juru, Lagoa de Dentro, Lagoa Seca, Lastro, Logradouro, Lucena, M\u00e3e D\u2019agua, Marca\u00e7\u00e3o, Massaranduba, Mataraca, Matinhas, Matureia, Mogeiro, Montadas, Monte Horebe,Mulugu, Natuba, Nova Floresta, Nova Palmeira, Olho D\u2019\u00e1gua, Olivedos, Parari, Passagem, Paulista, Pedra Branca, Pedra Lavrada, Pedras de Fogo, Pilar, Pil\u00f5es, Pil\u00f5ezinhos, Pocinhos, Po\u00e7o Dantas, Po\u00e7o de Jos\u00e9 de Moura, Princesa Isabel, Puxinan\u00e3, Quixaba, Riach\u00e3o, Riacho dos Cavalos, Rio Tinto, Salgadinho, Salgado de S\u00e3o F\u00e9lix, Santa Cec\u00edlia, Santa Cruz, Santa Helena, Santa Luzia, Santa Terezinha, Santana dos Garotes, Santo Andr\u00e9, S\u00e3o Bento, S\u00e3o Jos\u00e9 da Lagoa Tapada, S\u00e3o Jos\u00e9 de Caiana, S\u00e3o Jos\u00e9 de Espinharas, S\u00e3o Jos\u00e9 de Princesa, S\u00e3o Jos\u00e9 do Bonfim, S\u00e3o Jos\u00e9 do Sabugi, S\u00e3o Jos\u00e9 dos Cordeiros, S\u00e3o Mamede, S\u00e3o Sebasti\u00e3o de Lagoa de Ro\u00e7a, S\u00e3o Vicente do Serid\u00f3, Sap\u00e9, Serra da Raiz, Serra Redonda, Sobrado, Sol\u00e2nea, Soledade,Sossego,Tacima, Tavares, Uirauna,Umbuzeiro,V\u00e1rzea,Vieir\u00f3polis. Com Portal Correio &nbsp;","og_url":"https:\/\/noticiasemdestaque.com\/cd\/?p=5361","og_site_name":"Not&iacute;cias em Destaque","article_published_time":"2017-10-22T11:42:18+00:00","og_image":[{"width":800,"height":470,"url":"https:\/\/noticiasemdestaque.com\/cd\/wp-content\/uploads\/2017\/10\/dinheiro3.jpg","type":"image\/jpeg"}],"author":"Not\u00edcias em Destaque","twitter_card":"summary_large_image","twitter_misc":{"Escrito por":"Not\u00edcias em Destaque","Est. tempo de leitura":"3 minutos"},"schema":{"@context":"https:\/\/schema.org","@graph":[{"@type":"Article","@id":"https:\/\/noticiasemdestaque.com\/cd\/?p=5361#article","isPartOf":{"@id":"https:\/\/noticiasemdestaque.com\/cd\/?p=5361"},"author":{"name":"Not\u00edcias em Destaque","@id":"https:\/\/noticiasemdestaque.com\/cd\/#\/schema\/person\/21320b03a7e8bb90128938dafc9b908a"},"headline":"Prefeitos de 17 cidades do Cariri dever\u00e3o ir a reuni\u00e3o para tratar sobre crise financeira; em toda a PB ser\u00e3o mais de 140 prefeitos","datePublished":"2017-10-22T11:42:18+00:00","mainEntityOfPage":{"@id":"https:\/\/noticiasemdestaque.com\/cd\/?p=5361"},"wordCount":595,"publisher":{"@id":"https:\/\/noticiasemdestaque.com\/cd\/#organization"},"image":{"@id":"https:\/\/noticiasemdestaque.com\/cd\/?p=5361#primaryimage"},"thumbnailUrl":"https:\/\/noticiasemdestaque.com\/cd\/wp-content\/uploads\/2017\/10\/dinheiro3.jpg","articleSection":["Cidades"],"inLanguage":"pt-BR"},{"@type":"WebPage","@id":"https:\/\/noticiasemdestaque.com\/cd\/?p=5361","url":"https:\/\/noticiasemdestaque.com\/cd\/?p=5361","name":"Prefeitos de 17 cidades do Cariri dever\u00e3o ir a reuni\u00e3o para tratar sobre crise financeira; em toda a PB ser\u00e3o mais de 140 prefeitos - Not&iacute;cias em Destaque","isPartOf":{"@id":"https:\/\/noticiasemdestaque.com\/cd\/#website"},"primaryImageOfPage":{"@id":"https:\/\/noticiasemdestaque.com\/cd\/?p=5361#primaryimage"},"image":{"@id":"https:\/\/noticiasemdestaque.com\/cd\/?p=5361#primaryimage"},"thumbnailUrl":"https:\/\/noticiasemdestaque.com\/cd\/wp-content\/uploads\/2017\/10\/dinheiro3.jpg","datePublished":"2017-10-22T11:42:18+00:00","breadcrumb":{"@id":"https:\/\/noticiasemdestaque.com\/cd\/?p=5361#breadcrumb"},"inLanguage":"pt-BR","potentialAction":[{"@type":"ReadAction","target":["https:\/\/noticiasemdestaque.com\/cd\/?p=5361"]}]},{"@type":"ImageObject","inLanguage":"pt-BR","@id":"https:\/\/noticiasemdestaque.com\/cd\/?p=5361#primaryimage","url":"https:\/\/noticiasemdestaque.com\/cd\/wp-content\/uploads\/2017\/10\/dinheiro3.jpg","contentUrl":"https:\/\/noticiasemdestaque.com\/cd\/wp-content\/uploads\/2017\/10\/dinheiro3.jpg","width":800,"height":470},{"@type":"BreadcrumbList","@id":"https:\/\/noticiasemdestaque.com\/cd\/?p=5361#breadcrumb","itemListElement":[{"@type":"ListItem","position":1,"name":"In\u00edcio","item":"https:\/\/noticiasemdestaque.com\/cd\/"},{"@type":"ListItem","position":2,"name":"Prefeitos de 17 cidades do Cariri dever\u00e3o ir a reuni\u00e3o para tratar sobre crise financeira; em toda a PB ser\u00e3o mais de 140 prefeitos"}]},{"@type":"WebSite","@id":"https:\/\/noticiasemdestaque.com\/cd\/#website","url":"https:\/\/noticiasemdestaque.com\/cd\/","name":"Not&iacute;cias em Destaque","description":"","publisher":{"@id":"https:\/\/noticiasemdestaque.com\/cd\/#organization"},"potentialAction":[{"@type":"SearchAction","target":{"@type":"EntryPoint","urlTemplate":"https:\/\/noticiasemdestaque.com\/cd\/?s={search_term_string}"},"query-input":{"@type":"PropertyValueSpecification","valueRequired":true,"valueName":"search_term_string"}}],"inLanguage":"pt-BR"},{"@type":"Organization","@id":"https:\/\/noticiasemdestaque.com\/cd\/#organization","name":"Not\u00edcias em Destaque","url":"https:\/\/noticiasemdestaque.com\/cd\/","logo":{"@type":"ImageObject","inLanguage":"pt-BR","@id":"https:\/\/noticiasemdestaque.com\/cd\/#\/schema\/logo\/image\/","url":"https:\/\/noticiasemdestaque.com\/cd\/wp-content\/uploads\/2022\/05\/imagem-base-noticiasemdestaque.png","contentUrl":"https:\/\/noticiasemdestaque.com\/cd\/wp-content\/uploads\/2022\/05\/imagem-base-noticiasemdestaque.png","width":1200,"height":630,"caption":"Not\u00edcias em Destaque"},"image":{"@id":"https:\/\/noticiasemdestaque.com\/cd\/#\/schema\/logo\/image\/"}},{"@type":"Person","@id":"https:\/\/noticiasemdestaque.com\/cd\/#\/schema\/person\/21320b03a7e8bb90128938dafc9b908a","name":"Not\u00edcias em Destaque","url":"https:\/\/noticiasemdestaque.com\/cd\/?author=2"}]}},"jetpack_featured_media_url":"https:\/\/noticiasemdestaque.com\/cd\/wp-content\/uploads\/2017\/10\/dinheiro3.jpg","jetpack_sharing_enabled":true,"_links":{"self":[{"href":"https:\/\/noticiasemdestaque.com\/cd\/index.php?rest_route=\/wp\/v2\/posts\/5361","targetHints":{"allow":["GET"]}}],"collection":[{"href":"https:\/\/noticiasemdestaque.com\/cd\/index.php?rest_route=\/wp\/v2\/posts"}],"about":[{"href":"https:\/\/noticiasemdestaque.com\/cd\/index.php?rest_route=\/wp\/v2\/types\/post"}],"author":[{"embeddable":true,"href":"https:\/\/noticiasemdestaque.com\/cd\/index.php?rest_route=\/wp\/v2\/users\/2"}],"replies":[{"embeddable":true,"href":"https:\/\/noticiasemdestaque.com\/cd\/index.php?rest_route=%2Fwp%2Fv2%2Fcomments&post=5361"}],"version-history":[{"count":1,"href":"https:\/\/noticiasemdestaque.com\/cd\/index.php?rest_route=\/wp\/v2\/posts\/5361\/revisions"}],"predecessor-version":[{"id":5362,"href":"https:\/\/noticiasemdestaque.com\/cd\/index.php?rest_route=\/wp\/v2\/posts\/5361\/revisions\/5362"}],"wp:featuredmedia":[{"embeddable":true,"href":"https:\/\/noticiasemdestaque.com\/cd\/index.php?rest_route=\/wp\/v2\/media\/5220"}],"wp:attachment":[{"href":"https:\/\/noticiasemdestaque.com\/cd\/index.php?rest_route=%2Fwp%2Fv2%2Fmedia&parent=5361"}],"wp:term":[{"taxonomy":"category","embeddable":true,"href":"https:\/\/noticiasemdestaque.com\/cd\/index.php?rest_route=%2Fwp%2Fv2%2Fcategories&post=5361"},{"taxonomy":"post_tag","embeddable":true,"href":"https:\/\/noticiasemdestaque.com\/cd\/index.php?rest_route=%2Fwp%2Fv2%2Ftags&post=5361"}],"curies":[{"name":"wp","href":"https:\/\/api.w.org\/{rel}","templated":true}]}}