{"id":5355,"date":"2017-10-22T08:23:53","date_gmt":"2017-10-22T11:23:53","guid":{"rendered":"http:\/\/caririemdestaque.com\/cd\/?p=5355"},"modified":"2017-10-22T08:23:53","modified_gmt":"2017-10-22T11:23:53","slug":"governo-federal-reconhece-situacao-de-emergencia-em-196-cidades-da-paraiba","status":"publish","type":"post","link":"https:\/\/noticiasemdestaque.com\/cd\/?p=5355","title":{"rendered":"Governo federal reconhece situa\u00e7\u00e3o de emerg\u00eancia em 196 cidades da Para\u00edba"},"content":{"rendered":"<p><a href=\"http:\/\/caririemdestaque.com\/cd\/wp-content\/uploads\/2017\/10\/21102017082943.jpg\"><img decoding=\"async\" class=\"size-thumbnail wp-image-5356 alignleft\" src=\"http:\/\/caririemdestaque.com\/cd\/wp-content\/uploads\/2017\/10\/21102017082943-150x150.jpg\" alt=\"\" width=\"150\" height=\"150\" \/><\/a>O governo federal reconheceu o decreto de emerg\u00eancia adotado pelo governo da Para\u00edba em 196 munic\u00edpios atingidos pela seca. A Portaria 186 est\u00e1 publicada na edi\u00e7\u00e3o desta sexta (20) do Di\u00e1rio Oficial da Uni\u00e3o (DOU). A situa\u00e7\u00e3o foi definida pelo Estado em 3 de outubro deste ano.<\/p>\n<p>O Estado fica autorizado a abrir cr\u00e9dito extraordin\u00e1rio por conta da atual situa\u00e7\u00e3o e pode convocar volunt\u00e1rios para refor\u00e7o das a\u00e7\u00f5es de respostas ao desastre natural vivenciado na Para\u00edba.<\/p>\n<p>A situa\u00e7\u00e3o de emerg\u00eancia permite ainda que sejam dispensados de licita\u00e7\u00e3o os contratos de aquisi\u00e7\u00e3o de bens e servi\u00e7os necess\u00e1rios \u00e0s atividades de resposta ao desastre, loca\u00e7\u00e3o de m\u00e1quinas e equipamentos, de presta\u00e7\u00e3o de servi\u00e7os e de obras relacionadas com a reabilita\u00e7\u00e3o do cen\u00e1rio do desastre, desde que possam ser conclu\u00eddas no prazo estipulado em lei.<\/p>\n","protected":false},"excerpt":{"rendered":"<p>O governo federal reconheceu o decreto de emerg\u00eancia adotado pelo governo da Para\u00edba em 196 munic\u00edpios atingidos pela seca. A Portaria 186 est\u00e1 publicada na edi\u00e7\u00e3o desta sexta (20) do Di\u00e1rio Oficial da Uni\u00e3o (DOU). A situa\u00e7\u00e3o foi definida pelo Estado em 3 de outubro deste ano. O Estado fica autorizado a abrir cr\u00e9dito extraordin\u00e1rio por conta da atual situa\u00e7\u00e3o e pode convocar volunt\u00e1rios para refor\u00e7o das a\u00e7\u00f5es de respostas ao desastre natural vivenciado na Para\u00edba. A situa\u00e7\u00e3o de emerg\u00eancia permite ainda que sejam dispensados de licita\u00e7\u00e3o os contratos de aquisi\u00e7\u00e3o de bens e servi\u00e7os necess\u00e1rios \u00e0s atividades de resposta ao desastre, loca\u00e7\u00e3o de m\u00e1quinas e equipamentos, de presta\u00e7\u00e3o de servi\u00e7os e de obras relacionadas com a reabilita\u00e7\u00e3o do cen\u00e1rio do desastre, desde que possam ser conclu\u00eddas no prazo estipulado em lei.<\/p>\n","protected":false},"author":2,"featured_media":5356,"comment_status":"closed","ping_status":"open","sticky":false,"template":"","format":"standard","meta":{"_eb_attr":"","_jetpack_memberships_contains_paid_content":false,"footnotes":""},"categories":[3],"tags":[],"class_list":["post-5355","post","type-post","status-publish","format-standard","has-post-thumbnail","hentry","category-cidades"],"yoast_head":"<!-- This site is optimized with the Yoast SEO plugin v26.5 - https:\/\/yoast.com\/wordpress\/plugins\/seo\/ -->\n<title>Governo federal reconhece situa\u00e7\u00e3o de emerg\u00eancia em 196 cidades da Para\u00edba - Not&iacute;cias em Destaque<\/title>\n<meta name=\"robots\" content=\"index, follow, max-snippet:-1, max-image-preview:large, max-video-preview:-1\" \/>\n<link rel=\"canonical\" href=\"https:\/\/noticiasemdestaque.com\/cd\/?p=5355\" \/>\n<meta property=\"og:locale\" content=\"pt_BR\" \/>\n<meta property=\"og:type\" content=\"article\" \/>\n<meta property=\"og:title\" content=\"Governo federal reconhece situa\u00e7\u00e3o de emerg\u00eancia em 196 cidades da Para\u00edba - Not&iacute;cias em Destaque\" \/>\n<meta property=\"og:description\" content=\"O governo federal reconheceu o decreto de emerg\u00eancia adotado pelo governo da Para\u00edba em 196 munic\u00edpios atingidos pela seca. A Portaria 186 est\u00e1 publicada na edi\u00e7\u00e3o desta sexta (20) do Di\u00e1rio Oficial da Uni\u00e3o (DOU). A situa\u00e7\u00e3o foi definida pelo Estado em 3 de outubro deste ano. O Estado fica autorizado a abrir cr\u00e9dito extraordin\u00e1rio por conta da atual situa\u00e7\u00e3o e pode convocar volunt\u00e1rios para refor\u00e7o das a\u00e7\u00f5es de respostas ao desastre natural vivenciado na Para\u00edba. A situa\u00e7\u00e3o de emerg\u00eancia permite ainda que sejam dispensados de licita\u00e7\u00e3o os contratos de aquisi\u00e7\u00e3o de bens e servi\u00e7os necess\u00e1rios \u00e0s atividades de resposta ao desastre, loca\u00e7\u00e3o de m\u00e1quinas e equipamentos, de presta\u00e7\u00e3o de servi\u00e7os e de obras relacionadas com a reabilita\u00e7\u00e3o do cen\u00e1rio do desastre, desde que possam ser conclu\u00eddas no prazo estipulado em lei.\" \/>\n<meta property=\"og:url\" content=\"https:\/\/noticiasemdestaque.com\/cd\/?p=5355\" \/>\n<meta property=\"og:site_name\" content=\"Not&iacute;cias em Destaque\" \/>\n<meta property=\"article:published_time\" content=\"2017-10-22T11:23:53+00:00\" \/>\n<meta property=\"og:image\" content=\"https:\/\/noticiasemdestaque.com\/cd\/wp-content\/uploads\/2017\/10\/21102017082943.jpg\" \/>\n\t<meta property=\"og:image:width\" content=\"573\" \/>\n\t<meta property=\"og:image:height\" content=\"429\" \/>\n\t<meta property=\"og:image:type\" content=\"image\/jpeg\" \/>\n<meta name=\"author\" content=\"Not\u00edcias em Destaque\" \/>\n<meta name=\"twitter:card\" content=\"summary_large_image\" \/>\n<meta name=\"twitter:label1\" content=\"Escrito por\" \/>\n\t<meta name=\"twitter:data1\" content=\"Not\u00edcias em Destaque\" \/>\n\t<meta name=\"twitter:label2\" content=\"Est. tempo de leitura\" \/>\n\t<meta name=\"twitter:data2\" content=\"1 minuto\" \/>\n<script type=\"application\/ld+json\" class=\"yoast-schema-graph\">{\"@context\":\"https:\/\/schema.org\",\"@graph\":[{\"@type\":\"Article\",\"@id\":\"https:\/\/noticiasemdestaque.com\/cd\/?p=5355#article\",\"isPartOf\":{\"@id\":\"https:\/\/noticiasemdestaque.com\/cd\/?p=5355\"},\"author\":{\"name\":\"Not\u00edcias em Destaque\",\"@id\":\"https:\/\/noticiasemdestaque.com\/cd\/#\/schema\/person\/21320b03a7e8bb90128938dafc9b908a\"},\"headline\":\"Governo federal reconhece situa\u00e7\u00e3o de emerg\u00eancia em 196 cidades da Para\u00edba\",\"datePublished\":\"2017-10-22T11:23:53+00:00\",\"mainEntityOfPage\":{\"@id\":\"https:\/\/noticiasemdestaque.com\/cd\/?p=5355\"},\"wordCount\":168,\"publisher\":{\"@id\":\"https:\/\/noticiasemdestaque.com\/cd\/#organization\"},\"image\":{\"@id\":\"https:\/\/noticiasemdestaque.com\/cd\/?p=5355#primaryimage\"},\"thumbnailUrl\":\"https:\/\/noticiasemdestaque.com\/cd\/wp-content\/uploads\/2017\/10\/21102017082943.jpg\",\"articleSection\":[\"Cidades\"],\"inLanguage\":\"pt-BR\"},{\"@type\":\"WebPage\",\"@id\":\"https:\/\/noticiasemdestaque.com\/cd\/?p=5355\",\"url\":\"https:\/\/noticiasemdestaque.com\/cd\/?p=5355\",\"name\":\"Governo federal reconhece situa\u00e7\u00e3o de emerg\u00eancia em 196 cidades da Para\u00edba - Not&iacute;cias em Destaque\",\"isPartOf\":{\"@id\":\"https:\/\/noticiasemdestaque.com\/cd\/#website\"},\"primaryImageOfPage\":{\"@id\":\"https:\/\/noticiasemdestaque.com\/cd\/?p=5355#primaryimage\"},\"image\":{\"@id\":\"https:\/\/noticiasemdestaque.com\/cd\/?p=5355#primaryimage\"},\"thumbnailUrl\":\"https:\/\/noticiasemdestaque.com\/cd\/wp-content\/uploads\/2017\/10\/21102017082943.jpg\",\"datePublished\":\"2017-10-22T11:23:53+00:00\",\"breadcrumb\":{\"@id\":\"https:\/\/noticiasemdestaque.com\/cd\/?p=5355#breadcrumb\"},\"inLanguage\":\"pt-BR\",\"potentialAction\":[{\"@type\":\"ReadAction\",\"target\":[\"https:\/\/noticiasemdestaque.com\/cd\/?p=5355\"]}]},{\"@type\":\"ImageObject\",\"inLanguage\":\"pt-BR\",\"@id\":\"https:\/\/noticiasemdestaque.com\/cd\/?p=5355#primaryimage\",\"url\":\"https:\/\/noticiasemdestaque.com\/cd\/wp-content\/uploads\/2017\/10\/21102017082943.jpg\",\"contentUrl\":\"https:\/\/noticiasemdestaque.com\/cd\/wp-content\/uploads\/2017\/10\/21102017082943.jpg\",\"width\":573,\"height\":429},{\"@type\":\"BreadcrumbList\",\"@id\":\"https:\/\/noticiasemdestaque.com\/cd\/?p=5355#breadcrumb\",\"itemListElement\":[{\"@type\":\"ListItem\",\"position\":1,\"name\":\"In\u00edcio\",\"item\":\"https:\/\/noticiasemdestaque.com\/cd\/\"},{\"@type\":\"ListItem\",\"position\":2,\"name\":\"Governo federal reconhece situa\u00e7\u00e3o de emerg\u00eancia em 196 cidades da Para\u00edba\"}]},{\"@type\":\"WebSite\",\"@id\":\"https:\/\/noticiasemdestaque.com\/cd\/#website\",\"url\":\"https:\/\/noticiasemdestaque.com\/cd\/\",\"name\":\"Not&iacute;cias em Destaque\",\"description\":\"\",\"publisher\":{\"@id\":\"https:\/\/noticiasemdestaque.com\/cd\/#organization\"},\"potentialAction\":[{\"@type\":\"SearchAction\",\"target\":{\"@type\":\"EntryPoint\",\"urlTemplate\":\"https:\/\/noticiasemdestaque.com\/cd\/?s={search_term_string}\"},\"query-input\":{\"@type\":\"PropertyValueSpecification\",\"valueRequired\":true,\"valueName\":\"search_term_string\"}}],\"inLanguage\":\"pt-BR\"},{\"@type\":\"Organization\",\"@id\":\"https:\/\/noticiasemdestaque.com\/cd\/#organization\",\"name\":\"Not\u00edcias em Destaque\",\"url\":\"https:\/\/noticiasemdestaque.com\/cd\/\",\"logo\":{\"@type\":\"ImageObject\",\"inLanguage\":\"pt-BR\",\"@id\":\"https:\/\/noticiasemdestaque.com\/cd\/#\/schema\/logo\/image\/\",\"url\":\"https:\/\/noticiasemdestaque.com\/cd\/wp-content\/uploads\/2022\/05\/imagem-base-noticiasemdestaque.png\",\"contentUrl\":\"https:\/\/noticiasemdestaque.com\/cd\/wp-content\/uploads\/2022\/05\/imagem-base-noticiasemdestaque.png\",\"width\":1200,\"height\":630,\"caption\":\"Not\u00edcias em Destaque\"},\"image\":{\"@id\":\"https:\/\/noticiasemdestaque.com\/cd\/#\/schema\/logo\/image\/\"}},{\"@type\":\"Person\",\"@id\":\"https:\/\/noticiasemdestaque.com\/cd\/#\/schema\/person\/21320b03a7e8bb90128938dafc9b908a\",\"name\":\"Not\u00edcias em Destaque\",\"url\":\"https:\/\/noticiasemdestaque.com\/cd\/?author=2\"}]}<\/script>\n<!-- \/ Yoast SEO plugin. -->","yoast_head_json":{"title":"Governo federal reconhece situa\u00e7\u00e3o de emerg\u00eancia em 196 cidades da Para\u00edba - Not&iacute;cias em Destaque","robots":{"index":"index","follow":"follow","max-snippet":"max-snippet:-1","max-image-preview":"max-image-preview:large","max-video-preview":"max-video-preview:-1"},"canonical":"https:\/\/noticiasemdestaque.com\/cd\/?p=5355","og_locale":"pt_BR","og_type":"article","og_title":"Governo federal reconhece situa\u00e7\u00e3o de emerg\u00eancia em 196 cidades da Para\u00edba - Not&iacute;cias em Destaque","og_description":"O governo federal reconheceu o decreto de emerg\u00eancia adotado pelo governo da Para\u00edba em 196 munic\u00edpios atingidos pela seca. A Portaria 186 est\u00e1 publicada na edi\u00e7\u00e3o desta sexta (20) do Di\u00e1rio Oficial da Uni\u00e3o (DOU). A situa\u00e7\u00e3o foi definida pelo Estado em 3 de outubro deste ano. O Estado fica autorizado a abrir cr\u00e9dito extraordin\u00e1rio por conta da atual situa\u00e7\u00e3o e pode convocar volunt\u00e1rios para refor\u00e7o das a\u00e7\u00f5es de respostas ao desastre natural vivenciado na Para\u00edba. A situa\u00e7\u00e3o de emerg\u00eancia permite ainda que sejam dispensados de licita\u00e7\u00e3o os contratos de aquisi\u00e7\u00e3o de bens e servi\u00e7os necess\u00e1rios \u00e0s atividades de resposta ao desastre, loca\u00e7\u00e3o de m\u00e1quinas e equipamentos, de presta\u00e7\u00e3o de servi\u00e7os e de obras relacionadas com a reabilita\u00e7\u00e3o do cen\u00e1rio do desastre, desde que possam ser conclu\u00eddas no prazo estipulado em lei.","og_url":"https:\/\/noticiasemdestaque.com\/cd\/?p=5355","og_site_name":"Not&iacute;cias em Destaque","article_published_time":"2017-10-22T11:23:53+00:00","og_image":[{"width":573,"height":429,"url":"https:\/\/noticiasemdestaque.com\/cd\/wp-content\/uploads\/2017\/10\/21102017082943.jpg","type":"image\/jpeg"}],"author":"Not\u00edcias em Destaque","twitter_card":"summary_large_image","twitter_misc":{"Escrito por":"Not\u00edcias em Destaque","Est. tempo de leitura":"1 minuto"},"schema":{"@context":"https:\/\/schema.org","@graph":[{"@type":"Article","@id":"https:\/\/noticiasemdestaque.com\/cd\/?p=5355#article","isPartOf":{"@id":"https:\/\/noticiasemdestaque.com\/cd\/?p=5355"},"author":{"name":"Not\u00edcias em Destaque","@id":"https:\/\/noticiasemdestaque.com\/cd\/#\/schema\/person\/21320b03a7e8bb90128938dafc9b908a"},"headline":"Governo federal reconhece situa\u00e7\u00e3o de emerg\u00eancia em 196 cidades da Para\u00edba","datePublished":"2017-10-22T11:23:53+00:00","mainEntityOfPage":{"@id":"https:\/\/noticiasemdestaque.com\/cd\/?p=5355"},"wordCount":168,"publisher":{"@id":"https:\/\/noticiasemdestaque.com\/cd\/#organization"},"image":{"@id":"https:\/\/noticiasemdestaque.com\/cd\/?p=5355#primaryimage"},"thumbnailUrl":"https:\/\/noticiasemdestaque.com\/cd\/wp-content\/uploads\/2017\/10\/21102017082943.jpg","articleSection":["Cidades"],"inLanguage":"pt-BR"},{"@type":"WebPage","@id":"https:\/\/noticiasemdestaque.com\/cd\/?p=5355","url":"https:\/\/noticiasemdestaque.com\/cd\/?p=5355","name":"Governo federal reconhece situa\u00e7\u00e3o de emerg\u00eancia em 196 cidades da Para\u00edba - Not&iacute;cias em Destaque","isPartOf":{"@id":"https:\/\/noticiasemdestaque.com\/cd\/#website"},"primaryImageOfPage":{"@id":"https:\/\/noticiasemdestaque.com\/cd\/?p=5355#primaryimage"},"image":{"@id":"https:\/\/noticiasemdestaque.com\/cd\/?p=5355#primaryimage"},"thumbnailUrl":"https:\/\/noticiasemdestaque.com\/cd\/wp-content\/uploads\/2017\/10\/21102017082943.jpg","datePublished":"2017-10-22T11:23:53+00:00","breadcrumb":{"@id":"https:\/\/noticiasemdestaque.com\/cd\/?p=5355#breadcrumb"},"inLanguage":"pt-BR","potentialAction":[{"@type":"ReadAction","target":["https:\/\/noticiasemdestaque.com\/cd\/?p=5355"]}]},{"@type":"ImageObject","inLanguage":"pt-BR","@id":"https:\/\/noticiasemdestaque.com\/cd\/?p=5355#primaryimage","url":"https:\/\/noticiasemdestaque.com\/cd\/wp-content\/uploads\/2017\/10\/21102017082943.jpg","contentUrl":"https:\/\/noticiasemdestaque.com\/cd\/wp-content\/uploads\/2017\/10\/21102017082943.jpg","width":573,"height":429},{"@type":"BreadcrumbList","@id":"https:\/\/noticiasemdestaque.com\/cd\/?p=5355#breadcrumb","itemListElement":[{"@type":"ListItem","position":1,"name":"In\u00edcio","item":"https:\/\/noticiasemdestaque.com\/cd\/"},{"@type":"ListItem","position":2,"name":"Governo federal reconhece situa\u00e7\u00e3o de emerg\u00eancia em 196 cidades da Para\u00edba"}]},{"@type":"WebSite","@id":"https:\/\/noticiasemdestaque.com\/cd\/#website","url":"https:\/\/noticiasemdestaque.com\/cd\/","name":"Not&iacute;cias em Destaque","description":"","publisher":{"@id":"https:\/\/noticiasemdestaque.com\/cd\/#organization"},"potentialAction":[{"@type":"SearchAction","target":{"@type":"EntryPoint","urlTemplate":"https:\/\/noticiasemdestaque.com\/cd\/?s={search_term_string}"},"query-input":{"@type":"PropertyValueSpecification","valueRequired":true,"valueName":"search_term_string"}}],"inLanguage":"pt-BR"},{"@type":"Organization","@id":"https:\/\/noticiasemdestaque.com\/cd\/#organization","name":"Not\u00edcias em Destaque","url":"https:\/\/noticiasemdestaque.com\/cd\/","logo":{"@type":"ImageObject","inLanguage":"pt-BR","@id":"https:\/\/noticiasemdestaque.com\/cd\/#\/schema\/logo\/image\/","url":"https:\/\/noticiasemdestaque.com\/cd\/wp-content\/uploads\/2022\/05\/imagem-base-noticiasemdestaque.png","contentUrl":"https:\/\/noticiasemdestaque.com\/cd\/wp-content\/uploads\/2022\/05\/imagem-base-noticiasemdestaque.png","width":1200,"height":630,"caption":"Not\u00edcias em Destaque"},"image":{"@id":"https:\/\/noticiasemdestaque.com\/cd\/#\/schema\/logo\/image\/"}},{"@type":"Person","@id":"https:\/\/noticiasemdestaque.com\/cd\/#\/schema\/person\/21320b03a7e8bb90128938dafc9b908a","name":"Not\u00edcias em Destaque","url":"https:\/\/noticiasemdestaque.com\/cd\/?author=2"}]}},"jetpack_featured_media_url":"https:\/\/noticiasemdestaque.com\/cd\/wp-content\/uploads\/2017\/10\/21102017082943.jpg","jetpack_sharing_enabled":true,"_links":{"self":[{"href":"https:\/\/noticiasemdestaque.com\/cd\/index.php?rest_route=\/wp\/v2\/posts\/5355","targetHints":{"allow":["GET"]}}],"collection":[{"href":"https:\/\/noticiasemdestaque.com\/cd\/index.php?rest_route=\/wp\/v2\/posts"}],"about":[{"href":"https:\/\/noticiasemdestaque.com\/cd\/index.php?rest_route=\/wp\/v2\/types\/post"}],"author":[{"embeddable":true,"href":"https:\/\/noticiasemdestaque.com\/cd\/index.php?rest_route=\/wp\/v2\/users\/2"}],"replies":[{"embeddable":true,"href":"https:\/\/noticiasemdestaque.com\/cd\/index.php?rest_route=%2Fwp%2Fv2%2Fcomments&post=5355"}],"version-history":[{"count":1,"href":"https:\/\/noticiasemdestaque.com\/cd\/index.php?rest_route=\/wp\/v2\/posts\/5355\/revisions"}],"predecessor-version":[{"id":5357,"href":"https:\/\/noticiasemdestaque.com\/cd\/index.php?rest_route=\/wp\/v2\/posts\/5355\/revisions\/5357"}],"wp:featuredmedia":[{"embeddable":true,"href":"https:\/\/noticiasemdestaque.com\/cd\/index.php?rest_route=\/wp\/v2\/media\/5356"}],"wp:attachment":[{"href":"https:\/\/noticiasemdestaque.com\/cd\/index.php?rest_route=%2Fwp%2Fv2%2Fmedia&parent=5355"}],"wp:term":[{"taxonomy":"category","embeddable":true,"href":"https:\/\/noticiasemdestaque.com\/cd\/index.php?rest_route=%2Fwp%2Fv2%2Fcategories&post=5355"},{"taxonomy":"post_tag","embeddable":true,"href":"https:\/\/noticiasemdestaque.com\/cd\/index.php?rest_route=%2Fwp%2Fv2%2Ftags&post=5355"}],"curies":[{"name":"wp","href":"https:\/\/api.w.org\/{rel}","templated":true}]}}