{"id":53483,"date":"2023-12-14T09:47:38","date_gmt":"2023-12-14T12:47:38","guid":{"rendered":"https:\/\/noticiasemdestaque.com\/cd\/?p=53483"},"modified":"2023-12-14T09:47:38","modified_gmt":"2023-12-14T12:47:38","slug":"camara-de-sume-realiza-sessao-e-aprova-projetos-e-requerimentos-2","status":"publish","type":"post","link":"https:\/\/noticiasemdestaque.com\/cd\/?p=53483","title":{"rendered":"C\u00e2mara de Sum\u00e9 realiza sess\u00e3o e aprova projetos e requerimentos"},"content":{"rendered":"<p><a href=\"https:\/\/noticiasemdestaque.com\/cd\/wp-content\/uploads\/2023\/12\/capa-2.jpg\"><img fetchpriority=\"high\" decoding=\"async\" class=\"size-medium wp-image-53484 aligncenter\" src=\"https:\/\/noticiasemdestaque.com\/cd\/wp-content\/uploads\/2023\/12\/capa-2-300x200.jpg\" alt=\"\" width=\"300\" height=\"200\" srcset=\"https:\/\/noticiasemdestaque.com\/cd\/wp-content\/uploads\/2023\/12\/capa-2-300x200.jpg 300w, https:\/\/noticiasemdestaque.com\/cd\/wp-content\/uploads\/2023\/12\/capa-2-1024x682.jpg 1024w, https:\/\/noticiasemdestaque.com\/cd\/wp-content\/uploads\/2023\/12\/capa-2-768x512.jpg 768w, https:\/\/noticiasemdestaque.com\/cd\/wp-content\/uploads\/2023\/12\/capa-2-1536x1023.jpg 1536w, https:\/\/noticiasemdestaque.com\/cd\/wp-content\/uploads\/2023\/12\/capa-2-18x12.jpg 18w, https:\/\/noticiasemdestaque.com\/cd\/wp-content\/uploads\/2023\/12\/capa-2.jpg 1600w\" sizes=\"(max-width: 300px) 100vw, 300px\" \/><\/a><\/p>\n<p>Na noite desta ter\u00e7a-feira (12), aconteceu a sess\u00e3o semanal do Poder Legislativo do munic\u00edpio de Sum\u00e9.<\/p>\n<p>Foi aprovado o projeto de lei 828\/2023, de autoria do Poder Executivo, que fica nomeado o pr\u00e9dio p\u00fablico da Secretaria de Educa\u00e7\u00e3o do Munic\u00edpio de Sum\u00e9 (PB), situado na Avenida 1\u00ba de Abril, n\u00ba 444 \u2013 Centro, com o nome de Leonardo Guilherme D\u2019Oliveira Santos.<\/p>\n<p>Os vereadores aprovaram o projeto de lei 830\/2023, de autoria do Poder Executivo, que autoriza o munic\u00edpio a abrir cr\u00e9dito adicional especial, no montante de R$ 711.321,31 (Setecentos e onze mil, trezentos e vinte e um reais e trinta e um centavos), destinados ao esfor\u00e7o de dota\u00e7\u00e3o do or\u00e7amento p\u00fablico do munic\u00edpio.<\/p>\n<p><a href=\"https:\/\/noticiasemdestaque.com\/cd\/wp-content\/uploads\/2023\/12\/4.jpg\"><img decoding=\"async\" class=\"size-medium wp-image-53485 aligncenter\" src=\"https:\/\/noticiasemdestaque.com\/cd\/wp-content\/uploads\/2023\/12\/4-300x258.jpg\" alt=\"\" width=\"300\" height=\"258\" srcset=\"https:\/\/noticiasemdestaque.com\/cd\/wp-content\/uploads\/2023\/12\/4-300x258.jpg 300w, https:\/\/noticiasemdestaque.com\/cd\/wp-content\/uploads\/2023\/12\/4-1024x879.jpg 1024w, https:\/\/noticiasemdestaque.com\/cd\/wp-content\/uploads\/2023\/12\/4-768x660.jpg 768w, https:\/\/noticiasemdestaque.com\/cd\/wp-content\/uploads\/2023\/12\/4-1536x1319.jpg 1536w, https:\/\/noticiasemdestaque.com\/cd\/wp-content\/uploads\/2023\/12\/4-14x12.jpg 14w, https:\/\/noticiasemdestaque.com\/cd\/wp-content\/uploads\/2023\/12\/4.jpg 1600w\" sizes=\"(max-width: 300px) 100vw, 300px\" \/><\/a><\/p>\n<p>Foi aprovado o projeto de lei 827\/2023, de autoria do vereador Jos\u00e9 Ant\u00f4nio, que denomina de Rua Maria do Socorro de Ara\u00fajo (Nega T\u00f4), a Rua Projetada 20, localizada no Loteamento Flor do Cariri, Bairro Alvorada, paralelamente as Ruas Projetadas 24 e 15 e perpendicularmente \u00e0s Ruas Projetadas 17, 18, 21, 23, 25 e 26.<\/p>\n<p><a href=\"https:\/\/noticiasemdestaque.com\/cd\/wp-content\/uploads\/2023\/12\/0.jpg\"><img decoding=\"async\" class=\"size-medium wp-image-53486 aligncenter\" src=\"https:\/\/noticiasemdestaque.com\/cd\/wp-content\/uploads\/2023\/12\/0-300x200.jpg\" alt=\"\" width=\"300\" height=\"200\" srcset=\"https:\/\/noticiasemdestaque.com\/cd\/wp-content\/uploads\/2023\/12\/0-300x200.jpg 300w, https:\/\/noticiasemdestaque.com\/cd\/wp-content\/uploads\/2023\/12\/0-1024x682.jpg 1024w, https:\/\/noticiasemdestaque.com\/cd\/wp-content\/uploads\/2023\/12\/0-768x512.jpg 768w, https:\/\/noticiasemdestaque.com\/cd\/wp-content\/uploads\/2023\/12\/0-1536x1023.jpg 1536w, https:\/\/noticiasemdestaque.com\/cd\/wp-content\/uploads\/2023\/12\/0-18x12.jpg 18w, https:\/\/noticiasemdestaque.com\/cd\/wp-content\/uploads\/2023\/12\/0.jpg 1600w\" sizes=\"(max-width: 300px) 100vw, 300px\" \/><\/a><\/p>\n<p>O vereador Cordeirinho Moto Pe\u00e7as apresentou Voto de Pesar \u00e0 fam\u00edlia do Senhor Sebasti\u00e3o Bezerra Oliveira (Seu Seb\u00e1 do Riach\u00e3o) e Voto de Pesar \u00e0 fam\u00edlia do Senhor Jos\u00e9 Carlos do Nascimento (Nego de Maro).<\/p>\n<p>Cordeirinho apresentou ainda, requerimento solicitando a aquisi\u00e7\u00e3o de c\u00e2meras de monitoramento para serem instaladas no Cemit\u00e9rio P\u00fablico Campo Santo, em pontos estrat\u00e9gicos para coibir a\u00e7\u00e3o de criminosos, que realizam furtos no local.<\/p>\n<p><a href=\"https:\/\/noticiasemdestaque.com\/cd\/wp-content\/uploads\/2023\/12\/5.jpg\"><img loading=\"lazy\" decoding=\"async\" class=\"size-medium wp-image-53487 aligncenter\" src=\"https:\/\/noticiasemdestaque.com\/cd\/wp-content\/uploads\/2023\/12\/5-291x300.jpg\" alt=\"\" width=\"291\" height=\"300\" srcset=\"https:\/\/noticiasemdestaque.com\/cd\/wp-content\/uploads\/2023\/12\/5-291x300.jpg 291w, https:\/\/noticiasemdestaque.com\/cd\/wp-content\/uploads\/2023\/12\/5-992x1024.jpg 992w, https:\/\/noticiasemdestaque.com\/cd\/wp-content\/uploads\/2023\/12\/5-768x793.jpg 768w, https:\/\/noticiasemdestaque.com\/cd\/wp-content\/uploads\/2023\/12\/5-1488x1536.jpg 1488w, https:\/\/noticiasemdestaque.com\/cd\/wp-content\/uploads\/2023\/12\/5-12x12.jpg 12w, https:\/\/noticiasemdestaque.com\/cd\/wp-content\/uploads\/2023\/12\/5.jpg 1550w\" sizes=\"(max-width: 291px) 100vw, 291px\" \/><\/a><\/p>\n<p>O vereador Francisco Fontinele apresentou Voto de Pesar \u00e0 fam\u00edlia do poeta Sebasti\u00e3o Dias. O vereador apresentou ainda, Voto de Aplauso \u00e0 Senhora Carla Mailde Feitosa Santa Cruz em prol da aprova\u00e7\u00e3o no doutorado em Educa\u00e7\u00e3o Contempor\u00e2nea na Universidade Federal de Pernambuco, na linha de pesquisa: Educa\u00e7\u00e3o e Diversidade. Com o projeto: O processo de fechamento das escolas do campo no munic\u00edpio de SUM\u00c9 PB entre os anos de 2015 e 2022: an\u00e1lise das manifesta\u00e7\u00f5es da colonialidade e da colonialidade nos processos educacionais.<\/p>\n<p>Fontinele solicitou ao gestor do munic\u00edpio de Sum\u00e9, \u00c9den Duarte, a constru\u00e7\u00e3o de rede de esgoto para a Rua Manoel Vicente Ara\u00fajo e a recupera\u00e7\u00e3o da est\u00e1tua do poeta Jos\u00e9 Marcolino, na Pra\u00e7a localizada na Rua Jos\u00e9 Paulino de Barros.<\/p>\n<p><a href=\"https:\/\/noticiasemdestaque.com\/cd\/wp-content\/uploads\/2023\/12\/01-2.jpg\"><img loading=\"lazy\" decoding=\"async\" class=\"size-medium wp-image-53488 aligncenter\" src=\"https:\/\/noticiasemdestaque.com\/cd\/wp-content\/uploads\/2023\/12\/01-2-300x293.jpg\" alt=\"\" width=\"300\" height=\"293\" srcset=\"https:\/\/noticiasemdestaque.com\/cd\/wp-content\/uploads\/2023\/12\/01-2-300x293.jpg 300w, https:\/\/noticiasemdestaque.com\/cd\/wp-content\/uploads\/2023\/12\/01-2-1024x998.jpg 1024w, https:\/\/noticiasemdestaque.com\/cd\/wp-content\/uploads\/2023\/12\/01-2-768x749.jpg 768w, https:\/\/noticiasemdestaque.com\/cd\/wp-content\/uploads\/2023\/12\/01-2-1536x1498.jpg 1536w, https:\/\/noticiasemdestaque.com\/cd\/wp-content\/uploads\/2023\/12\/01-2-12x12.jpg 12w, https:\/\/noticiasemdestaque.com\/cd\/wp-content\/uploads\/2023\/12\/01-2.jpg 1600w\" sizes=\"(max-width: 300px) 100vw, 300px\" \/><\/a><\/p>\n<p>O vereador Ivandro Produ\u00e7\u00f5es apresentou requerimento solicitando que todos os processos de licita\u00e7\u00f5es feitos por dispensa de licita\u00e7\u00e3o com base nas leis 14.133\/2021 ou 8.666\/1993 sejam devidamente publicados nos meios de comunica\u00e7\u00e3o oito dias antes do certame.<\/p>\n<p><a href=\"https:\/\/noticiasemdestaque.com\/cd\/wp-content\/uploads\/2023\/12\/02.jpg\"><img loading=\"lazy\" decoding=\"async\" class=\"size-medium wp-image-53489 aligncenter\" src=\"https:\/\/noticiasemdestaque.com\/cd\/wp-content\/uploads\/2023\/12\/02-294x300.jpg\" alt=\"\" width=\"294\" height=\"300\" srcset=\"https:\/\/noticiasemdestaque.com\/cd\/wp-content\/uploads\/2023\/12\/02-294x300.jpg 294w, https:\/\/noticiasemdestaque.com\/cd\/wp-content\/uploads\/2023\/12\/02-1005x1024.jpg 1005w, https:\/\/noticiasemdestaque.com\/cd\/wp-content\/uploads\/2023\/12\/02-768x783.jpg 768w, https:\/\/noticiasemdestaque.com\/cd\/wp-content\/uploads\/2023\/12\/02-1507x1536.jpg 1507w, https:\/\/noticiasemdestaque.com\/cd\/wp-content\/uploads\/2023\/12\/02-12x12.jpg 12w, https:\/\/noticiasemdestaque.com\/cd\/wp-content\/uploads\/2023\/12\/02.jpg 1570w\" sizes=\"(max-width: 294px) 100vw, 294px\" \/><\/a><\/p>\n<p>O presidente da C\u00e2mara de Vereadores, Daniel L\u00eala, apresentou Voto de Aplauso para a Agente de Desenvolvimento J\u00e9ssica da Silva Vieira, em prol da premia\u00e7\u00e3o do Selo Refer\u00eancia em Atendimento 2023 pelo SEBRAE, ganhadora do Selo Ouro, pelo segundo ano consecutivo. Premiada tamb\u00e9m, como Agente de Desenvolvimento que mais realizou atendimento a n\u00edvel Para\u00edba.<\/p>\n<p><a href=\"https:\/\/noticiasemdestaque.com\/cd\/wp-content\/uploads\/2023\/12\/6.jpg\"><img loading=\"lazy\" decoding=\"async\" class=\"size-medium wp-image-53490 aligncenter\" src=\"https:\/\/noticiasemdestaque.com\/cd\/wp-content\/uploads\/2023\/12\/6-200x300.jpg\" alt=\"\" width=\"200\" height=\"300\" srcset=\"https:\/\/noticiasemdestaque.com\/cd\/wp-content\/uploads\/2023\/12\/6-200x300.jpg 200w, https:\/\/noticiasemdestaque.com\/cd\/wp-content\/uploads\/2023\/12\/6-682x1024.jpg 682w, https:\/\/noticiasemdestaque.com\/cd\/wp-content\/uploads\/2023\/12\/6-768x1153.jpg 768w, https:\/\/noticiasemdestaque.com\/cd\/wp-content\/uploads\/2023\/12\/6-1023x1536.jpg 1023w, https:\/\/noticiasemdestaque.com\/cd\/wp-content\/uploads\/2023\/12\/6-8x12.jpg 8w, https:\/\/noticiasemdestaque.com\/cd\/wp-content\/uploads\/2023\/12\/6.jpg 1066w\" sizes=\"(max-width: 200px) 100vw, 200px\" \/><\/a><\/p>\n<p>O vereador Dida Alves apresentou Voto de Aplauso \u00e0 Professora Shirlene de Sousa Arag\u00e3o Bernardo e aos alunos do IFPB, Campus Monteiro: Gilberto Gomes de Farias Neto, Maria Luiza Ramos da Cruz, Julia Jenifer da Silva Santos e Lavinia Gabriele do Nascimento Silva pela Premia\u00e7\u00e3o do Cordel \u201cPainho Noel e o Natal\u201d, do Concurso de Literatura de Cordel do Natal Usina.<\/p>\n<p>Fonte: Ascom\/C\u00e2mara<\/p>\n","protected":false},"excerpt":{"rendered":"<p>Na noite desta ter\u00e7a-feira (12), aconteceu a sess\u00e3o semanal do Poder Legislativo do munic\u00edpio de Sum\u00e9. Foi aprovado o projeto de lei 828\/2023, de autoria do Poder Executivo, que fica nomeado o pr\u00e9dio p\u00fablico da Secretaria de Educa\u00e7\u00e3o do Munic\u00edpio de Sum\u00e9 (PB), situado na Avenida 1\u00ba de Abril, n\u00ba 444 \u2013 Centro, com o nome de Leonardo Guilherme D\u2019Oliveira Santos. Os vereadores aprovaram o projeto de lei 830\/2023, de autoria do Poder Executivo, que autoriza o munic\u00edpio a abrir cr\u00e9dito adicional especial, no montante de R$ 711.321,31 (Setecentos e onze mil, trezentos e vinte e um reais e trinta e um centavos), destinados ao esfor\u00e7o de dota\u00e7\u00e3o do or\u00e7amento p\u00fablico do munic\u00edpio. Foi aprovado o projeto de lei 827\/2023, de autoria do vereador Jos\u00e9 Ant\u00f4nio, que denomina de Rua Maria do Socorro de Ara\u00fajo (Nega T\u00f4), a Rua Projetada 20, localizada no Loteamento Flor do Cariri, Bairro Alvorada, paralelamente as Ruas Projetadas 24 e 15 e perpendicularmente \u00e0s Ruas Projetadas 17, 18, 21, 23, 25 e 26. O vereador Cordeirinho Moto Pe\u00e7as apresentou Voto de Pesar \u00e0 fam\u00edlia do Senhor Sebasti\u00e3o Bezerra Oliveira (Seu Seb\u00e1 do Riach\u00e3o) e Voto de Pesar \u00e0 fam\u00edlia do Senhor Jos\u00e9 Carlos do Nascimento (Nego de Maro). Cordeirinho apresentou ainda, requerimento solicitando a aquisi\u00e7\u00e3o de c\u00e2meras de monitoramento para serem instaladas no Cemit\u00e9rio P\u00fablico Campo Santo, em pontos estrat\u00e9gicos para coibir a\u00e7\u00e3o de criminosos, que realizam furtos no local. O vereador Francisco Fontinele apresentou Voto de Pesar \u00e0 fam\u00edlia do poeta Sebasti\u00e3o Dias. O vereador apresentou ainda, Voto de Aplauso \u00e0 Senhora Carla Mailde Feitosa Santa Cruz em prol da aprova\u00e7\u00e3o no doutorado em Educa\u00e7\u00e3o Contempor\u00e2nea na Universidade Federal de Pernambuco, na linha de pesquisa: Educa\u00e7\u00e3o e Diversidade. Com o projeto: O processo de fechamento das escolas do campo no munic\u00edpio de SUM\u00c9 PB entre os anos de 2015 e 2022: an\u00e1lise das manifesta\u00e7\u00f5es da colonialidade e da colonialidade nos processos educacionais. Fontinele solicitou ao gestor do munic\u00edpio de Sum\u00e9, \u00c9den Duarte, a constru\u00e7\u00e3o de rede de esgoto para a Rua Manoel Vicente Ara\u00fajo e a recupera\u00e7\u00e3o da est\u00e1tua do poeta Jos\u00e9 Marcolino, na Pra\u00e7a localizada na Rua Jos\u00e9 Paulino de Barros. O vereador Ivandro Produ\u00e7\u00f5es apresentou requerimento solicitando que todos os processos de licita\u00e7\u00f5es feitos por dispensa de licita\u00e7\u00e3o com base nas leis 14.133\/2021 ou 8.666\/1993 sejam devidamente publicados nos meios de comunica\u00e7\u00e3o oito dias antes do certame. O presidente da C\u00e2mara de Vereadores, Daniel L\u00eala, apresentou Voto de Aplauso para a Agente de Desenvolvimento J\u00e9ssica da Silva Vieira, em prol da premia\u00e7\u00e3o do Selo Refer\u00eancia em Atendimento 2023 pelo SEBRAE, ganhadora do Selo Ouro, pelo segundo ano consecutivo. Premiada tamb\u00e9m, como Agente de Desenvolvimento que mais realizou atendimento a n\u00edvel Para\u00edba. O vereador Dida Alves apresentou Voto de Aplauso \u00e0 Professora Shirlene de Sousa Arag\u00e3o Bernardo e aos alunos do IFPB, Campus Monteiro: Gilberto Gomes de Farias Neto, Maria Luiza Ramos da Cruz, Julia Jenifer da Silva Santos e Lavinia Gabriele do Nascimento Silva pela Premia\u00e7\u00e3o do Cordel \u201cPainho Noel e o Natal\u201d, do Concurso de Literatura de Cordel do Natal Usina. Fonte: Ascom\/C\u00e2mara<\/p>\n","protected":false},"author":2,"featured_media":53484,"comment_status":"closed","ping_status":"open","sticky":false,"template":"","format":"standard","meta":{"_eb_attr":"","_jetpack_memberships_contains_paid_content":false,"footnotes":""},"categories":[4],"tags":[],"class_list":["post-53483","post","type-post","status-publish","format-standard","has-post-thumbnail","hentry","category-politica"],"yoast_head":"<!-- This site is optimized with the Yoast SEO plugin v26.5 - https:\/\/yoast.com\/wordpress\/plugins\/seo\/ -->\n<title>C\u00e2mara de Sum\u00e9 realiza sess\u00e3o e aprova projetos e requerimentos - Not&iacute;cias em Destaque<\/title>\n<meta name=\"robots\" content=\"index, follow, max-snippet:-1, max-image-preview:large, max-video-preview:-1\" \/>\n<link rel=\"canonical\" href=\"https:\/\/noticiasemdestaque.com\/cd\/?p=53483\" \/>\n<meta property=\"og:locale\" content=\"pt_BR\" \/>\n<meta property=\"og:type\" content=\"article\" \/>\n<meta property=\"og:title\" content=\"C\u00e2mara de Sum\u00e9 realiza sess\u00e3o e aprova projetos e requerimentos - Not&iacute;cias em Destaque\" \/>\n<meta property=\"og:description\" content=\"Na noite desta ter\u00e7a-feira (12), aconteceu a sess\u00e3o semanal do Poder Legislativo do munic\u00edpio de Sum\u00e9. Foi aprovado o projeto de lei 828\/2023, de autoria do Poder Executivo, que fica nomeado o pr\u00e9dio p\u00fablico da Secretaria de Educa\u00e7\u00e3o do Munic\u00edpio de Sum\u00e9 (PB), situado na Avenida 1\u00ba de Abril, n\u00ba 444 \u2013 Centro, com o nome de Leonardo Guilherme D\u2019Oliveira Santos. Os vereadores aprovaram o projeto de lei 830\/2023, de autoria do Poder Executivo, que autoriza o munic\u00edpio a abrir cr\u00e9dito adicional especial, no montante de R$ 711.321,31 (Setecentos e onze mil, trezentos e vinte e um reais e trinta e um centavos), destinados ao esfor\u00e7o de dota\u00e7\u00e3o do or\u00e7amento p\u00fablico do munic\u00edpio. Foi aprovado o projeto de lei 827\/2023, de autoria do vereador Jos\u00e9 Ant\u00f4nio, que denomina de Rua Maria do Socorro de Ara\u00fajo (Nega T\u00f4), a Rua Projetada 20, localizada no Loteamento Flor do Cariri, Bairro Alvorada, paralelamente as Ruas Projetadas 24 e 15 e perpendicularmente \u00e0s Ruas Projetadas 17, 18, 21, 23, 25 e 26. O vereador Cordeirinho Moto Pe\u00e7as apresentou Voto de Pesar \u00e0 fam\u00edlia do Senhor Sebasti\u00e3o Bezerra Oliveira (Seu Seb\u00e1 do Riach\u00e3o) e Voto de Pesar \u00e0 fam\u00edlia do Senhor Jos\u00e9 Carlos do Nascimento (Nego de Maro). Cordeirinho apresentou ainda, requerimento solicitando a aquisi\u00e7\u00e3o de c\u00e2meras de monitoramento para serem instaladas no Cemit\u00e9rio P\u00fablico Campo Santo, em pontos estrat\u00e9gicos para coibir a\u00e7\u00e3o de criminosos, que realizam furtos no local. O vereador Francisco Fontinele apresentou Voto de Pesar \u00e0 fam\u00edlia do poeta Sebasti\u00e3o Dias. O vereador apresentou ainda, Voto de Aplauso \u00e0 Senhora Carla Mailde Feitosa Santa Cruz em prol da aprova\u00e7\u00e3o no doutorado em Educa\u00e7\u00e3o Contempor\u00e2nea na Universidade Federal de Pernambuco, na linha de pesquisa: Educa\u00e7\u00e3o e Diversidade. Com o projeto: O processo de fechamento das escolas do campo no munic\u00edpio de SUM\u00c9 PB entre os anos de 2015 e 2022: an\u00e1lise das manifesta\u00e7\u00f5es da colonialidade e da colonialidade nos processos educacionais. Fontinele solicitou ao gestor do munic\u00edpio de Sum\u00e9, \u00c9den Duarte, a constru\u00e7\u00e3o de rede de esgoto para a Rua Manoel Vicente Ara\u00fajo e a recupera\u00e7\u00e3o da est\u00e1tua do poeta Jos\u00e9 Marcolino, na Pra\u00e7a localizada na Rua Jos\u00e9 Paulino de Barros. O vereador Ivandro Produ\u00e7\u00f5es apresentou requerimento solicitando que todos os processos de licita\u00e7\u00f5es feitos por dispensa de licita\u00e7\u00e3o com base nas leis 14.133\/2021 ou 8.666\/1993 sejam devidamente publicados nos meios de comunica\u00e7\u00e3o oito dias antes do certame. O presidente da C\u00e2mara de Vereadores, Daniel L\u00eala, apresentou Voto de Aplauso para a Agente de Desenvolvimento J\u00e9ssica da Silva Vieira, em prol da premia\u00e7\u00e3o do Selo Refer\u00eancia em Atendimento 2023 pelo SEBRAE, ganhadora do Selo Ouro, pelo segundo ano consecutivo. Premiada tamb\u00e9m, como Agente de Desenvolvimento que mais realizou atendimento a n\u00edvel Para\u00edba. O vereador Dida Alves apresentou Voto de Aplauso \u00e0 Professora Shirlene de Sousa Arag\u00e3o Bernardo e aos alunos do IFPB, Campus Monteiro: Gilberto Gomes de Farias Neto, Maria Luiza Ramos da Cruz, Julia Jenifer da Silva Santos e Lavinia Gabriele do Nascimento Silva pela Premia\u00e7\u00e3o do Cordel \u201cPainho Noel e o Natal\u201d, do Concurso de Literatura de Cordel do Natal Usina. Fonte: Ascom\/C\u00e2mara\" \/>\n<meta property=\"og:url\" content=\"https:\/\/noticiasemdestaque.com\/cd\/?p=53483\" \/>\n<meta property=\"og:site_name\" content=\"Not&iacute;cias em Destaque\" \/>\n<meta property=\"article:published_time\" content=\"2023-12-14T12:47:38+00:00\" \/>\n<meta property=\"og:image\" content=\"https:\/\/noticiasemdestaque.com\/cd\/wp-content\/uploads\/2023\/12\/capa-2.jpg\" \/>\n\t<meta property=\"og:image:width\" content=\"1600\" \/>\n\t<meta property=\"og:image:height\" content=\"1066\" \/>\n\t<meta property=\"og:image:type\" content=\"image\/jpeg\" \/>\n<meta name=\"author\" content=\"Not\u00edcias em Destaque\" \/>\n<meta name=\"twitter:card\" content=\"summary_large_image\" \/>\n<meta name=\"twitter:label1\" content=\"Escrito por\" \/>\n\t<meta name=\"twitter:data1\" content=\"Not\u00edcias em Destaque\" \/>\n\t<meta name=\"twitter:label2\" content=\"Est. tempo de leitura\" \/>\n\t<meta name=\"twitter:data2\" content=\"5 minutos\" \/>\n<script type=\"application\/ld+json\" class=\"yoast-schema-graph\">{\"@context\":\"https:\/\/schema.org\",\"@graph\":[{\"@type\":\"Article\",\"@id\":\"https:\/\/noticiasemdestaque.com\/cd\/?p=53483#article\",\"isPartOf\":{\"@id\":\"https:\/\/noticiasemdestaque.com\/cd\/?p=53483\"},\"author\":{\"name\":\"Not\u00edcias em Destaque\",\"@id\":\"https:\/\/noticiasemdestaque.com\/cd\/#\/schema\/person\/21320b03a7e8bb90128938dafc9b908a\"},\"headline\":\"C\u00e2mara de Sum\u00e9 realiza sess\u00e3o e aprova projetos e requerimentos\",\"datePublished\":\"2023-12-14T12:47:38+00:00\",\"mainEntityOfPage\":{\"@id\":\"https:\/\/noticiasemdestaque.com\/cd\/?p=53483\"},\"wordCount\":556,\"publisher\":{\"@id\":\"https:\/\/noticiasemdestaque.com\/cd\/#organization\"},\"image\":{\"@id\":\"https:\/\/noticiasemdestaque.com\/cd\/?p=53483#primaryimage\"},\"thumbnailUrl\":\"https:\/\/noticiasemdestaque.com\/cd\/wp-content\/uploads\/2023\/12\/capa-2.jpg\",\"articleSection\":[\"Pol\u00edtica\"],\"inLanguage\":\"pt-BR\"},{\"@type\":\"WebPage\",\"@id\":\"https:\/\/noticiasemdestaque.com\/cd\/?p=53483\",\"url\":\"https:\/\/noticiasemdestaque.com\/cd\/?p=53483\",\"name\":\"C\u00e2mara de Sum\u00e9 realiza sess\u00e3o e aprova projetos e requerimentos - Not&iacute;cias em Destaque\",\"isPartOf\":{\"@id\":\"https:\/\/noticiasemdestaque.com\/cd\/#website\"},\"primaryImageOfPage\":{\"@id\":\"https:\/\/noticiasemdestaque.com\/cd\/?p=53483#primaryimage\"},\"image\":{\"@id\":\"https:\/\/noticiasemdestaque.com\/cd\/?p=53483#primaryimage\"},\"thumbnailUrl\":\"https:\/\/noticiasemdestaque.com\/cd\/wp-content\/uploads\/2023\/12\/capa-2.jpg\",\"datePublished\":\"2023-12-14T12:47:38+00:00\",\"breadcrumb\":{\"@id\":\"https:\/\/noticiasemdestaque.com\/cd\/?p=53483#breadcrumb\"},\"inLanguage\":\"pt-BR\",\"potentialAction\":[{\"@type\":\"ReadAction\",\"target\":[\"https:\/\/noticiasemdestaque.com\/cd\/?p=53483\"]}]},{\"@type\":\"ImageObject\",\"inLanguage\":\"pt-BR\",\"@id\":\"https:\/\/noticiasemdestaque.com\/cd\/?p=53483#primaryimage\",\"url\":\"https:\/\/noticiasemdestaque.com\/cd\/wp-content\/uploads\/2023\/12\/capa-2.jpg\",\"contentUrl\":\"https:\/\/noticiasemdestaque.com\/cd\/wp-content\/uploads\/2023\/12\/capa-2.jpg\",\"width\":1600,\"height\":1066},{\"@type\":\"BreadcrumbList\",\"@id\":\"https:\/\/noticiasemdestaque.com\/cd\/?p=53483#breadcrumb\",\"itemListElement\":[{\"@type\":\"ListItem\",\"position\":1,\"name\":\"In\u00edcio\",\"item\":\"https:\/\/noticiasemdestaque.com\/cd\/\"},{\"@type\":\"ListItem\",\"position\":2,\"name\":\"C\u00e2mara de Sum\u00e9 realiza sess\u00e3o e aprova projetos e requerimentos\"}]},{\"@type\":\"WebSite\",\"@id\":\"https:\/\/noticiasemdestaque.com\/cd\/#website\",\"url\":\"https:\/\/noticiasemdestaque.com\/cd\/\",\"name\":\"Not&iacute;cias em Destaque\",\"description\":\"\",\"publisher\":{\"@id\":\"https:\/\/noticiasemdestaque.com\/cd\/#organization\"},\"potentialAction\":[{\"@type\":\"SearchAction\",\"target\":{\"@type\":\"EntryPoint\",\"urlTemplate\":\"https:\/\/noticiasemdestaque.com\/cd\/?s={search_term_string}\"},\"query-input\":{\"@type\":\"PropertyValueSpecification\",\"valueRequired\":true,\"valueName\":\"search_term_string\"}}],\"inLanguage\":\"pt-BR\"},{\"@type\":\"Organization\",\"@id\":\"https:\/\/noticiasemdestaque.com\/cd\/#organization\",\"name\":\"Not\u00edcias em Destaque\",\"url\":\"https:\/\/noticiasemdestaque.com\/cd\/\",\"logo\":{\"@type\":\"ImageObject\",\"inLanguage\":\"pt-BR\",\"@id\":\"https:\/\/noticiasemdestaque.com\/cd\/#\/schema\/logo\/image\/\",\"url\":\"https:\/\/noticiasemdestaque.com\/cd\/wp-content\/uploads\/2022\/05\/imagem-base-noticiasemdestaque.png\",\"contentUrl\":\"https:\/\/noticiasemdestaque.com\/cd\/wp-content\/uploads\/2022\/05\/imagem-base-noticiasemdestaque.png\",\"width\":1200,\"height\":630,\"caption\":\"Not\u00edcias em Destaque\"},\"image\":{\"@id\":\"https:\/\/noticiasemdestaque.com\/cd\/#\/schema\/logo\/image\/\"}},{\"@type\":\"Person\",\"@id\":\"https:\/\/noticiasemdestaque.com\/cd\/#\/schema\/person\/21320b03a7e8bb90128938dafc9b908a\",\"name\":\"Not\u00edcias em Destaque\",\"url\":\"https:\/\/noticiasemdestaque.com\/cd\/?author=2\"}]}<\/script>\n<!-- \/ Yoast SEO plugin. -->","yoast_head_json":{"title":"C\u00e2mara de Sum\u00e9 realiza sess\u00e3o e aprova projetos e requerimentos - Not&iacute;cias em Destaque","robots":{"index":"index","follow":"follow","max-snippet":"max-snippet:-1","max-image-preview":"max-image-preview:large","max-video-preview":"max-video-preview:-1"},"canonical":"https:\/\/noticiasemdestaque.com\/cd\/?p=53483","og_locale":"pt_BR","og_type":"article","og_title":"C\u00e2mara de Sum\u00e9 realiza sess\u00e3o e aprova projetos e requerimentos - Not&iacute;cias em Destaque","og_description":"Na noite desta ter\u00e7a-feira (12), aconteceu a sess\u00e3o semanal do Poder Legislativo do munic\u00edpio de Sum\u00e9. Foi aprovado o projeto de lei 828\/2023, de autoria do Poder Executivo, que fica nomeado o pr\u00e9dio p\u00fablico da Secretaria de Educa\u00e7\u00e3o do Munic\u00edpio de Sum\u00e9 (PB), situado na Avenida 1\u00ba de Abril, n\u00ba 444 \u2013 Centro, com o nome de Leonardo Guilherme D\u2019Oliveira Santos. Os vereadores aprovaram o projeto de lei 830\/2023, de autoria do Poder Executivo, que autoriza o munic\u00edpio a abrir cr\u00e9dito adicional especial, no montante de R$ 711.321,31 (Setecentos e onze mil, trezentos e vinte e um reais e trinta e um centavos), destinados ao esfor\u00e7o de dota\u00e7\u00e3o do or\u00e7amento p\u00fablico do munic\u00edpio. Foi aprovado o projeto de lei 827\/2023, de autoria do vereador Jos\u00e9 Ant\u00f4nio, que denomina de Rua Maria do Socorro de Ara\u00fajo (Nega T\u00f4), a Rua Projetada 20, localizada no Loteamento Flor do Cariri, Bairro Alvorada, paralelamente as Ruas Projetadas 24 e 15 e perpendicularmente \u00e0s Ruas Projetadas 17, 18, 21, 23, 25 e 26. O vereador Cordeirinho Moto Pe\u00e7as apresentou Voto de Pesar \u00e0 fam\u00edlia do Senhor Sebasti\u00e3o Bezerra Oliveira (Seu Seb\u00e1 do Riach\u00e3o) e Voto de Pesar \u00e0 fam\u00edlia do Senhor Jos\u00e9 Carlos do Nascimento (Nego de Maro). Cordeirinho apresentou ainda, requerimento solicitando a aquisi\u00e7\u00e3o de c\u00e2meras de monitoramento para serem instaladas no Cemit\u00e9rio P\u00fablico Campo Santo, em pontos estrat\u00e9gicos para coibir a\u00e7\u00e3o de criminosos, que realizam furtos no local. O vereador Francisco Fontinele apresentou Voto de Pesar \u00e0 fam\u00edlia do poeta Sebasti\u00e3o Dias. O vereador apresentou ainda, Voto de Aplauso \u00e0 Senhora Carla Mailde Feitosa Santa Cruz em prol da aprova\u00e7\u00e3o no doutorado em Educa\u00e7\u00e3o Contempor\u00e2nea na Universidade Federal de Pernambuco, na linha de pesquisa: Educa\u00e7\u00e3o e Diversidade. Com o projeto: O processo de fechamento das escolas do campo no munic\u00edpio de SUM\u00c9 PB entre os anos de 2015 e 2022: an\u00e1lise das manifesta\u00e7\u00f5es da colonialidade e da colonialidade nos processos educacionais. Fontinele solicitou ao gestor do munic\u00edpio de Sum\u00e9, \u00c9den Duarte, a constru\u00e7\u00e3o de rede de esgoto para a Rua Manoel Vicente Ara\u00fajo e a recupera\u00e7\u00e3o da est\u00e1tua do poeta Jos\u00e9 Marcolino, na Pra\u00e7a localizada na Rua Jos\u00e9 Paulino de Barros. O vereador Ivandro Produ\u00e7\u00f5es apresentou requerimento solicitando que todos os processos de licita\u00e7\u00f5es feitos por dispensa de licita\u00e7\u00e3o com base nas leis 14.133\/2021 ou 8.666\/1993 sejam devidamente publicados nos meios de comunica\u00e7\u00e3o oito dias antes do certame. O presidente da C\u00e2mara de Vereadores, Daniel L\u00eala, apresentou Voto de Aplauso para a Agente de Desenvolvimento J\u00e9ssica da Silva Vieira, em prol da premia\u00e7\u00e3o do Selo Refer\u00eancia em Atendimento 2023 pelo SEBRAE, ganhadora do Selo Ouro, pelo segundo ano consecutivo. Premiada tamb\u00e9m, como Agente de Desenvolvimento que mais realizou atendimento a n\u00edvel Para\u00edba. O vereador Dida Alves apresentou Voto de Aplauso \u00e0 Professora Shirlene de Sousa Arag\u00e3o Bernardo e aos alunos do IFPB, Campus Monteiro: Gilberto Gomes de Farias Neto, Maria Luiza Ramos da Cruz, Julia Jenifer da Silva Santos e Lavinia Gabriele do Nascimento Silva pela Premia\u00e7\u00e3o do Cordel \u201cPainho Noel e o Natal\u201d, do Concurso de Literatura de Cordel do Natal Usina. Fonte: Ascom\/C\u00e2mara","og_url":"https:\/\/noticiasemdestaque.com\/cd\/?p=53483","og_site_name":"Not&iacute;cias em Destaque","article_published_time":"2023-12-14T12:47:38+00:00","og_image":[{"width":1600,"height":1066,"url":"https:\/\/noticiasemdestaque.com\/cd\/wp-content\/uploads\/2023\/12\/capa-2.jpg","type":"image\/jpeg"}],"author":"Not\u00edcias em Destaque","twitter_card":"summary_large_image","twitter_misc":{"Escrito por":"Not\u00edcias em Destaque","Est. tempo de leitura":"5 minutos"},"schema":{"@context":"https:\/\/schema.org","@graph":[{"@type":"Article","@id":"https:\/\/noticiasemdestaque.com\/cd\/?p=53483#article","isPartOf":{"@id":"https:\/\/noticiasemdestaque.com\/cd\/?p=53483"},"author":{"name":"Not\u00edcias em Destaque","@id":"https:\/\/noticiasemdestaque.com\/cd\/#\/schema\/person\/21320b03a7e8bb90128938dafc9b908a"},"headline":"C\u00e2mara de Sum\u00e9 realiza sess\u00e3o e aprova projetos e requerimentos","datePublished":"2023-12-14T12:47:38+00:00","mainEntityOfPage":{"@id":"https:\/\/noticiasemdestaque.com\/cd\/?p=53483"},"wordCount":556,"publisher":{"@id":"https:\/\/noticiasemdestaque.com\/cd\/#organization"},"image":{"@id":"https:\/\/noticiasemdestaque.com\/cd\/?p=53483#primaryimage"},"thumbnailUrl":"https:\/\/noticiasemdestaque.com\/cd\/wp-content\/uploads\/2023\/12\/capa-2.jpg","articleSection":["Pol\u00edtica"],"inLanguage":"pt-BR"},{"@type":"WebPage","@id":"https:\/\/noticiasemdestaque.com\/cd\/?p=53483","url":"https:\/\/noticiasemdestaque.com\/cd\/?p=53483","name":"C\u00e2mara de Sum\u00e9 realiza sess\u00e3o e aprova projetos e requerimentos - Not&iacute;cias em Destaque","isPartOf":{"@id":"https:\/\/noticiasemdestaque.com\/cd\/#website"},"primaryImageOfPage":{"@id":"https:\/\/noticiasemdestaque.com\/cd\/?p=53483#primaryimage"},"image":{"@id":"https:\/\/noticiasemdestaque.com\/cd\/?p=53483#primaryimage"},"thumbnailUrl":"https:\/\/noticiasemdestaque.com\/cd\/wp-content\/uploads\/2023\/12\/capa-2.jpg","datePublished":"2023-12-14T12:47:38+00:00","breadcrumb":{"@id":"https:\/\/noticiasemdestaque.com\/cd\/?p=53483#breadcrumb"},"inLanguage":"pt-BR","potentialAction":[{"@type":"ReadAction","target":["https:\/\/noticiasemdestaque.com\/cd\/?p=53483"]}]},{"@type":"ImageObject","inLanguage":"pt-BR","@id":"https:\/\/noticiasemdestaque.com\/cd\/?p=53483#primaryimage","url":"https:\/\/noticiasemdestaque.com\/cd\/wp-content\/uploads\/2023\/12\/capa-2.jpg","contentUrl":"https:\/\/noticiasemdestaque.com\/cd\/wp-content\/uploads\/2023\/12\/capa-2.jpg","width":1600,"height":1066},{"@type":"BreadcrumbList","@id":"https:\/\/noticiasemdestaque.com\/cd\/?p=53483#breadcrumb","itemListElement":[{"@type":"ListItem","position":1,"name":"In\u00edcio","item":"https:\/\/noticiasemdestaque.com\/cd\/"},{"@type":"ListItem","position":2,"name":"C\u00e2mara de Sum\u00e9 realiza sess\u00e3o e aprova projetos e requerimentos"}]},{"@type":"WebSite","@id":"https:\/\/noticiasemdestaque.com\/cd\/#website","url":"https:\/\/noticiasemdestaque.com\/cd\/","name":"Not&iacute;cias em Destaque","description":"","publisher":{"@id":"https:\/\/noticiasemdestaque.com\/cd\/#organization"},"potentialAction":[{"@type":"SearchAction","target":{"@type":"EntryPoint","urlTemplate":"https:\/\/noticiasemdestaque.com\/cd\/?s={search_term_string}"},"query-input":{"@type":"PropertyValueSpecification","valueRequired":true,"valueName":"search_term_string"}}],"inLanguage":"pt-BR"},{"@type":"Organization","@id":"https:\/\/noticiasemdestaque.com\/cd\/#organization","name":"Not\u00edcias em Destaque","url":"https:\/\/noticiasemdestaque.com\/cd\/","logo":{"@type":"ImageObject","inLanguage":"pt-BR","@id":"https:\/\/noticiasemdestaque.com\/cd\/#\/schema\/logo\/image\/","url":"https:\/\/noticiasemdestaque.com\/cd\/wp-content\/uploads\/2022\/05\/imagem-base-noticiasemdestaque.png","contentUrl":"https:\/\/noticiasemdestaque.com\/cd\/wp-content\/uploads\/2022\/05\/imagem-base-noticiasemdestaque.png","width":1200,"height":630,"caption":"Not\u00edcias em Destaque"},"image":{"@id":"https:\/\/noticiasemdestaque.com\/cd\/#\/schema\/logo\/image\/"}},{"@type":"Person","@id":"https:\/\/noticiasemdestaque.com\/cd\/#\/schema\/person\/21320b03a7e8bb90128938dafc9b908a","name":"Not\u00edcias em Destaque","url":"https:\/\/noticiasemdestaque.com\/cd\/?author=2"}]}},"jetpack_featured_media_url":"https:\/\/noticiasemdestaque.com\/cd\/wp-content\/uploads\/2023\/12\/capa-2.jpg","jetpack_sharing_enabled":true,"_links":{"self":[{"href":"https:\/\/noticiasemdestaque.com\/cd\/index.php?rest_route=\/wp\/v2\/posts\/53483","targetHints":{"allow":["GET"]}}],"collection":[{"href":"https:\/\/noticiasemdestaque.com\/cd\/index.php?rest_route=\/wp\/v2\/posts"}],"about":[{"href":"https:\/\/noticiasemdestaque.com\/cd\/index.php?rest_route=\/wp\/v2\/types\/post"}],"author":[{"embeddable":true,"href":"https:\/\/noticiasemdestaque.com\/cd\/index.php?rest_route=\/wp\/v2\/users\/2"}],"replies":[{"embeddable":true,"href":"https:\/\/noticiasemdestaque.com\/cd\/index.php?rest_route=%2Fwp%2Fv2%2Fcomments&post=53483"}],"version-history":[{"count":1,"href":"https:\/\/noticiasemdestaque.com\/cd\/index.php?rest_route=\/wp\/v2\/posts\/53483\/revisions"}],"predecessor-version":[{"id":53491,"href":"https:\/\/noticiasemdestaque.com\/cd\/index.php?rest_route=\/wp\/v2\/posts\/53483\/revisions\/53491"}],"wp:featuredmedia":[{"embeddable":true,"href":"https:\/\/noticiasemdestaque.com\/cd\/index.php?rest_route=\/wp\/v2\/media\/53484"}],"wp:attachment":[{"href":"https:\/\/noticiasemdestaque.com\/cd\/index.php?rest_route=%2Fwp%2Fv2%2Fmedia&parent=53483"}],"wp:term":[{"taxonomy":"category","embeddable":true,"href":"https:\/\/noticiasemdestaque.com\/cd\/index.php?rest_route=%2Fwp%2Fv2%2Fcategories&post=53483"},{"taxonomy":"post_tag","embeddable":true,"href":"https:\/\/noticiasemdestaque.com\/cd\/index.php?rest_route=%2Fwp%2Fv2%2Ftags&post=53483"}],"curies":[{"name":"wp","href":"https:\/\/api.w.org\/{rel}","templated":true}]}}