{"id":5341,"date":"2017-10-21T16:05:55","date_gmt":"2017-10-21T19:05:55","guid":{"rendered":"http:\/\/caririemdestaque.com\/cd\/?p=5341"},"modified":"2017-10-21T16:05:55","modified_gmt":"2017-10-21T19:05:55","slug":"percepcao-de-pouco-risco-de-doencas-faz-jovens-nao-se-protegerem-durante-o-sexo","status":"publish","type":"post","link":"https:\/\/noticiasemdestaque.com\/cd\/?p=5341","title":{"rendered":"Percep\u00e7\u00e3o de pouco risco de doen\u00e7as faz jovens n\u00e3o se protegerem durante o sexo"},"content":{"rendered":"<p><a href=\"http:\/\/caririemdestaque.com\/cd\/wp-content\/uploads\/2017\/10\/camisinha.jpg\"><img decoding=\"async\" class=\"size-thumbnail wp-image-5342 alignleft\" src=\"http:\/\/caririemdestaque.com\/cd\/wp-content\/uploads\/2017\/10\/camisinha-150x150.jpg\" alt=\"\" width=\"150\" height=\"150\" \/><\/a>A ampla divulga\u00e7\u00e3o de que a aids \u00e9 uma doen\u00e7a que tem tratamento eficaz d\u00e1 \u00e0s pessoas, principalmente aos jovens, a falsa sensa\u00e7\u00e3o de prote\u00e7\u00e3o e faz com que elas n\u00e3o se protejam corretamente contra essa e outras Infec\u00e7\u00f5es Sexualmente Transmiss\u00edveis (ISTs). A afirma\u00e7\u00e3o \u00e9 da infectologista do Comit\u00ea de HIV\/Aids da Sociedade Brasileira de Infectologia (SBI), T\u00e2nia Vergara.<\/p>\n<p>A especialista alerta que essa percep\u00e7\u00e3o de \u201cpouco risco de morte\u201d por aids \u00e9 equivocada e n\u00e3o pode ser confundida com uma seguran\u00e7a de exposi\u00e7\u00e3o indiscriminada ao v\u00edrus. \u201cA cura da aids n\u00e3o \u00e9 uma realidade ainda. E se n\u00e3o se trata corretamente essa doen\u00e7a, que tem um potencial alto de mortalidade, ela vai ocorrer. O desenvolvimento natural da doen\u00e7a sem controle \u00e9 para a morte\u201d.<\/p>\n<p>Segundo dados do Minist\u00e9rio da Sa\u00fade, de 2007 a junho de 2016 foram notificados no Sistema de Informa\u00e7\u00e3o de Agravos de Notifica\u00e7\u00e3o (Sinan) 136.945 casos de infec\u00e7\u00e3o pelo HIV no Brasil. A maioria (52,3%) dos casos ocorre em pessoas na faixa et\u00e1ria de 20 a 34 anos. Nos \u00faltimos cinco anos, o Brasil tem registrado uma m\u00e9dia anual de 41,1 mil casos de aids.<\/p>\n<p><strong><em>Cariri em Destaque<\/em><\/strong><\/p>\n<p>Com EBC<\/p>\n","protected":false},"excerpt":{"rendered":"<p>A ampla divulga\u00e7\u00e3o de que a aids \u00e9 uma doen\u00e7a que tem tratamento eficaz d\u00e1 \u00e0s pessoas, principalmente aos jovens, a falsa sensa\u00e7\u00e3o de prote\u00e7\u00e3o e faz com que elas n\u00e3o se protejam corretamente contra essa e outras Infec\u00e7\u00f5es Sexualmente Transmiss\u00edveis (ISTs). A afirma\u00e7\u00e3o \u00e9 da infectologista do Comit\u00ea de HIV\/Aids da Sociedade Brasileira de Infectologia (SBI), T\u00e2nia Vergara. A especialista alerta que essa percep\u00e7\u00e3o de \u201cpouco risco de morte\u201d por aids \u00e9 equivocada e n\u00e3o pode ser confundida com uma seguran\u00e7a de exposi\u00e7\u00e3o indiscriminada ao v\u00edrus. \u201cA cura da aids n\u00e3o \u00e9 uma realidade ainda. E se n\u00e3o se trata corretamente essa doen\u00e7a, que tem um potencial alto de mortalidade, ela vai ocorrer. O desenvolvimento natural da doen\u00e7a sem controle \u00e9 para a morte\u201d. Segundo dados do Minist\u00e9rio da Sa\u00fade, de 2007 a junho de 2016 foram notificados no Sistema de Informa\u00e7\u00e3o de Agravos de Notifica\u00e7\u00e3o (Sinan) 136.945 casos de infec\u00e7\u00e3o pelo HIV no Brasil. A maioria (52,3%) dos casos ocorre em pessoas na faixa et\u00e1ria de 20 a 34 anos. Nos \u00faltimos cinco anos, o Brasil tem registrado uma m\u00e9dia anual de 41,1 mil casos de aids. Cariri em Destaque Com EBC<\/p>\n","protected":false},"author":2,"featured_media":5342,"comment_status":"closed","ping_status":"open","sticky":false,"template":"","format":"standard","meta":{"_eb_attr":"","_jetpack_memberships_contains_paid_content":false,"footnotes":""},"categories":[8],"tags":[],"class_list":["post-5341","post","type-post","status-publish","format-standard","has-post-thumbnail","hentry","category-saude"],"yoast_head":"<!-- This site is optimized with the Yoast SEO plugin v26.5 - https:\/\/yoast.com\/wordpress\/plugins\/seo\/ -->\n<title>Percep\u00e7\u00e3o de pouco risco de doen\u00e7as faz jovens n\u00e3o se protegerem durante o sexo - Not&iacute;cias em Destaque<\/title>\n<meta name=\"robots\" content=\"index, follow, max-snippet:-1, max-image-preview:large, max-video-preview:-1\" \/>\n<link rel=\"canonical\" href=\"https:\/\/noticiasemdestaque.com\/cd\/?p=5341\" \/>\n<meta property=\"og:locale\" content=\"pt_BR\" \/>\n<meta property=\"og:type\" content=\"article\" \/>\n<meta property=\"og:title\" content=\"Percep\u00e7\u00e3o de pouco risco de doen\u00e7as faz jovens n\u00e3o se protegerem durante o sexo - Not&iacute;cias em Destaque\" \/>\n<meta property=\"og:description\" content=\"A ampla divulga\u00e7\u00e3o de que a aids \u00e9 uma doen\u00e7a que tem tratamento eficaz d\u00e1 \u00e0s pessoas, principalmente aos jovens, a falsa sensa\u00e7\u00e3o de prote\u00e7\u00e3o e faz com que elas n\u00e3o se protejam corretamente contra essa e outras Infec\u00e7\u00f5es Sexualmente Transmiss\u00edveis (ISTs). A afirma\u00e7\u00e3o \u00e9 da infectologista do Comit\u00ea de HIV\/Aids da Sociedade Brasileira de Infectologia (SBI), T\u00e2nia Vergara. A especialista alerta que essa percep\u00e7\u00e3o de \u201cpouco risco de morte\u201d por aids \u00e9 equivocada e n\u00e3o pode ser confundida com uma seguran\u00e7a de exposi\u00e7\u00e3o indiscriminada ao v\u00edrus. \u201cA cura da aids n\u00e3o \u00e9 uma realidade ainda. E se n\u00e3o se trata corretamente essa doen\u00e7a, que tem um potencial alto de mortalidade, ela vai ocorrer. O desenvolvimento natural da doen\u00e7a sem controle \u00e9 para a morte\u201d. Segundo dados do Minist\u00e9rio da Sa\u00fade, de 2007 a junho de 2016 foram notificados no Sistema de Informa\u00e7\u00e3o de Agravos de Notifica\u00e7\u00e3o (Sinan) 136.945 casos de infec\u00e7\u00e3o pelo HIV no Brasil. A maioria (52,3%) dos casos ocorre em pessoas na faixa et\u00e1ria de 20 a 34 anos. Nos \u00faltimos cinco anos, o Brasil tem registrado uma m\u00e9dia anual de 41,1 mil casos de aids. Cariri em Destaque Com EBC\" \/>\n<meta property=\"og:url\" content=\"https:\/\/noticiasemdestaque.com\/cd\/?p=5341\" \/>\n<meta property=\"og:site_name\" content=\"Not&iacute;cias em Destaque\" \/>\n<meta property=\"article:published_time\" content=\"2017-10-21T19:05:55+00:00\" \/>\n<meta property=\"og:image\" content=\"https:\/\/noticiasemdestaque.com\/cd\/wp-content\/uploads\/2017\/10\/camisinha.jpg\" \/>\n\t<meta property=\"og:image:width\" content=\"720\" \/>\n\t<meta property=\"og:image:height\" content=\"413\" \/>\n\t<meta property=\"og:image:type\" content=\"image\/jpeg\" \/>\n<meta name=\"author\" content=\"Not\u00edcias em Destaque\" \/>\n<meta name=\"twitter:card\" content=\"summary_large_image\" \/>\n<meta name=\"twitter:label1\" content=\"Escrito por\" \/>\n\t<meta name=\"twitter:data1\" content=\"Not\u00edcias em Destaque\" \/>\n\t<meta name=\"twitter:label2\" content=\"Est. tempo de leitura\" \/>\n\t<meta name=\"twitter:data2\" content=\"1 minuto\" \/>\n<script type=\"application\/ld+json\" class=\"yoast-schema-graph\">{\"@context\":\"https:\/\/schema.org\",\"@graph\":[{\"@type\":\"Article\",\"@id\":\"https:\/\/noticiasemdestaque.com\/cd\/?p=5341#article\",\"isPartOf\":{\"@id\":\"https:\/\/noticiasemdestaque.com\/cd\/?p=5341\"},\"author\":{\"name\":\"Not\u00edcias em Destaque\",\"@id\":\"https:\/\/noticiasemdestaque.com\/cd\/#\/schema\/person\/21320b03a7e8bb90128938dafc9b908a\"},\"headline\":\"Percep\u00e7\u00e3o de pouco risco de doen\u00e7as faz jovens n\u00e3o se protegerem durante o sexo\",\"datePublished\":\"2017-10-21T19:05:55+00:00\",\"mainEntityOfPage\":{\"@id\":\"https:\/\/noticiasemdestaque.com\/cd\/?p=5341\"},\"wordCount\":225,\"publisher\":{\"@id\":\"https:\/\/noticiasemdestaque.com\/cd\/#organization\"},\"image\":{\"@id\":\"https:\/\/noticiasemdestaque.com\/cd\/?p=5341#primaryimage\"},\"thumbnailUrl\":\"https:\/\/noticiasemdestaque.com\/cd\/wp-content\/uploads\/2017\/10\/camisinha.jpg\",\"articleSection\":[\"Sa\u00fade\"],\"inLanguage\":\"pt-BR\"},{\"@type\":\"WebPage\",\"@id\":\"https:\/\/noticiasemdestaque.com\/cd\/?p=5341\",\"url\":\"https:\/\/noticiasemdestaque.com\/cd\/?p=5341\",\"name\":\"Percep\u00e7\u00e3o de pouco risco de doen\u00e7as faz jovens n\u00e3o se protegerem durante o sexo - Not&iacute;cias em Destaque\",\"isPartOf\":{\"@id\":\"https:\/\/noticiasemdestaque.com\/cd\/#website\"},\"primaryImageOfPage\":{\"@id\":\"https:\/\/noticiasemdestaque.com\/cd\/?p=5341#primaryimage\"},\"image\":{\"@id\":\"https:\/\/noticiasemdestaque.com\/cd\/?p=5341#primaryimage\"},\"thumbnailUrl\":\"https:\/\/noticiasemdestaque.com\/cd\/wp-content\/uploads\/2017\/10\/camisinha.jpg\",\"datePublished\":\"2017-10-21T19:05:55+00:00\",\"breadcrumb\":{\"@id\":\"https:\/\/noticiasemdestaque.com\/cd\/?p=5341#breadcrumb\"},\"inLanguage\":\"pt-BR\",\"potentialAction\":[{\"@type\":\"ReadAction\",\"target\":[\"https:\/\/noticiasemdestaque.com\/cd\/?p=5341\"]}]},{\"@type\":\"ImageObject\",\"inLanguage\":\"pt-BR\",\"@id\":\"https:\/\/noticiasemdestaque.com\/cd\/?p=5341#primaryimage\",\"url\":\"https:\/\/noticiasemdestaque.com\/cd\/wp-content\/uploads\/2017\/10\/camisinha.jpg\",\"contentUrl\":\"https:\/\/noticiasemdestaque.com\/cd\/wp-content\/uploads\/2017\/10\/camisinha.jpg\",\"width\":720,\"height\":413},{\"@type\":\"BreadcrumbList\",\"@id\":\"https:\/\/noticiasemdestaque.com\/cd\/?p=5341#breadcrumb\",\"itemListElement\":[{\"@type\":\"ListItem\",\"position\":1,\"name\":\"In\u00edcio\",\"item\":\"https:\/\/noticiasemdestaque.com\/cd\/\"},{\"@type\":\"ListItem\",\"position\":2,\"name\":\"Percep\u00e7\u00e3o de pouco risco de doen\u00e7as faz jovens n\u00e3o se protegerem durante o sexo\"}]},{\"@type\":\"WebSite\",\"@id\":\"https:\/\/noticiasemdestaque.com\/cd\/#website\",\"url\":\"https:\/\/noticiasemdestaque.com\/cd\/\",\"name\":\"Not&iacute;cias em Destaque\",\"description\":\"\",\"publisher\":{\"@id\":\"https:\/\/noticiasemdestaque.com\/cd\/#organization\"},\"potentialAction\":[{\"@type\":\"SearchAction\",\"target\":{\"@type\":\"EntryPoint\",\"urlTemplate\":\"https:\/\/noticiasemdestaque.com\/cd\/?s={search_term_string}\"},\"query-input\":{\"@type\":\"PropertyValueSpecification\",\"valueRequired\":true,\"valueName\":\"search_term_string\"}}],\"inLanguage\":\"pt-BR\"},{\"@type\":\"Organization\",\"@id\":\"https:\/\/noticiasemdestaque.com\/cd\/#organization\",\"name\":\"Not\u00edcias em Destaque\",\"url\":\"https:\/\/noticiasemdestaque.com\/cd\/\",\"logo\":{\"@type\":\"ImageObject\",\"inLanguage\":\"pt-BR\",\"@id\":\"https:\/\/noticiasemdestaque.com\/cd\/#\/schema\/logo\/image\/\",\"url\":\"https:\/\/noticiasemdestaque.com\/cd\/wp-content\/uploads\/2022\/05\/imagem-base-noticiasemdestaque.png\",\"contentUrl\":\"https:\/\/noticiasemdestaque.com\/cd\/wp-content\/uploads\/2022\/05\/imagem-base-noticiasemdestaque.png\",\"width\":1200,\"height\":630,\"caption\":\"Not\u00edcias em Destaque\"},\"image\":{\"@id\":\"https:\/\/noticiasemdestaque.com\/cd\/#\/schema\/logo\/image\/\"}},{\"@type\":\"Person\",\"@id\":\"https:\/\/noticiasemdestaque.com\/cd\/#\/schema\/person\/21320b03a7e8bb90128938dafc9b908a\",\"name\":\"Not\u00edcias em Destaque\",\"url\":\"https:\/\/noticiasemdestaque.com\/cd\/?author=2\"}]}<\/script>\n<!-- \/ Yoast SEO plugin. -->","yoast_head_json":{"title":"Percep\u00e7\u00e3o de pouco risco de doen\u00e7as faz jovens n\u00e3o se protegerem durante o sexo - Not&iacute;cias em Destaque","robots":{"index":"index","follow":"follow","max-snippet":"max-snippet:-1","max-image-preview":"max-image-preview:large","max-video-preview":"max-video-preview:-1"},"canonical":"https:\/\/noticiasemdestaque.com\/cd\/?p=5341","og_locale":"pt_BR","og_type":"article","og_title":"Percep\u00e7\u00e3o de pouco risco de doen\u00e7as faz jovens n\u00e3o se protegerem durante o sexo - Not&iacute;cias em Destaque","og_description":"A ampla divulga\u00e7\u00e3o de que a aids \u00e9 uma doen\u00e7a que tem tratamento eficaz d\u00e1 \u00e0s pessoas, principalmente aos jovens, a falsa sensa\u00e7\u00e3o de prote\u00e7\u00e3o e faz com que elas n\u00e3o se protejam corretamente contra essa e outras Infec\u00e7\u00f5es Sexualmente Transmiss\u00edveis (ISTs). A afirma\u00e7\u00e3o \u00e9 da infectologista do Comit\u00ea de HIV\/Aids da Sociedade Brasileira de Infectologia (SBI), T\u00e2nia Vergara. A especialista alerta que essa percep\u00e7\u00e3o de \u201cpouco risco de morte\u201d por aids \u00e9 equivocada e n\u00e3o pode ser confundida com uma seguran\u00e7a de exposi\u00e7\u00e3o indiscriminada ao v\u00edrus. \u201cA cura da aids n\u00e3o \u00e9 uma realidade ainda. E se n\u00e3o se trata corretamente essa doen\u00e7a, que tem um potencial alto de mortalidade, ela vai ocorrer. O desenvolvimento natural da doen\u00e7a sem controle \u00e9 para a morte\u201d. Segundo dados do Minist\u00e9rio da Sa\u00fade, de 2007 a junho de 2016 foram notificados no Sistema de Informa\u00e7\u00e3o de Agravos de Notifica\u00e7\u00e3o (Sinan) 136.945 casos de infec\u00e7\u00e3o pelo HIV no Brasil. A maioria (52,3%) dos casos ocorre em pessoas na faixa et\u00e1ria de 20 a 34 anos. Nos \u00faltimos cinco anos, o Brasil tem registrado uma m\u00e9dia anual de 41,1 mil casos de aids. Cariri em Destaque Com EBC","og_url":"https:\/\/noticiasemdestaque.com\/cd\/?p=5341","og_site_name":"Not&iacute;cias em Destaque","article_published_time":"2017-10-21T19:05:55+00:00","og_image":[{"width":720,"height":413,"url":"https:\/\/noticiasemdestaque.com\/cd\/wp-content\/uploads\/2017\/10\/camisinha.jpg","type":"image\/jpeg"}],"author":"Not\u00edcias em Destaque","twitter_card":"summary_large_image","twitter_misc":{"Escrito por":"Not\u00edcias em Destaque","Est. tempo de leitura":"1 minuto"},"schema":{"@context":"https:\/\/schema.org","@graph":[{"@type":"Article","@id":"https:\/\/noticiasemdestaque.com\/cd\/?p=5341#article","isPartOf":{"@id":"https:\/\/noticiasemdestaque.com\/cd\/?p=5341"},"author":{"name":"Not\u00edcias em Destaque","@id":"https:\/\/noticiasemdestaque.com\/cd\/#\/schema\/person\/21320b03a7e8bb90128938dafc9b908a"},"headline":"Percep\u00e7\u00e3o de pouco risco de doen\u00e7as faz jovens n\u00e3o se protegerem durante o sexo","datePublished":"2017-10-21T19:05:55+00:00","mainEntityOfPage":{"@id":"https:\/\/noticiasemdestaque.com\/cd\/?p=5341"},"wordCount":225,"publisher":{"@id":"https:\/\/noticiasemdestaque.com\/cd\/#organization"},"image":{"@id":"https:\/\/noticiasemdestaque.com\/cd\/?p=5341#primaryimage"},"thumbnailUrl":"https:\/\/noticiasemdestaque.com\/cd\/wp-content\/uploads\/2017\/10\/camisinha.jpg","articleSection":["Sa\u00fade"],"inLanguage":"pt-BR"},{"@type":"WebPage","@id":"https:\/\/noticiasemdestaque.com\/cd\/?p=5341","url":"https:\/\/noticiasemdestaque.com\/cd\/?p=5341","name":"Percep\u00e7\u00e3o de pouco risco de doen\u00e7as faz jovens n\u00e3o se protegerem durante o sexo - Not&iacute;cias em Destaque","isPartOf":{"@id":"https:\/\/noticiasemdestaque.com\/cd\/#website"},"primaryImageOfPage":{"@id":"https:\/\/noticiasemdestaque.com\/cd\/?p=5341#primaryimage"},"image":{"@id":"https:\/\/noticiasemdestaque.com\/cd\/?p=5341#primaryimage"},"thumbnailUrl":"https:\/\/noticiasemdestaque.com\/cd\/wp-content\/uploads\/2017\/10\/camisinha.jpg","datePublished":"2017-10-21T19:05:55+00:00","breadcrumb":{"@id":"https:\/\/noticiasemdestaque.com\/cd\/?p=5341#breadcrumb"},"inLanguage":"pt-BR","potentialAction":[{"@type":"ReadAction","target":["https:\/\/noticiasemdestaque.com\/cd\/?p=5341"]}]},{"@type":"ImageObject","inLanguage":"pt-BR","@id":"https:\/\/noticiasemdestaque.com\/cd\/?p=5341#primaryimage","url":"https:\/\/noticiasemdestaque.com\/cd\/wp-content\/uploads\/2017\/10\/camisinha.jpg","contentUrl":"https:\/\/noticiasemdestaque.com\/cd\/wp-content\/uploads\/2017\/10\/camisinha.jpg","width":720,"height":413},{"@type":"BreadcrumbList","@id":"https:\/\/noticiasemdestaque.com\/cd\/?p=5341#breadcrumb","itemListElement":[{"@type":"ListItem","position":1,"name":"In\u00edcio","item":"https:\/\/noticiasemdestaque.com\/cd\/"},{"@type":"ListItem","position":2,"name":"Percep\u00e7\u00e3o de pouco risco de doen\u00e7as faz jovens n\u00e3o se protegerem durante o sexo"}]},{"@type":"WebSite","@id":"https:\/\/noticiasemdestaque.com\/cd\/#website","url":"https:\/\/noticiasemdestaque.com\/cd\/","name":"Not&iacute;cias em Destaque","description":"","publisher":{"@id":"https:\/\/noticiasemdestaque.com\/cd\/#organization"},"potentialAction":[{"@type":"SearchAction","target":{"@type":"EntryPoint","urlTemplate":"https:\/\/noticiasemdestaque.com\/cd\/?s={search_term_string}"},"query-input":{"@type":"PropertyValueSpecification","valueRequired":true,"valueName":"search_term_string"}}],"inLanguage":"pt-BR"},{"@type":"Organization","@id":"https:\/\/noticiasemdestaque.com\/cd\/#organization","name":"Not\u00edcias em Destaque","url":"https:\/\/noticiasemdestaque.com\/cd\/","logo":{"@type":"ImageObject","inLanguage":"pt-BR","@id":"https:\/\/noticiasemdestaque.com\/cd\/#\/schema\/logo\/image\/","url":"https:\/\/noticiasemdestaque.com\/cd\/wp-content\/uploads\/2022\/05\/imagem-base-noticiasemdestaque.png","contentUrl":"https:\/\/noticiasemdestaque.com\/cd\/wp-content\/uploads\/2022\/05\/imagem-base-noticiasemdestaque.png","width":1200,"height":630,"caption":"Not\u00edcias em Destaque"},"image":{"@id":"https:\/\/noticiasemdestaque.com\/cd\/#\/schema\/logo\/image\/"}},{"@type":"Person","@id":"https:\/\/noticiasemdestaque.com\/cd\/#\/schema\/person\/21320b03a7e8bb90128938dafc9b908a","name":"Not\u00edcias em Destaque","url":"https:\/\/noticiasemdestaque.com\/cd\/?author=2"}]}},"jetpack_featured_media_url":"https:\/\/noticiasemdestaque.com\/cd\/wp-content\/uploads\/2017\/10\/camisinha.jpg","jetpack_sharing_enabled":true,"_links":{"self":[{"href":"https:\/\/noticiasemdestaque.com\/cd\/index.php?rest_route=\/wp\/v2\/posts\/5341","targetHints":{"allow":["GET"]}}],"collection":[{"href":"https:\/\/noticiasemdestaque.com\/cd\/index.php?rest_route=\/wp\/v2\/posts"}],"about":[{"href":"https:\/\/noticiasemdestaque.com\/cd\/index.php?rest_route=\/wp\/v2\/types\/post"}],"author":[{"embeddable":true,"href":"https:\/\/noticiasemdestaque.com\/cd\/index.php?rest_route=\/wp\/v2\/users\/2"}],"replies":[{"embeddable":true,"href":"https:\/\/noticiasemdestaque.com\/cd\/index.php?rest_route=%2Fwp%2Fv2%2Fcomments&post=5341"}],"version-history":[{"count":1,"href":"https:\/\/noticiasemdestaque.com\/cd\/index.php?rest_route=\/wp\/v2\/posts\/5341\/revisions"}],"predecessor-version":[{"id":5343,"href":"https:\/\/noticiasemdestaque.com\/cd\/index.php?rest_route=\/wp\/v2\/posts\/5341\/revisions\/5343"}],"wp:featuredmedia":[{"embeddable":true,"href":"https:\/\/noticiasemdestaque.com\/cd\/index.php?rest_route=\/wp\/v2\/media\/5342"}],"wp:attachment":[{"href":"https:\/\/noticiasemdestaque.com\/cd\/index.php?rest_route=%2Fwp%2Fv2%2Fmedia&parent=5341"}],"wp:term":[{"taxonomy":"category","embeddable":true,"href":"https:\/\/noticiasemdestaque.com\/cd\/index.php?rest_route=%2Fwp%2Fv2%2Fcategories&post=5341"},{"taxonomy":"post_tag","embeddable":true,"href":"https:\/\/noticiasemdestaque.com\/cd\/index.php?rest_route=%2Fwp%2Fv2%2Ftags&post=5341"}],"curies":[{"name":"wp","href":"https:\/\/api.w.org\/{rel}","templated":true}]}}