{"id":5338,"date":"2017-10-21T15:58:53","date_gmt":"2017-10-21T18:58:53","guid":{"rendered":"http:\/\/caririemdestaque.com\/cd\/?p=5338"},"modified":"2017-10-21T15:58:53","modified_gmt":"2017-10-21T18:58:53","slug":"emprego-temporario-de-fim-de-ano-e-oportunidade-de-contrato-definitivo","status":"publish","type":"post","link":"https:\/\/noticiasemdestaque.com\/cd\/?p=5338","title":{"rendered":"Emprego tempor\u00e1rio de fim de ano \u00e9 oportunidade de contrato definitivo"},"content":{"rendered":"<p><a href=\"http:\/\/caririemdestaque.com\/cd\/wp-content\/uploads\/2017\/10\/compras_de_natal_de_ultima_hora_saara_rj_0176_0.jpg\"><img fetchpriority=\"high\" decoding=\"async\" class=\"alignleft wp-image-5339 size-medium\" src=\"http:\/\/caririemdestaque.com\/cd\/wp-content\/uploads\/2017\/10\/compras_de_natal_de_ultima_hora_saara_rj_0176_0-300x201.jpg\" alt=\"\" width=\"300\" height=\"201\" srcset=\"https:\/\/noticiasemdestaque.com\/cd\/wp-content\/uploads\/2017\/10\/compras_de_natal_de_ultima_hora_saara_rj_0176_0-300x201.jpg 300w, https:\/\/noticiasemdestaque.com\/cd\/wp-content\/uploads\/2017\/10\/compras_de_natal_de_ultima_hora_saara_rj_0176_0-480x320.jpg 480w, https:\/\/noticiasemdestaque.com\/cd\/wp-content\/uploads\/2017\/10\/compras_de_natal_de_ultima_hora_saara_rj_0176_0.jpg 580w\" sizes=\"(max-width: 300px) 100vw, 300px\" \/><\/a>As vagas tempor\u00e1rias para o fim do ano, principalmente no com\u00e9rcio, podem representar para muitos uma possibilidade de contrata\u00e7\u00e3o definitiva ou uma renda extra para os gastos de dezembro e janeiro.<\/p>\n<p>Em Bras\u00edlia, pesquisa da Federa\u00e7\u00e3o do Com\u00e9rcio de Bens, Servi\u00e7os e Turismo do Distrito Federal (Fecom\u00e9rcio-DF) indicou que 31,8% dos empres\u00e1rios far\u00e3o contrata\u00e7\u00f5es tempor\u00e1rias. As vagas criadas ser\u00e3o aproximadamente 3,9 mil at\u00e9 o Natal. No ano passado, 16,3% contrataram e 3,8 mil postos tempor\u00e1rios foram abertos. O levantamento ouviu 425 lojistas de shopping e de rua, de 15 setores diferentes, entre 7 e 9 de agosto.<\/p>\n<p>O presidente da entidade, Adelmir Santana, ressalta que a expectativa de contrata\u00e7\u00f5es ainda est\u00e1 distante dos patamares verificados em anos pr\u00e9-crise econ\u00f4mica. \u201cQuando a economia estava bem, l\u00e1 em 2014, esse n\u00famero era de 7 mil a 9 mil pessoas. Ainda n\u00e3o est\u00e1 estabelecida a confian\u00e7a plena. Mas j\u00e1 \u00e9 um sinal de recupera\u00e7\u00e3o quando eles [lojistas] dizem que v\u00e3o contratar pessoas\u201d.<\/p>\n<p>Segundo Santana, com a crise, os empres\u00e1rios tamb\u00e9m est\u00e3o retardando as contrata\u00e7\u00f5es. A ideia \u00e9, primeiro, ter certeza de que haver\u00e1 alta no movimento. \u201cNo passado [as contrata\u00e7\u00f5es] eram na segunda quinzena de agosto. Este ano, a perspectiva \u00e9 s\u00f3 a partir da segunda quinzena de novembro\u201d, explicou.<\/p>\n","protected":false},"excerpt":{"rendered":"<p>As vagas tempor\u00e1rias para o fim do ano, principalmente no com\u00e9rcio, podem representar para muitos uma possibilidade de contrata\u00e7\u00e3o definitiva ou uma renda extra para os gastos de dezembro e janeiro. Em Bras\u00edlia, pesquisa da Federa\u00e7\u00e3o do Com\u00e9rcio de Bens, Servi\u00e7os e Turismo do Distrito Federal (Fecom\u00e9rcio-DF) indicou que 31,8% dos empres\u00e1rios far\u00e3o contrata\u00e7\u00f5es tempor\u00e1rias. As vagas criadas ser\u00e3o aproximadamente 3,9 mil at\u00e9 o Natal. No ano passado, 16,3% contrataram e 3,8 mil postos tempor\u00e1rios foram abertos. O levantamento ouviu 425 lojistas de shopping e de rua, de 15 setores diferentes, entre 7 e 9 de agosto. O presidente da entidade, Adelmir Santana, ressalta que a expectativa de contrata\u00e7\u00f5es ainda est\u00e1 distante dos patamares verificados em anos pr\u00e9-crise econ\u00f4mica. \u201cQuando a economia estava bem, l\u00e1 em 2014, esse n\u00famero era de 7 mil a 9 mil pessoas. Ainda n\u00e3o est\u00e1 estabelecida a confian\u00e7a plena. Mas j\u00e1 \u00e9 um sinal de recupera\u00e7\u00e3o quando eles [lojistas] dizem que v\u00e3o contratar pessoas\u201d. Segundo Santana, com a crise, os empres\u00e1rios tamb\u00e9m est\u00e3o retardando as contrata\u00e7\u00f5es. A ideia \u00e9, primeiro, ter certeza de que haver\u00e1 alta no movimento. \u201cNo passado [as contrata\u00e7\u00f5es] eram na segunda quinzena de agosto. Este ano, a perspectiva \u00e9 s\u00f3 a partir da segunda quinzena de novembro\u201d, explicou.<\/p>\n","protected":false},"author":2,"featured_media":5339,"comment_status":"closed","ping_status":"open","sticky":false,"template":"","format":"standard","meta":{"_eb_attr":"","_jetpack_memberships_contains_paid_content":false,"footnotes":""},"categories":[11],"tags":[],"class_list":["post-5338","post","type-post","status-publish","format-standard","has-post-thumbnail","hentry","category-economia"],"yoast_head":"<!-- This site is optimized with the Yoast SEO plugin v26.5 - https:\/\/yoast.com\/wordpress\/plugins\/seo\/ -->\n<title>Emprego tempor\u00e1rio de fim de ano \u00e9 oportunidade de contrato definitivo - Not&iacute;cias em Destaque<\/title>\n<meta name=\"robots\" content=\"index, follow, max-snippet:-1, max-image-preview:large, max-video-preview:-1\" \/>\n<link rel=\"canonical\" href=\"https:\/\/noticiasemdestaque.com\/cd\/?p=5338\" \/>\n<meta property=\"og:locale\" content=\"pt_BR\" \/>\n<meta property=\"og:type\" content=\"article\" \/>\n<meta property=\"og:title\" content=\"Emprego tempor\u00e1rio de fim de ano \u00e9 oportunidade de contrato definitivo - Not&iacute;cias em Destaque\" \/>\n<meta property=\"og:description\" content=\"As vagas tempor\u00e1rias para o fim do ano, principalmente no com\u00e9rcio, podem representar para muitos uma possibilidade de contrata\u00e7\u00e3o definitiva ou uma renda extra para os gastos de dezembro e janeiro. Em Bras\u00edlia, pesquisa da Federa\u00e7\u00e3o do Com\u00e9rcio de Bens, Servi\u00e7os e Turismo do Distrito Federal (Fecom\u00e9rcio-DF) indicou que 31,8% dos empres\u00e1rios far\u00e3o contrata\u00e7\u00f5es tempor\u00e1rias. As vagas criadas ser\u00e3o aproximadamente 3,9 mil at\u00e9 o Natal. No ano passado, 16,3% contrataram e 3,8 mil postos tempor\u00e1rios foram abertos. O levantamento ouviu 425 lojistas de shopping e de rua, de 15 setores diferentes, entre 7 e 9 de agosto. O presidente da entidade, Adelmir Santana, ressalta que a expectativa de contrata\u00e7\u00f5es ainda est\u00e1 distante dos patamares verificados em anos pr\u00e9-crise econ\u00f4mica. \u201cQuando a economia estava bem, l\u00e1 em 2014, esse n\u00famero era de 7 mil a 9 mil pessoas. Ainda n\u00e3o est\u00e1 estabelecida a confian\u00e7a plena. Mas j\u00e1 \u00e9 um sinal de recupera\u00e7\u00e3o quando eles [lojistas] dizem que v\u00e3o contratar pessoas\u201d. Segundo Santana, com a crise, os empres\u00e1rios tamb\u00e9m est\u00e3o retardando as contrata\u00e7\u00f5es. A ideia \u00e9, primeiro, ter certeza de que haver\u00e1 alta no movimento. \u201cNo passado [as contrata\u00e7\u00f5es] eram na segunda quinzena de agosto. Este ano, a perspectiva \u00e9 s\u00f3 a partir da segunda quinzena de novembro\u201d, explicou.\" \/>\n<meta property=\"og:url\" content=\"https:\/\/noticiasemdestaque.com\/cd\/?p=5338\" \/>\n<meta property=\"og:site_name\" content=\"Not&iacute;cias em Destaque\" \/>\n<meta property=\"article:published_time\" content=\"2017-10-21T18:58:53+00:00\" \/>\n<meta property=\"og:image\" content=\"https:\/\/noticiasemdestaque.com\/cd\/wp-content\/uploads\/2017\/10\/compras_de_natal_de_ultima_hora_saara_rj_0176_0.jpg\" \/>\n\t<meta property=\"og:image:width\" content=\"580\" \/>\n\t<meta property=\"og:image:height\" content=\"388\" \/>\n\t<meta property=\"og:image:type\" content=\"image\/jpeg\" \/>\n<meta name=\"author\" content=\"Not\u00edcias em Destaque\" \/>\n<meta name=\"twitter:card\" content=\"summary_large_image\" \/>\n<meta name=\"twitter:label1\" content=\"Escrito por\" \/>\n\t<meta name=\"twitter:data1\" content=\"Not\u00edcias em Destaque\" \/>\n\t<meta name=\"twitter:label2\" content=\"Est. tempo de leitura\" \/>\n\t<meta name=\"twitter:data2\" content=\"1 minuto\" \/>\n<script type=\"application\/ld+json\" class=\"yoast-schema-graph\">{\"@context\":\"https:\/\/schema.org\",\"@graph\":[{\"@type\":\"Article\",\"@id\":\"https:\/\/noticiasemdestaque.com\/cd\/?p=5338#article\",\"isPartOf\":{\"@id\":\"https:\/\/noticiasemdestaque.com\/cd\/?p=5338\"},\"author\":{\"name\":\"Not\u00edcias em Destaque\",\"@id\":\"https:\/\/noticiasemdestaque.com\/cd\/#\/schema\/person\/21320b03a7e8bb90128938dafc9b908a\"},\"headline\":\"Emprego tempor\u00e1rio de fim de ano \u00e9 oportunidade de contrato definitivo\",\"datePublished\":\"2017-10-21T18:58:53+00:00\",\"mainEntityOfPage\":{\"@id\":\"https:\/\/noticiasemdestaque.com\/cd\/?p=5338\"},\"wordCount\":231,\"publisher\":{\"@id\":\"https:\/\/noticiasemdestaque.com\/cd\/#organization\"},\"image\":{\"@id\":\"https:\/\/noticiasemdestaque.com\/cd\/?p=5338#primaryimage\"},\"thumbnailUrl\":\"https:\/\/noticiasemdestaque.com\/cd\/wp-content\/uploads\/2017\/10\/compras_de_natal_de_ultima_hora_saara_rj_0176_0.jpg\",\"articleSection\":[\"Economia\"],\"inLanguage\":\"pt-BR\"},{\"@type\":\"WebPage\",\"@id\":\"https:\/\/noticiasemdestaque.com\/cd\/?p=5338\",\"url\":\"https:\/\/noticiasemdestaque.com\/cd\/?p=5338\",\"name\":\"Emprego tempor\u00e1rio de fim de ano \u00e9 oportunidade de contrato definitivo - Not&iacute;cias em Destaque\",\"isPartOf\":{\"@id\":\"https:\/\/noticiasemdestaque.com\/cd\/#website\"},\"primaryImageOfPage\":{\"@id\":\"https:\/\/noticiasemdestaque.com\/cd\/?p=5338#primaryimage\"},\"image\":{\"@id\":\"https:\/\/noticiasemdestaque.com\/cd\/?p=5338#primaryimage\"},\"thumbnailUrl\":\"https:\/\/noticiasemdestaque.com\/cd\/wp-content\/uploads\/2017\/10\/compras_de_natal_de_ultima_hora_saara_rj_0176_0.jpg\",\"datePublished\":\"2017-10-21T18:58:53+00:00\",\"breadcrumb\":{\"@id\":\"https:\/\/noticiasemdestaque.com\/cd\/?p=5338#breadcrumb\"},\"inLanguage\":\"pt-BR\",\"potentialAction\":[{\"@type\":\"ReadAction\",\"target\":[\"https:\/\/noticiasemdestaque.com\/cd\/?p=5338\"]}]},{\"@type\":\"ImageObject\",\"inLanguage\":\"pt-BR\",\"@id\":\"https:\/\/noticiasemdestaque.com\/cd\/?p=5338#primaryimage\",\"url\":\"https:\/\/noticiasemdestaque.com\/cd\/wp-content\/uploads\/2017\/10\/compras_de_natal_de_ultima_hora_saara_rj_0176_0.jpg\",\"contentUrl\":\"https:\/\/noticiasemdestaque.com\/cd\/wp-content\/uploads\/2017\/10\/compras_de_natal_de_ultima_hora_saara_rj_0176_0.jpg\",\"width\":580,\"height\":388},{\"@type\":\"BreadcrumbList\",\"@id\":\"https:\/\/noticiasemdestaque.com\/cd\/?p=5338#breadcrumb\",\"itemListElement\":[{\"@type\":\"ListItem\",\"position\":1,\"name\":\"In\u00edcio\",\"item\":\"https:\/\/noticiasemdestaque.com\/cd\/\"},{\"@type\":\"ListItem\",\"position\":2,\"name\":\"Emprego tempor\u00e1rio de fim de ano \u00e9 oportunidade de contrato definitivo\"}]},{\"@type\":\"WebSite\",\"@id\":\"https:\/\/noticiasemdestaque.com\/cd\/#website\",\"url\":\"https:\/\/noticiasemdestaque.com\/cd\/\",\"name\":\"Not&iacute;cias em Destaque\",\"description\":\"\",\"publisher\":{\"@id\":\"https:\/\/noticiasemdestaque.com\/cd\/#organization\"},\"potentialAction\":[{\"@type\":\"SearchAction\",\"target\":{\"@type\":\"EntryPoint\",\"urlTemplate\":\"https:\/\/noticiasemdestaque.com\/cd\/?s={search_term_string}\"},\"query-input\":{\"@type\":\"PropertyValueSpecification\",\"valueRequired\":true,\"valueName\":\"search_term_string\"}}],\"inLanguage\":\"pt-BR\"},{\"@type\":\"Organization\",\"@id\":\"https:\/\/noticiasemdestaque.com\/cd\/#organization\",\"name\":\"Not\u00edcias em Destaque\",\"url\":\"https:\/\/noticiasemdestaque.com\/cd\/\",\"logo\":{\"@type\":\"ImageObject\",\"inLanguage\":\"pt-BR\",\"@id\":\"https:\/\/noticiasemdestaque.com\/cd\/#\/schema\/logo\/image\/\",\"url\":\"https:\/\/noticiasemdestaque.com\/cd\/wp-content\/uploads\/2022\/05\/imagem-base-noticiasemdestaque.png\",\"contentUrl\":\"https:\/\/noticiasemdestaque.com\/cd\/wp-content\/uploads\/2022\/05\/imagem-base-noticiasemdestaque.png\",\"width\":1200,\"height\":630,\"caption\":\"Not\u00edcias em Destaque\"},\"image\":{\"@id\":\"https:\/\/noticiasemdestaque.com\/cd\/#\/schema\/logo\/image\/\"}},{\"@type\":\"Person\",\"@id\":\"https:\/\/noticiasemdestaque.com\/cd\/#\/schema\/person\/21320b03a7e8bb90128938dafc9b908a\",\"name\":\"Not\u00edcias em Destaque\",\"url\":\"https:\/\/noticiasemdestaque.com\/cd\/?author=2\"}]}<\/script>\n<!-- \/ Yoast SEO plugin. -->","yoast_head_json":{"title":"Emprego tempor\u00e1rio de fim de ano \u00e9 oportunidade de contrato definitivo - Not&iacute;cias em Destaque","robots":{"index":"index","follow":"follow","max-snippet":"max-snippet:-1","max-image-preview":"max-image-preview:large","max-video-preview":"max-video-preview:-1"},"canonical":"https:\/\/noticiasemdestaque.com\/cd\/?p=5338","og_locale":"pt_BR","og_type":"article","og_title":"Emprego tempor\u00e1rio de fim de ano \u00e9 oportunidade de contrato definitivo - Not&iacute;cias em Destaque","og_description":"As vagas tempor\u00e1rias para o fim do ano, principalmente no com\u00e9rcio, podem representar para muitos uma possibilidade de contrata\u00e7\u00e3o definitiva ou uma renda extra para os gastos de dezembro e janeiro. Em Bras\u00edlia, pesquisa da Federa\u00e7\u00e3o do Com\u00e9rcio de Bens, Servi\u00e7os e Turismo do Distrito Federal (Fecom\u00e9rcio-DF) indicou que 31,8% dos empres\u00e1rios far\u00e3o contrata\u00e7\u00f5es tempor\u00e1rias. As vagas criadas ser\u00e3o aproximadamente 3,9 mil at\u00e9 o Natal. No ano passado, 16,3% contrataram e 3,8 mil postos tempor\u00e1rios foram abertos. O levantamento ouviu 425 lojistas de shopping e de rua, de 15 setores diferentes, entre 7 e 9 de agosto. O presidente da entidade, Adelmir Santana, ressalta que a expectativa de contrata\u00e7\u00f5es ainda est\u00e1 distante dos patamares verificados em anos pr\u00e9-crise econ\u00f4mica. \u201cQuando a economia estava bem, l\u00e1 em 2014, esse n\u00famero era de 7 mil a 9 mil pessoas. Ainda n\u00e3o est\u00e1 estabelecida a confian\u00e7a plena. Mas j\u00e1 \u00e9 um sinal de recupera\u00e7\u00e3o quando eles [lojistas] dizem que v\u00e3o contratar pessoas\u201d. Segundo Santana, com a crise, os empres\u00e1rios tamb\u00e9m est\u00e3o retardando as contrata\u00e7\u00f5es. A ideia \u00e9, primeiro, ter certeza de que haver\u00e1 alta no movimento. \u201cNo passado [as contrata\u00e7\u00f5es] eram na segunda quinzena de agosto. Este ano, a perspectiva \u00e9 s\u00f3 a partir da segunda quinzena de novembro\u201d, explicou.","og_url":"https:\/\/noticiasemdestaque.com\/cd\/?p=5338","og_site_name":"Not&iacute;cias em Destaque","article_published_time":"2017-10-21T18:58:53+00:00","og_image":[{"width":580,"height":388,"url":"https:\/\/noticiasemdestaque.com\/cd\/wp-content\/uploads\/2017\/10\/compras_de_natal_de_ultima_hora_saara_rj_0176_0.jpg","type":"image\/jpeg"}],"author":"Not\u00edcias em Destaque","twitter_card":"summary_large_image","twitter_misc":{"Escrito por":"Not\u00edcias em Destaque","Est. tempo de leitura":"1 minuto"},"schema":{"@context":"https:\/\/schema.org","@graph":[{"@type":"Article","@id":"https:\/\/noticiasemdestaque.com\/cd\/?p=5338#article","isPartOf":{"@id":"https:\/\/noticiasemdestaque.com\/cd\/?p=5338"},"author":{"name":"Not\u00edcias em Destaque","@id":"https:\/\/noticiasemdestaque.com\/cd\/#\/schema\/person\/21320b03a7e8bb90128938dafc9b908a"},"headline":"Emprego tempor\u00e1rio de fim de ano \u00e9 oportunidade de contrato definitivo","datePublished":"2017-10-21T18:58:53+00:00","mainEntityOfPage":{"@id":"https:\/\/noticiasemdestaque.com\/cd\/?p=5338"},"wordCount":231,"publisher":{"@id":"https:\/\/noticiasemdestaque.com\/cd\/#organization"},"image":{"@id":"https:\/\/noticiasemdestaque.com\/cd\/?p=5338#primaryimage"},"thumbnailUrl":"https:\/\/noticiasemdestaque.com\/cd\/wp-content\/uploads\/2017\/10\/compras_de_natal_de_ultima_hora_saara_rj_0176_0.jpg","articleSection":["Economia"],"inLanguage":"pt-BR"},{"@type":"WebPage","@id":"https:\/\/noticiasemdestaque.com\/cd\/?p=5338","url":"https:\/\/noticiasemdestaque.com\/cd\/?p=5338","name":"Emprego tempor\u00e1rio de fim de ano \u00e9 oportunidade de contrato definitivo - Not&iacute;cias em Destaque","isPartOf":{"@id":"https:\/\/noticiasemdestaque.com\/cd\/#website"},"primaryImageOfPage":{"@id":"https:\/\/noticiasemdestaque.com\/cd\/?p=5338#primaryimage"},"image":{"@id":"https:\/\/noticiasemdestaque.com\/cd\/?p=5338#primaryimage"},"thumbnailUrl":"https:\/\/noticiasemdestaque.com\/cd\/wp-content\/uploads\/2017\/10\/compras_de_natal_de_ultima_hora_saara_rj_0176_0.jpg","datePublished":"2017-10-21T18:58:53+00:00","breadcrumb":{"@id":"https:\/\/noticiasemdestaque.com\/cd\/?p=5338#breadcrumb"},"inLanguage":"pt-BR","potentialAction":[{"@type":"ReadAction","target":["https:\/\/noticiasemdestaque.com\/cd\/?p=5338"]}]},{"@type":"ImageObject","inLanguage":"pt-BR","@id":"https:\/\/noticiasemdestaque.com\/cd\/?p=5338#primaryimage","url":"https:\/\/noticiasemdestaque.com\/cd\/wp-content\/uploads\/2017\/10\/compras_de_natal_de_ultima_hora_saara_rj_0176_0.jpg","contentUrl":"https:\/\/noticiasemdestaque.com\/cd\/wp-content\/uploads\/2017\/10\/compras_de_natal_de_ultima_hora_saara_rj_0176_0.jpg","width":580,"height":388},{"@type":"BreadcrumbList","@id":"https:\/\/noticiasemdestaque.com\/cd\/?p=5338#breadcrumb","itemListElement":[{"@type":"ListItem","position":1,"name":"In\u00edcio","item":"https:\/\/noticiasemdestaque.com\/cd\/"},{"@type":"ListItem","position":2,"name":"Emprego tempor\u00e1rio de fim de ano \u00e9 oportunidade de contrato definitivo"}]},{"@type":"WebSite","@id":"https:\/\/noticiasemdestaque.com\/cd\/#website","url":"https:\/\/noticiasemdestaque.com\/cd\/","name":"Not&iacute;cias em Destaque","description":"","publisher":{"@id":"https:\/\/noticiasemdestaque.com\/cd\/#organization"},"potentialAction":[{"@type":"SearchAction","target":{"@type":"EntryPoint","urlTemplate":"https:\/\/noticiasemdestaque.com\/cd\/?s={search_term_string}"},"query-input":{"@type":"PropertyValueSpecification","valueRequired":true,"valueName":"search_term_string"}}],"inLanguage":"pt-BR"},{"@type":"Organization","@id":"https:\/\/noticiasemdestaque.com\/cd\/#organization","name":"Not\u00edcias em Destaque","url":"https:\/\/noticiasemdestaque.com\/cd\/","logo":{"@type":"ImageObject","inLanguage":"pt-BR","@id":"https:\/\/noticiasemdestaque.com\/cd\/#\/schema\/logo\/image\/","url":"https:\/\/noticiasemdestaque.com\/cd\/wp-content\/uploads\/2022\/05\/imagem-base-noticiasemdestaque.png","contentUrl":"https:\/\/noticiasemdestaque.com\/cd\/wp-content\/uploads\/2022\/05\/imagem-base-noticiasemdestaque.png","width":1200,"height":630,"caption":"Not\u00edcias em Destaque"},"image":{"@id":"https:\/\/noticiasemdestaque.com\/cd\/#\/schema\/logo\/image\/"}},{"@type":"Person","@id":"https:\/\/noticiasemdestaque.com\/cd\/#\/schema\/person\/21320b03a7e8bb90128938dafc9b908a","name":"Not\u00edcias em Destaque","url":"https:\/\/noticiasemdestaque.com\/cd\/?author=2"}]}},"jetpack_featured_media_url":"https:\/\/noticiasemdestaque.com\/cd\/wp-content\/uploads\/2017\/10\/compras_de_natal_de_ultima_hora_saara_rj_0176_0.jpg","jetpack_sharing_enabled":true,"_links":{"self":[{"href":"https:\/\/noticiasemdestaque.com\/cd\/index.php?rest_route=\/wp\/v2\/posts\/5338","targetHints":{"allow":["GET"]}}],"collection":[{"href":"https:\/\/noticiasemdestaque.com\/cd\/index.php?rest_route=\/wp\/v2\/posts"}],"about":[{"href":"https:\/\/noticiasemdestaque.com\/cd\/index.php?rest_route=\/wp\/v2\/types\/post"}],"author":[{"embeddable":true,"href":"https:\/\/noticiasemdestaque.com\/cd\/index.php?rest_route=\/wp\/v2\/users\/2"}],"replies":[{"embeddable":true,"href":"https:\/\/noticiasemdestaque.com\/cd\/index.php?rest_route=%2Fwp%2Fv2%2Fcomments&post=5338"}],"version-history":[{"count":1,"href":"https:\/\/noticiasemdestaque.com\/cd\/index.php?rest_route=\/wp\/v2\/posts\/5338\/revisions"}],"predecessor-version":[{"id":5340,"href":"https:\/\/noticiasemdestaque.com\/cd\/index.php?rest_route=\/wp\/v2\/posts\/5338\/revisions\/5340"}],"wp:featuredmedia":[{"embeddable":true,"href":"https:\/\/noticiasemdestaque.com\/cd\/index.php?rest_route=\/wp\/v2\/media\/5339"}],"wp:attachment":[{"href":"https:\/\/noticiasemdestaque.com\/cd\/index.php?rest_route=%2Fwp%2Fv2%2Fmedia&parent=5338"}],"wp:term":[{"taxonomy":"category","embeddable":true,"href":"https:\/\/noticiasemdestaque.com\/cd\/index.php?rest_route=%2Fwp%2Fv2%2Fcategories&post=5338"},{"taxonomy":"post_tag","embeddable":true,"href":"https:\/\/noticiasemdestaque.com\/cd\/index.php?rest_route=%2Fwp%2Fv2%2Ftags&post=5338"}],"curies":[{"name":"wp","href":"https:\/\/api.w.org\/{rel}","templated":true}]}}