{"id":53255,"date":"2023-12-04T21:31:41","date_gmt":"2023-12-05T00:31:41","guid":{"rendered":"https:\/\/noticiasemdestaque.com\/cd\/?p=53255"},"modified":"2023-12-04T21:31:41","modified_gmt":"2023-12-05T00:31:41","slug":"prefeitura-de-amparo-lanca-editais-da-lei-paulo-gustavo","status":"publish","type":"post","link":"https:\/\/noticiasemdestaque.com\/cd\/?p=53255","title":{"rendered":"Prefeitura de Amparo lan\u00e7a editais da Lei Paulo Gustavo"},"content":{"rendered":"<p><a href=\"https:\/\/noticiasemdestaque.com\/cd\/wp-content\/uploads\/2023\/12\/EDITAL-PAULO-GUSTAVO_001-scaled.jpg\"><img fetchpriority=\"high\" decoding=\"async\" class=\" wp-image-53256 aligncenter\" src=\"https:\/\/noticiasemdestaque.com\/cd\/wp-content\/uploads\/2023\/12\/EDITAL-PAULO-GUSTAVO_001-240x300.jpg\" alt=\"\" width=\"527\" height=\"659\" srcset=\"https:\/\/noticiasemdestaque.com\/cd\/wp-content\/uploads\/2023\/12\/EDITAL-PAULO-GUSTAVO_001-240x300.jpg 240w, https:\/\/noticiasemdestaque.com\/cd\/wp-content\/uploads\/2023\/12\/EDITAL-PAULO-GUSTAVO_001-819x1024.jpg 819w, https:\/\/noticiasemdestaque.com\/cd\/wp-content\/uploads\/2023\/12\/EDITAL-PAULO-GUSTAVO_001-768x960.jpg 768w, https:\/\/noticiasemdestaque.com\/cd\/wp-content\/uploads\/2023\/12\/EDITAL-PAULO-GUSTAVO_001-1229x1536.jpg 1229w, https:\/\/noticiasemdestaque.com\/cd\/wp-content\/uploads\/2023\/12\/EDITAL-PAULO-GUSTAVO_001-1638x2048.jpg 1638w, https:\/\/noticiasemdestaque.com\/cd\/wp-content\/uploads\/2023\/12\/EDITAL-PAULO-GUSTAVO_001-10x12.jpg 10w, https:\/\/noticiasemdestaque.com\/cd\/wp-content\/uploads\/2023\/12\/EDITAL-PAULO-GUSTAVO_001-scaled.jpg 2048w\" sizes=\"(max-width: 527px) 100vw, 527px\" \/><\/a><\/p>\n<p><span data-contrast=\"auto\">A prefeitura de Amparo publicou os editais da Lei Paulo Gustavo, at\u00e9 o dia 08 de dezembro, pessoas f\u00edsicas e jur\u00eddicas da \u00e1rea cultural, poder\u00e3o se inscrever e concorrer aos recursos da Lei Paulo Gustavo. Sendo selecionadas poder\u00e3o receber os valores dos projetos citados nos editais.<\/span><\/p>\n<p><span data-contrast=\"auto\">Confira os editais dispon\u00edveis:<\/span><\/p>\n<p><span data-contrast=\"auto\"><strong>Edital 001- Grava\u00e7\u00f5es de Document\u00e1rio<\/strong> \u2013\u00a0Este edital oferece vaga para (um) projeto no valor de R$ 25.031,00 (vinte e cinco mil e trinta e um reais).<\/span><span data-ccp-props=\"{&quot;201341983&quot;:0,&quot;335559739&quot;:160,&quot;335559740&quot;:259}\">\u00a0<\/span><\/p>\n<p><span data-contrast=\"auto\"><strong>Edital 002- Produ\u00e7\u00f5es Culturais<\/strong> \u2013\u00a0Este edital oferece vagas para 21 projetos entre M\u00fasica, Artesanato, Dan\u00e7a, Fotografia, Gastronomia, Artes Visuais e Designer Gr\u00e1fico nos valores de R$ 648,62 (seiscentos e quarenta e oito reais e sessenta e dois centavos) cada.<\/span><\/p>\n<p><img decoding=\"async\" class=\"aligncenter\" src=\"https:\/\/blogger.googleusercontent.com\/img\/a\/AVvXsEhyrrqBqS8jYGpxrZsUFyAvCtYNZPzeZpOGDy7-mxE-IYp5appkTjBMrZfCU5I_WJzqmGjfi00EKiePvltnKTPjNl777ElfzuXPBjjPXRhlfVg64nT5sHLRCkiTlJSj1JdrJle_5a2FpJ0LKpAgJENyPjiBzdfDoysos03ET3Ls5cBKm23xh6SezLCZ7o_3\" \/><\/p>\n<p><span data-contrast=\"auto\"><strong>Edital 003 &#8211; Oficinas de Audiovisual<\/strong> &#8211;\u00a0Este Edital contemplar\u00e1 02 Oficineiros com Projetos de Cursos de Capacita\u00e7\u00e3o e Forma\u00e7\u00e3o na \u00e1rea do audiovisual, no valor de R$ 1.436,29 (mil quatrocentos e trinta e seis reais e vinte e nove centavos) cada.<\/span><\/p>\n<p><span data-contrast=\"auto\"><strong>Edital 004 &#8211; Cinema Itinerante<\/strong> &#8211;\u00a0Este edital contemplar\u00e1 01 (um) projeto de Cinema Itinerante na \u00e1rea do audiovisual, no valor de R$ 5.721,51 (cinco mil setecentos e vinte e um reais e cinquenta e um centavos).<\/span><\/p>\n<p><span data-contrast=\"auto\">As inscri\u00e7\u00f5es s\u00e3o feitas de forma gratuita e devem ser realizadas de forma presencial exclusivamente na Secretaria de Assist\u00eancia Social, atrav\u00e9s de formul\u00e1rio disponibilizado no site da Prefeitura pelo link:\u00a0<a href=\"https:\/\/amparo.pb.gov.br\/leipaulogustavo\/\">https:\/\/amparo.pb.gov.br\/leipaulogustavo\/<\/a><\/span><a href=\"https:\/\/amparo.pb.gov.br\/leipaulogustavo\/\"><span data-ccp-props=\"{&quot;201341983&quot;:0,&quot;335559739&quot;:160,&quot;335559740&quot;:259}\">\u00a0<\/span><\/a><\/p>\n<p><span data-contrast=\"auto\">Resumo das p\u00e1ginas do Edital:<\/span><span data-ccp-props=\"{&quot;201341983&quot;:0,&quot;335559739&quot;:160,&quot;335559740&quot;:259}\">\u00a0<\/span><\/p>\n<p><span data-contrast=\"auto\">Edital 001: P\u00e1ginas 04 a 26<\/span><span data-ccp-props=\"{&quot;201341983&quot;:0,&quot;335559739&quot;:160,&quot;335559740&quot;:259}\">\u00a0<\/span><\/p>\n<p><span data-contrast=\"auto\">Edital 002: P\u00e1ginas 27 a 48<\/span><span data-ccp-props=\"{&quot;201341983&quot;:0,&quot;335559739&quot;:160,&quot;335559740&quot;:259}\">\u00a0<\/span><\/p>\n<p><span data-contrast=\"auto\">Edital 003: P\u00e1ginas 49 a 66<\/span><span data-ccp-props=\"{&quot;201341983&quot;:0,&quot;335559739&quot;:160,&quot;335559740&quot;:259}\">\u00a0<\/span><\/p>\n<p><span data-contrast=\"auto\">Edital 004: P\u00e1ginas 67 a 88<\/span><span data-ccp-props=\"{&quot;201341983&quot;:0,&quot;335559739&quot;:160,&quot;335559740&quot;:259}\">\u00a0<\/span><\/p>\n<p><strong>Noticias em Destaque<\/strong><\/p>\n<p style=\"text-align: right;\"><em>Fonte: Amparo Ligado<\/em><\/p>\n","protected":false},"excerpt":{"rendered":"<p>A prefeitura de Amparo publicou os editais da Lei Paulo Gustavo, at\u00e9 o dia 08 de dezembro, pessoas f\u00edsicas e jur\u00eddicas da \u00e1rea cultural, poder\u00e3o se inscrever e concorrer aos recursos da Lei Paulo Gustavo. Sendo selecionadas poder\u00e3o receber os valores dos projetos citados nos editais. Confira os editais dispon\u00edveis: Edital 001- Grava\u00e7\u00f5es de Document\u00e1rio \u2013\u00a0Este edital oferece vaga para (um) projeto no valor de R$ 25.031,00 (vinte e cinco mil e trinta e um reais).\u00a0 Edital 002- Produ\u00e7\u00f5es Culturais \u2013\u00a0Este edital oferece vagas para 21 projetos entre M\u00fasica, Artesanato, Dan\u00e7a, Fotografia, Gastronomia, Artes Visuais e Designer Gr\u00e1fico nos valores de R$ 648,62 (seiscentos e quarenta e oito reais e sessenta e dois centavos) cada. Edital 003 &#8211; Oficinas de Audiovisual &#8211;\u00a0Este Edital contemplar\u00e1 02 Oficineiros com Projetos de Cursos de Capacita\u00e7\u00e3o e Forma\u00e7\u00e3o na \u00e1rea do audiovisual, no valor de R$ 1.436,29 (mil quatrocentos e trinta e seis reais e vinte e nove centavos) cada. Edital 004 &#8211; Cinema Itinerante &#8211;\u00a0Este edital contemplar\u00e1 01 (um) projeto de Cinema Itinerante na \u00e1rea do audiovisual, no valor de R$ 5.721,51 (cinco mil setecentos e vinte e um reais e cinquenta e um centavos). As inscri\u00e7\u00f5es s\u00e3o feitas de forma gratuita e devem ser realizadas de forma presencial exclusivamente na Secretaria de Assist\u00eancia Social, atrav\u00e9s de formul\u00e1rio disponibilizado no site da Prefeitura pelo link:\u00a0https:\/\/amparo.pb.gov.br\/leipaulogustavo\/\u00a0 Resumo das p\u00e1ginas do Edital:\u00a0 Edital 001: P\u00e1ginas 04 a 26\u00a0 Edital 002: P\u00e1ginas 27 a 48\u00a0 Edital 003: P\u00e1ginas 49 a 66\u00a0 Edital 004: P\u00e1ginas 67 a 88\u00a0 Noticias em Destaque Fonte: Amparo Ligado<\/p>\n","protected":false},"author":2,"featured_media":53256,"comment_status":"closed","ping_status":"open","sticky":false,"template":"","format":"standard","meta":{"_eb_attr":"","_jetpack_memberships_contains_paid_content":false,"footnotes":""},"categories":[3],"tags":[],"class_list":["post-53255","post","type-post","status-publish","format-standard","has-post-thumbnail","hentry","category-cidades"],"yoast_head":"<!-- This site is optimized with the Yoast SEO plugin v26.5 - https:\/\/yoast.com\/wordpress\/plugins\/seo\/ -->\n<title>Prefeitura de Amparo lan\u00e7a editais da Lei Paulo Gustavo - Not&iacute;cias em Destaque<\/title>\n<meta name=\"robots\" content=\"index, follow, max-snippet:-1, max-image-preview:large, max-video-preview:-1\" \/>\n<link rel=\"canonical\" href=\"https:\/\/noticiasemdestaque.com\/cd\/?p=53255\" \/>\n<meta property=\"og:locale\" content=\"pt_BR\" \/>\n<meta property=\"og:type\" content=\"article\" \/>\n<meta property=\"og:title\" content=\"Prefeitura de Amparo lan\u00e7a editais da Lei Paulo Gustavo - Not&iacute;cias em Destaque\" \/>\n<meta property=\"og:description\" content=\"A prefeitura de Amparo publicou os editais da Lei Paulo Gustavo, at\u00e9 o dia 08 de dezembro, pessoas f\u00edsicas e jur\u00eddicas da \u00e1rea cultural, poder\u00e3o se inscrever e concorrer aos recursos da Lei Paulo Gustavo. Sendo selecionadas poder\u00e3o receber os valores dos projetos citados nos editais. Confira os editais dispon\u00edveis: Edital 001- Grava\u00e7\u00f5es de Document\u00e1rio \u2013\u00a0Este edital oferece vaga para (um) projeto no valor de R$ 25.031,00 (vinte e cinco mil e trinta e um reais).\u00a0 Edital 002- Produ\u00e7\u00f5es Culturais \u2013\u00a0Este edital oferece vagas para 21 projetos entre M\u00fasica, Artesanato, Dan\u00e7a, Fotografia, Gastronomia, Artes Visuais e Designer Gr\u00e1fico nos valores de R$ 648,62 (seiscentos e quarenta e oito reais e sessenta e dois centavos) cada. Edital 003 &#8211; Oficinas de Audiovisual &#8211;\u00a0Este Edital contemplar\u00e1 02 Oficineiros com Projetos de Cursos de Capacita\u00e7\u00e3o e Forma\u00e7\u00e3o na \u00e1rea do audiovisual, no valor de R$ 1.436,29 (mil quatrocentos e trinta e seis reais e vinte e nove centavos) cada. Edital 004 &#8211; Cinema Itinerante &#8211;\u00a0Este edital contemplar\u00e1 01 (um) projeto de Cinema Itinerante na \u00e1rea do audiovisual, no valor de R$ 5.721,51 (cinco mil setecentos e vinte e um reais e cinquenta e um centavos). As inscri\u00e7\u00f5es s\u00e3o feitas de forma gratuita e devem ser realizadas de forma presencial exclusivamente na Secretaria de Assist\u00eancia Social, atrav\u00e9s de formul\u00e1rio disponibilizado no site da Prefeitura pelo link:\u00a0https:\/\/amparo.pb.gov.br\/leipaulogustavo\/\u00a0 Resumo das p\u00e1ginas do Edital:\u00a0 Edital 001: P\u00e1ginas 04 a 26\u00a0 Edital 002: P\u00e1ginas 27 a 48\u00a0 Edital 003: P\u00e1ginas 49 a 66\u00a0 Edital 004: P\u00e1ginas 67 a 88\u00a0 Noticias em Destaque Fonte: Amparo Ligado\" \/>\n<meta property=\"og:url\" content=\"https:\/\/noticiasemdestaque.com\/cd\/?p=53255\" \/>\n<meta property=\"og:site_name\" content=\"Not&iacute;cias em Destaque\" \/>\n<meta property=\"article:published_time\" content=\"2023-12-05T00:31:41+00:00\" \/>\n<meta property=\"og:image\" content=\"https:\/\/noticiasemdestaque.com\/cd\/wp-content\/uploads\/2023\/12\/EDITAL-PAULO-GUSTAVO_001-scaled.jpg\" \/>\n\t<meta property=\"og:image:width\" content=\"2048\" \/>\n\t<meta property=\"og:image:height\" content=\"2560\" \/>\n\t<meta property=\"og:image:type\" content=\"image\/jpeg\" \/>\n<meta name=\"author\" content=\"Not\u00edcias em Destaque\" \/>\n<meta name=\"twitter:card\" content=\"summary_large_image\" \/>\n<meta name=\"twitter:label1\" content=\"Escrito por\" \/>\n\t<meta name=\"twitter:data1\" content=\"Not\u00edcias em Destaque\" \/>\n\t<meta name=\"twitter:label2\" content=\"Est. tempo de leitura\" \/>\n\t<meta name=\"twitter:data2\" content=\"2 minutos\" \/>\n<script type=\"application\/ld+json\" class=\"yoast-schema-graph\">{\"@context\":\"https:\/\/schema.org\",\"@graph\":[{\"@type\":\"Article\",\"@id\":\"https:\/\/noticiasemdestaque.com\/cd\/?p=53255#article\",\"isPartOf\":{\"@id\":\"https:\/\/noticiasemdestaque.com\/cd\/?p=53255\"},\"author\":{\"name\":\"Not\u00edcias em Destaque\",\"@id\":\"https:\/\/noticiasemdestaque.com\/cd\/#\/schema\/person\/967a459378479d4fa07976fedd8a7b5e\"},\"headline\":\"Prefeitura de Amparo lan\u00e7a editais da Lei Paulo Gustavo\",\"datePublished\":\"2023-12-05T00:31:41+00:00\",\"mainEntityOfPage\":{\"@id\":\"https:\/\/noticiasemdestaque.com\/cd\/?p=53255\"},\"wordCount\":276,\"publisher\":{\"@id\":\"https:\/\/noticiasemdestaque.com\/cd\/#organization\"},\"image\":{\"@id\":\"https:\/\/noticiasemdestaque.com\/cd\/?p=53255#primaryimage\"},\"thumbnailUrl\":\"https:\/\/noticiasemdestaque.com\/cd\/wp-content\/uploads\/2023\/12\/EDITAL-PAULO-GUSTAVO_001-scaled.jpg\",\"articleSection\":[\"Cidades\"],\"inLanguage\":\"pt-BR\"},{\"@type\":\"WebPage\",\"@id\":\"https:\/\/noticiasemdestaque.com\/cd\/?p=53255\",\"url\":\"https:\/\/noticiasemdestaque.com\/cd\/?p=53255\",\"name\":\"Prefeitura de Amparo lan\u00e7a editais da Lei Paulo Gustavo - Not&iacute;cias em Destaque\",\"isPartOf\":{\"@id\":\"https:\/\/noticiasemdestaque.com\/cd\/#website\"},\"primaryImageOfPage\":{\"@id\":\"https:\/\/noticiasemdestaque.com\/cd\/?p=53255#primaryimage\"},\"image\":{\"@id\":\"https:\/\/noticiasemdestaque.com\/cd\/?p=53255#primaryimage\"},\"thumbnailUrl\":\"https:\/\/noticiasemdestaque.com\/cd\/wp-content\/uploads\/2023\/12\/EDITAL-PAULO-GUSTAVO_001-scaled.jpg\",\"datePublished\":\"2023-12-05T00:31:41+00:00\",\"breadcrumb\":{\"@id\":\"https:\/\/noticiasemdestaque.com\/cd\/?p=53255#breadcrumb\"},\"inLanguage\":\"pt-BR\",\"potentialAction\":[{\"@type\":\"ReadAction\",\"target\":[\"https:\/\/noticiasemdestaque.com\/cd\/?p=53255\"]}]},{\"@type\":\"ImageObject\",\"inLanguage\":\"pt-BR\",\"@id\":\"https:\/\/noticiasemdestaque.com\/cd\/?p=53255#primaryimage\",\"url\":\"https:\/\/noticiasemdestaque.com\/cd\/wp-content\/uploads\/2023\/12\/EDITAL-PAULO-GUSTAVO_001-scaled.jpg\",\"contentUrl\":\"https:\/\/noticiasemdestaque.com\/cd\/wp-content\/uploads\/2023\/12\/EDITAL-PAULO-GUSTAVO_001-scaled.jpg\",\"width\":2048,\"height\":2560},{\"@type\":\"BreadcrumbList\",\"@id\":\"https:\/\/noticiasemdestaque.com\/cd\/?p=53255#breadcrumb\",\"itemListElement\":[{\"@type\":\"ListItem\",\"position\":1,\"name\":\"In\u00edcio\",\"item\":\"https:\/\/noticiasemdestaque.com\/cd\/\"},{\"@type\":\"ListItem\",\"position\":2,\"name\":\"Prefeitura de Amparo lan\u00e7a editais da Lei Paulo Gustavo\"}]},{\"@type\":\"WebSite\",\"@id\":\"https:\/\/noticiasemdestaque.com\/cd\/#website\",\"url\":\"https:\/\/noticiasemdestaque.com\/cd\/\",\"name\":\"Not&iacute;cias em Destaque\",\"description\":\"\",\"publisher\":{\"@id\":\"https:\/\/noticiasemdestaque.com\/cd\/#organization\"},\"potentialAction\":[{\"@type\":\"SearchAction\",\"target\":{\"@type\":\"EntryPoint\",\"urlTemplate\":\"https:\/\/noticiasemdestaque.com\/cd\/?s={search_term_string}\"},\"query-input\":{\"@type\":\"PropertyValueSpecification\",\"valueRequired\":true,\"valueName\":\"search_term_string\"}}],\"inLanguage\":\"pt-BR\"},{\"@type\":\"Organization\",\"@id\":\"https:\/\/noticiasemdestaque.com\/cd\/#organization\",\"name\":\"Not\u00edcias em Destaque\",\"url\":\"https:\/\/noticiasemdestaque.com\/cd\/\",\"logo\":{\"@type\":\"ImageObject\",\"inLanguage\":\"pt-BR\",\"@id\":\"https:\/\/noticiasemdestaque.com\/cd\/#\/schema\/logo\/image\/\",\"url\":\"https:\/\/noticiasemdestaque.com\/cd\/wp-content\/uploads\/2022\/05\/imagem-base-noticiasemdestaque.png\",\"contentUrl\":\"https:\/\/noticiasemdestaque.com\/cd\/wp-content\/uploads\/2022\/05\/imagem-base-noticiasemdestaque.png\",\"width\":1200,\"height\":630,\"caption\":\"Not\u00edcias em Destaque\"},\"image\":{\"@id\":\"https:\/\/noticiasemdestaque.com\/cd\/#\/schema\/logo\/image\/\"}},{\"@type\":\"Person\",\"@id\":\"https:\/\/noticiasemdestaque.com\/cd\/#\/schema\/person\/967a459378479d4fa07976fedd8a7b5e\",\"name\":\"Not\u00edcias em Destaque\",\"url\":\"https:\/\/noticiasemdestaque.com\/cd\/?author=2\"}]}<\/script>\n<!-- \/ Yoast SEO plugin. -->","yoast_head_json":{"title":"Prefeitura de Amparo lan\u00e7a editais da Lei Paulo Gustavo - Not&iacute;cias em Destaque","robots":{"index":"index","follow":"follow","max-snippet":"max-snippet:-1","max-image-preview":"max-image-preview:large","max-video-preview":"max-video-preview:-1"},"canonical":"https:\/\/noticiasemdestaque.com\/cd\/?p=53255","og_locale":"pt_BR","og_type":"article","og_title":"Prefeitura de Amparo lan\u00e7a editais da Lei Paulo Gustavo - Not&iacute;cias em Destaque","og_description":"A prefeitura de Amparo publicou os editais da Lei Paulo Gustavo, at\u00e9 o dia 08 de dezembro, pessoas f\u00edsicas e jur\u00eddicas da \u00e1rea cultural, poder\u00e3o se inscrever e concorrer aos recursos da Lei Paulo Gustavo. Sendo selecionadas poder\u00e3o receber os valores dos projetos citados nos editais. Confira os editais dispon\u00edveis: Edital 001- Grava\u00e7\u00f5es de Document\u00e1rio \u2013\u00a0Este edital oferece vaga para (um) projeto no valor de R$ 25.031,00 (vinte e cinco mil e trinta e um reais).\u00a0 Edital 002- Produ\u00e7\u00f5es Culturais \u2013\u00a0Este edital oferece vagas para 21 projetos entre M\u00fasica, Artesanato, Dan\u00e7a, Fotografia, Gastronomia, Artes Visuais e Designer Gr\u00e1fico nos valores de R$ 648,62 (seiscentos e quarenta e oito reais e sessenta e dois centavos) cada. Edital 003 &#8211; Oficinas de Audiovisual &#8211;\u00a0Este Edital contemplar\u00e1 02 Oficineiros com Projetos de Cursos de Capacita\u00e7\u00e3o e Forma\u00e7\u00e3o na \u00e1rea do audiovisual, no valor de R$ 1.436,29 (mil quatrocentos e trinta e seis reais e vinte e nove centavos) cada. Edital 004 &#8211; Cinema Itinerante &#8211;\u00a0Este edital contemplar\u00e1 01 (um) projeto de Cinema Itinerante na \u00e1rea do audiovisual, no valor de R$ 5.721,51 (cinco mil setecentos e vinte e um reais e cinquenta e um centavos). As inscri\u00e7\u00f5es s\u00e3o feitas de forma gratuita e devem ser realizadas de forma presencial exclusivamente na Secretaria de Assist\u00eancia Social, atrav\u00e9s de formul\u00e1rio disponibilizado no site da Prefeitura pelo link:\u00a0https:\/\/amparo.pb.gov.br\/leipaulogustavo\/\u00a0 Resumo das p\u00e1ginas do Edital:\u00a0 Edital 001: P\u00e1ginas 04 a 26\u00a0 Edital 002: P\u00e1ginas 27 a 48\u00a0 Edital 003: P\u00e1ginas 49 a 66\u00a0 Edital 004: P\u00e1ginas 67 a 88\u00a0 Noticias em Destaque Fonte: Amparo Ligado","og_url":"https:\/\/noticiasemdestaque.com\/cd\/?p=53255","og_site_name":"Not&iacute;cias em Destaque","article_published_time":"2023-12-05T00:31:41+00:00","og_image":[{"width":2048,"height":2560,"url":"https:\/\/noticiasemdestaque.com\/cd\/wp-content\/uploads\/2023\/12\/EDITAL-PAULO-GUSTAVO_001-scaled.jpg","type":"image\/jpeg"}],"author":"Not\u00edcias em Destaque","twitter_card":"summary_large_image","twitter_misc":{"Escrito por":"Not\u00edcias em Destaque","Est. tempo de leitura":"2 minutos"},"schema":{"@context":"https:\/\/schema.org","@graph":[{"@type":"Article","@id":"https:\/\/noticiasemdestaque.com\/cd\/?p=53255#article","isPartOf":{"@id":"https:\/\/noticiasemdestaque.com\/cd\/?p=53255"},"author":{"name":"Not\u00edcias em Destaque","@id":"https:\/\/noticiasemdestaque.com\/cd\/#\/schema\/person\/967a459378479d4fa07976fedd8a7b5e"},"headline":"Prefeitura de Amparo lan\u00e7a editais da Lei Paulo Gustavo","datePublished":"2023-12-05T00:31:41+00:00","mainEntityOfPage":{"@id":"https:\/\/noticiasemdestaque.com\/cd\/?p=53255"},"wordCount":276,"publisher":{"@id":"https:\/\/noticiasemdestaque.com\/cd\/#organization"},"image":{"@id":"https:\/\/noticiasemdestaque.com\/cd\/?p=53255#primaryimage"},"thumbnailUrl":"https:\/\/noticiasemdestaque.com\/cd\/wp-content\/uploads\/2023\/12\/EDITAL-PAULO-GUSTAVO_001-scaled.jpg","articleSection":["Cidades"],"inLanguage":"pt-BR"},{"@type":"WebPage","@id":"https:\/\/noticiasemdestaque.com\/cd\/?p=53255","url":"https:\/\/noticiasemdestaque.com\/cd\/?p=53255","name":"Prefeitura de Amparo lan\u00e7a editais da Lei Paulo Gustavo - Not&iacute;cias em Destaque","isPartOf":{"@id":"https:\/\/noticiasemdestaque.com\/cd\/#website"},"primaryImageOfPage":{"@id":"https:\/\/noticiasemdestaque.com\/cd\/?p=53255#primaryimage"},"image":{"@id":"https:\/\/noticiasemdestaque.com\/cd\/?p=53255#primaryimage"},"thumbnailUrl":"https:\/\/noticiasemdestaque.com\/cd\/wp-content\/uploads\/2023\/12\/EDITAL-PAULO-GUSTAVO_001-scaled.jpg","datePublished":"2023-12-05T00:31:41+00:00","breadcrumb":{"@id":"https:\/\/noticiasemdestaque.com\/cd\/?p=53255#breadcrumb"},"inLanguage":"pt-BR","potentialAction":[{"@type":"ReadAction","target":["https:\/\/noticiasemdestaque.com\/cd\/?p=53255"]}]},{"@type":"ImageObject","inLanguage":"pt-BR","@id":"https:\/\/noticiasemdestaque.com\/cd\/?p=53255#primaryimage","url":"https:\/\/noticiasemdestaque.com\/cd\/wp-content\/uploads\/2023\/12\/EDITAL-PAULO-GUSTAVO_001-scaled.jpg","contentUrl":"https:\/\/noticiasemdestaque.com\/cd\/wp-content\/uploads\/2023\/12\/EDITAL-PAULO-GUSTAVO_001-scaled.jpg","width":2048,"height":2560},{"@type":"BreadcrumbList","@id":"https:\/\/noticiasemdestaque.com\/cd\/?p=53255#breadcrumb","itemListElement":[{"@type":"ListItem","position":1,"name":"In\u00edcio","item":"https:\/\/noticiasemdestaque.com\/cd\/"},{"@type":"ListItem","position":2,"name":"Prefeitura de Amparo lan\u00e7a editais da Lei Paulo Gustavo"}]},{"@type":"WebSite","@id":"https:\/\/noticiasemdestaque.com\/cd\/#website","url":"https:\/\/noticiasemdestaque.com\/cd\/","name":"Not&iacute;cias em Destaque","description":"","publisher":{"@id":"https:\/\/noticiasemdestaque.com\/cd\/#organization"},"potentialAction":[{"@type":"SearchAction","target":{"@type":"EntryPoint","urlTemplate":"https:\/\/noticiasemdestaque.com\/cd\/?s={search_term_string}"},"query-input":{"@type":"PropertyValueSpecification","valueRequired":true,"valueName":"search_term_string"}}],"inLanguage":"pt-BR"},{"@type":"Organization","@id":"https:\/\/noticiasemdestaque.com\/cd\/#organization","name":"Not\u00edcias em Destaque","url":"https:\/\/noticiasemdestaque.com\/cd\/","logo":{"@type":"ImageObject","inLanguage":"pt-BR","@id":"https:\/\/noticiasemdestaque.com\/cd\/#\/schema\/logo\/image\/","url":"https:\/\/noticiasemdestaque.com\/cd\/wp-content\/uploads\/2022\/05\/imagem-base-noticiasemdestaque.png","contentUrl":"https:\/\/noticiasemdestaque.com\/cd\/wp-content\/uploads\/2022\/05\/imagem-base-noticiasemdestaque.png","width":1200,"height":630,"caption":"Not\u00edcias em Destaque"},"image":{"@id":"https:\/\/noticiasemdestaque.com\/cd\/#\/schema\/logo\/image\/"}},{"@type":"Person","@id":"https:\/\/noticiasemdestaque.com\/cd\/#\/schema\/person\/967a459378479d4fa07976fedd8a7b5e","name":"Not\u00edcias em Destaque","url":"https:\/\/noticiasemdestaque.com\/cd\/?author=2"}]}},"jetpack_featured_media_url":"https:\/\/noticiasemdestaque.com\/cd\/wp-content\/uploads\/2023\/12\/EDITAL-PAULO-GUSTAVO_001-scaled.jpg","jetpack_sharing_enabled":true,"_links":{"self":[{"href":"https:\/\/noticiasemdestaque.com\/cd\/index.php?rest_route=\/wp\/v2\/posts\/53255","targetHints":{"allow":["GET"]}}],"collection":[{"href":"https:\/\/noticiasemdestaque.com\/cd\/index.php?rest_route=\/wp\/v2\/posts"}],"about":[{"href":"https:\/\/noticiasemdestaque.com\/cd\/index.php?rest_route=\/wp\/v2\/types\/post"}],"author":[{"embeddable":true,"href":"https:\/\/noticiasemdestaque.com\/cd\/index.php?rest_route=\/wp\/v2\/users\/2"}],"replies":[{"embeddable":true,"href":"https:\/\/noticiasemdestaque.com\/cd\/index.php?rest_route=%2Fwp%2Fv2%2Fcomments&post=53255"}],"version-history":[{"count":1,"href":"https:\/\/noticiasemdestaque.com\/cd\/index.php?rest_route=\/wp\/v2\/posts\/53255\/revisions"}],"predecessor-version":[{"id":53257,"href":"https:\/\/noticiasemdestaque.com\/cd\/index.php?rest_route=\/wp\/v2\/posts\/53255\/revisions\/53257"}],"wp:featuredmedia":[{"embeddable":true,"href":"https:\/\/noticiasemdestaque.com\/cd\/index.php?rest_route=\/wp\/v2\/media\/53256"}],"wp:attachment":[{"href":"https:\/\/noticiasemdestaque.com\/cd\/index.php?rest_route=%2Fwp%2Fv2%2Fmedia&parent=53255"}],"wp:term":[{"taxonomy":"category","embeddable":true,"href":"https:\/\/noticiasemdestaque.com\/cd\/index.php?rest_route=%2Fwp%2Fv2%2Fcategories&post=53255"},{"taxonomy":"post_tag","embeddable":true,"href":"https:\/\/noticiasemdestaque.com\/cd\/index.php?rest_route=%2Fwp%2Fv2%2Ftags&post=53255"}],"curies":[{"name":"wp","href":"https:\/\/api.w.org\/{rel}","templated":true}]}}