{"id":53249,"date":"2023-12-04T21:25:57","date_gmt":"2023-12-05T00:25:57","guid":{"rendered":"https:\/\/noticiasemdestaque.com\/cd\/?p=53249"},"modified":"2023-12-04T21:25:57","modified_gmt":"2023-12-05T00:25:57","slug":"prefeito-eden-duarte-entrega-pavimentacao-e-promove-servicos-essenciais-para-o-bairro-do-alto-alegre","status":"publish","type":"post","link":"https:\/\/noticiasemdestaque.com\/cd\/?p=53249","title":{"rendered":"Prefeito \u00c9den Duarte entrega pavimenta\u00e7\u00e3o e promove servi\u00e7os essenciais para o bairro do Alto Alegre"},"content":{"rendered":"<p><a href=\"https:\/\/noticiasemdestaque.com\/cd\/wp-content\/uploads\/2023\/12\/capa.jpg\"><img fetchpriority=\"high\" decoding=\"async\" class=\" wp-image-53250 aligncenter\" src=\"https:\/\/noticiasemdestaque.com\/cd\/wp-content\/uploads\/2023\/12\/capa-300x200.jpg\" alt=\"\" width=\"699\" height=\"466\" srcset=\"https:\/\/noticiasemdestaque.com\/cd\/wp-content\/uploads\/2023\/12\/capa-300x200.jpg 300w, https:\/\/noticiasemdestaque.com\/cd\/wp-content\/uploads\/2023\/12\/capa-768x512.jpg 768w, https:\/\/noticiasemdestaque.com\/cd\/wp-content\/uploads\/2023\/12\/capa-18x12.jpg 18w, https:\/\/noticiasemdestaque.com\/cd\/wp-content\/uploads\/2023\/12\/capa.jpg 900w\" sizes=\"(max-width: 699px) 100vw, 699px\" \/><\/a><\/p>\n<p>Em busca do desenvolvimento urbano e da melhoria do bem-estar da comunidade sumeense, o prefeito \u00c9den Duarte realizou, na manh\u00e3 desta sexta-feira, 01, a entrega de obras de pavimenta\u00e7\u00e3o em nosso munic\u00edpio. A iniciativa integrou uma s\u00e9rie de a\u00e7\u00f5es que visam n\u00e3o apenas a infraestrutura, mas tamb\u00e9m a promo\u00e7\u00e3o da sa\u00fade e servi\u00e7os \u00e0 popula\u00e7\u00e3o local.<\/p>\n<p>A cerim\u00f4nia de entrega, que ocorreu no bairro Alto Alegre, foi marcada n\u00e3o apenas pela conclus\u00e3o das melhorias asf\u00e1lticas nas ruas Manoel Gomes de Assis, Jo\u00e3o Fogueteiro e Maria das Neves, mas tamb\u00e9m pela realiza\u00e7\u00e3o de uma feira de servi\u00e7os, coordenada pela Secretaria Municipal de Sa\u00fade, Assist\u00eancia Social e CRIAMC.<\/p>\n<p>As a\u00e7\u00f5es nas vias contemplaram n\u00e3o apenas a pavimenta\u00e7\u00e3o, mas tamb\u00e9m a instala\u00e7\u00e3o de placas de sinaliza\u00e7\u00e3o e rampas de acessibilidade, contribuindo para a seguran\u00e7a e mobilidade dos moradores. O investimento total de R$ 147.147,71 mil foi poss\u00edvel mediante a emenda do Deputado Wellington Roberto, somada \u00e0 contrapartida da Prefeitura de Sum\u00e9.<\/p>\n<p>Esta iniciativa reflete o firme compromisso da administra\u00e7\u00e3o municipal, liderada pelo prefeito \u00c9den Duarte e pelo vice-prefeito Manezinho Louren\u00e7o, com o bem-estar e o desenvolvimento cont\u00ednuo da popula\u00e7\u00e3o sumeense. Tal comprometimento foi formalizado por meio do Or\u00e7amento Democr\u00e1tico Municipal, com a colabora\u00e7\u00e3o da C\u00e2mara de Vereadores.<\/p>\n<p><a href=\"https:\/\/noticiasemdestaque.com\/cd\/wp-content\/uploads\/2023\/12\/2.jpg\"><img decoding=\"async\" class=\" wp-image-53252 aligncenter\" src=\"https:\/\/noticiasemdestaque.com\/cd\/wp-content\/uploads\/2023\/12\/2-300x200.jpg\" alt=\"\" width=\"518\" height=\"345\" srcset=\"https:\/\/noticiasemdestaque.com\/cd\/wp-content\/uploads\/2023\/12\/2-300x200.jpg 300w, https:\/\/noticiasemdestaque.com\/cd\/wp-content\/uploads\/2023\/12\/2-768x512.jpg 768w, https:\/\/noticiasemdestaque.com\/cd\/wp-content\/uploads\/2023\/12\/2-18x12.jpg 18w, https:\/\/noticiasemdestaque.com\/cd\/wp-content\/uploads\/2023\/12\/2.jpg 900w\" sizes=\"(max-width: 518px) 100vw, 518px\" \/><\/a><\/p>\n<p>Paralelamente \u00e0 entrega das obras, a feira de servi\u00e7os proporcionou \u00e0 comunidade atendimento: m\u00e9dicos, enfermagem, vacina\u00e7\u00e3o, marca\u00e7\u00e3o de exames e consultas, CastraPet, fisioterapia e sa\u00fade bucal, esmalta\u00e7\u00e3o e corte de cabelos, assessoria jur\u00eddica gratuita, CREAS, CRAS, Crian\u00e7a Feliz, Servi\u00e7os de Conviv\u00eancia e Fortalecimento de V\u00ednculos, PAA, Cad\u00danico\/Bolsa Fam\u00edlia e apresenta\u00e7\u00e3o da fanfarra municipal da Assist\u00eancia Social, formada por jovens do Servi\u00e7o de Conviv\u00eancia, utilizando instrumentos musicais adquiridos por meio do Conselho Municipal dos Direitos da Crian\u00e7a e do Adolescente e diversos outros servi\u00e7os sociais, incluindo apoio \u00e0s mulheres v\u00edtimas de viol\u00eancia dom\u00e9stica e sexual.<\/p>\n<p>Al\u00e9m do prefeito \u00c9den Duarte, a solenidade contou com a presen\u00e7a dos secret\u00e1rios de Obras e Servi\u00e7os Urbanos, Gian Braz, Educa\u00e7\u00e3o, Bonilson Tim\u00f3teo e Sa\u00fade, Tanniery L\u00eala, dos vereadores Ant\u00f4nio Carlos Sarmento, Dami\u00e3o Rildo, Daniel L\u00eala (presidente) e Jos\u00e9 Ant\u00f4nio, do conselheiros do ODM, Ulysses, juntamente com a presen\u00e7a de familiares dos homenageados, dona Ant\u00f4nia e Ver\u00f4nica (vi\u00fava e filha de Manoel Gomes) e Novinho e Nenem (filhos de Maria das Neves), al\u00e9m da popula\u00e7\u00e3o do bairro.<\/p>\n<p>Desde o in\u00edcio de seu mandato, o prefeito \u00c9den Duarte tem implementado um ambicioso programa de pavimenta\u00e7\u00e3o, que se configura como o maior da hist\u00f3ria de Sum\u00e9. Este compromisso reflete o cont\u00ednuo esfor\u00e7o para proporcionar uma qualidade de vida aos cidad\u00e3os sumeenses, tornando a cidade como um local prop\u00edcio ao desenvolvimento sustent\u00e1vel e \u00e0 prosperidade.<\/p>\n<p><a href=\"https:\/\/noticiasemdestaque.com\/cd\/wp-content\/uploads\/2023\/12\/1.jpg\"><img decoding=\"async\" class=\" wp-image-53251 aligncenter\" src=\"https:\/\/noticiasemdestaque.com\/cd\/wp-content\/uploads\/2023\/12\/1-300x200.jpg\" alt=\"\" width=\"477\" height=\"318\" srcset=\"https:\/\/noticiasemdestaque.com\/cd\/wp-content\/uploads\/2023\/12\/1-300x200.jpg 300w, https:\/\/noticiasemdestaque.com\/cd\/wp-content\/uploads\/2023\/12\/1-768x512.jpg 768w, https:\/\/noticiasemdestaque.com\/cd\/wp-content\/uploads\/2023\/12\/1-18x12.jpg 18w, https:\/\/noticiasemdestaque.com\/cd\/wp-content\/uploads\/2023\/12\/1.jpg 900w\" sizes=\"(max-width: 477px) 100vw, 477px\" \/><\/a><\/p>\n<p><a href=\"https:\/\/noticiasemdestaque.com\/cd\/wp-content\/uploads\/2023\/12\/3.jpg\"><img loading=\"lazy\" decoding=\"async\" class=\" wp-image-53253 aligncenter\" src=\"https:\/\/noticiasemdestaque.com\/cd\/wp-content\/uploads\/2023\/12\/3-300x200.jpg\" alt=\"\" width=\"624\" height=\"416\" srcset=\"https:\/\/noticiasemdestaque.com\/cd\/wp-content\/uploads\/2023\/12\/3-300x200.jpg 300w, https:\/\/noticiasemdestaque.com\/cd\/wp-content\/uploads\/2023\/12\/3-768x512.jpg 768w, https:\/\/noticiasemdestaque.com\/cd\/wp-content\/uploads\/2023\/12\/3-18x12.jpg 18w, https:\/\/noticiasemdestaque.com\/cd\/wp-content\/uploads\/2023\/12\/3.jpg 900w\" sizes=\"(max-width: 624px) 100vw, 624px\" \/><\/a><\/p>\n<p><strong>Noticias em Destaque<\/strong><\/p>\n<p style=\"text-align: right;\"><em>Fonte: Ascom\/PMS<\/em><\/p>\n","protected":false},"excerpt":{"rendered":"<p>Em busca do desenvolvimento urbano e da melhoria do bem-estar da comunidade sumeense, o prefeito \u00c9den Duarte realizou, na manh\u00e3 desta sexta-feira, 01, a entrega de obras de pavimenta\u00e7\u00e3o em nosso munic\u00edpio. A iniciativa integrou uma s\u00e9rie de a\u00e7\u00f5es que visam n\u00e3o apenas a infraestrutura, mas tamb\u00e9m a promo\u00e7\u00e3o da sa\u00fade e servi\u00e7os \u00e0 popula\u00e7\u00e3o local. A cerim\u00f4nia de entrega, que ocorreu no bairro Alto Alegre, foi marcada n\u00e3o apenas pela conclus\u00e3o das melhorias asf\u00e1lticas nas ruas Manoel Gomes de Assis, Jo\u00e3o Fogueteiro e Maria das Neves, mas tamb\u00e9m pela realiza\u00e7\u00e3o de uma feira de servi\u00e7os, coordenada pela Secretaria Municipal de Sa\u00fade, Assist\u00eancia Social e CRIAMC. As a\u00e7\u00f5es nas vias contemplaram n\u00e3o apenas a pavimenta\u00e7\u00e3o, mas tamb\u00e9m a instala\u00e7\u00e3o de placas de sinaliza\u00e7\u00e3o e rampas de acessibilidade, contribuindo para a seguran\u00e7a e mobilidade dos moradores. O investimento total de R$ 147.147,71 mil foi poss\u00edvel mediante a emenda do Deputado Wellington Roberto, somada \u00e0 contrapartida da Prefeitura de Sum\u00e9. Esta iniciativa reflete o firme compromisso da administra\u00e7\u00e3o municipal, liderada pelo prefeito \u00c9den Duarte e pelo vice-prefeito Manezinho Louren\u00e7o, com o bem-estar e o desenvolvimento cont\u00ednuo da popula\u00e7\u00e3o sumeense. Tal comprometimento foi formalizado por meio do Or\u00e7amento Democr\u00e1tico Municipal, com a colabora\u00e7\u00e3o da C\u00e2mara de Vereadores. Paralelamente \u00e0 entrega das obras, a feira de servi\u00e7os proporcionou \u00e0 comunidade atendimento: m\u00e9dicos, enfermagem, vacina\u00e7\u00e3o, marca\u00e7\u00e3o de exames e consultas, CastraPet, fisioterapia e sa\u00fade bucal, esmalta\u00e7\u00e3o e corte de cabelos, assessoria jur\u00eddica gratuita, CREAS, CRAS, Crian\u00e7a Feliz, Servi\u00e7os de Conviv\u00eancia e Fortalecimento de V\u00ednculos, PAA, Cad\u00danico\/Bolsa Fam\u00edlia e apresenta\u00e7\u00e3o da fanfarra municipal da Assist\u00eancia Social, formada por jovens do Servi\u00e7o de Conviv\u00eancia, utilizando instrumentos musicais adquiridos por meio do Conselho Municipal dos Direitos da Crian\u00e7a e do Adolescente e diversos outros servi\u00e7os sociais, incluindo apoio \u00e0s mulheres v\u00edtimas de viol\u00eancia dom\u00e9stica e sexual. Al\u00e9m do prefeito \u00c9den Duarte, a solenidade contou com a presen\u00e7a dos secret\u00e1rios de Obras e Servi\u00e7os Urbanos, Gian Braz, Educa\u00e7\u00e3o, Bonilson Tim\u00f3teo e Sa\u00fade, Tanniery L\u00eala, dos vereadores Ant\u00f4nio Carlos Sarmento, Dami\u00e3o Rildo, Daniel L\u00eala (presidente) e Jos\u00e9 Ant\u00f4nio, do conselheiros do ODM, Ulysses, juntamente com a presen\u00e7a de familiares dos homenageados, dona Ant\u00f4nia e Ver\u00f4nica (vi\u00fava e filha de Manoel Gomes) e Novinho e Nenem (filhos de Maria das Neves), al\u00e9m da popula\u00e7\u00e3o do bairro. Desde o in\u00edcio de seu mandato, o prefeito \u00c9den Duarte tem implementado um ambicioso programa de pavimenta\u00e7\u00e3o, que se configura como o maior da hist\u00f3ria de Sum\u00e9. Este compromisso reflete o cont\u00ednuo esfor\u00e7o para proporcionar uma qualidade de vida aos cidad\u00e3os sumeenses, tornando a cidade como um local prop\u00edcio ao desenvolvimento sustent\u00e1vel e \u00e0 prosperidade. Noticias em Destaque Fonte: Ascom\/PMS<\/p>\n","protected":false},"author":2,"featured_media":53250,"comment_status":"closed","ping_status":"open","sticky":false,"template":"","format":"standard","meta":{"_eb_attr":"","_jetpack_memberships_contains_paid_content":false,"footnotes":""},"categories":[3],"tags":[],"class_list":["post-53249","post","type-post","status-publish","format-standard","has-post-thumbnail","hentry","category-cidades"],"yoast_head":"<!-- This site is optimized with the Yoast SEO plugin v26.5 - https:\/\/yoast.com\/wordpress\/plugins\/seo\/ -->\n<title>Prefeito \u00c9den Duarte entrega pavimenta\u00e7\u00e3o e promove servi\u00e7os essenciais para o bairro do Alto Alegre - Not&iacute;cias em Destaque<\/title>\n<meta name=\"robots\" content=\"index, follow, max-snippet:-1, max-image-preview:large, max-video-preview:-1\" \/>\n<link rel=\"canonical\" href=\"https:\/\/noticiasemdestaque.com\/cd\/?p=53249\" \/>\n<meta property=\"og:locale\" content=\"pt_BR\" \/>\n<meta property=\"og:type\" content=\"article\" \/>\n<meta property=\"og:title\" content=\"Prefeito \u00c9den Duarte entrega pavimenta\u00e7\u00e3o e promove servi\u00e7os essenciais para o bairro do Alto Alegre - Not&iacute;cias em Destaque\" \/>\n<meta property=\"og:description\" content=\"Em busca do desenvolvimento urbano e da melhoria do bem-estar da comunidade sumeense, o prefeito \u00c9den Duarte realizou, na manh\u00e3 desta sexta-feira, 01, a entrega de obras de pavimenta\u00e7\u00e3o em nosso munic\u00edpio. A iniciativa integrou uma s\u00e9rie de a\u00e7\u00f5es que visam n\u00e3o apenas a infraestrutura, mas tamb\u00e9m a promo\u00e7\u00e3o da sa\u00fade e servi\u00e7os \u00e0 popula\u00e7\u00e3o local. A cerim\u00f4nia de entrega, que ocorreu no bairro Alto Alegre, foi marcada n\u00e3o apenas pela conclus\u00e3o das melhorias asf\u00e1lticas nas ruas Manoel Gomes de Assis, Jo\u00e3o Fogueteiro e Maria das Neves, mas tamb\u00e9m pela realiza\u00e7\u00e3o de uma feira de servi\u00e7os, coordenada pela Secretaria Municipal de Sa\u00fade, Assist\u00eancia Social e CRIAMC. As a\u00e7\u00f5es nas vias contemplaram n\u00e3o apenas a pavimenta\u00e7\u00e3o, mas tamb\u00e9m a instala\u00e7\u00e3o de placas de sinaliza\u00e7\u00e3o e rampas de acessibilidade, contribuindo para a seguran\u00e7a e mobilidade dos moradores. O investimento total de R$ 147.147,71 mil foi poss\u00edvel mediante a emenda do Deputado Wellington Roberto, somada \u00e0 contrapartida da Prefeitura de Sum\u00e9. Esta iniciativa reflete o firme compromisso da administra\u00e7\u00e3o municipal, liderada pelo prefeito \u00c9den Duarte e pelo vice-prefeito Manezinho Louren\u00e7o, com o bem-estar e o desenvolvimento cont\u00ednuo da popula\u00e7\u00e3o sumeense. Tal comprometimento foi formalizado por meio do Or\u00e7amento Democr\u00e1tico Municipal, com a colabora\u00e7\u00e3o da C\u00e2mara de Vereadores. Paralelamente \u00e0 entrega das obras, a feira de servi\u00e7os proporcionou \u00e0 comunidade atendimento: m\u00e9dicos, enfermagem, vacina\u00e7\u00e3o, marca\u00e7\u00e3o de exames e consultas, CastraPet, fisioterapia e sa\u00fade bucal, esmalta\u00e7\u00e3o e corte de cabelos, assessoria jur\u00eddica gratuita, CREAS, CRAS, Crian\u00e7a Feliz, Servi\u00e7os de Conviv\u00eancia e Fortalecimento de V\u00ednculos, PAA, Cad\u00danico\/Bolsa Fam\u00edlia e apresenta\u00e7\u00e3o da fanfarra municipal da Assist\u00eancia Social, formada por jovens do Servi\u00e7o de Conviv\u00eancia, utilizando instrumentos musicais adquiridos por meio do Conselho Municipal dos Direitos da Crian\u00e7a e do Adolescente e diversos outros servi\u00e7os sociais, incluindo apoio \u00e0s mulheres v\u00edtimas de viol\u00eancia dom\u00e9stica e sexual. Al\u00e9m do prefeito \u00c9den Duarte, a solenidade contou com a presen\u00e7a dos secret\u00e1rios de Obras e Servi\u00e7os Urbanos, Gian Braz, Educa\u00e7\u00e3o, Bonilson Tim\u00f3teo e Sa\u00fade, Tanniery L\u00eala, dos vereadores Ant\u00f4nio Carlos Sarmento, Dami\u00e3o Rildo, Daniel L\u00eala (presidente) e Jos\u00e9 Ant\u00f4nio, do conselheiros do ODM, Ulysses, juntamente com a presen\u00e7a de familiares dos homenageados, dona Ant\u00f4nia e Ver\u00f4nica (vi\u00fava e filha de Manoel Gomes) e Novinho e Nenem (filhos de Maria das Neves), al\u00e9m da popula\u00e7\u00e3o do bairro. Desde o in\u00edcio de seu mandato, o prefeito \u00c9den Duarte tem implementado um ambicioso programa de pavimenta\u00e7\u00e3o, que se configura como o maior da hist\u00f3ria de Sum\u00e9. Este compromisso reflete o cont\u00ednuo esfor\u00e7o para proporcionar uma qualidade de vida aos cidad\u00e3os sumeenses, tornando a cidade como um local prop\u00edcio ao desenvolvimento sustent\u00e1vel e \u00e0 prosperidade. Noticias em Destaque Fonte: Ascom\/PMS\" \/>\n<meta property=\"og:url\" content=\"https:\/\/noticiasemdestaque.com\/cd\/?p=53249\" \/>\n<meta property=\"og:site_name\" content=\"Not&iacute;cias em Destaque\" \/>\n<meta property=\"article:published_time\" content=\"2023-12-05T00:25:57+00:00\" \/>\n<meta property=\"og:image\" content=\"https:\/\/noticiasemdestaque.com\/cd\/wp-content\/uploads\/2023\/12\/capa.jpg\" \/>\n\t<meta property=\"og:image:width\" content=\"900\" \/>\n\t<meta property=\"og:image:height\" content=\"600\" \/>\n\t<meta property=\"og:image:type\" content=\"image\/jpeg\" \/>\n<meta name=\"author\" content=\"Not\u00edcias em Destaque\" \/>\n<meta name=\"twitter:card\" content=\"summary_large_image\" \/>\n<meta name=\"twitter:label1\" content=\"Escrito por\" \/>\n\t<meta name=\"twitter:data1\" content=\"Not\u00edcias em Destaque\" \/>\n\t<meta name=\"twitter:label2\" content=\"Est. tempo de leitura\" \/>\n\t<meta name=\"twitter:data2\" content=\"4 minutos\" \/>\n<script type=\"application\/ld+json\" class=\"yoast-schema-graph\">{\"@context\":\"https:\/\/schema.org\",\"@graph\":[{\"@type\":\"Article\",\"@id\":\"https:\/\/noticiasemdestaque.com\/cd\/?p=53249#article\",\"isPartOf\":{\"@id\":\"https:\/\/noticiasemdestaque.com\/cd\/?p=53249\"},\"author\":{\"name\":\"Not\u00edcias em Destaque\",\"@id\":\"https:\/\/noticiasemdestaque.com\/cd\/#\/schema\/person\/47f7d4f55eec17c6b2ca036c5500f6ce\"},\"headline\":\"Prefeito \u00c9den Duarte entrega pavimenta\u00e7\u00e3o e promove servi\u00e7os essenciais para o bairro do Alto Alegre\",\"datePublished\":\"2023-12-05T00:25:57+00:00\",\"mainEntityOfPage\":{\"@id\":\"https:\/\/noticiasemdestaque.com\/cd\/?p=53249\"},\"wordCount\":531,\"publisher\":{\"@id\":\"https:\/\/noticiasemdestaque.com\/cd\/#organization\"},\"image\":{\"@id\":\"https:\/\/noticiasemdestaque.com\/cd\/?p=53249#primaryimage\"},\"thumbnailUrl\":\"https:\/\/noticiasemdestaque.com\/cd\/wp-content\/uploads\/2023\/12\/capa.jpg\",\"articleSection\":[\"Cidades\"],\"inLanguage\":\"pt-BR\"},{\"@type\":\"WebPage\",\"@id\":\"https:\/\/noticiasemdestaque.com\/cd\/?p=53249\",\"url\":\"https:\/\/noticiasemdestaque.com\/cd\/?p=53249\",\"name\":\"Prefeito \u00c9den Duarte entrega pavimenta\u00e7\u00e3o e promove servi\u00e7os essenciais para o bairro do Alto Alegre - Not&iacute;cias em Destaque\",\"isPartOf\":{\"@id\":\"https:\/\/noticiasemdestaque.com\/cd\/#website\"},\"primaryImageOfPage\":{\"@id\":\"https:\/\/noticiasemdestaque.com\/cd\/?p=53249#primaryimage\"},\"image\":{\"@id\":\"https:\/\/noticiasemdestaque.com\/cd\/?p=53249#primaryimage\"},\"thumbnailUrl\":\"https:\/\/noticiasemdestaque.com\/cd\/wp-content\/uploads\/2023\/12\/capa.jpg\",\"datePublished\":\"2023-12-05T00:25:57+00:00\",\"breadcrumb\":{\"@id\":\"https:\/\/noticiasemdestaque.com\/cd\/?p=53249#breadcrumb\"},\"inLanguage\":\"pt-BR\",\"potentialAction\":[{\"@type\":\"ReadAction\",\"target\":[\"https:\/\/noticiasemdestaque.com\/cd\/?p=53249\"]}]},{\"@type\":\"ImageObject\",\"inLanguage\":\"pt-BR\",\"@id\":\"https:\/\/noticiasemdestaque.com\/cd\/?p=53249#primaryimage\",\"url\":\"https:\/\/noticiasemdestaque.com\/cd\/wp-content\/uploads\/2023\/12\/capa.jpg\",\"contentUrl\":\"https:\/\/noticiasemdestaque.com\/cd\/wp-content\/uploads\/2023\/12\/capa.jpg\",\"width\":900,\"height\":600},{\"@type\":\"BreadcrumbList\",\"@id\":\"https:\/\/noticiasemdestaque.com\/cd\/?p=53249#breadcrumb\",\"itemListElement\":[{\"@type\":\"ListItem\",\"position\":1,\"name\":\"In\u00edcio\",\"item\":\"https:\/\/noticiasemdestaque.com\/cd\/\"},{\"@type\":\"ListItem\",\"position\":2,\"name\":\"Prefeito \u00c9den Duarte entrega pavimenta\u00e7\u00e3o e promove servi\u00e7os essenciais para o bairro do Alto Alegre\"}]},{\"@type\":\"WebSite\",\"@id\":\"https:\/\/noticiasemdestaque.com\/cd\/#website\",\"url\":\"https:\/\/noticiasemdestaque.com\/cd\/\",\"name\":\"Not&iacute;cias em Destaque\",\"description\":\"\",\"publisher\":{\"@id\":\"https:\/\/noticiasemdestaque.com\/cd\/#organization\"},\"potentialAction\":[{\"@type\":\"SearchAction\",\"target\":{\"@type\":\"EntryPoint\",\"urlTemplate\":\"https:\/\/noticiasemdestaque.com\/cd\/?s={search_term_string}\"},\"query-input\":{\"@type\":\"PropertyValueSpecification\",\"valueRequired\":true,\"valueName\":\"search_term_string\"}}],\"inLanguage\":\"pt-BR\"},{\"@type\":\"Organization\",\"@id\":\"https:\/\/noticiasemdestaque.com\/cd\/#organization\",\"name\":\"Not\u00edcias em Destaque\",\"url\":\"https:\/\/noticiasemdestaque.com\/cd\/\",\"logo\":{\"@type\":\"ImageObject\",\"inLanguage\":\"pt-BR\",\"@id\":\"https:\/\/noticiasemdestaque.com\/cd\/#\/schema\/logo\/image\/\",\"url\":\"https:\/\/noticiasemdestaque.com\/cd\/wp-content\/uploads\/2022\/05\/imagem-base-noticiasemdestaque.png\",\"contentUrl\":\"https:\/\/noticiasemdestaque.com\/cd\/wp-content\/uploads\/2022\/05\/imagem-base-noticiasemdestaque.png\",\"width\":1200,\"height\":630,\"caption\":\"Not\u00edcias em Destaque\"},\"image\":{\"@id\":\"https:\/\/noticiasemdestaque.com\/cd\/#\/schema\/logo\/image\/\"}},{\"@type\":\"Person\",\"@id\":\"https:\/\/noticiasemdestaque.com\/cd\/#\/schema\/person\/47f7d4f55eec17c6b2ca036c5500f6ce\",\"name\":\"Not\u00edcias em Destaque\",\"url\":\"https:\/\/noticiasemdestaque.com\/cd\/?author=2\"}]}<\/script>\n<!-- \/ Yoast SEO plugin. -->","yoast_head_json":{"title":"Prefeito \u00c9den Duarte entrega pavimenta\u00e7\u00e3o e promove servi\u00e7os essenciais para o bairro do Alto Alegre - Not&iacute;cias em Destaque","robots":{"index":"index","follow":"follow","max-snippet":"max-snippet:-1","max-image-preview":"max-image-preview:large","max-video-preview":"max-video-preview:-1"},"canonical":"https:\/\/noticiasemdestaque.com\/cd\/?p=53249","og_locale":"pt_BR","og_type":"article","og_title":"Prefeito \u00c9den Duarte entrega pavimenta\u00e7\u00e3o e promove servi\u00e7os essenciais para o bairro do Alto Alegre - Not&iacute;cias em Destaque","og_description":"Em busca do desenvolvimento urbano e da melhoria do bem-estar da comunidade sumeense, o prefeito \u00c9den Duarte realizou, na manh\u00e3 desta sexta-feira, 01, a entrega de obras de pavimenta\u00e7\u00e3o em nosso munic\u00edpio. A iniciativa integrou uma s\u00e9rie de a\u00e7\u00f5es que visam n\u00e3o apenas a infraestrutura, mas tamb\u00e9m a promo\u00e7\u00e3o da sa\u00fade e servi\u00e7os \u00e0 popula\u00e7\u00e3o local. A cerim\u00f4nia de entrega, que ocorreu no bairro Alto Alegre, foi marcada n\u00e3o apenas pela conclus\u00e3o das melhorias asf\u00e1lticas nas ruas Manoel Gomes de Assis, Jo\u00e3o Fogueteiro e Maria das Neves, mas tamb\u00e9m pela realiza\u00e7\u00e3o de uma feira de servi\u00e7os, coordenada pela Secretaria Municipal de Sa\u00fade, Assist\u00eancia Social e CRIAMC. As a\u00e7\u00f5es nas vias contemplaram n\u00e3o apenas a pavimenta\u00e7\u00e3o, mas tamb\u00e9m a instala\u00e7\u00e3o de placas de sinaliza\u00e7\u00e3o e rampas de acessibilidade, contribuindo para a seguran\u00e7a e mobilidade dos moradores. O investimento total de R$ 147.147,71 mil foi poss\u00edvel mediante a emenda do Deputado Wellington Roberto, somada \u00e0 contrapartida da Prefeitura de Sum\u00e9. Esta iniciativa reflete o firme compromisso da administra\u00e7\u00e3o municipal, liderada pelo prefeito \u00c9den Duarte e pelo vice-prefeito Manezinho Louren\u00e7o, com o bem-estar e o desenvolvimento cont\u00ednuo da popula\u00e7\u00e3o sumeense. Tal comprometimento foi formalizado por meio do Or\u00e7amento Democr\u00e1tico Municipal, com a colabora\u00e7\u00e3o da C\u00e2mara de Vereadores. Paralelamente \u00e0 entrega das obras, a feira de servi\u00e7os proporcionou \u00e0 comunidade atendimento: m\u00e9dicos, enfermagem, vacina\u00e7\u00e3o, marca\u00e7\u00e3o de exames e consultas, CastraPet, fisioterapia e sa\u00fade bucal, esmalta\u00e7\u00e3o e corte de cabelos, assessoria jur\u00eddica gratuita, CREAS, CRAS, Crian\u00e7a Feliz, Servi\u00e7os de Conviv\u00eancia e Fortalecimento de V\u00ednculos, PAA, Cad\u00danico\/Bolsa Fam\u00edlia e apresenta\u00e7\u00e3o da fanfarra municipal da Assist\u00eancia Social, formada por jovens do Servi\u00e7o de Conviv\u00eancia, utilizando instrumentos musicais adquiridos por meio do Conselho Municipal dos Direitos da Crian\u00e7a e do Adolescente e diversos outros servi\u00e7os sociais, incluindo apoio \u00e0s mulheres v\u00edtimas de viol\u00eancia dom\u00e9stica e sexual. Al\u00e9m do prefeito \u00c9den Duarte, a solenidade contou com a presen\u00e7a dos secret\u00e1rios de Obras e Servi\u00e7os Urbanos, Gian Braz, Educa\u00e7\u00e3o, Bonilson Tim\u00f3teo e Sa\u00fade, Tanniery L\u00eala, dos vereadores Ant\u00f4nio Carlos Sarmento, Dami\u00e3o Rildo, Daniel L\u00eala (presidente) e Jos\u00e9 Ant\u00f4nio, do conselheiros do ODM, Ulysses, juntamente com a presen\u00e7a de familiares dos homenageados, dona Ant\u00f4nia e Ver\u00f4nica (vi\u00fava e filha de Manoel Gomes) e Novinho e Nenem (filhos de Maria das Neves), al\u00e9m da popula\u00e7\u00e3o do bairro. Desde o in\u00edcio de seu mandato, o prefeito \u00c9den Duarte tem implementado um ambicioso programa de pavimenta\u00e7\u00e3o, que se configura como o maior da hist\u00f3ria de Sum\u00e9. Este compromisso reflete o cont\u00ednuo esfor\u00e7o para proporcionar uma qualidade de vida aos cidad\u00e3os sumeenses, tornando a cidade como um local prop\u00edcio ao desenvolvimento sustent\u00e1vel e \u00e0 prosperidade. Noticias em Destaque Fonte: Ascom\/PMS","og_url":"https:\/\/noticiasemdestaque.com\/cd\/?p=53249","og_site_name":"Not&iacute;cias em Destaque","article_published_time":"2023-12-05T00:25:57+00:00","og_image":[{"width":900,"height":600,"url":"https:\/\/noticiasemdestaque.com\/cd\/wp-content\/uploads\/2023\/12\/capa.jpg","type":"image\/jpeg"}],"author":"Not\u00edcias em Destaque","twitter_card":"summary_large_image","twitter_misc":{"Escrito por":"Not\u00edcias em Destaque","Est. tempo de leitura":"4 minutos"},"schema":{"@context":"https:\/\/schema.org","@graph":[{"@type":"Article","@id":"https:\/\/noticiasemdestaque.com\/cd\/?p=53249#article","isPartOf":{"@id":"https:\/\/noticiasemdestaque.com\/cd\/?p=53249"},"author":{"name":"Not\u00edcias em Destaque","@id":"https:\/\/noticiasemdestaque.com\/cd\/#\/schema\/person\/47f7d4f55eec17c6b2ca036c5500f6ce"},"headline":"Prefeito \u00c9den Duarte entrega pavimenta\u00e7\u00e3o e promove servi\u00e7os essenciais para o bairro do Alto Alegre","datePublished":"2023-12-05T00:25:57+00:00","mainEntityOfPage":{"@id":"https:\/\/noticiasemdestaque.com\/cd\/?p=53249"},"wordCount":531,"publisher":{"@id":"https:\/\/noticiasemdestaque.com\/cd\/#organization"},"image":{"@id":"https:\/\/noticiasemdestaque.com\/cd\/?p=53249#primaryimage"},"thumbnailUrl":"https:\/\/noticiasemdestaque.com\/cd\/wp-content\/uploads\/2023\/12\/capa.jpg","articleSection":["Cidades"],"inLanguage":"pt-BR"},{"@type":"WebPage","@id":"https:\/\/noticiasemdestaque.com\/cd\/?p=53249","url":"https:\/\/noticiasemdestaque.com\/cd\/?p=53249","name":"Prefeito \u00c9den Duarte entrega pavimenta\u00e7\u00e3o e promove servi\u00e7os essenciais para o bairro do Alto Alegre - Not&iacute;cias em Destaque","isPartOf":{"@id":"https:\/\/noticiasemdestaque.com\/cd\/#website"},"primaryImageOfPage":{"@id":"https:\/\/noticiasemdestaque.com\/cd\/?p=53249#primaryimage"},"image":{"@id":"https:\/\/noticiasemdestaque.com\/cd\/?p=53249#primaryimage"},"thumbnailUrl":"https:\/\/noticiasemdestaque.com\/cd\/wp-content\/uploads\/2023\/12\/capa.jpg","datePublished":"2023-12-05T00:25:57+00:00","breadcrumb":{"@id":"https:\/\/noticiasemdestaque.com\/cd\/?p=53249#breadcrumb"},"inLanguage":"pt-BR","potentialAction":[{"@type":"ReadAction","target":["https:\/\/noticiasemdestaque.com\/cd\/?p=53249"]}]},{"@type":"ImageObject","inLanguage":"pt-BR","@id":"https:\/\/noticiasemdestaque.com\/cd\/?p=53249#primaryimage","url":"https:\/\/noticiasemdestaque.com\/cd\/wp-content\/uploads\/2023\/12\/capa.jpg","contentUrl":"https:\/\/noticiasemdestaque.com\/cd\/wp-content\/uploads\/2023\/12\/capa.jpg","width":900,"height":600},{"@type":"BreadcrumbList","@id":"https:\/\/noticiasemdestaque.com\/cd\/?p=53249#breadcrumb","itemListElement":[{"@type":"ListItem","position":1,"name":"In\u00edcio","item":"https:\/\/noticiasemdestaque.com\/cd\/"},{"@type":"ListItem","position":2,"name":"Prefeito \u00c9den Duarte entrega pavimenta\u00e7\u00e3o e promove servi\u00e7os essenciais para o bairro do Alto Alegre"}]},{"@type":"WebSite","@id":"https:\/\/noticiasemdestaque.com\/cd\/#website","url":"https:\/\/noticiasemdestaque.com\/cd\/","name":"Not&iacute;cias em Destaque","description":"","publisher":{"@id":"https:\/\/noticiasemdestaque.com\/cd\/#organization"},"potentialAction":[{"@type":"SearchAction","target":{"@type":"EntryPoint","urlTemplate":"https:\/\/noticiasemdestaque.com\/cd\/?s={search_term_string}"},"query-input":{"@type":"PropertyValueSpecification","valueRequired":true,"valueName":"search_term_string"}}],"inLanguage":"pt-BR"},{"@type":"Organization","@id":"https:\/\/noticiasemdestaque.com\/cd\/#organization","name":"Not\u00edcias em Destaque","url":"https:\/\/noticiasemdestaque.com\/cd\/","logo":{"@type":"ImageObject","inLanguage":"pt-BR","@id":"https:\/\/noticiasemdestaque.com\/cd\/#\/schema\/logo\/image\/","url":"https:\/\/noticiasemdestaque.com\/cd\/wp-content\/uploads\/2022\/05\/imagem-base-noticiasemdestaque.png","contentUrl":"https:\/\/noticiasemdestaque.com\/cd\/wp-content\/uploads\/2022\/05\/imagem-base-noticiasemdestaque.png","width":1200,"height":630,"caption":"Not\u00edcias em Destaque"},"image":{"@id":"https:\/\/noticiasemdestaque.com\/cd\/#\/schema\/logo\/image\/"}},{"@type":"Person","@id":"https:\/\/noticiasemdestaque.com\/cd\/#\/schema\/person\/47f7d4f55eec17c6b2ca036c5500f6ce","name":"Not\u00edcias em Destaque","url":"https:\/\/noticiasemdestaque.com\/cd\/?author=2"}]}},"jetpack_featured_media_url":"https:\/\/noticiasemdestaque.com\/cd\/wp-content\/uploads\/2023\/12\/capa.jpg","jetpack_sharing_enabled":true,"_links":{"self":[{"href":"https:\/\/noticiasemdestaque.com\/cd\/index.php?rest_route=\/wp\/v2\/posts\/53249","targetHints":{"allow":["GET"]}}],"collection":[{"href":"https:\/\/noticiasemdestaque.com\/cd\/index.php?rest_route=\/wp\/v2\/posts"}],"about":[{"href":"https:\/\/noticiasemdestaque.com\/cd\/index.php?rest_route=\/wp\/v2\/types\/post"}],"author":[{"embeddable":true,"href":"https:\/\/noticiasemdestaque.com\/cd\/index.php?rest_route=\/wp\/v2\/users\/2"}],"replies":[{"embeddable":true,"href":"https:\/\/noticiasemdestaque.com\/cd\/index.php?rest_route=%2Fwp%2Fv2%2Fcomments&post=53249"}],"version-history":[{"count":1,"href":"https:\/\/noticiasemdestaque.com\/cd\/index.php?rest_route=\/wp\/v2\/posts\/53249\/revisions"}],"predecessor-version":[{"id":53254,"href":"https:\/\/noticiasemdestaque.com\/cd\/index.php?rest_route=\/wp\/v2\/posts\/53249\/revisions\/53254"}],"wp:featuredmedia":[{"embeddable":true,"href":"https:\/\/noticiasemdestaque.com\/cd\/index.php?rest_route=\/wp\/v2\/media\/53250"}],"wp:attachment":[{"href":"https:\/\/noticiasemdestaque.com\/cd\/index.php?rest_route=%2Fwp%2Fv2%2Fmedia&parent=53249"}],"wp:term":[{"taxonomy":"category","embeddable":true,"href":"https:\/\/noticiasemdestaque.com\/cd\/index.php?rest_route=%2Fwp%2Fv2%2Fcategories&post=53249"},{"taxonomy":"post_tag","embeddable":true,"href":"https:\/\/noticiasemdestaque.com\/cd\/index.php?rest_route=%2Fwp%2Fv2%2Ftags&post=53249"}],"curies":[{"name":"wp","href":"https:\/\/api.w.org\/{rel}","templated":true}]}}