{"id":53246,"date":"2023-12-04T11:35:21","date_gmt":"2023-12-04T14:35:21","guid":{"rendered":"https:\/\/noticiasemdestaque.com\/cd\/?p=53246"},"modified":"2023-12-04T11:35:21","modified_gmt":"2023-12-04T14:35:21","slug":"prefeitura-de-sao-jose-dos-cordeiros-realiza-capacitacao-para-conselheiros-tutelares","status":"publish","type":"post","link":"https:\/\/noticiasemdestaque.com\/cd\/?p=53246","title":{"rendered":"Prefeitura de S\u00e3o Jos\u00e9 dos Cordeiros realiza capacita\u00e7\u00e3o para Conselheiros Tutelares"},"content":{"rendered":"<p><a href=\"https:\/\/noticiasemdestaque.com\/cd\/wp-content\/uploads\/2023\/12\/406446753_18396517753009173_8003352475655509979_n.jpg\"><img fetchpriority=\"high\" decoding=\"async\" class=\"wp-image-53247 size-large aligncenter\" src=\"https:\/\/noticiasemdestaque.com\/cd\/wp-content\/uploads\/2023\/12\/406446753_18396517753009173_8003352475655509979_n-1024x658.jpg\" alt=\"\" width=\"640\" height=\"411\" srcset=\"https:\/\/noticiasemdestaque.com\/cd\/wp-content\/uploads\/2023\/12\/406446753_18396517753009173_8003352475655509979_n-1024x658.jpg 1024w, https:\/\/noticiasemdestaque.com\/cd\/wp-content\/uploads\/2023\/12\/406446753_18396517753009173_8003352475655509979_n-300x193.jpg 300w, https:\/\/noticiasemdestaque.com\/cd\/wp-content\/uploads\/2023\/12\/406446753_18396517753009173_8003352475655509979_n-768x494.jpg 768w, https:\/\/noticiasemdestaque.com\/cd\/wp-content\/uploads\/2023\/12\/406446753_18396517753009173_8003352475655509979_n-18x12.jpg 18w, https:\/\/noticiasemdestaque.com\/cd\/wp-content\/uploads\/2023\/12\/406446753_18396517753009173_8003352475655509979_n.jpg 1241w\" sizes=\"(max-width: 640px) 100vw, 640px\" \/><\/a><\/p>\n<p>Na \u00faltima semana, a Prefeitura de S\u00e3o Jos\u00e9 dos Cordeiros, atrav\u00e9s da Secretaria Municipal de Desenvolvimento e Assist\u00eancia Social, em parceria com o Conselho Municipal dos Direitos da Crian\u00e7a e do Adolescente &#8211; CMDCA, realizou a primeira capacita\u00e7\u00e3o para os Conselheiros Tutelares eleitos no dia 01 de outubro.<\/p>\n<p>O intuito do treinamento foi fornecer t\u00e9cnicas operacionais necess\u00e1rias para o pleno exerc\u00edcio da fun\u00e7\u00e3o de Conselheiro Tutelar. \u201cHoje, n\u00f3s estamos mostrando para eles as leis, as atribui\u00e7\u00f5es e tamb\u00e9m motivando-os para trabalhar na condi\u00e7\u00e3o de Conselheiro Tutelar. Essa miss\u00e3o n\u00e3o \u00e9 f\u00e1cil, \u00e9 preciso ter merecimento e consci\u00eancia para ocupar um setor p\u00fablico de alta relev\u00e2ncia, garantindo um bom trabalho e a efic\u00e1cia junto as fam\u00edlias que eles visitar\u00e3o\u201d, ressaltou Alcione Almeida, Secret\u00e1ria Municipal de Desenvolvimento e Assist\u00eancia Social.<\/p>\n<p>A capacita\u00e7\u00e3o contou com a participa\u00e7\u00e3o titulares e suplentes. Os conselheiros eleitos tomar\u00e3o posse para o mandato de quatro anos em 10 de janeiro de 2024, substituindo os atuais conselheiros que est\u00e3o no cargo desde 2019.<\/p>\n<p>Not\u00edcias em Destaque<\/p>\n<p>Com Ascom<\/p>\n","protected":false},"excerpt":{"rendered":"<p>Na \u00faltima semana, a Prefeitura de S\u00e3o Jos\u00e9 dos Cordeiros, atrav\u00e9s da Secretaria Municipal de Desenvolvimento e Assist\u00eancia Social, em parceria com o Conselho Municipal dos Direitos da Crian\u00e7a e do Adolescente &#8211; CMDCA, realizou a primeira capacita\u00e7\u00e3o para os Conselheiros Tutelares eleitos no dia 01 de outubro. O intuito do treinamento foi fornecer t\u00e9cnicas operacionais necess\u00e1rias para o pleno exerc\u00edcio da fun\u00e7\u00e3o de Conselheiro Tutelar. \u201cHoje, n\u00f3s estamos mostrando para eles as leis, as atribui\u00e7\u00f5es e tamb\u00e9m motivando-os para trabalhar na condi\u00e7\u00e3o de Conselheiro Tutelar. Essa miss\u00e3o n\u00e3o \u00e9 f\u00e1cil, \u00e9 preciso ter merecimento e consci\u00eancia para ocupar um setor p\u00fablico de alta relev\u00e2ncia, garantindo um bom trabalho e a efic\u00e1cia junto as fam\u00edlias que eles visitar\u00e3o\u201d, ressaltou Alcione Almeida, Secret\u00e1ria Municipal de Desenvolvimento e Assist\u00eancia Social. A capacita\u00e7\u00e3o contou com a participa\u00e7\u00e3o titulares e suplentes. Os conselheiros eleitos tomar\u00e3o posse para o mandato de quatro anos em 10 de janeiro de 2024, substituindo os atuais conselheiros que est\u00e3o no cargo desde 2019. Not\u00edcias em Destaque Com Ascom<\/p>\n","protected":false},"author":2,"featured_media":53247,"comment_status":"closed","ping_status":"open","sticky":false,"template":"","format":"standard","meta":{"_eb_attr":"","_jetpack_memberships_contains_paid_content":false,"footnotes":""},"categories":[3],"tags":[],"class_list":["post-53246","post","type-post","status-publish","format-standard","has-post-thumbnail","hentry","category-cidades"],"yoast_head":"<!-- This site is optimized with the Yoast SEO plugin v26.5 - https:\/\/yoast.com\/wordpress\/plugins\/seo\/ -->\n<title>Prefeitura de S\u00e3o Jos\u00e9 dos Cordeiros realiza capacita\u00e7\u00e3o para Conselheiros Tutelares - Not&iacute;cias em Destaque<\/title>\n<meta name=\"robots\" content=\"index, follow, max-snippet:-1, max-image-preview:large, max-video-preview:-1\" \/>\n<link rel=\"canonical\" href=\"https:\/\/noticiasemdestaque.com\/cd\/?p=53246\" \/>\n<meta property=\"og:locale\" content=\"pt_BR\" \/>\n<meta property=\"og:type\" content=\"article\" \/>\n<meta property=\"og:title\" content=\"Prefeitura de S\u00e3o Jos\u00e9 dos Cordeiros realiza capacita\u00e7\u00e3o para Conselheiros Tutelares - Not&iacute;cias em Destaque\" \/>\n<meta property=\"og:description\" content=\"Na \u00faltima semana, a Prefeitura de S\u00e3o Jos\u00e9 dos Cordeiros, atrav\u00e9s da Secretaria Municipal de Desenvolvimento e Assist\u00eancia Social, em parceria com o Conselho Municipal dos Direitos da Crian\u00e7a e do Adolescente &#8211; CMDCA, realizou a primeira capacita\u00e7\u00e3o para os Conselheiros Tutelares eleitos no dia 01 de outubro. O intuito do treinamento foi fornecer t\u00e9cnicas operacionais necess\u00e1rias para o pleno exerc\u00edcio da fun\u00e7\u00e3o de Conselheiro Tutelar. \u201cHoje, n\u00f3s estamos mostrando para eles as leis, as atribui\u00e7\u00f5es e tamb\u00e9m motivando-os para trabalhar na condi\u00e7\u00e3o de Conselheiro Tutelar. Essa miss\u00e3o n\u00e3o \u00e9 f\u00e1cil, \u00e9 preciso ter merecimento e consci\u00eancia para ocupar um setor p\u00fablico de alta relev\u00e2ncia, garantindo um bom trabalho e a efic\u00e1cia junto as fam\u00edlias que eles visitar\u00e3o\u201d, ressaltou Alcione Almeida, Secret\u00e1ria Municipal de Desenvolvimento e Assist\u00eancia Social. A capacita\u00e7\u00e3o contou com a participa\u00e7\u00e3o titulares e suplentes. Os conselheiros eleitos tomar\u00e3o posse para o mandato de quatro anos em 10 de janeiro de 2024, substituindo os atuais conselheiros que est\u00e3o no cargo desde 2019. Not\u00edcias em Destaque Com Ascom\" \/>\n<meta property=\"og:url\" content=\"https:\/\/noticiasemdestaque.com\/cd\/?p=53246\" \/>\n<meta property=\"og:site_name\" content=\"Not&iacute;cias em Destaque\" \/>\n<meta property=\"article:published_time\" content=\"2023-12-04T14:35:21+00:00\" \/>\n<meta property=\"og:image\" content=\"https:\/\/noticiasemdestaque.com\/cd\/wp-content\/uploads\/2023\/12\/406446753_18396517753009173_8003352475655509979_n.jpg\" \/>\n\t<meta property=\"og:image:width\" content=\"1241\" \/>\n\t<meta property=\"og:image:height\" content=\"798\" \/>\n\t<meta property=\"og:image:type\" content=\"image\/jpeg\" \/>\n<meta name=\"author\" content=\"Not\u00edcias em Destaque\" \/>\n<meta name=\"twitter:card\" content=\"summary_large_image\" \/>\n<meta name=\"twitter:label1\" content=\"Escrito por\" \/>\n\t<meta name=\"twitter:data1\" content=\"Not\u00edcias em Destaque\" \/>\n\t<meta name=\"twitter:label2\" content=\"Est. tempo de leitura\" \/>\n\t<meta name=\"twitter:data2\" content=\"2 minutos\" \/>\n<script type=\"application\/ld+json\" class=\"yoast-schema-graph\">{\"@context\":\"https:\/\/schema.org\",\"@graph\":[{\"@type\":\"Article\",\"@id\":\"https:\/\/noticiasemdestaque.com\/cd\/?p=53246#article\",\"isPartOf\":{\"@id\":\"https:\/\/noticiasemdestaque.com\/cd\/?p=53246\"},\"author\":{\"name\":\"Not\u00edcias em Destaque\",\"@id\":\"https:\/\/noticiasemdestaque.com\/cd\/#\/schema\/person\/47f7d4f55eec17c6b2ca036c5500f6ce\"},\"headline\":\"Prefeitura de S\u00e3o Jos\u00e9 dos Cordeiros realiza capacita\u00e7\u00e3o para Conselheiros Tutelares\",\"datePublished\":\"2023-12-04T14:35:21+00:00\",\"mainEntityOfPage\":{\"@id\":\"https:\/\/noticiasemdestaque.com\/cd\/?p=53246\"},\"wordCount\":205,\"publisher\":{\"@id\":\"https:\/\/noticiasemdestaque.com\/cd\/#organization\"},\"image\":{\"@id\":\"https:\/\/noticiasemdestaque.com\/cd\/?p=53246#primaryimage\"},\"thumbnailUrl\":\"https:\/\/noticiasemdestaque.com\/cd\/wp-content\/uploads\/2023\/12\/406446753_18396517753009173_8003352475655509979_n.jpg\",\"articleSection\":[\"Cidades\"],\"inLanguage\":\"pt-BR\"},{\"@type\":\"WebPage\",\"@id\":\"https:\/\/noticiasemdestaque.com\/cd\/?p=53246\",\"url\":\"https:\/\/noticiasemdestaque.com\/cd\/?p=53246\",\"name\":\"Prefeitura de S\u00e3o Jos\u00e9 dos Cordeiros realiza capacita\u00e7\u00e3o para Conselheiros Tutelares - Not&iacute;cias em Destaque\",\"isPartOf\":{\"@id\":\"https:\/\/noticiasemdestaque.com\/cd\/#website\"},\"primaryImageOfPage\":{\"@id\":\"https:\/\/noticiasemdestaque.com\/cd\/?p=53246#primaryimage\"},\"image\":{\"@id\":\"https:\/\/noticiasemdestaque.com\/cd\/?p=53246#primaryimage\"},\"thumbnailUrl\":\"https:\/\/noticiasemdestaque.com\/cd\/wp-content\/uploads\/2023\/12\/406446753_18396517753009173_8003352475655509979_n.jpg\",\"datePublished\":\"2023-12-04T14:35:21+00:00\",\"breadcrumb\":{\"@id\":\"https:\/\/noticiasemdestaque.com\/cd\/?p=53246#breadcrumb\"},\"inLanguage\":\"pt-BR\",\"potentialAction\":[{\"@type\":\"ReadAction\",\"target\":[\"https:\/\/noticiasemdestaque.com\/cd\/?p=53246\"]}]},{\"@type\":\"ImageObject\",\"inLanguage\":\"pt-BR\",\"@id\":\"https:\/\/noticiasemdestaque.com\/cd\/?p=53246#primaryimage\",\"url\":\"https:\/\/noticiasemdestaque.com\/cd\/wp-content\/uploads\/2023\/12\/406446753_18396517753009173_8003352475655509979_n.jpg\",\"contentUrl\":\"https:\/\/noticiasemdestaque.com\/cd\/wp-content\/uploads\/2023\/12\/406446753_18396517753009173_8003352475655509979_n.jpg\",\"width\":1241,\"height\":798},{\"@type\":\"BreadcrumbList\",\"@id\":\"https:\/\/noticiasemdestaque.com\/cd\/?p=53246#breadcrumb\",\"itemListElement\":[{\"@type\":\"ListItem\",\"position\":1,\"name\":\"In\u00edcio\",\"item\":\"https:\/\/noticiasemdestaque.com\/cd\/\"},{\"@type\":\"ListItem\",\"position\":2,\"name\":\"Prefeitura de S\u00e3o Jos\u00e9 dos Cordeiros realiza capacita\u00e7\u00e3o para Conselheiros Tutelares\"}]},{\"@type\":\"WebSite\",\"@id\":\"https:\/\/noticiasemdestaque.com\/cd\/#website\",\"url\":\"https:\/\/noticiasemdestaque.com\/cd\/\",\"name\":\"Not&iacute;cias em Destaque\",\"description\":\"\",\"publisher\":{\"@id\":\"https:\/\/noticiasemdestaque.com\/cd\/#organization\"},\"potentialAction\":[{\"@type\":\"SearchAction\",\"target\":{\"@type\":\"EntryPoint\",\"urlTemplate\":\"https:\/\/noticiasemdestaque.com\/cd\/?s={search_term_string}\"},\"query-input\":{\"@type\":\"PropertyValueSpecification\",\"valueRequired\":true,\"valueName\":\"search_term_string\"}}],\"inLanguage\":\"pt-BR\"},{\"@type\":\"Organization\",\"@id\":\"https:\/\/noticiasemdestaque.com\/cd\/#organization\",\"name\":\"Not\u00edcias em Destaque\",\"url\":\"https:\/\/noticiasemdestaque.com\/cd\/\",\"logo\":{\"@type\":\"ImageObject\",\"inLanguage\":\"pt-BR\",\"@id\":\"https:\/\/noticiasemdestaque.com\/cd\/#\/schema\/logo\/image\/\",\"url\":\"https:\/\/noticiasemdestaque.com\/cd\/wp-content\/uploads\/2022\/05\/imagem-base-noticiasemdestaque.png\",\"contentUrl\":\"https:\/\/noticiasemdestaque.com\/cd\/wp-content\/uploads\/2022\/05\/imagem-base-noticiasemdestaque.png\",\"width\":1200,\"height\":630,\"caption\":\"Not\u00edcias em Destaque\"},\"image\":{\"@id\":\"https:\/\/noticiasemdestaque.com\/cd\/#\/schema\/logo\/image\/\"}},{\"@type\":\"Person\",\"@id\":\"https:\/\/noticiasemdestaque.com\/cd\/#\/schema\/person\/47f7d4f55eec17c6b2ca036c5500f6ce\",\"name\":\"Not\u00edcias em Destaque\",\"url\":\"https:\/\/noticiasemdestaque.com\/cd\/?author=2\"}]}<\/script>\n<!-- \/ Yoast SEO plugin. -->","yoast_head_json":{"title":"Prefeitura de S\u00e3o Jos\u00e9 dos Cordeiros realiza capacita\u00e7\u00e3o para Conselheiros Tutelares - Not&iacute;cias em Destaque","robots":{"index":"index","follow":"follow","max-snippet":"max-snippet:-1","max-image-preview":"max-image-preview:large","max-video-preview":"max-video-preview:-1"},"canonical":"https:\/\/noticiasemdestaque.com\/cd\/?p=53246","og_locale":"pt_BR","og_type":"article","og_title":"Prefeitura de S\u00e3o Jos\u00e9 dos Cordeiros realiza capacita\u00e7\u00e3o para Conselheiros Tutelares - Not&iacute;cias em Destaque","og_description":"Na \u00faltima semana, a Prefeitura de S\u00e3o Jos\u00e9 dos Cordeiros, atrav\u00e9s da Secretaria Municipal de Desenvolvimento e Assist\u00eancia Social, em parceria com o Conselho Municipal dos Direitos da Crian\u00e7a e do Adolescente &#8211; CMDCA, realizou a primeira capacita\u00e7\u00e3o para os Conselheiros Tutelares eleitos no dia 01 de outubro. O intuito do treinamento foi fornecer t\u00e9cnicas operacionais necess\u00e1rias para o pleno exerc\u00edcio da fun\u00e7\u00e3o de Conselheiro Tutelar. \u201cHoje, n\u00f3s estamos mostrando para eles as leis, as atribui\u00e7\u00f5es e tamb\u00e9m motivando-os para trabalhar na condi\u00e7\u00e3o de Conselheiro Tutelar. Essa miss\u00e3o n\u00e3o \u00e9 f\u00e1cil, \u00e9 preciso ter merecimento e consci\u00eancia para ocupar um setor p\u00fablico de alta relev\u00e2ncia, garantindo um bom trabalho e a efic\u00e1cia junto as fam\u00edlias que eles visitar\u00e3o\u201d, ressaltou Alcione Almeida, Secret\u00e1ria Municipal de Desenvolvimento e Assist\u00eancia Social. A capacita\u00e7\u00e3o contou com a participa\u00e7\u00e3o titulares e suplentes. Os conselheiros eleitos tomar\u00e3o posse para o mandato de quatro anos em 10 de janeiro de 2024, substituindo os atuais conselheiros que est\u00e3o no cargo desde 2019. Not\u00edcias em Destaque Com Ascom","og_url":"https:\/\/noticiasemdestaque.com\/cd\/?p=53246","og_site_name":"Not&iacute;cias em Destaque","article_published_time":"2023-12-04T14:35:21+00:00","og_image":[{"width":1241,"height":798,"url":"https:\/\/noticiasemdestaque.com\/cd\/wp-content\/uploads\/2023\/12\/406446753_18396517753009173_8003352475655509979_n.jpg","type":"image\/jpeg"}],"author":"Not\u00edcias em Destaque","twitter_card":"summary_large_image","twitter_misc":{"Escrito por":"Not\u00edcias em Destaque","Est. tempo de leitura":"2 minutos"},"schema":{"@context":"https:\/\/schema.org","@graph":[{"@type":"Article","@id":"https:\/\/noticiasemdestaque.com\/cd\/?p=53246#article","isPartOf":{"@id":"https:\/\/noticiasemdestaque.com\/cd\/?p=53246"},"author":{"name":"Not\u00edcias em Destaque","@id":"https:\/\/noticiasemdestaque.com\/cd\/#\/schema\/person\/47f7d4f55eec17c6b2ca036c5500f6ce"},"headline":"Prefeitura de S\u00e3o Jos\u00e9 dos Cordeiros realiza capacita\u00e7\u00e3o para Conselheiros Tutelares","datePublished":"2023-12-04T14:35:21+00:00","mainEntityOfPage":{"@id":"https:\/\/noticiasemdestaque.com\/cd\/?p=53246"},"wordCount":205,"publisher":{"@id":"https:\/\/noticiasemdestaque.com\/cd\/#organization"},"image":{"@id":"https:\/\/noticiasemdestaque.com\/cd\/?p=53246#primaryimage"},"thumbnailUrl":"https:\/\/noticiasemdestaque.com\/cd\/wp-content\/uploads\/2023\/12\/406446753_18396517753009173_8003352475655509979_n.jpg","articleSection":["Cidades"],"inLanguage":"pt-BR"},{"@type":"WebPage","@id":"https:\/\/noticiasemdestaque.com\/cd\/?p=53246","url":"https:\/\/noticiasemdestaque.com\/cd\/?p=53246","name":"Prefeitura de S\u00e3o Jos\u00e9 dos Cordeiros realiza capacita\u00e7\u00e3o para Conselheiros Tutelares - Not&iacute;cias em Destaque","isPartOf":{"@id":"https:\/\/noticiasemdestaque.com\/cd\/#website"},"primaryImageOfPage":{"@id":"https:\/\/noticiasemdestaque.com\/cd\/?p=53246#primaryimage"},"image":{"@id":"https:\/\/noticiasemdestaque.com\/cd\/?p=53246#primaryimage"},"thumbnailUrl":"https:\/\/noticiasemdestaque.com\/cd\/wp-content\/uploads\/2023\/12\/406446753_18396517753009173_8003352475655509979_n.jpg","datePublished":"2023-12-04T14:35:21+00:00","breadcrumb":{"@id":"https:\/\/noticiasemdestaque.com\/cd\/?p=53246#breadcrumb"},"inLanguage":"pt-BR","potentialAction":[{"@type":"ReadAction","target":["https:\/\/noticiasemdestaque.com\/cd\/?p=53246"]}]},{"@type":"ImageObject","inLanguage":"pt-BR","@id":"https:\/\/noticiasemdestaque.com\/cd\/?p=53246#primaryimage","url":"https:\/\/noticiasemdestaque.com\/cd\/wp-content\/uploads\/2023\/12\/406446753_18396517753009173_8003352475655509979_n.jpg","contentUrl":"https:\/\/noticiasemdestaque.com\/cd\/wp-content\/uploads\/2023\/12\/406446753_18396517753009173_8003352475655509979_n.jpg","width":1241,"height":798},{"@type":"BreadcrumbList","@id":"https:\/\/noticiasemdestaque.com\/cd\/?p=53246#breadcrumb","itemListElement":[{"@type":"ListItem","position":1,"name":"In\u00edcio","item":"https:\/\/noticiasemdestaque.com\/cd\/"},{"@type":"ListItem","position":2,"name":"Prefeitura de S\u00e3o Jos\u00e9 dos Cordeiros realiza capacita\u00e7\u00e3o para Conselheiros Tutelares"}]},{"@type":"WebSite","@id":"https:\/\/noticiasemdestaque.com\/cd\/#website","url":"https:\/\/noticiasemdestaque.com\/cd\/","name":"Not&iacute;cias em Destaque","description":"","publisher":{"@id":"https:\/\/noticiasemdestaque.com\/cd\/#organization"},"potentialAction":[{"@type":"SearchAction","target":{"@type":"EntryPoint","urlTemplate":"https:\/\/noticiasemdestaque.com\/cd\/?s={search_term_string}"},"query-input":{"@type":"PropertyValueSpecification","valueRequired":true,"valueName":"search_term_string"}}],"inLanguage":"pt-BR"},{"@type":"Organization","@id":"https:\/\/noticiasemdestaque.com\/cd\/#organization","name":"Not\u00edcias em Destaque","url":"https:\/\/noticiasemdestaque.com\/cd\/","logo":{"@type":"ImageObject","inLanguage":"pt-BR","@id":"https:\/\/noticiasemdestaque.com\/cd\/#\/schema\/logo\/image\/","url":"https:\/\/noticiasemdestaque.com\/cd\/wp-content\/uploads\/2022\/05\/imagem-base-noticiasemdestaque.png","contentUrl":"https:\/\/noticiasemdestaque.com\/cd\/wp-content\/uploads\/2022\/05\/imagem-base-noticiasemdestaque.png","width":1200,"height":630,"caption":"Not\u00edcias em Destaque"},"image":{"@id":"https:\/\/noticiasemdestaque.com\/cd\/#\/schema\/logo\/image\/"}},{"@type":"Person","@id":"https:\/\/noticiasemdestaque.com\/cd\/#\/schema\/person\/47f7d4f55eec17c6b2ca036c5500f6ce","name":"Not\u00edcias em Destaque","url":"https:\/\/noticiasemdestaque.com\/cd\/?author=2"}]}},"jetpack_featured_media_url":"https:\/\/noticiasemdestaque.com\/cd\/wp-content\/uploads\/2023\/12\/406446753_18396517753009173_8003352475655509979_n.jpg","jetpack_sharing_enabled":true,"_links":{"self":[{"href":"https:\/\/noticiasemdestaque.com\/cd\/index.php?rest_route=\/wp\/v2\/posts\/53246","targetHints":{"allow":["GET"]}}],"collection":[{"href":"https:\/\/noticiasemdestaque.com\/cd\/index.php?rest_route=\/wp\/v2\/posts"}],"about":[{"href":"https:\/\/noticiasemdestaque.com\/cd\/index.php?rest_route=\/wp\/v2\/types\/post"}],"author":[{"embeddable":true,"href":"https:\/\/noticiasemdestaque.com\/cd\/index.php?rest_route=\/wp\/v2\/users\/2"}],"replies":[{"embeddable":true,"href":"https:\/\/noticiasemdestaque.com\/cd\/index.php?rest_route=%2Fwp%2Fv2%2Fcomments&post=53246"}],"version-history":[{"count":1,"href":"https:\/\/noticiasemdestaque.com\/cd\/index.php?rest_route=\/wp\/v2\/posts\/53246\/revisions"}],"predecessor-version":[{"id":53248,"href":"https:\/\/noticiasemdestaque.com\/cd\/index.php?rest_route=\/wp\/v2\/posts\/53246\/revisions\/53248"}],"wp:featuredmedia":[{"embeddable":true,"href":"https:\/\/noticiasemdestaque.com\/cd\/index.php?rest_route=\/wp\/v2\/media\/53247"}],"wp:attachment":[{"href":"https:\/\/noticiasemdestaque.com\/cd\/index.php?rest_route=%2Fwp%2Fv2%2Fmedia&parent=53246"}],"wp:term":[{"taxonomy":"category","embeddable":true,"href":"https:\/\/noticiasemdestaque.com\/cd\/index.php?rest_route=%2Fwp%2Fv2%2Fcategories&post=53246"},{"taxonomy":"post_tag","embeddable":true,"href":"https:\/\/noticiasemdestaque.com\/cd\/index.php?rest_route=%2Fwp%2Fv2%2Ftags&post=53246"}],"curies":[{"name":"wp","href":"https:\/\/api.w.org\/{rel}","templated":true}]}}