{"id":5323,"date":"2017-10-21T14:58:59","date_gmt":"2017-10-21T17:58:59","guid":{"rendered":"http:\/\/caririemdestaque.com\/cd\/?p=5323"},"modified":"2017-10-21T14:58:59","modified_gmt":"2017-10-21T17:58:59","slug":"em-brasilia-prefeito-de-sao-jose-dos-cordeiros-adquire-r-81-mil-para-a-construcao-de-academia-de-saude","status":"publish","type":"post","link":"https:\/\/noticiasemdestaque.com\/cd\/?p=5323","title":{"rendered":"Em Bras\u00edlia, Prefeito de S\u00e3o Jos\u00e9 dos Cordeiros adquire R$ 81 mil para a constru\u00e7\u00e3o de academia de sa\u00fade"},"content":{"rendered":"<p><a href=\"http:\/\/caririemdestaque.com\/cd\/wp-content\/uploads\/2017\/10\/22690426_1453036618137388_864671608_o-1.jpg\"><img decoding=\"async\" class=\"alignleft wp-image-5324 size-medium\" src=\"http:\/\/caririemdestaque.com\/cd\/wp-content\/uploads\/2017\/10\/22690426_1453036618137388_864671608_o-1-300x126.jpg\" alt=\"\" width=\"300\" height=\"126\" srcset=\"https:\/\/noticiasemdestaque.com\/cd\/wp-content\/uploads\/2017\/10\/22690426_1453036618137388_864671608_o-1-300x126.jpg 300w, https:\/\/noticiasemdestaque.com\/cd\/wp-content\/uploads\/2017\/10\/22690426_1453036618137388_864671608_o-1-768x322.jpg 768w, https:\/\/noticiasemdestaque.com\/cd\/wp-content\/uploads\/2017\/10\/22690426_1453036618137388_864671608_o-1-1024x429.jpg 1024w, https:\/\/noticiasemdestaque.com\/cd\/wp-content\/uploads\/2017\/10\/22690426_1453036618137388_864671608_o-1.jpg 1273w\" sizes=\"(max-width: 300px) 100vw, 300px\" \/><\/a>O prefeito de S\u00e3o Jos\u00e9 dos Cordeiros, Jefferson Roberto, est\u00e1 em Bras\u00edlia cumprindo agenda pol\u00edtica e vem angariando recursos para o munic\u00edpio e para a regi\u00e3o do Cariri.<\/p>\n<p>Nesta viagem a Bras\u00edlia, o gestor j\u00e1 esteve reunido com o\u00a0senador C\u00e1ssio Cunha Lima, que assegurou apoia-lo com mais emendas para o Cons\u00f3rcio Intermunicipal de Sa\u00fade do Cariri (CISCO) e com o deputado federal\u00a0Welington Roberto(PR), na qual garantiu a destina\u00e7\u00e3o de recursos para a constru\u00e7\u00e3o de barragens no Cariri e atendeu as solicita\u00e7\u00f5es do prefeito para as demandas do munic\u00edpio de S\u00e3o Jos\u00e9 dos Cordeiros.<\/p>\n<p>O prefeito esteve ainda em nova audi\u00eancia com o deputado Welington, desta vez, no Minist\u00e9rio do Turismo, destravando libera\u00e7\u00e3o de recursos para pagamento do portal j\u00e1 constru\u00eddo na cidade.<\/p>\n<p>O gestor conseguiu tamb\u00e9m atrav\u00e9s do deputado, recursos para o custeio da sa\u00fade como a constru\u00e7\u00e3o de uma academia de sa\u00fade no valor de R$ 81.000,00 ainda para este ano.<\/p>\n<p>O deputado\u00a0Welington Roberto se comprometeu ainda em apoiar o munic\u00edpio com emendas para o Or\u00e7amento Geral da Uni\u00e3o em 2018.<\/p>\n<p><strong>Cariri em Destaque<\/strong><\/p>\n<p>Com De Olho no Cariri<\/p>\n","protected":false},"excerpt":{"rendered":"<p>O prefeito de S\u00e3o Jos\u00e9 dos Cordeiros, Jefferson Roberto, est\u00e1 em Bras\u00edlia cumprindo agenda pol\u00edtica e vem angariando recursos para o munic\u00edpio e para a regi\u00e3o do Cariri. Nesta viagem a Bras\u00edlia, o gestor j\u00e1 esteve reunido com o\u00a0senador C\u00e1ssio Cunha Lima, que assegurou apoia-lo com mais emendas para o Cons\u00f3rcio Intermunicipal de Sa\u00fade do Cariri (CISCO) e com o deputado federal\u00a0Welington Roberto(PR), na qual garantiu a destina\u00e7\u00e3o de recursos para a constru\u00e7\u00e3o de barragens no Cariri e atendeu as solicita\u00e7\u00f5es do prefeito para as demandas do munic\u00edpio de S\u00e3o Jos\u00e9 dos Cordeiros. O prefeito esteve ainda em nova audi\u00eancia com o deputado Welington, desta vez, no Minist\u00e9rio do Turismo, destravando libera\u00e7\u00e3o de recursos para pagamento do portal j\u00e1 constru\u00eddo na cidade. O gestor conseguiu tamb\u00e9m atrav\u00e9s do deputado, recursos para o custeio da sa\u00fade como a constru\u00e7\u00e3o de uma academia de sa\u00fade no valor de R$ 81.000,00 ainda para este ano. O deputado\u00a0Welington Roberto se comprometeu ainda em apoiar o munic\u00edpio com emendas para o Or\u00e7amento Geral da Uni\u00e3o em 2018. Cariri em Destaque Com De Olho no Cariri<\/p>\n","protected":false},"author":2,"featured_media":5324,"comment_status":"closed","ping_status":"open","sticky":false,"template":"","format":"standard","meta":{"_eb_attr":"","_jetpack_memberships_contains_paid_content":false,"footnotes":""},"categories":[3],"tags":[],"class_list":["post-5323","post","type-post","status-publish","format-standard","has-post-thumbnail","hentry","category-cidades"],"yoast_head":"<!-- This site is optimized with the Yoast SEO plugin v26.5 - https:\/\/yoast.com\/wordpress\/plugins\/seo\/ -->\n<title>Em Bras\u00edlia, Prefeito de S\u00e3o Jos\u00e9 dos Cordeiros adquire R$ 81 mil para a constru\u00e7\u00e3o de academia de sa\u00fade - Not&iacute;cias em Destaque<\/title>\n<meta name=\"robots\" content=\"index, follow, max-snippet:-1, max-image-preview:large, max-video-preview:-1\" \/>\n<link rel=\"canonical\" href=\"https:\/\/noticiasemdestaque.com\/cd\/?p=5323\" \/>\n<meta property=\"og:locale\" content=\"pt_BR\" \/>\n<meta property=\"og:type\" content=\"article\" \/>\n<meta property=\"og:title\" content=\"Em Bras\u00edlia, Prefeito de S\u00e3o Jos\u00e9 dos Cordeiros adquire R$ 81 mil para a constru\u00e7\u00e3o de academia de sa\u00fade - Not&iacute;cias em Destaque\" \/>\n<meta property=\"og:description\" content=\"O prefeito de S\u00e3o Jos\u00e9 dos Cordeiros, Jefferson Roberto, est\u00e1 em Bras\u00edlia cumprindo agenda pol\u00edtica e vem angariando recursos para o munic\u00edpio e para a regi\u00e3o do Cariri. Nesta viagem a Bras\u00edlia, o gestor j\u00e1 esteve reunido com o\u00a0senador C\u00e1ssio Cunha Lima, que assegurou apoia-lo com mais emendas para o Cons\u00f3rcio Intermunicipal de Sa\u00fade do Cariri (CISCO) e com o deputado federal\u00a0Welington Roberto(PR), na qual garantiu a destina\u00e7\u00e3o de recursos para a constru\u00e7\u00e3o de barragens no Cariri e atendeu as solicita\u00e7\u00f5es do prefeito para as demandas do munic\u00edpio de S\u00e3o Jos\u00e9 dos Cordeiros. O prefeito esteve ainda em nova audi\u00eancia com o deputado Welington, desta vez, no Minist\u00e9rio do Turismo, destravando libera\u00e7\u00e3o de recursos para pagamento do portal j\u00e1 constru\u00eddo na cidade. O gestor conseguiu tamb\u00e9m atrav\u00e9s do deputado, recursos para o custeio da sa\u00fade como a constru\u00e7\u00e3o de uma academia de sa\u00fade no valor de R$ 81.000,00 ainda para este ano. O deputado\u00a0Welington Roberto se comprometeu ainda em apoiar o munic\u00edpio com emendas para o Or\u00e7amento Geral da Uni\u00e3o em 2018. Cariri em Destaque Com De Olho no Cariri\" \/>\n<meta property=\"og:url\" content=\"https:\/\/noticiasemdestaque.com\/cd\/?p=5323\" \/>\n<meta property=\"og:site_name\" content=\"Not&iacute;cias em Destaque\" \/>\n<meta property=\"article:published_time\" content=\"2017-10-21T17:58:59+00:00\" \/>\n<meta property=\"og:image\" content=\"https:\/\/noticiasemdestaque.com\/cd\/wp-content\/uploads\/2017\/10\/22690426_1453036618137388_864671608_o-1.jpg\" \/>\n\t<meta property=\"og:image:width\" content=\"1273\" \/>\n\t<meta property=\"og:image:height\" content=\"533\" \/>\n\t<meta property=\"og:image:type\" content=\"image\/jpeg\" \/>\n<meta name=\"author\" content=\"Not\u00edcias em Destaque\" \/>\n<meta name=\"twitter:card\" content=\"summary_large_image\" \/>\n<meta name=\"twitter:label1\" content=\"Escrito por\" \/>\n\t<meta name=\"twitter:data1\" content=\"Not\u00edcias em Destaque\" \/>\n\t<meta name=\"twitter:label2\" content=\"Est. tempo de leitura\" \/>\n\t<meta name=\"twitter:data2\" content=\"1 minuto\" \/>\n<script type=\"application\/ld+json\" class=\"yoast-schema-graph\">{\"@context\":\"https:\/\/schema.org\",\"@graph\":[{\"@type\":\"Article\",\"@id\":\"https:\/\/noticiasemdestaque.com\/cd\/?p=5323#article\",\"isPartOf\":{\"@id\":\"https:\/\/noticiasemdestaque.com\/cd\/?p=5323\"},\"author\":{\"name\":\"Not\u00edcias em Destaque\",\"@id\":\"https:\/\/noticiasemdestaque.com\/cd\/#\/schema\/person\/21320b03a7e8bb90128938dafc9b908a\"},\"headline\":\"Em Bras\u00edlia, Prefeito de S\u00e3o Jos\u00e9 dos Cordeiros adquire R$ 81 mil para a constru\u00e7\u00e3o de academia de sa\u00fade\",\"datePublished\":\"2017-10-21T17:58:59+00:00\",\"mainEntityOfPage\":{\"@id\":\"https:\/\/noticiasemdestaque.com\/cd\/?p=5323\"},\"wordCount\":230,\"publisher\":{\"@id\":\"https:\/\/noticiasemdestaque.com\/cd\/#organization\"},\"image\":{\"@id\":\"https:\/\/noticiasemdestaque.com\/cd\/?p=5323#primaryimage\"},\"thumbnailUrl\":\"https:\/\/noticiasemdestaque.com\/cd\/wp-content\/uploads\/2017\/10\/22690426_1453036618137388_864671608_o-1.jpg\",\"articleSection\":[\"Cidades\"],\"inLanguage\":\"pt-BR\"},{\"@type\":\"WebPage\",\"@id\":\"https:\/\/noticiasemdestaque.com\/cd\/?p=5323\",\"url\":\"https:\/\/noticiasemdestaque.com\/cd\/?p=5323\",\"name\":\"Em Bras\u00edlia, Prefeito de S\u00e3o Jos\u00e9 dos Cordeiros adquire R$ 81 mil para a constru\u00e7\u00e3o de academia de sa\u00fade - Not&iacute;cias em Destaque\",\"isPartOf\":{\"@id\":\"https:\/\/noticiasemdestaque.com\/cd\/#website\"},\"primaryImageOfPage\":{\"@id\":\"https:\/\/noticiasemdestaque.com\/cd\/?p=5323#primaryimage\"},\"image\":{\"@id\":\"https:\/\/noticiasemdestaque.com\/cd\/?p=5323#primaryimage\"},\"thumbnailUrl\":\"https:\/\/noticiasemdestaque.com\/cd\/wp-content\/uploads\/2017\/10\/22690426_1453036618137388_864671608_o-1.jpg\",\"datePublished\":\"2017-10-21T17:58:59+00:00\",\"breadcrumb\":{\"@id\":\"https:\/\/noticiasemdestaque.com\/cd\/?p=5323#breadcrumb\"},\"inLanguage\":\"pt-BR\",\"potentialAction\":[{\"@type\":\"ReadAction\",\"target\":[\"https:\/\/noticiasemdestaque.com\/cd\/?p=5323\"]}]},{\"@type\":\"ImageObject\",\"inLanguage\":\"pt-BR\",\"@id\":\"https:\/\/noticiasemdestaque.com\/cd\/?p=5323#primaryimage\",\"url\":\"https:\/\/noticiasemdestaque.com\/cd\/wp-content\/uploads\/2017\/10\/22690426_1453036618137388_864671608_o-1.jpg\",\"contentUrl\":\"https:\/\/noticiasemdestaque.com\/cd\/wp-content\/uploads\/2017\/10\/22690426_1453036618137388_864671608_o-1.jpg\",\"width\":1273,\"height\":533},{\"@type\":\"BreadcrumbList\",\"@id\":\"https:\/\/noticiasemdestaque.com\/cd\/?p=5323#breadcrumb\",\"itemListElement\":[{\"@type\":\"ListItem\",\"position\":1,\"name\":\"In\u00edcio\",\"item\":\"https:\/\/noticiasemdestaque.com\/cd\/\"},{\"@type\":\"ListItem\",\"position\":2,\"name\":\"Em Bras\u00edlia, Prefeito de S\u00e3o Jos\u00e9 dos Cordeiros adquire R$ 81 mil para a constru\u00e7\u00e3o de academia de sa\u00fade\"}]},{\"@type\":\"WebSite\",\"@id\":\"https:\/\/noticiasemdestaque.com\/cd\/#website\",\"url\":\"https:\/\/noticiasemdestaque.com\/cd\/\",\"name\":\"Not&iacute;cias em Destaque\",\"description\":\"\",\"publisher\":{\"@id\":\"https:\/\/noticiasemdestaque.com\/cd\/#organization\"},\"potentialAction\":[{\"@type\":\"SearchAction\",\"target\":{\"@type\":\"EntryPoint\",\"urlTemplate\":\"https:\/\/noticiasemdestaque.com\/cd\/?s={search_term_string}\"},\"query-input\":{\"@type\":\"PropertyValueSpecification\",\"valueRequired\":true,\"valueName\":\"search_term_string\"}}],\"inLanguage\":\"pt-BR\"},{\"@type\":\"Organization\",\"@id\":\"https:\/\/noticiasemdestaque.com\/cd\/#organization\",\"name\":\"Not\u00edcias em Destaque\",\"url\":\"https:\/\/noticiasemdestaque.com\/cd\/\",\"logo\":{\"@type\":\"ImageObject\",\"inLanguage\":\"pt-BR\",\"@id\":\"https:\/\/noticiasemdestaque.com\/cd\/#\/schema\/logo\/image\/\",\"url\":\"https:\/\/noticiasemdestaque.com\/cd\/wp-content\/uploads\/2022\/05\/imagem-base-noticiasemdestaque.png\",\"contentUrl\":\"https:\/\/noticiasemdestaque.com\/cd\/wp-content\/uploads\/2022\/05\/imagem-base-noticiasemdestaque.png\",\"width\":1200,\"height\":630,\"caption\":\"Not\u00edcias em Destaque\"},\"image\":{\"@id\":\"https:\/\/noticiasemdestaque.com\/cd\/#\/schema\/logo\/image\/\"}},{\"@type\":\"Person\",\"@id\":\"https:\/\/noticiasemdestaque.com\/cd\/#\/schema\/person\/21320b03a7e8bb90128938dafc9b908a\",\"name\":\"Not\u00edcias em Destaque\",\"url\":\"https:\/\/noticiasemdestaque.com\/cd\/?author=2\"}]}<\/script>\n<!-- \/ Yoast SEO plugin. -->","yoast_head_json":{"title":"Em Bras\u00edlia, Prefeito de S\u00e3o Jos\u00e9 dos Cordeiros adquire R$ 81 mil para a constru\u00e7\u00e3o de academia de sa\u00fade - Not&iacute;cias em Destaque","robots":{"index":"index","follow":"follow","max-snippet":"max-snippet:-1","max-image-preview":"max-image-preview:large","max-video-preview":"max-video-preview:-1"},"canonical":"https:\/\/noticiasemdestaque.com\/cd\/?p=5323","og_locale":"pt_BR","og_type":"article","og_title":"Em Bras\u00edlia, Prefeito de S\u00e3o Jos\u00e9 dos Cordeiros adquire R$ 81 mil para a constru\u00e7\u00e3o de academia de sa\u00fade - Not&iacute;cias em Destaque","og_description":"O prefeito de S\u00e3o Jos\u00e9 dos Cordeiros, Jefferson Roberto, est\u00e1 em Bras\u00edlia cumprindo agenda pol\u00edtica e vem angariando recursos para o munic\u00edpio e para a regi\u00e3o do Cariri. Nesta viagem a Bras\u00edlia, o gestor j\u00e1 esteve reunido com o\u00a0senador C\u00e1ssio Cunha Lima, que assegurou apoia-lo com mais emendas para o Cons\u00f3rcio Intermunicipal de Sa\u00fade do Cariri (CISCO) e com o deputado federal\u00a0Welington Roberto(PR), na qual garantiu a destina\u00e7\u00e3o de recursos para a constru\u00e7\u00e3o de barragens no Cariri e atendeu as solicita\u00e7\u00f5es do prefeito para as demandas do munic\u00edpio de S\u00e3o Jos\u00e9 dos Cordeiros. O prefeito esteve ainda em nova audi\u00eancia com o deputado Welington, desta vez, no Minist\u00e9rio do Turismo, destravando libera\u00e7\u00e3o de recursos para pagamento do portal j\u00e1 constru\u00eddo na cidade. O gestor conseguiu tamb\u00e9m atrav\u00e9s do deputado, recursos para o custeio da sa\u00fade como a constru\u00e7\u00e3o de uma academia de sa\u00fade no valor de R$ 81.000,00 ainda para este ano. O deputado\u00a0Welington Roberto se comprometeu ainda em apoiar o munic\u00edpio com emendas para o Or\u00e7amento Geral da Uni\u00e3o em 2018. Cariri em Destaque Com De Olho no Cariri","og_url":"https:\/\/noticiasemdestaque.com\/cd\/?p=5323","og_site_name":"Not&iacute;cias em Destaque","article_published_time":"2017-10-21T17:58:59+00:00","og_image":[{"width":1273,"height":533,"url":"https:\/\/noticiasemdestaque.com\/cd\/wp-content\/uploads\/2017\/10\/22690426_1453036618137388_864671608_o-1.jpg","type":"image\/jpeg"}],"author":"Not\u00edcias em Destaque","twitter_card":"summary_large_image","twitter_misc":{"Escrito por":"Not\u00edcias em Destaque","Est. tempo de leitura":"1 minuto"},"schema":{"@context":"https:\/\/schema.org","@graph":[{"@type":"Article","@id":"https:\/\/noticiasemdestaque.com\/cd\/?p=5323#article","isPartOf":{"@id":"https:\/\/noticiasemdestaque.com\/cd\/?p=5323"},"author":{"name":"Not\u00edcias em Destaque","@id":"https:\/\/noticiasemdestaque.com\/cd\/#\/schema\/person\/21320b03a7e8bb90128938dafc9b908a"},"headline":"Em Bras\u00edlia, Prefeito de S\u00e3o Jos\u00e9 dos Cordeiros adquire R$ 81 mil para a constru\u00e7\u00e3o de academia de sa\u00fade","datePublished":"2017-10-21T17:58:59+00:00","mainEntityOfPage":{"@id":"https:\/\/noticiasemdestaque.com\/cd\/?p=5323"},"wordCount":230,"publisher":{"@id":"https:\/\/noticiasemdestaque.com\/cd\/#organization"},"image":{"@id":"https:\/\/noticiasemdestaque.com\/cd\/?p=5323#primaryimage"},"thumbnailUrl":"https:\/\/noticiasemdestaque.com\/cd\/wp-content\/uploads\/2017\/10\/22690426_1453036618137388_864671608_o-1.jpg","articleSection":["Cidades"],"inLanguage":"pt-BR"},{"@type":"WebPage","@id":"https:\/\/noticiasemdestaque.com\/cd\/?p=5323","url":"https:\/\/noticiasemdestaque.com\/cd\/?p=5323","name":"Em Bras\u00edlia, Prefeito de S\u00e3o Jos\u00e9 dos Cordeiros adquire R$ 81 mil para a constru\u00e7\u00e3o de academia de sa\u00fade - Not&iacute;cias em Destaque","isPartOf":{"@id":"https:\/\/noticiasemdestaque.com\/cd\/#website"},"primaryImageOfPage":{"@id":"https:\/\/noticiasemdestaque.com\/cd\/?p=5323#primaryimage"},"image":{"@id":"https:\/\/noticiasemdestaque.com\/cd\/?p=5323#primaryimage"},"thumbnailUrl":"https:\/\/noticiasemdestaque.com\/cd\/wp-content\/uploads\/2017\/10\/22690426_1453036618137388_864671608_o-1.jpg","datePublished":"2017-10-21T17:58:59+00:00","breadcrumb":{"@id":"https:\/\/noticiasemdestaque.com\/cd\/?p=5323#breadcrumb"},"inLanguage":"pt-BR","potentialAction":[{"@type":"ReadAction","target":["https:\/\/noticiasemdestaque.com\/cd\/?p=5323"]}]},{"@type":"ImageObject","inLanguage":"pt-BR","@id":"https:\/\/noticiasemdestaque.com\/cd\/?p=5323#primaryimage","url":"https:\/\/noticiasemdestaque.com\/cd\/wp-content\/uploads\/2017\/10\/22690426_1453036618137388_864671608_o-1.jpg","contentUrl":"https:\/\/noticiasemdestaque.com\/cd\/wp-content\/uploads\/2017\/10\/22690426_1453036618137388_864671608_o-1.jpg","width":1273,"height":533},{"@type":"BreadcrumbList","@id":"https:\/\/noticiasemdestaque.com\/cd\/?p=5323#breadcrumb","itemListElement":[{"@type":"ListItem","position":1,"name":"In\u00edcio","item":"https:\/\/noticiasemdestaque.com\/cd\/"},{"@type":"ListItem","position":2,"name":"Em Bras\u00edlia, Prefeito de S\u00e3o Jos\u00e9 dos Cordeiros adquire R$ 81 mil para a constru\u00e7\u00e3o de academia de sa\u00fade"}]},{"@type":"WebSite","@id":"https:\/\/noticiasemdestaque.com\/cd\/#website","url":"https:\/\/noticiasemdestaque.com\/cd\/","name":"Not&iacute;cias em Destaque","description":"","publisher":{"@id":"https:\/\/noticiasemdestaque.com\/cd\/#organization"},"potentialAction":[{"@type":"SearchAction","target":{"@type":"EntryPoint","urlTemplate":"https:\/\/noticiasemdestaque.com\/cd\/?s={search_term_string}"},"query-input":{"@type":"PropertyValueSpecification","valueRequired":true,"valueName":"search_term_string"}}],"inLanguage":"pt-BR"},{"@type":"Organization","@id":"https:\/\/noticiasemdestaque.com\/cd\/#organization","name":"Not\u00edcias em Destaque","url":"https:\/\/noticiasemdestaque.com\/cd\/","logo":{"@type":"ImageObject","inLanguage":"pt-BR","@id":"https:\/\/noticiasemdestaque.com\/cd\/#\/schema\/logo\/image\/","url":"https:\/\/noticiasemdestaque.com\/cd\/wp-content\/uploads\/2022\/05\/imagem-base-noticiasemdestaque.png","contentUrl":"https:\/\/noticiasemdestaque.com\/cd\/wp-content\/uploads\/2022\/05\/imagem-base-noticiasemdestaque.png","width":1200,"height":630,"caption":"Not\u00edcias em Destaque"},"image":{"@id":"https:\/\/noticiasemdestaque.com\/cd\/#\/schema\/logo\/image\/"}},{"@type":"Person","@id":"https:\/\/noticiasemdestaque.com\/cd\/#\/schema\/person\/21320b03a7e8bb90128938dafc9b908a","name":"Not\u00edcias em Destaque","url":"https:\/\/noticiasemdestaque.com\/cd\/?author=2"}]}},"jetpack_featured_media_url":"https:\/\/noticiasemdestaque.com\/cd\/wp-content\/uploads\/2017\/10\/22690426_1453036618137388_864671608_o-1.jpg","jetpack_sharing_enabled":true,"_links":{"self":[{"href":"https:\/\/noticiasemdestaque.com\/cd\/index.php?rest_route=\/wp\/v2\/posts\/5323","targetHints":{"allow":["GET"]}}],"collection":[{"href":"https:\/\/noticiasemdestaque.com\/cd\/index.php?rest_route=\/wp\/v2\/posts"}],"about":[{"href":"https:\/\/noticiasemdestaque.com\/cd\/index.php?rest_route=\/wp\/v2\/types\/post"}],"author":[{"embeddable":true,"href":"https:\/\/noticiasemdestaque.com\/cd\/index.php?rest_route=\/wp\/v2\/users\/2"}],"replies":[{"embeddable":true,"href":"https:\/\/noticiasemdestaque.com\/cd\/index.php?rest_route=%2Fwp%2Fv2%2Fcomments&post=5323"}],"version-history":[{"count":1,"href":"https:\/\/noticiasemdestaque.com\/cd\/index.php?rest_route=\/wp\/v2\/posts\/5323\/revisions"}],"predecessor-version":[{"id":5325,"href":"https:\/\/noticiasemdestaque.com\/cd\/index.php?rest_route=\/wp\/v2\/posts\/5323\/revisions\/5325"}],"wp:featuredmedia":[{"embeddable":true,"href":"https:\/\/noticiasemdestaque.com\/cd\/index.php?rest_route=\/wp\/v2\/media\/5324"}],"wp:attachment":[{"href":"https:\/\/noticiasemdestaque.com\/cd\/index.php?rest_route=%2Fwp%2Fv2%2Fmedia&parent=5323"}],"wp:term":[{"taxonomy":"category","embeddable":true,"href":"https:\/\/noticiasemdestaque.com\/cd\/index.php?rest_route=%2Fwp%2Fv2%2Fcategories&post=5323"},{"taxonomy":"post_tag","embeddable":true,"href":"https:\/\/noticiasemdestaque.com\/cd\/index.php?rest_route=%2Fwp%2Fv2%2Ftags&post=5323"}],"curies":[{"name":"wp","href":"https:\/\/api.w.org\/{rel}","templated":true}]}}