{"id":5320,"date":"2017-10-21T14:53:08","date_gmt":"2017-10-21T17:53:08","guid":{"rendered":"http:\/\/caririemdestaque.com\/cd\/?p=5320"},"modified":"2017-10-21T14:53:08","modified_gmt":"2017-10-21T17:53:08","slug":"concurso-publico-da-prefeitura-de-sume-acontece-neste-domingo","status":"publish","type":"post","link":"https:\/\/noticiasemdestaque.com\/cd\/?p=5320","title":{"rendered":"CONCURSO P\u00daBLICO DA PREFEITURA DE SUM\u00c9 ACONTECE NESTE DOMINGO"},"content":{"rendered":"<p><a href=\"http:\/\/caririemdestaque.com\/cd\/wp-content\/uploads\/2017\/10\/22519233_884894991673094_4902787472747049154_n.jpg\"><img fetchpriority=\"high\" decoding=\"async\" class=\"alignleft wp-image-5321 size-medium\" src=\"http:\/\/caririemdestaque.com\/cd\/wp-content\/uploads\/2017\/10\/22519233_884894991673094_4902787472747049154_n-300x225.jpg\" alt=\"\" width=\"300\" height=\"225\" srcset=\"https:\/\/noticiasemdestaque.com\/cd\/wp-content\/uploads\/2017\/10\/22519233_884894991673094_4902787472747049154_n-300x225.jpg 300w, https:\/\/noticiasemdestaque.com\/cd\/wp-content\/uploads\/2017\/10\/22519233_884894991673094_4902787472747049154_n-768x576.jpg 768w, https:\/\/noticiasemdestaque.com\/cd\/wp-content\/uploads\/2017\/10\/22519233_884894991673094_4902787472747049154_n-640x480.jpg 640w, https:\/\/noticiasemdestaque.com\/cd\/wp-content\/uploads\/2017\/10\/22519233_884894991673094_4902787472747049154_n.jpg 800w\" sizes=\"(max-width: 300px) 100vw, 300px\" \/><\/a>O Concurso P\u00fablico da Prefeitura de Sum\u00e9 ser\u00e1 realizado neste domingo (22\/10), hor\u00e1rio local, em dois turnos, manh\u00e3 e tarde.<\/p>\n<p>No hor\u00e1rio de 08h \u00e0s 12h, as provas ser\u00e3o aplicadas para os candidatos inscritos nos Grupos Ocupacionais das atividades de N\u00edvel Elementar, N\u00edvel Superior e Servi\u00e7os de Sa\u00fade.<\/p>\n<p>No per\u00edodo da tarde, de 14h \u00e0s 18h, as provas s\u00e3o para os candidatos dos Grupos Ocupacionais de Atividades de N\u00edvel Intermedi\u00e1rio, Servi\u00e7os de Apoio Administrativo e Magist\u00e9rio P\u00fablico Municipal.<\/p>\n<p>As informa\u00e7\u00f5es sobre o hor\u00e1rio, local, sala e carteira onde o candidato realizar\u00e1 a prova est\u00e3o disponibilizadas no site da organizadora do Concurso P\u00fablico, no endere\u00e7o eletr\u00f4nico\u00a0<a href=\"https:\/\/l.facebook.com\/l.php?u=http%3A%2F%2Fwww.cpcon.uepb.edu.br%2F&amp;h=ATN22bCnqhNoKmI7jQU_SojYYwDE5ZVcy99KyC9lnXT_XZhUM8ZIO1oQ4XbI9BOocJ5Iprq0UmdkYYrW0cBTfwsITMBQi6fB9Hf35QA_dWr1eCI_zs3Fmy8g3eT4iwGh865zUQMQrFcMvFyv6RCYCTqelZlvKKVM13cveCSjQ8gVkjfMR3xeR1xGmGfYRVKaH1m6E9Ujs3LrdCua9RymQTzpmAaA5ZgHcpAqoD-wuu45XKRb65IbQA-Ri5ad4i_UGem5d5bhnQ93IYncbTTZGAURfJV94TH9hQ1EAoSa\">http:\/\/www.cpcon.uepb.edu.br.<\/a><\/p>\n<p>As provas objetivas constar\u00e3o de 40 quest\u00f5es, todas de m\u00faltipla escolha com alternativas de \u201cA\u201d a \u201cE\u201d, sendo somente uma correta.<\/p>\n<p>O candidato dever\u00e1 comparecer ao local de prova portando documento de identifica\u00e7\u00e3o original com foto que o identifique, podendo ser RG, Carteira de Trabalho, Certificado de Reservista, Passaporte ou Carteira Nacional de Habilita\u00e7\u00e3o com fotografia.<\/p>\n<p>Tamb\u00e9m dever\u00e1 levar caneta esferogr\u00e1fica de material transparente de tinta preta ou azul, l\u00e1pis preto n\u00ba 2 e borracha, n\u00e3o sendo permitido nenhum outro material e nem aparelhos celulares.<\/p>\n<p>Foram inscritos no total 2.850 pessoas para concorrer a 70 vagas em cargos de n\u00edvel fundamental, m\u00e9dio e superior, com sal\u00e1rios entre R$ 937,00 e R$ 6.325,60.<\/p>\n<p>O cronograma do Concurso P\u00fablico est\u00e1 descrito no Edital de Abertura \u2013 Cap\u00edtulo V \u2013 Cronograma Provis\u00f3rio \u2013 p\u00e1ginas 7 e 8.<\/p>\n<p><em><strong>Cariri em Destaque<\/strong><\/em><\/p>\n<p>Com Ascom\/PMS<\/p>\n","protected":false},"excerpt":{"rendered":"<p>O Concurso P\u00fablico da Prefeitura de Sum\u00e9 ser\u00e1 realizado neste domingo (22\/10), hor\u00e1rio local, em dois turnos, manh\u00e3 e tarde. No hor\u00e1rio de 08h \u00e0s 12h, as provas ser\u00e3o aplicadas para os candidatos inscritos nos Grupos Ocupacionais das atividades de N\u00edvel Elementar, N\u00edvel Superior e Servi\u00e7os de Sa\u00fade. No per\u00edodo da tarde, de 14h \u00e0s 18h, as provas s\u00e3o para os candidatos dos Grupos Ocupacionais de Atividades de N\u00edvel Intermedi\u00e1rio, Servi\u00e7os de Apoio Administrativo e Magist\u00e9rio P\u00fablico Municipal. As informa\u00e7\u00f5es sobre o hor\u00e1rio, local, sala e carteira onde o candidato realizar\u00e1 a prova est\u00e3o disponibilizadas no site da organizadora do Concurso P\u00fablico, no endere\u00e7o eletr\u00f4nico\u00a0http:\/\/www.cpcon.uepb.edu.br. As provas objetivas constar\u00e3o de 40 quest\u00f5es, todas de m\u00faltipla escolha com alternativas de \u201cA\u201d a \u201cE\u201d, sendo somente uma correta. O candidato dever\u00e1 comparecer ao local de prova portando documento de identifica\u00e7\u00e3o original com foto que o identifique, podendo ser RG, Carteira de Trabalho, Certificado de Reservista, Passaporte ou Carteira Nacional de Habilita\u00e7\u00e3o com fotografia. Tamb\u00e9m dever\u00e1 levar caneta esferogr\u00e1fica de material transparente de tinta preta ou azul, l\u00e1pis preto n\u00ba 2 e borracha, n\u00e3o sendo permitido nenhum outro material e nem aparelhos celulares. Foram inscritos no total 2.850 pessoas para concorrer a 70 vagas em cargos de n\u00edvel fundamental, m\u00e9dio e superior, com sal\u00e1rios entre R$ 937,00 e R$ 6.325,60. O cronograma do Concurso P\u00fablico est\u00e1 descrito no Edital de Abertura \u2013 Cap\u00edtulo V \u2013 Cronograma Provis\u00f3rio \u2013 p\u00e1ginas 7 e 8. Cariri em Destaque Com Ascom\/PMS<\/p>\n","protected":false},"author":2,"featured_media":5321,"comment_status":"closed","ping_status":"open","sticky":false,"template":"","format":"standard","meta":{"_eb_attr":"","_jetpack_memberships_contains_paid_content":false,"footnotes":""},"categories":[3],"tags":[],"class_list":["post-5320","post","type-post","status-publish","format-standard","has-post-thumbnail","hentry","category-cidades"],"yoast_head":"<!-- This site is optimized with the Yoast SEO plugin v26.5 - https:\/\/yoast.com\/wordpress\/plugins\/seo\/ -->\n<title>CONCURSO P\u00daBLICO DA PREFEITURA DE SUM\u00c9 ACONTECE NESTE DOMINGO - Not&iacute;cias em Destaque<\/title>\n<meta name=\"robots\" content=\"index, follow, max-snippet:-1, max-image-preview:large, max-video-preview:-1\" \/>\n<link rel=\"canonical\" href=\"https:\/\/noticiasemdestaque.com\/cd\/?p=5320\" \/>\n<meta property=\"og:locale\" content=\"pt_BR\" \/>\n<meta property=\"og:type\" content=\"article\" \/>\n<meta property=\"og:title\" content=\"CONCURSO P\u00daBLICO DA PREFEITURA DE SUM\u00c9 ACONTECE NESTE DOMINGO - Not&iacute;cias em Destaque\" \/>\n<meta property=\"og:description\" content=\"O Concurso P\u00fablico da Prefeitura de Sum\u00e9 ser\u00e1 realizado neste domingo (22\/10), hor\u00e1rio local, em dois turnos, manh\u00e3 e tarde. No hor\u00e1rio de 08h \u00e0s 12h, as provas ser\u00e3o aplicadas para os candidatos inscritos nos Grupos Ocupacionais das atividades de N\u00edvel Elementar, N\u00edvel Superior e Servi\u00e7os de Sa\u00fade. No per\u00edodo da tarde, de 14h \u00e0s 18h, as provas s\u00e3o para os candidatos dos Grupos Ocupacionais de Atividades de N\u00edvel Intermedi\u00e1rio, Servi\u00e7os de Apoio Administrativo e Magist\u00e9rio P\u00fablico Municipal. As informa\u00e7\u00f5es sobre o hor\u00e1rio, local, sala e carteira onde o candidato realizar\u00e1 a prova est\u00e3o disponibilizadas no site da organizadora do Concurso P\u00fablico, no endere\u00e7o eletr\u00f4nico\u00a0http:\/\/www.cpcon.uepb.edu.br. As provas objetivas constar\u00e3o de 40 quest\u00f5es, todas de m\u00faltipla escolha com alternativas de \u201cA\u201d a \u201cE\u201d, sendo somente uma correta. O candidato dever\u00e1 comparecer ao local de prova portando documento de identifica\u00e7\u00e3o original com foto que o identifique, podendo ser RG, Carteira de Trabalho, Certificado de Reservista, Passaporte ou Carteira Nacional de Habilita\u00e7\u00e3o com fotografia. Tamb\u00e9m dever\u00e1 levar caneta esferogr\u00e1fica de material transparente de tinta preta ou azul, l\u00e1pis preto n\u00ba 2 e borracha, n\u00e3o sendo permitido nenhum outro material e nem aparelhos celulares. Foram inscritos no total 2.850 pessoas para concorrer a 70 vagas em cargos de n\u00edvel fundamental, m\u00e9dio e superior, com sal\u00e1rios entre R$ 937,00 e R$ 6.325,60. O cronograma do Concurso P\u00fablico est\u00e1 descrito no Edital de Abertura \u2013 Cap\u00edtulo V \u2013 Cronograma Provis\u00f3rio \u2013 p\u00e1ginas 7 e 8. Cariri em Destaque Com Ascom\/PMS\" \/>\n<meta property=\"og:url\" content=\"https:\/\/noticiasemdestaque.com\/cd\/?p=5320\" \/>\n<meta property=\"og:site_name\" content=\"Not&iacute;cias em Destaque\" \/>\n<meta property=\"article:published_time\" content=\"2017-10-21T17:53:08+00:00\" \/>\n<meta property=\"og:image\" content=\"https:\/\/noticiasemdestaque.com\/cd\/wp-content\/uploads\/2017\/10\/22519233_884894991673094_4902787472747049154_n.jpg\" \/>\n\t<meta property=\"og:image:width\" content=\"800\" \/>\n\t<meta property=\"og:image:height\" content=\"600\" \/>\n\t<meta property=\"og:image:type\" content=\"image\/jpeg\" \/>\n<meta name=\"author\" content=\"Not\u00edcias em Destaque\" \/>\n<meta name=\"twitter:card\" content=\"summary_large_image\" \/>\n<meta name=\"twitter:label1\" content=\"Escrito por\" \/>\n\t<meta name=\"twitter:data1\" content=\"Not\u00edcias em Destaque\" \/>\n\t<meta name=\"twitter:label2\" content=\"Est. tempo de leitura\" \/>\n\t<meta name=\"twitter:data2\" content=\"1 minuto\" \/>\n<script type=\"application\/ld+json\" class=\"yoast-schema-graph\">{\"@context\":\"https:\/\/schema.org\",\"@graph\":[{\"@type\":\"Article\",\"@id\":\"https:\/\/noticiasemdestaque.com\/cd\/?p=5320#article\",\"isPartOf\":{\"@id\":\"https:\/\/noticiasemdestaque.com\/cd\/?p=5320\"},\"author\":{\"name\":\"Not\u00edcias em Destaque\",\"@id\":\"https:\/\/noticiasemdestaque.com\/cd\/#\/schema\/person\/21320b03a7e8bb90128938dafc9b908a\"},\"headline\":\"CONCURSO P\u00daBLICO DA PREFEITURA DE SUM\u00c9 ACONTECE NESTE DOMINGO\",\"datePublished\":\"2017-10-21T17:53:08+00:00\",\"mainEntityOfPage\":{\"@id\":\"https:\/\/noticiasemdestaque.com\/cd\/?p=5320\"},\"wordCount\":286,\"publisher\":{\"@id\":\"https:\/\/noticiasemdestaque.com\/cd\/#organization\"},\"image\":{\"@id\":\"https:\/\/noticiasemdestaque.com\/cd\/?p=5320#primaryimage\"},\"thumbnailUrl\":\"https:\/\/noticiasemdestaque.com\/cd\/wp-content\/uploads\/2017\/10\/22519233_884894991673094_4902787472747049154_n.jpg\",\"articleSection\":[\"Cidades\"],\"inLanguage\":\"pt-BR\"},{\"@type\":\"WebPage\",\"@id\":\"https:\/\/noticiasemdestaque.com\/cd\/?p=5320\",\"url\":\"https:\/\/noticiasemdestaque.com\/cd\/?p=5320\",\"name\":\"CONCURSO P\u00daBLICO DA PREFEITURA DE SUM\u00c9 ACONTECE NESTE DOMINGO - Not&iacute;cias em Destaque\",\"isPartOf\":{\"@id\":\"https:\/\/noticiasemdestaque.com\/cd\/#website\"},\"primaryImageOfPage\":{\"@id\":\"https:\/\/noticiasemdestaque.com\/cd\/?p=5320#primaryimage\"},\"image\":{\"@id\":\"https:\/\/noticiasemdestaque.com\/cd\/?p=5320#primaryimage\"},\"thumbnailUrl\":\"https:\/\/noticiasemdestaque.com\/cd\/wp-content\/uploads\/2017\/10\/22519233_884894991673094_4902787472747049154_n.jpg\",\"datePublished\":\"2017-10-21T17:53:08+00:00\",\"breadcrumb\":{\"@id\":\"https:\/\/noticiasemdestaque.com\/cd\/?p=5320#breadcrumb\"},\"inLanguage\":\"pt-BR\",\"potentialAction\":[{\"@type\":\"ReadAction\",\"target\":[\"https:\/\/noticiasemdestaque.com\/cd\/?p=5320\"]}]},{\"@type\":\"ImageObject\",\"inLanguage\":\"pt-BR\",\"@id\":\"https:\/\/noticiasemdestaque.com\/cd\/?p=5320#primaryimage\",\"url\":\"https:\/\/noticiasemdestaque.com\/cd\/wp-content\/uploads\/2017\/10\/22519233_884894991673094_4902787472747049154_n.jpg\",\"contentUrl\":\"https:\/\/noticiasemdestaque.com\/cd\/wp-content\/uploads\/2017\/10\/22519233_884894991673094_4902787472747049154_n.jpg\",\"width\":800,\"height\":600},{\"@type\":\"BreadcrumbList\",\"@id\":\"https:\/\/noticiasemdestaque.com\/cd\/?p=5320#breadcrumb\",\"itemListElement\":[{\"@type\":\"ListItem\",\"position\":1,\"name\":\"In\u00edcio\",\"item\":\"https:\/\/noticiasemdestaque.com\/cd\/\"},{\"@type\":\"ListItem\",\"position\":2,\"name\":\"CONCURSO P\u00daBLICO DA PREFEITURA DE SUM\u00c9 ACONTECE NESTE DOMINGO\"}]},{\"@type\":\"WebSite\",\"@id\":\"https:\/\/noticiasemdestaque.com\/cd\/#website\",\"url\":\"https:\/\/noticiasemdestaque.com\/cd\/\",\"name\":\"Not&iacute;cias em Destaque\",\"description\":\"\",\"publisher\":{\"@id\":\"https:\/\/noticiasemdestaque.com\/cd\/#organization\"},\"potentialAction\":[{\"@type\":\"SearchAction\",\"target\":{\"@type\":\"EntryPoint\",\"urlTemplate\":\"https:\/\/noticiasemdestaque.com\/cd\/?s={search_term_string}\"},\"query-input\":{\"@type\":\"PropertyValueSpecification\",\"valueRequired\":true,\"valueName\":\"search_term_string\"}}],\"inLanguage\":\"pt-BR\"},{\"@type\":\"Organization\",\"@id\":\"https:\/\/noticiasemdestaque.com\/cd\/#organization\",\"name\":\"Not\u00edcias em Destaque\",\"url\":\"https:\/\/noticiasemdestaque.com\/cd\/\",\"logo\":{\"@type\":\"ImageObject\",\"inLanguage\":\"pt-BR\",\"@id\":\"https:\/\/noticiasemdestaque.com\/cd\/#\/schema\/logo\/image\/\",\"url\":\"https:\/\/noticiasemdestaque.com\/cd\/wp-content\/uploads\/2022\/05\/imagem-base-noticiasemdestaque.png\",\"contentUrl\":\"https:\/\/noticiasemdestaque.com\/cd\/wp-content\/uploads\/2022\/05\/imagem-base-noticiasemdestaque.png\",\"width\":1200,\"height\":630,\"caption\":\"Not\u00edcias em Destaque\"},\"image\":{\"@id\":\"https:\/\/noticiasemdestaque.com\/cd\/#\/schema\/logo\/image\/\"}},{\"@type\":\"Person\",\"@id\":\"https:\/\/noticiasemdestaque.com\/cd\/#\/schema\/person\/21320b03a7e8bb90128938dafc9b908a\",\"name\":\"Not\u00edcias em Destaque\",\"url\":\"https:\/\/noticiasemdestaque.com\/cd\/?author=2\"}]}<\/script>\n<!-- \/ Yoast SEO plugin. -->","yoast_head_json":{"title":"CONCURSO P\u00daBLICO DA PREFEITURA DE SUM\u00c9 ACONTECE NESTE DOMINGO - Not&iacute;cias em Destaque","robots":{"index":"index","follow":"follow","max-snippet":"max-snippet:-1","max-image-preview":"max-image-preview:large","max-video-preview":"max-video-preview:-1"},"canonical":"https:\/\/noticiasemdestaque.com\/cd\/?p=5320","og_locale":"pt_BR","og_type":"article","og_title":"CONCURSO P\u00daBLICO DA PREFEITURA DE SUM\u00c9 ACONTECE NESTE DOMINGO - Not&iacute;cias em Destaque","og_description":"O Concurso P\u00fablico da Prefeitura de Sum\u00e9 ser\u00e1 realizado neste domingo (22\/10), hor\u00e1rio local, em dois turnos, manh\u00e3 e tarde. No hor\u00e1rio de 08h \u00e0s 12h, as provas ser\u00e3o aplicadas para os candidatos inscritos nos Grupos Ocupacionais das atividades de N\u00edvel Elementar, N\u00edvel Superior e Servi\u00e7os de Sa\u00fade. No per\u00edodo da tarde, de 14h \u00e0s 18h, as provas s\u00e3o para os candidatos dos Grupos Ocupacionais de Atividades de N\u00edvel Intermedi\u00e1rio, Servi\u00e7os de Apoio Administrativo e Magist\u00e9rio P\u00fablico Municipal. As informa\u00e7\u00f5es sobre o hor\u00e1rio, local, sala e carteira onde o candidato realizar\u00e1 a prova est\u00e3o disponibilizadas no site da organizadora do Concurso P\u00fablico, no endere\u00e7o eletr\u00f4nico\u00a0http:\/\/www.cpcon.uepb.edu.br. As provas objetivas constar\u00e3o de 40 quest\u00f5es, todas de m\u00faltipla escolha com alternativas de \u201cA\u201d a \u201cE\u201d, sendo somente uma correta. O candidato dever\u00e1 comparecer ao local de prova portando documento de identifica\u00e7\u00e3o original com foto que o identifique, podendo ser RG, Carteira de Trabalho, Certificado de Reservista, Passaporte ou Carteira Nacional de Habilita\u00e7\u00e3o com fotografia. Tamb\u00e9m dever\u00e1 levar caneta esferogr\u00e1fica de material transparente de tinta preta ou azul, l\u00e1pis preto n\u00ba 2 e borracha, n\u00e3o sendo permitido nenhum outro material e nem aparelhos celulares. Foram inscritos no total 2.850 pessoas para concorrer a 70 vagas em cargos de n\u00edvel fundamental, m\u00e9dio e superior, com sal\u00e1rios entre R$ 937,00 e R$ 6.325,60. O cronograma do Concurso P\u00fablico est\u00e1 descrito no Edital de Abertura \u2013 Cap\u00edtulo V \u2013 Cronograma Provis\u00f3rio \u2013 p\u00e1ginas 7 e 8. Cariri em Destaque Com Ascom\/PMS","og_url":"https:\/\/noticiasemdestaque.com\/cd\/?p=5320","og_site_name":"Not&iacute;cias em Destaque","article_published_time":"2017-10-21T17:53:08+00:00","og_image":[{"width":800,"height":600,"url":"https:\/\/noticiasemdestaque.com\/cd\/wp-content\/uploads\/2017\/10\/22519233_884894991673094_4902787472747049154_n.jpg","type":"image\/jpeg"}],"author":"Not\u00edcias em Destaque","twitter_card":"summary_large_image","twitter_misc":{"Escrito por":"Not\u00edcias em Destaque","Est. tempo de leitura":"1 minuto"},"schema":{"@context":"https:\/\/schema.org","@graph":[{"@type":"Article","@id":"https:\/\/noticiasemdestaque.com\/cd\/?p=5320#article","isPartOf":{"@id":"https:\/\/noticiasemdestaque.com\/cd\/?p=5320"},"author":{"name":"Not\u00edcias em Destaque","@id":"https:\/\/noticiasemdestaque.com\/cd\/#\/schema\/person\/21320b03a7e8bb90128938dafc9b908a"},"headline":"CONCURSO P\u00daBLICO DA PREFEITURA DE SUM\u00c9 ACONTECE NESTE DOMINGO","datePublished":"2017-10-21T17:53:08+00:00","mainEntityOfPage":{"@id":"https:\/\/noticiasemdestaque.com\/cd\/?p=5320"},"wordCount":286,"publisher":{"@id":"https:\/\/noticiasemdestaque.com\/cd\/#organization"},"image":{"@id":"https:\/\/noticiasemdestaque.com\/cd\/?p=5320#primaryimage"},"thumbnailUrl":"https:\/\/noticiasemdestaque.com\/cd\/wp-content\/uploads\/2017\/10\/22519233_884894991673094_4902787472747049154_n.jpg","articleSection":["Cidades"],"inLanguage":"pt-BR"},{"@type":"WebPage","@id":"https:\/\/noticiasemdestaque.com\/cd\/?p=5320","url":"https:\/\/noticiasemdestaque.com\/cd\/?p=5320","name":"CONCURSO P\u00daBLICO DA PREFEITURA DE SUM\u00c9 ACONTECE NESTE DOMINGO - Not&iacute;cias em Destaque","isPartOf":{"@id":"https:\/\/noticiasemdestaque.com\/cd\/#website"},"primaryImageOfPage":{"@id":"https:\/\/noticiasemdestaque.com\/cd\/?p=5320#primaryimage"},"image":{"@id":"https:\/\/noticiasemdestaque.com\/cd\/?p=5320#primaryimage"},"thumbnailUrl":"https:\/\/noticiasemdestaque.com\/cd\/wp-content\/uploads\/2017\/10\/22519233_884894991673094_4902787472747049154_n.jpg","datePublished":"2017-10-21T17:53:08+00:00","breadcrumb":{"@id":"https:\/\/noticiasemdestaque.com\/cd\/?p=5320#breadcrumb"},"inLanguage":"pt-BR","potentialAction":[{"@type":"ReadAction","target":["https:\/\/noticiasemdestaque.com\/cd\/?p=5320"]}]},{"@type":"ImageObject","inLanguage":"pt-BR","@id":"https:\/\/noticiasemdestaque.com\/cd\/?p=5320#primaryimage","url":"https:\/\/noticiasemdestaque.com\/cd\/wp-content\/uploads\/2017\/10\/22519233_884894991673094_4902787472747049154_n.jpg","contentUrl":"https:\/\/noticiasemdestaque.com\/cd\/wp-content\/uploads\/2017\/10\/22519233_884894991673094_4902787472747049154_n.jpg","width":800,"height":600},{"@type":"BreadcrumbList","@id":"https:\/\/noticiasemdestaque.com\/cd\/?p=5320#breadcrumb","itemListElement":[{"@type":"ListItem","position":1,"name":"In\u00edcio","item":"https:\/\/noticiasemdestaque.com\/cd\/"},{"@type":"ListItem","position":2,"name":"CONCURSO P\u00daBLICO DA PREFEITURA DE SUM\u00c9 ACONTECE NESTE DOMINGO"}]},{"@type":"WebSite","@id":"https:\/\/noticiasemdestaque.com\/cd\/#website","url":"https:\/\/noticiasemdestaque.com\/cd\/","name":"Not&iacute;cias em Destaque","description":"","publisher":{"@id":"https:\/\/noticiasemdestaque.com\/cd\/#organization"},"potentialAction":[{"@type":"SearchAction","target":{"@type":"EntryPoint","urlTemplate":"https:\/\/noticiasemdestaque.com\/cd\/?s={search_term_string}"},"query-input":{"@type":"PropertyValueSpecification","valueRequired":true,"valueName":"search_term_string"}}],"inLanguage":"pt-BR"},{"@type":"Organization","@id":"https:\/\/noticiasemdestaque.com\/cd\/#organization","name":"Not\u00edcias em Destaque","url":"https:\/\/noticiasemdestaque.com\/cd\/","logo":{"@type":"ImageObject","inLanguage":"pt-BR","@id":"https:\/\/noticiasemdestaque.com\/cd\/#\/schema\/logo\/image\/","url":"https:\/\/noticiasemdestaque.com\/cd\/wp-content\/uploads\/2022\/05\/imagem-base-noticiasemdestaque.png","contentUrl":"https:\/\/noticiasemdestaque.com\/cd\/wp-content\/uploads\/2022\/05\/imagem-base-noticiasemdestaque.png","width":1200,"height":630,"caption":"Not\u00edcias em Destaque"},"image":{"@id":"https:\/\/noticiasemdestaque.com\/cd\/#\/schema\/logo\/image\/"}},{"@type":"Person","@id":"https:\/\/noticiasemdestaque.com\/cd\/#\/schema\/person\/21320b03a7e8bb90128938dafc9b908a","name":"Not\u00edcias em Destaque","url":"https:\/\/noticiasemdestaque.com\/cd\/?author=2"}]}},"jetpack_featured_media_url":"https:\/\/noticiasemdestaque.com\/cd\/wp-content\/uploads\/2017\/10\/22519233_884894991673094_4902787472747049154_n.jpg","jetpack_sharing_enabled":true,"_links":{"self":[{"href":"https:\/\/noticiasemdestaque.com\/cd\/index.php?rest_route=\/wp\/v2\/posts\/5320","targetHints":{"allow":["GET"]}}],"collection":[{"href":"https:\/\/noticiasemdestaque.com\/cd\/index.php?rest_route=\/wp\/v2\/posts"}],"about":[{"href":"https:\/\/noticiasemdestaque.com\/cd\/index.php?rest_route=\/wp\/v2\/types\/post"}],"author":[{"embeddable":true,"href":"https:\/\/noticiasemdestaque.com\/cd\/index.php?rest_route=\/wp\/v2\/users\/2"}],"replies":[{"embeddable":true,"href":"https:\/\/noticiasemdestaque.com\/cd\/index.php?rest_route=%2Fwp%2Fv2%2Fcomments&post=5320"}],"version-history":[{"count":1,"href":"https:\/\/noticiasemdestaque.com\/cd\/index.php?rest_route=\/wp\/v2\/posts\/5320\/revisions"}],"predecessor-version":[{"id":5322,"href":"https:\/\/noticiasemdestaque.com\/cd\/index.php?rest_route=\/wp\/v2\/posts\/5320\/revisions\/5322"}],"wp:featuredmedia":[{"embeddable":true,"href":"https:\/\/noticiasemdestaque.com\/cd\/index.php?rest_route=\/wp\/v2\/media\/5321"}],"wp:attachment":[{"href":"https:\/\/noticiasemdestaque.com\/cd\/index.php?rest_route=%2Fwp%2Fv2%2Fmedia&parent=5320"}],"wp:term":[{"taxonomy":"category","embeddable":true,"href":"https:\/\/noticiasemdestaque.com\/cd\/index.php?rest_route=%2Fwp%2Fv2%2Fcategories&post=5320"},{"taxonomy":"post_tag","embeddable":true,"href":"https:\/\/noticiasemdestaque.com\/cd\/index.php?rest_route=%2Fwp%2Fv2%2Ftags&post=5320"}],"curies":[{"name":"wp","href":"https:\/\/api.w.org\/{rel}","templated":true}]}}