{"id":5309,"date":"2017-10-20T07:37:31","date_gmt":"2017-10-20T10:37:31","guid":{"rendered":"http:\/\/caririemdestaque.com\/cd\/?p=5309"},"modified":"2017-10-20T07:37:31","modified_gmt":"2017-10-20T10:37:31","slug":"locais-de-prova-do-enem-poderao-ser-consultados-a-partir-de-hoje","status":"publish","type":"post","link":"https:\/\/noticiasemdestaque.com\/cd\/?p=5309","title":{"rendered":"Locais de prova do Enem poder\u00e3o ser consultados a partir de hoje"},"content":{"rendered":"<p><a href=\"http:\/\/caririemdestaque.com\/cd\/wp-content\/uploads\/2017\/10\/enem-201711.jpg\"><img decoding=\"async\" class=\"size-thumbnail wp-image-5310 alignleft\" src=\"http:\/\/caririemdestaque.com\/cd\/wp-content\/uploads\/2017\/10\/enem-201711-150x150.jpg\" alt=\"\" width=\"150\" height=\"150\" \/><\/a>A partir das 10h de hoje (20), os candidatos que v\u00e3o fazer o Exame Nacional do Ensino M\u00e9dio (Enem) neste ano poder\u00e3o consultar o cart\u00e3o de confirma\u00e7\u00e3o da inscri\u00e7\u00e3o, que cont\u00e9m informa\u00e7\u00f5es como o local onde ele far\u00e1 a prova. O acesso ao cart\u00e3o pode ser feito na <a href=\"https:\/\/enem.inep.gov.br\/participante\/#!\/inicial\">P\u00e1gina do Participante<\/a> e tamb\u00e9m no aplicativo do Enem para celular.<\/p>\n<p>Para acessar o cart\u00e3o \u00e9 preciso fornecer o n\u00famero do CFP e a senha cadastrada durante a inscri\u00e7\u00e3o no Enem. Al\u00e9m do local de prova, o documento tamb\u00e9m informa o n\u00famero de inscri\u00e7\u00e3o, a data e hora das provas, a op\u00e7\u00e3o de l\u00edngua estrangeira escolhida e os atendimentos espec\u00edficos ou especializados, caso tenham sido solicitados.<\/p>\n<p>O Instituto Nacional de Estudos e Pesquisas Educacionais An\u00edsio Teixeira (Inep) recomenda que, ap\u00f3s conhecer o lugar onde far\u00e1 a prova, os candidatos fa\u00e7am o trajeto antes do dia do Enem e verifiquem a dist\u00e2ncia, o tempo gasto e a melhor forma de chegar, para evitar atrasos no dia da aplica\u00e7\u00e3o. Apesar de n\u00e3o ser obrigat\u00f3rio, o Inep sugere que os candidatos levem o cart\u00e3o de confirma\u00e7\u00e3o no dia da prova para para facilitar o acesso \u00e0s informa\u00e7\u00f5es de sua inscri\u00e7\u00e3o.<\/p>\n<p>O Enem ser\u00e1 realizado em dois domingos: em 5 de novembro, ser\u00e3o aplicadas as provas de linguagens, c\u00f3digos, reda\u00e7\u00e3o e ci\u00eancias humanas e, no dia 12 de novembro ser\u00e1 a vez das provas de ci\u00eancias da natureza e matem\u00e1tica. O exame ser\u00e1 aplicado em 1.724 munic\u00edpios, para 6.731.203 inscritos.<\/p>\n<p>Fonte: Ag\u00eancia Brasil<\/p>\n","protected":false},"excerpt":{"rendered":"<p>A partir das 10h de hoje (20), os candidatos que v\u00e3o fazer o Exame Nacional do Ensino M\u00e9dio (Enem) neste ano poder\u00e3o consultar o cart\u00e3o de confirma\u00e7\u00e3o da inscri\u00e7\u00e3o, que cont\u00e9m informa\u00e7\u00f5es como o local onde ele far\u00e1 a prova. O acesso ao cart\u00e3o pode ser feito na P\u00e1gina do Participante e tamb\u00e9m no aplicativo do Enem para celular. Para acessar o cart\u00e3o \u00e9 preciso fornecer o n\u00famero do CFP e a senha cadastrada durante a inscri\u00e7\u00e3o no Enem. Al\u00e9m do local de prova, o documento tamb\u00e9m informa o n\u00famero de inscri\u00e7\u00e3o, a data e hora das provas, a op\u00e7\u00e3o de l\u00edngua estrangeira escolhida e os atendimentos espec\u00edficos ou especializados, caso tenham sido solicitados. O Instituto Nacional de Estudos e Pesquisas Educacionais An\u00edsio Teixeira (Inep) recomenda que, ap\u00f3s conhecer o lugar onde far\u00e1 a prova, os candidatos fa\u00e7am o trajeto antes do dia do Enem e verifiquem a dist\u00e2ncia, o tempo gasto e a melhor forma de chegar, para evitar atrasos no dia da aplica\u00e7\u00e3o. Apesar de n\u00e3o ser obrigat\u00f3rio, o Inep sugere que os candidatos levem o cart\u00e3o de confirma\u00e7\u00e3o no dia da prova para para facilitar o acesso \u00e0s informa\u00e7\u00f5es de sua inscri\u00e7\u00e3o. O Enem ser\u00e1 realizado em dois domingos: em 5 de novembro, ser\u00e3o aplicadas as provas de linguagens, c\u00f3digos, reda\u00e7\u00e3o e ci\u00eancias humanas e, no dia 12 de novembro ser\u00e1 a vez das provas de ci\u00eancias da natureza e matem\u00e1tica. O exame ser\u00e1 aplicado em 1.724 munic\u00edpios, para 6.731.203 inscritos. Fonte: Ag\u00eancia Brasil<\/p>\n","protected":false},"author":2,"featured_media":5310,"comment_status":"closed","ping_status":"open","sticky":false,"template":"","format":"standard","meta":{"_eb_attr":"","_jetpack_memberships_contains_paid_content":false,"footnotes":""},"categories":[6],"tags":[],"class_list":["post-5309","post","type-post","status-publish","format-standard","has-post-thumbnail","hentry","category-educacao"],"yoast_head":"<!-- This site is optimized with the Yoast SEO plugin v26.5 - https:\/\/yoast.com\/wordpress\/plugins\/seo\/ -->\n<title>Locais de prova do Enem poder\u00e3o ser consultados a partir de hoje - Not&iacute;cias em Destaque<\/title>\n<meta name=\"robots\" content=\"index, follow, max-snippet:-1, max-image-preview:large, max-video-preview:-1\" \/>\n<link rel=\"canonical\" href=\"https:\/\/noticiasemdestaque.com\/cd\/?p=5309\" \/>\n<meta property=\"og:locale\" content=\"pt_BR\" \/>\n<meta property=\"og:type\" content=\"article\" \/>\n<meta property=\"og:title\" content=\"Locais de prova do Enem poder\u00e3o ser consultados a partir de hoje - Not&iacute;cias em Destaque\" \/>\n<meta property=\"og:description\" content=\"A partir das 10h de hoje (20), os candidatos que v\u00e3o fazer o Exame Nacional do Ensino M\u00e9dio (Enem) neste ano poder\u00e3o consultar o cart\u00e3o de confirma\u00e7\u00e3o da inscri\u00e7\u00e3o, que cont\u00e9m informa\u00e7\u00f5es como o local onde ele far\u00e1 a prova. O acesso ao cart\u00e3o pode ser feito na P\u00e1gina do Participante e tamb\u00e9m no aplicativo do Enem para celular. Para acessar o cart\u00e3o \u00e9 preciso fornecer o n\u00famero do CFP e a senha cadastrada durante a inscri\u00e7\u00e3o no Enem. Al\u00e9m do local de prova, o documento tamb\u00e9m informa o n\u00famero de inscri\u00e7\u00e3o, a data e hora das provas, a op\u00e7\u00e3o de l\u00edngua estrangeira escolhida e os atendimentos espec\u00edficos ou especializados, caso tenham sido solicitados. O Instituto Nacional de Estudos e Pesquisas Educacionais An\u00edsio Teixeira (Inep) recomenda que, ap\u00f3s conhecer o lugar onde far\u00e1 a prova, os candidatos fa\u00e7am o trajeto antes do dia do Enem e verifiquem a dist\u00e2ncia, o tempo gasto e a melhor forma de chegar, para evitar atrasos no dia da aplica\u00e7\u00e3o. Apesar de n\u00e3o ser obrigat\u00f3rio, o Inep sugere que os candidatos levem o cart\u00e3o de confirma\u00e7\u00e3o no dia da prova para para facilitar o acesso \u00e0s informa\u00e7\u00f5es de sua inscri\u00e7\u00e3o. O Enem ser\u00e1 realizado em dois domingos: em 5 de novembro, ser\u00e3o aplicadas as provas de linguagens, c\u00f3digos, reda\u00e7\u00e3o e ci\u00eancias humanas e, no dia 12 de novembro ser\u00e1 a vez das provas de ci\u00eancias da natureza e matem\u00e1tica. O exame ser\u00e1 aplicado em 1.724 munic\u00edpios, para 6.731.203 inscritos. Fonte: Ag\u00eancia Brasil\" \/>\n<meta property=\"og:url\" content=\"https:\/\/noticiasemdestaque.com\/cd\/?p=5309\" \/>\n<meta property=\"og:site_name\" content=\"Not&iacute;cias em Destaque\" \/>\n<meta property=\"article:published_time\" content=\"2017-10-20T10:37:31+00:00\" \/>\n<meta property=\"og:image\" content=\"https:\/\/noticiasemdestaque.com\/cd\/wp-content\/uploads\/2017\/10\/enem-201711.jpg\" \/>\n\t<meta property=\"og:image:width\" content=\"958\" \/>\n\t<meta property=\"og:image:height\" content=\"500\" \/>\n\t<meta property=\"og:image:type\" content=\"image\/jpeg\" \/>\n<meta name=\"author\" content=\"Not\u00edcias em Destaque\" \/>\n<meta name=\"twitter:card\" content=\"summary_large_image\" \/>\n<meta name=\"twitter:label1\" content=\"Escrito por\" \/>\n\t<meta name=\"twitter:data1\" content=\"Not\u00edcias em Destaque\" \/>\n\t<meta name=\"twitter:label2\" content=\"Est. tempo de leitura\" \/>\n\t<meta name=\"twitter:data2\" content=\"1 minuto\" \/>\n<script type=\"application\/ld+json\" class=\"yoast-schema-graph\">{\"@context\":\"https:\/\/schema.org\",\"@graph\":[{\"@type\":\"Article\",\"@id\":\"https:\/\/noticiasemdestaque.com\/cd\/?p=5309#article\",\"isPartOf\":{\"@id\":\"https:\/\/noticiasemdestaque.com\/cd\/?p=5309\"},\"author\":{\"name\":\"Not\u00edcias em Destaque\",\"@id\":\"https:\/\/noticiasemdestaque.com\/cd\/#\/schema\/person\/21320b03a7e8bb90128938dafc9b908a\"},\"headline\":\"Locais de prova do Enem poder\u00e3o ser consultados a partir de hoje\",\"datePublished\":\"2017-10-20T10:37:31+00:00\",\"mainEntityOfPage\":{\"@id\":\"https:\/\/noticiasemdestaque.com\/cd\/?p=5309\"},\"wordCount\":294,\"publisher\":{\"@id\":\"https:\/\/noticiasemdestaque.com\/cd\/#organization\"},\"image\":{\"@id\":\"https:\/\/noticiasemdestaque.com\/cd\/?p=5309#primaryimage\"},\"thumbnailUrl\":\"https:\/\/noticiasemdestaque.com\/cd\/wp-content\/uploads\/2017\/10\/enem-201711.jpg\",\"articleSection\":[\"Educa\u00e7\u00e3o\"],\"inLanguage\":\"pt-BR\"},{\"@type\":\"WebPage\",\"@id\":\"https:\/\/noticiasemdestaque.com\/cd\/?p=5309\",\"url\":\"https:\/\/noticiasemdestaque.com\/cd\/?p=5309\",\"name\":\"Locais de prova do Enem poder\u00e3o ser consultados a partir de hoje - Not&iacute;cias em Destaque\",\"isPartOf\":{\"@id\":\"https:\/\/noticiasemdestaque.com\/cd\/#website\"},\"primaryImageOfPage\":{\"@id\":\"https:\/\/noticiasemdestaque.com\/cd\/?p=5309#primaryimage\"},\"image\":{\"@id\":\"https:\/\/noticiasemdestaque.com\/cd\/?p=5309#primaryimage\"},\"thumbnailUrl\":\"https:\/\/noticiasemdestaque.com\/cd\/wp-content\/uploads\/2017\/10\/enem-201711.jpg\",\"datePublished\":\"2017-10-20T10:37:31+00:00\",\"breadcrumb\":{\"@id\":\"https:\/\/noticiasemdestaque.com\/cd\/?p=5309#breadcrumb\"},\"inLanguage\":\"pt-BR\",\"potentialAction\":[{\"@type\":\"ReadAction\",\"target\":[\"https:\/\/noticiasemdestaque.com\/cd\/?p=5309\"]}]},{\"@type\":\"ImageObject\",\"inLanguage\":\"pt-BR\",\"@id\":\"https:\/\/noticiasemdestaque.com\/cd\/?p=5309#primaryimage\",\"url\":\"https:\/\/noticiasemdestaque.com\/cd\/wp-content\/uploads\/2017\/10\/enem-201711.jpg\",\"contentUrl\":\"https:\/\/noticiasemdestaque.com\/cd\/wp-content\/uploads\/2017\/10\/enem-201711.jpg\",\"width\":958,\"height\":500},{\"@type\":\"BreadcrumbList\",\"@id\":\"https:\/\/noticiasemdestaque.com\/cd\/?p=5309#breadcrumb\",\"itemListElement\":[{\"@type\":\"ListItem\",\"position\":1,\"name\":\"In\u00edcio\",\"item\":\"https:\/\/noticiasemdestaque.com\/cd\/\"},{\"@type\":\"ListItem\",\"position\":2,\"name\":\"Locais de prova do Enem poder\u00e3o ser consultados a partir de hoje\"}]},{\"@type\":\"WebSite\",\"@id\":\"https:\/\/noticiasemdestaque.com\/cd\/#website\",\"url\":\"https:\/\/noticiasemdestaque.com\/cd\/\",\"name\":\"Not&iacute;cias em Destaque\",\"description\":\"\",\"publisher\":{\"@id\":\"https:\/\/noticiasemdestaque.com\/cd\/#organization\"},\"potentialAction\":[{\"@type\":\"SearchAction\",\"target\":{\"@type\":\"EntryPoint\",\"urlTemplate\":\"https:\/\/noticiasemdestaque.com\/cd\/?s={search_term_string}\"},\"query-input\":{\"@type\":\"PropertyValueSpecification\",\"valueRequired\":true,\"valueName\":\"search_term_string\"}}],\"inLanguage\":\"pt-BR\"},{\"@type\":\"Organization\",\"@id\":\"https:\/\/noticiasemdestaque.com\/cd\/#organization\",\"name\":\"Not\u00edcias em Destaque\",\"url\":\"https:\/\/noticiasemdestaque.com\/cd\/\",\"logo\":{\"@type\":\"ImageObject\",\"inLanguage\":\"pt-BR\",\"@id\":\"https:\/\/noticiasemdestaque.com\/cd\/#\/schema\/logo\/image\/\",\"url\":\"https:\/\/noticiasemdestaque.com\/cd\/wp-content\/uploads\/2022\/05\/imagem-base-noticiasemdestaque.png\",\"contentUrl\":\"https:\/\/noticiasemdestaque.com\/cd\/wp-content\/uploads\/2022\/05\/imagem-base-noticiasemdestaque.png\",\"width\":1200,\"height\":630,\"caption\":\"Not\u00edcias em Destaque\"},\"image\":{\"@id\":\"https:\/\/noticiasemdestaque.com\/cd\/#\/schema\/logo\/image\/\"}},{\"@type\":\"Person\",\"@id\":\"https:\/\/noticiasemdestaque.com\/cd\/#\/schema\/person\/21320b03a7e8bb90128938dafc9b908a\",\"name\":\"Not\u00edcias em Destaque\",\"url\":\"https:\/\/noticiasemdestaque.com\/cd\/?author=2\"}]}<\/script>\n<!-- \/ Yoast SEO plugin. -->","yoast_head_json":{"title":"Locais de prova do Enem poder\u00e3o ser consultados a partir de hoje - Not&iacute;cias em Destaque","robots":{"index":"index","follow":"follow","max-snippet":"max-snippet:-1","max-image-preview":"max-image-preview:large","max-video-preview":"max-video-preview:-1"},"canonical":"https:\/\/noticiasemdestaque.com\/cd\/?p=5309","og_locale":"pt_BR","og_type":"article","og_title":"Locais de prova do Enem poder\u00e3o ser consultados a partir de hoje - Not&iacute;cias em Destaque","og_description":"A partir das 10h de hoje (20), os candidatos que v\u00e3o fazer o Exame Nacional do Ensino M\u00e9dio (Enem) neste ano poder\u00e3o consultar o cart\u00e3o de confirma\u00e7\u00e3o da inscri\u00e7\u00e3o, que cont\u00e9m informa\u00e7\u00f5es como o local onde ele far\u00e1 a prova. O acesso ao cart\u00e3o pode ser feito na P\u00e1gina do Participante e tamb\u00e9m no aplicativo do Enem para celular. Para acessar o cart\u00e3o \u00e9 preciso fornecer o n\u00famero do CFP e a senha cadastrada durante a inscri\u00e7\u00e3o no Enem. Al\u00e9m do local de prova, o documento tamb\u00e9m informa o n\u00famero de inscri\u00e7\u00e3o, a data e hora das provas, a op\u00e7\u00e3o de l\u00edngua estrangeira escolhida e os atendimentos espec\u00edficos ou especializados, caso tenham sido solicitados. O Instituto Nacional de Estudos e Pesquisas Educacionais An\u00edsio Teixeira (Inep) recomenda que, ap\u00f3s conhecer o lugar onde far\u00e1 a prova, os candidatos fa\u00e7am o trajeto antes do dia do Enem e verifiquem a dist\u00e2ncia, o tempo gasto e a melhor forma de chegar, para evitar atrasos no dia da aplica\u00e7\u00e3o. Apesar de n\u00e3o ser obrigat\u00f3rio, o Inep sugere que os candidatos levem o cart\u00e3o de confirma\u00e7\u00e3o no dia da prova para para facilitar o acesso \u00e0s informa\u00e7\u00f5es de sua inscri\u00e7\u00e3o. O Enem ser\u00e1 realizado em dois domingos: em 5 de novembro, ser\u00e3o aplicadas as provas de linguagens, c\u00f3digos, reda\u00e7\u00e3o e ci\u00eancias humanas e, no dia 12 de novembro ser\u00e1 a vez das provas de ci\u00eancias da natureza e matem\u00e1tica. O exame ser\u00e1 aplicado em 1.724 munic\u00edpios, para 6.731.203 inscritos. Fonte: Ag\u00eancia Brasil","og_url":"https:\/\/noticiasemdestaque.com\/cd\/?p=5309","og_site_name":"Not&iacute;cias em Destaque","article_published_time":"2017-10-20T10:37:31+00:00","og_image":[{"width":958,"height":500,"url":"https:\/\/noticiasemdestaque.com\/cd\/wp-content\/uploads\/2017\/10\/enem-201711.jpg","type":"image\/jpeg"}],"author":"Not\u00edcias em Destaque","twitter_card":"summary_large_image","twitter_misc":{"Escrito por":"Not\u00edcias em Destaque","Est. tempo de leitura":"1 minuto"},"schema":{"@context":"https:\/\/schema.org","@graph":[{"@type":"Article","@id":"https:\/\/noticiasemdestaque.com\/cd\/?p=5309#article","isPartOf":{"@id":"https:\/\/noticiasemdestaque.com\/cd\/?p=5309"},"author":{"name":"Not\u00edcias em Destaque","@id":"https:\/\/noticiasemdestaque.com\/cd\/#\/schema\/person\/21320b03a7e8bb90128938dafc9b908a"},"headline":"Locais de prova do Enem poder\u00e3o ser consultados a partir de hoje","datePublished":"2017-10-20T10:37:31+00:00","mainEntityOfPage":{"@id":"https:\/\/noticiasemdestaque.com\/cd\/?p=5309"},"wordCount":294,"publisher":{"@id":"https:\/\/noticiasemdestaque.com\/cd\/#organization"},"image":{"@id":"https:\/\/noticiasemdestaque.com\/cd\/?p=5309#primaryimage"},"thumbnailUrl":"https:\/\/noticiasemdestaque.com\/cd\/wp-content\/uploads\/2017\/10\/enem-201711.jpg","articleSection":["Educa\u00e7\u00e3o"],"inLanguage":"pt-BR"},{"@type":"WebPage","@id":"https:\/\/noticiasemdestaque.com\/cd\/?p=5309","url":"https:\/\/noticiasemdestaque.com\/cd\/?p=5309","name":"Locais de prova do Enem poder\u00e3o ser consultados a partir de hoje - Not&iacute;cias em Destaque","isPartOf":{"@id":"https:\/\/noticiasemdestaque.com\/cd\/#website"},"primaryImageOfPage":{"@id":"https:\/\/noticiasemdestaque.com\/cd\/?p=5309#primaryimage"},"image":{"@id":"https:\/\/noticiasemdestaque.com\/cd\/?p=5309#primaryimage"},"thumbnailUrl":"https:\/\/noticiasemdestaque.com\/cd\/wp-content\/uploads\/2017\/10\/enem-201711.jpg","datePublished":"2017-10-20T10:37:31+00:00","breadcrumb":{"@id":"https:\/\/noticiasemdestaque.com\/cd\/?p=5309#breadcrumb"},"inLanguage":"pt-BR","potentialAction":[{"@type":"ReadAction","target":["https:\/\/noticiasemdestaque.com\/cd\/?p=5309"]}]},{"@type":"ImageObject","inLanguage":"pt-BR","@id":"https:\/\/noticiasemdestaque.com\/cd\/?p=5309#primaryimage","url":"https:\/\/noticiasemdestaque.com\/cd\/wp-content\/uploads\/2017\/10\/enem-201711.jpg","contentUrl":"https:\/\/noticiasemdestaque.com\/cd\/wp-content\/uploads\/2017\/10\/enem-201711.jpg","width":958,"height":500},{"@type":"BreadcrumbList","@id":"https:\/\/noticiasemdestaque.com\/cd\/?p=5309#breadcrumb","itemListElement":[{"@type":"ListItem","position":1,"name":"In\u00edcio","item":"https:\/\/noticiasemdestaque.com\/cd\/"},{"@type":"ListItem","position":2,"name":"Locais de prova do Enem poder\u00e3o ser consultados a partir de hoje"}]},{"@type":"WebSite","@id":"https:\/\/noticiasemdestaque.com\/cd\/#website","url":"https:\/\/noticiasemdestaque.com\/cd\/","name":"Not&iacute;cias em Destaque","description":"","publisher":{"@id":"https:\/\/noticiasemdestaque.com\/cd\/#organization"},"potentialAction":[{"@type":"SearchAction","target":{"@type":"EntryPoint","urlTemplate":"https:\/\/noticiasemdestaque.com\/cd\/?s={search_term_string}"},"query-input":{"@type":"PropertyValueSpecification","valueRequired":true,"valueName":"search_term_string"}}],"inLanguage":"pt-BR"},{"@type":"Organization","@id":"https:\/\/noticiasemdestaque.com\/cd\/#organization","name":"Not\u00edcias em Destaque","url":"https:\/\/noticiasemdestaque.com\/cd\/","logo":{"@type":"ImageObject","inLanguage":"pt-BR","@id":"https:\/\/noticiasemdestaque.com\/cd\/#\/schema\/logo\/image\/","url":"https:\/\/noticiasemdestaque.com\/cd\/wp-content\/uploads\/2022\/05\/imagem-base-noticiasemdestaque.png","contentUrl":"https:\/\/noticiasemdestaque.com\/cd\/wp-content\/uploads\/2022\/05\/imagem-base-noticiasemdestaque.png","width":1200,"height":630,"caption":"Not\u00edcias em Destaque"},"image":{"@id":"https:\/\/noticiasemdestaque.com\/cd\/#\/schema\/logo\/image\/"}},{"@type":"Person","@id":"https:\/\/noticiasemdestaque.com\/cd\/#\/schema\/person\/21320b03a7e8bb90128938dafc9b908a","name":"Not\u00edcias em Destaque","url":"https:\/\/noticiasemdestaque.com\/cd\/?author=2"}]}},"jetpack_featured_media_url":"https:\/\/noticiasemdestaque.com\/cd\/wp-content\/uploads\/2017\/10\/enem-201711.jpg","jetpack_sharing_enabled":true,"_links":{"self":[{"href":"https:\/\/noticiasemdestaque.com\/cd\/index.php?rest_route=\/wp\/v2\/posts\/5309","targetHints":{"allow":["GET"]}}],"collection":[{"href":"https:\/\/noticiasemdestaque.com\/cd\/index.php?rest_route=\/wp\/v2\/posts"}],"about":[{"href":"https:\/\/noticiasemdestaque.com\/cd\/index.php?rest_route=\/wp\/v2\/types\/post"}],"author":[{"embeddable":true,"href":"https:\/\/noticiasemdestaque.com\/cd\/index.php?rest_route=\/wp\/v2\/users\/2"}],"replies":[{"embeddable":true,"href":"https:\/\/noticiasemdestaque.com\/cd\/index.php?rest_route=%2Fwp%2Fv2%2Fcomments&post=5309"}],"version-history":[{"count":1,"href":"https:\/\/noticiasemdestaque.com\/cd\/index.php?rest_route=\/wp\/v2\/posts\/5309\/revisions"}],"predecessor-version":[{"id":5311,"href":"https:\/\/noticiasemdestaque.com\/cd\/index.php?rest_route=\/wp\/v2\/posts\/5309\/revisions\/5311"}],"wp:featuredmedia":[{"embeddable":true,"href":"https:\/\/noticiasemdestaque.com\/cd\/index.php?rest_route=\/wp\/v2\/media\/5310"}],"wp:attachment":[{"href":"https:\/\/noticiasemdestaque.com\/cd\/index.php?rest_route=%2Fwp%2Fv2%2Fmedia&parent=5309"}],"wp:term":[{"taxonomy":"category","embeddable":true,"href":"https:\/\/noticiasemdestaque.com\/cd\/index.php?rest_route=%2Fwp%2Fv2%2Fcategories&post=5309"},{"taxonomy":"post_tag","embeddable":true,"href":"https:\/\/noticiasemdestaque.com\/cd\/index.php?rest_route=%2Fwp%2Fv2%2Ftags&post=5309"}],"curies":[{"name":"wp","href":"https:\/\/api.w.org\/{rel}","templated":true}]}}